{"id":74712,"date":"2021-08-13T08:50:23","date_gmt":"2021-08-13T12:50:23","guid":{"rendered":"https:\/\/recursing-golick.147-182-135-0.plesk.page\/?p=74712"},"modified":"2021-08-13T14:10:24","modified_gmt":"2021-08-13T18:10:24","slug":"au-venezuela-les-adventistes-repandent-lamour-et-la-gentillesse-dans-les-villes-et-les-communautes","status":"publish","type":"post","link":"https:\/\/interamerica.org\/fr\/2021\/08\/au-venezuela-les-adventistes-repandent-lamour-et-la-gentillesse-dans-les-villes-et-les-communautes\/","title":{"rendered":"Au Venezuela, les adventistes r\u00e9pandent l\u2019amour et la gentillesse dans les villes et les communaut\u00e9s"},"content":{"rendered":"<p><div id=\"attachment_74683\" style=\"width: 811px\" class=\"wp-caption aligncenter\"><img fetchpriority=\"high\" decoding=\"async\" aria-describedby=\"caption-attachment-74683\" class=\" wp-image-74682\" src=\"https:\/\/recursing-golick.147-182-135-0.plesk.page\/wp-content\/uploads\/2021\/08\/evau-centralvenez-arepas.jpeg\" alt=\"\" width=\"801\" height=\"534\" srcset=\"https:\/\/interamerica.org\/wp-content\/uploads\/2021\/08\/evau-centralvenez-arepas.jpeg 1000w, https:\/\/interamerica.org\/wp-content\/uploads\/2021\/08\/evau-centralvenez-arepas-300x200.jpeg 300w, https:\/\/interamerica.org\/wp-content\/uploads\/2021\/08\/evau-centralvenez-arepas-768x512.jpeg 768w\" sizes=\"(max-width: 801px) 100vw, 801px\" \/><p id=\"caption-attachment-74683\" class=\"wp-caption-text\">Un membre d\u2019\u00e9glise sourit en remettant un go\u00fbter d\u2019arepa \u00e0 une personne souriante dans les rues de Caracas, au Venezuela, r\u00e9cemment. Les Adventistes du Septi\u00e8me Jour dans le territoire de l\u2019Union de l\u2019Est du Venezuela ont r\u00e9pandu l\u2019amour et la gentillesse au cours d\u2019une action sociale annuelle qui se d\u00e9roule r\u00e9guli\u00e8rement depuis 2013. Cette ann\u00e9e, l\u2019initiative a eu lieu du 1er juillet au 7 ao\u00fbt et a permis de d\u00e9montrer l\u2019amour et la gentillesse [Photo : F\u00e9d\u00e9ration du Centre du Venezuela]<\/p><\/div>13 Ao\u00fbt 2021 | Caracas, V\u00e9n\u00e9zuela | Steven\u2019s Rosado et l\u2019\u00c9quipe de Presse de la Division Inter Am\u00e9ricaine<\/p>\n<p>Pr\u00e8s de 9000 adventistes du septi\u00e8me jour dans l\u2019Est du Venezuela ont r\u00e9cemment particip\u00e9 \u00e0 ce qui est devenu le programme social annuel le plus complet de l\u2019\u00c9glise depuis 2013. Baptis\u00e9e <em>Proche de Toi Venezuela 2021<\/em>, l\u2019initiative a permis aux membres d\u2019\u00e9glise b\u00e9n\u00e9voles de distribuer des provisions et d\u2019apporter des messages d\u2019esp\u00e9rance \u00e0 ceux qui font face \u00e0 des difficult\u00e9s \u00e9conomiques. Le programme s\u2019est d\u00e9roul\u00e9 du 1er juillet au 7 ao\u00fbt.<\/p>\n<p>A Caracas, la capitale du Venezuela, des milliers de jeunes sont descendus dans les rues au rythme des fanfares afin de distribuer des sacs de fruits et des livres sur les places, les trottoirs et dans les h\u00f4pitaux. Ils portaient des pancartes et des banderoles affichant des paroles d\u2019encouragement destin\u00e9es aux conducteurs et aux passants aux feux de circulation. De nombreux jeunes \u00e9taient v\u00eatus de costumes en forme de c\u0153ur et encourageaient les personnes autour d\u2019eux et prenaient des selfies avec eux.<\/p>\n<p><div id=\"attachment_74689\" style=\"width: 811px\" class=\"wp-caption aligncenter\"><img decoding=\"async\" aria-describedby=\"caption-attachment-74689\" class=\" wp-image-74688\" src=\"https:\/\/recursing-golick.147-182-135-0.plesk.page\/wp-content\/uploads\/2021\/08\/evau-centralvenez-cercadeti-trafficlight-1024x575.jpg\" alt=\"\" width=\"801\" height=\"450\" srcset=\"https:\/\/interamerica.org\/wp-content\/uploads\/2021\/08\/evau-centralvenez-cercadeti-trafficlight-1024x575.jpg 1024w, https:\/\/interamerica.org\/wp-content\/uploads\/2021\/08\/evau-centralvenez-cercadeti-trafficlight-300x169.jpg 300w, https:\/\/interamerica.org\/wp-content\/uploads\/2021\/08\/evau-centralvenez-cercadeti-trafficlight-768x431.jpg 768w, https:\/\/interamerica.org\/wp-content\/uploads\/2021\/08\/evau-centralvenez-cercadeti-trafficlight.jpg 1061w\" sizes=\"(max-width: 801px) 100vw, 801px\" \/><p id=\"caption-attachment-74689\" class=\"wp-caption-text\">Des jeunes proclament des messages d\u2019esp\u00e9rance en Dieu \u00e0 un feu de circulation \u00e0 Caracas, au Venezuela. [Photo : F\u00e9d\u00e9ration du Centre du Venezuela]<\/p><\/div>\u00ab Ce qui \u00e9tait vraiment impressionnant \u00e0 voir, c\u2019est que chaque b\u00e9n\u00e9vole offrait soulagement et esp\u00e9rance \u00e0 ceux qui en avaient besoin, \u00bb a d\u00e9clar\u00e9 David Manrique, directeur des minist\u00e8res de la jeunesse pour l\u2019\u00c9glise adventiste dans l\u2019Est du Venezuela et principal organisateur de l\u2019initiative. \u00ab Nous louons Dieu de nous avoir donn\u00e9 cet \u00e9norme privil\u00e8ge de donner et d\u2019\u00eatre une b\u00e9n\u00e9diction pour les autres. \u00bb<\/p>\n<p>Dans l\u2019\u00e9tat de Miranda, des dizaines d\u2019enfants ont re\u00e7u des jouets et des repas, et des dizaines de personnes ont re\u00e7u des coupes de cheveux gratuites.<\/p>\n<p>Les b\u00e9n\u00e9voles ont \u00e9galement distribu\u00e9 des petits d\u00e9jeuners d\u2019arepa, des fruits et des livres \u00e0 210 personnes \u00e0 l\u2019H\u00f4pital Santo Anibal Dominicci de Carupano dans l\u2019\u00e9tat de Sucre.<\/p>\n<p><div id=\"attachment_74662\" style=\"width: 511px\" class=\"wp-caption aligncenter\"><img decoding=\"async\" aria-describedby=\"caption-attachment-74662\" class=\" wp-image-74661\" src=\"https:\/\/recursing-golick.147-182-135-0.plesk.page\/wp-content\/uploads\/2021\/08\/evau-cercadeti-fruit-bags-838x1024.jpg\" alt=\"\" width=\"501\" height=\"612\" srcset=\"https:\/\/interamerica.org\/wp-content\/uploads\/2021\/08\/evau-cercadeti-fruit-bags-838x1024.jpg 838w, https:\/\/interamerica.org\/wp-content\/uploads\/2021\/08\/evau-cercadeti-fruit-bags-246x300.jpg 246w, https:\/\/interamerica.org\/wp-content\/uploads\/2021\/08\/evau-cercadeti-fruit-bags-768x938.jpg 768w, https:\/\/interamerica.org\/wp-content\/uploads\/2021\/08\/evau-cercadeti-fruit-bags.jpg 876w\" sizes=\"(max-width: 501px) 100vw, 501px\" \/><p id=\"caption-attachment-74662\" class=\"wp-caption-text\">Un jeune membre fait un signe de la main en tenant en mains les sacs de fruits qu\u2019elle distribuera tandis que d\u2019autres prennent part aux marches organis\u00e9es dans toute la ville durant le mois de juillet. [Photo : F\u00e9d\u00e9ration du Centre du Venezuela]<\/p><\/div>Ailleurs dans toute la r\u00e9gion de l\u2019Est, des milliers d\u2019enfants ont particip\u00e9 \u00e0 des \u00e9coles bibliques de vacances, \u00e0 des activit\u00e9s sportives et \u00e0 des travaux manuels. Les b\u00e9n\u00e9voles ont offert des soins m\u00e9dicaux gratuits, des pr\u00e9sentations sur la sant\u00e9, ont organis\u00e9 des collectes de sang et ont nettoy\u00e9 des parcs et des rues.<\/p>\n<p>\u00ab Le sourire a de grands avantages pour la sant\u00e9, et les jeunes ont accept\u00e9 le d\u00e9fi consistant \u00e0 aller et \u00e0 proclamer l\u2019\u00e9vangile et \u00e0 partager un sourire avec quelqu\u2019un qui ne conna\u00eetrait pas l\u2019amour de Dieu, \u00bb a dit Diana D\u00edaz, b\u00e9n\u00e9vole de la F\u00e9d\u00e9ration de l\u2019Est du Venezuela.<\/p>\n<p>La vision pour le reste de l\u2019ann\u00e9e est de poursuivre le programme social une fois par semaine afin d\u2019atteindre davantage de personnes, a expliqu\u00e9 David Manrique.<\/p>\n<p><div id=\"attachment_74659\" style=\"width: 814px\" class=\"wp-caption aligncenter\"><img loading=\"lazy\" decoding=\"async\" aria-describedby=\"caption-attachment-74659\" class=\" wp-image-74658\" src=\"https:\/\/recursing-golick.147-182-135-0.plesk.page\/wp-content\/uploads\/2021\/08\/evau-hearts-snack-lady-1024x576.jpeg\" alt=\"\" width=\"804\" height=\"452\" srcset=\"https:\/\/interamerica.org\/wp-content\/uploads\/2021\/08\/evau-hearts-snack-lady-1024x576.jpeg 1024w, https:\/\/interamerica.org\/wp-content\/uploads\/2021\/08\/evau-hearts-snack-lady-300x169.jpeg 300w, https:\/\/interamerica.org\/wp-content\/uploads\/2021\/08\/evau-hearts-snack-lady-768x432.jpeg 768w, https:\/\/interamerica.org\/wp-content\/uploads\/2021\/08\/evau-hearts-snack-lady-1536x864.jpeg 1536w, https:\/\/interamerica.org\/wp-content\/uploads\/2021\/08\/evau-hearts-snack-lady.jpeg 2048w\" sizes=\"(max-width: 804px) 100vw, 804px\" \/><p id=\"caption-attachment-74659\" class=\"wp-caption-text\">Les jeunes de l\u2019\u00e9glise adventiste de Valle Lindo \u00e0 Puerto La Cruz, dans l\u2019Est du Venezuela, sourient dans leurs costumes en forme de c\u0153ur afin de r\u00e9pandre l\u2019amour et distribuer des go\u00fbters aux membres de la communaut\u00e9 pendant l\u2019initiative. [Photo : F\u00e9d\u00e9ration du Centre du Venezuela]<\/p><\/div>\u00ab Nous allons continuer \u00e0 demander \u00e0 nos membres de poursuivre le travail avec ces projets de mani\u00e8re plus permanente \u00bb, a d\u00e9clar\u00e9 pasteur Alpidio Ytriago, responsable des minist\u00e8res de la jeunesse \u00e0 la F\u00e9d\u00e9ration de l\u2019Est du Venezuela. \u00ab Nous ne pouvons pas perdre la chaleur de ce feu car c\u2019est un moyen tr\u00e8s efficace d\u2019atteindre les gens. \u00bb<\/p>\n<p>Wilbelly Loreto, qui pendant de nombreuses ann\u00e9es a \u00e9t\u00e9 b\u00e9n\u00e9vole en tant que leader d\u2019ADRA dans la zone V de la F\u00e9d\u00e9ration du Centre-Sud du Venezuela, a f\u00e9licit\u00e9 les volontaires. \u00ab Vous devez aller de l\u2019avant, un c\u0153ur \u00e0 la fois, en conqu\u00e9rant des \u00e2mes pour le Christ, \u00bb a-t-elle d\u00e9clar\u00e9.<\/p>\n<p><div id=\"attachment_74692\" style=\"width: 724px\" class=\"wp-caption aligncenter\"><img loading=\"lazy\" decoding=\"async\" aria-describedby=\"caption-attachment-74692\" class=\" wp-image-74691\" src=\"https:\/\/recursing-golick.147-182-135-0.plesk.page\/wp-content\/uploads\/2021\/08\/evau-centralvenz-cercadeti-haircut-1024x683.jpeg\" alt=\"\" width=\"714\" height=\"476\" srcset=\"https:\/\/interamerica.org\/wp-content\/uploads\/2021\/08\/evau-centralvenz-cercadeti-haircut-1024x683.jpeg 1024w, https:\/\/interamerica.org\/wp-content\/uploads\/2021\/08\/evau-centralvenz-cercadeti-haircut-300x200.jpeg 300w, https:\/\/interamerica.org\/wp-content\/uploads\/2021\/08\/evau-centralvenz-cercadeti-haircut-768x512.jpeg 768w, https:\/\/interamerica.org\/wp-content\/uploads\/2021\/08\/evau-centralvenz-cercadeti-haircut-1536x1024.jpeg 1536w, https:\/\/interamerica.org\/wp-content\/uploads\/2021\/08\/evau-centralvenz-cercadeti-haircut.jpeg 1944w\" sizes=\"(max-width: 714px) 100vw, 714px\" \/><p id=\"caption-attachment-74692\" class=\"wp-caption-text\">Des dizaines de personnes \u00e0 Caracas, au Venezuela, ont re\u00e7u une coupe de cheveux gratuite durant l\u2019initiative. [Photo : F\u00e9d\u00e9ration du Centre du Venezuela]<\/p><\/div>Le programme a \u00e9t\u00e9 diffus\u00e9 en ligne et via les plateformes des r\u00e9seaux sociaux.<\/p>\n<p>Dans l\u2019Ouest du Venezuela, des milliers de membres d\u2019\u00e9glise ont \u00e9galement c\u00e9l\u00e9br\u00e9 l\u2019initiative du 1er au 7 ao\u00fbt, distribuant de la nourriture et des v\u00eatements et offrant des visites m\u00e9dicales et des coupes de cheveux gratuites. Ils ont \u00e9galement peint des kiosques dans les parcs.<\/p>\n<p><div id=\"attachment_74671\" style=\"width: 808px\" class=\"wp-caption aligncenter\"><img loading=\"lazy\" decoding=\"async\" aria-describedby=\"caption-attachment-74671\" class=\" wp-image-74671\" src=\"https:\/\/recursing-golick.147-182-135-0.plesk.page\/wp-content\/uploads\/2021\/08\/evau-consulta-medica-barcelona.jpg\" alt=\"\" width=\"798\" height=\"534\" srcset=\"https:\/\/interamerica.org\/wp-content\/uploads\/2021\/08\/evau-consulta-medica-barcelona.jpg 1000w, https:\/\/interamerica.org\/wp-content\/uploads\/2021\/08\/evau-consulta-medica-barcelona-300x201.jpg 300w, https:\/\/interamerica.org\/wp-content\/uploads\/2021\/08\/evau-consulta-medica-barcelona-768x514.jpg 768w\" sizes=\"(max-width: 798px) 100vw, 798px\" \/><p id=\"caption-attachment-74671\" class=\"wp-caption-text\">Une personne \u00e2g\u00e9e est assise dans l\u2019une des huit stations mises en place par l\u2019\u00e9glise adventiste Centrale de Barcelona pour offrir des visites m\u00e9dicales gratuites dans la ville de Barcelona, dans l\u2019Est du Venezuela. [Photo : \u00c9glise Adventiste Centrale de Barcelona]<\/p><\/div>Traduction: Patrick Luciathe<\/p>\n","protected":false},"excerpt":{"rendered":"<p>13 Ao\u00fbt 2021 | Caracas, V\u00e9n\u00e9zuela | Steven\u2019s Rosado et l\u2019\u00c9quipe de Presse de la Division Inter Am\u00e9ricaine Pr\u00e8s de 9000 adventistes du septi\u00e8me jour dans l\u2019Est du Venezuela ont&#8230;<\/p>\n","protected":false},"author":3,"featured_media":74683,"comment_status":"closed","ping_status":"closed","sticky":false,"template":"","format":"standard","meta":{"_acf_changed":false,"footnotes":""},"categories":[21,19],"tags":[],"class_list":["post-74712","post","type-post","status-publish","format-standard","has-post-thumbnail","hentry","category-nouvelles-du-territoire","category-rss-francais"],"acf":[],"yoast_head":"<!-- This site is optimized with the Yoast SEO plugin v27.3 - https:\/\/yoast.com\/product\/yoast-seo-wordpress\/ -->\n<title>Au Venezuela, les adventistes r\u00e9pandent l\u2019amour et la gentillesse dans les villes et les communaut\u00e9s - \u00c9glise Adventiste Du Septieme Jour - Inter Am\u00e9rique Division<\/title>\n<meta name=\"robots\" content=\"index, follow, max-snippet:-1, max-image-preview:large, max-video-preview:-1\" \/>\n<link rel=\"canonical\" href=\"https:\/\/interamerica.org\/fr\/2021\/08\/au-venezuela-les-adventistes-repandent-lamour-et-la-gentillesse-dans-les-villes-et-les-communautes\/\" \/>\n<meta property=\"og:locale\" content=\"fr_FR\" \/>\n<meta property=\"og:type\" content=\"article\" \/>\n<meta property=\"og:title\" content=\"Au Venezuela, les adventistes r\u00e9pandent l\u2019amour et la gentillesse dans les villes et les communaut\u00e9s - \u00c9glise Adventiste Du Septieme Jour - Inter Am\u00e9rique Division\" \/>\n<meta property=\"og:description\" content=\"13 Ao\u00fbt 2021 | Caracas, V\u00e9n\u00e9zuela | Steven\u2019s Rosado et l\u2019\u00c9quipe de Presse de la Division Inter Am\u00e9ricaine Pr\u00e8s de 9000 adventistes du septi\u00e8me jour dans l\u2019Est du Venezuela ont...\" \/>\n<meta property=\"og:url\" content=\"https:\/\/interamerica.org\/fr\/2021\/08\/au-venezuela-les-adventistes-repandent-lamour-et-la-gentillesse-dans-les-villes-et-les-communautes\/\" \/>\n<meta property=\"og:site_name\" content=\"\u00c9glise Adventiste Du Septieme Jour - Inter Am\u00e9rique Division\" \/>\n<meta property=\"article:published_time\" content=\"2021-08-13T12:50:23+00:00\" \/>\n<meta property=\"article:modified_time\" content=\"2021-08-13T18:10:24+00:00\" \/>\n<meta property=\"og:image\" content=\"https:\/\/interamerica.org\/wp-content\/uploads\/2021\/08\/evau-centralvenez-arepas.jpeg\" \/>\n\t<meta property=\"og:image:width\" content=\"1000\" \/>\n\t<meta property=\"og:image:height\" content=\"667\" \/>\n\t<meta property=\"og:image:type\" content=\"image\/jpeg\" \/>\n<meta name=\"author\" content=\"libna\" \/>\n<meta name=\"twitter:card\" content=\"summary_large_image\" \/>\n<meta name=\"twitter:label1\" content=\"\u00c9crit par\" \/>\n\t<meta name=\"twitter:data1\" content=\"libna\" \/>\n\t<meta name=\"twitter:label2\" content=\"Dur\u00e9e de lecture estim\u00e9e\" \/>\n\t<meta name=\"twitter:data2\" content=\"5 minutes\" \/>\n<script type=\"application\/ld+json\" class=\"yoast-schema-graph\">{\"@context\":\"https:\\\/\\\/schema.org\",\"@graph\":[{\"@type\":\"Article\",\"@id\":\"https:\\\/\\\/interamerica.org\\\/fr\\\/2021\\\/08\\\/au-venezuela-les-adventistes-repandent-lamour-et-la-gentillesse-dans-les-villes-et-les-communautes\\\/#article\",\"isPartOf\":{\"@id\":\"https:\\\/\\\/interamerica.org\\\/fr\\\/2021\\\/08\\\/au-venezuela-les-adventistes-repandent-lamour-et-la-gentillesse-dans-les-villes-et-les-communautes\\\/\"},\"author\":{\"name\":\"libna\",\"@id\":\"https:\\\/\\\/interamerica.org\\\/fr\\\/#\\\/schema\\\/person\\\/29998f2bc2d8bd0d38662909289b54f1\"},\"headline\":\"Au Venezuela, les adventistes r\u00e9pandent l\u2019amour et la gentillesse dans les villes et les communaut\u00e9s\",\"datePublished\":\"2021-08-13T12:50:23+00:00\",\"dateModified\":\"2021-08-13T18:10:24+00:00\",\"mainEntityOfPage\":{\"@id\":\"https:\\\/\\\/interamerica.org\\\/fr\\\/2021\\\/08\\\/au-venezuela-les-adventistes-repandent-lamour-et-la-gentillesse-dans-les-villes-et-les-communautes\\\/\"},\"wordCount\":1013,\"image\":{\"@id\":\"https:\\\/\\\/interamerica.org\\\/fr\\\/2021\\\/08\\\/au-venezuela-les-adventistes-repandent-lamour-et-la-gentillesse-dans-les-villes-et-les-communautes\\\/#primaryimage\"},\"thumbnailUrl\":\"https:\\\/\\\/interamerica.org\\\/wp-content\\\/uploads\\\/2021\\\/08\\\/evau-centralvenez-arepas.jpeg\",\"articleSection\":[\"Nouvelles du territoire\",\"RSS Fran\u00e7ais\"],\"inLanguage\":\"fr-FR\"},{\"@type\":\"WebPage\",\"@id\":\"https:\\\/\\\/interamerica.org\\\/fr\\\/2021\\\/08\\\/au-venezuela-les-adventistes-repandent-lamour-et-la-gentillesse-dans-les-villes-et-les-communautes\\\/\",\"url\":\"https:\\\/\\\/interamerica.org\\\/fr\\\/2021\\\/08\\\/au-venezuela-les-adventistes-repandent-lamour-et-la-gentillesse-dans-les-villes-et-les-communautes\\\/\",\"name\":\"Au Venezuela, les adventistes r\u00e9pandent l\u2019amour et la gentillesse dans les villes et les communaut\u00e9s - \u00c9glise Adventiste Du Septieme Jour - Inter Am\u00e9rique Division\",\"isPartOf\":{\"@id\":\"https:\\\/\\\/interamerica.org\\\/fr\\\/#website\"},\"primaryImageOfPage\":{\"@id\":\"https:\\\/\\\/interamerica.org\\\/fr\\\/2021\\\/08\\\/au-venezuela-les-adventistes-repandent-lamour-et-la-gentillesse-dans-les-villes-et-les-communautes\\\/#primaryimage\"},\"image\":{\"@id\":\"https:\\\/\\\/interamerica.org\\\/fr\\\/2021\\\/08\\\/au-venezuela-les-adventistes-repandent-lamour-et-la-gentillesse-dans-les-villes-et-les-communautes\\\/#primaryimage\"},\"thumbnailUrl\":\"https:\\\/\\\/interamerica.org\\\/wp-content\\\/uploads\\\/2021\\\/08\\\/evau-centralvenez-arepas.jpeg\",\"datePublished\":\"2021-08-13T12:50:23+00:00\",\"dateModified\":\"2021-08-13T18:10:24+00:00\",\"author\":{\"@id\":\"https:\\\/\\\/interamerica.org\\\/fr\\\/#\\\/schema\\\/person\\\/29998f2bc2d8bd0d38662909289b54f1\"},\"breadcrumb\":{\"@id\":\"https:\\\/\\\/interamerica.org\\\/fr\\\/2021\\\/08\\\/au-venezuela-les-adventistes-repandent-lamour-et-la-gentillesse-dans-les-villes-et-les-communautes\\\/#breadcrumb\"},\"inLanguage\":\"fr-FR\",\"potentialAction\":[{\"@type\":\"ReadAction\",\"target\":[\"https:\\\/\\\/interamerica.org\\\/fr\\\/2021\\\/08\\\/au-venezuela-les-adventistes-repandent-lamour-et-la-gentillesse-dans-les-villes-et-les-communautes\\\/\"]}]},{\"@type\":\"ImageObject\",\"inLanguage\":\"fr-FR\",\"@id\":\"https:\\\/\\\/interamerica.org\\\/fr\\\/2021\\\/08\\\/au-venezuela-les-adventistes-repandent-lamour-et-la-gentillesse-dans-les-villes-et-les-communautes\\\/#primaryimage\",\"url\":\"https:\\\/\\\/interamerica.org\\\/wp-content\\\/uploads\\\/2021\\\/08\\\/evau-centralvenez-arepas.jpeg\",\"contentUrl\":\"https:\\\/\\\/interamerica.org\\\/wp-content\\\/uploads\\\/2021\\\/08\\\/evau-centralvenez-arepas.jpeg\",\"width\":1000,\"height\":667,\"caption\":\"[Photo : F\u00e9d\u00e9ration du Centre du Venezuela]\"},{\"@type\":\"BreadcrumbList\",\"@id\":\"https:\\\/\\\/interamerica.org\\\/fr\\\/2021\\\/08\\\/au-venezuela-les-adventistes-repandent-lamour-et-la-gentillesse-dans-les-villes-et-les-communautes\\\/#breadcrumb\",\"itemListElement\":[{\"@type\":\"ListItem\",\"position\":1,\"name\":\"Home\",\"item\":\"https:\\\/\\\/interamerica.org\\\/fr\\\/\"},{\"@type\":\"ListItem\",\"position\":2,\"name\":\"Au Venezuela, les adventistes r\u00e9pandent l\u2019amour et la gentillesse dans les villes et les communaut\u00e9s\"}]},{\"@type\":\"WebSite\",\"@id\":\"https:\\\/\\\/interamerica.org\\\/fr\\\/#website\",\"url\":\"https:\\\/\\\/interamerica.org\\\/fr\\\/\",\"name\":\"\u00c9glise Adventiste Du Septieme Jour - Inter Am\u00e9rique Division\",\"description\":\"\",\"potentialAction\":[{\"@type\":\"SearchAction\",\"target\":{\"@type\":\"EntryPoint\",\"urlTemplate\":\"https:\\\/\\\/interamerica.org\\\/fr\\\/?s={search_term_string}\"},\"query-input\":{\"@type\":\"PropertyValueSpecification\",\"valueRequired\":true,\"valueName\":\"search_term_string\"}}],\"inLanguage\":\"fr-FR\"},{\"@type\":\"Person\",\"@id\":\"https:\\\/\\\/interamerica.org\\\/fr\\\/#\\\/schema\\\/person\\\/29998f2bc2d8bd0d38662909289b54f1\",\"name\":\"libna\",\"image\":{\"@type\":\"ImageObject\",\"inLanguage\":\"fr-FR\",\"@id\":\"https:\\\/\\\/secure.gravatar.com\\\/avatar\\\/7c5bd30ae4b47a9ba3c856590957fd1d96dc588bf3ac05719d247e126840331f?s=96&d=mm&r=g\",\"url\":\"https:\\\/\\\/secure.gravatar.com\\\/avatar\\\/7c5bd30ae4b47a9ba3c856590957fd1d96dc588bf3ac05719d247e126840331f?s=96&d=mm&r=g\",\"contentUrl\":\"https:\\\/\\\/secure.gravatar.com\\\/avatar\\\/7c5bd30ae4b47a9ba3c856590957fd1d96dc588bf3ac05719d247e126840331f?s=96&d=mm&r=g\",\"caption\":\"libna\"}}]}<\/script>\n<!-- \/ Yoast SEO plugin. -->","yoast_head_json":{"title":"Au Venezuela, les adventistes r\u00e9pandent l\u2019amour et la gentillesse dans les villes et les communaut\u00e9s - \u00c9glise Adventiste Du Septieme Jour - Inter Am\u00e9rique Division","robots":{"index":"index","follow":"follow","max-snippet":"max-snippet:-1","max-image-preview":"max-image-preview:large","max-video-preview":"max-video-preview:-1"},"canonical":"https:\/\/interamerica.org\/fr\/2021\/08\/au-venezuela-les-adventistes-repandent-lamour-et-la-gentillesse-dans-les-villes-et-les-communautes\/","og_locale":"fr_FR","og_type":"article","og_title":"Au Venezuela, les adventistes r\u00e9pandent l\u2019amour et la gentillesse dans les villes et les communaut\u00e9s - \u00c9glise Adventiste Du Septieme Jour - Inter Am\u00e9rique Division","og_description":"13 Ao\u00fbt 2021 | Caracas, V\u00e9n\u00e9zuela | Steven\u2019s Rosado et l\u2019\u00c9quipe de Presse de la Division Inter Am\u00e9ricaine Pr\u00e8s de 9000 adventistes du septi\u00e8me jour dans l\u2019Est du Venezuela ont...","og_url":"https:\/\/interamerica.org\/fr\/2021\/08\/au-venezuela-les-adventistes-repandent-lamour-et-la-gentillesse-dans-les-villes-et-les-communautes\/","og_site_name":"\u00c9glise Adventiste Du Septieme Jour - Inter Am\u00e9rique Division","article_published_time":"2021-08-13T12:50:23+00:00","article_modified_time":"2021-08-13T18:10:24+00:00","og_image":[{"width":1000,"height":667,"url":"https:\/\/interamerica.org\/wp-content\/uploads\/2021\/08\/evau-centralvenez-arepas.jpeg","type":"image\/jpeg"}],"author":"libna","twitter_card":"summary_large_image","twitter_misc":{"\u00c9crit par":"libna","Dur\u00e9e de lecture estim\u00e9e":"5 minutes"},"schema":{"@context":"https:\/\/schema.org","@graph":[{"@type":"Article","@id":"https:\/\/interamerica.org\/fr\/2021\/08\/au-venezuela-les-adventistes-repandent-lamour-et-la-gentillesse-dans-les-villes-et-les-communautes\/#article","isPartOf":{"@id":"https:\/\/interamerica.org\/fr\/2021\/08\/au-venezuela-les-adventistes-repandent-lamour-et-la-gentillesse-dans-les-villes-et-les-communautes\/"},"author":{"name":"libna","@id":"https:\/\/interamerica.org\/fr\/#\/schema\/person\/29998f2bc2d8bd0d38662909289b54f1"},"headline":"Au Venezuela, les adventistes r\u00e9pandent l\u2019amour et la gentillesse dans les villes et les communaut\u00e9s","datePublished":"2021-08-13T12:50:23+00:00","dateModified":"2021-08-13T18:10:24+00:00","mainEntityOfPage":{"@id":"https:\/\/interamerica.org\/fr\/2021\/08\/au-venezuela-les-adventistes-repandent-lamour-et-la-gentillesse-dans-les-villes-et-les-communautes\/"},"wordCount":1013,"image":{"@id":"https:\/\/interamerica.org\/fr\/2021\/08\/au-venezuela-les-adventistes-repandent-lamour-et-la-gentillesse-dans-les-villes-et-les-communautes\/#primaryimage"},"thumbnailUrl":"https:\/\/interamerica.org\/wp-content\/uploads\/2021\/08\/evau-centralvenez-arepas.jpeg","articleSection":["Nouvelles du territoire","RSS Fran\u00e7ais"],"inLanguage":"fr-FR"},{"@type":"WebPage","@id":"https:\/\/interamerica.org\/fr\/2021\/08\/au-venezuela-les-adventistes-repandent-lamour-et-la-gentillesse-dans-les-villes-et-les-communautes\/","url":"https:\/\/interamerica.org\/fr\/2021\/08\/au-venezuela-les-adventistes-repandent-lamour-et-la-gentillesse-dans-les-villes-et-les-communautes\/","name":"Au Venezuela, les adventistes r\u00e9pandent l\u2019amour et la gentillesse dans les villes et les communaut\u00e9s - \u00c9glise Adventiste Du Septieme Jour - Inter Am\u00e9rique Division","isPartOf":{"@id":"https:\/\/interamerica.org\/fr\/#website"},"primaryImageOfPage":{"@id":"https:\/\/interamerica.org\/fr\/2021\/08\/au-venezuela-les-adventistes-repandent-lamour-et-la-gentillesse-dans-les-villes-et-les-communautes\/#primaryimage"},"image":{"@id":"https:\/\/interamerica.org\/fr\/2021\/08\/au-venezuela-les-adventistes-repandent-lamour-et-la-gentillesse-dans-les-villes-et-les-communautes\/#primaryimage"},"thumbnailUrl":"https:\/\/interamerica.org\/wp-content\/uploads\/2021\/08\/evau-centralvenez-arepas.jpeg","datePublished":"2021-08-13T12:50:23+00:00","dateModified":"2021-08-13T18:10:24+00:00","author":{"@id":"https:\/\/interamerica.org\/fr\/#\/schema\/person\/29998f2bc2d8bd0d38662909289b54f1"},"breadcrumb":{"@id":"https:\/\/interamerica.org\/fr\/2021\/08\/au-venezuela-les-adventistes-repandent-lamour-et-la-gentillesse-dans-les-villes-et-les-communautes\/#breadcrumb"},"inLanguage":"fr-FR","potentialAction":[{"@type":"ReadAction","target":["https:\/\/interamerica.org\/fr\/2021\/08\/au-venezuela-les-adventistes-repandent-lamour-et-la-gentillesse-dans-les-villes-et-les-communautes\/"]}]},{"@type":"ImageObject","inLanguage":"fr-FR","@id":"https:\/\/interamerica.org\/fr\/2021\/08\/au-venezuela-les-adventistes-repandent-lamour-et-la-gentillesse-dans-les-villes-et-les-communautes\/#primaryimage","url":"https:\/\/interamerica.org\/wp-content\/uploads\/2021\/08\/evau-centralvenez-arepas.jpeg","contentUrl":"https:\/\/interamerica.org\/wp-content\/uploads\/2021\/08\/evau-centralvenez-arepas.jpeg","width":1000,"height":667,"caption":"[Photo : F\u00e9d\u00e9ration du Centre du Venezuela]"},{"@type":"BreadcrumbList","@id":"https:\/\/interamerica.org\/fr\/2021\/08\/au-venezuela-les-adventistes-repandent-lamour-et-la-gentillesse-dans-les-villes-et-les-communautes\/#breadcrumb","itemListElement":[{"@type":"ListItem","position":1,"name":"Home","item":"https:\/\/interamerica.org\/fr\/"},{"@type":"ListItem","position":2,"name":"Au Venezuela, les adventistes r\u00e9pandent l\u2019amour et la gentillesse dans les villes et les communaut\u00e9s"}]},{"@type":"WebSite","@id":"https:\/\/interamerica.org\/fr\/#website","url":"https:\/\/interamerica.org\/fr\/","name":"\u00c9glise Adventiste Du Septieme Jour - Inter Am\u00e9rique Division","description":"","potentialAction":[{"@type":"SearchAction","target":{"@type":"EntryPoint","urlTemplate":"https:\/\/interamerica.org\/fr\/?s={search_term_string}"},"query-input":{"@type":"PropertyValueSpecification","valueRequired":true,"valueName":"search_term_string"}}],"inLanguage":"fr-FR"},{"@type":"Person","@id":"https:\/\/interamerica.org\/fr\/#\/schema\/person\/29998f2bc2d8bd0d38662909289b54f1","name":"libna","image":{"@type":"ImageObject","inLanguage":"fr-FR","@id":"https:\/\/secure.gravatar.com\/avatar\/7c5bd30ae4b47a9ba3c856590957fd1d96dc588bf3ac05719d247e126840331f?s=96&d=mm&r=g","url":"https:\/\/secure.gravatar.com\/avatar\/7c5bd30ae4b47a9ba3c856590957fd1d96dc588bf3ac05719d247e126840331f?s=96&d=mm&r=g","contentUrl":"https:\/\/secure.gravatar.com\/avatar\/7c5bd30ae4b47a9ba3c856590957fd1d96dc588bf3ac05719d247e126840331f?s=96&d=mm&r=g","caption":"libna"}}]}},"_links":{"self":[{"href":"https:\/\/interamerica.org\/fr\/wp-json\/wp\/v2\/posts\/74712","targetHints":{"allow":["GET"]}}],"collection":[{"href":"https:\/\/interamerica.org\/fr\/wp-json\/wp\/v2\/posts"}],"about":[{"href":"https:\/\/interamerica.org\/fr\/wp-json\/wp\/v2\/types\/post"}],"author":[{"embeddable":true,"href":"https:\/\/interamerica.org\/fr\/wp-json\/wp\/v2\/users\/3"}],"replies":[{"embeddable":true,"href":"https:\/\/interamerica.org\/fr\/wp-json\/wp\/v2\/comments?post=74712"}],"version-history":[{"count":0,"href":"https:\/\/interamerica.org\/fr\/wp-json\/wp\/v2\/posts\/74712\/revisions"}],"wp:featuredmedia":[{"embeddable":true,"href":"https:\/\/interamerica.org\/fr\/wp-json\/wp\/v2\/media\/74683"}],"wp:attachment":[{"href":"https:\/\/interamerica.org\/fr\/wp-json\/wp\/v2\/media?parent=74712"}],"wp:term":[{"taxonomy":"category","embeddable":true,"href":"https:\/\/interamerica.org\/fr\/wp-json\/wp\/v2\/categories?post=74712"},{"taxonomy":"post_tag","embeddable":true,"href":"https:\/\/interamerica.org\/fr\/wp-json\/wp\/v2\/tags?post=74712"}],"curies":[{"name":"wp","href":"https:\/\/api.w.org\/{rel}","templated":true}]}}