{"id":74736,"date":"2021-08-14T21:10:07","date_gmt":"2021-08-15T01:10:07","guid":{"rendered":"https:\/\/recursing-golick.147-182-135-0.plesk.page\/?p=74736"},"modified":"2021-08-15T03:54:47","modified_gmt":"2021-08-15T07:54:47","slug":"adra-se-mobilise-pour-soutenir-haiti-qui-a-ete-secoue-par-un-seisme-de-magnitude-72","status":"publish","type":"post","link":"https:\/\/interamerica.org\/fr\/2021\/08\/adra-se-mobilise-pour-soutenir-haiti-qui-a-ete-secoue-par-un-seisme-de-magnitude-72\/","title":{"rendered":"ADRA se mobilise pour soutenir Ha\u00efti qui a \u00e9t\u00e9 secou\u00e9 par un s\u00e9isme de magnitude 7,2"},"content":{"rendered":"<p style=\"font-weight: 400;\"><strong><em>Le nombre de morts s\u2019\u00e9l\u00e8ve \u00e0 plus de 300, et on compte 1800 bless\u00e9s <\/em><\/strong><\/p>\n<p>14 Ao\u00fbt 2021 | Silver Spring, Maryland, \u00c9tats-Unis | Par : Kimi-Roux James ADRA International<\/p>\n<p style=\"font-weight: 400;\">Samedi 14 ao\u00fbt, aux environs de 8h30, un s\u00e9isme de magnitude 7,2 a frapp\u00e9 les r\u00e9gions du sud : Les Cayes, J\u00e9r\u00e9mie, Saint Louis de Sud, Aquin, Petit Trou de Nippes, Anse-\u00e0-Veau et Cavaillon, et a \u00e9t\u00e9 suivi de plusieurs r\u00e9pliques. Les secousses ont \u00e9t\u00e9 ressenties jusqu\u2019en Jama\u00efque, \u00e0 environ 320 kilom\u00e8tres de l\u00e0.<\/p>\n<p style=\"font-weight: 400;\">Les m\u00e9dias locaux avaient indiqu\u00e9 plus t\u00f4t que la mer \u00e0 J\u00e9r\u00e9mie s\u2019\u00e9tait retir\u00e9e, ce qui aurait pu \u00eatre le signe d\u2019un tsunami, mais les alertes ont \u00e9t\u00e9 lev\u00e9es plus tard.<\/p>\n<p style=\"font-weight: 400;\">Les autorit\u00e9s locales ont d\u00e9clar\u00e9 l\u2019\u00e9tat d\u2019urgence pour un mois, sollicitant l\u2019aide humanitaire. D\u2019apr\u00e8s les informations, les h\u00f4pitaux d\u2019Ha\u00efti les plus proches des r\u00e9gions touch\u00e9es seraient d\u00e9bord\u00e9s. Le nombre de morts est pass\u00e9 \u00e0 plus de 300*, et on d\u00e9nombre plus de 1800* personnes bless\u00e9es (*les chiffres sont susceptibles de changer), selon les rapports locaux.<\/p>\n<div id=\"attachment_74728\" style=\"width: 812px\" class=\"wp-caption aligncenter\"><img fetchpriority=\"high\" decoding=\"async\" aria-describedby=\"caption-attachment-74728\" class=\"wp-image-74728\" src=\"https:\/\/recursing-golick.147-182-135-0.plesk.page\/wp-content\/uploads\/2021\/08\/adra-haiti-aug14-2.jpg\" alt=\"\" width=\"802\" height=\"451\" srcset=\"https:\/\/interamerica.org\/wp-content\/uploads\/2021\/08\/adra-haiti-aug14-2.jpg 1008w, https:\/\/interamerica.org\/wp-content\/uploads\/2021\/08\/adra-haiti-aug14-2-300x169.jpg 300w, https:\/\/interamerica.org\/wp-content\/uploads\/2021\/08\/adra-haiti-aug14-2-768x432.jpg 768w\" sizes=\"(max-width: 802px) 100vw, 802px\" \/><p id=\"caption-attachment-74728\" class=\"wp-caption-text\">ADRA arrive afin d\u2019\u00e9valuer les d\u00e9g\u00e2ts \u00e0 Saint Louis de Sud, une zone fortement touch\u00e9e par le r\u00e9cent tremblement de terre qui a touch\u00e9 Ha\u00efti le 14 ao\u00fbt 2021. [Photo : Evan Bernardini \/ ADRA en Ha\u00efti]<\/p><\/div>\n<p style=\"font-weight: 400;\">Les habitants des villes touch\u00e9es tentent de localiser les membres de leurs familles et leurs amis qui sont port\u00e9s disparus ou pr\u00e9sum\u00e9s morts. Des \u00e9quipes ont \u00e9t\u00e9 mises en place pour rechercher des personnes enfouies sous les d\u00e9combres.<\/p>\n<p style=\"font-weight: 400;\">\u00ab L\u2019Agence Adventiste de D\u00e9veloppement et de Secours (ADRA) a \u00e9t\u00e9 l\u2019une des premi\u00e8res organisations humanitaires \u00e0 atteindre la zone touch\u00e9e de Saint-Louis de Sud en Ha\u00efti. D\u2019apr\u00e8s nos \u00e9valuations, la principale pr\u00e9occupation est de prendre soin des bless\u00e9s. En ce moment, des \u00e9valuations des d\u00e9g\u00e2ts sont en cours. L\u2019une des principales difficult\u00e9s est l\u2019extr\u00eame complexit\u00e9 des secteurs contr\u00f4l\u00e9s par les \u2018gangs\u2019 qui ne permettent pas un acc\u00e8s facile aux zones touch\u00e9es. Nous sommes \u00e9galement pr\u00e9occup\u00e9s par la temp\u00eate Grace qui a \u00e9t\u00e9 annonc\u00e9e et par la situation d\u00e9j\u00e0 d\u00e9licate en Ha\u00efti en raison des violences et des d\u00e9placements massifs de populations. La situation est extr\u00eamement complexe, \u00bb a dit Elian Giaccarini, coordinateur de la gestion des urgences d\u2019ADRA dans la Cara\u00efbe.<\/p>\n<div id=\"attachment_74733\" style=\"width: 812px\" class=\"wp-caption aligncenter\"><img decoding=\"async\" aria-describedby=\"caption-attachment-74733\" class=\" wp-image-74732\" src=\"https:\/\/recursing-golick.147-182-135-0.plesk.page\/wp-content\/uploads\/2021\/08\/adra-haiti-aug14-4-1024x640.png\" alt=\"\" width=\"802\" height=\"501\" srcset=\"https:\/\/interamerica.org\/wp-content\/uploads\/2021\/08\/adra-haiti-aug14-4-1024x640.png 1024w, https:\/\/interamerica.org\/wp-content\/uploads\/2021\/08\/adra-haiti-aug14-4-300x188.png 300w, https:\/\/interamerica.org\/wp-content\/uploads\/2021\/08\/adra-haiti-aug14-4-768x480.png 768w, https:\/\/interamerica.org\/wp-content\/uploads\/2021\/08\/adra-haiti-aug14-4.png 1280w\" sizes=\"(max-width: 802px) 100vw, 802px\" \/><p id=\"caption-attachment-74733\" class=\"wp-caption-text\">Le personnel d\u2019ADRA en Ha\u00efti parcourt les rues de Saint Louis de Sud, quelques heures apr\u00e8s que le tremblement de terre ait frapp\u00e9 la r\u00e9gion. [Photo : Evan Bernardini \/ ADRA en Ha\u00efti]<\/p><\/div>\n<p style=\"font-weight: 400;\">ADRA fonctionne en Ha\u00efti depuis plus de 30 ans et apporte son soutien dans des programmes li\u00e9s \u00e0 la nutrition, \u00e0 l\u2019agriculture, \u00e0 l\u2019eau et \u00e0 l\u2019\u00e9ducation primaire dans les r\u00e9gions du nord, du nord-est et du centre d\u2019Ha\u00efti, ciblant une population d\u2019un million de personnes.<\/p>\n<p style=\"font-weight: 400;\">C\u2019est la deuxi\u00e8me fois qu\u2019un s\u00e9isme majeur frappe Ha\u00efti en une d\u00e9cennie. En 2010, un s\u00e9isme de magnitude 7,0 a caus\u00e9 la mort de pr\u00e8s de 250000 personnes.<\/p>\n<p style=\"font-weight: 400;\"><strong>Pour montrer votre soutien, visitez le site\u00a0<a href=\"https:\/\/donations.adra.org\/globalrelief-ws\" data-saferedirecturl=\"https:\/\/www.google.com\/url?q=https:\/\/donations.adra.org\/globalrelief-ws&amp;source=gmail&amp;ust=1629075559711000&amp;usg=AFQjCNEN1xdeKxe7ktjWJWxLZWRBF3417Q\">ADRA.org<\/a>\u00a0ou appelez 1-800-424-ADRA (2372).<\/strong><\/p>\n<p style=\"font-weight: 400;\">Des informations suppl\u00e9mentaires seront apport\u00e9es selon l\u2019\u00e9volution de la situation.<\/p>\n<p style=\"font-weight: 400;\"><strong>A propos d&rsquo;ADRA\u00a0<\/strong><\/p>\n<p style=\"font-weight: 400;\">L\u2019Agence Adventiste de D\u00e9veloppement et de Secours est la branche humanitaire internationale de l\u2019\u00c9glise Adventiste du Septi\u00e8me Jour qui est en service dans 118 pays. Son action permet d\u2019\u00e9quiper les communaut\u00e9s et de changer des vies dans le monde entier en assurant un d\u00e9veloppement communautaire durable et des secours en cas de catastrophe. L\u2019objectif d\u2019ADRA est de servir l\u2019humanit\u00e9 de telle sorte que tous puissent vivre comme Dieu l\u2019a voulu. Pour en savoir plus, consultez le site\u00a0<a href=\"https:\/\/adra.org\/\" data-saferedirecturl=\"https:\/\/www.google.com\/url?q=https:\/\/adra.org\/&amp;source=gmail&amp;ust=1629075559711000&amp;usg=AFQjCNHImYv820SDZtNhZ2Y4Lf_nFAFQ7g\">ADRA.org<\/a>.<\/p>\n<p>Traduction: Patrick Luciathe<\/p>\n","protected":false},"excerpt":{"rendered":"<p>Le nombre de morts s\u2019\u00e9l\u00e8ve \u00e0 plus de 300, et on compte 1800 bless\u00e9s 14 Ao\u00fbt 2021 | Silver Spring, Maryland, \u00c9tats-Unis | Par : Kimi-Roux James ADRA International Samedi&#8230;<\/p>\n","protected":false},"author":3,"featured_media":74725,"comment_status":"closed","ping_status":"closed","sticky":false,"template":"","format":"standard","meta":{"_acf_changed":false,"footnotes":""},"categories":[18,19],"tags":[],"class_list":["post-74736","post","type-post","status-publish","format-standard","has-post-thumbnail","hentry","category-nouvelles-de-leglise-mondiale","category-rss-francais"],"acf":[],"yoast_head":"<!-- This site is optimized with the Yoast SEO plugin v27.3 - https:\/\/yoast.com\/product\/yoast-seo-wordpress\/ -->\n<title>ADRA se mobilise pour soutenir Ha\u00efti qui a \u00e9t\u00e9 secou\u00e9 par un s\u00e9isme de magnitude 7,2 - \u00c9glise Adventiste Du Septieme Jour - Inter Am\u00e9rique Division<\/title>\n<meta name=\"robots\" content=\"index, follow, max-snippet:-1, max-image-preview:large, max-video-preview:-1\" \/>\n<link rel=\"canonical\" href=\"https:\/\/interamerica.org\/fr\/2021\/08\/adra-se-mobilise-pour-soutenir-haiti-qui-a-ete-secoue-par-un-seisme-de-magnitude-72\/\" \/>\n<meta property=\"og:locale\" content=\"fr_FR\" \/>\n<meta property=\"og:type\" content=\"article\" \/>\n<meta property=\"og:title\" content=\"ADRA se mobilise pour soutenir Ha\u00efti qui a \u00e9t\u00e9 secou\u00e9 par un s\u00e9isme de magnitude 7,2 - \u00c9glise Adventiste Du Septieme Jour - Inter Am\u00e9rique Division\" \/>\n<meta property=\"og:description\" content=\"Le nombre de morts s\u2019\u00e9l\u00e8ve \u00e0 plus de 300, et on compte 1800 bless\u00e9s 14 Ao\u00fbt 2021 | Silver Spring, Maryland, \u00c9tats-Unis | Par : Kimi-Roux James ADRA International Samedi...\" \/>\n<meta property=\"og:url\" content=\"https:\/\/interamerica.org\/fr\/2021\/08\/adra-se-mobilise-pour-soutenir-haiti-qui-a-ete-secoue-par-un-seisme-de-magnitude-72\/\" \/>\n<meta property=\"og:site_name\" content=\"\u00c9glise Adventiste Du Septieme Jour - Inter Am\u00e9rique Division\" \/>\n<meta property=\"article:published_time\" content=\"2021-08-15T01:10:07+00:00\" \/>\n<meta property=\"article:modified_time\" content=\"2021-08-15T07:54:47+00:00\" \/>\n<meta property=\"og:image\" content=\"https:\/\/interamerica.org\/wp-content\/uploads\/2021\/08\/adra-haiti-aug14-1.jpg\" \/>\n\t<meta property=\"og:image:width\" content=\"1008\" \/>\n\t<meta property=\"og:image:height\" content=\"567\" \/>\n\t<meta property=\"og:image:type\" content=\"image\/jpeg\" \/>\n<meta name=\"author\" content=\"libna\" \/>\n<meta name=\"twitter:card\" content=\"summary_large_image\" \/>\n<meta name=\"twitter:label1\" content=\"\u00c9crit par\" \/>\n\t<meta name=\"twitter:data1\" content=\"libna\" \/>\n\t<meta name=\"twitter:label2\" content=\"Dur\u00e9e de lecture estim\u00e9e\" \/>\n\t<meta name=\"twitter:data2\" content=\"3 minutes\" \/>\n<script type=\"application\/ld+json\" class=\"yoast-schema-graph\">{\"@context\":\"https:\\\/\\\/schema.org\",\"@graph\":[{\"@type\":\"Article\",\"@id\":\"https:\\\/\\\/interamerica.org\\\/fr\\\/2021\\\/08\\\/adra-se-mobilise-pour-soutenir-haiti-qui-a-ete-secoue-par-un-seisme-de-magnitude-72\\\/#article\",\"isPartOf\":{\"@id\":\"https:\\\/\\\/interamerica.org\\\/fr\\\/2021\\\/08\\\/adra-se-mobilise-pour-soutenir-haiti-qui-a-ete-secoue-par-un-seisme-de-magnitude-72\\\/\"},\"author\":{\"name\":\"libna\",\"@id\":\"https:\\\/\\\/interamerica.org\\\/fr\\\/#\\\/schema\\\/person\\\/29998f2bc2d8bd0d38662909289b54f1\"},\"headline\":\"ADRA se mobilise pour soutenir Ha\u00efti qui a \u00e9t\u00e9 secou\u00e9 par un s\u00e9isme de magnitude 7,2\",\"datePublished\":\"2021-08-15T01:10:07+00:00\",\"dateModified\":\"2021-08-15T07:54:47+00:00\",\"mainEntityOfPage\":{\"@id\":\"https:\\\/\\\/interamerica.org\\\/fr\\\/2021\\\/08\\\/adra-se-mobilise-pour-soutenir-haiti-qui-a-ete-secoue-par-un-seisme-de-magnitude-72\\\/\"},\"wordCount\":696,\"image\":{\"@id\":\"https:\\\/\\\/interamerica.org\\\/fr\\\/2021\\\/08\\\/adra-se-mobilise-pour-soutenir-haiti-qui-a-ete-secoue-par-un-seisme-de-magnitude-72\\\/#primaryimage\"},\"thumbnailUrl\":\"https:\\\/\\\/interamerica.org\\\/wp-content\\\/uploads\\\/2021\\\/08\\\/adra-haiti-aug14-1.jpg\",\"articleSection\":[\"Nouvelles de l'\u00c9glise mondiale\",\"RSS Fran\u00e7ais\"],\"inLanguage\":\"fr-FR\"},{\"@type\":\"WebPage\",\"@id\":\"https:\\\/\\\/interamerica.org\\\/fr\\\/2021\\\/08\\\/adra-se-mobilise-pour-soutenir-haiti-qui-a-ete-secoue-par-un-seisme-de-magnitude-72\\\/\",\"url\":\"https:\\\/\\\/interamerica.org\\\/fr\\\/2021\\\/08\\\/adra-se-mobilise-pour-soutenir-haiti-qui-a-ete-secoue-par-un-seisme-de-magnitude-72\\\/\",\"name\":\"ADRA se mobilise pour soutenir Ha\u00efti qui a \u00e9t\u00e9 secou\u00e9 par un s\u00e9isme de magnitude 7,2 - \u00c9glise Adventiste Du Septieme Jour - Inter Am\u00e9rique Division\",\"isPartOf\":{\"@id\":\"https:\\\/\\\/interamerica.org\\\/fr\\\/#website\"},\"primaryImageOfPage\":{\"@id\":\"https:\\\/\\\/interamerica.org\\\/fr\\\/2021\\\/08\\\/adra-se-mobilise-pour-soutenir-haiti-qui-a-ete-secoue-par-un-seisme-de-magnitude-72\\\/#primaryimage\"},\"image\":{\"@id\":\"https:\\\/\\\/interamerica.org\\\/fr\\\/2021\\\/08\\\/adra-se-mobilise-pour-soutenir-haiti-qui-a-ete-secoue-par-un-seisme-de-magnitude-72\\\/#primaryimage\"},\"thumbnailUrl\":\"https:\\\/\\\/interamerica.org\\\/wp-content\\\/uploads\\\/2021\\\/08\\\/adra-haiti-aug14-1.jpg\",\"datePublished\":\"2021-08-15T01:10:07+00:00\",\"dateModified\":\"2021-08-15T07:54:47+00:00\",\"author\":{\"@id\":\"https:\\\/\\\/interamerica.org\\\/fr\\\/#\\\/schema\\\/person\\\/29998f2bc2d8bd0d38662909289b54f1\"},\"breadcrumb\":{\"@id\":\"https:\\\/\\\/interamerica.org\\\/fr\\\/2021\\\/08\\\/adra-se-mobilise-pour-soutenir-haiti-qui-a-ete-secoue-par-un-seisme-de-magnitude-72\\\/#breadcrumb\"},\"inLanguage\":\"fr-FR\",\"potentialAction\":[{\"@type\":\"ReadAction\",\"target\":[\"https:\\\/\\\/interamerica.org\\\/fr\\\/2021\\\/08\\\/adra-se-mobilise-pour-soutenir-haiti-qui-a-ete-secoue-par-un-seisme-de-magnitude-72\\\/\"]}]},{\"@type\":\"ImageObject\",\"inLanguage\":\"fr-FR\",\"@id\":\"https:\\\/\\\/interamerica.org\\\/fr\\\/2021\\\/08\\\/adra-se-mobilise-pour-soutenir-haiti-qui-a-ete-secoue-par-un-seisme-de-magnitude-72\\\/#primaryimage\",\"url\":\"https:\\\/\\\/interamerica.org\\\/wp-content\\\/uploads\\\/2021\\\/08\\\/adra-haiti-aug14-1.jpg\",\"contentUrl\":\"https:\\\/\\\/interamerica.org\\\/wp-content\\\/uploads\\\/2021\\\/08\\\/adra-haiti-aug14-1.jpg\",\"width\":1008,\"height\":567,\"caption\":\"[Photo : Evan Bernardini \\\/ ADRA en Ha\u00efti]\"},{\"@type\":\"BreadcrumbList\",\"@id\":\"https:\\\/\\\/interamerica.org\\\/fr\\\/2021\\\/08\\\/adra-se-mobilise-pour-soutenir-haiti-qui-a-ete-secoue-par-un-seisme-de-magnitude-72\\\/#breadcrumb\",\"itemListElement\":[{\"@type\":\"ListItem\",\"position\":1,\"name\":\"Home\",\"item\":\"https:\\\/\\\/interamerica.org\\\/fr\\\/\"},{\"@type\":\"ListItem\",\"position\":2,\"name\":\"ADRA se mobilise pour soutenir Ha\u00efti qui a \u00e9t\u00e9 secou\u00e9 par un s\u00e9isme de magnitude 7,2\"}]},{\"@type\":\"WebSite\",\"@id\":\"https:\\\/\\\/interamerica.org\\\/fr\\\/#website\",\"url\":\"https:\\\/\\\/interamerica.org\\\/fr\\\/\",\"name\":\"\u00c9glise Adventiste Du Septieme Jour - Inter Am\u00e9rique Division\",\"description\":\"\",\"potentialAction\":[{\"@type\":\"SearchAction\",\"target\":{\"@type\":\"EntryPoint\",\"urlTemplate\":\"https:\\\/\\\/interamerica.org\\\/fr\\\/?s={search_term_string}\"},\"query-input\":{\"@type\":\"PropertyValueSpecification\",\"valueRequired\":true,\"valueName\":\"search_term_string\"}}],\"inLanguage\":\"fr-FR\"},{\"@type\":\"Person\",\"@id\":\"https:\\\/\\\/interamerica.org\\\/fr\\\/#\\\/schema\\\/person\\\/29998f2bc2d8bd0d38662909289b54f1\",\"name\":\"libna\",\"image\":{\"@type\":\"ImageObject\",\"inLanguage\":\"fr-FR\",\"@id\":\"https:\\\/\\\/secure.gravatar.com\\\/avatar\\\/7c5bd30ae4b47a9ba3c856590957fd1d96dc588bf3ac05719d247e126840331f?s=96&d=mm&r=g\",\"url\":\"https:\\\/\\\/secure.gravatar.com\\\/avatar\\\/7c5bd30ae4b47a9ba3c856590957fd1d96dc588bf3ac05719d247e126840331f?s=96&d=mm&r=g\",\"contentUrl\":\"https:\\\/\\\/secure.gravatar.com\\\/avatar\\\/7c5bd30ae4b47a9ba3c856590957fd1d96dc588bf3ac05719d247e126840331f?s=96&d=mm&r=g\",\"caption\":\"libna\"}}]}<\/script>\n<!-- \/ Yoast SEO plugin. -->","yoast_head_json":{"title":"ADRA se mobilise pour soutenir Ha\u00efti qui a \u00e9t\u00e9 secou\u00e9 par un s\u00e9isme de magnitude 7,2 - \u00c9glise Adventiste Du Septieme Jour - Inter Am\u00e9rique Division","robots":{"index":"index","follow":"follow","max-snippet":"max-snippet:-1","max-image-preview":"max-image-preview:large","max-video-preview":"max-video-preview:-1"},"canonical":"https:\/\/interamerica.org\/fr\/2021\/08\/adra-se-mobilise-pour-soutenir-haiti-qui-a-ete-secoue-par-un-seisme-de-magnitude-72\/","og_locale":"fr_FR","og_type":"article","og_title":"ADRA se mobilise pour soutenir Ha\u00efti qui a \u00e9t\u00e9 secou\u00e9 par un s\u00e9isme de magnitude 7,2 - \u00c9glise Adventiste Du Septieme Jour - Inter Am\u00e9rique Division","og_description":"Le nombre de morts s\u2019\u00e9l\u00e8ve \u00e0 plus de 300, et on compte 1800 bless\u00e9s 14 Ao\u00fbt 2021 | Silver Spring, Maryland, \u00c9tats-Unis | Par : Kimi-Roux James ADRA International Samedi...","og_url":"https:\/\/interamerica.org\/fr\/2021\/08\/adra-se-mobilise-pour-soutenir-haiti-qui-a-ete-secoue-par-un-seisme-de-magnitude-72\/","og_site_name":"\u00c9glise Adventiste Du Septieme Jour - Inter Am\u00e9rique Division","article_published_time":"2021-08-15T01:10:07+00:00","article_modified_time":"2021-08-15T07:54:47+00:00","og_image":[{"width":1008,"height":567,"url":"https:\/\/interamerica.org\/wp-content\/uploads\/2021\/08\/adra-haiti-aug14-1.jpg","type":"image\/jpeg"}],"author":"libna","twitter_card":"summary_large_image","twitter_misc":{"\u00c9crit par":"libna","Dur\u00e9e de lecture estim\u00e9e":"3 minutes"},"schema":{"@context":"https:\/\/schema.org","@graph":[{"@type":"Article","@id":"https:\/\/interamerica.org\/fr\/2021\/08\/adra-se-mobilise-pour-soutenir-haiti-qui-a-ete-secoue-par-un-seisme-de-magnitude-72\/#article","isPartOf":{"@id":"https:\/\/interamerica.org\/fr\/2021\/08\/adra-se-mobilise-pour-soutenir-haiti-qui-a-ete-secoue-par-un-seisme-de-magnitude-72\/"},"author":{"name":"libna","@id":"https:\/\/interamerica.org\/fr\/#\/schema\/person\/29998f2bc2d8bd0d38662909289b54f1"},"headline":"ADRA se mobilise pour soutenir Ha\u00efti qui a \u00e9t\u00e9 secou\u00e9 par un s\u00e9isme de magnitude 7,2","datePublished":"2021-08-15T01:10:07+00:00","dateModified":"2021-08-15T07:54:47+00:00","mainEntityOfPage":{"@id":"https:\/\/interamerica.org\/fr\/2021\/08\/adra-se-mobilise-pour-soutenir-haiti-qui-a-ete-secoue-par-un-seisme-de-magnitude-72\/"},"wordCount":696,"image":{"@id":"https:\/\/interamerica.org\/fr\/2021\/08\/adra-se-mobilise-pour-soutenir-haiti-qui-a-ete-secoue-par-un-seisme-de-magnitude-72\/#primaryimage"},"thumbnailUrl":"https:\/\/interamerica.org\/wp-content\/uploads\/2021\/08\/adra-haiti-aug14-1.jpg","articleSection":["Nouvelles de l'\u00c9glise mondiale","RSS Fran\u00e7ais"],"inLanguage":"fr-FR"},{"@type":"WebPage","@id":"https:\/\/interamerica.org\/fr\/2021\/08\/adra-se-mobilise-pour-soutenir-haiti-qui-a-ete-secoue-par-un-seisme-de-magnitude-72\/","url":"https:\/\/interamerica.org\/fr\/2021\/08\/adra-se-mobilise-pour-soutenir-haiti-qui-a-ete-secoue-par-un-seisme-de-magnitude-72\/","name":"ADRA se mobilise pour soutenir Ha\u00efti qui a \u00e9t\u00e9 secou\u00e9 par un s\u00e9isme de magnitude 7,2 - \u00c9glise Adventiste Du Septieme Jour - Inter Am\u00e9rique Division","isPartOf":{"@id":"https:\/\/interamerica.org\/fr\/#website"},"primaryImageOfPage":{"@id":"https:\/\/interamerica.org\/fr\/2021\/08\/adra-se-mobilise-pour-soutenir-haiti-qui-a-ete-secoue-par-un-seisme-de-magnitude-72\/#primaryimage"},"image":{"@id":"https:\/\/interamerica.org\/fr\/2021\/08\/adra-se-mobilise-pour-soutenir-haiti-qui-a-ete-secoue-par-un-seisme-de-magnitude-72\/#primaryimage"},"thumbnailUrl":"https:\/\/interamerica.org\/wp-content\/uploads\/2021\/08\/adra-haiti-aug14-1.jpg","datePublished":"2021-08-15T01:10:07+00:00","dateModified":"2021-08-15T07:54:47+00:00","author":{"@id":"https:\/\/interamerica.org\/fr\/#\/schema\/person\/29998f2bc2d8bd0d38662909289b54f1"},"breadcrumb":{"@id":"https:\/\/interamerica.org\/fr\/2021\/08\/adra-se-mobilise-pour-soutenir-haiti-qui-a-ete-secoue-par-un-seisme-de-magnitude-72\/#breadcrumb"},"inLanguage":"fr-FR","potentialAction":[{"@type":"ReadAction","target":["https:\/\/interamerica.org\/fr\/2021\/08\/adra-se-mobilise-pour-soutenir-haiti-qui-a-ete-secoue-par-un-seisme-de-magnitude-72\/"]}]},{"@type":"ImageObject","inLanguage":"fr-FR","@id":"https:\/\/interamerica.org\/fr\/2021\/08\/adra-se-mobilise-pour-soutenir-haiti-qui-a-ete-secoue-par-un-seisme-de-magnitude-72\/#primaryimage","url":"https:\/\/interamerica.org\/wp-content\/uploads\/2021\/08\/adra-haiti-aug14-1.jpg","contentUrl":"https:\/\/interamerica.org\/wp-content\/uploads\/2021\/08\/adra-haiti-aug14-1.jpg","width":1008,"height":567,"caption":"[Photo : Evan Bernardini \/ ADRA en Ha\u00efti]"},{"@type":"BreadcrumbList","@id":"https:\/\/interamerica.org\/fr\/2021\/08\/adra-se-mobilise-pour-soutenir-haiti-qui-a-ete-secoue-par-un-seisme-de-magnitude-72\/#breadcrumb","itemListElement":[{"@type":"ListItem","position":1,"name":"Home","item":"https:\/\/interamerica.org\/fr\/"},{"@type":"ListItem","position":2,"name":"ADRA se mobilise pour soutenir Ha\u00efti qui a \u00e9t\u00e9 secou\u00e9 par un s\u00e9isme de magnitude 7,2"}]},{"@type":"WebSite","@id":"https:\/\/interamerica.org\/fr\/#website","url":"https:\/\/interamerica.org\/fr\/","name":"\u00c9glise Adventiste Du Septieme Jour - Inter Am\u00e9rique Division","description":"","potentialAction":[{"@type":"SearchAction","target":{"@type":"EntryPoint","urlTemplate":"https:\/\/interamerica.org\/fr\/?s={search_term_string}"},"query-input":{"@type":"PropertyValueSpecification","valueRequired":true,"valueName":"search_term_string"}}],"inLanguage":"fr-FR"},{"@type":"Person","@id":"https:\/\/interamerica.org\/fr\/#\/schema\/person\/29998f2bc2d8bd0d38662909289b54f1","name":"libna","image":{"@type":"ImageObject","inLanguage":"fr-FR","@id":"https:\/\/secure.gravatar.com\/avatar\/7c5bd30ae4b47a9ba3c856590957fd1d96dc588bf3ac05719d247e126840331f?s=96&d=mm&r=g","url":"https:\/\/secure.gravatar.com\/avatar\/7c5bd30ae4b47a9ba3c856590957fd1d96dc588bf3ac05719d247e126840331f?s=96&d=mm&r=g","contentUrl":"https:\/\/secure.gravatar.com\/avatar\/7c5bd30ae4b47a9ba3c856590957fd1d96dc588bf3ac05719d247e126840331f?s=96&d=mm&r=g","caption":"libna"}}]}},"_links":{"self":[{"href":"https:\/\/interamerica.org\/fr\/wp-json\/wp\/v2\/posts\/74736","targetHints":{"allow":["GET"]}}],"collection":[{"href":"https:\/\/interamerica.org\/fr\/wp-json\/wp\/v2\/posts"}],"about":[{"href":"https:\/\/interamerica.org\/fr\/wp-json\/wp\/v2\/types\/post"}],"author":[{"embeddable":true,"href":"https:\/\/interamerica.org\/fr\/wp-json\/wp\/v2\/users\/3"}],"replies":[{"embeddable":true,"href":"https:\/\/interamerica.org\/fr\/wp-json\/wp\/v2\/comments?post=74736"}],"version-history":[{"count":0,"href":"https:\/\/interamerica.org\/fr\/wp-json\/wp\/v2\/posts\/74736\/revisions"}],"wp:featuredmedia":[{"embeddable":true,"href":"https:\/\/interamerica.org\/fr\/wp-json\/wp\/v2\/media\/74725"}],"wp:attachment":[{"href":"https:\/\/interamerica.org\/fr\/wp-json\/wp\/v2\/media?parent=74736"}],"wp:term":[{"taxonomy":"category","embeddable":true,"href":"https:\/\/interamerica.org\/fr\/wp-json\/wp\/v2\/categories?post=74736"},{"taxonomy":"post_tag","embeddable":true,"href":"https:\/\/interamerica.org\/fr\/wp-json\/wp\/v2\/tags?post=74736"}],"curies":[{"name":"wp","href":"https:\/\/api.w.org\/{rel}","templated":true}]}}