{"id":75201,"date":"2021-08-26T08:30:32","date_gmt":"2021-08-26T12:30:32","guid":{"rendered":"https:\/\/recursing-golick.147-182-135-0.plesk.page\/?p=75201"},"modified":"2021-08-27T08:47:29","modified_gmt":"2021-08-27T12:47:29","slug":"la-convention-asi-en-inter-amerique-encourage-les-chefs-dentreprise-adventistes-face-a-limpact-de-la-pandemie","status":"publish","type":"post","link":"https:\/\/interamerica.org\/fr\/2021\/08\/la-convention-asi-en-inter-amerique-encourage-les-chefs-dentreprise-adventistes-face-a-limpact-de-la-pandemie\/","title":{"rendered":"La convention ASi en Inter-Am\u00e9rique encourage les chefs d\u2019entreprise adventistes face \u00e0 l\u2019impact de la pand\u00e9mie"},"content":{"rendered":"<p>25 Ao\u00fbt 2021 | Miami, Floride, \u00c9tats-Unis | Libna Stevens, P\u00f4le Informations de la Division Inter Am\u00e9ricaine<\/p>\n<p>Les chefs d\u2019entreprises et les professionnels adventistes du septi\u00e8me jour de tous les pays hispanophones du territoire de la Division Inter Am\u00e9ricaine (DIA) ont pris part \u00e0 la convention annuelle virtuelle des Adventistes-La\u00efcs des Services et Industries (ASi), qui s\u2019est tenue cette ann\u00e9e du 20 au 22 ao\u00fbt 2021. Le programme virtuel a \u00e9t\u00e9 l\u2019occasion de consolider l\u2019engagement de centaines de professionnels adventistes \u00e0 continuer d\u2019\u00eatre des acteurs cl\u00e9s de la proclamation de Christ \u00e0 travers leurs entreprises, \u00e0 un moment o\u00f9 les effets persistants de la pand\u00e9mie continuent d\u2019avoir un impact \u00e9conomique.<\/p>\n<p>\u00ab En tant que membres d\u2019ASi, nous existons pour aimer \u00e0 travers des actions, nous existons pour soutenir concr\u00e8tement ceux qui sont dans le besoin, \u00bb a d\u00e9clar\u00e9 pasteur Ricardo Marin, pr\u00e9sident de l\u2019\u00c9glise adventiste dans l\u2019Union Centre-Am\u00e9ricaine du Sud. Il s\u2019agit d\u2019actions pratiques et d\u2019actes de bont\u00e9 qui peuvent aider de nombreuses personnes qui souffrent aujourd\u2019hui. Son message constituait un rappel clair qu\u2019au milieu de la crise \u00e9conomique pendant cette pand\u00e9mie, Dieu a toujours besoin que son peuple s\u2019occupe de ceux qui sont dans le besoin.<\/p>\n<p>Le programme de trois jours, dont le th\u00e8me \u00e9tait \u00ab Malgr\u00e9 la Crise, J\u2019Irai, \u00bb, visait \u00e0 inspirer les dirigeants et les chefs d\u2019entreprise en leur apportant un soutien spirituel, et \u00e0 les \u00e9quiper pour qu\u2019ils soient des mod\u00e8les de Christ dans leur vie professionnelle, \u00e0 affirmer les dons des professionnels, des chefs d\u2019entreprise, et des artisans adventistes afin de leur permettre de se d\u00e9velopper \u00e0 travers des s\u00e9minaires, des conf\u00e9rences et des ateliers, a d\u00e9clar\u00e9 pasteur James Daniel, assistant du pr\u00e9sident de la DIA et secr\u00e9taire d\u2019ASi Inter-Am\u00e9rique.<\/p>\n<p><div id=\"attachment_75121\" style=\"width: 816px\" class=\"wp-caption aligncenter\"><img fetchpriority=\"high\" decoding=\"async\" aria-describedby=\"caption-attachment-75121\" class=\"wp-image-75121\" src=\"https:\/\/recursing-golick.147-182-135-0.plesk.page\/wp-content\/uploads\/2021\/08\/james-daniel-asi-2021-spanish.png\" alt=\"\" width=\"806\" height=\"449\" srcset=\"https:\/\/interamerica.org\/wp-content\/uploads\/2021\/08\/james-daniel-asi-2021-spanish.png 1000w, https:\/\/interamerica.org\/wp-content\/uploads\/2021\/08\/james-daniel-asi-2021-spanish-300x167.png 300w, https:\/\/interamerica.org\/wp-content\/uploads\/2021\/08\/james-daniel-asi-2021-spanish-768x428.png 768w\" sizes=\"(max-width: 806px) 100vw, 806px\" \/><p id=\"caption-attachment-75121\" class=\"wp-caption-text\">Pasteur James Daniel, assistant aupr\u00e8s du pr\u00e9sident de la DIA et secr\u00e9taire d\u2019ASi Inter-Am\u00e9rique, a d\u00e9clar\u00e9 que cette ann\u00e9e, \u00e0 cause de la pand\u00e9mie, les conventions annuelles devaient se tenir en ligne en anglais, en espagnol et en fran\u00e7ais, s\u00e9par\u00e9ment. [Photo : Capture d\u2019\u00e9cran de la DIA]<\/p><\/div>\u00ab Il est important pour ASi de concentrer l\u2019attention de ses membres sur la mission de l\u2019\u00e9glise, en utilisant leurs ressources spirituelles, humaines et financi\u00e8res &#8211; individuellement et collectivement &#8211; pour la proclamation de l\u2019\u00e9vangile alors qu\u2019ils exercent leur minist\u00e8re sur leur lieu de travail, \u00bb a dit James Daniel.<\/p>\n<p>Depuis que la pand\u00e9mie a frapp\u00e9 l\u2019ann\u00e9e derni\u00e8re, des conventions se sont tenues en ligne dans les trois principales langues du territoire : l\u2019anglais, l\u2019espagnol et le fran\u00e7ais s\u00e9par\u00e9ment, a indiqu\u00e9 Marston Thomas, pr\u00e9sident d\u2019ASi Inter-Am\u00e9rique. \u00ab Nous voulons que les membres des sections locales soient \u00e9quip\u00e9s et inspir\u00e9s pour proclamer la bonne nouvelle du salut, \u00bb a d\u00e9clar\u00e9 Marston Thomas. Le mois dernier, la convention d\u2019ASi Inter-Am\u00e9rique pour le territoire francophone s\u2019est tenue du 23 au 25 juillet 2021.<\/p>\n<p>Pasteur Arnaldo Cruz, directeur de la communication et de l\u2019\u00e9vang\u00e9lisation num\u00e9rique pour la F\u00e9d\u00e9ration du Sud-Est en Floride, aux \u00c9tats-Unis, lors de son discours le sabbat matin, a rappel\u00e9 aux internautes lors de la convention, qu\u2019au milieu de la crise \u00e0 laquelle ils peuvent \u00eatre confront\u00e9s, Dieu peut les aider \u00e0 surmonter les difficult\u00e9s. \u00ab Vous pouvez encore avoir un impact sur le monde parce que tout ce que nous avons appartient \u00e0 J\u00e9hovah, \u00bb a d\u00e9clar\u00e9 pasteur Cruz. \u00ab La crise provoqu\u00e9e par la pand\u00e9mie ne devrait pas vous arr\u00eater parce que Dieu voudrait que vous alliez en son nom, parce qu\u2019il est avec vous, \u00bb a-t-il d\u00e9clar\u00e9.<\/p>\n<p>\u00ab Tout ce que nous avons, ce que nous avons re\u00e7u et ce que nous aurons, nous le devons \u00e0 Dieu, et il continue de chercher des personnes qui peuvent apporter l\u2019esp\u00e9rance, la lib\u00e9ration du p\u00e9ch\u00e9 et la joie, \u00e0 ceux qui sont d\u00e9courag\u00e9s, \u00bb a dit pasteur Cruz.<\/p>\n<p><div id=\"attachment_75115\" style=\"width: 810px\" class=\"wp-caption aligncenter\"><img decoding=\"async\" aria-describedby=\"caption-attachment-75115\" class=\" wp-image-75115\" src=\"https:\/\/recursing-golick.147-182-135-0.plesk.page\/wp-content\/uploads\/2021\/08\/arnaldo-cruz-asi-2021.png\" alt=\"\" width=\"800\" height=\"473\" srcset=\"https:\/\/interamerica.org\/wp-content\/uploads\/2021\/08\/arnaldo-cruz-asi-2021.png 1000w, https:\/\/interamerica.org\/wp-content\/uploads\/2021\/08\/arnaldo-cruz-asi-2021-300x177.png 300w, https:\/\/interamerica.org\/wp-content\/uploads\/2021\/08\/arnaldo-cruz-asi-2021-768x454.png 768w\" sizes=\"(max-width: 800px) 100vw, 800px\" \/><p id=\"caption-attachment-75115\" class=\"wp-caption-text\">Pasteur Arnaldo Cruz, directeur de la communication et de l\u2019\u00e9vang\u00e9lisation num\u00e9rique pour la F\u00e9d\u00e9ration du Sud-Est en Floride, aux \u00c9tats-Unis, \u00e9tait l\u2019intervenant principal du service de culte du sabbat 21 ao\u00fbt 2021, lors de la convention annuelle virtuelle d\u2019ASi Inter-Am\u00e9rique de cette ann\u00e9e. [Photo : Capture d\u2019\u00e9cran de la DIA]<\/p><\/div>Le programme en ligne d\u2019ASi comprenait de la musique, des messages spirituels, des pri\u00e8res et des s\u00e9minaires sur la gestion des entreprises, sur l\u2019intelligence \u00e9motionnelle, sur la sant\u00e9 et le bien-\u00eatre, et sur la fa\u00e7on d\u2019organiser une section locale d\u2019ASi qui fonctionne bien, des rapports des sections r\u00e9gionales, et plus encore.<\/p>\n<p>Au cours des 23 ann\u00e9es \u00e9coul\u00e9es depuis l\u2019organisation d\u2019ASi Inter-Am\u00e9rique sur le territoire, le nombre de sections est pass\u00e9 \u00e0 22 au niveau r\u00e9gional et local, ont indiqu\u00e9 les organisateurs. \u00ab Nous voulons aller de l\u2019avant avec la consolidation des sections locales, en d\u00e9velopper davantage dans les territoires hispanophones et francophones du territoire de la division, afin que davantage de minist\u00e8res soutenant la mission puissent se d\u00e9velopper dans les entreprises et les communaut\u00e9s, \u00bb a d\u00e9clar\u00e9 pasteur Daniel.<\/p>\n<p>L\u2019une des sections qui s\u2019est d\u00e9velopp\u00e9e se trouve dans l\u2019Union Mexicaine Inter Oc\u00e9anique. Au cours des derni\u00e8res ann\u00e9es, l\u2019union a \u00e9tabli 11 sections locales d\u2019ASi dans ses 11 f\u00e9d\u00e9rations et missions. \u00ab M\u00eame si nous avons \u00e9t\u00e9 un peu ralentis au d\u00e9but de la pand\u00e9mie, cela nous a conduit \u00e0 proposer une formation sp\u00e9ciale pour aider beaucoup de nos membres d\u2019ASi \u00e0 acqu\u00e9rir des strat\u00e9gies pour faire face \u00e0 la crise, \u00bb a d\u00e9clar\u00e9 Benjamin Camacho, secr\u00e9taire de la section d\u2019ASi dans l\u2019Union Mexicaine Inter Oc\u00e9anique. Parmi les projets mis en \u0153uvre r\u00e9cemment, il y a l\u2019id\u00e9e d\u2019amener une famille de chef d\u2019entreprise \u00e0 partager l\u2019\u00e9vangile avec une autre famille de chef d\u2019entreprise, donner des outils pour consolider l\u2019entreprise et cr\u00e9er des opportunit\u00e9s commerciales \u00e0 travers un partenariat avec Alimenteos Colpac, bas\u00e9e au Mexique, l\u2019une des entreprises alimentaires de l\u2019\u00c9glise, ainsi que la distribution de nourriture aux familles dans le besoin.<\/p>\n<p><div id=\"attachment_75118\" style=\"width: 811px\" class=\"wp-caption aligncenter\"><img decoding=\"async\" aria-describedby=\"caption-attachment-75118\" class=\" wp-image-75118\" src=\"https:\/\/recursing-golick.147-182-135-0.plesk.page\/wp-content\/uploads\/2021\/08\/asi-2021-dora-ochoa-ivan-luna.png\" alt=\"\" width=\"801\" height=\"450\" srcset=\"https:\/\/interamerica.org\/wp-content\/uploads\/2021\/08\/asi-2021-dora-ochoa-ivan-luna.png 1000w, https:\/\/interamerica.org\/wp-content\/uploads\/2021\/08\/asi-2021-dora-ochoa-ivan-luna-300x169.png 300w, https:\/\/interamerica.org\/wp-content\/uploads\/2021\/08\/asi-2021-dora-ochoa-ivan-luna-768x432.png 768w\" sizes=\"(max-width: 801px) 100vw, 801px\" \/><p id=\"caption-attachment-75118\" class=\"wp-caption-text\">Dora Ochoa (\u00e0 droite), originaire du Mexique, chante un chant d\u2019adoration lors de l\u2019ouverture de la convention en ligne d\u2019ASi Inter-Am\u00e9rique, le 20 ao\u00fbt 2021, tandis qu\u2019Ivan Luna l\u2019accompagne au clavier. [Photo : Capture d\u2019\u00e9cran de la DIA]<\/p><\/div>De plus, la section locale d\u2019ASi dans l\u2019Union Mexicaine Inter Oc\u00e9anique lancera bient\u00f4t une nouvelle application pour les t\u00e9l\u00e9phones Android et iOS permettant aux chefs d\u2019entreprise et aux professionnels d\u2019utiliser l\u2019application pour inscrire leur entreprise, se connecter et r\u00e9seauter non seulement dans l\u2019ensemble de l\u2019union mais dans tout le Mexique, a indiqu\u00e9 Benjamin Camacho.<\/p>\n<p>L\u2019offrande sp\u00e9ciale collect\u00e9e cette ann\u00e9e sera utilis\u00e9e pour l\u2019aide humanitaire \u00e0 apporter aux victimes du r\u00e9cent tremblement de terre en Ha\u00efti et aux victimes d\u2019inondations dans d\u2019autres endroits de la DIA, ont d\u00e9clar\u00e9 les organisateurs.<\/p>\n<p>La prochaine convention d\u2019ASi Inter-Am\u00e9rique pour le territoire anglophone devrait avoir lieu en ligne du 20 au 24 octobre 2021.<\/p>\n<p>Les Adventistes La\u00efcs des Services et Industries, connus sous le nom d\u2019ASI, est une organisation de la\u00efcs adventistes du septi\u00e8me jour impliqu\u00e9s dans des professions, l\u2019industrie, l\u2019\u00e9ducation et\/ou les services et existe pour lancer des d\u00e9fis, entretenir, et proposer son exp\u00e9rience dans le domaine de la proclamation du Christ dans le milieu professionnel et aussi soutenir la mission globale de l\u2019\u00c9glise adventiste du septi\u00e8me jour.<\/p>\n<p>Pour en savoir plus sur les conventions annuelles d\u2019ASi Inter-Am\u00e9rique de cette ann\u00e9e, visitez-nous \u00e0 l\u2019adresse\u00a0<a href=\"https:\/\/recursing-golick.147-182-135-0.plesk.page\/\">interamerica.org<\/a><\/p>\n<p>Pour voir les segments en ligne de l\u2019\u00e9dition hispanophone de la Convention d\u2019ASI Inter-Am\u00e9rique de cette ann\u00e9e,<\/p>\n<p>Cliquez comme suit<br \/>\n<a href=\"https:\/\/www.youtube.com\/watch?v=I4PO2bCc8Bc\">ICI<\/a>, pour le vendredi 20 ao\u00fbt<\/p>\n<p><a href=\"https:\/\/www.youtube.com\/watch?v=dsX8xwjGfJk\">ICI<\/a>, pour le sabbat matin, 21 ao\u00fbt<\/p>\n<p><a href=\"https:\/\/www.youtube.com\/watch?v=nNZCSEfRzqs\">ICI<\/a>, pour le Sabbat apr\u00e8s-midi, 22 ao\u00fbt<\/p>\n<p>Traduction: Patrick Luciathe<\/p>\n","protected":false},"excerpt":{"rendered":"<p>25 Ao\u00fbt 2021 | Miami, Floride, \u00c9tats-Unis | Libna Stevens, P\u00f4le Informations de la Division Inter Am\u00e9ricaine Les chefs d\u2019entreprises et les professionnels adventistes du septi\u00e8me jour de tous les&#8230;<\/p>\n","protected":false},"author":3,"featured_media":42689,"comment_status":"closed","ping_status":"closed","sticky":false,"template":"","format":"standard","meta":{"_acf_changed":false,"footnotes":""},"categories":[20,19],"tags":[],"class_list":["post-75201","post","type-post","status-publish","format-standard","has-post-thumbnail","hentry","category-nouvelles-du-siege-de-la-division","category-rss-francais"],"acf":[],"yoast_head":"<!-- This site is optimized with the Yoast SEO plugin v27.3 - https:\/\/yoast.com\/product\/yoast-seo-wordpress\/ -->\n<title>La convention ASi en Inter-Am\u00e9rique encourage les chefs d\u2019entreprise adventistes face \u00e0 l\u2019impact de la pand\u00e9mie - \u00c9glise Adventiste Du Septieme Jour - Inter Am\u00e9rique Division<\/title>\n<meta name=\"robots\" content=\"index, follow, max-snippet:-1, max-image-preview:large, max-video-preview:-1\" \/>\n<link rel=\"canonical\" href=\"https:\/\/interamerica.org\/fr\/2021\/08\/la-convention-asi-en-inter-amerique-encourage-les-chefs-dentreprise-adventistes-face-a-limpact-de-la-pandemie\/\" \/>\n<meta property=\"og:locale\" content=\"fr_FR\" \/>\n<meta property=\"og:type\" content=\"article\" \/>\n<meta property=\"og:title\" content=\"La convention ASi en Inter-Am\u00e9rique encourage les chefs d\u2019entreprise adventistes face \u00e0 l\u2019impact de la pand\u00e9mie - \u00c9glise Adventiste Du Septieme Jour - Inter Am\u00e9rique Division\" \/>\n<meta property=\"og:description\" content=\"25 Ao\u00fbt 2021 | Miami, Floride, \u00c9tats-Unis | Libna Stevens, P\u00f4le Informations de la Division Inter Am\u00e9ricaine Les chefs d\u2019entreprises et les professionnels adventistes du septi\u00e8me jour de tous les...\" \/>\n<meta property=\"og:url\" content=\"https:\/\/interamerica.org\/fr\/2021\/08\/la-convention-asi-en-inter-amerique-encourage-les-chefs-dentreprise-adventistes-face-a-limpact-de-la-pandemie\/\" \/>\n<meta property=\"og:site_name\" content=\"\u00c9glise Adventiste Du Septieme Jour - Inter Am\u00e9rique Division\" \/>\n<meta property=\"article:published_time\" content=\"2021-08-26T12:30:32+00:00\" \/>\n<meta property=\"article:modified_time\" content=\"2021-08-27T12:47:29+00:00\" \/>\n<meta property=\"og:image\" content=\"https:\/\/interamerica.org\/wp-content\/uploads\/2018\/07\/iad-flags-missions.jpg\" \/>\n\t<meta property=\"og:image:width\" content=\"1280\" \/>\n\t<meta property=\"og:image:height\" content=\"800\" \/>\n\t<meta property=\"og:image:type\" content=\"image\/jpeg\" \/>\n<meta name=\"author\" content=\"libna\" \/>\n<meta name=\"twitter:card\" content=\"summary_large_image\" \/>\n<meta name=\"twitter:label1\" content=\"\u00c9crit par\" \/>\n\t<meta name=\"twitter:data1\" content=\"libna\" \/>\n\t<meta name=\"twitter:label2\" content=\"Dur\u00e9e de lecture estim\u00e9e\" \/>\n\t<meta name=\"twitter:data2\" content=\"7 minutes\" \/>\n<script type=\"application\/ld+json\" class=\"yoast-schema-graph\">{\"@context\":\"https:\\\/\\\/schema.org\",\"@graph\":[{\"@type\":\"Article\",\"@id\":\"https:\\\/\\\/interamerica.org\\\/fr\\\/2021\\\/08\\\/la-convention-asi-en-inter-amerique-encourage-les-chefs-dentreprise-adventistes-face-a-limpact-de-la-pandemie\\\/#article\",\"isPartOf\":{\"@id\":\"https:\\\/\\\/interamerica.org\\\/fr\\\/2021\\\/08\\\/la-convention-asi-en-inter-amerique-encourage-les-chefs-dentreprise-adventistes-face-a-limpact-de-la-pandemie\\\/\"},\"author\":{\"name\":\"libna\",\"@id\":\"https:\\\/\\\/interamerica.org\\\/fr\\\/#\\\/schema\\\/person\\\/29998f2bc2d8bd0d38662909289b54f1\"},\"headline\":\"La convention ASi en Inter-Am\u00e9rique encourage les chefs d\u2019entreprise adventistes face \u00e0 l\u2019impact de la pand\u00e9mie\",\"datePublished\":\"2021-08-26T12:30:32+00:00\",\"dateModified\":\"2021-08-27T12:47:29+00:00\",\"mainEntityOfPage\":{\"@id\":\"https:\\\/\\\/interamerica.org\\\/fr\\\/2021\\\/08\\\/la-convention-asi-en-inter-amerique-encourage-les-chefs-dentreprise-adventistes-face-a-limpact-de-la-pandemie\\\/\"},\"wordCount\":1422,\"image\":{\"@id\":\"https:\\\/\\\/interamerica.org\\\/fr\\\/2021\\\/08\\\/la-convention-asi-en-inter-amerique-encourage-les-chefs-dentreprise-adventistes-face-a-limpact-de-la-pandemie\\\/#primaryimage\"},\"thumbnailUrl\":\"https:\\\/\\\/interamerica.org\\\/wp-content\\\/uploads\\\/2018\\\/07\\\/iad-flags-missions.jpg\",\"articleSection\":[\"Nouvelles du si\u00e8ge de la division\",\"RSS Fran\u00e7ais\"],\"inLanguage\":\"fr-FR\"},{\"@type\":\"WebPage\",\"@id\":\"https:\\\/\\\/interamerica.org\\\/fr\\\/2021\\\/08\\\/la-convention-asi-en-inter-amerique-encourage-les-chefs-dentreprise-adventistes-face-a-limpact-de-la-pandemie\\\/\",\"url\":\"https:\\\/\\\/interamerica.org\\\/fr\\\/2021\\\/08\\\/la-convention-asi-en-inter-amerique-encourage-les-chefs-dentreprise-adventistes-face-a-limpact-de-la-pandemie\\\/\",\"name\":\"La convention ASi en Inter-Am\u00e9rique encourage les chefs d\u2019entreprise adventistes face \u00e0 l\u2019impact de la pand\u00e9mie - \u00c9glise Adventiste Du Septieme Jour - Inter Am\u00e9rique Division\",\"isPartOf\":{\"@id\":\"https:\\\/\\\/interamerica.org\\\/fr\\\/#website\"},\"primaryImageOfPage\":{\"@id\":\"https:\\\/\\\/interamerica.org\\\/fr\\\/2021\\\/08\\\/la-convention-asi-en-inter-amerique-encourage-les-chefs-dentreprise-adventistes-face-a-limpact-de-la-pandemie\\\/#primaryimage\"},\"image\":{\"@id\":\"https:\\\/\\\/interamerica.org\\\/fr\\\/2021\\\/08\\\/la-convention-asi-en-inter-amerique-encourage-les-chefs-dentreprise-adventistes-face-a-limpact-de-la-pandemie\\\/#primaryimage\"},\"thumbnailUrl\":\"https:\\\/\\\/interamerica.org\\\/wp-content\\\/uploads\\\/2018\\\/07\\\/iad-flags-missions.jpg\",\"datePublished\":\"2021-08-26T12:30:32+00:00\",\"dateModified\":\"2021-08-27T12:47:29+00:00\",\"author\":{\"@id\":\"https:\\\/\\\/interamerica.org\\\/fr\\\/#\\\/schema\\\/person\\\/29998f2bc2d8bd0d38662909289b54f1\"},\"breadcrumb\":{\"@id\":\"https:\\\/\\\/interamerica.org\\\/fr\\\/2021\\\/08\\\/la-convention-asi-en-inter-amerique-encourage-les-chefs-dentreprise-adventistes-face-a-limpact-de-la-pandemie\\\/#breadcrumb\"},\"inLanguage\":\"fr-FR\",\"potentialAction\":[{\"@type\":\"ReadAction\",\"target\":[\"https:\\\/\\\/interamerica.org\\\/fr\\\/2021\\\/08\\\/la-convention-asi-en-inter-amerique-encourage-les-chefs-dentreprise-adventistes-face-a-limpact-de-la-pandemie\\\/\"]}]},{\"@type\":\"ImageObject\",\"inLanguage\":\"fr-FR\",\"@id\":\"https:\\\/\\\/interamerica.org\\\/fr\\\/2021\\\/08\\\/la-convention-asi-en-inter-amerique-encourage-les-chefs-dentreprise-adventistes-face-a-limpact-de-la-pandemie\\\/#primaryimage\",\"url\":\"https:\\\/\\\/interamerica.org\\\/wp-content\\\/uploads\\\/2018\\\/07\\\/iad-flags-missions.jpg\",\"contentUrl\":\"https:\\\/\\\/interamerica.org\\\/wp-content\\\/uploads\\\/2018\\\/07\\\/iad-flags-missions.jpg\",\"width\":1280,\"height\":800,\"caption\":\"Image de Libna Stevens\\\/DIA\"},{\"@type\":\"BreadcrumbList\",\"@id\":\"https:\\\/\\\/interamerica.org\\\/fr\\\/2021\\\/08\\\/la-convention-asi-en-inter-amerique-encourage-les-chefs-dentreprise-adventistes-face-a-limpact-de-la-pandemie\\\/#breadcrumb\",\"itemListElement\":[{\"@type\":\"ListItem\",\"position\":1,\"name\":\"Home\",\"item\":\"https:\\\/\\\/interamerica.org\\\/fr\\\/\"},{\"@type\":\"ListItem\",\"position\":2,\"name\":\"La convention ASi en Inter-Am\u00e9rique encourage les chefs d\u2019entreprise adventistes face \u00e0 l\u2019impact de la pand\u00e9mie\"}]},{\"@type\":\"WebSite\",\"@id\":\"https:\\\/\\\/interamerica.org\\\/fr\\\/#website\",\"url\":\"https:\\\/\\\/interamerica.org\\\/fr\\\/\",\"name\":\"\u00c9glise Adventiste Du Septieme Jour - Inter Am\u00e9rique Division\",\"description\":\"\",\"potentialAction\":[{\"@type\":\"SearchAction\",\"target\":{\"@type\":\"EntryPoint\",\"urlTemplate\":\"https:\\\/\\\/interamerica.org\\\/fr\\\/?s={search_term_string}\"},\"query-input\":{\"@type\":\"PropertyValueSpecification\",\"valueRequired\":true,\"valueName\":\"search_term_string\"}}],\"inLanguage\":\"fr-FR\"},{\"@type\":\"Person\",\"@id\":\"https:\\\/\\\/interamerica.org\\\/fr\\\/#\\\/schema\\\/person\\\/29998f2bc2d8bd0d38662909289b54f1\",\"name\":\"libna\",\"image\":{\"@type\":\"ImageObject\",\"inLanguage\":\"fr-FR\",\"@id\":\"https:\\\/\\\/secure.gravatar.com\\\/avatar\\\/7c5bd30ae4b47a9ba3c856590957fd1d96dc588bf3ac05719d247e126840331f?s=96&d=mm&r=g\",\"url\":\"https:\\\/\\\/secure.gravatar.com\\\/avatar\\\/7c5bd30ae4b47a9ba3c856590957fd1d96dc588bf3ac05719d247e126840331f?s=96&d=mm&r=g\",\"contentUrl\":\"https:\\\/\\\/secure.gravatar.com\\\/avatar\\\/7c5bd30ae4b47a9ba3c856590957fd1d96dc588bf3ac05719d247e126840331f?s=96&d=mm&r=g\",\"caption\":\"libna\"}}]}<\/script>\n<!-- \/ Yoast SEO plugin. -->","yoast_head_json":{"title":"La convention ASi en Inter-Am\u00e9rique encourage les chefs d\u2019entreprise adventistes face \u00e0 l\u2019impact de la pand\u00e9mie - \u00c9glise Adventiste Du Septieme Jour - Inter Am\u00e9rique Division","robots":{"index":"index","follow":"follow","max-snippet":"max-snippet:-1","max-image-preview":"max-image-preview:large","max-video-preview":"max-video-preview:-1"},"canonical":"https:\/\/interamerica.org\/fr\/2021\/08\/la-convention-asi-en-inter-amerique-encourage-les-chefs-dentreprise-adventistes-face-a-limpact-de-la-pandemie\/","og_locale":"fr_FR","og_type":"article","og_title":"La convention ASi en Inter-Am\u00e9rique encourage les chefs d\u2019entreprise adventistes face \u00e0 l\u2019impact de la pand\u00e9mie - \u00c9glise Adventiste Du Septieme Jour - Inter Am\u00e9rique Division","og_description":"25 Ao\u00fbt 2021 | Miami, Floride, \u00c9tats-Unis | Libna Stevens, P\u00f4le Informations de la Division Inter Am\u00e9ricaine Les chefs d\u2019entreprises et les professionnels adventistes du septi\u00e8me jour de tous les...","og_url":"https:\/\/interamerica.org\/fr\/2021\/08\/la-convention-asi-en-inter-amerique-encourage-les-chefs-dentreprise-adventistes-face-a-limpact-de-la-pandemie\/","og_site_name":"\u00c9glise Adventiste Du Septieme Jour - Inter Am\u00e9rique Division","article_published_time":"2021-08-26T12:30:32+00:00","article_modified_time":"2021-08-27T12:47:29+00:00","og_image":[{"width":1280,"height":800,"url":"https:\/\/interamerica.org\/wp-content\/uploads\/2018\/07\/iad-flags-missions.jpg","type":"image\/jpeg"}],"author":"libna","twitter_card":"summary_large_image","twitter_misc":{"\u00c9crit par":"libna","Dur\u00e9e de lecture estim\u00e9e":"7 minutes"},"schema":{"@context":"https:\/\/schema.org","@graph":[{"@type":"Article","@id":"https:\/\/interamerica.org\/fr\/2021\/08\/la-convention-asi-en-inter-amerique-encourage-les-chefs-dentreprise-adventistes-face-a-limpact-de-la-pandemie\/#article","isPartOf":{"@id":"https:\/\/interamerica.org\/fr\/2021\/08\/la-convention-asi-en-inter-amerique-encourage-les-chefs-dentreprise-adventistes-face-a-limpact-de-la-pandemie\/"},"author":{"name":"libna","@id":"https:\/\/interamerica.org\/fr\/#\/schema\/person\/29998f2bc2d8bd0d38662909289b54f1"},"headline":"La convention ASi en Inter-Am\u00e9rique encourage les chefs d\u2019entreprise adventistes face \u00e0 l\u2019impact de la pand\u00e9mie","datePublished":"2021-08-26T12:30:32+00:00","dateModified":"2021-08-27T12:47:29+00:00","mainEntityOfPage":{"@id":"https:\/\/interamerica.org\/fr\/2021\/08\/la-convention-asi-en-inter-amerique-encourage-les-chefs-dentreprise-adventistes-face-a-limpact-de-la-pandemie\/"},"wordCount":1422,"image":{"@id":"https:\/\/interamerica.org\/fr\/2021\/08\/la-convention-asi-en-inter-amerique-encourage-les-chefs-dentreprise-adventistes-face-a-limpact-de-la-pandemie\/#primaryimage"},"thumbnailUrl":"https:\/\/interamerica.org\/wp-content\/uploads\/2018\/07\/iad-flags-missions.jpg","articleSection":["Nouvelles du si\u00e8ge de la division","RSS Fran\u00e7ais"],"inLanguage":"fr-FR"},{"@type":"WebPage","@id":"https:\/\/interamerica.org\/fr\/2021\/08\/la-convention-asi-en-inter-amerique-encourage-les-chefs-dentreprise-adventistes-face-a-limpact-de-la-pandemie\/","url":"https:\/\/interamerica.org\/fr\/2021\/08\/la-convention-asi-en-inter-amerique-encourage-les-chefs-dentreprise-adventistes-face-a-limpact-de-la-pandemie\/","name":"La convention ASi en Inter-Am\u00e9rique encourage les chefs d\u2019entreprise adventistes face \u00e0 l\u2019impact de la pand\u00e9mie - \u00c9glise Adventiste Du Septieme Jour - Inter Am\u00e9rique Division","isPartOf":{"@id":"https:\/\/interamerica.org\/fr\/#website"},"primaryImageOfPage":{"@id":"https:\/\/interamerica.org\/fr\/2021\/08\/la-convention-asi-en-inter-amerique-encourage-les-chefs-dentreprise-adventistes-face-a-limpact-de-la-pandemie\/#primaryimage"},"image":{"@id":"https:\/\/interamerica.org\/fr\/2021\/08\/la-convention-asi-en-inter-amerique-encourage-les-chefs-dentreprise-adventistes-face-a-limpact-de-la-pandemie\/#primaryimage"},"thumbnailUrl":"https:\/\/interamerica.org\/wp-content\/uploads\/2018\/07\/iad-flags-missions.jpg","datePublished":"2021-08-26T12:30:32+00:00","dateModified":"2021-08-27T12:47:29+00:00","author":{"@id":"https:\/\/interamerica.org\/fr\/#\/schema\/person\/29998f2bc2d8bd0d38662909289b54f1"},"breadcrumb":{"@id":"https:\/\/interamerica.org\/fr\/2021\/08\/la-convention-asi-en-inter-amerique-encourage-les-chefs-dentreprise-adventistes-face-a-limpact-de-la-pandemie\/#breadcrumb"},"inLanguage":"fr-FR","potentialAction":[{"@type":"ReadAction","target":["https:\/\/interamerica.org\/fr\/2021\/08\/la-convention-asi-en-inter-amerique-encourage-les-chefs-dentreprise-adventistes-face-a-limpact-de-la-pandemie\/"]}]},{"@type":"ImageObject","inLanguage":"fr-FR","@id":"https:\/\/interamerica.org\/fr\/2021\/08\/la-convention-asi-en-inter-amerique-encourage-les-chefs-dentreprise-adventistes-face-a-limpact-de-la-pandemie\/#primaryimage","url":"https:\/\/interamerica.org\/wp-content\/uploads\/2018\/07\/iad-flags-missions.jpg","contentUrl":"https:\/\/interamerica.org\/wp-content\/uploads\/2018\/07\/iad-flags-missions.jpg","width":1280,"height":800,"caption":"Image de Libna Stevens\/DIA"},{"@type":"BreadcrumbList","@id":"https:\/\/interamerica.org\/fr\/2021\/08\/la-convention-asi-en-inter-amerique-encourage-les-chefs-dentreprise-adventistes-face-a-limpact-de-la-pandemie\/#breadcrumb","itemListElement":[{"@type":"ListItem","position":1,"name":"Home","item":"https:\/\/interamerica.org\/fr\/"},{"@type":"ListItem","position":2,"name":"La convention ASi en Inter-Am\u00e9rique encourage les chefs d\u2019entreprise adventistes face \u00e0 l\u2019impact de la pand\u00e9mie"}]},{"@type":"WebSite","@id":"https:\/\/interamerica.org\/fr\/#website","url":"https:\/\/interamerica.org\/fr\/","name":"\u00c9glise Adventiste Du Septieme Jour - Inter Am\u00e9rique Division","description":"","potentialAction":[{"@type":"SearchAction","target":{"@type":"EntryPoint","urlTemplate":"https:\/\/interamerica.org\/fr\/?s={search_term_string}"},"query-input":{"@type":"PropertyValueSpecification","valueRequired":true,"valueName":"search_term_string"}}],"inLanguage":"fr-FR"},{"@type":"Person","@id":"https:\/\/interamerica.org\/fr\/#\/schema\/person\/29998f2bc2d8bd0d38662909289b54f1","name":"libna","image":{"@type":"ImageObject","inLanguage":"fr-FR","@id":"https:\/\/secure.gravatar.com\/avatar\/7c5bd30ae4b47a9ba3c856590957fd1d96dc588bf3ac05719d247e126840331f?s=96&d=mm&r=g","url":"https:\/\/secure.gravatar.com\/avatar\/7c5bd30ae4b47a9ba3c856590957fd1d96dc588bf3ac05719d247e126840331f?s=96&d=mm&r=g","contentUrl":"https:\/\/secure.gravatar.com\/avatar\/7c5bd30ae4b47a9ba3c856590957fd1d96dc588bf3ac05719d247e126840331f?s=96&d=mm&r=g","caption":"libna"}}]}},"_links":{"self":[{"href":"https:\/\/interamerica.org\/fr\/wp-json\/wp\/v2\/posts\/75201","targetHints":{"allow":["GET"]}}],"collection":[{"href":"https:\/\/interamerica.org\/fr\/wp-json\/wp\/v2\/posts"}],"about":[{"href":"https:\/\/interamerica.org\/fr\/wp-json\/wp\/v2\/types\/post"}],"author":[{"embeddable":true,"href":"https:\/\/interamerica.org\/fr\/wp-json\/wp\/v2\/users\/3"}],"replies":[{"embeddable":true,"href":"https:\/\/interamerica.org\/fr\/wp-json\/wp\/v2\/comments?post=75201"}],"version-history":[{"count":0,"href":"https:\/\/interamerica.org\/fr\/wp-json\/wp\/v2\/posts\/75201\/revisions"}],"wp:featuredmedia":[{"embeddable":true,"href":"https:\/\/interamerica.org\/fr\/wp-json\/wp\/v2\/media\/42689"}],"wp:attachment":[{"href":"https:\/\/interamerica.org\/fr\/wp-json\/wp\/v2\/media?parent=75201"}],"wp:term":[{"taxonomy":"category","embeddable":true,"href":"https:\/\/interamerica.org\/fr\/wp-json\/wp\/v2\/categories?post=75201"},{"taxonomy":"post_tag","embeddable":true,"href":"https:\/\/interamerica.org\/fr\/wp-json\/wp\/v2\/tags?post=75201"}],"curies":[{"name":"wp","href":"https:\/\/api.w.org\/{rel}","templated":true}]}}