{"id":75202,"date":"2021-08-27T08:30:35","date_gmt":"2021-08-27T12:30:35","guid":{"rendered":"https:\/\/recursing-golick.147-182-135-0.plesk.page\/?p=75202"},"modified":"2021-08-27T09:02:14","modified_gmt":"2021-08-27T13:02:14","slug":"linter-amerique-celebrera-la-journee-des-laics-dans-tout-le-territoire-le-4-septembre","status":"publish","type":"post","link":"https:\/\/interamerica.org\/fr\/2021\/08\/linter-amerique-celebrera-la-journee-des-laics-dans-tout-le-territoire-le-4-septembre\/","title":{"rendered":"L\u2019Inter-Am\u00e9rique c\u00e9l\u00e9brera la \u00ab Journ\u00e9e des La\u00efcs \u00bb dans tout le territoire le 4 septembre"},"content":{"rendered":"<p>27 Ao\u00fbt 2021 | Miami, Floride, \u00c9tats-Unis | Libna Stevens, P\u00f4le Information de la Division Inter Am\u00e9ricaine<\/p>\n<p>L\u2019\u00c9glise adventiste du septi\u00e8me jour en Inter Am\u00e9rique se pr\u00e9pare \u00e0 c\u00e9l\u00e9brer les plus d\u2019un million de membres d\u2019\u00e9glise actifs, ou la\u00efcs, dans l\u2019ensemble du territoire, qui proclament l\u2019\u00e9vangile de mani\u00e8re infatigable dans leurs communaut\u00e9s chaque jour. La c\u00e9l\u00e9bration, qui est baptis\u00e9e Journ\u00e9e Interam\u00e9ricaine des La\u00efcs, aura lieu le 4 septembre 2021, lors d\u2019un programme en ligne en direct.<\/p>\n<p>\u00ab Nous sommes ravis d\u2019honorer les membres d\u2019\u00e9glise qui sont engag\u00e9s inconditionnellement \u00e0 pr\u00eacher l&rsquo;\u00e9vangile du salut, \u00bb a d\u00e9clar\u00e9 pasteur Melchor Ferreyra, directeur des minist\u00e8res personnels pour l\u2019\u00c9glise adventiste en Inter Am\u00e9rique et principal organisateur du programme. Il est important de continuer \u00e0 soutenir les milliers et les milliers de croyants fid\u00e8les qui s\u2019investissent totalement dans la proclamation de l\u2019esp\u00e9rance partout o\u00f9 ils vont et qui motivent et r\u00e9affirment l\u2019appel \u00e0 l\u2019accomplissement de la mission, a d\u00e9clar\u00e9 pasteur Ferreyra.<\/p>\n<img fetchpriority=\"high\" decoding=\"async\" class=\"aligncenter wp-image-75106\" src=\"https:\/\/recursing-golick.147-182-135-0.plesk.page\/wp-content\/uploads\/2021\/07\/diia-interamericano-del-laico-fr-1024x1024.jpg\" alt=\"\" width=\"801\" height=\"801\" srcset=\"https:\/\/interamerica.org\/wp-content\/uploads\/2021\/07\/diia-interamericano-del-laico-fr-1024x1024.jpg 1024w, https:\/\/interamerica.org\/wp-content\/uploads\/2021\/07\/diia-interamericano-del-laico-fr-300x300.jpg 300w, https:\/\/interamerica.org\/wp-content\/uploads\/2021\/07\/diia-interamericano-del-laico-fr-150x150.jpg 150w, https:\/\/interamerica.org\/wp-content\/uploads\/2021\/07\/diia-interamericano-del-laico-fr-768x767.jpg 768w, https:\/\/interamerica.org\/wp-content\/uploads\/2021\/07\/diia-interamericano-del-laico-fr.jpg 1280w\" sizes=\"(max-width: 801px) 100vw, 801px\" \/>\n<p>La date annuelle sp\u00e9ciale a \u00e9t\u00e9 r\u00e9tablie comme elle \u00e9tait c\u00e9l\u00e9br\u00e9e dans l\u2019ensemble du territoire pendant des d\u00e9cennies, il y a plus de 20 ans. Mais pour une raison quelconque, elle a \u00e9t\u00e9 abandonn\u00e9e au milieu d\u2019autres journ\u00e9es sp\u00e9ciales d\u00e9sign\u00e9es dans l\u2019\u00e9glise et ses minist\u00e8res, a dit pasteur Ferreyra. \u00ab Les la\u00efcs ont toujours \u00e9t\u00e9 c\u00e9l\u00e9br\u00e9s chaque ann\u00e9e, localement, r\u00e9gionalement et au niveau de la division, mais nous n\u2019avons pas mis l\u2019accent sur la journ\u00e9e sp\u00e9ciale qui \u00e9tait historiquement c\u00e9l\u00e9br\u00e9e. \u00bb<\/p>\n<p>Sans le dur labeur des la\u00efcs, d\u00e9finis comme \u00e9tant des pr\u00e9dicateurs la\u00efcs, des \u00e9vang\u00e9listes la\u00efcs, des leaders de petits groupes et des ouvriers bibliques, l\u2019Inter Am\u00e9rique n\u2019aurait pas connu la croissance dont elle jouit depuis pr\u00e8s de 100 ans, a d\u00e9clar\u00e9 Melchor Ferreyra. \u00ab Il nous faut absolument honorer les membres actifs de l\u2019\u00e9glise pour le soutien qu\u2019ils apportent \u00e0 cette entreprise de pr\u00e9dication au niveau de la division. \u00bb<\/p>\n<p>Chacune des 24 unions, ou r\u00e9gions eccl\u00e9siales majeures, en Inter Am\u00e9rique, utilisera cette journ\u00e9e sp\u00e9ciale pour rendre hommage aux la\u00efcs et pour r\u00e9affirmer la mission consistant \u00e0 continuer \u00e0 travailler main dans la main avec les pasteurs et les dirigeants de l\u2019\u00e9glise locale pour atteindre de nouveaux membres, en faire des disciples qui acceptent Christ et se joignent \u00e0 l\u2019\u00e9glise.<\/p>\n<p>Le programme d\u2019une heure, autour du th\u00e8me \u00ab C\u00e9l\u00e9brer la Mission, \u00bb verra la participation des principaux dirigeants de l\u2019\u00e9glise, la pr\u00e9sentation de courts messages spirituels, une session pl\u00e9ni\u00e8re en direct de Tijuana, dans le Nord du Mexique, et des salutations de tout le territoire de la DIA, le sabbat 4 septembre, \u00e0 partir de \u00e0 16h00 (heure de Miami) en anglais, en espagnol et en fran\u00e7ais (programme distinct dans chaque langue).<\/p>\n<p>La c\u00e9l\u00e9bration de la Journ\u00e9e des La\u00efcs de l\u2019Inter Am\u00e9rique le 4 septembre 2021 sera diffus\u00e9e en direct sur <a href=\"https:\/\/www.youtube.com\/c\/InterAmericanDivision\">webcast.interamerica.org<\/a> ainsi que sur les comptes Facebook de l\u2019Inter-Am\u00e9rique <a href=\"https:\/\/www.facebook.com\/interamerica.org\">en anglais<\/a>, <a href=\"https:\/\/www.facebook.com\/divisioninteramericana\">en espagnol<\/a> et <a href=\"https:\/\/www.facebook.com\/adventistes\">en fran\u00e7ais<\/a>.<\/p>\n<p>Traduction: Patrick Luciathe<\/p>\n","protected":false},"excerpt":{"rendered":"<p>27 Ao\u00fbt 2021 | Miami, Floride, \u00c9tats-Unis | Libna Stevens, P\u00f4le Information de la Division Inter Am\u00e9ricaine L\u2019\u00c9glise adventiste du septi\u00e8me jour en Inter Am\u00e9rique se pr\u00e9pare \u00e0 c\u00e9l\u00e9brer les&#8230;<\/p>\n","protected":false},"author":3,"featured_media":75166,"comment_status":"closed","ping_status":"closed","sticky":false,"template":"","format":"standard","meta":{"_acf_changed":false,"footnotes":""},"categories":[18,19],"tags":[],"class_list":["post-75202","post","type-post","status-publish","format-standard","has-post-thumbnail","hentry","category-nouvelles-de-leglise-mondiale","category-rss-francais"],"acf":[],"yoast_head":"<!-- This site is optimized with the Yoast SEO plugin v27.3 - https:\/\/yoast.com\/product\/yoast-seo-wordpress\/ -->\n<title>L\u2019Inter-Am\u00e9rique c\u00e9l\u00e9brera la \u00ab Journ\u00e9e des La\u00efcs \u00bb dans tout le territoire le 4 septembre - \u00c9glise Adventiste Du Septieme Jour - Inter Am\u00e9rique Division<\/title>\n<meta name=\"robots\" content=\"index, follow, max-snippet:-1, max-image-preview:large, max-video-preview:-1\" \/>\n<link rel=\"canonical\" href=\"https:\/\/interamerica.org\/fr\/2021\/08\/linter-amerique-celebrera-la-journee-des-laics-dans-tout-le-territoire-le-4-septembre\/\" \/>\n<meta property=\"og:locale\" content=\"fr_FR\" \/>\n<meta property=\"og:type\" content=\"article\" \/>\n<meta property=\"og:title\" content=\"L\u2019Inter-Am\u00e9rique c\u00e9l\u00e9brera la \u00ab Journ\u00e9e des La\u00efcs \u00bb dans tout le territoire le 4 septembre - \u00c9glise Adventiste Du Septieme Jour - Inter Am\u00e9rique Division\" \/>\n<meta property=\"og:description\" content=\"27 Ao\u00fbt 2021 | Miami, Floride, \u00c9tats-Unis | Libna Stevens, P\u00f4le Information de la Division Inter Am\u00e9ricaine L\u2019\u00c9glise adventiste du septi\u00e8me jour en Inter Am\u00e9rique se pr\u00e9pare \u00e0 c\u00e9l\u00e9brer les...\" \/>\n<meta property=\"og:url\" content=\"https:\/\/interamerica.org\/fr\/2021\/08\/linter-amerique-celebrera-la-journee-des-laics-dans-tout-le-territoire-le-4-septembre\/\" \/>\n<meta property=\"og:site_name\" content=\"\u00c9glise Adventiste Du Septieme Jour - Inter Am\u00e9rique Division\" \/>\n<meta property=\"article:published_time\" content=\"2021-08-27T12:30:35+00:00\" \/>\n<meta property=\"article:modified_time\" content=\"2021-08-27T13:02:14+00:00\" \/>\n<meta property=\"og:image\" content=\"https:\/\/interamerica.org\/wp-content\/uploads\/2021\/08\/day-of-laity-2021-1280.jpg\" \/>\n\t<meta property=\"og:image:width\" content=\"1280\" \/>\n\t<meta property=\"og:image:height\" content=\"800\" \/>\n\t<meta property=\"og:image:type\" content=\"image\/jpeg\" \/>\n<meta name=\"author\" content=\"libna\" \/>\n<meta name=\"twitter:card\" content=\"summary_large_image\" \/>\n<meta name=\"twitter:label1\" content=\"\u00c9crit par\" \/>\n\t<meta name=\"twitter:data1\" content=\"libna\" \/>\n\t<meta name=\"twitter:label2\" content=\"Dur\u00e9e de lecture estim\u00e9e\" \/>\n\t<meta name=\"twitter:data2\" content=\"3 minutes\" \/>\n<script type=\"application\/ld+json\" class=\"yoast-schema-graph\">{\"@context\":\"https:\\\/\\\/schema.org\",\"@graph\":[{\"@type\":\"Article\",\"@id\":\"https:\\\/\\\/interamerica.org\\\/fr\\\/2021\\\/08\\\/linter-amerique-celebrera-la-journee-des-laics-dans-tout-le-territoire-le-4-septembre\\\/#article\",\"isPartOf\":{\"@id\":\"https:\\\/\\\/interamerica.org\\\/fr\\\/2021\\\/08\\\/linter-amerique-celebrera-la-journee-des-laics-dans-tout-le-territoire-le-4-septembre\\\/\"},\"author\":{\"name\":\"libna\",\"@id\":\"https:\\\/\\\/interamerica.org\\\/fr\\\/#\\\/schema\\\/person\\\/29998f2bc2d8bd0d38662909289b54f1\"},\"headline\":\"L\u2019Inter-Am\u00e9rique c\u00e9l\u00e9brera la \u00ab Journ\u00e9e des La\u00efcs \u00bb dans tout le territoire le 4 septembre\",\"datePublished\":\"2021-08-27T12:30:35+00:00\",\"dateModified\":\"2021-08-27T13:02:14+00:00\",\"mainEntityOfPage\":{\"@id\":\"https:\\\/\\\/interamerica.org\\\/fr\\\/2021\\\/08\\\/linter-amerique-celebrera-la-journee-des-laics-dans-tout-le-territoire-le-4-septembre\\\/\"},\"wordCount\":577,\"image\":{\"@id\":\"https:\\\/\\\/interamerica.org\\\/fr\\\/2021\\\/08\\\/linter-amerique-celebrera-la-journee-des-laics-dans-tout-le-territoire-le-4-septembre\\\/#primaryimage\"},\"thumbnailUrl\":\"https:\\\/\\\/interamerica.org\\\/wp-content\\\/uploads\\\/2021\\\/08\\\/day-of-laity-2021-1280.jpg\",\"articleSection\":[\"Nouvelles de l'\u00c9glise mondiale\",\"RSS Fran\u00e7ais\"],\"inLanguage\":\"fr-FR\"},{\"@type\":\"WebPage\",\"@id\":\"https:\\\/\\\/interamerica.org\\\/fr\\\/2021\\\/08\\\/linter-amerique-celebrera-la-journee-des-laics-dans-tout-le-territoire-le-4-septembre\\\/\",\"url\":\"https:\\\/\\\/interamerica.org\\\/fr\\\/2021\\\/08\\\/linter-amerique-celebrera-la-journee-des-laics-dans-tout-le-territoire-le-4-septembre\\\/\",\"name\":\"L\u2019Inter-Am\u00e9rique c\u00e9l\u00e9brera la \u00ab Journ\u00e9e des La\u00efcs \u00bb dans tout le territoire le 4 septembre - \u00c9glise Adventiste Du Septieme Jour - Inter Am\u00e9rique Division\",\"isPartOf\":{\"@id\":\"https:\\\/\\\/interamerica.org\\\/fr\\\/#website\"},\"primaryImageOfPage\":{\"@id\":\"https:\\\/\\\/interamerica.org\\\/fr\\\/2021\\\/08\\\/linter-amerique-celebrera-la-journee-des-laics-dans-tout-le-territoire-le-4-septembre\\\/#primaryimage\"},\"image\":{\"@id\":\"https:\\\/\\\/interamerica.org\\\/fr\\\/2021\\\/08\\\/linter-amerique-celebrera-la-journee-des-laics-dans-tout-le-territoire-le-4-septembre\\\/#primaryimage\"},\"thumbnailUrl\":\"https:\\\/\\\/interamerica.org\\\/wp-content\\\/uploads\\\/2021\\\/08\\\/day-of-laity-2021-1280.jpg\",\"datePublished\":\"2021-08-27T12:30:35+00:00\",\"dateModified\":\"2021-08-27T13:02:14+00:00\",\"author\":{\"@id\":\"https:\\\/\\\/interamerica.org\\\/fr\\\/#\\\/schema\\\/person\\\/29998f2bc2d8bd0d38662909289b54f1\"},\"breadcrumb\":{\"@id\":\"https:\\\/\\\/interamerica.org\\\/fr\\\/2021\\\/08\\\/linter-amerique-celebrera-la-journee-des-laics-dans-tout-le-territoire-le-4-septembre\\\/#breadcrumb\"},\"inLanguage\":\"fr-FR\",\"potentialAction\":[{\"@type\":\"ReadAction\",\"target\":[\"https:\\\/\\\/interamerica.org\\\/fr\\\/2021\\\/08\\\/linter-amerique-celebrera-la-journee-des-laics-dans-tout-le-territoire-le-4-septembre\\\/\"]}]},{\"@type\":\"ImageObject\",\"inLanguage\":\"fr-FR\",\"@id\":\"https:\\\/\\\/interamerica.org\\\/fr\\\/2021\\\/08\\\/linter-amerique-celebrera-la-journee-des-laics-dans-tout-le-territoire-le-4-septembre\\\/#primaryimage\",\"url\":\"https:\\\/\\\/interamerica.org\\\/wp-content\\\/uploads\\\/2021\\\/08\\\/day-of-laity-2021-1280.jpg\",\"contentUrl\":\"https:\\\/\\\/interamerica.org\\\/wp-content\\\/uploads\\\/2021\\\/08\\\/day-of-laity-2021-1280.jpg\",\"width\":1280,\"height\":800},{\"@type\":\"BreadcrumbList\",\"@id\":\"https:\\\/\\\/interamerica.org\\\/fr\\\/2021\\\/08\\\/linter-amerique-celebrera-la-journee-des-laics-dans-tout-le-territoire-le-4-septembre\\\/#breadcrumb\",\"itemListElement\":[{\"@type\":\"ListItem\",\"position\":1,\"name\":\"Home\",\"item\":\"https:\\\/\\\/interamerica.org\\\/fr\\\/\"},{\"@type\":\"ListItem\",\"position\":2,\"name\":\"L\u2019Inter-Am\u00e9rique c\u00e9l\u00e9brera la \u00ab Journ\u00e9e des La\u00efcs \u00bb dans tout le territoire le 4 septembre\"}]},{\"@type\":\"WebSite\",\"@id\":\"https:\\\/\\\/interamerica.org\\\/fr\\\/#website\",\"url\":\"https:\\\/\\\/interamerica.org\\\/fr\\\/\",\"name\":\"\u00c9glise Adventiste Du Septieme Jour - Inter Am\u00e9rique Division\",\"description\":\"\",\"potentialAction\":[{\"@type\":\"SearchAction\",\"target\":{\"@type\":\"EntryPoint\",\"urlTemplate\":\"https:\\\/\\\/interamerica.org\\\/fr\\\/?s={search_term_string}\"},\"query-input\":{\"@type\":\"PropertyValueSpecification\",\"valueRequired\":true,\"valueName\":\"search_term_string\"}}],\"inLanguage\":\"fr-FR\"},{\"@type\":\"Person\",\"@id\":\"https:\\\/\\\/interamerica.org\\\/fr\\\/#\\\/schema\\\/person\\\/29998f2bc2d8bd0d38662909289b54f1\",\"name\":\"libna\",\"image\":{\"@type\":\"ImageObject\",\"inLanguage\":\"fr-FR\",\"@id\":\"https:\\\/\\\/secure.gravatar.com\\\/avatar\\\/7c5bd30ae4b47a9ba3c856590957fd1d96dc588bf3ac05719d247e126840331f?s=96&d=mm&r=g\",\"url\":\"https:\\\/\\\/secure.gravatar.com\\\/avatar\\\/7c5bd30ae4b47a9ba3c856590957fd1d96dc588bf3ac05719d247e126840331f?s=96&d=mm&r=g\",\"contentUrl\":\"https:\\\/\\\/secure.gravatar.com\\\/avatar\\\/7c5bd30ae4b47a9ba3c856590957fd1d96dc588bf3ac05719d247e126840331f?s=96&d=mm&r=g\",\"caption\":\"libna\"}}]}<\/script>\n<!-- \/ Yoast SEO plugin. -->","yoast_head_json":{"title":"L\u2019Inter-Am\u00e9rique c\u00e9l\u00e9brera la \u00ab Journ\u00e9e des La\u00efcs \u00bb dans tout le territoire le 4 septembre - \u00c9glise Adventiste Du Septieme Jour - Inter Am\u00e9rique Division","robots":{"index":"index","follow":"follow","max-snippet":"max-snippet:-1","max-image-preview":"max-image-preview:large","max-video-preview":"max-video-preview:-1"},"canonical":"https:\/\/interamerica.org\/fr\/2021\/08\/linter-amerique-celebrera-la-journee-des-laics-dans-tout-le-territoire-le-4-septembre\/","og_locale":"fr_FR","og_type":"article","og_title":"L\u2019Inter-Am\u00e9rique c\u00e9l\u00e9brera la \u00ab Journ\u00e9e des La\u00efcs \u00bb dans tout le territoire le 4 septembre - \u00c9glise Adventiste Du Septieme Jour - Inter Am\u00e9rique Division","og_description":"27 Ao\u00fbt 2021 | Miami, Floride, \u00c9tats-Unis | Libna Stevens, P\u00f4le Information de la Division Inter Am\u00e9ricaine L\u2019\u00c9glise adventiste du septi\u00e8me jour en Inter Am\u00e9rique se pr\u00e9pare \u00e0 c\u00e9l\u00e9brer les...","og_url":"https:\/\/interamerica.org\/fr\/2021\/08\/linter-amerique-celebrera-la-journee-des-laics-dans-tout-le-territoire-le-4-septembre\/","og_site_name":"\u00c9glise Adventiste Du Septieme Jour - Inter Am\u00e9rique Division","article_published_time":"2021-08-27T12:30:35+00:00","article_modified_time":"2021-08-27T13:02:14+00:00","og_image":[{"width":1280,"height":800,"url":"https:\/\/interamerica.org\/wp-content\/uploads\/2021\/08\/day-of-laity-2021-1280.jpg","type":"image\/jpeg"}],"author":"libna","twitter_card":"summary_large_image","twitter_misc":{"\u00c9crit par":"libna","Dur\u00e9e de lecture estim\u00e9e":"3 minutes"},"schema":{"@context":"https:\/\/schema.org","@graph":[{"@type":"Article","@id":"https:\/\/interamerica.org\/fr\/2021\/08\/linter-amerique-celebrera-la-journee-des-laics-dans-tout-le-territoire-le-4-septembre\/#article","isPartOf":{"@id":"https:\/\/interamerica.org\/fr\/2021\/08\/linter-amerique-celebrera-la-journee-des-laics-dans-tout-le-territoire-le-4-septembre\/"},"author":{"name":"libna","@id":"https:\/\/interamerica.org\/fr\/#\/schema\/person\/29998f2bc2d8bd0d38662909289b54f1"},"headline":"L\u2019Inter-Am\u00e9rique c\u00e9l\u00e9brera la \u00ab Journ\u00e9e des La\u00efcs \u00bb dans tout le territoire le 4 septembre","datePublished":"2021-08-27T12:30:35+00:00","dateModified":"2021-08-27T13:02:14+00:00","mainEntityOfPage":{"@id":"https:\/\/interamerica.org\/fr\/2021\/08\/linter-amerique-celebrera-la-journee-des-laics-dans-tout-le-territoire-le-4-septembre\/"},"wordCount":577,"image":{"@id":"https:\/\/interamerica.org\/fr\/2021\/08\/linter-amerique-celebrera-la-journee-des-laics-dans-tout-le-territoire-le-4-septembre\/#primaryimage"},"thumbnailUrl":"https:\/\/interamerica.org\/wp-content\/uploads\/2021\/08\/day-of-laity-2021-1280.jpg","articleSection":["Nouvelles de l'\u00c9glise mondiale","RSS Fran\u00e7ais"],"inLanguage":"fr-FR"},{"@type":"WebPage","@id":"https:\/\/interamerica.org\/fr\/2021\/08\/linter-amerique-celebrera-la-journee-des-laics-dans-tout-le-territoire-le-4-septembre\/","url":"https:\/\/interamerica.org\/fr\/2021\/08\/linter-amerique-celebrera-la-journee-des-laics-dans-tout-le-territoire-le-4-septembre\/","name":"L\u2019Inter-Am\u00e9rique c\u00e9l\u00e9brera la \u00ab Journ\u00e9e des La\u00efcs \u00bb dans tout le territoire le 4 septembre - \u00c9glise Adventiste Du Septieme Jour - Inter Am\u00e9rique Division","isPartOf":{"@id":"https:\/\/interamerica.org\/fr\/#website"},"primaryImageOfPage":{"@id":"https:\/\/interamerica.org\/fr\/2021\/08\/linter-amerique-celebrera-la-journee-des-laics-dans-tout-le-territoire-le-4-septembre\/#primaryimage"},"image":{"@id":"https:\/\/interamerica.org\/fr\/2021\/08\/linter-amerique-celebrera-la-journee-des-laics-dans-tout-le-territoire-le-4-septembre\/#primaryimage"},"thumbnailUrl":"https:\/\/interamerica.org\/wp-content\/uploads\/2021\/08\/day-of-laity-2021-1280.jpg","datePublished":"2021-08-27T12:30:35+00:00","dateModified":"2021-08-27T13:02:14+00:00","author":{"@id":"https:\/\/interamerica.org\/fr\/#\/schema\/person\/29998f2bc2d8bd0d38662909289b54f1"},"breadcrumb":{"@id":"https:\/\/interamerica.org\/fr\/2021\/08\/linter-amerique-celebrera-la-journee-des-laics-dans-tout-le-territoire-le-4-septembre\/#breadcrumb"},"inLanguage":"fr-FR","potentialAction":[{"@type":"ReadAction","target":["https:\/\/interamerica.org\/fr\/2021\/08\/linter-amerique-celebrera-la-journee-des-laics-dans-tout-le-territoire-le-4-septembre\/"]}]},{"@type":"ImageObject","inLanguage":"fr-FR","@id":"https:\/\/interamerica.org\/fr\/2021\/08\/linter-amerique-celebrera-la-journee-des-laics-dans-tout-le-territoire-le-4-septembre\/#primaryimage","url":"https:\/\/interamerica.org\/wp-content\/uploads\/2021\/08\/day-of-laity-2021-1280.jpg","contentUrl":"https:\/\/interamerica.org\/wp-content\/uploads\/2021\/08\/day-of-laity-2021-1280.jpg","width":1280,"height":800},{"@type":"BreadcrumbList","@id":"https:\/\/interamerica.org\/fr\/2021\/08\/linter-amerique-celebrera-la-journee-des-laics-dans-tout-le-territoire-le-4-septembre\/#breadcrumb","itemListElement":[{"@type":"ListItem","position":1,"name":"Home","item":"https:\/\/interamerica.org\/fr\/"},{"@type":"ListItem","position":2,"name":"L\u2019Inter-Am\u00e9rique c\u00e9l\u00e9brera la \u00ab Journ\u00e9e des La\u00efcs \u00bb dans tout le territoire le 4 septembre"}]},{"@type":"WebSite","@id":"https:\/\/interamerica.org\/fr\/#website","url":"https:\/\/interamerica.org\/fr\/","name":"\u00c9glise Adventiste Du Septieme Jour - Inter Am\u00e9rique Division","description":"","potentialAction":[{"@type":"SearchAction","target":{"@type":"EntryPoint","urlTemplate":"https:\/\/interamerica.org\/fr\/?s={search_term_string}"},"query-input":{"@type":"PropertyValueSpecification","valueRequired":true,"valueName":"search_term_string"}}],"inLanguage":"fr-FR"},{"@type":"Person","@id":"https:\/\/interamerica.org\/fr\/#\/schema\/person\/29998f2bc2d8bd0d38662909289b54f1","name":"libna","image":{"@type":"ImageObject","inLanguage":"fr-FR","@id":"https:\/\/secure.gravatar.com\/avatar\/7c5bd30ae4b47a9ba3c856590957fd1d96dc588bf3ac05719d247e126840331f?s=96&d=mm&r=g","url":"https:\/\/secure.gravatar.com\/avatar\/7c5bd30ae4b47a9ba3c856590957fd1d96dc588bf3ac05719d247e126840331f?s=96&d=mm&r=g","contentUrl":"https:\/\/secure.gravatar.com\/avatar\/7c5bd30ae4b47a9ba3c856590957fd1d96dc588bf3ac05719d247e126840331f?s=96&d=mm&r=g","caption":"libna"}}]}},"_links":{"self":[{"href":"https:\/\/interamerica.org\/fr\/wp-json\/wp\/v2\/posts\/75202","targetHints":{"allow":["GET"]}}],"collection":[{"href":"https:\/\/interamerica.org\/fr\/wp-json\/wp\/v2\/posts"}],"about":[{"href":"https:\/\/interamerica.org\/fr\/wp-json\/wp\/v2\/types\/post"}],"author":[{"embeddable":true,"href":"https:\/\/interamerica.org\/fr\/wp-json\/wp\/v2\/users\/3"}],"replies":[{"embeddable":true,"href":"https:\/\/interamerica.org\/fr\/wp-json\/wp\/v2\/comments?post=75202"}],"version-history":[{"count":0,"href":"https:\/\/interamerica.org\/fr\/wp-json\/wp\/v2\/posts\/75202\/revisions"}],"wp:featuredmedia":[{"embeddable":true,"href":"https:\/\/interamerica.org\/fr\/wp-json\/wp\/v2\/media\/75166"}],"wp:attachment":[{"href":"https:\/\/interamerica.org\/fr\/wp-json\/wp\/v2\/media?parent=75202"}],"wp:term":[{"taxonomy":"category","embeddable":true,"href":"https:\/\/interamerica.org\/fr\/wp-json\/wp\/v2\/categories?post=75202"},{"taxonomy":"post_tag","embeddable":true,"href":"https:\/\/interamerica.org\/fr\/wp-json\/wp\/v2\/tags?post=75202"}],"curies":[{"name":"wp","href":"https:\/\/api.w.org\/{rel}","templated":true}]}}