{"id":75203,"date":"2021-08-26T19:00:47","date_gmt":"2021-08-26T23:00:47","guid":{"rendered":"https:\/\/recursing-golick.147-182-135-0.plesk.page\/?p=75203"},"modified":"2021-08-27T08:43:09","modified_gmt":"2021-08-27T12:43:09","slug":"adra-offre-des-ordinateurs-a-des-ecoles-locales-dans-les-iles-colombiennes","status":"publish","type":"post","link":"https:\/\/interamerica.org\/fr\/2021\/08\/adra-offre-des-ordinateurs-a-des-ecoles-locales-dans-les-iles-colombiennes\/","title":{"rendered":"ADRA offre des ordinateurs \u00e0 des \u00e9coles locales dans les \u00eeles colombiennes"},"content":{"rendered":"<p>26 Ao\u00fbt 2021 | \u00celes San Andres, Providencia et Santa Catalina, Colombie | Daniela Arrieta et l\u2019\u00c9quipe de Presse de la DIA<\/p>\n<p>Neuf mois apr\u00e8s que l\u2019Ouragan Iota ait d\u00e9truit des maisons et des entreprises sur les petites \u00eeles colombiennes de San Andres, Providencia et Santa Catalina, l\u2019Agence Adventiste de D\u00e9veloppement et de Secours (ADRA) en Colombie continue d\u2019apporter de l\u2019aide aux personnes habitant sur place. R\u00e9cemment, 90 ordinateurs neufs ont \u00e9t\u00e9 livr\u00e9s au minist\u00e8re de l\u2019\u00e9ducation pour qu\u2019ils soient utilis\u00e9s dans cinq \u00e9coles situ\u00e9es \u00e0 San Andres et \u00e0 Providencia.<\/p>\n<p><div id=\"attachment_75186\" style=\"width: 813px\" class=\"wp-caption aligncenter\"><img fetchpriority=\"high\" decoding=\"async\" aria-describedby=\"caption-attachment-75186\" class=\" wp-image-75186\" src=\"https:\/\/recursing-golick.147-182-135-0.plesk.page\/wp-content\/uploads\/2021\/08\/adra-colombia-sanandres-computers-kids.jpg\" alt=\"\" width=\"803\" height=\"508\" srcset=\"https:\/\/interamerica.org\/wp-content\/uploads\/2021\/08\/adra-colombia-sanandres-computers-kids.jpg 1000w, https:\/\/interamerica.org\/wp-content\/uploads\/2021\/08\/adra-colombia-sanandres-computers-kids-300x190.jpg 300w, https:\/\/interamerica.org\/wp-content\/uploads\/2021\/08\/adra-colombia-sanandres-computers-kids-768x486.jpg 768w\" sizes=\"(max-width: 803px) 100vw, 803px\" \/><p id=\"caption-attachment-75186\" class=\"wp-caption-text\">Les dirigeants d\u2019ADRA sont debout aupr\u00e8s des enfants alors qu\u2019ils prennent une photo de groupe pr\u00e8s des nouveaux ordinateurs livr\u00e9s le 13 juillet 2021 et dont b\u00e9n\u00e9ficiera l\u2019\u00c9cole de Bombon\u00e1 sur l\u2019\u00eele de Providencia. ADRA Colombie a fait don de 100 ordinateurs neufs pour aider les \u00e9coles qui ont \u00e9t\u00e9 d\u00e9truites dans les \u00eeles colombiennes apr\u00e8s que l\u2019Ouragan Iota ait ravag\u00e9 les \u00eeles en novembre 2020. [Photo : ADRA Colombie]<\/p><\/div>En apprenant que plusieurs \u00e9coles \u00e9taient en reconstruction apr\u00e8s le passage de l\u2019Ouragan Iota, ADRA Colombie a d\u00e9couvert que de nombreuses \u00e9coles manquaient d\u2019ordinateurs et\/ou de laboratoires informatiques, a d\u00e9clar\u00e9 Jair Fl\u00f3rez, directeur d\u2019ADRA Colombie. La s\u00e9lection de cinq \u00e9coles qui b\u00e9n\u00e9ficieraient des ordinateurs a \u00e9t\u00e9 effectu\u00e9e par le gouvernement qui supervise les petites \u00eeles par le biais du bureau de Lucila Morales, secr\u00e9taire \u00e0 l\u2019\u00e9ducation sur l\u2019\u00eele de Providencia.<\/p>\n<p>\u00ab Nous remercions ADRA d\u2019avoir port\u00e9 son attention sur les \u00e9tudiants ici sur l\u2019\u00cele de Providencia avec ce don d\u2019ordinateurs qui leur seront d\u2019une grande utilit\u00e9, \u00bb a dit Lucila Morales. \u00ab Cela renforcera toutes les mati\u00e8res \u00e9ducatives. \u00bb<\/p>\n<p>Pr\u00e8s de 1000 \u00e9l\u00e8ves enfants et adolescents, inscrits dans les \u00e9coles d\u00e9sign\u00e9es, b\u00e9n\u00e9ficieront des ordinateurs, a dit Jair Fl\u00f3rez. De plus, l\u2019\u00e9cole adventiste de San Andres a re\u00e7u d\u2019ADRA 10 ordinateurs neufs.<\/p>\n<p><div id=\"attachment_75180\" style=\"width: 809px\" class=\"wp-caption aligncenter\"><img decoding=\"async\" aria-describedby=\"caption-attachment-75180\" class=\" wp-image-75180\" src=\"https:\/\/recursing-golick.147-182-135-0.plesk.page\/wp-content\/uploads\/2021\/08\/adra-colombia-san-andres-computerkid.jpg\" alt=\"\" width=\"799\" height=\"552\" srcset=\"https:\/\/interamerica.org\/wp-content\/uploads\/2021\/08\/adra-colombia-san-andres-computerkid.jpg 1000w, https:\/\/interamerica.org\/wp-content\/uploads\/2021\/08\/adra-colombia-san-andres-computerkid-300x207.jpg 300w, https:\/\/interamerica.org\/wp-content\/uploads\/2021\/08\/adra-colombia-san-andres-computerkid-768x531.jpg 768w\" sizes=\"(max-width: 799px) 100vw, 799px\" \/><p id=\"caption-attachment-75180\" class=\"wp-caption-text\">Un \u00e9l\u00e8ve de l\u2019\u00c9cole de Bombon\u00e1 sur l\u2019\u00eele de Providencia tient en mains un ordinateur tout neuf offert par ADRA Colombie. [Photo : ADRA Colombie]<\/p><\/div>L\u2019\u00e9quipe d\u2019ADRA Colombie et les dirigeants de l\u2019\u00e9glise se sont rendus \u00e0 San Andres pour livrer les ordinateurs le 13 juillet 2021. \u00ab ADRA croit dans l\u2019\u00e9ducation et nous sommes ici pour remettre ces appareils qui contribueront sans aucun doute \u00e0 faire en sorte que les enfants puissent \u00e9voluer dans le processus \u00e9ducatif avec leurs enseignants de la meilleure fa\u00e7on, \u00bb a d\u00e9clar\u00e9 pasteur Edgar Redondo, pr\u00e9sident de l\u2019\u00c9glise adventiste dans le Nord de la Colombie.<\/p>\n<p>Cette initiative, qui a \u00e9t\u00e9 baptis\u00e9e les \u00ab Ordinateurs de l\u2019Espoir, \u00bb aidera les \u00e9tudiants \u00e0 renforcer leur comp\u00e9tence en lecture, en informatique et dans tous leurs cours pour continuer \u00e0 apprendre au fur et \u00e0 mesure qu\u2019ils grandissent, ont dit les dirigeants d\u2019ADRA. \u00ab Nous voulons qu\u2019ils sentent que la Colombie est l\u00e0 pour eux et couvre chacun de leurs besoins, \u00bb a dit Jair Fl\u00f3rez.<\/p>\n<p><div id=\"attachment_75189\" style=\"width: 1010px\" class=\"wp-caption aligncenter\"><img decoding=\"async\" aria-describedby=\"caption-attachment-75189\" class=\"size-full wp-image-75189\" src=\"https:\/\/recursing-golick.147-182-135-0.plesk.page\/wp-content\/uploads\/2021\/08\/adra-colombia-sanandres-computers-signing.jpg\" alt=\"\" width=\"1000\" height=\"667\" srcset=\"https:\/\/interamerica.org\/wp-content\/uploads\/2021\/08\/adra-colombia-sanandres-computers-signing.jpg 1000w, https:\/\/interamerica.org\/wp-content\/uploads\/2021\/08\/adra-colombia-sanandres-computers-signing-300x200.jpg 300w, https:\/\/interamerica.org\/wp-content\/uploads\/2021\/08\/adra-colombia-sanandres-computers-signing-768x512.jpg 768w\" sizes=\"(max-width: 1000px) 100vw, 1000px\" \/><p id=\"caption-attachment-75189\" class=\"wp-caption-text\">Jair Fl\u00f3rez (\u00e0 gauche), le directeur d\u2019ADRA Colombie signe un document faisant don de 90 ordinateurs \u00e0 cinq \u00e9coles des \u00eeles colombiennes sous le regard de Lucila Morales (\u00e0 droite) du minist\u00e8re de l\u2019\u00e9ducation, et du pasteur Edgar Redondo (au dos), pr\u00e9sident de l\u2019\u00c9glise adventiste dans le Nord de la Colombie, \u00e0 l\u2019Institution \u00c9ducative Jun\u00edn, le 13 juillet 2021. [Photo : ADRA Colombie].<\/p><\/div>Depuis que l\u2019Ouragan Iota a frapp\u00e9 les \u00eeles colombiennes en novembre 2020, <a href=\"https:\/\/recursing-golick.147-182-135-0.plesk.page\/2020\/11\/adventist-church-and-adra-start-assisting-colombian-islands-destroyed-by-hurricane-iota\/\">l\u2019\u00c9glise adventiste et ADRA Colombie ont aid\u00e9 au nettoyage <\/a>, et ont fourni de la nourriture et des provisions \u00e0 des dizaines de familles. De plus, <a href=\"https:\/\/recursing-golick.147-182-135-0.plesk.page\/2021\/01\/tons-of-adra-emergency-supplies-airlifted-by-colombian-air-force-to-support-hurricane-recovery-efforts-in-providencia\/\">ADRA a d\u00e9ploy\u00e9 plusieurs tonnes d\u2019aide humanitaire depuis Porto Rico pour fournir un abri d\u2019urgence aux victimes et soutenir le projet de reconstruction dans l\u2019archipel.<\/a><\/p>\n<p>Traduction: Patrick Luciathe<\/p>\n","protected":false},"excerpt":{"rendered":"<p>26 Ao\u00fbt 2021 | \u00celes San Andres, Providencia et Santa Catalina, Colombie | Daniela Arrieta et l\u2019\u00c9quipe de Presse de la DIA Neuf mois apr\u00e8s que l\u2019Ouragan Iota ait d\u00e9truit&#8230;<\/p>\n","protected":false},"author":3,"featured_media":75186,"comment_status":"closed","ping_status":"closed","sticky":false,"template":"","format":"standard","meta":{"_acf_changed":false,"footnotes":""},"categories":[21,19],"tags":[],"class_list":["post-75203","post","type-post","status-publish","format-standard","has-post-thumbnail","hentry","category-nouvelles-du-territoire","category-rss-francais"],"acf":[],"yoast_head":"<!-- This site is optimized with the Yoast SEO plugin v27.3 - https:\/\/yoast.com\/product\/yoast-seo-wordpress\/ -->\n<title>ADRA offre des ordinateurs \u00e0 des \u00e9coles locales dans les \u00eeles colombiennes - \u00c9glise Adventiste Du Septieme Jour - Inter Am\u00e9rique Division<\/title>\n<meta name=\"robots\" content=\"index, follow, max-snippet:-1, max-image-preview:large, max-video-preview:-1\" \/>\n<link rel=\"canonical\" href=\"https:\/\/interamerica.org\/fr\/2021\/08\/adra-offre-des-ordinateurs-a-des-ecoles-locales-dans-les-iles-colombiennes\/\" \/>\n<meta property=\"og:locale\" content=\"fr_FR\" \/>\n<meta property=\"og:type\" content=\"article\" \/>\n<meta property=\"og:title\" content=\"ADRA offre des ordinateurs \u00e0 des \u00e9coles locales dans les \u00eeles colombiennes - \u00c9glise Adventiste Du Septieme Jour - Inter Am\u00e9rique Division\" \/>\n<meta property=\"og:description\" content=\"26 Ao\u00fbt 2021 | \u00celes San Andres, Providencia et Santa Catalina, Colombie | Daniela Arrieta et l\u2019\u00c9quipe de Presse de la DIA Neuf mois apr\u00e8s que l\u2019Ouragan Iota ait d\u00e9truit...\" \/>\n<meta property=\"og:url\" content=\"https:\/\/interamerica.org\/fr\/2021\/08\/adra-offre-des-ordinateurs-a-des-ecoles-locales-dans-les-iles-colombiennes\/\" \/>\n<meta property=\"og:site_name\" content=\"\u00c9glise Adventiste Du Septieme Jour - Inter Am\u00e9rique Division\" \/>\n<meta property=\"article:published_time\" content=\"2021-08-26T23:00:47+00:00\" \/>\n<meta property=\"article:modified_time\" content=\"2021-08-27T12:43:09+00:00\" \/>\n<meta property=\"og:image\" content=\"https:\/\/interamerica.org\/wp-content\/uploads\/2021\/08\/adra-colombia-sanandres-computers-kids.jpg\" \/>\n\t<meta property=\"og:image:width\" content=\"1000\" \/>\n\t<meta property=\"og:image:height\" content=\"633\" \/>\n\t<meta property=\"og:image:type\" content=\"image\/jpeg\" \/>\n<meta name=\"author\" content=\"libna\" \/>\n<meta name=\"twitter:card\" content=\"summary_large_image\" \/>\n<meta name=\"twitter:label1\" content=\"\u00c9crit par\" \/>\n\t<meta name=\"twitter:data1\" content=\"libna\" \/>\n\t<meta name=\"twitter:label2\" content=\"Dur\u00e9e de lecture estim\u00e9e\" \/>\n\t<meta name=\"twitter:data2\" content=\"3 minutes\" \/>\n<script type=\"application\/ld+json\" class=\"yoast-schema-graph\">{\"@context\":\"https:\\\/\\\/schema.org\",\"@graph\":[{\"@type\":\"Article\",\"@id\":\"https:\\\/\\\/interamerica.org\\\/fr\\\/2021\\\/08\\\/adra-offre-des-ordinateurs-a-des-ecoles-locales-dans-les-iles-colombiennes\\\/#article\",\"isPartOf\":{\"@id\":\"https:\\\/\\\/interamerica.org\\\/fr\\\/2021\\\/08\\\/adra-offre-des-ordinateurs-a-des-ecoles-locales-dans-les-iles-colombiennes\\\/\"},\"author\":{\"name\":\"libna\",\"@id\":\"https:\\\/\\\/interamerica.org\\\/fr\\\/#\\\/schema\\\/person\\\/29998f2bc2d8bd0d38662909289b54f1\"},\"headline\":\"ADRA offre des ordinateurs \u00e0 des \u00e9coles locales dans les \u00eeles colombiennes\",\"datePublished\":\"2021-08-26T23:00:47+00:00\",\"dateModified\":\"2021-08-27T12:43:09+00:00\",\"mainEntityOfPage\":{\"@id\":\"https:\\\/\\\/interamerica.org\\\/fr\\\/2021\\\/08\\\/adra-offre-des-ordinateurs-a-des-ecoles-locales-dans-les-iles-colombiennes\\\/\"},\"wordCount\":677,\"image\":{\"@id\":\"https:\\\/\\\/interamerica.org\\\/fr\\\/2021\\\/08\\\/adra-offre-des-ordinateurs-a-des-ecoles-locales-dans-les-iles-colombiennes\\\/#primaryimage\"},\"thumbnailUrl\":\"https:\\\/\\\/interamerica.org\\\/wp-content\\\/uploads\\\/2021\\\/08\\\/adra-colombia-sanandres-computers-kids.jpg\",\"articleSection\":[\"Nouvelles du territoire\",\"RSS Fran\u00e7ais\"],\"inLanguage\":\"fr-FR\"},{\"@type\":\"WebPage\",\"@id\":\"https:\\\/\\\/interamerica.org\\\/fr\\\/2021\\\/08\\\/adra-offre-des-ordinateurs-a-des-ecoles-locales-dans-les-iles-colombiennes\\\/\",\"url\":\"https:\\\/\\\/interamerica.org\\\/fr\\\/2021\\\/08\\\/adra-offre-des-ordinateurs-a-des-ecoles-locales-dans-les-iles-colombiennes\\\/\",\"name\":\"ADRA offre des ordinateurs \u00e0 des \u00e9coles locales dans les \u00eeles colombiennes - \u00c9glise Adventiste Du Septieme Jour - Inter Am\u00e9rique Division\",\"isPartOf\":{\"@id\":\"https:\\\/\\\/interamerica.org\\\/fr\\\/#website\"},\"primaryImageOfPage\":{\"@id\":\"https:\\\/\\\/interamerica.org\\\/fr\\\/2021\\\/08\\\/adra-offre-des-ordinateurs-a-des-ecoles-locales-dans-les-iles-colombiennes\\\/#primaryimage\"},\"image\":{\"@id\":\"https:\\\/\\\/interamerica.org\\\/fr\\\/2021\\\/08\\\/adra-offre-des-ordinateurs-a-des-ecoles-locales-dans-les-iles-colombiennes\\\/#primaryimage\"},\"thumbnailUrl\":\"https:\\\/\\\/interamerica.org\\\/wp-content\\\/uploads\\\/2021\\\/08\\\/adra-colombia-sanandres-computers-kids.jpg\",\"datePublished\":\"2021-08-26T23:00:47+00:00\",\"dateModified\":\"2021-08-27T12:43:09+00:00\",\"author\":{\"@id\":\"https:\\\/\\\/interamerica.org\\\/fr\\\/#\\\/schema\\\/person\\\/29998f2bc2d8bd0d38662909289b54f1\"},\"breadcrumb\":{\"@id\":\"https:\\\/\\\/interamerica.org\\\/fr\\\/2021\\\/08\\\/adra-offre-des-ordinateurs-a-des-ecoles-locales-dans-les-iles-colombiennes\\\/#breadcrumb\"},\"inLanguage\":\"fr-FR\",\"potentialAction\":[{\"@type\":\"ReadAction\",\"target\":[\"https:\\\/\\\/interamerica.org\\\/fr\\\/2021\\\/08\\\/adra-offre-des-ordinateurs-a-des-ecoles-locales-dans-les-iles-colombiennes\\\/\"]}]},{\"@type\":\"ImageObject\",\"inLanguage\":\"fr-FR\",\"@id\":\"https:\\\/\\\/interamerica.org\\\/fr\\\/2021\\\/08\\\/adra-offre-des-ordinateurs-a-des-ecoles-locales-dans-les-iles-colombiennes\\\/#primaryimage\",\"url\":\"https:\\\/\\\/interamerica.org\\\/wp-content\\\/uploads\\\/2021\\\/08\\\/adra-colombia-sanandres-computers-kids.jpg\",\"contentUrl\":\"https:\\\/\\\/interamerica.org\\\/wp-content\\\/uploads\\\/2021\\\/08\\\/adra-colombia-sanandres-computers-kids.jpg\",\"width\":1000,\"height\":633,\"caption\":\"Les dirigeants d\u2019ADRA sont debout aupr\u00e8s des enfants alors qu\u2019ils prennent une photo de groupe pr\u00e8s des nouveaux ordinateurs livr\u00e9s le 13 juillet 2021 et dont b\u00e9n\u00e9ficiera l\u2019\u00c9cole de Bombon\u00e1 sur l\u2019\u00eele de Providencia. ADRA Colombie a fait don de 100 ordinateurs neufs pour aider les \u00e9coles qui ont \u00e9t\u00e9 d\u00e9truites dans les \u00eeles colombiennes apr\u00e8s que l\u2019Ouragan Iota ait ravag\u00e9 les \u00eeles en novembre 2020. [Photo : ADRA Colombie]\"},{\"@type\":\"BreadcrumbList\",\"@id\":\"https:\\\/\\\/interamerica.org\\\/fr\\\/2021\\\/08\\\/adra-offre-des-ordinateurs-a-des-ecoles-locales-dans-les-iles-colombiennes\\\/#breadcrumb\",\"itemListElement\":[{\"@type\":\"ListItem\",\"position\":1,\"name\":\"Home\",\"item\":\"https:\\\/\\\/interamerica.org\\\/fr\\\/\"},{\"@type\":\"ListItem\",\"position\":2,\"name\":\"ADRA offre des ordinateurs \u00e0 des \u00e9coles locales dans les \u00eeles colombiennes\"}]},{\"@type\":\"WebSite\",\"@id\":\"https:\\\/\\\/interamerica.org\\\/fr\\\/#website\",\"url\":\"https:\\\/\\\/interamerica.org\\\/fr\\\/\",\"name\":\"\u00c9glise Adventiste Du Septieme Jour - Inter Am\u00e9rique Division\",\"description\":\"\",\"potentialAction\":[{\"@type\":\"SearchAction\",\"target\":{\"@type\":\"EntryPoint\",\"urlTemplate\":\"https:\\\/\\\/interamerica.org\\\/fr\\\/?s={search_term_string}\"},\"query-input\":{\"@type\":\"PropertyValueSpecification\",\"valueRequired\":true,\"valueName\":\"search_term_string\"}}],\"inLanguage\":\"fr-FR\"},{\"@type\":\"Person\",\"@id\":\"https:\\\/\\\/interamerica.org\\\/fr\\\/#\\\/schema\\\/person\\\/29998f2bc2d8bd0d38662909289b54f1\",\"name\":\"libna\",\"image\":{\"@type\":\"ImageObject\",\"inLanguage\":\"fr-FR\",\"@id\":\"https:\\\/\\\/secure.gravatar.com\\\/avatar\\\/7c5bd30ae4b47a9ba3c856590957fd1d96dc588bf3ac05719d247e126840331f?s=96&d=mm&r=g\",\"url\":\"https:\\\/\\\/secure.gravatar.com\\\/avatar\\\/7c5bd30ae4b47a9ba3c856590957fd1d96dc588bf3ac05719d247e126840331f?s=96&d=mm&r=g\",\"contentUrl\":\"https:\\\/\\\/secure.gravatar.com\\\/avatar\\\/7c5bd30ae4b47a9ba3c856590957fd1d96dc588bf3ac05719d247e126840331f?s=96&d=mm&r=g\",\"caption\":\"libna\"}}]}<\/script>\n<!-- \/ Yoast SEO plugin. -->","yoast_head_json":{"title":"ADRA offre des ordinateurs \u00e0 des \u00e9coles locales dans les \u00eeles colombiennes - \u00c9glise Adventiste Du Septieme Jour - Inter Am\u00e9rique Division","robots":{"index":"index","follow":"follow","max-snippet":"max-snippet:-1","max-image-preview":"max-image-preview:large","max-video-preview":"max-video-preview:-1"},"canonical":"https:\/\/interamerica.org\/fr\/2021\/08\/adra-offre-des-ordinateurs-a-des-ecoles-locales-dans-les-iles-colombiennes\/","og_locale":"fr_FR","og_type":"article","og_title":"ADRA offre des ordinateurs \u00e0 des \u00e9coles locales dans les \u00eeles colombiennes - \u00c9glise Adventiste Du Septieme Jour - Inter Am\u00e9rique Division","og_description":"26 Ao\u00fbt 2021 | \u00celes San Andres, Providencia et Santa Catalina, Colombie | Daniela Arrieta et l\u2019\u00c9quipe de Presse de la DIA Neuf mois apr\u00e8s que l\u2019Ouragan Iota ait d\u00e9truit...","og_url":"https:\/\/interamerica.org\/fr\/2021\/08\/adra-offre-des-ordinateurs-a-des-ecoles-locales-dans-les-iles-colombiennes\/","og_site_name":"\u00c9glise Adventiste Du Septieme Jour - Inter Am\u00e9rique Division","article_published_time":"2021-08-26T23:00:47+00:00","article_modified_time":"2021-08-27T12:43:09+00:00","og_image":[{"width":1000,"height":633,"url":"https:\/\/interamerica.org\/wp-content\/uploads\/2021\/08\/adra-colombia-sanandres-computers-kids.jpg","type":"image\/jpeg"}],"author":"libna","twitter_card":"summary_large_image","twitter_misc":{"\u00c9crit par":"libna","Dur\u00e9e de lecture estim\u00e9e":"3 minutes"},"schema":{"@context":"https:\/\/schema.org","@graph":[{"@type":"Article","@id":"https:\/\/interamerica.org\/fr\/2021\/08\/adra-offre-des-ordinateurs-a-des-ecoles-locales-dans-les-iles-colombiennes\/#article","isPartOf":{"@id":"https:\/\/interamerica.org\/fr\/2021\/08\/adra-offre-des-ordinateurs-a-des-ecoles-locales-dans-les-iles-colombiennes\/"},"author":{"name":"libna","@id":"https:\/\/interamerica.org\/fr\/#\/schema\/person\/29998f2bc2d8bd0d38662909289b54f1"},"headline":"ADRA offre des ordinateurs \u00e0 des \u00e9coles locales dans les \u00eeles colombiennes","datePublished":"2021-08-26T23:00:47+00:00","dateModified":"2021-08-27T12:43:09+00:00","mainEntityOfPage":{"@id":"https:\/\/interamerica.org\/fr\/2021\/08\/adra-offre-des-ordinateurs-a-des-ecoles-locales-dans-les-iles-colombiennes\/"},"wordCount":677,"image":{"@id":"https:\/\/interamerica.org\/fr\/2021\/08\/adra-offre-des-ordinateurs-a-des-ecoles-locales-dans-les-iles-colombiennes\/#primaryimage"},"thumbnailUrl":"https:\/\/interamerica.org\/wp-content\/uploads\/2021\/08\/adra-colombia-sanandres-computers-kids.jpg","articleSection":["Nouvelles du territoire","RSS Fran\u00e7ais"],"inLanguage":"fr-FR"},{"@type":"WebPage","@id":"https:\/\/interamerica.org\/fr\/2021\/08\/adra-offre-des-ordinateurs-a-des-ecoles-locales-dans-les-iles-colombiennes\/","url":"https:\/\/interamerica.org\/fr\/2021\/08\/adra-offre-des-ordinateurs-a-des-ecoles-locales-dans-les-iles-colombiennes\/","name":"ADRA offre des ordinateurs \u00e0 des \u00e9coles locales dans les \u00eeles colombiennes - \u00c9glise Adventiste Du Septieme Jour - Inter Am\u00e9rique Division","isPartOf":{"@id":"https:\/\/interamerica.org\/fr\/#website"},"primaryImageOfPage":{"@id":"https:\/\/interamerica.org\/fr\/2021\/08\/adra-offre-des-ordinateurs-a-des-ecoles-locales-dans-les-iles-colombiennes\/#primaryimage"},"image":{"@id":"https:\/\/interamerica.org\/fr\/2021\/08\/adra-offre-des-ordinateurs-a-des-ecoles-locales-dans-les-iles-colombiennes\/#primaryimage"},"thumbnailUrl":"https:\/\/interamerica.org\/wp-content\/uploads\/2021\/08\/adra-colombia-sanandres-computers-kids.jpg","datePublished":"2021-08-26T23:00:47+00:00","dateModified":"2021-08-27T12:43:09+00:00","author":{"@id":"https:\/\/interamerica.org\/fr\/#\/schema\/person\/29998f2bc2d8bd0d38662909289b54f1"},"breadcrumb":{"@id":"https:\/\/interamerica.org\/fr\/2021\/08\/adra-offre-des-ordinateurs-a-des-ecoles-locales-dans-les-iles-colombiennes\/#breadcrumb"},"inLanguage":"fr-FR","potentialAction":[{"@type":"ReadAction","target":["https:\/\/interamerica.org\/fr\/2021\/08\/adra-offre-des-ordinateurs-a-des-ecoles-locales-dans-les-iles-colombiennes\/"]}]},{"@type":"ImageObject","inLanguage":"fr-FR","@id":"https:\/\/interamerica.org\/fr\/2021\/08\/adra-offre-des-ordinateurs-a-des-ecoles-locales-dans-les-iles-colombiennes\/#primaryimage","url":"https:\/\/interamerica.org\/wp-content\/uploads\/2021\/08\/adra-colombia-sanandres-computers-kids.jpg","contentUrl":"https:\/\/interamerica.org\/wp-content\/uploads\/2021\/08\/adra-colombia-sanandres-computers-kids.jpg","width":1000,"height":633,"caption":"Les dirigeants d\u2019ADRA sont debout aupr\u00e8s des enfants alors qu\u2019ils prennent une photo de groupe pr\u00e8s des nouveaux ordinateurs livr\u00e9s le 13 juillet 2021 et dont b\u00e9n\u00e9ficiera l\u2019\u00c9cole de Bombon\u00e1 sur l\u2019\u00eele de Providencia. ADRA Colombie a fait don de 100 ordinateurs neufs pour aider les \u00e9coles qui ont \u00e9t\u00e9 d\u00e9truites dans les \u00eeles colombiennes apr\u00e8s que l\u2019Ouragan Iota ait ravag\u00e9 les \u00eeles en novembre 2020. [Photo : ADRA Colombie]"},{"@type":"BreadcrumbList","@id":"https:\/\/interamerica.org\/fr\/2021\/08\/adra-offre-des-ordinateurs-a-des-ecoles-locales-dans-les-iles-colombiennes\/#breadcrumb","itemListElement":[{"@type":"ListItem","position":1,"name":"Home","item":"https:\/\/interamerica.org\/fr\/"},{"@type":"ListItem","position":2,"name":"ADRA offre des ordinateurs \u00e0 des \u00e9coles locales dans les \u00eeles colombiennes"}]},{"@type":"WebSite","@id":"https:\/\/interamerica.org\/fr\/#website","url":"https:\/\/interamerica.org\/fr\/","name":"\u00c9glise Adventiste Du Septieme Jour - Inter Am\u00e9rique Division","description":"","potentialAction":[{"@type":"SearchAction","target":{"@type":"EntryPoint","urlTemplate":"https:\/\/interamerica.org\/fr\/?s={search_term_string}"},"query-input":{"@type":"PropertyValueSpecification","valueRequired":true,"valueName":"search_term_string"}}],"inLanguage":"fr-FR"},{"@type":"Person","@id":"https:\/\/interamerica.org\/fr\/#\/schema\/person\/29998f2bc2d8bd0d38662909289b54f1","name":"libna","image":{"@type":"ImageObject","inLanguage":"fr-FR","@id":"https:\/\/secure.gravatar.com\/avatar\/7c5bd30ae4b47a9ba3c856590957fd1d96dc588bf3ac05719d247e126840331f?s=96&d=mm&r=g","url":"https:\/\/secure.gravatar.com\/avatar\/7c5bd30ae4b47a9ba3c856590957fd1d96dc588bf3ac05719d247e126840331f?s=96&d=mm&r=g","contentUrl":"https:\/\/secure.gravatar.com\/avatar\/7c5bd30ae4b47a9ba3c856590957fd1d96dc588bf3ac05719d247e126840331f?s=96&d=mm&r=g","caption":"libna"}}]}},"_links":{"self":[{"href":"https:\/\/interamerica.org\/fr\/wp-json\/wp\/v2\/posts\/75203","targetHints":{"allow":["GET"]}}],"collection":[{"href":"https:\/\/interamerica.org\/fr\/wp-json\/wp\/v2\/posts"}],"about":[{"href":"https:\/\/interamerica.org\/fr\/wp-json\/wp\/v2\/types\/post"}],"author":[{"embeddable":true,"href":"https:\/\/interamerica.org\/fr\/wp-json\/wp\/v2\/users\/3"}],"replies":[{"embeddable":true,"href":"https:\/\/interamerica.org\/fr\/wp-json\/wp\/v2\/comments?post=75203"}],"version-history":[{"count":0,"href":"https:\/\/interamerica.org\/fr\/wp-json\/wp\/v2\/posts\/75203\/revisions"}],"wp:featuredmedia":[{"embeddable":true,"href":"https:\/\/interamerica.org\/fr\/wp-json\/wp\/v2\/media\/75186"}],"wp:attachment":[{"href":"https:\/\/interamerica.org\/fr\/wp-json\/wp\/v2\/media?parent=75203"}],"wp:term":[{"taxonomy":"category","embeddable":true,"href":"https:\/\/interamerica.org\/fr\/wp-json\/wp\/v2\/categories?post=75203"},{"taxonomy":"post_tag","embeddable":true,"href":"https:\/\/interamerica.org\/fr\/wp-json\/wp\/v2\/tags?post=75203"}],"curies":[{"name":"wp","href":"https:\/\/api.w.org\/{rel}","templated":true}]}}