{"id":75244,"date":"2021-08-30T10:05:25","date_gmt":"2021-08-30T14:05:25","guid":{"rendered":"https:\/\/recursing-golick.147-182-135-0.plesk.page\/?p=75244"},"modified":"2021-08-31T09:13:37","modified_gmt":"2021-08-31T13:13:37","slug":"loma-linda-parmi-les-meilleurs-centres-de-readaptation-physique-selon-le-magazine-newsweek","status":"publish","type":"post","link":"https:\/\/interamerica.org\/fr\/2021\/08\/loma-linda-parmi-les-meilleurs-centres-de-readaptation-physique-selon-le-magazine-newsweek\/","title":{"rendered":"Loma Linda parmi les meilleurs centres de r\u00e9adaptation physique selon le magazine Newsweek"},"content":{"rendered":"<p><strong>Des services tels que la r\u00e9adaptation p\u00e9diatrique, orthop\u00e9dique et robotique y sont offerts.<\/strong><\/p>\n<p class=\"subtitle\">Le 30 ao\u00fbt 2021 | Loma Linda, Californie, \u00c9tats-Unis | Briana Pastorino du Centre m\u00e9dical de l\u2019Universit\u00e9 de Loma Linda<\/p>\n<p>Le Centre m\u00e9dical de l\u2019Universit\u00e9 de Loma Linda (LLUH pour <em>Loma Linda University Health<\/em>) a \u00e9t\u00e9 inclus dans la liste du magazine <em>Newsweek<\/em> des <a href=\"https:\/\/www.newsweek.com\/best-physical-rehabilitation-centers-2021\">meilleurs centres de r\u00e9adaptation physique des \u00c9tats-Unis pour 2021<\/a>. Le prix est pr\u00e9sent\u00e9 par le <em>Newsweek<\/em> et Statista Inc, leader mondial en mati\u00e8re de portail de statistiques et de classement des entreprises selon leur domaine. La liste de prix a \u00e9t\u00e9 annonc\u00e9e le 25\u00a0ao\u00fbt dernier et peut \u00eatre consult\u00e9e sur le <a href=\"https:\/\/www.newsweek.com\/best-physical-rehabilitation-centers-2021\/california\">site internet<\/a> du <em>Newsweek<\/em>.<\/p>\n<p>D\u2019apr\u00e8s Darryl VandenBosch, administrateur et vice-pr\u00e9sident par int\u00e9rim du campus est du Centre m\u00e9dical de l\u2019Universit\u00e9 de Loma Linda et de l\u2019H\u00f4pital chirurgical, cette reconnaissance t\u00e9moigne de l\u2019organisation et du d\u00e9vouement de toute l\u2019\u00e9quipe de r\u00e9adaptation envers ses patients.<\/p>\n<div id=\"attachment_75215\" style=\"width: 814px\" class=\"wp-caption aligncenter\"><img fetchpriority=\"high\" decoding=\"async\" aria-describedby=\"caption-attachment-75215\" class=\" wp-image-75215\" src=\"https:\/\/recursing-golick.147-182-135-0.plesk.page\/wp-content\/uploads\/2021\/08\/newsweek-includes-loma-linda-as-one-of-the-best-physical-rehab-centers1.jpeg\" alt=\"\" width=\"804\" height=\"402\" srcset=\"https:\/\/interamerica.org\/wp-content\/uploads\/2021\/08\/newsweek-includes-loma-linda-as-one-of-the-best-physical-rehab-centers1.jpeg 1000w, https:\/\/interamerica.org\/wp-content\/uploads\/2021\/08\/newsweek-includes-loma-linda-as-one-of-the-best-physical-rehab-centers1-300x150.jpeg 300w, https:\/\/interamerica.org\/wp-content\/uploads\/2021\/08\/newsweek-includes-loma-linda-as-one-of-the-best-physical-rehab-centers1-768x384.jpeg 768w\" sizes=\"(max-width: 804px) 100vw, 804px\" \/><p id=\"caption-attachment-75215\" class=\"wp-caption-text\"><span lang=\"FR-CA\">Une patiente qui a re\u00e7u une s\u00e9rie de services de r\u00e9adaptation en septembre 2020 dans le cadre d\u2019un traitement complet sur le campus est du Centre m\u00e9dical de l\u2019Universit\u00e9 de Loma Linda. Une photo du Centre m\u00e9dical de l\u2019Universit\u00e9 de Loma Linda.<\/span><\/p><\/div>\n<p>\u00ab\u00a0Notre \u00e9quipe de m\u00e9decins, d\u2019infirmi\u00e8res et de th\u00e9rapeutes ainsi que du reste de notre personnel aide nos patients \u00e0 atteindre un r\u00e9tablissement optimal et offrent des soins personnalis\u00e9s pour r\u00e9pondre \u00e0 leurs besoins uniques, a-t-il expliqu\u00e9. C\u2019est notre mission de continuer d\u2019offrir le meilleur \u00e0 chaque patient que nous servons.\u00a0\u00bb<\/p>\n<p>L\u2019approche multidisciplinaire du LLUH offre des soins collaboratifs pour que chaque patient b\u00e9n\u00e9ficie des meilleures pratiques. La plupart des services de r\u00e9adaptation sont offerts sur le campus est, ne n\u00e9cessitant qu\u2019un seul arr\u00eat pour obtenir les services de r\u00e9adaptation les plus complets de la r\u00e9gion.<\/p>\n<p>Le centre de r\u00e9adaptation du LLUH offre des services en consultation externe ainsi que des soins aux patients hospitalis\u00e9s. Il est l\u2019un des principaux fournisseurs de soins de r\u00e9adaptation aigus de la r\u00e9gion, offrant aux patients hospitalis\u00e9s l\u2019exp\u00e9rience la plus compl\u00e8te dans deux unit\u00e9s distinctes. Et ses th\u00e9rapies en consultation externe, en orthop\u00e9die, en th\u00e9rapie sportive et en r\u00e9adaptation p\u00e9diatrique aident \u00e9galement les patients \u00e0 am\u00e9liorer leur qualit\u00e9 de vie.<\/p>\n<p>D\u2019ailleurs, en r\u00e9adaptation p\u00e9diatrique, Loma Linda travaille de pr\u00e8s avec les familles pour concevoir un plan de traitement personnalis\u00e9 visant \u00e0 am\u00e9liorer la capacit\u00e9 de chaque enfant \u00e0 atteindre son potentiel.<\/p>\n<p>Enfin, la th\u00e9rapie de r\u00e9adaptation robotique, la seule de la r\u00e9gion, offre de l\u2019espoir aux patients de tous les \u00e2ges qui ont subi des dommages neurologiques apr\u00e8s un AVC, une blessure ou une maladie (comme le Parkinson). \u00c0 l\u2019aide d\u2019une technologie avanc\u00e9e de robotique, l\u2019\u00e9quipe de Loma Linda permet aux personnes affect\u00e9es de r\u00e9duire leur douleur et d\u2019am\u00e9liorer leur capacit\u00e9 de bouger, de se tenir debout, de marcher et de saisir et manipuler des objets.<\/p>\n<p>La liste des meilleurs centres de r\u00e9adaptation physique des \u00c9tats-Unis pour 2021 fait \u00e9tat des meilleurs \u00e9tablissements de r\u00e9adaptation pour les patients hospitalis\u00e9s, se basant sur la qualit\u00e9 des soins, des services et du suivi ainsi que sur les installations et les \u00e9quipements. Les \u00e9tablissements des 25\u00a0\u00c9tats ayant le plus grand nombre d\u2019\u00e9tablissements de r\u00e9adaptation pour patients hospitalis\u00e9s, d\u2019apr\u00e8s les Centers for Medicare and Medicaid Services, faisaient partie de l\u2019\u00e9tude. Le classement pr\u00e9sente les 230\u00a0meilleurs centres du pays.<\/p>\n<p><em>La <a href=\"https:\/\/news.llu.edu\/patient-care\/llu-health-named-best-physical-rehab-center-by-newsweek\">version originale<\/a> de cet article a \u00e9t\u00e9 publi\u00e9e sur le <a href=\"https:\/\/news.llu.edu\/\">site d\u2019actualit\u00e9s<\/a> du Centre m\u00e9dical de l\u2019Universit\u00e9 de Loma Linda.<\/em><\/p>\n<p>Traduction\u00a0: Marie-Mich\u00e8le Robitaille<\/p>\n","protected":false},"excerpt":{"rendered":"<p>Des services tels que la r\u00e9adaptation p\u00e9diatrique, orthop\u00e9dique et robotique y sont offerts. Le 30 ao\u00fbt 2021 | Loma Linda, Californie, \u00c9tats-Unis | Briana Pastorino du Centre m\u00e9dical de l\u2019Universit\u00e9&#8230;<\/p>\n","protected":false},"author":3,"featured_media":75218,"comment_status":"closed","ping_status":"closed","sticky":false,"template":"","format":"standard","meta":{"_acf_changed":false,"footnotes":""},"categories":[18,19],"tags":[],"class_list":["post-75244","post","type-post","status-publish","format-standard","has-post-thumbnail","hentry","category-nouvelles-de-leglise-mondiale","category-rss-francais"],"acf":[],"yoast_head":"<!-- This site is optimized with the Yoast SEO plugin v27.3 - https:\/\/yoast.com\/product\/yoast-seo-wordpress\/ -->\n<title>Loma Linda parmi les meilleurs centres de r\u00e9adaptation physique selon le magazine Newsweek - \u00c9glise Adventiste Du Septieme Jour - Inter Am\u00e9rique Division<\/title>\n<meta name=\"robots\" content=\"index, follow, max-snippet:-1, max-image-preview:large, max-video-preview:-1\" \/>\n<link rel=\"canonical\" href=\"https:\/\/interamerica.org\/fr\/2021\/08\/loma-linda-parmi-les-meilleurs-centres-de-readaptation-physique-selon-le-magazine-newsweek\/\" \/>\n<meta property=\"og:locale\" content=\"fr_FR\" \/>\n<meta property=\"og:type\" content=\"article\" \/>\n<meta property=\"og:title\" content=\"Loma Linda parmi les meilleurs centres de r\u00e9adaptation physique selon le magazine Newsweek - \u00c9glise Adventiste Du Septieme Jour - Inter Am\u00e9rique Division\" \/>\n<meta property=\"og:description\" content=\"Des services tels que la r\u00e9adaptation p\u00e9diatrique, orthop\u00e9dique et robotique y sont offerts. Le 30 ao\u00fbt 2021 | Loma Linda, Californie, \u00c9tats-Unis | Briana Pastorino du Centre m\u00e9dical de l\u2019Universit\u00e9...\" \/>\n<meta property=\"og:url\" content=\"https:\/\/interamerica.org\/fr\/2021\/08\/loma-linda-parmi-les-meilleurs-centres-de-readaptation-physique-selon-le-magazine-newsweek\/\" \/>\n<meta property=\"og:site_name\" content=\"\u00c9glise Adventiste Du Septieme Jour - Inter Am\u00e9rique Division\" \/>\n<meta property=\"article:published_time\" content=\"2021-08-30T14:05:25+00:00\" \/>\n<meta property=\"article:modified_time\" content=\"2021-08-31T13:13:37+00:00\" \/>\n<meta property=\"og:image\" content=\"https:\/\/interamerica.org\/wp-content\/uploads\/2021\/08\/newsweek-includes-loma-linda-as-one-of-the-best-physical-rehab-centers-1280.jpg\" \/>\n\t<meta property=\"og:image:width\" content=\"1280\" \/>\n\t<meta property=\"og:image:height\" content=\"800\" \/>\n\t<meta property=\"og:image:type\" content=\"image\/jpeg\" \/>\n<meta name=\"author\" content=\"libna\" \/>\n<meta name=\"twitter:card\" content=\"summary_large_image\" \/>\n<meta name=\"twitter:label1\" content=\"\u00c9crit par\" \/>\n\t<meta name=\"twitter:data1\" content=\"libna\" \/>\n\t<meta name=\"twitter:label2\" content=\"Dur\u00e9e de lecture estim\u00e9e\" \/>\n\t<meta name=\"twitter:data2\" content=\"3 minutes\" \/>\n<script type=\"application\/ld+json\" class=\"yoast-schema-graph\">{\"@context\":\"https:\\\/\\\/schema.org\",\"@graph\":[{\"@type\":\"Article\",\"@id\":\"https:\\\/\\\/interamerica.org\\\/fr\\\/2021\\\/08\\\/loma-linda-parmi-les-meilleurs-centres-de-readaptation-physique-selon-le-magazine-newsweek\\\/#article\",\"isPartOf\":{\"@id\":\"https:\\\/\\\/interamerica.org\\\/fr\\\/2021\\\/08\\\/loma-linda-parmi-les-meilleurs-centres-de-readaptation-physique-selon-le-magazine-newsweek\\\/\"},\"author\":{\"name\":\"libna\",\"@id\":\"https:\\\/\\\/interamerica.org\\\/fr\\\/#\\\/schema\\\/person\\\/29998f2bc2d8bd0d38662909289b54f1\"},\"headline\":\"Loma Linda parmi les meilleurs centres de r\u00e9adaptation physique selon le magazine Newsweek\",\"datePublished\":\"2021-08-30T14:05:25+00:00\",\"dateModified\":\"2021-08-31T13:13:37+00:00\",\"mainEntityOfPage\":{\"@id\":\"https:\\\/\\\/interamerica.org\\\/fr\\\/2021\\\/08\\\/loma-linda-parmi-les-meilleurs-centres-de-readaptation-physique-selon-le-magazine-newsweek\\\/\"},\"wordCount\":676,\"image\":{\"@id\":\"https:\\\/\\\/interamerica.org\\\/fr\\\/2021\\\/08\\\/loma-linda-parmi-les-meilleurs-centres-de-readaptation-physique-selon-le-magazine-newsweek\\\/#primaryimage\"},\"thumbnailUrl\":\"https:\\\/\\\/interamerica.org\\\/wp-content\\\/uploads\\\/2021\\\/08\\\/newsweek-includes-loma-linda-as-one-of-the-best-physical-rehab-centers-1280.jpg\",\"articleSection\":[\"Nouvelles de l'\u00c9glise mondiale\",\"RSS Fran\u00e7ais\"],\"inLanguage\":\"fr-FR\"},{\"@type\":\"WebPage\",\"@id\":\"https:\\\/\\\/interamerica.org\\\/fr\\\/2021\\\/08\\\/loma-linda-parmi-les-meilleurs-centres-de-readaptation-physique-selon-le-magazine-newsweek\\\/\",\"url\":\"https:\\\/\\\/interamerica.org\\\/fr\\\/2021\\\/08\\\/loma-linda-parmi-les-meilleurs-centres-de-readaptation-physique-selon-le-magazine-newsweek\\\/\",\"name\":\"Loma Linda parmi les meilleurs centres de r\u00e9adaptation physique selon le magazine Newsweek - \u00c9glise Adventiste Du Septieme Jour - Inter Am\u00e9rique Division\",\"isPartOf\":{\"@id\":\"https:\\\/\\\/interamerica.org\\\/fr\\\/#website\"},\"primaryImageOfPage\":{\"@id\":\"https:\\\/\\\/interamerica.org\\\/fr\\\/2021\\\/08\\\/loma-linda-parmi-les-meilleurs-centres-de-readaptation-physique-selon-le-magazine-newsweek\\\/#primaryimage\"},\"image\":{\"@id\":\"https:\\\/\\\/interamerica.org\\\/fr\\\/2021\\\/08\\\/loma-linda-parmi-les-meilleurs-centres-de-readaptation-physique-selon-le-magazine-newsweek\\\/#primaryimage\"},\"thumbnailUrl\":\"https:\\\/\\\/interamerica.org\\\/wp-content\\\/uploads\\\/2021\\\/08\\\/newsweek-includes-loma-linda-as-one-of-the-best-physical-rehab-centers-1280.jpg\",\"datePublished\":\"2021-08-30T14:05:25+00:00\",\"dateModified\":\"2021-08-31T13:13:37+00:00\",\"author\":{\"@id\":\"https:\\\/\\\/interamerica.org\\\/fr\\\/#\\\/schema\\\/person\\\/29998f2bc2d8bd0d38662909289b54f1\"},\"breadcrumb\":{\"@id\":\"https:\\\/\\\/interamerica.org\\\/fr\\\/2021\\\/08\\\/loma-linda-parmi-les-meilleurs-centres-de-readaptation-physique-selon-le-magazine-newsweek\\\/#breadcrumb\"},\"inLanguage\":\"fr-FR\",\"potentialAction\":[{\"@type\":\"ReadAction\",\"target\":[\"https:\\\/\\\/interamerica.org\\\/fr\\\/2021\\\/08\\\/loma-linda-parmi-les-meilleurs-centres-de-readaptation-physique-selon-le-magazine-newsweek\\\/\"]}]},{\"@type\":\"ImageObject\",\"inLanguage\":\"fr-FR\",\"@id\":\"https:\\\/\\\/interamerica.org\\\/fr\\\/2021\\\/08\\\/loma-linda-parmi-les-meilleurs-centres-de-readaptation-physique-selon-le-magazine-newsweek\\\/#primaryimage\",\"url\":\"https:\\\/\\\/interamerica.org\\\/wp-content\\\/uploads\\\/2021\\\/08\\\/newsweek-includes-loma-linda-as-one-of-the-best-physical-rehab-centers-1280.jpg\",\"contentUrl\":\"https:\\\/\\\/interamerica.org\\\/wp-content\\\/uploads\\\/2021\\\/08\\\/newsweek-includes-loma-linda-as-one-of-the-best-physical-rehab-centers-1280.jpg\",\"width\":1280,\"height\":800},{\"@type\":\"BreadcrumbList\",\"@id\":\"https:\\\/\\\/interamerica.org\\\/fr\\\/2021\\\/08\\\/loma-linda-parmi-les-meilleurs-centres-de-readaptation-physique-selon-le-magazine-newsweek\\\/#breadcrumb\",\"itemListElement\":[{\"@type\":\"ListItem\",\"position\":1,\"name\":\"Home\",\"item\":\"https:\\\/\\\/interamerica.org\\\/fr\\\/\"},{\"@type\":\"ListItem\",\"position\":2,\"name\":\"Loma Linda parmi les meilleurs centres de r\u00e9adaptation physique selon le magazine Newsweek\"}]},{\"@type\":\"WebSite\",\"@id\":\"https:\\\/\\\/interamerica.org\\\/fr\\\/#website\",\"url\":\"https:\\\/\\\/interamerica.org\\\/fr\\\/\",\"name\":\"\u00c9glise Adventiste Du Septieme Jour - Inter Am\u00e9rique Division\",\"description\":\"\",\"potentialAction\":[{\"@type\":\"SearchAction\",\"target\":{\"@type\":\"EntryPoint\",\"urlTemplate\":\"https:\\\/\\\/interamerica.org\\\/fr\\\/?s={search_term_string}\"},\"query-input\":{\"@type\":\"PropertyValueSpecification\",\"valueRequired\":true,\"valueName\":\"search_term_string\"}}],\"inLanguage\":\"fr-FR\"},{\"@type\":\"Person\",\"@id\":\"https:\\\/\\\/interamerica.org\\\/fr\\\/#\\\/schema\\\/person\\\/29998f2bc2d8bd0d38662909289b54f1\",\"name\":\"libna\",\"image\":{\"@type\":\"ImageObject\",\"inLanguage\":\"fr-FR\",\"@id\":\"https:\\\/\\\/secure.gravatar.com\\\/avatar\\\/7c5bd30ae4b47a9ba3c856590957fd1d96dc588bf3ac05719d247e126840331f?s=96&d=mm&r=g\",\"url\":\"https:\\\/\\\/secure.gravatar.com\\\/avatar\\\/7c5bd30ae4b47a9ba3c856590957fd1d96dc588bf3ac05719d247e126840331f?s=96&d=mm&r=g\",\"contentUrl\":\"https:\\\/\\\/secure.gravatar.com\\\/avatar\\\/7c5bd30ae4b47a9ba3c856590957fd1d96dc588bf3ac05719d247e126840331f?s=96&d=mm&r=g\",\"caption\":\"libna\"}}]}<\/script>\n<!-- \/ Yoast SEO plugin. -->","yoast_head_json":{"title":"Loma Linda parmi les meilleurs centres de r\u00e9adaptation physique selon le magazine Newsweek - \u00c9glise Adventiste Du Septieme Jour - Inter Am\u00e9rique Division","robots":{"index":"index","follow":"follow","max-snippet":"max-snippet:-1","max-image-preview":"max-image-preview:large","max-video-preview":"max-video-preview:-1"},"canonical":"https:\/\/interamerica.org\/fr\/2021\/08\/loma-linda-parmi-les-meilleurs-centres-de-readaptation-physique-selon-le-magazine-newsweek\/","og_locale":"fr_FR","og_type":"article","og_title":"Loma Linda parmi les meilleurs centres de r\u00e9adaptation physique selon le magazine Newsweek - \u00c9glise Adventiste Du Septieme Jour - Inter Am\u00e9rique Division","og_description":"Des services tels que la r\u00e9adaptation p\u00e9diatrique, orthop\u00e9dique et robotique y sont offerts. Le 30 ao\u00fbt 2021 | Loma Linda, Californie, \u00c9tats-Unis | Briana Pastorino du Centre m\u00e9dical de l\u2019Universit\u00e9...","og_url":"https:\/\/interamerica.org\/fr\/2021\/08\/loma-linda-parmi-les-meilleurs-centres-de-readaptation-physique-selon-le-magazine-newsweek\/","og_site_name":"\u00c9glise Adventiste Du Septieme Jour - Inter Am\u00e9rique Division","article_published_time":"2021-08-30T14:05:25+00:00","article_modified_time":"2021-08-31T13:13:37+00:00","og_image":[{"width":1280,"height":800,"url":"https:\/\/interamerica.org\/wp-content\/uploads\/2021\/08\/newsweek-includes-loma-linda-as-one-of-the-best-physical-rehab-centers-1280.jpg","type":"image\/jpeg"}],"author":"libna","twitter_card":"summary_large_image","twitter_misc":{"\u00c9crit par":"libna","Dur\u00e9e de lecture estim\u00e9e":"3 minutes"},"schema":{"@context":"https:\/\/schema.org","@graph":[{"@type":"Article","@id":"https:\/\/interamerica.org\/fr\/2021\/08\/loma-linda-parmi-les-meilleurs-centres-de-readaptation-physique-selon-le-magazine-newsweek\/#article","isPartOf":{"@id":"https:\/\/interamerica.org\/fr\/2021\/08\/loma-linda-parmi-les-meilleurs-centres-de-readaptation-physique-selon-le-magazine-newsweek\/"},"author":{"name":"libna","@id":"https:\/\/interamerica.org\/fr\/#\/schema\/person\/29998f2bc2d8bd0d38662909289b54f1"},"headline":"Loma Linda parmi les meilleurs centres de r\u00e9adaptation physique selon le magazine Newsweek","datePublished":"2021-08-30T14:05:25+00:00","dateModified":"2021-08-31T13:13:37+00:00","mainEntityOfPage":{"@id":"https:\/\/interamerica.org\/fr\/2021\/08\/loma-linda-parmi-les-meilleurs-centres-de-readaptation-physique-selon-le-magazine-newsweek\/"},"wordCount":676,"image":{"@id":"https:\/\/interamerica.org\/fr\/2021\/08\/loma-linda-parmi-les-meilleurs-centres-de-readaptation-physique-selon-le-magazine-newsweek\/#primaryimage"},"thumbnailUrl":"https:\/\/interamerica.org\/wp-content\/uploads\/2021\/08\/newsweek-includes-loma-linda-as-one-of-the-best-physical-rehab-centers-1280.jpg","articleSection":["Nouvelles de l'\u00c9glise mondiale","RSS Fran\u00e7ais"],"inLanguage":"fr-FR"},{"@type":"WebPage","@id":"https:\/\/interamerica.org\/fr\/2021\/08\/loma-linda-parmi-les-meilleurs-centres-de-readaptation-physique-selon-le-magazine-newsweek\/","url":"https:\/\/interamerica.org\/fr\/2021\/08\/loma-linda-parmi-les-meilleurs-centres-de-readaptation-physique-selon-le-magazine-newsweek\/","name":"Loma Linda parmi les meilleurs centres de r\u00e9adaptation physique selon le magazine Newsweek - \u00c9glise Adventiste Du Septieme Jour - Inter Am\u00e9rique Division","isPartOf":{"@id":"https:\/\/interamerica.org\/fr\/#website"},"primaryImageOfPage":{"@id":"https:\/\/interamerica.org\/fr\/2021\/08\/loma-linda-parmi-les-meilleurs-centres-de-readaptation-physique-selon-le-magazine-newsweek\/#primaryimage"},"image":{"@id":"https:\/\/interamerica.org\/fr\/2021\/08\/loma-linda-parmi-les-meilleurs-centres-de-readaptation-physique-selon-le-magazine-newsweek\/#primaryimage"},"thumbnailUrl":"https:\/\/interamerica.org\/wp-content\/uploads\/2021\/08\/newsweek-includes-loma-linda-as-one-of-the-best-physical-rehab-centers-1280.jpg","datePublished":"2021-08-30T14:05:25+00:00","dateModified":"2021-08-31T13:13:37+00:00","author":{"@id":"https:\/\/interamerica.org\/fr\/#\/schema\/person\/29998f2bc2d8bd0d38662909289b54f1"},"breadcrumb":{"@id":"https:\/\/interamerica.org\/fr\/2021\/08\/loma-linda-parmi-les-meilleurs-centres-de-readaptation-physique-selon-le-magazine-newsweek\/#breadcrumb"},"inLanguage":"fr-FR","potentialAction":[{"@type":"ReadAction","target":["https:\/\/interamerica.org\/fr\/2021\/08\/loma-linda-parmi-les-meilleurs-centres-de-readaptation-physique-selon-le-magazine-newsweek\/"]}]},{"@type":"ImageObject","inLanguage":"fr-FR","@id":"https:\/\/interamerica.org\/fr\/2021\/08\/loma-linda-parmi-les-meilleurs-centres-de-readaptation-physique-selon-le-magazine-newsweek\/#primaryimage","url":"https:\/\/interamerica.org\/wp-content\/uploads\/2021\/08\/newsweek-includes-loma-linda-as-one-of-the-best-physical-rehab-centers-1280.jpg","contentUrl":"https:\/\/interamerica.org\/wp-content\/uploads\/2021\/08\/newsweek-includes-loma-linda-as-one-of-the-best-physical-rehab-centers-1280.jpg","width":1280,"height":800},{"@type":"BreadcrumbList","@id":"https:\/\/interamerica.org\/fr\/2021\/08\/loma-linda-parmi-les-meilleurs-centres-de-readaptation-physique-selon-le-magazine-newsweek\/#breadcrumb","itemListElement":[{"@type":"ListItem","position":1,"name":"Home","item":"https:\/\/interamerica.org\/fr\/"},{"@type":"ListItem","position":2,"name":"Loma Linda parmi les meilleurs centres de r\u00e9adaptation physique selon le magazine Newsweek"}]},{"@type":"WebSite","@id":"https:\/\/interamerica.org\/fr\/#website","url":"https:\/\/interamerica.org\/fr\/","name":"\u00c9glise Adventiste Du Septieme Jour - Inter Am\u00e9rique Division","description":"","potentialAction":[{"@type":"SearchAction","target":{"@type":"EntryPoint","urlTemplate":"https:\/\/interamerica.org\/fr\/?s={search_term_string}"},"query-input":{"@type":"PropertyValueSpecification","valueRequired":true,"valueName":"search_term_string"}}],"inLanguage":"fr-FR"},{"@type":"Person","@id":"https:\/\/interamerica.org\/fr\/#\/schema\/person\/29998f2bc2d8bd0d38662909289b54f1","name":"libna","image":{"@type":"ImageObject","inLanguage":"fr-FR","@id":"https:\/\/secure.gravatar.com\/avatar\/7c5bd30ae4b47a9ba3c856590957fd1d96dc588bf3ac05719d247e126840331f?s=96&d=mm&r=g","url":"https:\/\/secure.gravatar.com\/avatar\/7c5bd30ae4b47a9ba3c856590957fd1d96dc588bf3ac05719d247e126840331f?s=96&d=mm&r=g","contentUrl":"https:\/\/secure.gravatar.com\/avatar\/7c5bd30ae4b47a9ba3c856590957fd1d96dc588bf3ac05719d247e126840331f?s=96&d=mm&r=g","caption":"libna"}}]}},"_links":{"self":[{"href":"https:\/\/interamerica.org\/fr\/wp-json\/wp\/v2\/posts\/75244","targetHints":{"allow":["GET"]}}],"collection":[{"href":"https:\/\/interamerica.org\/fr\/wp-json\/wp\/v2\/posts"}],"about":[{"href":"https:\/\/interamerica.org\/fr\/wp-json\/wp\/v2\/types\/post"}],"author":[{"embeddable":true,"href":"https:\/\/interamerica.org\/fr\/wp-json\/wp\/v2\/users\/3"}],"replies":[{"embeddable":true,"href":"https:\/\/interamerica.org\/fr\/wp-json\/wp\/v2\/comments?post=75244"}],"version-history":[{"count":0,"href":"https:\/\/interamerica.org\/fr\/wp-json\/wp\/v2\/posts\/75244\/revisions"}],"wp:featuredmedia":[{"embeddable":true,"href":"https:\/\/interamerica.org\/fr\/wp-json\/wp\/v2\/media\/75218"}],"wp:attachment":[{"href":"https:\/\/interamerica.org\/fr\/wp-json\/wp\/v2\/media?parent=75244"}],"wp:term":[{"taxonomy":"category","embeddable":true,"href":"https:\/\/interamerica.org\/fr\/wp-json\/wp\/v2\/categories?post=75244"},{"taxonomy":"post_tag","embeddable":true,"href":"https:\/\/interamerica.org\/fr\/wp-json\/wp\/v2\/tags?post=75244"}],"curies":[{"name":"wp","href":"https:\/\/api.w.org\/{rel}","templated":true}]}}