{"id":75573,"date":"2021-09-07T13:57:25","date_gmt":"2021-09-07T17:57:25","guid":{"rendered":"https:\/\/recursing-golick.147-182-135-0.plesk.page\/?p=75573"},"modified":"2021-09-09T08:29:26","modified_gmt":"2021-09-09T12:29:26","slug":"jesus-publierait-il-ses-opinions-sur-les-medias-sociaux","status":"publish","type":"post","link":"https:\/\/interamerica.org\/fr\/2021\/09\/jesus-publierait-il-ses-opinions-sur-les-medias-sociaux\/","title":{"rendered":"J\u00e9sus publierait-il ses opinions sur les m\u00e9dias sociaux?"},"content":{"rendered":"<p><strong>Nous devons choisir entre le d\u00e9bat, les attaques et l\u2019amour.<\/strong><\/p>\n<p class=\"subhead\">Le 5 septembre 2021 | Lincoln, Nebraska, \u00c9tats-Unis | Nate Elias pour l\u2019<em>Outlook<\/em> de l\u2019Union mid-am\u00e9ricaine<\/p>\n<p>Avez-vous d\u00e9j\u00e0 fait changer quelqu\u2019un d\u2019id\u00e9e dans un d\u00e9bat sur les m\u00e9dias sociaux? Je vois rarement les d\u00e9bats en personne \u00e9branler l\u2019opinion d\u2019une personne, encore moins les d\u00e9bats en ligne. Pourtant, les chr\u00e9tiens sont entr\u00e9s dans les d\u00e9bats d\u2019opinions sur les r\u00e9seaux sociaux (ou plut\u00f4t, les guerres virtuelles).<\/p>\n<p>Quand Dieu est venu sur la terre dans la chair, il est entr\u00e9 dans un monde de d\u00e9bat. Les citoyens de la nation juive voulaient tous la m\u00eame chose\u00a0: se lib\u00e9rer de l\u2019emprise de Rome. Ils ont donc cr\u00e9\u00e9 des factions selon leur opinion sur les diverses solutions possibles contre l\u2019occupation des Romains.<\/p>\n<p>Et lorsqu\u2019on consid\u00e8re les gens que J\u00e9sus a appel\u00e9s \u00e0 entrer dans son cercle d\u2019influence, nous pouvons voir qu\u2019il n\u2019\u00e9tait pas inconscient du d\u00e9bat en Isra\u00ebl. J\u00e9sus a invit\u00e9 Jacques et Jean, les \u00ab\u00a0fils du tonnerre\u00a0\u00bb (<a href=\"https:\/\/www.biblegateway.com\/passage\/?search=Marc+3.17&amp;version=LSG\">Marc\u00a03.17<\/a>), qui croyaient au renversement violent de Rome. Ensuite, il y a eu Matthieu, le publicain (<a href=\"https:\/\/www.biblegateway.com\/passage\/?search=Matthew+9.9&amp;version=LSG\">Matthieu\u00a09.9<\/a>), qui n\u2019a non seulement pas combattu Rome, mais qui s\u2019est joint \u00e0 elle. Puis entre les deux extr\u00eames, il y avait les dirigeants religieux qui tentaient de contrer Rome tout en collaborant avec elle.<\/p>\n<p>Il aurait \u00e9t\u00e9 logique, avec tous ces d\u00e9bats et conflits, que J\u00e9sus passe un temps consid\u00e9rable \u00e0 prendre position et \u00e0 d\u00e9battre contre un c\u00f4t\u00e9 ou l\u2019autre. Pourtant, il n\u2019y a que quelques r\u00e9f\u00e9rences mineures \u00e0 la reconnaissance de l\u2019existence du d\u00e9bat par J\u00e9sus. Comment pouvait-il se distancier des conflits sans fin tout en attirant des personnes des deux extr\u00eames au sein de sa communaut\u00e9?<\/p>\n<p><strong>J\u00e9sus choisirait-il un clan?<\/strong><\/p>\n<p>En r\u00e9fl\u00e9chissant \u00e0 nos difficult\u00e9s actuelles \u00e0 vivre avec la COVID-19 et tous ses variants, je me demande comment J\u00e9sus aurait r\u00e9agi au d\u00e9bat. Choisirait-il un clan? Se mettrait-il \u00e0 publier ses opinions sur les m\u00e9dias sociaux? Comment rassemblerait-il l\u2019\u00c9glise, son corps ici sur terre, lorsqu\u2019elle est \u00e0 ce point divis\u00e9e par des \u00ab\u00a0faits\u00a0\u00bb et des \u00ab\u00a0opinions\u00a0\u00bb?<\/p>\n<p>La confession de foi de la communaut\u00e9 juive, le Chema, faisait partie de son exp\u00e9rience religieuse quotidienne\u00a0: \u00ab\u00a0Tu aimeras l\u2019\u00c9ternel, ton Dieu\u00a0\u00bb (<a href=\"https:\/\/www.biblegateway.com\/passage\/?search=Deuteronomy+6.5&amp;version=LSG\">Deut\u00e9ronome\u00a06.5<\/a>). Et J\u00e9sus a cit\u00e9 ce passage comme \u00e9tant le plus grand des commandements de Dieu (<a href=\"https:\/\/www.biblegateway.com\/passage\/?search=Matthieu+22.37-39&amp;version=LSG\">Matthieu\u00a022.37-39<\/a>). Pendant que les Juifs se chamaillaient sur l\u2019oppression de Rome, J\u00e9sus cherchait \u00e0 rediriger leur attention vers ce que cela signifiait que d\u2019aimer Dieu et de s\u2019aimer les uns les autres. Pendant qu\u2019ils se disputaient sur la lib\u00e9ration de Rome, J\u00e9sus leur proposait la lib\u00e9ration \u00e9ternelle de l\u2019emprise du p\u00e9ch\u00e9.<\/p>\n<p><strong>Comment J\u00e9sus r\u00e9pondrait-il aux gens aujourd\u2019hui?<\/strong><\/p>\n<p>Avons-nous besoin d\u2019\u00eatre redirig\u00e9s par Dieu pour comprendre son amour? L\u2019ap\u00f4tre Jean a \u00e9crit ceci\u00a0: \u00ab\u00a0Car Dieu a tant aim\u00e9 le monde qu\u2019il a donn\u00e9 son Fils unique\u00a0\u00bb (<a href=\"https:\/\/www.biblegateway.com\/passage\/?search=jean+3.16&amp;version=LSG\">Jean\u00a03.16<\/a>). Et dans <a href=\"https:\/\/www.biblegateway.com\/passage\/?search=1+jean+3.16&amp;version=BDS\">1\u00a0Jean\u00a03.16<\/a>, il a \u00e9crit que c\u2019est ainsi que \u00ab\u00a0nous savons ce que c\u2019est que d\u2019aimer\u00a0: J\u00e9sus-Christ a donn\u00e9 sa vie pour nous. Nous devons, nous aussi, donner notre vie pour nos fr\u00e8res [et s\u0153urs].\u00a0\u00bb (BDS) Enfin, dans <a href=\"https:\/\/www.biblegateway.com\/passage\/?search=1+jean+3.1&amp;version=LSG\">1\u00a0Jean\u00a03.1<\/a>, il s\u2019est exprim\u00e9 ainsi\u00a0: \u00ab\u00a0Voyez quel amour le P\u00e8re nous a t\u00e9moign\u00e9, pour que nous soyons appel\u00e9s enfants de Dieu! Et nous le sommes.\u00a0\u00bb<\/p>\n<p>Trois mots me viennent \u00e0 l\u2019esprit concernant notre r\u00e9ponse \u00e0 l\u2019invitation de Dieu d\u2019aimer les autres\u00a0: compassion, respect et valeur. Chaque \u00eatre humain est n\u00e9 avec l\u2019image de Dieu. Nous avons tous une histoire personnelle qui forge nos r\u00e9actions \u00e0 la vie. Avoir de la compassion, c\u2019est \u00e9couter l\u2019histoire qui a eu un impact sur l\u2019autre. Respecter chaque personne en tant qu\u2019enfant de Dieu, c\u2019est tout aussi beau que difficile.<\/p>\n<p>Et nous avons tous la m\u00eame valeur aux yeux de Dieu. Nous sommes tous ses enfants de mani\u00e8re \u00e9gale. Lorsque je vous regarde, est-ce mon \u00e9gal que je vois?<\/p>\n<p>Si je vous vois comme mon \u00e9gal, mon semblable, et comme l\u2019enfant de Dieu, je ne vous attaquerai ni en ligne ni en personne. Que Dieu nous aide \u00e0 apprendre \u00e0 aimer comme il nous a aim\u00e9s le premier.<\/p>\n<p><em>Nate Elias est le pasteur de l\u2019\u00e9glise adventiste du septi\u00e8me jour de Piedmont Park \u00e0 Lincoln, dans l\u2019\u00c9tat am\u00e9ricain du Nebraska.<\/em><\/p>\n<p><em>La <a href=\"https:\/\/outlookmag.org\/debate-attack-or-love\/%C3%A0\">version originale<\/a> de cet article a \u00e9t\u00e9 publi\u00e9e dans l\u2019<\/em><a href=\"https:\/\/outlookmag.org\/\">Outlook<\/a><em> de l\u2019Union mid-am\u00e9ricaine.<\/em><\/p>\n<p>Traduction\u00a0: Marie-Mich\u00e8le Robitaille<\/p>\n","protected":false},"excerpt":{"rendered":"<p>Nous devons choisir entre le d\u00e9bat, les attaques et l\u2019amour. Le 5 septembre 2021 | Lincoln, Nebraska, \u00c9tats-Unis | Nate Elias pour l\u2019Outlook de l\u2019Union mid-am\u00e9ricaine Avez-vous d\u00e9j\u00e0 fait changer&#8230;<\/p>\n","protected":false},"author":3,"featured_media":75448,"comment_status":"closed","ping_status":"closed","sticky":false,"template":"","format":"standard","meta":{"_acf_changed":false,"footnotes":""},"categories":[18,19],"tags":[],"class_list":["post-75573","post","type-post","status-publish","format-standard","has-post-thumbnail","hentry","category-nouvelles-de-leglise-mondiale","category-rss-francais"],"acf":[],"yoast_head":"<!-- This site is optimized with the Yoast SEO plugin v27.3 - https:\/\/yoast.com\/product\/yoast-seo-wordpress\/ -->\n<title>J\u00e9sus publierait-il ses opinions sur les m\u00e9dias sociaux? - \u00c9glise Adventiste Du Septieme Jour - Inter Am\u00e9rique Division<\/title>\n<meta name=\"robots\" content=\"index, follow, max-snippet:-1, max-image-preview:large, max-video-preview:-1\" \/>\n<link rel=\"canonical\" href=\"https:\/\/interamerica.org\/fr\/2021\/09\/jesus-publierait-il-ses-opinions-sur-les-medias-sociaux\/\" \/>\n<meta property=\"og:locale\" content=\"fr_FR\" \/>\n<meta property=\"og:type\" content=\"article\" \/>\n<meta property=\"og:title\" content=\"J\u00e9sus publierait-il ses opinions sur les m\u00e9dias sociaux? - \u00c9glise Adventiste Du Septieme Jour - Inter Am\u00e9rique Division\" \/>\n<meta property=\"og:description\" content=\"Nous devons choisir entre le d\u00e9bat, les attaques et l\u2019amour. Le 5 septembre 2021 | Lincoln, Nebraska, \u00c9tats-Unis | Nate Elias pour l\u2019Outlook de l\u2019Union mid-am\u00e9ricaine Avez-vous d\u00e9j\u00e0 fait changer...\" \/>\n<meta property=\"og:url\" content=\"https:\/\/interamerica.org\/fr\/2021\/09\/jesus-publierait-il-ses-opinions-sur-les-medias-sociaux\/\" \/>\n<meta property=\"og:site_name\" content=\"\u00c9glise Adventiste Du Septieme Jour - Inter Am\u00e9rique Division\" \/>\n<meta property=\"article:published_time\" content=\"2021-09-07T17:57:25+00:00\" \/>\n<meta property=\"article:modified_time\" content=\"2021-09-09T12:29:26+00:00\" \/>\n<meta property=\"og:image\" content=\"https:\/\/interamerica.org\/wp-content\/uploads\/2021\/09\/bible-cellphone-aaron-burden-v0hbu2cnjfs-unsplash-1280.jpg\" \/>\n\t<meta property=\"og:image:width\" content=\"1280\" \/>\n\t<meta property=\"og:image:height\" content=\"800\" \/>\n\t<meta property=\"og:image:type\" content=\"image\/jpeg\" \/>\n<meta name=\"author\" content=\"libna\" \/>\n<meta name=\"twitter:card\" content=\"summary_large_image\" \/>\n<meta name=\"twitter:label1\" content=\"\u00c9crit par\" \/>\n\t<meta name=\"twitter:data1\" content=\"libna\" \/>\n\t<meta name=\"twitter:label2\" content=\"Dur\u00e9e de lecture estim\u00e9e\" \/>\n\t<meta name=\"twitter:data2\" content=\"4 minutes\" \/>\n<script type=\"application\/ld+json\" class=\"yoast-schema-graph\">{\"@context\":\"https:\\\/\\\/schema.org\",\"@graph\":[{\"@type\":\"Article\",\"@id\":\"https:\\\/\\\/interamerica.org\\\/fr\\\/2021\\\/09\\\/jesus-publierait-il-ses-opinions-sur-les-medias-sociaux\\\/#article\",\"isPartOf\":{\"@id\":\"https:\\\/\\\/interamerica.org\\\/fr\\\/2021\\\/09\\\/jesus-publierait-il-ses-opinions-sur-les-medias-sociaux\\\/\"},\"author\":{\"name\":\"libna\",\"@id\":\"https:\\\/\\\/interamerica.org\\\/fr\\\/#\\\/schema\\\/person\\\/29998f2bc2d8bd0d38662909289b54f1\"},\"headline\":\"J\u00e9sus publierait-il ses opinions sur les m\u00e9dias sociaux?\",\"datePublished\":\"2021-09-07T17:57:25+00:00\",\"dateModified\":\"2021-09-09T12:29:26+00:00\",\"mainEntityOfPage\":{\"@id\":\"https:\\\/\\\/interamerica.org\\\/fr\\\/2021\\\/09\\\/jesus-publierait-il-ses-opinions-sur-les-medias-sociaux\\\/\"},\"wordCount\":814,\"image\":{\"@id\":\"https:\\\/\\\/interamerica.org\\\/fr\\\/2021\\\/09\\\/jesus-publierait-il-ses-opinions-sur-les-medias-sociaux\\\/#primaryimage\"},\"thumbnailUrl\":\"https:\\\/\\\/interamerica.org\\\/wp-content\\\/uploads\\\/2021\\\/09\\\/bible-cellphone-aaron-burden-v0hbu2cnjfs-unsplash-1280.jpg\",\"articleSection\":[\"Nouvelles de l'\u00c9glise mondiale\",\"RSS Fran\u00e7ais\"],\"inLanguage\":\"fr-FR\"},{\"@type\":\"WebPage\",\"@id\":\"https:\\\/\\\/interamerica.org\\\/fr\\\/2021\\\/09\\\/jesus-publierait-il-ses-opinions-sur-les-medias-sociaux\\\/\",\"url\":\"https:\\\/\\\/interamerica.org\\\/fr\\\/2021\\\/09\\\/jesus-publierait-il-ses-opinions-sur-les-medias-sociaux\\\/\",\"name\":\"J\u00e9sus publierait-il ses opinions sur les m\u00e9dias sociaux? - \u00c9glise Adventiste Du Septieme Jour - Inter Am\u00e9rique Division\",\"isPartOf\":{\"@id\":\"https:\\\/\\\/interamerica.org\\\/fr\\\/#website\"},\"primaryImageOfPage\":{\"@id\":\"https:\\\/\\\/interamerica.org\\\/fr\\\/2021\\\/09\\\/jesus-publierait-il-ses-opinions-sur-les-medias-sociaux\\\/#primaryimage\"},\"image\":{\"@id\":\"https:\\\/\\\/interamerica.org\\\/fr\\\/2021\\\/09\\\/jesus-publierait-il-ses-opinions-sur-les-medias-sociaux\\\/#primaryimage\"},\"thumbnailUrl\":\"https:\\\/\\\/interamerica.org\\\/wp-content\\\/uploads\\\/2021\\\/09\\\/bible-cellphone-aaron-burden-v0hbu2cnjfs-unsplash-1280.jpg\",\"datePublished\":\"2021-09-07T17:57:25+00:00\",\"dateModified\":\"2021-09-09T12:29:26+00:00\",\"author\":{\"@id\":\"https:\\\/\\\/interamerica.org\\\/fr\\\/#\\\/schema\\\/person\\\/29998f2bc2d8bd0d38662909289b54f1\"},\"breadcrumb\":{\"@id\":\"https:\\\/\\\/interamerica.org\\\/fr\\\/2021\\\/09\\\/jesus-publierait-il-ses-opinions-sur-les-medias-sociaux\\\/#breadcrumb\"},\"inLanguage\":\"fr-FR\",\"potentialAction\":[{\"@type\":\"ReadAction\",\"target\":[\"https:\\\/\\\/interamerica.org\\\/fr\\\/2021\\\/09\\\/jesus-publierait-il-ses-opinions-sur-les-medias-sociaux\\\/\"]}]},{\"@type\":\"ImageObject\",\"inLanguage\":\"fr-FR\",\"@id\":\"https:\\\/\\\/interamerica.org\\\/fr\\\/2021\\\/09\\\/jesus-publierait-il-ses-opinions-sur-les-medias-sociaux\\\/#primaryimage\",\"url\":\"https:\\\/\\\/interamerica.org\\\/wp-content\\\/uploads\\\/2021\\\/09\\\/bible-cellphone-aaron-burden-v0hbu2cnjfs-unsplash-1280.jpg\",\"contentUrl\":\"https:\\\/\\\/interamerica.org\\\/wp-content\\\/uploads\\\/2021\\\/09\\\/bible-cellphone-aaron-burden-v0hbu2cnjfs-unsplash-1280.jpg\",\"width\":1280,\"height\":800,\"caption\":\"Une photo d'Aaron Burden\\\/Unsplash.\"},{\"@type\":\"BreadcrumbList\",\"@id\":\"https:\\\/\\\/interamerica.org\\\/fr\\\/2021\\\/09\\\/jesus-publierait-il-ses-opinions-sur-les-medias-sociaux\\\/#breadcrumb\",\"itemListElement\":[{\"@type\":\"ListItem\",\"position\":1,\"name\":\"Home\",\"item\":\"https:\\\/\\\/interamerica.org\\\/fr\\\/\"},{\"@type\":\"ListItem\",\"position\":2,\"name\":\"J\u00e9sus publierait-il ses opinions sur les m\u00e9dias sociaux?\"}]},{\"@type\":\"WebSite\",\"@id\":\"https:\\\/\\\/interamerica.org\\\/fr\\\/#website\",\"url\":\"https:\\\/\\\/interamerica.org\\\/fr\\\/\",\"name\":\"\u00c9glise Adventiste Du Septieme Jour - Inter Am\u00e9rique Division\",\"description\":\"\",\"potentialAction\":[{\"@type\":\"SearchAction\",\"target\":{\"@type\":\"EntryPoint\",\"urlTemplate\":\"https:\\\/\\\/interamerica.org\\\/fr\\\/?s={search_term_string}\"},\"query-input\":{\"@type\":\"PropertyValueSpecification\",\"valueRequired\":true,\"valueName\":\"search_term_string\"}}],\"inLanguage\":\"fr-FR\"},{\"@type\":\"Person\",\"@id\":\"https:\\\/\\\/interamerica.org\\\/fr\\\/#\\\/schema\\\/person\\\/29998f2bc2d8bd0d38662909289b54f1\",\"name\":\"libna\",\"image\":{\"@type\":\"ImageObject\",\"inLanguage\":\"fr-FR\",\"@id\":\"https:\\\/\\\/secure.gravatar.com\\\/avatar\\\/7c5bd30ae4b47a9ba3c856590957fd1d96dc588bf3ac05719d247e126840331f?s=96&d=mm&r=g\",\"url\":\"https:\\\/\\\/secure.gravatar.com\\\/avatar\\\/7c5bd30ae4b47a9ba3c856590957fd1d96dc588bf3ac05719d247e126840331f?s=96&d=mm&r=g\",\"contentUrl\":\"https:\\\/\\\/secure.gravatar.com\\\/avatar\\\/7c5bd30ae4b47a9ba3c856590957fd1d96dc588bf3ac05719d247e126840331f?s=96&d=mm&r=g\",\"caption\":\"libna\"}}]}<\/script>\n<!-- \/ Yoast SEO plugin. -->","yoast_head_json":{"title":"J\u00e9sus publierait-il ses opinions sur les m\u00e9dias sociaux? - \u00c9glise Adventiste Du Septieme Jour - Inter Am\u00e9rique Division","robots":{"index":"index","follow":"follow","max-snippet":"max-snippet:-1","max-image-preview":"max-image-preview:large","max-video-preview":"max-video-preview:-1"},"canonical":"https:\/\/interamerica.org\/fr\/2021\/09\/jesus-publierait-il-ses-opinions-sur-les-medias-sociaux\/","og_locale":"fr_FR","og_type":"article","og_title":"J\u00e9sus publierait-il ses opinions sur les m\u00e9dias sociaux? - \u00c9glise Adventiste Du Septieme Jour - Inter Am\u00e9rique Division","og_description":"Nous devons choisir entre le d\u00e9bat, les attaques et l\u2019amour. Le 5 septembre 2021 | Lincoln, Nebraska, \u00c9tats-Unis | Nate Elias pour l\u2019Outlook de l\u2019Union mid-am\u00e9ricaine Avez-vous d\u00e9j\u00e0 fait changer...","og_url":"https:\/\/interamerica.org\/fr\/2021\/09\/jesus-publierait-il-ses-opinions-sur-les-medias-sociaux\/","og_site_name":"\u00c9glise Adventiste Du Septieme Jour - Inter Am\u00e9rique Division","article_published_time":"2021-09-07T17:57:25+00:00","article_modified_time":"2021-09-09T12:29:26+00:00","og_image":[{"width":1280,"height":800,"url":"https:\/\/interamerica.org\/wp-content\/uploads\/2021\/09\/bible-cellphone-aaron-burden-v0hbu2cnjfs-unsplash-1280.jpg","type":"image\/jpeg"}],"author":"libna","twitter_card":"summary_large_image","twitter_misc":{"\u00c9crit par":"libna","Dur\u00e9e de lecture estim\u00e9e":"4 minutes"},"schema":{"@context":"https:\/\/schema.org","@graph":[{"@type":"Article","@id":"https:\/\/interamerica.org\/fr\/2021\/09\/jesus-publierait-il-ses-opinions-sur-les-medias-sociaux\/#article","isPartOf":{"@id":"https:\/\/interamerica.org\/fr\/2021\/09\/jesus-publierait-il-ses-opinions-sur-les-medias-sociaux\/"},"author":{"name":"libna","@id":"https:\/\/interamerica.org\/fr\/#\/schema\/person\/29998f2bc2d8bd0d38662909289b54f1"},"headline":"J\u00e9sus publierait-il ses opinions sur les m\u00e9dias sociaux?","datePublished":"2021-09-07T17:57:25+00:00","dateModified":"2021-09-09T12:29:26+00:00","mainEntityOfPage":{"@id":"https:\/\/interamerica.org\/fr\/2021\/09\/jesus-publierait-il-ses-opinions-sur-les-medias-sociaux\/"},"wordCount":814,"image":{"@id":"https:\/\/interamerica.org\/fr\/2021\/09\/jesus-publierait-il-ses-opinions-sur-les-medias-sociaux\/#primaryimage"},"thumbnailUrl":"https:\/\/interamerica.org\/wp-content\/uploads\/2021\/09\/bible-cellphone-aaron-burden-v0hbu2cnjfs-unsplash-1280.jpg","articleSection":["Nouvelles de l'\u00c9glise mondiale","RSS Fran\u00e7ais"],"inLanguage":"fr-FR"},{"@type":"WebPage","@id":"https:\/\/interamerica.org\/fr\/2021\/09\/jesus-publierait-il-ses-opinions-sur-les-medias-sociaux\/","url":"https:\/\/interamerica.org\/fr\/2021\/09\/jesus-publierait-il-ses-opinions-sur-les-medias-sociaux\/","name":"J\u00e9sus publierait-il ses opinions sur les m\u00e9dias sociaux? - \u00c9glise Adventiste Du Septieme Jour - Inter Am\u00e9rique Division","isPartOf":{"@id":"https:\/\/interamerica.org\/fr\/#website"},"primaryImageOfPage":{"@id":"https:\/\/interamerica.org\/fr\/2021\/09\/jesus-publierait-il-ses-opinions-sur-les-medias-sociaux\/#primaryimage"},"image":{"@id":"https:\/\/interamerica.org\/fr\/2021\/09\/jesus-publierait-il-ses-opinions-sur-les-medias-sociaux\/#primaryimage"},"thumbnailUrl":"https:\/\/interamerica.org\/wp-content\/uploads\/2021\/09\/bible-cellphone-aaron-burden-v0hbu2cnjfs-unsplash-1280.jpg","datePublished":"2021-09-07T17:57:25+00:00","dateModified":"2021-09-09T12:29:26+00:00","author":{"@id":"https:\/\/interamerica.org\/fr\/#\/schema\/person\/29998f2bc2d8bd0d38662909289b54f1"},"breadcrumb":{"@id":"https:\/\/interamerica.org\/fr\/2021\/09\/jesus-publierait-il-ses-opinions-sur-les-medias-sociaux\/#breadcrumb"},"inLanguage":"fr-FR","potentialAction":[{"@type":"ReadAction","target":["https:\/\/interamerica.org\/fr\/2021\/09\/jesus-publierait-il-ses-opinions-sur-les-medias-sociaux\/"]}]},{"@type":"ImageObject","inLanguage":"fr-FR","@id":"https:\/\/interamerica.org\/fr\/2021\/09\/jesus-publierait-il-ses-opinions-sur-les-medias-sociaux\/#primaryimage","url":"https:\/\/interamerica.org\/wp-content\/uploads\/2021\/09\/bible-cellphone-aaron-burden-v0hbu2cnjfs-unsplash-1280.jpg","contentUrl":"https:\/\/interamerica.org\/wp-content\/uploads\/2021\/09\/bible-cellphone-aaron-burden-v0hbu2cnjfs-unsplash-1280.jpg","width":1280,"height":800,"caption":"Une photo d'Aaron Burden\/Unsplash."},{"@type":"BreadcrumbList","@id":"https:\/\/interamerica.org\/fr\/2021\/09\/jesus-publierait-il-ses-opinions-sur-les-medias-sociaux\/#breadcrumb","itemListElement":[{"@type":"ListItem","position":1,"name":"Home","item":"https:\/\/interamerica.org\/fr\/"},{"@type":"ListItem","position":2,"name":"J\u00e9sus publierait-il ses opinions sur les m\u00e9dias sociaux?"}]},{"@type":"WebSite","@id":"https:\/\/interamerica.org\/fr\/#website","url":"https:\/\/interamerica.org\/fr\/","name":"\u00c9glise Adventiste Du Septieme Jour - Inter Am\u00e9rique Division","description":"","potentialAction":[{"@type":"SearchAction","target":{"@type":"EntryPoint","urlTemplate":"https:\/\/interamerica.org\/fr\/?s={search_term_string}"},"query-input":{"@type":"PropertyValueSpecification","valueRequired":true,"valueName":"search_term_string"}}],"inLanguage":"fr-FR"},{"@type":"Person","@id":"https:\/\/interamerica.org\/fr\/#\/schema\/person\/29998f2bc2d8bd0d38662909289b54f1","name":"libna","image":{"@type":"ImageObject","inLanguage":"fr-FR","@id":"https:\/\/secure.gravatar.com\/avatar\/7c5bd30ae4b47a9ba3c856590957fd1d96dc588bf3ac05719d247e126840331f?s=96&d=mm&r=g","url":"https:\/\/secure.gravatar.com\/avatar\/7c5bd30ae4b47a9ba3c856590957fd1d96dc588bf3ac05719d247e126840331f?s=96&d=mm&r=g","contentUrl":"https:\/\/secure.gravatar.com\/avatar\/7c5bd30ae4b47a9ba3c856590957fd1d96dc588bf3ac05719d247e126840331f?s=96&d=mm&r=g","caption":"libna"}}]}},"_links":{"self":[{"href":"https:\/\/interamerica.org\/fr\/wp-json\/wp\/v2\/posts\/75573","targetHints":{"allow":["GET"]}}],"collection":[{"href":"https:\/\/interamerica.org\/fr\/wp-json\/wp\/v2\/posts"}],"about":[{"href":"https:\/\/interamerica.org\/fr\/wp-json\/wp\/v2\/types\/post"}],"author":[{"embeddable":true,"href":"https:\/\/interamerica.org\/fr\/wp-json\/wp\/v2\/users\/3"}],"replies":[{"embeddable":true,"href":"https:\/\/interamerica.org\/fr\/wp-json\/wp\/v2\/comments?post=75573"}],"version-history":[{"count":0,"href":"https:\/\/interamerica.org\/fr\/wp-json\/wp\/v2\/posts\/75573\/revisions"}],"wp:featuredmedia":[{"embeddable":true,"href":"https:\/\/interamerica.org\/fr\/wp-json\/wp\/v2\/media\/75448"}],"wp:attachment":[{"href":"https:\/\/interamerica.org\/fr\/wp-json\/wp\/v2\/media?parent=75573"}],"wp:term":[{"taxonomy":"category","embeddable":true,"href":"https:\/\/interamerica.org\/fr\/wp-json\/wp\/v2\/categories?post=75573"},{"taxonomy":"post_tag","embeddable":true,"href":"https:\/\/interamerica.org\/fr\/wp-json\/wp\/v2\/tags?post=75573"}],"curies":[{"name":"wp","href":"https:\/\/api.w.org\/{rel}","templated":true}]}}