{"id":75575,"date":"2021-09-09T14:22:11","date_gmt":"2021-09-09T18:22:11","guid":{"rendered":"https:\/\/recursing-golick.147-182-135-0.plesk.page\/?p=75575"},"modified":"2021-09-09T15:17:38","modified_gmt":"2021-09-09T19:17:38","slug":"la-jamaique-a-besoin-de-prieres-et-de-chretiens-declare-la-responsable-adventiste-des-femmes","status":"publish","type":"post","link":"https:\/\/interamerica.org\/fr\/2021\/09\/la-jamaique-a-besoin-de-prieres-et-de-chretiens-declare-la-responsable-adventiste-des-femmes\/","title":{"rendered":"\u00ab La Jama\u00efque a besoin de pri\u00e8res et de chr\u00e9tiens, \u00bb d\u00e9clare la responsable adventiste des femmes"},"content":{"rendered":"<p>9 Septembre 2021 | Kingston, Jama\u00efque | Phillip Castell \/ Union de la Jama\u00efque et \u00c9quipe de Presse de la DIA<\/p>\n<p>Dr Lorraine Vernal, directrice des minist\u00e8res de la famille, des femmes, des enfants et des adolescents pour l\u2019\u00c9glise adventiste du septi\u00e8me jour en Jama\u00efque, consid\u00e8re que la condition et le sort des femmes et des enfants en Jama\u00efque sont d\u00e9sastreux et appelle les familles \u00e0 ramener la paix dans les foyers.<\/p>\n<p>\u00ab La Jama\u00efque a besoin de pri\u00e8re et de chr\u00e9tiens, \u00bb a dit Lorraine Vernal. Citant Galates 5:22-25, Dr Vernal a d\u00e9clar\u00e9 que beaucoup sont dou\u00e9s pour parler de la Parole de Dieu, mais pas pour la mettre en pratique.<\/p>\n<p>Selon un rapport des Nations Unies sur les femmes, 28 pour cent des femmes jama\u00efcaines ont subi des violences conjugales de la part de leur partenaire au cours de leur vie, a-t-elle d\u00e9clar\u00e9. Alors que le taux d\u2019homicides pour les femmes jama\u00efcaines est de neuf pour 100000, il est six fois plus \u00e9lev\u00e9 que la moyenne mondiale qui est de 1,6, a-t-elle ajout\u00e9. Dr Vernal \u00e9tait l\u2019intervenante principale lors de l\u2019initiative \u00ab End it Now \u00bb diffus\u00e9e en ligne depuis l\u2019\u00e9glise adventiste de North Street \u00e0 Kingston, autour du th\u00e8me \u00ab Amener la Paix au Foyer : Traiter le probl\u00e8me de la Violence chez les Jeunes \u00e0 la Racine \u00bb le 28 ao\u00fbt 2021.<\/p>\n<p><div id=\"attachment_75558\" style=\"width: 810px\" class=\"wp-caption aligncenter\"><img fetchpriority=\"high\" decoding=\"async\" aria-describedby=\"caption-attachment-75558\" class=\"wp-image-75558\" src=\"https:\/\/recursing-golick.147-182-135-0.plesk.page\/wp-content\/uploads\/2021\/09\/lorraine-vernal-jamu-enditnow2021.png\" alt=\"\" width=\"800\" height=\"550\" srcset=\"https:\/\/interamerica.org\/wp-content\/uploads\/2021\/09\/lorraine-vernal-jamu-enditnow2021.png 1000w, https:\/\/interamerica.org\/wp-content\/uploads\/2021\/09\/lorraine-vernal-jamu-enditnow2021-300x206.png 300w, https:\/\/interamerica.org\/wp-content\/uploads\/2021\/09\/lorraine-vernal-jamu-enditnow2021-768x528.png 768w\" sizes=\"(max-width: 800px) 100vw, 800px\" \/><p id=\"caption-attachment-75558\" class=\"wp-caption-text\">Dr Lorraine Vernal, directrice des minist\u00e8res de la famille, des femmes, des enfants et des adolescents pour l\u2019\u00c9glise adventiste en Jama\u00efque, pr\u00e9sente le discours principal dans le cadre de EnditNow le 28 ao\u00fbt 2021 \u00e0 Kingston, en Jama\u00efque. [Photo : Capture d\u2019\u00e9cran]<\/p><\/div>Lorraine Vernal a laiss\u00e9 entendre que l\u2019incidence de la violence dans le pays a \u00e9t\u00e9 exacerb\u00e9e par la pand\u00e9mie de COVID-19, qui a aggrav\u00e9 dans certaines familles, une situation d\u00e9j\u00e0 mauvaise.<\/p>\n<p>\u00ab La Jama\u00efque est en difficult\u00e9, et si personne n\u2019est en mesure d\u2019aider la Jama\u00efque, ne pensez-vous pas que les chr\u00e9tiens devraient \u00eatre en mesure d\u2019aider ? \u00bb a-t-elle demand\u00e9. \u00ab Oui, nous devrions pouvoir aider. \u00bb<\/p>\n<p>La situation dans le pays a de nouveau \u00e9t\u00e9 mise en lumi\u00e8re gr\u00e2ce aux informations partag\u00e9es par le D\u00e9partement de la Recherche Statistique en date du 5 juillet 2021. Les donn\u00e9es ont r\u00e9v\u00e9l\u00e9 que la Jama\u00efque est l\u2019un des pays les plus violents de la Cara\u00efbe. En 2020, il y a eu environ 46,5 homicides pour 100000 habitants dans la nation insulaire, ce qui en fait le taux d\u2019homicides le plus \u00e9lev\u00e9 d\u2019Am\u00e9rique Latine et de la Cara\u00efbe cette ann\u00e9e-l\u00e0.<\/p>\n<p>Dr Vernal a invit\u00e9 ses auditeurs \u00e0 faire partie de la solution pour mettre fin \u00e0 la violence dans la soci\u00e9t\u00e9 en devenant des d\u00e9fenseurs de la cause afin d\u2019aider les autres. \u00ab Il y a des gens qui ont besoin de nous, il y a des gens qui pleurent et ont besoin de notre aide, nous ne pouvons nous permettre de garder le silence, \u00bb a dit Dr Vernal.<\/p>\n<p>En donnant des conseils aux enfants pour se prot\u00e9ger des agresseurs, Lorraine Vernal les a encourag\u00e9s \u00e0 ne pas garder le silence sur le sujet de la maltraitance. \u00ab Si quelqu\u2019un vous met mal \u00e0 l\u2019aise, faites du bruit, criez ou trouvez quelqu\u2019un \u00e0 qui parler. \u00bb<\/p>\n<p>Au cours des 15 derni\u00e8res ann\u00e9es, les responsables des minist\u00e8res de la femme dans toute la Jama\u00efque ont activement d\u00e9nonc\u00e9 la violence qui pr\u00e9vaut contre les femmes et les enfants en Jama\u00efque \u00e0 travers des initiatives sp\u00e9ciales de sensibilisation, des marches et des dizaines d\u2019activit\u00e9s.<\/p>\n<p>Dans ses salutations lors du service virtuel, pasteur Everett Brown, pr\u00e9sident de l\u2019\u00c9glise adventiste en Jama\u00efque, a d\u00e9clar\u00e9 : \u00ab En tant que membres et dirigeants d\u2019\u00e9glise, nous avons un devoir moral et la responsabilit\u00e9 morale d\u2019\u00eatre les d\u00e9fenseurs de cette initiative visant \u00e0 mettre fin \u00e0 la maltraitance et \u00e0 la violence\u2026 End it now.<\/p>\n<p>\u00ab \u00c0 la racine de toutes les violences et de la maltraitance dans le foyer, dans le monde et dans notre communaut\u00e9, il y a le p\u00e9ch\u00e9. Et tant que nous n\u2019\u00e9radiquerons pas le p\u00e9ch\u00e9 de notre foyer, nous n\u2019\u00e9radiquerons pas la violence et la maltraitance dans notre communaut\u00e9 et dans la soci\u00e9t\u00e9, \u00bb a ajout\u00e9 pasteur Brown. Il a encourag\u00e9 les uns et les autres \u00e0 rechercher une relation avec J\u00e9sus-Christ car \u00ab A moins que J\u00e9sus ne devienne le centre de nos vies, c\u2019est ainsi que nous apprenons \u00e0 nous respecter et \u00e0 nous aimer, nous ne pourrons voir la fin de la violence et de la maltraitance perp\u00e9tr\u00e9e contre nos enfants et de nos femmes devenir une r\u00e9alit\u00e9, \u00bb a conclu pasteur Brown.<\/p>\n<p>La Ministre de la Culture, des relations hommes femmes, du Divertissement et des Sports, Olivia Grange, a f\u00e9licit\u00e9 les responsables des minist\u00e8res des femmes dans l\u2019Union de F\u00e9d\u00e9rations de la Jama\u00efque pour avoir conduit l\u2019initiative \u00ab End it Now \u00bb en Jama\u00efque. Olivia Grange a parl\u00e9 du niveau \u00e9lev\u00e9 de violence qui a cours dans le pays et a not\u00e9 l\u2019impact n\u00e9gatif de la violence sur la soci\u00e9t\u00e9.<\/p>\n<p>\u00ab Que nous venions des quartiers r\u00e9sidentiels ou du centre-ville, nous avons tous vu et ressenti les effets du niveau \u00e9lev\u00e9 de violence dans notre pays, \u00bb a dit Olivia Grange. \u00ab Cela d\u00e9truit les gens, cela d\u00e9truit les familles et cela d\u00e9truit les communaut\u00e9s. \u00bb<\/p>\n<p>Olivia Grange a pr\u00e9sent\u00e9 la solution au probl\u00e8me comme \u00e9tant \u00ab l\u2019amour \u00bb et a utilis\u00e9 Galates 5:14 comme base pour sa d\u00e9claration. \u00ab L\u00e0 o\u00f9 il y a de l\u2019amour, il y a aussi du respect, il y a une compr\u00e9hension mutuelle et il y a la paix, \u00bb a-t-elle ajout\u00e9.<\/p>\n<p>Le programme s\u2019est termin\u00e9 avec une pri\u00e8re sp\u00e9ciale pour la nation.<\/p>\n<p>Pour regarder le programme virtuel EnditNow qui s\u2019est tenu \u00e0 Kingston, en Jama\u00efque, cliquez <a href=\"https:\/\/www.youtube.com\/watch?v=sBkCW78qYm0\">ICI<\/a><\/p>\n<p>Traduction: Patrick Luciathe<\/p>\n","protected":false},"excerpt":{"rendered":"<p>9 Septembre 2021 | Kingston, Jama\u00efque | Phillip Castell \/ Union de la Jama\u00efque et \u00c9quipe de Presse de la DIA Dr Lorraine Vernal, directrice des minist\u00e8res de la famille,&#8230;<\/p>\n","protected":false},"author":3,"featured_media":40829,"comment_status":"closed","ping_status":"closed","sticky":false,"template":"","format":"standard","meta":{"_acf_changed":false,"footnotes":""},"categories":[21,19],"tags":[],"class_list":["post-75575","post","type-post","status-publish","format-standard","has-post-thumbnail","hentry","category-nouvelles-du-territoire","category-rss-francais"],"acf":[],"yoast_head":"<!-- This site is optimized with the Yoast SEO plugin v27.3 - https:\/\/yoast.com\/product\/yoast-seo-wordpress\/ -->\n<title>\u00ab La Jama\u00efque a besoin de pri\u00e8res et de chr\u00e9tiens, \u00bb d\u00e9clare la responsable adventiste des femmes - \u00c9glise Adventiste Du Septieme Jour - Inter Am\u00e9rique Division<\/title>\n<meta name=\"robots\" content=\"index, follow, max-snippet:-1, max-image-preview:large, max-video-preview:-1\" \/>\n<link rel=\"canonical\" href=\"https:\/\/interamerica.org\/fr\/2021\/09\/la-jamaique-a-besoin-de-prieres-et-de-chretiens-declare-la-responsable-adventiste-des-femmes\/\" \/>\n<meta property=\"og:locale\" content=\"fr_FR\" \/>\n<meta property=\"og:type\" content=\"article\" \/>\n<meta property=\"og:title\" content=\"\u00ab La Jama\u00efque a besoin de pri\u00e8res et de chr\u00e9tiens, \u00bb d\u00e9clare la responsable adventiste des femmes - \u00c9glise Adventiste Du Septieme Jour - Inter Am\u00e9rique Division\" \/>\n<meta property=\"og:description\" content=\"9 Septembre 2021 | Kingston, Jama\u00efque | Phillip Castell \/ Union de la Jama\u00efque et \u00c9quipe de Presse de la DIA Dr Lorraine Vernal, directrice des minist\u00e8res de la famille,...\" \/>\n<meta property=\"og:url\" content=\"https:\/\/interamerica.org\/fr\/2021\/09\/la-jamaique-a-besoin-de-prieres-et-de-chretiens-declare-la-responsable-adventiste-des-femmes\/\" \/>\n<meta property=\"og:site_name\" content=\"\u00c9glise Adventiste Du Septieme Jour - Inter Am\u00e9rique Division\" \/>\n<meta property=\"article:published_time\" content=\"2021-09-09T18:22:11+00:00\" \/>\n<meta property=\"article:modified_time\" content=\"2021-09-09T19:17:38+00:00\" \/>\n<meta property=\"og:image\" content=\"https:\/\/interamerica.org\/wp-content\/uploads\/2018\/04\/enditnow-mildred.jpg\" \/>\n\t<meta property=\"og:image:width\" content=\"1280\" \/>\n\t<meta property=\"og:image:height\" content=\"800\" \/>\n\t<meta property=\"og:image:type\" content=\"image\/jpeg\" \/>\n<meta name=\"author\" content=\"libna\" \/>\n<meta name=\"twitter:card\" content=\"summary_large_image\" \/>\n<meta name=\"twitter:label1\" content=\"\u00c9crit par\" \/>\n\t<meta name=\"twitter:data1\" content=\"libna\" \/>\n\t<meta name=\"twitter:label2\" content=\"Dur\u00e9e de lecture estim\u00e9e\" \/>\n\t<meta name=\"twitter:data2\" content=\"5 minutes\" \/>\n<script type=\"application\/ld+json\" class=\"yoast-schema-graph\">{\"@context\":\"https:\\\/\\\/schema.org\",\"@graph\":[{\"@type\":\"Article\",\"@id\":\"https:\\\/\\\/interamerica.org\\\/fr\\\/2021\\\/09\\\/la-jamaique-a-besoin-de-prieres-et-de-chretiens-declare-la-responsable-adventiste-des-femmes\\\/#article\",\"isPartOf\":{\"@id\":\"https:\\\/\\\/interamerica.org\\\/fr\\\/2021\\\/09\\\/la-jamaique-a-besoin-de-prieres-et-de-chretiens-declare-la-responsable-adventiste-des-femmes\\\/\"},\"author\":{\"name\":\"libna\",\"@id\":\"https:\\\/\\\/interamerica.org\\\/fr\\\/#\\\/schema\\\/person\\\/29998f2bc2d8bd0d38662909289b54f1\"},\"headline\":\"\u00ab La Jama\u00efque a besoin de pri\u00e8res et de chr\u00e9tiens, \u00bb d\u00e9clare la responsable adventiste des femmes\",\"datePublished\":\"2021-09-09T18:22:11+00:00\",\"dateModified\":\"2021-09-09T19:17:38+00:00\",\"mainEntityOfPage\":{\"@id\":\"https:\\\/\\\/interamerica.org\\\/fr\\\/2021\\\/09\\\/la-jamaique-a-besoin-de-prieres-et-de-chretiens-declare-la-responsable-adventiste-des-femmes\\\/\"},\"wordCount\":1031,\"image\":{\"@id\":\"https:\\\/\\\/interamerica.org\\\/fr\\\/2021\\\/09\\\/la-jamaique-a-besoin-de-prieres-et-de-chretiens-declare-la-responsable-adventiste-des-femmes\\\/#primaryimage\"},\"thumbnailUrl\":\"https:\\\/\\\/interamerica.org\\\/wp-content\\\/uploads\\\/2018\\\/04\\\/enditnow-mildred.jpg\",\"articleSection\":[\"Nouvelles du territoire\",\"RSS Fran\u00e7ais\"],\"inLanguage\":\"fr-FR\"},{\"@type\":\"WebPage\",\"@id\":\"https:\\\/\\\/interamerica.org\\\/fr\\\/2021\\\/09\\\/la-jamaique-a-besoin-de-prieres-et-de-chretiens-declare-la-responsable-adventiste-des-femmes\\\/\",\"url\":\"https:\\\/\\\/interamerica.org\\\/fr\\\/2021\\\/09\\\/la-jamaique-a-besoin-de-prieres-et-de-chretiens-declare-la-responsable-adventiste-des-femmes\\\/\",\"name\":\"\u00ab La Jama\u00efque a besoin de pri\u00e8res et de chr\u00e9tiens, \u00bb d\u00e9clare la responsable adventiste des femmes - \u00c9glise Adventiste Du Septieme Jour - Inter Am\u00e9rique Division\",\"isPartOf\":{\"@id\":\"https:\\\/\\\/interamerica.org\\\/fr\\\/#website\"},\"primaryImageOfPage\":{\"@id\":\"https:\\\/\\\/interamerica.org\\\/fr\\\/2021\\\/09\\\/la-jamaique-a-besoin-de-prieres-et-de-chretiens-declare-la-responsable-adventiste-des-femmes\\\/#primaryimage\"},\"image\":{\"@id\":\"https:\\\/\\\/interamerica.org\\\/fr\\\/2021\\\/09\\\/la-jamaique-a-besoin-de-prieres-et-de-chretiens-declare-la-responsable-adventiste-des-femmes\\\/#primaryimage\"},\"thumbnailUrl\":\"https:\\\/\\\/interamerica.org\\\/wp-content\\\/uploads\\\/2018\\\/04\\\/enditnow-mildred.jpg\",\"datePublished\":\"2021-09-09T18:22:11+00:00\",\"dateModified\":\"2021-09-09T19:17:38+00:00\",\"author\":{\"@id\":\"https:\\\/\\\/interamerica.org\\\/fr\\\/#\\\/schema\\\/person\\\/29998f2bc2d8bd0d38662909289b54f1\"},\"breadcrumb\":{\"@id\":\"https:\\\/\\\/interamerica.org\\\/fr\\\/2021\\\/09\\\/la-jamaique-a-besoin-de-prieres-et-de-chretiens-declare-la-responsable-adventiste-des-femmes\\\/#breadcrumb\"},\"inLanguage\":\"fr-FR\",\"potentialAction\":[{\"@type\":\"ReadAction\",\"target\":[\"https:\\\/\\\/interamerica.org\\\/fr\\\/2021\\\/09\\\/la-jamaique-a-besoin-de-prieres-et-de-chretiens-declare-la-responsable-adventiste-des-femmes\\\/\"]}]},{\"@type\":\"ImageObject\",\"inLanguage\":\"fr-FR\",\"@id\":\"https:\\\/\\\/interamerica.org\\\/fr\\\/2021\\\/09\\\/la-jamaique-a-besoin-de-prieres-et-de-chretiens-declare-la-responsable-adventiste-des-femmes\\\/#primaryimage\",\"url\":\"https:\\\/\\\/interamerica.org\\\/wp-content\\\/uploads\\\/2018\\\/04\\\/enditnow-mildred.jpg\",\"contentUrl\":\"https:\\\/\\\/interamerica.org\\\/wp-content\\\/uploads\\\/2018\\\/04\\\/enditnow-mildred.jpg\",\"width\":1280,\"height\":800},{\"@type\":\"BreadcrumbList\",\"@id\":\"https:\\\/\\\/interamerica.org\\\/fr\\\/2021\\\/09\\\/la-jamaique-a-besoin-de-prieres-et-de-chretiens-declare-la-responsable-adventiste-des-femmes\\\/#breadcrumb\",\"itemListElement\":[{\"@type\":\"ListItem\",\"position\":1,\"name\":\"Home\",\"item\":\"https:\\\/\\\/interamerica.org\\\/fr\\\/\"},{\"@type\":\"ListItem\",\"position\":2,\"name\":\"\u00ab La Jama\u00efque a besoin de pri\u00e8res et de chr\u00e9tiens, \u00bb d\u00e9clare la responsable adventiste des femmes\"}]},{\"@type\":\"WebSite\",\"@id\":\"https:\\\/\\\/interamerica.org\\\/fr\\\/#website\",\"url\":\"https:\\\/\\\/interamerica.org\\\/fr\\\/\",\"name\":\"\u00c9glise Adventiste Du Septieme Jour - Inter Am\u00e9rique Division\",\"description\":\"\",\"potentialAction\":[{\"@type\":\"SearchAction\",\"target\":{\"@type\":\"EntryPoint\",\"urlTemplate\":\"https:\\\/\\\/interamerica.org\\\/fr\\\/?s={search_term_string}\"},\"query-input\":{\"@type\":\"PropertyValueSpecification\",\"valueRequired\":true,\"valueName\":\"search_term_string\"}}],\"inLanguage\":\"fr-FR\"},{\"@type\":\"Person\",\"@id\":\"https:\\\/\\\/interamerica.org\\\/fr\\\/#\\\/schema\\\/person\\\/29998f2bc2d8bd0d38662909289b54f1\",\"name\":\"libna\",\"image\":{\"@type\":\"ImageObject\",\"inLanguage\":\"fr-FR\",\"@id\":\"https:\\\/\\\/secure.gravatar.com\\\/avatar\\\/7c5bd30ae4b47a9ba3c856590957fd1d96dc588bf3ac05719d247e126840331f?s=96&d=mm&r=g\",\"url\":\"https:\\\/\\\/secure.gravatar.com\\\/avatar\\\/7c5bd30ae4b47a9ba3c856590957fd1d96dc588bf3ac05719d247e126840331f?s=96&d=mm&r=g\",\"contentUrl\":\"https:\\\/\\\/secure.gravatar.com\\\/avatar\\\/7c5bd30ae4b47a9ba3c856590957fd1d96dc588bf3ac05719d247e126840331f?s=96&d=mm&r=g\",\"caption\":\"libna\"}}]}<\/script>\n<!-- \/ Yoast SEO plugin. -->","yoast_head_json":{"title":"\u00ab La Jama\u00efque a besoin de pri\u00e8res et de chr\u00e9tiens, \u00bb d\u00e9clare la responsable adventiste des femmes - \u00c9glise Adventiste Du Septieme Jour - Inter Am\u00e9rique Division","robots":{"index":"index","follow":"follow","max-snippet":"max-snippet:-1","max-image-preview":"max-image-preview:large","max-video-preview":"max-video-preview:-1"},"canonical":"https:\/\/interamerica.org\/fr\/2021\/09\/la-jamaique-a-besoin-de-prieres-et-de-chretiens-declare-la-responsable-adventiste-des-femmes\/","og_locale":"fr_FR","og_type":"article","og_title":"\u00ab La Jama\u00efque a besoin de pri\u00e8res et de chr\u00e9tiens, \u00bb d\u00e9clare la responsable adventiste des femmes - \u00c9glise Adventiste Du Septieme Jour - Inter Am\u00e9rique Division","og_description":"9 Septembre 2021 | Kingston, Jama\u00efque | Phillip Castell \/ Union de la Jama\u00efque et \u00c9quipe de Presse de la DIA Dr Lorraine Vernal, directrice des minist\u00e8res de la famille,...","og_url":"https:\/\/interamerica.org\/fr\/2021\/09\/la-jamaique-a-besoin-de-prieres-et-de-chretiens-declare-la-responsable-adventiste-des-femmes\/","og_site_name":"\u00c9glise Adventiste Du Septieme Jour - Inter Am\u00e9rique Division","article_published_time":"2021-09-09T18:22:11+00:00","article_modified_time":"2021-09-09T19:17:38+00:00","og_image":[{"width":1280,"height":800,"url":"https:\/\/interamerica.org\/wp-content\/uploads\/2018\/04\/enditnow-mildred.jpg","type":"image\/jpeg"}],"author":"libna","twitter_card":"summary_large_image","twitter_misc":{"\u00c9crit par":"libna","Dur\u00e9e de lecture estim\u00e9e":"5 minutes"},"schema":{"@context":"https:\/\/schema.org","@graph":[{"@type":"Article","@id":"https:\/\/interamerica.org\/fr\/2021\/09\/la-jamaique-a-besoin-de-prieres-et-de-chretiens-declare-la-responsable-adventiste-des-femmes\/#article","isPartOf":{"@id":"https:\/\/interamerica.org\/fr\/2021\/09\/la-jamaique-a-besoin-de-prieres-et-de-chretiens-declare-la-responsable-adventiste-des-femmes\/"},"author":{"name":"libna","@id":"https:\/\/interamerica.org\/fr\/#\/schema\/person\/29998f2bc2d8bd0d38662909289b54f1"},"headline":"\u00ab La Jama\u00efque a besoin de pri\u00e8res et de chr\u00e9tiens, \u00bb d\u00e9clare la responsable adventiste des femmes","datePublished":"2021-09-09T18:22:11+00:00","dateModified":"2021-09-09T19:17:38+00:00","mainEntityOfPage":{"@id":"https:\/\/interamerica.org\/fr\/2021\/09\/la-jamaique-a-besoin-de-prieres-et-de-chretiens-declare-la-responsable-adventiste-des-femmes\/"},"wordCount":1031,"image":{"@id":"https:\/\/interamerica.org\/fr\/2021\/09\/la-jamaique-a-besoin-de-prieres-et-de-chretiens-declare-la-responsable-adventiste-des-femmes\/#primaryimage"},"thumbnailUrl":"https:\/\/interamerica.org\/wp-content\/uploads\/2018\/04\/enditnow-mildred.jpg","articleSection":["Nouvelles du territoire","RSS Fran\u00e7ais"],"inLanguage":"fr-FR"},{"@type":"WebPage","@id":"https:\/\/interamerica.org\/fr\/2021\/09\/la-jamaique-a-besoin-de-prieres-et-de-chretiens-declare-la-responsable-adventiste-des-femmes\/","url":"https:\/\/interamerica.org\/fr\/2021\/09\/la-jamaique-a-besoin-de-prieres-et-de-chretiens-declare-la-responsable-adventiste-des-femmes\/","name":"\u00ab La Jama\u00efque a besoin de pri\u00e8res et de chr\u00e9tiens, \u00bb d\u00e9clare la responsable adventiste des femmes - \u00c9glise Adventiste Du Septieme Jour - Inter Am\u00e9rique Division","isPartOf":{"@id":"https:\/\/interamerica.org\/fr\/#website"},"primaryImageOfPage":{"@id":"https:\/\/interamerica.org\/fr\/2021\/09\/la-jamaique-a-besoin-de-prieres-et-de-chretiens-declare-la-responsable-adventiste-des-femmes\/#primaryimage"},"image":{"@id":"https:\/\/interamerica.org\/fr\/2021\/09\/la-jamaique-a-besoin-de-prieres-et-de-chretiens-declare-la-responsable-adventiste-des-femmes\/#primaryimage"},"thumbnailUrl":"https:\/\/interamerica.org\/wp-content\/uploads\/2018\/04\/enditnow-mildred.jpg","datePublished":"2021-09-09T18:22:11+00:00","dateModified":"2021-09-09T19:17:38+00:00","author":{"@id":"https:\/\/interamerica.org\/fr\/#\/schema\/person\/29998f2bc2d8bd0d38662909289b54f1"},"breadcrumb":{"@id":"https:\/\/interamerica.org\/fr\/2021\/09\/la-jamaique-a-besoin-de-prieres-et-de-chretiens-declare-la-responsable-adventiste-des-femmes\/#breadcrumb"},"inLanguage":"fr-FR","potentialAction":[{"@type":"ReadAction","target":["https:\/\/interamerica.org\/fr\/2021\/09\/la-jamaique-a-besoin-de-prieres-et-de-chretiens-declare-la-responsable-adventiste-des-femmes\/"]}]},{"@type":"ImageObject","inLanguage":"fr-FR","@id":"https:\/\/interamerica.org\/fr\/2021\/09\/la-jamaique-a-besoin-de-prieres-et-de-chretiens-declare-la-responsable-adventiste-des-femmes\/#primaryimage","url":"https:\/\/interamerica.org\/wp-content\/uploads\/2018\/04\/enditnow-mildred.jpg","contentUrl":"https:\/\/interamerica.org\/wp-content\/uploads\/2018\/04\/enditnow-mildred.jpg","width":1280,"height":800},{"@type":"BreadcrumbList","@id":"https:\/\/interamerica.org\/fr\/2021\/09\/la-jamaique-a-besoin-de-prieres-et-de-chretiens-declare-la-responsable-adventiste-des-femmes\/#breadcrumb","itemListElement":[{"@type":"ListItem","position":1,"name":"Home","item":"https:\/\/interamerica.org\/fr\/"},{"@type":"ListItem","position":2,"name":"\u00ab La Jama\u00efque a besoin de pri\u00e8res et de chr\u00e9tiens, \u00bb d\u00e9clare la responsable adventiste des femmes"}]},{"@type":"WebSite","@id":"https:\/\/interamerica.org\/fr\/#website","url":"https:\/\/interamerica.org\/fr\/","name":"\u00c9glise Adventiste Du Septieme Jour - Inter Am\u00e9rique Division","description":"","potentialAction":[{"@type":"SearchAction","target":{"@type":"EntryPoint","urlTemplate":"https:\/\/interamerica.org\/fr\/?s={search_term_string}"},"query-input":{"@type":"PropertyValueSpecification","valueRequired":true,"valueName":"search_term_string"}}],"inLanguage":"fr-FR"},{"@type":"Person","@id":"https:\/\/interamerica.org\/fr\/#\/schema\/person\/29998f2bc2d8bd0d38662909289b54f1","name":"libna","image":{"@type":"ImageObject","inLanguage":"fr-FR","@id":"https:\/\/secure.gravatar.com\/avatar\/7c5bd30ae4b47a9ba3c856590957fd1d96dc588bf3ac05719d247e126840331f?s=96&d=mm&r=g","url":"https:\/\/secure.gravatar.com\/avatar\/7c5bd30ae4b47a9ba3c856590957fd1d96dc588bf3ac05719d247e126840331f?s=96&d=mm&r=g","contentUrl":"https:\/\/secure.gravatar.com\/avatar\/7c5bd30ae4b47a9ba3c856590957fd1d96dc588bf3ac05719d247e126840331f?s=96&d=mm&r=g","caption":"libna"}}]}},"_links":{"self":[{"href":"https:\/\/interamerica.org\/fr\/wp-json\/wp\/v2\/posts\/75575","targetHints":{"allow":["GET"]}}],"collection":[{"href":"https:\/\/interamerica.org\/fr\/wp-json\/wp\/v2\/posts"}],"about":[{"href":"https:\/\/interamerica.org\/fr\/wp-json\/wp\/v2\/types\/post"}],"author":[{"embeddable":true,"href":"https:\/\/interamerica.org\/fr\/wp-json\/wp\/v2\/users\/3"}],"replies":[{"embeddable":true,"href":"https:\/\/interamerica.org\/fr\/wp-json\/wp\/v2\/comments?post=75575"}],"version-history":[{"count":0,"href":"https:\/\/interamerica.org\/fr\/wp-json\/wp\/v2\/posts\/75575\/revisions"}],"wp:featuredmedia":[{"embeddable":true,"href":"https:\/\/interamerica.org\/fr\/wp-json\/wp\/v2\/media\/40829"}],"wp:attachment":[{"href":"https:\/\/interamerica.org\/fr\/wp-json\/wp\/v2\/media?parent=75575"}],"wp:term":[{"taxonomy":"category","embeddable":true,"href":"https:\/\/interamerica.org\/fr\/wp-json\/wp\/v2\/categories?post=75575"},{"taxonomy":"post_tag","embeddable":true,"href":"https:\/\/interamerica.org\/fr\/wp-json\/wp\/v2\/tags?post=75575"}],"curies":[{"name":"wp","href":"https:\/\/api.w.org\/{rel}","templated":true}]}}