{"id":76159,"date":"2021-09-22T19:06:11","date_gmt":"2021-09-22T23:06:11","guid":{"rendered":"https:\/\/recursing-golick.147-182-135-0.plesk.page\/?p=76159"},"modified":"2021-09-24T16:46:05","modified_gmt":"2021-09-24T20:46:05","slug":"selectionnee-par-lu-s-air-force-luniversite-de-walla-walla-accueille-une-ecole-de-pilotage","status":"publish","type":"post","link":"https:\/\/interamerica.org\/fr\/2021\/09\/selectionnee-par-lu-s-air-force-luniversite-de-walla-walla-accueille-une-ecole-de-pilotage\/","title":{"rendered":"S\u00e9lectionn\u00e9e par l\u2019U.S. Air Force, l\u2019Universit\u00e9 de Walla Walla accueille une \u00e9cole de pilotage"},"content":{"rendered":"<h4 class=\"subtitle\">L\u2019\u00e9cole adventiste est l\u2019une des 22 \u00e0 avoir \u00e9t\u00e9 s\u00e9lectionn\u00e9es \u00e0 travers le pays pour cette initiative.<\/h4>\n<p><span class=\"byline-news\">22 Septembre 2021 | Washington, \u00c9tats-Unis | Par : Brooke Sample, Walla Walla University News<\/span><\/p>\n<p><span class=\"cap\">P<\/span>endant l\u2019\u00e9t\u00e9 2021, l\u2019Universit\u00e9 Walla Walla (WWU) a accueilli des \u00e9tudiants du programme de pilotage du Corps de Formation des Officiers de R\u00e9serve (ROTC) par le biais de l\u2019Arm\u00e9e de l\u2019Air Am\u00e9ricaine (USAF).<\/p>\n<p>Avant la pand\u00e9mie de COVID-19, l\u2019USAF avait contact\u00e9 Matthew Toelke, directeur du <a href=\"http:\/\/www.wallawalla.edu\/aviation\" target=\"_blank\" rel=\"noopener\">programme d&rsquo;aviation de la WWU\u00a0<\/a>et professeur adjoint de technologie, pour lui demander si l\u2019universit\u00e9 accepterait d\u2019accueillir environ une douzaine de lyc\u00e9ens r\u00e9cemment dipl\u00f4m\u00e9s et s\u00e9lectionn\u00e9s pour un programme sp\u00e9cial d\u2019\u00c9cole de Pilotage.<\/p>\n<p>\u00ab L\u2019USAF a enti\u00e8rement financ\u00e9 les frais des \u00e9tudiants, y compris la couverture des voyages commerciaux \u00e0 destination et en provenance de Washington, \u00bb a indiqu\u00e9 Linda Felipez, directrice du d\u00e9partement et professeur de technologie \u00e0 la WWU. \u00ab [Nous sommes] l\u2019une des 22 universit\u00e9s du pays qui accueillent des \u00e9tudiants. \u00bb Les \u00e9l\u00e8ves officiers ont \u00e9t\u00e9 h\u00e9berg\u00e9s dans les r\u00e9sidences universitaires Foreman et Conard de la WWU pendant huit semaines et ont mang\u00e9 \u00e0 la caf\u00e9t\u00e9ria du campus.<\/p>\n<p><div id=\"attachment_76052\" style=\"width: 814px\" class=\"wp-caption aligncenter\"><img fetchpriority=\"high\" decoding=\"async\" aria-describedby=\"caption-attachment-76052\" class=\" wp-image-76052\" src=\"https:\/\/recursing-golick.147-182-135-0.plesk.page\/wp-content\/uploads\/2021\/09\/walla-walla-flight-school.jpg\" alt=\"\" width=\"804\" height=\"459\" srcset=\"https:\/\/interamerica.org\/wp-content\/uploads\/2021\/09\/walla-walla-flight-school.jpg 1000w, https:\/\/interamerica.org\/wp-content\/uploads\/2021\/09\/walla-walla-flight-school-300x171.jpg 300w, https:\/\/interamerica.org\/wp-content\/uploads\/2021\/09\/walla-walla-flight-school-768x439.jpg 768w\" sizes=\"(max-width: 804px) 100vw, 804px\" \/><p id=\"caption-attachment-76052\" class=\"wp-caption-text\">Les enseignants, le personnel et les \u00e9tudiants qualifi\u00e9s du d\u00e9partement de technologie de l\u2019Universit\u00e9 de Walla Walla ont travaill\u00e9 comme professeurs, instructeurs de vol certifi\u00e9s et accompagnateurs pour les \u00e9l\u00e8ves officiers d\u2019aviation du ROTC en 2021. [Photo : Universit\u00e9 de Walla Walla]<\/p><\/div>Pendant leur s\u00e9jour sur le campus, les \u00e9tudiants invit\u00e9s ont \u00e9tudi\u00e9 le vol et l\u2019aviation g\u00e9n\u00e9rale au Technology Flight Center de WWU et au Canaday Technology Center. La formation et les cours ont servi de base pour pr\u00e9parer les \u00e9tudiants \u00e0 passer avec succ\u00e8s les tests n\u00e9cessaires pour obtenir leur licence de pilote priv\u00e9.<\/p>\n<p>Kaleb Runyon, un \u00e9tudiant de l\u2019Idaho, a d\u00e9clar\u00e9 qu\u2019il envisageait d\u2019utiliser la formation qu\u2019il a re\u00e7ue pour avoir un avantage avant de commencer le programme de formation au pilotage de l\u2019USAF. \u00ab J\u2019ai pu avoir une place [dans le programme de formation au pilotage de l\u2019USAF] en juin dernier, alors j\u2019esp\u00e8re que cette exp\u00e9rience me permettra d\u2019avancer un peu plus pour que je puisse atteindre les niveaux sup\u00e9rieurs et [devenir] un pilote de chasse, \u00bb a dit Kaleb Runyon. Un autre \u00e9tudiant, qui ne voulait pas \u00eatre identifi\u00e9, a parl\u00e9 de mani\u00e8re tr\u00e8s favorable de son exp\u00e9rience. \u00ab ce que j\u2019ai pr\u00e9f\u00e9r\u00e9 dans le programme \u00e9tait le fait que nous ayons pu voler tous les jours [et avons] obtenu beaucoup d\u2019exp\u00e9rience en vol vers plusieurs a\u00e9roports. \u00bb<\/p>\n<p>Les professeurs, le personnel et les \u00e9tudiants qualifi\u00e9s du d\u00e9partement de technologie ont travaill\u00e9 comme professeurs, instructeurs de vol certifi\u00e9s et accompagnateurs. \u00ab Enseigner cette classe \u00e9tait mon projet principal, et j\u2019\u00e9tais tr\u00e8s enthousiaste \u00e0 l\u2019id\u00e9e de travailler avec l\u2019universit\u00e9 et le programme junior ROTC, \u00bb a d\u00e9clar\u00e9 Lydia Krueger, senior en gestion de l\u2019aviation.<\/p>\n<p>Linda Felipez a d\u00e9clar\u00e9 que deux des principaux objectifs de l\u2019USAF en \u00e9tant accueillie par la WWU \u00e9taient d\u2019accro\u00eetre l\u2019int\u00e9r\u00eat g\u00e9n\u00e9ral pour l\u2019aviation et l\u2019Arm\u00e9e de l\u2019Air et d\u2019offrir aux \u00e9tudiants femmes et aux \u00e9tudiants issus des minorit\u00e9s l\u2019opportunit\u00e9 de consid\u00e9rer une carri\u00e8re dans l\u2019aviation.<\/p>\n<p><em>La\u00a0<\/em><a href=\"https:\/\/nwadventists.com\/news\/2021\/08\/wwu-selected-us-air-force-hosts-flight-academy?ct=t(NWAdventists_20210916)&amp;mc_cid=0dfd6f17e3&amp;mc_eid=a3c43decc6\" target=\"_blank\" rel=\"noopener\"><em>version originale <\/em><\/a><em>\u00a0de ce r\u00e9cit a \u00e9t\u00e9 publi\u00e9e par\u00a0<\/em><a href=\"https:\/\/www.nwadventists.com\/news\" target=\"_blank\" rel=\"noopener\"><em>Gleaner<\/em><\/a><em>de l\u2019Union de F\u00e9d\u00e9rations du Nord Pacifique.<\/em><\/p>\n<p>Traduction: Patrick Luciathe<\/p>\n","protected":false},"excerpt":{"rendered":"<p>L\u2019\u00e9cole adventiste est l\u2019une des 22 \u00e0 avoir \u00e9t\u00e9 s\u00e9lectionn\u00e9es \u00e0 travers le pays pour cette initiative. 22 Septembre 2021 | Washington, \u00c9tats-Unis | Par : Brooke Sample, Walla Walla&#8230;<\/p>\n","protected":false},"author":3,"featured_media":76058,"comment_status":"closed","ping_status":"closed","sticky":false,"template":"","format":"standard","meta":{"_acf_changed":false,"footnotes":""},"categories":[18,19],"tags":[],"class_list":["post-76159","post","type-post","status-publish","format-standard","has-post-thumbnail","hentry","category-nouvelles-de-leglise-mondiale","category-rss-francais"],"acf":[],"yoast_head":"<!-- This site is optimized with the Yoast SEO plugin v27.3 - https:\/\/yoast.com\/product\/yoast-seo-wordpress\/ -->\n<title>S\u00e9lectionn\u00e9e par l\u2019U.S. Air Force, l\u2019Universit\u00e9 de Walla Walla accueille une \u00e9cole de pilotage - \u00c9glise Adventiste Du Septieme Jour - Inter Am\u00e9rique Division<\/title>\n<meta name=\"robots\" content=\"index, follow, max-snippet:-1, max-image-preview:large, max-video-preview:-1\" \/>\n<link rel=\"canonical\" href=\"https:\/\/interamerica.org\/fr\/2021\/09\/selectionnee-par-lu-s-air-force-luniversite-de-walla-walla-accueille-une-ecole-de-pilotage\/\" \/>\n<meta property=\"og:locale\" content=\"fr_FR\" \/>\n<meta property=\"og:type\" content=\"article\" \/>\n<meta property=\"og:title\" content=\"S\u00e9lectionn\u00e9e par l\u2019U.S. Air Force, l\u2019Universit\u00e9 de Walla Walla accueille une \u00e9cole de pilotage - \u00c9glise Adventiste Du Septieme Jour - Inter Am\u00e9rique Division\" \/>\n<meta property=\"og:description\" content=\"L\u2019\u00e9cole adventiste est l\u2019une des 22 \u00e0 avoir \u00e9t\u00e9 s\u00e9lectionn\u00e9es \u00e0 travers le pays pour cette initiative. 22 Septembre 2021 | Washington, \u00c9tats-Unis | Par : Brooke Sample, Walla Walla...\" \/>\n<meta property=\"og:url\" content=\"https:\/\/interamerica.org\/fr\/2021\/09\/selectionnee-par-lu-s-air-force-luniversite-de-walla-walla-accueille-une-ecole-de-pilotage\/\" \/>\n<meta property=\"og:site_name\" content=\"\u00c9glise Adventiste Du Septieme Jour - Inter Am\u00e9rique Division\" \/>\n<meta property=\"article:published_time\" content=\"2021-09-22T23:06:11+00:00\" \/>\n<meta property=\"article:modified_time\" content=\"2021-09-24T20:46:05+00:00\" \/>\n<meta property=\"og:image\" content=\"https:\/\/interamerica.org\/wp-content\/uploads\/2021\/09\/walla-walla-university-selected-by-us-air-force-hosts-flight-academy1-1280.jpg\" \/>\n\t<meta property=\"og:image:width\" content=\"1280\" \/>\n\t<meta property=\"og:image:height\" content=\"800\" \/>\n\t<meta property=\"og:image:type\" content=\"image\/jpeg\" \/>\n<meta name=\"author\" content=\"libna\" \/>\n<meta name=\"twitter:card\" content=\"summary_large_image\" \/>\n<meta name=\"twitter:label1\" content=\"\u00c9crit par\" \/>\n\t<meta name=\"twitter:data1\" content=\"libna\" \/>\n\t<meta name=\"twitter:label2\" content=\"Dur\u00e9e de lecture estim\u00e9e\" \/>\n\t<meta name=\"twitter:data2\" content=\"3 minutes\" \/>\n<script type=\"application\/ld+json\" class=\"yoast-schema-graph\">{\"@context\":\"https:\\\/\\\/schema.org\",\"@graph\":[{\"@type\":\"Article\",\"@id\":\"https:\\\/\\\/interamerica.org\\\/fr\\\/2021\\\/09\\\/selectionnee-par-lu-s-air-force-luniversite-de-walla-walla-accueille-une-ecole-de-pilotage\\\/#article\",\"isPartOf\":{\"@id\":\"https:\\\/\\\/interamerica.org\\\/fr\\\/2021\\\/09\\\/selectionnee-par-lu-s-air-force-luniversite-de-walla-walla-accueille-une-ecole-de-pilotage\\\/\"},\"author\":{\"name\":\"libna\",\"@id\":\"https:\\\/\\\/interamerica.org\\\/fr\\\/#\\\/schema\\\/person\\\/29998f2bc2d8bd0d38662909289b54f1\"},\"headline\":\"S\u00e9lectionn\u00e9e par l\u2019U.S. Air Force, l\u2019Universit\u00e9 de Walla Walla accueille une \u00e9cole de pilotage\",\"datePublished\":\"2021-09-22T23:06:11+00:00\",\"dateModified\":\"2021-09-24T20:46:05+00:00\",\"mainEntityOfPage\":{\"@id\":\"https:\\\/\\\/interamerica.org\\\/fr\\\/2021\\\/09\\\/selectionnee-par-lu-s-air-force-luniversite-de-walla-walla-accueille-une-ecole-de-pilotage\\\/\"},\"wordCount\":638,\"image\":{\"@id\":\"https:\\\/\\\/interamerica.org\\\/fr\\\/2021\\\/09\\\/selectionnee-par-lu-s-air-force-luniversite-de-walla-walla-accueille-une-ecole-de-pilotage\\\/#primaryimage\"},\"thumbnailUrl\":\"https:\\\/\\\/interamerica.org\\\/wp-content\\\/uploads\\\/2021\\\/09\\\/walla-walla-university-selected-by-us-air-force-hosts-flight-academy1-1280.jpg\",\"articleSection\":[\"Nouvelles de l'\u00c9glise mondiale\",\"RSS Fran\u00e7ais\"],\"inLanguage\":\"fr-FR\"},{\"@type\":\"WebPage\",\"@id\":\"https:\\\/\\\/interamerica.org\\\/fr\\\/2021\\\/09\\\/selectionnee-par-lu-s-air-force-luniversite-de-walla-walla-accueille-une-ecole-de-pilotage\\\/\",\"url\":\"https:\\\/\\\/interamerica.org\\\/fr\\\/2021\\\/09\\\/selectionnee-par-lu-s-air-force-luniversite-de-walla-walla-accueille-une-ecole-de-pilotage\\\/\",\"name\":\"S\u00e9lectionn\u00e9e par l\u2019U.S. Air Force, l\u2019Universit\u00e9 de Walla Walla accueille une \u00e9cole de pilotage - \u00c9glise Adventiste Du Septieme Jour - Inter Am\u00e9rique Division\",\"isPartOf\":{\"@id\":\"https:\\\/\\\/interamerica.org\\\/fr\\\/#website\"},\"primaryImageOfPage\":{\"@id\":\"https:\\\/\\\/interamerica.org\\\/fr\\\/2021\\\/09\\\/selectionnee-par-lu-s-air-force-luniversite-de-walla-walla-accueille-une-ecole-de-pilotage\\\/#primaryimage\"},\"image\":{\"@id\":\"https:\\\/\\\/interamerica.org\\\/fr\\\/2021\\\/09\\\/selectionnee-par-lu-s-air-force-luniversite-de-walla-walla-accueille-une-ecole-de-pilotage\\\/#primaryimage\"},\"thumbnailUrl\":\"https:\\\/\\\/interamerica.org\\\/wp-content\\\/uploads\\\/2021\\\/09\\\/walla-walla-university-selected-by-us-air-force-hosts-flight-academy1-1280.jpg\",\"datePublished\":\"2021-09-22T23:06:11+00:00\",\"dateModified\":\"2021-09-24T20:46:05+00:00\",\"author\":{\"@id\":\"https:\\\/\\\/interamerica.org\\\/fr\\\/#\\\/schema\\\/person\\\/29998f2bc2d8bd0d38662909289b54f1\"},\"breadcrumb\":{\"@id\":\"https:\\\/\\\/interamerica.org\\\/fr\\\/2021\\\/09\\\/selectionnee-par-lu-s-air-force-luniversite-de-walla-walla-accueille-une-ecole-de-pilotage\\\/#breadcrumb\"},\"inLanguage\":\"fr-FR\",\"potentialAction\":[{\"@type\":\"ReadAction\",\"target\":[\"https:\\\/\\\/interamerica.org\\\/fr\\\/2021\\\/09\\\/selectionnee-par-lu-s-air-force-luniversite-de-walla-walla-accueille-une-ecole-de-pilotage\\\/\"]}]},{\"@type\":\"ImageObject\",\"inLanguage\":\"fr-FR\",\"@id\":\"https:\\\/\\\/interamerica.org\\\/fr\\\/2021\\\/09\\\/selectionnee-par-lu-s-air-force-luniversite-de-walla-walla-accueille-une-ecole-de-pilotage\\\/#primaryimage\",\"url\":\"https:\\\/\\\/interamerica.org\\\/wp-content\\\/uploads\\\/2021\\\/09\\\/walla-walla-university-selected-by-us-air-force-hosts-flight-academy1-1280.jpg\",\"contentUrl\":\"https:\\\/\\\/interamerica.org\\\/wp-content\\\/uploads\\\/2021\\\/09\\\/walla-walla-university-selected-by-us-air-force-hosts-flight-academy1-1280.jpg\",\"width\":1280,\"height\":800},{\"@type\":\"BreadcrumbList\",\"@id\":\"https:\\\/\\\/interamerica.org\\\/fr\\\/2021\\\/09\\\/selectionnee-par-lu-s-air-force-luniversite-de-walla-walla-accueille-une-ecole-de-pilotage\\\/#breadcrumb\",\"itemListElement\":[{\"@type\":\"ListItem\",\"position\":1,\"name\":\"Home\",\"item\":\"https:\\\/\\\/interamerica.org\\\/fr\\\/\"},{\"@type\":\"ListItem\",\"position\":2,\"name\":\"S\u00e9lectionn\u00e9e par l\u2019U.S. Air Force, l\u2019Universit\u00e9 de Walla Walla accueille une \u00e9cole de pilotage\"}]},{\"@type\":\"WebSite\",\"@id\":\"https:\\\/\\\/interamerica.org\\\/fr\\\/#website\",\"url\":\"https:\\\/\\\/interamerica.org\\\/fr\\\/\",\"name\":\"\u00c9glise Adventiste Du Septieme Jour - Inter Am\u00e9rique Division\",\"description\":\"\",\"potentialAction\":[{\"@type\":\"SearchAction\",\"target\":{\"@type\":\"EntryPoint\",\"urlTemplate\":\"https:\\\/\\\/interamerica.org\\\/fr\\\/?s={search_term_string}\"},\"query-input\":{\"@type\":\"PropertyValueSpecification\",\"valueRequired\":true,\"valueName\":\"search_term_string\"}}],\"inLanguage\":\"fr-FR\"},{\"@type\":\"Person\",\"@id\":\"https:\\\/\\\/interamerica.org\\\/fr\\\/#\\\/schema\\\/person\\\/29998f2bc2d8bd0d38662909289b54f1\",\"name\":\"libna\",\"image\":{\"@type\":\"ImageObject\",\"inLanguage\":\"fr-FR\",\"@id\":\"https:\\\/\\\/secure.gravatar.com\\\/avatar\\\/7c5bd30ae4b47a9ba3c856590957fd1d96dc588bf3ac05719d247e126840331f?s=96&d=mm&r=g\",\"url\":\"https:\\\/\\\/secure.gravatar.com\\\/avatar\\\/7c5bd30ae4b47a9ba3c856590957fd1d96dc588bf3ac05719d247e126840331f?s=96&d=mm&r=g\",\"contentUrl\":\"https:\\\/\\\/secure.gravatar.com\\\/avatar\\\/7c5bd30ae4b47a9ba3c856590957fd1d96dc588bf3ac05719d247e126840331f?s=96&d=mm&r=g\",\"caption\":\"libna\"}}]}<\/script>\n<!-- \/ Yoast SEO plugin. -->","yoast_head_json":{"title":"S\u00e9lectionn\u00e9e par l\u2019U.S. Air Force, l\u2019Universit\u00e9 de Walla Walla accueille une \u00e9cole de pilotage - \u00c9glise Adventiste Du Septieme Jour - Inter Am\u00e9rique Division","robots":{"index":"index","follow":"follow","max-snippet":"max-snippet:-1","max-image-preview":"max-image-preview:large","max-video-preview":"max-video-preview:-1"},"canonical":"https:\/\/interamerica.org\/fr\/2021\/09\/selectionnee-par-lu-s-air-force-luniversite-de-walla-walla-accueille-une-ecole-de-pilotage\/","og_locale":"fr_FR","og_type":"article","og_title":"S\u00e9lectionn\u00e9e par l\u2019U.S. Air Force, l\u2019Universit\u00e9 de Walla Walla accueille une \u00e9cole de pilotage - \u00c9glise Adventiste Du Septieme Jour - Inter Am\u00e9rique Division","og_description":"L\u2019\u00e9cole adventiste est l\u2019une des 22 \u00e0 avoir \u00e9t\u00e9 s\u00e9lectionn\u00e9es \u00e0 travers le pays pour cette initiative. 22 Septembre 2021 | Washington, \u00c9tats-Unis | Par : Brooke Sample, Walla Walla...","og_url":"https:\/\/interamerica.org\/fr\/2021\/09\/selectionnee-par-lu-s-air-force-luniversite-de-walla-walla-accueille-une-ecole-de-pilotage\/","og_site_name":"\u00c9glise Adventiste Du Septieme Jour - Inter Am\u00e9rique Division","article_published_time":"2021-09-22T23:06:11+00:00","article_modified_time":"2021-09-24T20:46:05+00:00","og_image":[{"width":1280,"height":800,"url":"https:\/\/interamerica.org\/wp-content\/uploads\/2021\/09\/walla-walla-university-selected-by-us-air-force-hosts-flight-academy1-1280.jpg","type":"image\/jpeg"}],"author":"libna","twitter_card":"summary_large_image","twitter_misc":{"\u00c9crit par":"libna","Dur\u00e9e de lecture estim\u00e9e":"3 minutes"},"schema":{"@context":"https:\/\/schema.org","@graph":[{"@type":"Article","@id":"https:\/\/interamerica.org\/fr\/2021\/09\/selectionnee-par-lu-s-air-force-luniversite-de-walla-walla-accueille-une-ecole-de-pilotage\/#article","isPartOf":{"@id":"https:\/\/interamerica.org\/fr\/2021\/09\/selectionnee-par-lu-s-air-force-luniversite-de-walla-walla-accueille-une-ecole-de-pilotage\/"},"author":{"name":"libna","@id":"https:\/\/interamerica.org\/fr\/#\/schema\/person\/29998f2bc2d8bd0d38662909289b54f1"},"headline":"S\u00e9lectionn\u00e9e par l\u2019U.S. Air Force, l\u2019Universit\u00e9 de Walla Walla accueille une \u00e9cole de pilotage","datePublished":"2021-09-22T23:06:11+00:00","dateModified":"2021-09-24T20:46:05+00:00","mainEntityOfPage":{"@id":"https:\/\/interamerica.org\/fr\/2021\/09\/selectionnee-par-lu-s-air-force-luniversite-de-walla-walla-accueille-une-ecole-de-pilotage\/"},"wordCount":638,"image":{"@id":"https:\/\/interamerica.org\/fr\/2021\/09\/selectionnee-par-lu-s-air-force-luniversite-de-walla-walla-accueille-une-ecole-de-pilotage\/#primaryimage"},"thumbnailUrl":"https:\/\/interamerica.org\/wp-content\/uploads\/2021\/09\/walla-walla-university-selected-by-us-air-force-hosts-flight-academy1-1280.jpg","articleSection":["Nouvelles de l'\u00c9glise mondiale","RSS Fran\u00e7ais"],"inLanguage":"fr-FR"},{"@type":"WebPage","@id":"https:\/\/interamerica.org\/fr\/2021\/09\/selectionnee-par-lu-s-air-force-luniversite-de-walla-walla-accueille-une-ecole-de-pilotage\/","url":"https:\/\/interamerica.org\/fr\/2021\/09\/selectionnee-par-lu-s-air-force-luniversite-de-walla-walla-accueille-une-ecole-de-pilotage\/","name":"S\u00e9lectionn\u00e9e par l\u2019U.S. Air Force, l\u2019Universit\u00e9 de Walla Walla accueille une \u00e9cole de pilotage - \u00c9glise Adventiste Du Septieme Jour - Inter Am\u00e9rique Division","isPartOf":{"@id":"https:\/\/interamerica.org\/fr\/#website"},"primaryImageOfPage":{"@id":"https:\/\/interamerica.org\/fr\/2021\/09\/selectionnee-par-lu-s-air-force-luniversite-de-walla-walla-accueille-une-ecole-de-pilotage\/#primaryimage"},"image":{"@id":"https:\/\/interamerica.org\/fr\/2021\/09\/selectionnee-par-lu-s-air-force-luniversite-de-walla-walla-accueille-une-ecole-de-pilotage\/#primaryimage"},"thumbnailUrl":"https:\/\/interamerica.org\/wp-content\/uploads\/2021\/09\/walla-walla-university-selected-by-us-air-force-hosts-flight-academy1-1280.jpg","datePublished":"2021-09-22T23:06:11+00:00","dateModified":"2021-09-24T20:46:05+00:00","author":{"@id":"https:\/\/interamerica.org\/fr\/#\/schema\/person\/29998f2bc2d8bd0d38662909289b54f1"},"breadcrumb":{"@id":"https:\/\/interamerica.org\/fr\/2021\/09\/selectionnee-par-lu-s-air-force-luniversite-de-walla-walla-accueille-une-ecole-de-pilotage\/#breadcrumb"},"inLanguage":"fr-FR","potentialAction":[{"@type":"ReadAction","target":["https:\/\/interamerica.org\/fr\/2021\/09\/selectionnee-par-lu-s-air-force-luniversite-de-walla-walla-accueille-une-ecole-de-pilotage\/"]}]},{"@type":"ImageObject","inLanguage":"fr-FR","@id":"https:\/\/interamerica.org\/fr\/2021\/09\/selectionnee-par-lu-s-air-force-luniversite-de-walla-walla-accueille-une-ecole-de-pilotage\/#primaryimage","url":"https:\/\/interamerica.org\/wp-content\/uploads\/2021\/09\/walla-walla-university-selected-by-us-air-force-hosts-flight-academy1-1280.jpg","contentUrl":"https:\/\/interamerica.org\/wp-content\/uploads\/2021\/09\/walla-walla-university-selected-by-us-air-force-hosts-flight-academy1-1280.jpg","width":1280,"height":800},{"@type":"BreadcrumbList","@id":"https:\/\/interamerica.org\/fr\/2021\/09\/selectionnee-par-lu-s-air-force-luniversite-de-walla-walla-accueille-une-ecole-de-pilotage\/#breadcrumb","itemListElement":[{"@type":"ListItem","position":1,"name":"Home","item":"https:\/\/interamerica.org\/fr\/"},{"@type":"ListItem","position":2,"name":"S\u00e9lectionn\u00e9e par l\u2019U.S. Air Force, l\u2019Universit\u00e9 de Walla Walla accueille une \u00e9cole de pilotage"}]},{"@type":"WebSite","@id":"https:\/\/interamerica.org\/fr\/#website","url":"https:\/\/interamerica.org\/fr\/","name":"\u00c9glise Adventiste Du Septieme Jour - Inter Am\u00e9rique Division","description":"","potentialAction":[{"@type":"SearchAction","target":{"@type":"EntryPoint","urlTemplate":"https:\/\/interamerica.org\/fr\/?s={search_term_string}"},"query-input":{"@type":"PropertyValueSpecification","valueRequired":true,"valueName":"search_term_string"}}],"inLanguage":"fr-FR"},{"@type":"Person","@id":"https:\/\/interamerica.org\/fr\/#\/schema\/person\/29998f2bc2d8bd0d38662909289b54f1","name":"libna","image":{"@type":"ImageObject","inLanguage":"fr-FR","@id":"https:\/\/secure.gravatar.com\/avatar\/7c5bd30ae4b47a9ba3c856590957fd1d96dc588bf3ac05719d247e126840331f?s=96&d=mm&r=g","url":"https:\/\/secure.gravatar.com\/avatar\/7c5bd30ae4b47a9ba3c856590957fd1d96dc588bf3ac05719d247e126840331f?s=96&d=mm&r=g","contentUrl":"https:\/\/secure.gravatar.com\/avatar\/7c5bd30ae4b47a9ba3c856590957fd1d96dc588bf3ac05719d247e126840331f?s=96&d=mm&r=g","caption":"libna"}}]}},"_links":{"self":[{"href":"https:\/\/interamerica.org\/fr\/wp-json\/wp\/v2\/posts\/76159","targetHints":{"allow":["GET"]}}],"collection":[{"href":"https:\/\/interamerica.org\/fr\/wp-json\/wp\/v2\/posts"}],"about":[{"href":"https:\/\/interamerica.org\/fr\/wp-json\/wp\/v2\/types\/post"}],"author":[{"embeddable":true,"href":"https:\/\/interamerica.org\/fr\/wp-json\/wp\/v2\/users\/3"}],"replies":[{"embeddable":true,"href":"https:\/\/interamerica.org\/fr\/wp-json\/wp\/v2\/comments?post=76159"}],"version-history":[{"count":0,"href":"https:\/\/interamerica.org\/fr\/wp-json\/wp\/v2\/posts\/76159\/revisions"}],"wp:featuredmedia":[{"embeddable":true,"href":"https:\/\/interamerica.org\/fr\/wp-json\/wp\/v2\/media\/76058"}],"wp:attachment":[{"href":"https:\/\/interamerica.org\/fr\/wp-json\/wp\/v2\/media?parent=76159"}],"wp:term":[{"taxonomy":"category","embeddable":true,"href":"https:\/\/interamerica.org\/fr\/wp-json\/wp\/v2\/categories?post=76159"},{"taxonomy":"post_tag","embeddable":true,"href":"https:\/\/interamerica.org\/fr\/wp-json\/wp\/v2\/tags?post=76159"}],"curies":[{"name":"wp","href":"https:\/\/api.w.org\/{rel}","templated":true}]}}