{"id":76411,"date":"2021-10-01T07:00:22","date_gmt":"2021-10-01T11:00:22","guid":{"rendered":"https:\/\/recursing-golick.147-182-135-0.plesk.page\/?p=76411"},"modified":"2021-10-04T14:17:24","modified_gmt":"2021-10-04T18:17:24","slug":"le-week-end-pcm-de-linter-amerique-mettra-laccent-sur-le-service-communautaire-pratique","status":"publish","type":"post","link":"https:\/\/interamerica.org\/fr\/2021\/10\/le-week-end-pcm-de-linter-amerique-mettra-laccent-sur-le-service-communautaire-pratique\/","title":{"rendered":"Le week-end PCM de l\u2019Inter-Am\u00e9rique mettra l\u2019accent sur le service communautaire pratique"},"content":{"rendered":"<p>1er Octobre 2021 | Miami, Floride, \u00c9tats-Unis | Libna Stevens, P\u00f4le Informations de la Division Inter Am\u00e9ricaine<\/p>\n<p>L\u2019\u00c9glise adventiste du septi\u00e8me jour dans toute la Division Inter Am\u00e9ricaine (DIA) mobilisera des milliers d\u2019\u00e9tudiants adventistes qui \u00e9tudient sur des campus publics et de jeunes professionnels lors d\u2019un programme sp\u00e9cial baptis\u00e9 Week-end des Minist\u00e8res des Campus Publics (PCM), du 17 au 19 octobre 2021.<\/p>\n<p>Le programme annuel qui s\u2019\u00e9tale sur un week-end a pour objectif de connecter et d\u2019impliquer les \u00e9tudiants, les universitaires et les professionnels dans la mission et le service dans leurs universit\u00e9s, leurs \u00e9glises d\u2019origine et leurs communaut\u00e9s. C\u2019est la premi\u00e8re fois qu\u2019un tel programme est organis\u00e9 conjointement par les Minist\u00e8res PCM \u00e0 travers l\u2019\u00c9glise mondiale.<\/p>\n<p>Le th\u00e8me de cette ann\u00e9e \u00ab Plusieurs Mains, Une Communaut\u00e9 \u00bb verra des \u00e9tudiants d\u2019universit\u00e9 et des professionnels s\u2019engager dans la mise en place de projets sp\u00e9cifiques sur leurs campus et dans leurs communaut\u00e9s pendant le week-end. Le programme de trois jours sera \u00e9galement l\u2019occasion d\u2019adorer, d\u2019assister \u00e0 des pr\u00e9sentations cl\u00e9s, et d\u2019avoir des opportunit\u00e9s de r\u00e9seautage pour des milliers de personnes sur les campus de l\u2019Inter-Am\u00e9rique, ont d\u00e9clar\u00e9 les organisateurs.<\/p>\n<p><div id=\"attachment_76266\" style=\"width: 960px\" class=\"wp-caption aligncenter\"><img fetchpriority=\"high\" decoding=\"async\" aria-describedby=\"caption-attachment-76266\" class=\" wp-image-76266\" src=\"https:\/\/recursing-golick.147-182-135-0.plesk.page\/wp-content\/uploads\/2021\/07\/banner-gpw-2021-fr-1024x499.jpg\" alt=\"\" width=\"950\" height=\"463\" srcset=\"https:\/\/interamerica.org\/wp-content\/uploads\/2021\/07\/banner-gpw-2021-fr-1024x499.jpg 1024w, https:\/\/interamerica.org\/wp-content\/uploads\/2021\/07\/banner-gpw-2021-fr-300x146.jpg 300w, https:\/\/interamerica.org\/wp-content\/uploads\/2021\/07\/banner-gpw-2021-fr-768x374.jpg 768w, https:\/\/interamerica.org\/wp-content\/uploads\/2021\/07\/banner-gpw-2021-fr-1536x749.jpg 1536w, https:\/\/interamerica.org\/wp-content\/uploads\/2021\/07\/banner-gpw-2021-fr.jpg 1600w\" sizes=\"(max-width: 950px) 100vw, 950px\" \/><p id=\"caption-attachment-76266\" class=\"wp-caption-text\">[Image : Minist\u00e8res PCM de la Division Inter Am\u00e9ricaine]<\/p><\/div>\u00ab Nous sommes ravis de voir notre grand groupe d\u2019\u00e9tudiants d\u2019universit\u00e9 et de jeunes professionnels participer \u00e0 ce week-end sp\u00e9cialement con\u00e7u pour eux, \u00bb a d\u00e9clar\u00e9 pasteur Hiram Ruiz, directeur des PCM pour l\u2019\u00c9glise adventiste en Inter Am\u00e9rique. Tout cela s\u2019inscrit dans le cadre de la proximit\u00e9 que nous \u00e9tablissons avec les \u00e9tudiants engag\u00e9s \u00e0 faire une diff\u00e9rence sur leurs campus en vivant une vie qui suit l\u2019exemple de J\u00e9sus, a d\u00e9clar\u00e9 Hiram Ruiz. \u00ab On leur rappelle toujours le r\u00f4le important qu\u2019ils jouent dans le service \u00e0 la communaut\u00e9 et dans la proclamation de l\u2019\u00e9vangile l\u00e0 o\u00f9 ils se trouvent. \u00bb<\/p>\n<p>Le programme comprendra de la musique, des t\u00e9moignages, des tables rondes et le lancement de nouvelles initiatives \u00e0 l\u2019occasion de la retransmission qui se fera en ligne en direct depuis Merida, dans le Yucatan, au Mexique, le sabbat 16 octobre 2021, de 11h00 \u00e0 13h00 (heure de Miami) et de 17h00 \u00e0 19h00 (heure de Miami)<\/p>\n<p>Pour voir le programme du Weekend PCM de l\u2019Inter-Am\u00e9rique en anglais, espagnol et fran\u00e7ais, rendez-vous sur <a href=\"https:\/\/www.youtube.com\/c\/InterAmericanDivision\">webcast.interamerica.org<\/a><\/p>\n<p>Traduction: Patrick Luciathe<\/p>\n","protected":false},"excerpt":{"rendered":"<p>1er Octobre 2021 | Miami, Floride, \u00c9tats-Unis | Libna Stevens, P\u00f4le Informations de la Division Inter Am\u00e9ricaine L\u2019\u00c9glise adventiste du septi\u00e8me jour dans toute la Division Inter Am\u00e9ricaine (DIA) mobilisera&#8230;<\/p>\n","protected":false},"author":3,"featured_media":76391,"comment_status":"closed","ping_status":"closed","sticky":false,"template":"","format":"standard","meta":{"_acf_changed":false,"footnotes":""},"categories":[18,20],"tags":[],"class_list":["post-76411","post","type-post","status-publish","format-standard","has-post-thumbnail","hentry","category-nouvelles-de-leglise-mondiale","category-nouvelles-du-siege-de-la-division"],"acf":[],"yoast_head":"<!-- This site is optimized with the Yoast SEO plugin v27.3 - https:\/\/yoast.com\/product\/yoast-seo-wordpress\/ -->\n<title>Le week-end PCM de l\u2019Inter-Am\u00e9rique mettra l\u2019accent sur le service communautaire pratique - \u00c9glise Adventiste Du Septieme Jour - Inter Am\u00e9rique Division<\/title>\n<meta name=\"robots\" content=\"index, follow, max-snippet:-1, max-image-preview:large, max-video-preview:-1\" \/>\n<link rel=\"canonical\" href=\"https:\/\/interamerica.org\/fr\/2021\/10\/le-week-end-pcm-de-linter-amerique-mettra-laccent-sur-le-service-communautaire-pratique\/\" \/>\n<meta property=\"og:locale\" content=\"fr_FR\" \/>\n<meta property=\"og:type\" content=\"article\" \/>\n<meta property=\"og:title\" content=\"Le week-end PCM de l\u2019Inter-Am\u00e9rique mettra l\u2019accent sur le service communautaire pratique - \u00c9glise Adventiste Du Septieme Jour - Inter Am\u00e9rique Division\" \/>\n<meta property=\"og:description\" content=\"1er Octobre 2021 | Miami, Floride, \u00c9tats-Unis | Libna Stevens, P\u00f4le Informations de la Division Inter Am\u00e9ricaine L\u2019\u00c9glise adventiste du septi\u00e8me jour dans toute la Division Inter Am\u00e9ricaine (DIA) mobilisera...\" \/>\n<meta property=\"og:url\" content=\"https:\/\/interamerica.org\/fr\/2021\/10\/le-week-end-pcm-de-linter-amerique-mettra-laccent-sur-le-service-communautaire-pratique\/\" \/>\n<meta property=\"og:site_name\" content=\"\u00c9glise Adventiste Du Septieme Jour - Inter Am\u00e9rique Division\" \/>\n<meta property=\"article:published_time\" content=\"2021-10-01T11:00:22+00:00\" \/>\n<meta property=\"article:modified_time\" content=\"2021-10-04T18:17:24+00:00\" \/>\n<meta property=\"og:image\" content=\"https:\/\/interamerica.org\/wp-content\/uploads\/2021\/09\/group-three-university-students-176420-8284.jpg\" \/>\n\t<meta property=\"og:image:width\" content=\"1280\" \/>\n\t<meta property=\"og:image:height\" content=\"800\" \/>\n\t<meta property=\"og:image:type\" content=\"image\/jpeg\" \/>\n<meta name=\"author\" content=\"libna\" \/>\n<meta name=\"twitter:card\" content=\"summary_large_image\" \/>\n<meta name=\"twitter:label1\" content=\"\u00c9crit par\" \/>\n\t<meta name=\"twitter:data1\" content=\"libna\" \/>\n\t<meta name=\"twitter:label2\" content=\"Dur\u00e9e de lecture estim\u00e9e\" \/>\n\t<meta name=\"twitter:data2\" content=\"2 minutes\" \/>\n<script type=\"application\/ld+json\" class=\"yoast-schema-graph\">{\"@context\":\"https:\\\/\\\/schema.org\",\"@graph\":[{\"@type\":\"Article\",\"@id\":\"https:\\\/\\\/interamerica.org\\\/fr\\\/2021\\\/10\\\/le-week-end-pcm-de-linter-amerique-mettra-laccent-sur-le-service-communautaire-pratique\\\/#article\",\"isPartOf\":{\"@id\":\"https:\\\/\\\/interamerica.org\\\/fr\\\/2021\\\/10\\\/le-week-end-pcm-de-linter-amerique-mettra-laccent-sur-le-service-communautaire-pratique\\\/\"},\"author\":{\"name\":\"libna\",\"@id\":\"https:\\\/\\\/interamerica.org\\\/fr\\\/#\\\/schema\\\/person\\\/29998f2bc2d8bd0d38662909289b54f1\"},\"headline\":\"Le week-end PCM de l\u2019Inter-Am\u00e9rique mettra l\u2019accent sur le service communautaire pratique\",\"datePublished\":\"2021-10-01T11:00:22+00:00\",\"dateModified\":\"2021-10-04T18:17:24+00:00\",\"mainEntityOfPage\":{\"@id\":\"https:\\\/\\\/interamerica.org\\\/fr\\\/2021\\\/10\\\/le-week-end-pcm-de-linter-amerique-mettra-laccent-sur-le-service-communautaire-pratique\\\/\"},\"wordCount\":435,\"image\":{\"@id\":\"https:\\\/\\\/interamerica.org\\\/fr\\\/2021\\\/10\\\/le-week-end-pcm-de-linter-amerique-mettra-laccent-sur-le-service-communautaire-pratique\\\/#primaryimage\"},\"thumbnailUrl\":\"https:\\\/\\\/interamerica.org\\\/wp-content\\\/uploads\\\/2021\\\/09\\\/group-three-university-students-176420-8284.jpg\",\"articleSection\":[\"Nouvelles de l'\u00c9glise mondiale\",\"Nouvelles du si\u00e8ge de la division\"],\"inLanguage\":\"fr-FR\"},{\"@type\":\"WebPage\",\"@id\":\"https:\\\/\\\/interamerica.org\\\/fr\\\/2021\\\/10\\\/le-week-end-pcm-de-linter-amerique-mettra-laccent-sur-le-service-communautaire-pratique\\\/\",\"url\":\"https:\\\/\\\/interamerica.org\\\/fr\\\/2021\\\/10\\\/le-week-end-pcm-de-linter-amerique-mettra-laccent-sur-le-service-communautaire-pratique\\\/\",\"name\":\"Le week-end PCM de l\u2019Inter-Am\u00e9rique mettra l\u2019accent sur le service communautaire pratique - \u00c9glise Adventiste Du Septieme Jour - Inter Am\u00e9rique Division\",\"isPartOf\":{\"@id\":\"https:\\\/\\\/interamerica.org\\\/fr\\\/#website\"},\"primaryImageOfPage\":{\"@id\":\"https:\\\/\\\/interamerica.org\\\/fr\\\/2021\\\/10\\\/le-week-end-pcm-de-linter-amerique-mettra-laccent-sur-le-service-communautaire-pratique\\\/#primaryimage\"},\"image\":{\"@id\":\"https:\\\/\\\/interamerica.org\\\/fr\\\/2021\\\/10\\\/le-week-end-pcm-de-linter-amerique-mettra-laccent-sur-le-service-communautaire-pratique\\\/#primaryimage\"},\"thumbnailUrl\":\"https:\\\/\\\/interamerica.org\\\/wp-content\\\/uploads\\\/2021\\\/09\\\/group-three-university-students-176420-8284.jpg\",\"datePublished\":\"2021-10-01T11:00:22+00:00\",\"dateModified\":\"2021-10-04T18:17:24+00:00\",\"author\":{\"@id\":\"https:\\\/\\\/interamerica.org\\\/fr\\\/#\\\/schema\\\/person\\\/29998f2bc2d8bd0d38662909289b54f1\"},\"breadcrumb\":{\"@id\":\"https:\\\/\\\/interamerica.org\\\/fr\\\/2021\\\/10\\\/le-week-end-pcm-de-linter-amerique-mettra-laccent-sur-le-service-communautaire-pratique\\\/#breadcrumb\"},\"inLanguage\":\"fr-FR\",\"potentialAction\":[{\"@type\":\"ReadAction\",\"target\":[\"https:\\\/\\\/interamerica.org\\\/fr\\\/2021\\\/10\\\/le-week-end-pcm-de-linter-amerique-mettra-laccent-sur-le-service-communautaire-pratique\\\/\"]}]},{\"@type\":\"ImageObject\",\"inLanguage\":\"fr-FR\",\"@id\":\"https:\\\/\\\/interamerica.org\\\/fr\\\/2021\\\/10\\\/le-week-end-pcm-de-linter-amerique-mettra-laccent-sur-le-service-communautaire-pratique\\\/#primaryimage\",\"url\":\"https:\\\/\\\/interamerica.org\\\/wp-content\\\/uploads\\\/2021\\\/09\\\/group-three-university-students-176420-8284.jpg\",\"contentUrl\":\"https:\\\/\\\/interamerica.org\\\/wp-content\\\/uploads\\\/2021\\\/09\\\/group-three-university-students-176420-8284.jpg\",\"width\":1280,\"height\":800,\"caption\":\"[Photo: Freepik]\"},{\"@type\":\"BreadcrumbList\",\"@id\":\"https:\\\/\\\/interamerica.org\\\/fr\\\/2021\\\/10\\\/le-week-end-pcm-de-linter-amerique-mettra-laccent-sur-le-service-communautaire-pratique\\\/#breadcrumb\",\"itemListElement\":[{\"@type\":\"ListItem\",\"position\":1,\"name\":\"Home\",\"item\":\"https:\\\/\\\/interamerica.org\\\/fr\\\/\"},{\"@type\":\"ListItem\",\"position\":2,\"name\":\"Le week-end PCM de l\u2019Inter-Am\u00e9rique mettra l\u2019accent sur le service communautaire pratique\"}]},{\"@type\":\"WebSite\",\"@id\":\"https:\\\/\\\/interamerica.org\\\/fr\\\/#website\",\"url\":\"https:\\\/\\\/interamerica.org\\\/fr\\\/\",\"name\":\"\u00c9glise Adventiste Du Septieme Jour - Inter Am\u00e9rique Division\",\"description\":\"\",\"potentialAction\":[{\"@type\":\"SearchAction\",\"target\":{\"@type\":\"EntryPoint\",\"urlTemplate\":\"https:\\\/\\\/interamerica.org\\\/fr\\\/?s={search_term_string}\"},\"query-input\":{\"@type\":\"PropertyValueSpecification\",\"valueRequired\":true,\"valueName\":\"search_term_string\"}}],\"inLanguage\":\"fr-FR\"},{\"@type\":\"Person\",\"@id\":\"https:\\\/\\\/interamerica.org\\\/fr\\\/#\\\/schema\\\/person\\\/29998f2bc2d8bd0d38662909289b54f1\",\"name\":\"libna\",\"image\":{\"@type\":\"ImageObject\",\"inLanguage\":\"fr-FR\",\"@id\":\"https:\\\/\\\/secure.gravatar.com\\\/avatar\\\/7c5bd30ae4b47a9ba3c856590957fd1d96dc588bf3ac05719d247e126840331f?s=96&d=mm&r=g\",\"url\":\"https:\\\/\\\/secure.gravatar.com\\\/avatar\\\/7c5bd30ae4b47a9ba3c856590957fd1d96dc588bf3ac05719d247e126840331f?s=96&d=mm&r=g\",\"contentUrl\":\"https:\\\/\\\/secure.gravatar.com\\\/avatar\\\/7c5bd30ae4b47a9ba3c856590957fd1d96dc588bf3ac05719d247e126840331f?s=96&d=mm&r=g\",\"caption\":\"libna\"}}]}<\/script>\n<!-- \/ Yoast SEO plugin. -->","yoast_head_json":{"title":"Le week-end PCM de l\u2019Inter-Am\u00e9rique mettra l\u2019accent sur le service communautaire pratique - \u00c9glise Adventiste Du Septieme Jour - Inter Am\u00e9rique Division","robots":{"index":"index","follow":"follow","max-snippet":"max-snippet:-1","max-image-preview":"max-image-preview:large","max-video-preview":"max-video-preview:-1"},"canonical":"https:\/\/interamerica.org\/fr\/2021\/10\/le-week-end-pcm-de-linter-amerique-mettra-laccent-sur-le-service-communautaire-pratique\/","og_locale":"fr_FR","og_type":"article","og_title":"Le week-end PCM de l\u2019Inter-Am\u00e9rique mettra l\u2019accent sur le service communautaire pratique - \u00c9glise Adventiste Du Septieme Jour - Inter Am\u00e9rique Division","og_description":"1er Octobre 2021 | Miami, Floride, \u00c9tats-Unis | Libna Stevens, P\u00f4le Informations de la Division Inter Am\u00e9ricaine L\u2019\u00c9glise adventiste du septi\u00e8me jour dans toute la Division Inter Am\u00e9ricaine (DIA) mobilisera...","og_url":"https:\/\/interamerica.org\/fr\/2021\/10\/le-week-end-pcm-de-linter-amerique-mettra-laccent-sur-le-service-communautaire-pratique\/","og_site_name":"\u00c9glise Adventiste Du Septieme Jour - Inter Am\u00e9rique Division","article_published_time":"2021-10-01T11:00:22+00:00","article_modified_time":"2021-10-04T18:17:24+00:00","og_image":[{"width":1280,"height":800,"url":"https:\/\/interamerica.org\/wp-content\/uploads\/2021\/09\/group-three-university-students-176420-8284.jpg","type":"image\/jpeg"}],"author":"libna","twitter_card":"summary_large_image","twitter_misc":{"\u00c9crit par":"libna","Dur\u00e9e de lecture estim\u00e9e":"2 minutes"},"schema":{"@context":"https:\/\/schema.org","@graph":[{"@type":"Article","@id":"https:\/\/interamerica.org\/fr\/2021\/10\/le-week-end-pcm-de-linter-amerique-mettra-laccent-sur-le-service-communautaire-pratique\/#article","isPartOf":{"@id":"https:\/\/interamerica.org\/fr\/2021\/10\/le-week-end-pcm-de-linter-amerique-mettra-laccent-sur-le-service-communautaire-pratique\/"},"author":{"name":"libna","@id":"https:\/\/interamerica.org\/fr\/#\/schema\/person\/29998f2bc2d8bd0d38662909289b54f1"},"headline":"Le week-end PCM de l\u2019Inter-Am\u00e9rique mettra l\u2019accent sur le service communautaire pratique","datePublished":"2021-10-01T11:00:22+00:00","dateModified":"2021-10-04T18:17:24+00:00","mainEntityOfPage":{"@id":"https:\/\/interamerica.org\/fr\/2021\/10\/le-week-end-pcm-de-linter-amerique-mettra-laccent-sur-le-service-communautaire-pratique\/"},"wordCount":435,"image":{"@id":"https:\/\/interamerica.org\/fr\/2021\/10\/le-week-end-pcm-de-linter-amerique-mettra-laccent-sur-le-service-communautaire-pratique\/#primaryimage"},"thumbnailUrl":"https:\/\/interamerica.org\/wp-content\/uploads\/2021\/09\/group-three-university-students-176420-8284.jpg","articleSection":["Nouvelles de l'\u00c9glise mondiale","Nouvelles du si\u00e8ge de la division"],"inLanguage":"fr-FR"},{"@type":"WebPage","@id":"https:\/\/interamerica.org\/fr\/2021\/10\/le-week-end-pcm-de-linter-amerique-mettra-laccent-sur-le-service-communautaire-pratique\/","url":"https:\/\/interamerica.org\/fr\/2021\/10\/le-week-end-pcm-de-linter-amerique-mettra-laccent-sur-le-service-communautaire-pratique\/","name":"Le week-end PCM de l\u2019Inter-Am\u00e9rique mettra l\u2019accent sur le service communautaire pratique - \u00c9glise Adventiste Du Septieme Jour - Inter Am\u00e9rique Division","isPartOf":{"@id":"https:\/\/interamerica.org\/fr\/#website"},"primaryImageOfPage":{"@id":"https:\/\/interamerica.org\/fr\/2021\/10\/le-week-end-pcm-de-linter-amerique-mettra-laccent-sur-le-service-communautaire-pratique\/#primaryimage"},"image":{"@id":"https:\/\/interamerica.org\/fr\/2021\/10\/le-week-end-pcm-de-linter-amerique-mettra-laccent-sur-le-service-communautaire-pratique\/#primaryimage"},"thumbnailUrl":"https:\/\/interamerica.org\/wp-content\/uploads\/2021\/09\/group-three-university-students-176420-8284.jpg","datePublished":"2021-10-01T11:00:22+00:00","dateModified":"2021-10-04T18:17:24+00:00","author":{"@id":"https:\/\/interamerica.org\/fr\/#\/schema\/person\/29998f2bc2d8bd0d38662909289b54f1"},"breadcrumb":{"@id":"https:\/\/interamerica.org\/fr\/2021\/10\/le-week-end-pcm-de-linter-amerique-mettra-laccent-sur-le-service-communautaire-pratique\/#breadcrumb"},"inLanguage":"fr-FR","potentialAction":[{"@type":"ReadAction","target":["https:\/\/interamerica.org\/fr\/2021\/10\/le-week-end-pcm-de-linter-amerique-mettra-laccent-sur-le-service-communautaire-pratique\/"]}]},{"@type":"ImageObject","inLanguage":"fr-FR","@id":"https:\/\/interamerica.org\/fr\/2021\/10\/le-week-end-pcm-de-linter-amerique-mettra-laccent-sur-le-service-communautaire-pratique\/#primaryimage","url":"https:\/\/interamerica.org\/wp-content\/uploads\/2021\/09\/group-three-university-students-176420-8284.jpg","contentUrl":"https:\/\/interamerica.org\/wp-content\/uploads\/2021\/09\/group-three-university-students-176420-8284.jpg","width":1280,"height":800,"caption":"[Photo: Freepik]"},{"@type":"BreadcrumbList","@id":"https:\/\/interamerica.org\/fr\/2021\/10\/le-week-end-pcm-de-linter-amerique-mettra-laccent-sur-le-service-communautaire-pratique\/#breadcrumb","itemListElement":[{"@type":"ListItem","position":1,"name":"Home","item":"https:\/\/interamerica.org\/fr\/"},{"@type":"ListItem","position":2,"name":"Le week-end PCM de l\u2019Inter-Am\u00e9rique mettra l\u2019accent sur le service communautaire pratique"}]},{"@type":"WebSite","@id":"https:\/\/interamerica.org\/fr\/#website","url":"https:\/\/interamerica.org\/fr\/","name":"\u00c9glise Adventiste Du Septieme Jour - Inter Am\u00e9rique Division","description":"","potentialAction":[{"@type":"SearchAction","target":{"@type":"EntryPoint","urlTemplate":"https:\/\/interamerica.org\/fr\/?s={search_term_string}"},"query-input":{"@type":"PropertyValueSpecification","valueRequired":true,"valueName":"search_term_string"}}],"inLanguage":"fr-FR"},{"@type":"Person","@id":"https:\/\/interamerica.org\/fr\/#\/schema\/person\/29998f2bc2d8bd0d38662909289b54f1","name":"libna","image":{"@type":"ImageObject","inLanguage":"fr-FR","@id":"https:\/\/secure.gravatar.com\/avatar\/7c5bd30ae4b47a9ba3c856590957fd1d96dc588bf3ac05719d247e126840331f?s=96&d=mm&r=g","url":"https:\/\/secure.gravatar.com\/avatar\/7c5bd30ae4b47a9ba3c856590957fd1d96dc588bf3ac05719d247e126840331f?s=96&d=mm&r=g","contentUrl":"https:\/\/secure.gravatar.com\/avatar\/7c5bd30ae4b47a9ba3c856590957fd1d96dc588bf3ac05719d247e126840331f?s=96&d=mm&r=g","caption":"libna"}}]}},"_links":{"self":[{"href":"https:\/\/interamerica.org\/fr\/wp-json\/wp\/v2\/posts\/76411","targetHints":{"allow":["GET"]}}],"collection":[{"href":"https:\/\/interamerica.org\/fr\/wp-json\/wp\/v2\/posts"}],"about":[{"href":"https:\/\/interamerica.org\/fr\/wp-json\/wp\/v2\/types\/post"}],"author":[{"embeddable":true,"href":"https:\/\/interamerica.org\/fr\/wp-json\/wp\/v2\/users\/3"}],"replies":[{"embeddable":true,"href":"https:\/\/interamerica.org\/fr\/wp-json\/wp\/v2\/comments?post=76411"}],"version-history":[{"count":0,"href":"https:\/\/interamerica.org\/fr\/wp-json\/wp\/v2\/posts\/76411\/revisions"}],"wp:featuredmedia":[{"embeddable":true,"href":"https:\/\/interamerica.org\/fr\/wp-json\/wp\/v2\/media\/76391"}],"wp:attachment":[{"href":"https:\/\/interamerica.org\/fr\/wp-json\/wp\/v2\/media?parent=76411"}],"wp:term":[{"taxonomy":"category","embeddable":true,"href":"https:\/\/interamerica.org\/fr\/wp-json\/wp\/v2\/categories?post=76411"},{"taxonomy":"post_tag","embeddable":true,"href":"https:\/\/interamerica.org\/fr\/wp-json\/wp\/v2\/tags?post=76411"}],"curies":[{"name":"wp","href":"https:\/\/api.w.org\/{rel}","templated":true}]}}