{"id":77437,"date":"2021-10-21T19:12:15","date_gmt":"2021-10-21T23:12:15","guid":{"rendered":"https:\/\/recursing-golick.147-182-135-0.plesk.page\/?p=77437"},"modified":"2021-10-24T09:50:26","modified_gmt":"2021-10-24T13:50:26","slug":"le-lien-entre-la-creation-et-ladoration","status":"publish","type":"post","link":"https:\/\/interamerica.org\/fr\/2021\/10\/le-lien-entre-la-creation-et-ladoration\/","title":{"rendered":"Le lien entre la cr\u00e9ation et l&rsquo;adoration"},"content":{"rendered":"<p>21 octobre 2021 | Silver Spring, Maryland, \u00c9tats-Unis | Ted N.C. Wilson<\/p>\n<p><span style=\"font-weight: 400;\">Salutations, mes amis ! Vous vous souvenez peut-\u00eatre que nous avons parl\u00e9 du sabbat de la cr\u00e9ation. J\u2019esp\u00e8re que vous avez profit\u00e9 de l\u2019occasion pour consulter le mat\u00e9riel disponible sur le site du sabbat de la cr\u00e9ation \u00e0 creationsabbath.net et que vous vous r\u00e9jouissez de vivre une journ\u00e9e sp\u00e9ciale en ce sabbat de la cr\u00e9ation.<\/span><\/p>\n<p><span style=\"font-weight: 400;\">Comme vous le savez, mes amis, la cr\u00e9ation est un sujet tellement important que l\u2019on retrouve dans de nombreux textes bibliques. Dans le Psaume 95.1-7, nous lisons ce qui suit :<\/span><\/p>\n<p><span style=\"font-weight: 400;\">\u00ab Venez, crions de joie en l\u2019honneur de l\u2019\u00c9ternel, poussons des cris de joie en l\u2019honneur du rocher de notre salut ! Allons au-devant de lui avec des louanges, faisons retentir des chants en son honneur, car l\u2019\u00c9ternel est un grand Dieu, il est un grand roi au-dessus de tous les dieux. Il tient dans sa main les profondeurs de la terre, et les sommets des montagnes sont \u00e0 lui. La mer est \u00e0 lui : c\u2019est lui qui l\u2019a faite ; la terre aussi : ses mains l\u2019ont form\u00e9e. Venez, prosternons-nous et humilions-nous, plions le genou devant l\u2019\u00c9ternel, notre cr\u00e9ateur, car il est notre Dieu et nous sommes le peuple dont il est le berger, le troupeau que sa main conduit \u00bb.<\/span><\/p>\n<p><span style=\"font-weight: 400;\">Dieu veut que nous nous souvenions qu\u2019il est notre Cr\u00e9ateur et que nous lui appartenons ! Cela est encore plus \u00e9vident au c\u0153ur du message des trois anges, qui se trouve dans Apocalypse 14, o\u00f9 nous lisons aux versets 6 et 7 : \u00ab Je vis ensuite un [autre] ange voler haut dans le ciel. Il avait un \u00c9vangile \u00e9ternel pour l\u2019annoncer aux habitants de la terre, \u00e0 toute nation, \u00e0 toute tribu, \u00e0 toute langue et \u00e0 tout peuple. Il disait d\u2019une voix forte : Craignez Dieu et rendez-lui gloire, car l\u2019heure de son jugement est venue. Adorez celui qui a fait le ciel, la terre, la mer et les sources d\u2019eau \u00bb.<\/span><\/p>\n<p><span style=\"font-weight: 400;\">Remarquez qu\u2019ici, ainsi que dans notre lecture pr\u00e9c\u00e9dente du Psaume 95, la cr\u00e9ation et l\u2019adoration sont \u00e9troitement li\u00e9es : nous devons l\u2019adorer, lui, notre Cr\u00e9ateur. Bien entendu, cela fait \u00e9cho au quatri\u00e8me commandement que nous trouvons dans Exode 20.11 : \u00ab En effet, en 6 jours l\u2019\u00c9ternel a fait le ciel, la terre, la mer et tout ce qui s\u2019y trouve, et il s\u2019est repos\u00e9 le septi\u00e8me jour. Voil\u00e0 pourquoi l\u2019\u00c9ternel a b\u00e9ni le jour du repos et en a fait un jour saint \u00bb.<\/span><span style=\"font-weight: 400;\">\u00a0<\/span><\/p>\n<p><span style=\"font-weight: 400;\">Oui, la cr\u00e9ation et l\u2019adoration sont intimement li\u00e9es et unies dans le sabbat, sceau de la cr\u00e9ation et de la r\u00e9demption de Dieu. Ellen White commente : \u00ab Le septi\u00e8me jour est le jour du repos de l\u2019\u00c9ternel, ton Dieu. L\u2019homme n\u2019a ni le droit ni le pouvoir de substituer le premier jour au septi\u00e8me. Il peut pr\u00e9tendre le faire, mais les solides fondations pos\u00e9es par Dieu subsistent. Les coutumes et les enseignements des hommes ne diminueront pas les exigences de la loi divine. Dieu a sanctifi\u00e9 le septi\u00e8me jour. Cette portion de temps sp\u00e9cifique, \u00e9tablie par Dieu lui-m\u00eame pour le culte religieux, continue d\u2019\u00eatre aussi sacr\u00e9e aujourd\u2019hui que lorsqu\u2019elle a \u00e9t\u00e9 sanctifi\u00e9e pour la premi\u00e8re fois par notre Cr\u00e9ateur \u00bb.<\/span><\/p>\n<p><span style=\"font-weight: 400;\">Alors que nous r\u00e9fl\u00e9chissons \u00e0 ces pens\u00e9es, je vous invite \u00e0 regarder cette magnifique courte vid\u00e9o, intitul\u00e9e \u00ab Trouver le repos \u00bb. Que le Seigneur vous b\u00e9nisse d\u2019une mani\u00e8re particuli\u00e8re en ce sabbat alors que vous trouvez le repos en lui.<\/span><\/p>\n<p>&nbsp;<\/p>\n<p><span style=\"font-weight: 400;\">Souviens-toi de faire du jour du repos un jour saint.<\/span><\/p>\n<p><span style=\"font-weight: 400;\">Exode 20.8-11<\/span><\/p>\n<p><span style=\"font-weight: 400;\">\u00ab Venez \u00e0 moi, vous tous qui \u00eates fatigu\u00e9s et courb\u00e9s sous un fardeau&#8230;<\/span><\/p>\n<p><span style=\"font-weight: 400;\">&#8230;et je vous donnerai du repos \u00bb (Matthieu 11.28)<\/span><\/p>\n<p><span style=\"font-weight: 400;\">\u00ab Acceptez mes exigences et laissez-vous instruire par moi, car je suis doux et humble de c\u0153ur &#8230;.<\/span><\/p>\n<p><span style=\"font-weight: 400;\">&#8230;et vous trouverez le repos pour votre \u00e2me \u00bb (Matthieu 11.29)<\/span><\/p>\n<p><span style=\"font-weight: 400;\">\u00ab Il reste donc un repos de sabbat pour le peuple de Dieu \u00bb (H\u00e9breux 4.9).Lorem ipsum\u2026<\/span><\/p>\n<p>&nbsp;<\/p>\n<p><iframe title=\"Le lien entre la cr\u00e9ation et l\u2019adoration \/ Pasteur Ted Wilson\" src=\"https:\/\/player.vimeo.com\/video\/638162738?dnt=1&amp;app_id=122963\" width=\"500\" height=\"281\" frameborder=\"0\" allow=\"autoplay; fullscreen; picture-in-picture; clipboard-write\"><\/iframe><\/p>\n","protected":false},"excerpt":{"rendered":"<p>21 octobre 2021 | Silver Spring, Maryland, \u00c9tats-Unis | Ted N.C. Wilson Salutations, mes amis ! Vous vous souvenez peut-\u00eatre que nous avons parl\u00e9 du sabbat de la cr\u00e9ation. J\u2019esp\u00e8re&#8230;<\/p>\n","protected":false},"author":3,"featured_media":77438,"comment_status":"closed","ping_status":"closed","sticky":false,"template":"","format":"standard","meta":{"_acf_changed":false,"footnotes":""},"categories":[18,19],"tags":[],"class_list":["post-77437","post","type-post","status-publish","format-standard","has-post-thumbnail","hentry","category-nouvelles-de-leglise-mondiale","category-rss-francais"],"acf":[],"yoast_head":"<!-- This site is optimized with the Yoast SEO plugin v27.3 - https:\/\/yoast.com\/product\/yoast-seo-wordpress\/ -->\n<title>Le lien entre la cr\u00e9ation et l&#039;adoration - \u00c9glise Adventiste Du Septieme Jour - Inter Am\u00e9rique Division<\/title>\n<meta name=\"robots\" content=\"index, follow, max-snippet:-1, max-image-preview:large, max-video-preview:-1\" \/>\n<link rel=\"canonical\" href=\"https:\/\/interamerica.org\/fr\/2021\/10\/le-lien-entre-la-creation-et-ladoration\/\" \/>\n<meta property=\"og:locale\" content=\"fr_FR\" \/>\n<meta property=\"og:type\" content=\"article\" \/>\n<meta property=\"og:title\" content=\"Le lien entre la cr\u00e9ation et l&#039;adoration - \u00c9glise Adventiste Du Septieme Jour - Inter Am\u00e9rique Division\" \/>\n<meta property=\"og:description\" content=\"21 octobre 2021 | Silver Spring, Maryland, \u00c9tats-Unis | Ted N.C. Wilson Salutations, mes amis ! Vous vous souvenez peut-\u00eatre que nous avons parl\u00e9 du sabbat de la cr\u00e9ation. J\u2019esp\u00e8re...\" \/>\n<meta property=\"og:url\" content=\"https:\/\/interamerica.org\/fr\/2021\/10\/le-lien-entre-la-creation-et-ladoration\/\" \/>\n<meta property=\"og:site_name\" content=\"\u00c9glise Adventiste Du Septieme Jour - Inter Am\u00e9rique Division\" \/>\n<meta property=\"article:published_time\" content=\"2021-10-21T23:12:15+00:00\" \/>\n<meta property=\"article:modified_time\" content=\"2021-10-24T13:50:26+00:00\" \/>\n<meta property=\"og:image\" content=\"https:\/\/interamerica.org\/wp-content\/uploads\/2021\/10\/wilson-oct21-french-1.jpg\" \/>\n\t<meta property=\"og:image:width\" content=\"1000\" \/>\n\t<meta property=\"og:image:height\" content=\"563\" \/>\n\t<meta property=\"og:image:type\" content=\"image\/jpeg\" \/>\n<meta name=\"author\" content=\"libna\" \/>\n<meta name=\"twitter:card\" content=\"summary_large_image\" \/>\n<meta name=\"twitter:label1\" content=\"\u00c9crit par\" \/>\n\t<meta name=\"twitter:data1\" content=\"libna\" \/>\n\t<meta name=\"twitter:label2\" content=\"Dur\u00e9e de lecture estim\u00e9e\" \/>\n\t<meta name=\"twitter:data2\" content=\"4 minutes\" \/>\n<script type=\"application\/ld+json\" class=\"yoast-schema-graph\">{\"@context\":\"https:\\\/\\\/schema.org\",\"@graph\":[{\"@type\":\"Article\",\"@id\":\"https:\\\/\\\/interamerica.org\\\/fr\\\/2021\\\/10\\\/le-lien-entre-la-creation-et-ladoration\\\/#article\",\"isPartOf\":{\"@id\":\"https:\\\/\\\/interamerica.org\\\/fr\\\/2021\\\/10\\\/le-lien-entre-la-creation-et-ladoration\\\/\"},\"author\":{\"name\":\"libna\",\"@id\":\"https:\\\/\\\/interamerica.org\\\/fr\\\/#\\\/schema\\\/person\\\/29998f2bc2d8bd0d38662909289b54f1\"},\"headline\":\"Le lien entre la cr\u00e9ation et l&rsquo;adoration\",\"datePublished\":\"2021-10-21T23:12:15+00:00\",\"dateModified\":\"2021-10-24T13:50:26+00:00\",\"mainEntityOfPage\":{\"@id\":\"https:\\\/\\\/interamerica.org\\\/fr\\\/2021\\\/10\\\/le-lien-entre-la-creation-et-ladoration\\\/\"},\"wordCount\":710,\"image\":{\"@id\":\"https:\\\/\\\/interamerica.org\\\/fr\\\/2021\\\/10\\\/le-lien-entre-la-creation-et-ladoration\\\/#primaryimage\"},\"thumbnailUrl\":\"https:\\\/\\\/interamerica.org\\\/wp-content\\\/uploads\\\/2021\\\/10\\\/wilson-oct21-french-1.jpg\",\"articleSection\":[\"Nouvelles de l'\u00c9glise mondiale\",\"RSS Fran\u00e7ais\"],\"inLanguage\":\"fr-FR\"},{\"@type\":\"WebPage\",\"@id\":\"https:\\\/\\\/interamerica.org\\\/fr\\\/2021\\\/10\\\/le-lien-entre-la-creation-et-ladoration\\\/\",\"url\":\"https:\\\/\\\/interamerica.org\\\/fr\\\/2021\\\/10\\\/le-lien-entre-la-creation-et-ladoration\\\/\",\"name\":\"Le lien entre la cr\u00e9ation et l'adoration - \u00c9glise Adventiste Du Septieme Jour - Inter Am\u00e9rique Division\",\"isPartOf\":{\"@id\":\"https:\\\/\\\/interamerica.org\\\/fr\\\/#website\"},\"primaryImageOfPage\":{\"@id\":\"https:\\\/\\\/interamerica.org\\\/fr\\\/2021\\\/10\\\/le-lien-entre-la-creation-et-ladoration\\\/#primaryimage\"},\"image\":{\"@id\":\"https:\\\/\\\/interamerica.org\\\/fr\\\/2021\\\/10\\\/le-lien-entre-la-creation-et-ladoration\\\/#primaryimage\"},\"thumbnailUrl\":\"https:\\\/\\\/interamerica.org\\\/wp-content\\\/uploads\\\/2021\\\/10\\\/wilson-oct21-french-1.jpg\",\"datePublished\":\"2021-10-21T23:12:15+00:00\",\"dateModified\":\"2021-10-24T13:50:26+00:00\",\"author\":{\"@id\":\"https:\\\/\\\/interamerica.org\\\/fr\\\/#\\\/schema\\\/person\\\/29998f2bc2d8bd0d38662909289b54f1\"},\"breadcrumb\":{\"@id\":\"https:\\\/\\\/interamerica.org\\\/fr\\\/2021\\\/10\\\/le-lien-entre-la-creation-et-ladoration\\\/#breadcrumb\"},\"inLanguage\":\"fr-FR\",\"potentialAction\":[{\"@type\":\"ReadAction\",\"target\":[\"https:\\\/\\\/interamerica.org\\\/fr\\\/2021\\\/10\\\/le-lien-entre-la-creation-et-ladoration\\\/\"]}]},{\"@type\":\"ImageObject\",\"inLanguage\":\"fr-FR\",\"@id\":\"https:\\\/\\\/interamerica.org\\\/fr\\\/2021\\\/10\\\/le-lien-entre-la-creation-et-ladoration\\\/#primaryimage\",\"url\":\"https:\\\/\\\/interamerica.org\\\/wp-content\\\/uploads\\\/2021\\\/10\\\/wilson-oct21-french-1.jpg\",\"contentUrl\":\"https:\\\/\\\/interamerica.org\\\/wp-content\\\/uploads\\\/2021\\\/10\\\/wilson-oct21-french-1.jpg\",\"width\":1000,\"height\":563},{\"@type\":\"BreadcrumbList\",\"@id\":\"https:\\\/\\\/interamerica.org\\\/fr\\\/2021\\\/10\\\/le-lien-entre-la-creation-et-ladoration\\\/#breadcrumb\",\"itemListElement\":[{\"@type\":\"ListItem\",\"position\":1,\"name\":\"Home\",\"item\":\"https:\\\/\\\/interamerica.org\\\/fr\\\/\"},{\"@type\":\"ListItem\",\"position\":2,\"name\":\"Le lien entre la cr\u00e9ation et l&rsquo;adoration\"}]},{\"@type\":\"WebSite\",\"@id\":\"https:\\\/\\\/interamerica.org\\\/fr\\\/#website\",\"url\":\"https:\\\/\\\/interamerica.org\\\/fr\\\/\",\"name\":\"\u00c9glise Adventiste Du Septieme Jour - Inter Am\u00e9rique Division\",\"description\":\"\",\"potentialAction\":[{\"@type\":\"SearchAction\",\"target\":{\"@type\":\"EntryPoint\",\"urlTemplate\":\"https:\\\/\\\/interamerica.org\\\/fr\\\/?s={search_term_string}\"},\"query-input\":{\"@type\":\"PropertyValueSpecification\",\"valueRequired\":true,\"valueName\":\"search_term_string\"}}],\"inLanguage\":\"fr-FR\"},{\"@type\":\"Person\",\"@id\":\"https:\\\/\\\/interamerica.org\\\/fr\\\/#\\\/schema\\\/person\\\/29998f2bc2d8bd0d38662909289b54f1\",\"name\":\"libna\",\"image\":{\"@type\":\"ImageObject\",\"inLanguage\":\"fr-FR\",\"@id\":\"https:\\\/\\\/secure.gravatar.com\\\/avatar\\\/7c5bd30ae4b47a9ba3c856590957fd1d96dc588bf3ac05719d247e126840331f?s=96&d=mm&r=g\",\"url\":\"https:\\\/\\\/secure.gravatar.com\\\/avatar\\\/7c5bd30ae4b47a9ba3c856590957fd1d96dc588bf3ac05719d247e126840331f?s=96&d=mm&r=g\",\"contentUrl\":\"https:\\\/\\\/secure.gravatar.com\\\/avatar\\\/7c5bd30ae4b47a9ba3c856590957fd1d96dc588bf3ac05719d247e126840331f?s=96&d=mm&r=g\",\"caption\":\"libna\"}}]}<\/script>\n<!-- \/ Yoast SEO plugin. -->","yoast_head_json":{"title":"Le lien entre la cr\u00e9ation et l'adoration - \u00c9glise Adventiste Du Septieme Jour - Inter Am\u00e9rique Division","robots":{"index":"index","follow":"follow","max-snippet":"max-snippet:-1","max-image-preview":"max-image-preview:large","max-video-preview":"max-video-preview:-1"},"canonical":"https:\/\/interamerica.org\/fr\/2021\/10\/le-lien-entre-la-creation-et-ladoration\/","og_locale":"fr_FR","og_type":"article","og_title":"Le lien entre la cr\u00e9ation et l'adoration - \u00c9glise Adventiste Du Septieme Jour - Inter Am\u00e9rique Division","og_description":"21 octobre 2021 | Silver Spring, Maryland, \u00c9tats-Unis | Ted N.C. Wilson Salutations, mes amis ! Vous vous souvenez peut-\u00eatre que nous avons parl\u00e9 du sabbat de la cr\u00e9ation. J\u2019esp\u00e8re...","og_url":"https:\/\/interamerica.org\/fr\/2021\/10\/le-lien-entre-la-creation-et-ladoration\/","og_site_name":"\u00c9glise Adventiste Du Septieme Jour - Inter Am\u00e9rique Division","article_published_time":"2021-10-21T23:12:15+00:00","article_modified_time":"2021-10-24T13:50:26+00:00","og_image":[{"width":1000,"height":563,"url":"https:\/\/interamerica.org\/wp-content\/uploads\/2021\/10\/wilson-oct21-french-1.jpg","type":"image\/jpeg"}],"author":"libna","twitter_card":"summary_large_image","twitter_misc":{"\u00c9crit par":"libna","Dur\u00e9e de lecture estim\u00e9e":"4 minutes"},"schema":{"@context":"https:\/\/schema.org","@graph":[{"@type":"Article","@id":"https:\/\/interamerica.org\/fr\/2021\/10\/le-lien-entre-la-creation-et-ladoration\/#article","isPartOf":{"@id":"https:\/\/interamerica.org\/fr\/2021\/10\/le-lien-entre-la-creation-et-ladoration\/"},"author":{"name":"libna","@id":"https:\/\/interamerica.org\/fr\/#\/schema\/person\/29998f2bc2d8bd0d38662909289b54f1"},"headline":"Le lien entre la cr\u00e9ation et l&rsquo;adoration","datePublished":"2021-10-21T23:12:15+00:00","dateModified":"2021-10-24T13:50:26+00:00","mainEntityOfPage":{"@id":"https:\/\/interamerica.org\/fr\/2021\/10\/le-lien-entre-la-creation-et-ladoration\/"},"wordCount":710,"image":{"@id":"https:\/\/interamerica.org\/fr\/2021\/10\/le-lien-entre-la-creation-et-ladoration\/#primaryimage"},"thumbnailUrl":"https:\/\/interamerica.org\/wp-content\/uploads\/2021\/10\/wilson-oct21-french-1.jpg","articleSection":["Nouvelles de l'\u00c9glise mondiale","RSS Fran\u00e7ais"],"inLanguage":"fr-FR"},{"@type":"WebPage","@id":"https:\/\/interamerica.org\/fr\/2021\/10\/le-lien-entre-la-creation-et-ladoration\/","url":"https:\/\/interamerica.org\/fr\/2021\/10\/le-lien-entre-la-creation-et-ladoration\/","name":"Le lien entre la cr\u00e9ation et l'adoration - \u00c9glise Adventiste Du Septieme Jour - Inter Am\u00e9rique Division","isPartOf":{"@id":"https:\/\/interamerica.org\/fr\/#website"},"primaryImageOfPage":{"@id":"https:\/\/interamerica.org\/fr\/2021\/10\/le-lien-entre-la-creation-et-ladoration\/#primaryimage"},"image":{"@id":"https:\/\/interamerica.org\/fr\/2021\/10\/le-lien-entre-la-creation-et-ladoration\/#primaryimage"},"thumbnailUrl":"https:\/\/interamerica.org\/wp-content\/uploads\/2021\/10\/wilson-oct21-french-1.jpg","datePublished":"2021-10-21T23:12:15+00:00","dateModified":"2021-10-24T13:50:26+00:00","author":{"@id":"https:\/\/interamerica.org\/fr\/#\/schema\/person\/29998f2bc2d8bd0d38662909289b54f1"},"breadcrumb":{"@id":"https:\/\/interamerica.org\/fr\/2021\/10\/le-lien-entre-la-creation-et-ladoration\/#breadcrumb"},"inLanguage":"fr-FR","potentialAction":[{"@type":"ReadAction","target":["https:\/\/interamerica.org\/fr\/2021\/10\/le-lien-entre-la-creation-et-ladoration\/"]}]},{"@type":"ImageObject","inLanguage":"fr-FR","@id":"https:\/\/interamerica.org\/fr\/2021\/10\/le-lien-entre-la-creation-et-ladoration\/#primaryimage","url":"https:\/\/interamerica.org\/wp-content\/uploads\/2021\/10\/wilson-oct21-french-1.jpg","contentUrl":"https:\/\/interamerica.org\/wp-content\/uploads\/2021\/10\/wilson-oct21-french-1.jpg","width":1000,"height":563},{"@type":"BreadcrumbList","@id":"https:\/\/interamerica.org\/fr\/2021\/10\/le-lien-entre-la-creation-et-ladoration\/#breadcrumb","itemListElement":[{"@type":"ListItem","position":1,"name":"Home","item":"https:\/\/interamerica.org\/fr\/"},{"@type":"ListItem","position":2,"name":"Le lien entre la cr\u00e9ation et l&rsquo;adoration"}]},{"@type":"WebSite","@id":"https:\/\/interamerica.org\/fr\/#website","url":"https:\/\/interamerica.org\/fr\/","name":"\u00c9glise Adventiste Du Septieme Jour - Inter Am\u00e9rique Division","description":"","potentialAction":[{"@type":"SearchAction","target":{"@type":"EntryPoint","urlTemplate":"https:\/\/interamerica.org\/fr\/?s={search_term_string}"},"query-input":{"@type":"PropertyValueSpecification","valueRequired":true,"valueName":"search_term_string"}}],"inLanguage":"fr-FR"},{"@type":"Person","@id":"https:\/\/interamerica.org\/fr\/#\/schema\/person\/29998f2bc2d8bd0d38662909289b54f1","name":"libna","image":{"@type":"ImageObject","inLanguage":"fr-FR","@id":"https:\/\/secure.gravatar.com\/avatar\/7c5bd30ae4b47a9ba3c856590957fd1d96dc588bf3ac05719d247e126840331f?s=96&d=mm&r=g","url":"https:\/\/secure.gravatar.com\/avatar\/7c5bd30ae4b47a9ba3c856590957fd1d96dc588bf3ac05719d247e126840331f?s=96&d=mm&r=g","contentUrl":"https:\/\/secure.gravatar.com\/avatar\/7c5bd30ae4b47a9ba3c856590957fd1d96dc588bf3ac05719d247e126840331f?s=96&d=mm&r=g","caption":"libna"}}]}},"_links":{"self":[{"href":"https:\/\/interamerica.org\/fr\/wp-json\/wp\/v2\/posts\/77437","targetHints":{"allow":["GET"]}}],"collection":[{"href":"https:\/\/interamerica.org\/fr\/wp-json\/wp\/v2\/posts"}],"about":[{"href":"https:\/\/interamerica.org\/fr\/wp-json\/wp\/v2\/types\/post"}],"author":[{"embeddable":true,"href":"https:\/\/interamerica.org\/fr\/wp-json\/wp\/v2\/users\/3"}],"replies":[{"embeddable":true,"href":"https:\/\/interamerica.org\/fr\/wp-json\/wp\/v2\/comments?post=77437"}],"version-history":[{"count":0,"href":"https:\/\/interamerica.org\/fr\/wp-json\/wp\/v2\/posts\/77437\/revisions"}],"wp:featuredmedia":[{"embeddable":true,"href":"https:\/\/interamerica.org\/fr\/wp-json\/wp\/v2\/media\/77438"}],"wp:attachment":[{"href":"https:\/\/interamerica.org\/fr\/wp-json\/wp\/v2\/media?parent=77437"}],"wp:term":[{"taxonomy":"category","embeddable":true,"href":"https:\/\/interamerica.org\/fr\/wp-json\/wp\/v2\/categories?post=77437"},{"taxonomy":"post_tag","embeddable":true,"href":"https:\/\/interamerica.org\/fr\/wp-json\/wp\/v2\/tags?post=77437"}],"curies":[{"name":"wp","href":"https:\/\/api.w.org\/{rel}","templated":true}]}}