{"id":77944,"date":"2021-10-26T20:08:00","date_gmt":"2021-10-27T00:08:00","guid":{"rendered":"https:\/\/recursing-golick.147-182-135-0.plesk.page\/?p=77944"},"modified":"2021-10-27T17:01:55","modified_gmt":"2021-10-27T21:01:55","slug":"pourquoi-les-adventistes-devraient-plaider-pour-la-justice-environnementale","status":"publish","type":"post","link":"https:\/\/interamerica.org\/fr\/2021\/10\/pourquoi-les-adventistes-devraient-plaider-pour-la-justice-environnementale\/","title":{"rendered":"Pourquoi les adventistes devraient plaider pour la justice environnementale"},"content":{"rendered":"<h4 class=\"subhead\">Un Professeur et organisateur exp\u00e9riment\u00e9 plaide en faveur d\u2019une plus grande implication.<\/h4>\n<p><span class=\"byline-news\">26 Octobre 2021 | Berrien Springs, Michigan, \u00c9tats-Unis | Par : Marcos Paseggi, <em>Adventist Review<\/em>\u00a0<\/span><\/p>\n<p><span class=\"cap\">P<\/span>Pourquoi les adventistes du septi\u00e8me jour devraient-ils plaider en faveur de la justice environnementale pour les autres ?<\/p>\n<p>D\u2019apr\u00e8s Joel Raveloharimisy, professeur de d\u00e9veloppement communautaire et international \u00e0 l\u2019Universit\u00e9 d\u2019Andrews (AU) \u00e0 Berrien Springs, dans le Michigan, aux \u00c9tats Unis, une partie essentielle de l\u2019identit\u00e9 adventiste est de travailler \u00e0 am\u00e9liorer la vie des gens non seulement dans le monde \u00e0 venir mais aussi sur cette terre.<\/p>\n<p>Militant et activiste exp\u00e9riment\u00e9, Joel Raveloharimisy a collect\u00e9 des fonds pour construire plus de 300 salles de classe et b\u00e2timents scolaires ainsi que de nombreuses \u00e9glises dans son Madagascar natal. Il a \u00e9galement aid\u00e9 \u00e0 \u00e9tablir la premi\u00e8re clinique ophtalmologique et centre \u00e9ducatif du pays. En 2003, il a lanc\u00e9 Actions pour Madagascar, un groupe d\u2019\u00e9tudiants et de jeunes professionnels d\u00e9vou\u00e9s ayant pour objectif de cr\u00e9er des changements positifs et durables \u00e0 Madagascar gr\u00e2ce \u00e0 la mise en responsabilit\u00e9 des jeunes et des femmes, au militantisme et au d\u00e9veloppement communautaire.<\/p>\n<p>Le 15 octobre, lors du Congr\u00e8s sur la Justice Sociale qui s\u2019est tenu \u00e0 AU, Joel Raveloharimisy a discut\u00e9 des d\u00e9fis environnementaux actuels et de ce que les membres adventistes peuvent faire, comme l\u2019a \u00e9crit le proph\u00e8te Mich\u00e9e dans la Bible, \u00ab pratiquer la justice,\u2026 aimer la mis\u00e9ricorde, et marcher humblement avec ton Dieu. \u00bb<\/p>\n<p><div id=\"attachment_77617\" style=\"width: 812px\" class=\"wp-caption aligncenter\"><img fetchpriority=\"high\" decoding=\"async\" aria-describedby=\"caption-attachment-77617\" class=\" wp-image-77617\" src=\"https:\/\/recursing-golick.147-182-135-0.plesk.page\/wp-content\/uploads\/2021\/10\/social-justice-environment1.jpg\" alt=\"\" width=\"802\" height=\"534\" srcset=\"https:\/\/interamerica.org\/wp-content\/uploads\/2021\/10\/social-justice-environment1.jpg 1000w, https:\/\/interamerica.org\/wp-content\/uploads\/2021\/10\/social-justice-environment1-300x200.jpg 300w, https:\/\/interamerica.org\/wp-content\/uploads\/2021\/10\/social-justice-environment1-768x511.jpg 768w\" sizes=\"(max-width: 802px) 100vw, 802px\" \/><p id=\"caption-attachment-77617\" class=\"wp-caption-text\">Joel Raveloharimisy, professeur de d\u00e9veloppement communautaire et international \u00e0 l\u2019Universit\u00e9 d\u2019Andrews, a discut\u00e9 de la relation entre l\u2019environnement et la justice sociale et de ce que devrait \u00eatre la contribution adventiste, lors du Congr\u00e8s sur la Justice Sociale, le 15 octobre 2021. [Photo : Marcos Paseggi, Adventist Review]<\/p><\/div><strong>La r\u00e9alit\u00e9 de l\u2019injustice environnementale <\/strong><\/p>\n<p>Joel Raveloharimisy a commenc\u00e9 par expliquer que les guerres de ressources bas\u00e9es sur des mod\u00e8les \u00e9conomiques extractifs g\u00e9n\u00e8rent et perp\u00e9tuent des violations des droits de l\u2019homme. Dans le pass\u00e9, le colonialisme a commenc\u00e9 le processus de d\u00e9gradation de l\u2019environnement et a introduit l\u2019esclavage industriel. \u00ab De nombreuses entreprises produisent des biens \u00e0 bon march\u00e9 au d\u00e9triment de personnes vuln\u00e9rables dans d\u2019autres pays, \u00bb a-t-il observ\u00e9.<\/p>\n<p>L\u2019exploitation actuelle des ressources suit un mod\u00e8le n\u00e9o-colonialiste, favorisant souvent la saisie des terres communales et indig\u00e8nes et m\u00eame la d\u00e9tention et le meurtre de l\u2019opposition. L\u2019accaparement mondial des terres et de l\u2019eau est un autre probl\u00e8me, a-t-il d\u00e9clar\u00e9, visible par exemple dans la concurrence actuelle dans l\u2019Arctique pour les combustibles fossiles, et dans la lutte pour l\u2019acc\u00e8s aux ports et aux voies navigables. \u00ab Il existe des syst\u00e8mes \u00e9conomiques qui capitalisent sur la pauvret\u00e9, \u00bb a d\u00e9clar\u00e9 Joel Raveloharimisy. \u00ab Les gens se retrouvent sans assurance ni syst\u00e8me de soutien. Nous pourrions penser qu\u2019il s\u2019agit d\u2019un probl\u00e8me du tiers-monde, mais c\u2019est aussi un probl\u00e8me du monde d\u00e9velopp\u00e9. \u00bb<\/p>\n<p>La d\u00e9possession pr\u00e9sente \u00e9galement de s\u00e9rieuses difficult\u00e9s, selon Joel Raveloharimisy. Dans de nombreux cas, il n\u2019y a aucune trace d\u2019acte de propri\u00e9t\u00e9 de la terre. \u00ab Cela rend plus facile pour un gouvernement de la vendre et plus difficile pour les gens de protester ou de pr\u00e9senter une r\u00e9clamation, \u00bb a-t-il expliqu\u00e9. Ensuite, les habitants des zones rurales se d\u00e9placent vers les villes, ce qui produit des conflits entre les groupes ethniques en raison de la concurrence croissante.<\/p>\n<p>La d\u00e9forestation et la mauvaise gestion des terres ont \u00e9galement accru les difficult\u00e9s. Souvent, les petits propri\u00e9taires terriens subissent des pressions pour couper des arbres pour augmenter leurs terres agricoles, mais ils finissent par d\u00e9grader leur sol. Joel Raveloharimisy a racont\u00e9 l\u2019histoire d\u2019un homme au Nigeria qui a stock\u00e9 des ordures m\u00e9nag\u00e8res sur ses terres en \u00e9change d\u2019argent. Beaucoup d\u2019autres ont fait de m\u00eame, et la terre est maintenant g\u00e2ch\u00e9e ; ils ne peuvent rien planter, a-t-il indiqu\u00e9.<\/p>\n<p><div id=\"attachment_77620\" style=\"width: 811px\" class=\"wp-caption aligncenter\"><img decoding=\"async\" aria-describedby=\"caption-attachment-77620\" class=\" wp-image-77620\" src=\"https:\/\/recursing-golick.147-182-135-0.plesk.page\/wp-content\/uploads\/2021\/10\/social-justice-environment2.jpg\" alt=\"\" width=\"801\" height=\"533\" srcset=\"https:\/\/interamerica.org\/wp-content\/uploads\/2021\/10\/social-justice-environment2.jpg 1000w, https:\/\/interamerica.org\/wp-content\/uploads\/2021\/10\/social-justice-environment2-300x200.jpg 300w, https:\/\/interamerica.org\/wp-content\/uploads\/2021\/10\/social-justice-environment2-768x511.jpg 768w\" sizes=\"(max-width: 801px) 100vw, 801px\" \/><p id=\"caption-attachment-77620\" class=\"wp-caption-text\">Edward Woods III en connexion avec Marcella Myers (\u00e0 l\u2019\u00e9cran), professeur de sciences politiques \u00e0 l\u2019Universit\u00e9 d\u2019Andrews (\u00e0 gauche), qui m\u00e8ne actuellement des recherches en Ouganda, lors d\u2019une discussion en panel durant le Congr\u00e8s sur la Justice Sociale le 15 octobre. Joel Raveloharimisy (deuxi\u00e8me \u00e0 partir de la droite) et la professeure d\u2019anthropologie \u00e0 l\u2019Universit\u00e9 d\u2019Andrews, Stacie Hatfield (\u00e0 l\u2019extr\u00eame droite), qui ont \u00e9galement particip\u00e9, observent. [Photo : Marcos Paseggi, Adventist Review]<\/p><\/div>D\u2019autres difficult\u00e9s r\u00e9sultent des changements actuels dans les sch\u00e9mas m\u00e9t\u00e9orologiques. Joel Raveloharimisy a fait r\u00e9f\u00e9rence au sort des Sami en Finlande. \u00ab Comme le perg\u00e9lisol fond, il leur est plus difficile de trouver des terres pour leurs troupeaux, \u00bb a-t-il expliqu\u00e9. \u00ab C\u2019est quelque chose qui d\u00e9truit un mode de vie pour ces personnes, non seulement leurs coutumes mais leur \u00e9conomie. \u00bb<\/p>\n<p><strong>Pourquoi les adventistes devraient s\u2019impliquer <\/strong><\/p>\n<p>Globalement, les sch\u00e9mas actuels indiquent un mod\u00e8le non biblique de destruction de l\u2019environnement, a indiqu\u00e9 Joel Raveloharimisy. Mais se plaindre de la situation ne r\u00e9soudra pas les probl\u00e8mes les plus urgents, a-t-il dit. \u00ab Nous avons un mandat donn\u00e9 par Dieu d\u2019\u00eatre proactifs, \u00bb a soulign\u00e9 Joel Raveloharimisy. Il a cit\u00e9 la cofondatrice de l\u2019\u00c9glise adventiste, Ellen G. White, qui a appel\u00e9 les chr\u00e9tiens croyant en la Bible \u00e0 s\u2019int\u00e9resser au bien-\u00eatre temporel des gens, ajoutant : \u00ab Notre prochain, c\u2019est l\u2019ensemble de la famille humaine. \u00bb<sup>*<\/sup><\/p>\n<p>Joel Raveloharimisy a \u00e9galement appel\u00e9 tous les chr\u00e9tiens adventistes \u00e0 se rappeler que la premi\u00e8re responsabilit\u00e9 qui a \u00e9t\u00e9 confi\u00e9e \u00e0 Adam \u00e9tait d\u2019\u00eatre un intendant de la terre. C\u2019\u00e9tait le mod\u00e8le original de justice \u00e9cologique. Les \u00e9checs d\u2019origine humaine dans la gestion des choses d\u00e9clenchent des d\u00e9s\u00e9quilibres et des conflits. \u00ab Les personnes qui souffrent le plus des ravages de la destruction de l\u2019environnement sont les plus vuln\u00e9rables, les minorit\u00e9s, \u00bb a-t-il d\u00e9clar\u00e9.<\/p>\n<p>Marcella Myers, professeure de science politique \u00e0 AU, partage cet avis. \u00ab La justice environnementale a beaucoup \u00e0 voir avec les droits de l\u2019homme, \u00bb a-t-elle d\u00e9clar\u00e9 via une vid\u00e9oconf\u00e9rence depuis l\u2019Ouganda, o\u00f9 elle fait actuellement des recherches. \u00ab Et les droits de l\u2019homme ne sont pas respect\u00e9s si votre terre n\u2019est plus capable de g\u00e9n\u00e9rer un moyen de subsistance. \u00bb<\/p>\n<p><div id=\"attachment_77624\" style=\"width: 815px\" class=\"wp-caption aligncenter\"><img decoding=\"async\" aria-describedby=\"caption-attachment-77624\" class=\" wp-image-77624\" src=\"https:\/\/recursing-golick.147-182-135-0.plesk.page\/wp-content\/uploads\/2021\/10\/social-justice-environment3.jpg\" alt=\"\" width=\"805\" height=\"536\" srcset=\"https:\/\/interamerica.org\/wp-content\/uploads\/2021\/10\/social-justice-environment3.jpg 1000w, https:\/\/interamerica.org\/wp-content\/uploads\/2021\/10\/social-justice-environment3-300x200.jpg 300w, https:\/\/interamerica.org\/wp-content\/uploads\/2021\/10\/social-justice-environment3-768x511.jpg 768w\" sizes=\"(max-width: 805px) 100vw, 805px\" \/><p id=\"caption-attachment-77624\" class=\"wp-caption-text\">Edward Woods III (\u00e0 gauche), directeur des Affaires Publiques et de la Libert\u00e9 Religieuse (PARL) pour la F\u00e9d\u00e9ration Adventiste du septi\u00e8me jour de la R\u00e9gion du Lac, anime une discussion en panel lors du Congr\u00e8s sur la Justice Sociale, apr\u00e8s la pr\u00e9sentation \u00ab Environnement et Justice Sociale \u00bb \u00e0 l\u2019Universit\u00e9 d\u2019Andrews le 15 octobre. [Photo : Marcos Paseggi, Adventist Review]<\/p><\/div>Malgr\u00e9 les difficult\u00e9s, a soulign\u00e9 Marcella Myers, il existe des moyens d\u2019aider les communaut\u00e9s afin qu\u2019elles puissent survivre sans d\u00e9grader leur sol. \u00ab Mais nous devons r\u00e9fl\u00e9chir \u00e0 leurs besoins et \u00e0 la mani\u00e8re de leur donner les moyens, \u00bb a-t-elle d\u00e9clar\u00e9.<\/p>\n<p>Joel Raveloharimisy partage ce point de vue. \u00ab Nous avons une responsabilit\u00e9 en mati\u00e8re de durabilit\u00e9, \u00bb a-t-il d\u00e9clar\u00e9.<\/p>\n<p><strong>Opportunit\u00e9s d&rsquo;Action<\/strong><\/p>\n<p>Parmi les opportunit\u00e9s d\u2019action, Joel Raveloharimisy a mentionn\u00e9 l\u2019organisation de la communaut\u00e9 pour l\u2019action sociale et la promotion de la participation citoyenne et des valeurs communautaires. L\u2019\u00c9glise adventiste met d\u00e9j\u00e0 en \u0153uvre plusieurs de ces initiatives \u00e0 travers ses d\u00e9partements et minist\u00e8res, a-t-il fait remarquer. \u00ab Le renforcement des capacit\u00e9s communautaires n\u2019est pas s\u00e9par\u00e9 des croyances adventistes ; nous appartenons \u00e0 une seule communaut\u00e9, \u00bb a-t-il d\u00e9clar\u00e9.<\/p>\n<p>Il a \u00e9galement sugg\u00e9r\u00e9 de demander l\u2019assistance technique de l\u2019Agence Adventiste de D\u00e9veloppement et de Secours (ADRA) et des Services Communautaires Adventistes (ACS). De plus, les membres d\u2019\u00e9glise peuvent soutenir les approches de responsabilisation par le biais de l\u2019\u00e9ducation adventiste et encourager les activit\u00e9s militantes visant \u00e0 changer ou am\u00e9liorer la l\u00e9gislation actuelle.<\/p>\n<p>Joel Raveloharimisy a \u00e9t\u00e9 impliqu\u00e9 dans des initiatives militantes \u00e0 Madagascar, m\u00eame lorsqu\u2019on lui a dit de faire attention \u00e0 \u00ab ne pas entacher l\u2019\u00e9glise. \u00bb Mais pour lui, la justice environnementale est un \u00e9l\u00e9ment essentiel de l\u2019identit\u00e9 adventiste. Partageant un cas sp\u00e9cifique de militantisme dans lequel une entreprise \u00e9trang\u00e8re extrayait du graphite sans consulter le groupe ethnique vivant sur la terre, il a d\u00e9clar\u00e9 : \u00ab Bien s\u00fbr, nous avons pri\u00e9, mais nous avons aussi des outils. Nous avons utilis\u00e9 les m\u00e9dias pour galvaniser le public. Finalement, la grande entreprise s\u2019est assise avec moi, et nous sommes all\u00e9s \u00e0 Madagascar et nous avons parl\u00e9 aux gens. Maintenant, ils ont conclu un accord qui prot\u00e9gera la terre. \u00bb<\/p>\n<p>Marcella Myers abonde dans ce sens. \u00ab J\u2019ai vu de nombreux adventistes du septi\u00e8me jour travaillant avec diff\u00e9rentes organisations, qui sont profond\u00e9ment engag\u00e9es dans cette foi et dans la lutte pour la justice environnementale, \u00bb a-t-elle expliqu\u00e9.<\/p>\n<p>Ce n\u2019est pas une t\u00e2che facile, mais elle peut \u00eatre r\u00e9alis\u00e9e, a soulign\u00e9 Joel Raveloharimisy. \u00ab Nous devons \u00eatre sages ; le Saint-Esprit nous donnera la sagesse. Ce n\u2019est qu\u2019au ciel que nous jouirons d\u2019un environnement parfait. Mais nous pouvons aussi avoir une vie meilleure ici, \u00bb a-t-il d\u00e9clar\u00e9.<\/p>\n<p><strong>Sur les traces de J\u00e9sus<\/strong><\/p>\n<p>Le pr\u00e9sentateur et les membres du panel ont convenu qu\u2019en ce qui concerne la justice environnementale, rester silencieux n\u2019est pas une option viable. Les probl\u00e8mes environnementaux, ont-ils not\u00e9, affectent \u00e9galement les membres d\u2019\u00e9glise. \u00ab Des centaines et des milliers de personnes, y compris des membres d\u2019\u00e9glise adventistes, sont victimes de ces injustices. Devrait-on rester silencieux ? \u00bb ont-ils demand\u00e9.<\/p>\n<p>Comme dans l\u2019histoire biblique d\u2019Esther, Joel Raveloharimisy a fait observer que si nous ne faisons pas notre travail, l\u2019aide peut venir d\u2019un autre endroit. \u00ab Mais c\u2019est pour nous un devoir et un privil\u00e8ge de nous impliquer, \u00bb a-t-il d\u00e9clar\u00e9.<\/p>\n<p>Stacie Hatfield, professeure d\u2019anthropologie \u00e0 AU, a d\u00e9clar\u00e9 que pour elle, la justice environnementale s\u2019inscrit dans l\u2019histoire globale du conflit cosmique entre Dieu et Satan. \u00ab Dans ce monde, nous voyons Satan travailler \u00e0 chaque instant pour exploiter les gens, pour d\u00e9truire notre monde, \u00bb a-t-elle dit. \u00ab Mais J\u00e9sus est venu pour \u00eatre avec nous. Et Il a v\u00e9cu comme Il a v\u00e9cu, et Il est mort comme Il est mort pour nous sauver de l\u2019exploitation. Il est donc de notre devoir de participer \u00e0 cette restauration des personnes et des communaut\u00e9s. \u00bb<br \/>\n__________________________________________<\/p>\n<p>* Ellen G. White,\u00a0<em>Welfare Ministry<\/em>\u00a0(Washington, DC. Review and Herald, 1952), 45.<\/p>\n<p>Traduction: Patrick Luciathe<\/p>\n","protected":false},"excerpt":{"rendered":"<p>Un Professeur et organisateur exp\u00e9riment\u00e9 plaide en faveur d\u2019une plus grande implication. 26 Octobre 2021 | Berrien Springs, Michigan, \u00c9tats-Unis | Par : Marcos Paseggi, Adventist Review\u00a0 PPourquoi les adventistes&#8230;<\/p>\n","protected":false},"author":3,"featured_media":77628,"comment_status":"closed","ping_status":"closed","sticky":false,"template":"","format":"standard","meta":{"_acf_changed":false,"footnotes":""},"categories":[18,19],"tags":[],"class_list":["post-77944","post","type-post","status-publish","format-standard","has-post-thumbnail","hentry","category-nouvelles-de-leglise-mondiale","category-rss-francais"],"acf":[],"yoast_head":"<!-- This site is optimized with the Yoast SEO plugin v27.3 - https:\/\/yoast.com\/product\/yoast-seo-wordpress\/ -->\n<title>Pourquoi les adventistes devraient plaider pour la justice environnementale - \u00c9glise Adventiste Du Septieme Jour - Inter Am\u00e9rique Division<\/title>\n<meta name=\"robots\" content=\"index, follow, max-snippet:-1, max-image-preview:large, max-video-preview:-1\" \/>\n<link rel=\"canonical\" href=\"https:\/\/interamerica.org\/fr\/2021\/10\/pourquoi-les-adventistes-devraient-plaider-pour-la-justice-environnementale\/\" \/>\n<meta property=\"og:locale\" content=\"fr_FR\" \/>\n<meta property=\"og:type\" content=\"article\" \/>\n<meta property=\"og:title\" content=\"Pourquoi les adventistes devraient plaider pour la justice environnementale - \u00c9glise Adventiste Du Septieme Jour - Inter Am\u00e9rique Division\" \/>\n<meta property=\"og:description\" content=\"Un Professeur et organisateur exp\u00e9riment\u00e9 plaide en faveur d\u2019une plus grande implication. 26 Octobre 2021 | Berrien Springs, Michigan, \u00c9tats-Unis | Par : Marcos Paseggi, Adventist Review\u00a0 PPourquoi les adventistes...\" \/>\n<meta property=\"og:url\" content=\"https:\/\/interamerica.org\/fr\/2021\/10\/pourquoi-les-adventistes-devraient-plaider-pour-la-justice-environnementale\/\" \/>\n<meta property=\"og:site_name\" content=\"\u00c9glise Adventiste Du Septieme Jour - Inter Am\u00e9rique Division\" \/>\n<meta property=\"article:published_time\" content=\"2021-10-27T00:08:00+00:00\" \/>\n<meta property=\"article:modified_time\" content=\"2021-10-27T21:01:55+00:00\" \/>\n<meta property=\"og:image\" content=\"https:\/\/interamerica.org\/wp-content\/uploads\/2021\/10\/trees-arnaud-mesureur-7eqq1s3wiai-unsplash.jpg\" \/>\n\t<meta property=\"og:image:width\" content=\"1280\" \/>\n\t<meta property=\"og:image:height\" content=\"800\" \/>\n\t<meta property=\"og:image:type\" content=\"image\/jpeg\" \/>\n<meta name=\"author\" content=\"libna\" \/>\n<meta name=\"twitter:card\" content=\"summary_large_image\" \/>\n<meta name=\"twitter:label1\" content=\"\u00c9crit par\" \/>\n\t<meta name=\"twitter:data1\" content=\"libna\" \/>\n\t<meta name=\"twitter:label2\" content=\"Dur\u00e9e de lecture estim\u00e9e\" \/>\n\t<meta name=\"twitter:data2\" content=\"9 minutes\" \/>\n<script type=\"application\/ld+json\" class=\"yoast-schema-graph\">{\"@context\":\"https:\\\/\\\/schema.org\",\"@graph\":[{\"@type\":\"Article\",\"@id\":\"https:\\\/\\\/interamerica.org\\\/fr\\\/2021\\\/10\\\/pourquoi-les-adventistes-devraient-plaider-pour-la-justice-environnementale\\\/#article\",\"isPartOf\":{\"@id\":\"https:\\\/\\\/interamerica.org\\\/fr\\\/2021\\\/10\\\/pourquoi-les-adventistes-devraient-plaider-pour-la-justice-environnementale\\\/\"},\"author\":{\"name\":\"libna\",\"@id\":\"https:\\\/\\\/interamerica.org\\\/fr\\\/#\\\/schema\\\/person\\\/29998f2bc2d8bd0d38662909289b54f1\"},\"headline\":\"Pourquoi les adventistes devraient plaider pour la justice environnementale\",\"datePublished\":\"2021-10-27T00:08:00+00:00\",\"dateModified\":\"2021-10-27T21:01:55+00:00\",\"mainEntityOfPage\":{\"@id\":\"https:\\\/\\\/interamerica.org\\\/fr\\\/2021\\\/10\\\/pourquoi-les-adventistes-devraient-plaider-pour-la-justice-environnementale\\\/\"},\"wordCount\":1813,\"image\":{\"@id\":\"https:\\\/\\\/interamerica.org\\\/fr\\\/2021\\\/10\\\/pourquoi-les-adventistes-devraient-plaider-pour-la-justice-environnementale\\\/#primaryimage\"},\"thumbnailUrl\":\"https:\\\/\\\/interamerica.org\\\/wp-content\\\/uploads\\\/2021\\\/10\\\/trees-arnaud-mesureur-7eqq1s3wiai-unsplash.jpg\",\"articleSection\":[\"Nouvelles de l'\u00c9glise mondiale\",\"RSS Fran\u00e7ais\"],\"inLanguage\":\"fr-FR\"},{\"@type\":\"WebPage\",\"@id\":\"https:\\\/\\\/interamerica.org\\\/fr\\\/2021\\\/10\\\/pourquoi-les-adventistes-devraient-plaider-pour-la-justice-environnementale\\\/\",\"url\":\"https:\\\/\\\/interamerica.org\\\/fr\\\/2021\\\/10\\\/pourquoi-les-adventistes-devraient-plaider-pour-la-justice-environnementale\\\/\",\"name\":\"Pourquoi les adventistes devraient plaider pour la justice environnementale - \u00c9glise Adventiste Du Septieme Jour - Inter Am\u00e9rique Division\",\"isPartOf\":{\"@id\":\"https:\\\/\\\/interamerica.org\\\/fr\\\/#website\"},\"primaryImageOfPage\":{\"@id\":\"https:\\\/\\\/interamerica.org\\\/fr\\\/2021\\\/10\\\/pourquoi-les-adventistes-devraient-plaider-pour-la-justice-environnementale\\\/#primaryimage\"},\"image\":{\"@id\":\"https:\\\/\\\/interamerica.org\\\/fr\\\/2021\\\/10\\\/pourquoi-les-adventistes-devraient-plaider-pour-la-justice-environnementale\\\/#primaryimage\"},\"thumbnailUrl\":\"https:\\\/\\\/interamerica.org\\\/wp-content\\\/uploads\\\/2021\\\/10\\\/trees-arnaud-mesureur-7eqq1s3wiai-unsplash.jpg\",\"datePublished\":\"2021-10-27T00:08:00+00:00\",\"dateModified\":\"2021-10-27T21:01:55+00:00\",\"author\":{\"@id\":\"https:\\\/\\\/interamerica.org\\\/fr\\\/#\\\/schema\\\/person\\\/29998f2bc2d8bd0d38662909289b54f1\"},\"breadcrumb\":{\"@id\":\"https:\\\/\\\/interamerica.org\\\/fr\\\/2021\\\/10\\\/pourquoi-les-adventistes-devraient-plaider-pour-la-justice-environnementale\\\/#breadcrumb\"},\"inLanguage\":\"fr-FR\",\"potentialAction\":[{\"@type\":\"ReadAction\",\"target\":[\"https:\\\/\\\/interamerica.org\\\/fr\\\/2021\\\/10\\\/pourquoi-les-adventistes-devraient-plaider-pour-la-justice-environnementale\\\/\"]}]},{\"@type\":\"ImageObject\",\"inLanguage\":\"fr-FR\",\"@id\":\"https:\\\/\\\/interamerica.org\\\/fr\\\/2021\\\/10\\\/pourquoi-les-adventistes-devraient-plaider-pour-la-justice-environnementale\\\/#primaryimage\",\"url\":\"https:\\\/\\\/interamerica.org\\\/wp-content\\\/uploads\\\/2021\\\/10\\\/trees-arnaud-mesureur-7eqq1s3wiai-unsplash.jpg\",\"contentUrl\":\"https:\\\/\\\/interamerica.org\\\/wp-content\\\/uploads\\\/2021\\\/10\\\/trees-arnaud-mesureur-7eqq1s3wiai-unsplash.jpg\",\"width\":1280,\"height\":800,\"caption\":\"[Photo: Arnaud Mesureur \\\/ Unsplash]\"},{\"@type\":\"BreadcrumbList\",\"@id\":\"https:\\\/\\\/interamerica.org\\\/fr\\\/2021\\\/10\\\/pourquoi-les-adventistes-devraient-plaider-pour-la-justice-environnementale\\\/#breadcrumb\",\"itemListElement\":[{\"@type\":\"ListItem\",\"position\":1,\"name\":\"Home\",\"item\":\"https:\\\/\\\/interamerica.org\\\/fr\\\/\"},{\"@type\":\"ListItem\",\"position\":2,\"name\":\"Pourquoi les adventistes devraient plaider pour la justice environnementale\"}]},{\"@type\":\"WebSite\",\"@id\":\"https:\\\/\\\/interamerica.org\\\/fr\\\/#website\",\"url\":\"https:\\\/\\\/interamerica.org\\\/fr\\\/\",\"name\":\"\u00c9glise Adventiste Du Septieme Jour - Inter Am\u00e9rique Division\",\"description\":\"\",\"potentialAction\":[{\"@type\":\"SearchAction\",\"target\":{\"@type\":\"EntryPoint\",\"urlTemplate\":\"https:\\\/\\\/interamerica.org\\\/fr\\\/?s={search_term_string}\"},\"query-input\":{\"@type\":\"PropertyValueSpecification\",\"valueRequired\":true,\"valueName\":\"search_term_string\"}}],\"inLanguage\":\"fr-FR\"},{\"@type\":\"Person\",\"@id\":\"https:\\\/\\\/interamerica.org\\\/fr\\\/#\\\/schema\\\/person\\\/29998f2bc2d8bd0d38662909289b54f1\",\"name\":\"libna\",\"image\":{\"@type\":\"ImageObject\",\"inLanguage\":\"fr-FR\",\"@id\":\"https:\\\/\\\/secure.gravatar.com\\\/avatar\\\/7c5bd30ae4b47a9ba3c856590957fd1d96dc588bf3ac05719d247e126840331f?s=96&d=mm&r=g\",\"url\":\"https:\\\/\\\/secure.gravatar.com\\\/avatar\\\/7c5bd30ae4b47a9ba3c856590957fd1d96dc588bf3ac05719d247e126840331f?s=96&d=mm&r=g\",\"contentUrl\":\"https:\\\/\\\/secure.gravatar.com\\\/avatar\\\/7c5bd30ae4b47a9ba3c856590957fd1d96dc588bf3ac05719d247e126840331f?s=96&d=mm&r=g\",\"caption\":\"libna\"}}]}<\/script>\n<!-- \/ Yoast SEO plugin. -->","yoast_head_json":{"title":"Pourquoi les adventistes devraient plaider pour la justice environnementale - \u00c9glise Adventiste Du Septieme Jour - Inter Am\u00e9rique Division","robots":{"index":"index","follow":"follow","max-snippet":"max-snippet:-1","max-image-preview":"max-image-preview:large","max-video-preview":"max-video-preview:-1"},"canonical":"https:\/\/interamerica.org\/fr\/2021\/10\/pourquoi-les-adventistes-devraient-plaider-pour-la-justice-environnementale\/","og_locale":"fr_FR","og_type":"article","og_title":"Pourquoi les adventistes devraient plaider pour la justice environnementale - \u00c9glise Adventiste Du Septieme Jour - Inter Am\u00e9rique Division","og_description":"Un Professeur et organisateur exp\u00e9riment\u00e9 plaide en faveur d\u2019une plus grande implication. 26 Octobre 2021 | Berrien Springs, Michigan, \u00c9tats-Unis | Par : Marcos Paseggi, Adventist Review\u00a0 PPourquoi les adventistes...","og_url":"https:\/\/interamerica.org\/fr\/2021\/10\/pourquoi-les-adventistes-devraient-plaider-pour-la-justice-environnementale\/","og_site_name":"\u00c9glise Adventiste Du Septieme Jour - Inter Am\u00e9rique Division","article_published_time":"2021-10-27T00:08:00+00:00","article_modified_time":"2021-10-27T21:01:55+00:00","og_image":[{"width":1280,"height":800,"url":"https:\/\/interamerica.org\/wp-content\/uploads\/2021\/10\/trees-arnaud-mesureur-7eqq1s3wiai-unsplash.jpg","type":"image\/jpeg"}],"author":"libna","twitter_card":"summary_large_image","twitter_misc":{"\u00c9crit par":"libna","Dur\u00e9e de lecture estim\u00e9e":"9 minutes"},"schema":{"@context":"https:\/\/schema.org","@graph":[{"@type":"Article","@id":"https:\/\/interamerica.org\/fr\/2021\/10\/pourquoi-les-adventistes-devraient-plaider-pour-la-justice-environnementale\/#article","isPartOf":{"@id":"https:\/\/interamerica.org\/fr\/2021\/10\/pourquoi-les-adventistes-devraient-plaider-pour-la-justice-environnementale\/"},"author":{"name":"libna","@id":"https:\/\/interamerica.org\/fr\/#\/schema\/person\/29998f2bc2d8bd0d38662909289b54f1"},"headline":"Pourquoi les adventistes devraient plaider pour la justice environnementale","datePublished":"2021-10-27T00:08:00+00:00","dateModified":"2021-10-27T21:01:55+00:00","mainEntityOfPage":{"@id":"https:\/\/interamerica.org\/fr\/2021\/10\/pourquoi-les-adventistes-devraient-plaider-pour-la-justice-environnementale\/"},"wordCount":1813,"image":{"@id":"https:\/\/interamerica.org\/fr\/2021\/10\/pourquoi-les-adventistes-devraient-plaider-pour-la-justice-environnementale\/#primaryimage"},"thumbnailUrl":"https:\/\/interamerica.org\/wp-content\/uploads\/2021\/10\/trees-arnaud-mesureur-7eqq1s3wiai-unsplash.jpg","articleSection":["Nouvelles de l'\u00c9glise mondiale","RSS Fran\u00e7ais"],"inLanguage":"fr-FR"},{"@type":"WebPage","@id":"https:\/\/interamerica.org\/fr\/2021\/10\/pourquoi-les-adventistes-devraient-plaider-pour-la-justice-environnementale\/","url":"https:\/\/interamerica.org\/fr\/2021\/10\/pourquoi-les-adventistes-devraient-plaider-pour-la-justice-environnementale\/","name":"Pourquoi les adventistes devraient plaider pour la justice environnementale - \u00c9glise Adventiste Du Septieme Jour - Inter Am\u00e9rique Division","isPartOf":{"@id":"https:\/\/interamerica.org\/fr\/#website"},"primaryImageOfPage":{"@id":"https:\/\/interamerica.org\/fr\/2021\/10\/pourquoi-les-adventistes-devraient-plaider-pour-la-justice-environnementale\/#primaryimage"},"image":{"@id":"https:\/\/interamerica.org\/fr\/2021\/10\/pourquoi-les-adventistes-devraient-plaider-pour-la-justice-environnementale\/#primaryimage"},"thumbnailUrl":"https:\/\/interamerica.org\/wp-content\/uploads\/2021\/10\/trees-arnaud-mesureur-7eqq1s3wiai-unsplash.jpg","datePublished":"2021-10-27T00:08:00+00:00","dateModified":"2021-10-27T21:01:55+00:00","author":{"@id":"https:\/\/interamerica.org\/fr\/#\/schema\/person\/29998f2bc2d8bd0d38662909289b54f1"},"breadcrumb":{"@id":"https:\/\/interamerica.org\/fr\/2021\/10\/pourquoi-les-adventistes-devraient-plaider-pour-la-justice-environnementale\/#breadcrumb"},"inLanguage":"fr-FR","potentialAction":[{"@type":"ReadAction","target":["https:\/\/interamerica.org\/fr\/2021\/10\/pourquoi-les-adventistes-devraient-plaider-pour-la-justice-environnementale\/"]}]},{"@type":"ImageObject","inLanguage":"fr-FR","@id":"https:\/\/interamerica.org\/fr\/2021\/10\/pourquoi-les-adventistes-devraient-plaider-pour-la-justice-environnementale\/#primaryimage","url":"https:\/\/interamerica.org\/wp-content\/uploads\/2021\/10\/trees-arnaud-mesureur-7eqq1s3wiai-unsplash.jpg","contentUrl":"https:\/\/interamerica.org\/wp-content\/uploads\/2021\/10\/trees-arnaud-mesureur-7eqq1s3wiai-unsplash.jpg","width":1280,"height":800,"caption":"[Photo: Arnaud Mesureur \/ Unsplash]"},{"@type":"BreadcrumbList","@id":"https:\/\/interamerica.org\/fr\/2021\/10\/pourquoi-les-adventistes-devraient-plaider-pour-la-justice-environnementale\/#breadcrumb","itemListElement":[{"@type":"ListItem","position":1,"name":"Home","item":"https:\/\/interamerica.org\/fr\/"},{"@type":"ListItem","position":2,"name":"Pourquoi les adventistes devraient plaider pour la justice environnementale"}]},{"@type":"WebSite","@id":"https:\/\/interamerica.org\/fr\/#website","url":"https:\/\/interamerica.org\/fr\/","name":"\u00c9glise Adventiste Du Septieme Jour - Inter Am\u00e9rique Division","description":"","potentialAction":[{"@type":"SearchAction","target":{"@type":"EntryPoint","urlTemplate":"https:\/\/interamerica.org\/fr\/?s={search_term_string}"},"query-input":{"@type":"PropertyValueSpecification","valueRequired":true,"valueName":"search_term_string"}}],"inLanguage":"fr-FR"},{"@type":"Person","@id":"https:\/\/interamerica.org\/fr\/#\/schema\/person\/29998f2bc2d8bd0d38662909289b54f1","name":"libna","image":{"@type":"ImageObject","inLanguage":"fr-FR","@id":"https:\/\/secure.gravatar.com\/avatar\/7c5bd30ae4b47a9ba3c856590957fd1d96dc588bf3ac05719d247e126840331f?s=96&d=mm&r=g","url":"https:\/\/secure.gravatar.com\/avatar\/7c5bd30ae4b47a9ba3c856590957fd1d96dc588bf3ac05719d247e126840331f?s=96&d=mm&r=g","contentUrl":"https:\/\/secure.gravatar.com\/avatar\/7c5bd30ae4b47a9ba3c856590957fd1d96dc588bf3ac05719d247e126840331f?s=96&d=mm&r=g","caption":"libna"}}]}},"_links":{"self":[{"href":"https:\/\/interamerica.org\/fr\/wp-json\/wp\/v2\/posts\/77944","targetHints":{"allow":["GET"]}}],"collection":[{"href":"https:\/\/interamerica.org\/fr\/wp-json\/wp\/v2\/posts"}],"about":[{"href":"https:\/\/interamerica.org\/fr\/wp-json\/wp\/v2\/types\/post"}],"author":[{"embeddable":true,"href":"https:\/\/interamerica.org\/fr\/wp-json\/wp\/v2\/users\/3"}],"replies":[{"embeddable":true,"href":"https:\/\/interamerica.org\/fr\/wp-json\/wp\/v2\/comments?post=77944"}],"version-history":[{"count":0,"href":"https:\/\/interamerica.org\/fr\/wp-json\/wp\/v2\/posts\/77944\/revisions"}],"wp:featuredmedia":[{"embeddable":true,"href":"https:\/\/interamerica.org\/fr\/wp-json\/wp\/v2\/media\/77628"}],"wp:attachment":[{"href":"https:\/\/interamerica.org\/fr\/wp-json\/wp\/v2\/media?parent=77944"}],"wp:term":[{"taxonomy":"category","embeddable":true,"href":"https:\/\/interamerica.org\/fr\/wp-json\/wp\/v2\/categories?post=77944"},{"taxonomy":"post_tag","embeddable":true,"href":"https:\/\/interamerica.org\/fr\/wp-json\/wp\/v2\/tags?post=77944"}],"curies":[{"name":"wp","href":"https:\/\/api.w.org\/{rel}","templated":true}]}}