{"id":78813,"date":"2021-11-10T09:00:35","date_gmt":"2021-11-10T13:00:35","guid":{"rendered":"https:\/\/recursing-golick.147-182-135-0.plesk.page\/?p=78813"},"modified":"2021-11-16T20:55:18","modified_gmt":"2021-11-17T00:55:18","slug":"la-finale-du-concours-biblique-annuel-de-linter-amerique-est-prevue-pour-le-20-novembre","status":"publish","type":"post","link":"https:\/\/interamerica.org\/fr\/2021\/11\/la-finale-du-concours-biblique-annuel-de-linter-amerique-est-prevue-pour-le-20-novembre\/","title":{"rendered":"La finale du concours biblique annuel de l\u2019Inter-Am\u00e9rique est pr\u00e9vue pour le 20 novembre"},"content":{"rendered":"<p>10 Novembre 2021 | Miami, Floride, \u00c9tats-Unis | Libna Stevens, P\u00f4le Informations de la Division Inter Am\u00e9ricaine<\/p>\n<p>Les finalistes de chacune des 24 unions de l\u2019Inter Am\u00e9rique s\u2019affronteront lors de la finale du concours Connexion Biblique de cette ann\u00e9e. Le programme sera diffus\u00e9 en direct le samedi 20 novembre 2021 depuis Tuxtla Gutierrez, dans le Chiapas, au Mexique.<\/p>\n<p>\u00ab Nous sommes tr\u00e8s heureux de pouvoir \u00e0 nouveau r\u00e9unir nos 24 finalistes en ligne pour la finale de la comp\u00e9tition, une initiative organis\u00e9e pour l\u2019ensemble du territoire et qui a vu la participation de nombreux jeunes, des aventuriers aux \u00e9tudiants d\u2019universit\u00e9, \u00bb a d\u00e9clar\u00e9 Al Powell, directeur des minist\u00e8res de la jeunesse pour l\u2019\u00c9glise adventiste en Inter Am\u00e9rique. Il s\u2019agit, \u00e0 travers le concours Connexion Biblique, d\u2019amener davantage de jeunes \u00e0 prendre l\u2019habitude d\u2019\u00e9tudier leur Bible et de tirer des le\u00e7ons importantes pour la vie alors qu\u2019ils sont confront\u00e9s aux d\u00e9fis quotidiens de leur existence, a-t-il d\u00e9clar\u00e9.<\/p>\n<p>Au cours de la finale, les participants r\u00e9pondront \u00e0 80 questions bas\u00e9es sur les Psaumes 1 \u00e0 46 et les passages correspondants du livre Patriarches et Proph\u00e8tes, \u00e9crit par Ellen G. White, co-fondatrice de l\u2019\u00c9glise adventiste du septi\u00e8me jour.<\/p>\n<p>\u00c9tudier David et comment il a relev\u00e9 les d\u00e9fis et pris position pour Dieu est l\u2019une des plus grandes le\u00e7ons pour les jeunes aujourd&rsquo;hui, a d\u00e9clar\u00e9 Al Powell. \u00ab Nous voulons que nos jeunes se positionnent pour Dieu, m\u00eame s\u2019ils font face \u00e0 toutes sortes de d\u00e9fis au travers de tout ce que la pand\u00e9mie a amen\u00e9, \u00bb a-t-il d\u00e9clar\u00e9. \u00ab Les promesses bibliques peuvent nous \u00e9lever et nous enseigner que Dieu est l\u00e0 pour nous quelles que soient les circonstances. \u00bb<\/p>\n<p>La comp\u00e9tition finale de cette ann\u00e9e se tiendra \u00e0 nouveau en ligne en raison des restrictions de voyage li\u00e9es \u00e0 la pand\u00e9mie, a d\u00e9clar\u00e9 pasteur Powell. Cependant, le programme sera organis\u00e9 depuis le Chiapas et g\u00e9r\u00e9 par une petite \u00e9quipe technique et des pr\u00e9sentateurs.<\/p>\n<p>\u00ab Nous avons eu au cours des derni\u00e8res ann\u00e9es, deux finalistes de \u2018Connexion Biblique\u2019 qui \u00e9taient du Chiapas et avons d\u00e9cid\u00e9 que le programme se d\u00e9roulera depuis leur studio m\u00e9dia au si\u00e8ge de l\u2019union, \u00bb a expliqu\u00e9 pasteur Powell.<\/p>\n<p>Le programme sera diffus\u00e9 en direct \u00e0 16h00, heure de Miami, en anglais, espagnol et fran\u00e7ais sur<br \/>\n<a href=\"https:\/\/urldefense.proofpoint.com\/v2\/url?u=https-3A__www.youtube.com_c_InterAmericanDivision&amp;d=DwMFaQ&amp;c=tjPg1sbLxZ1bjgTYa5hhdyzvrRQ5lIm-1PubXARxg7w&amp;r=QRxhZ6zzWfakIxmZLcYU5ZN_w8zIA8rJMh2h-7AoibY&amp;m=pcCjjKkkgbpJX-WhKZxd8pUKWWknKj4jHuaFA0hB5tlh8wKiPTnlQ9OtL-emKnUg&amp;s=CekJS7GckhjU8S-AYD4ZdFjpn7xrV-j-qk3pRC7F5BQ&amp;e=\" data-saferedirecturl=\"https:\/\/www.google.com\/url?q=https:\/\/urldefense.proofpoint.com\/v2\/url?u%3Dhttps-3A__www.youtube.com_c_InterAmericanDivision%26d%3DDwMFaQ%26c%3DtjPg1sbLxZ1bjgTYa5hhdyzvrRQ5lIm-1PubXARxg7w%26r%3DQRxhZ6zzWfakIxmZLcYU5ZN_w8zIA8rJMh2h-7AoibY%26m%3DpcCjjKkkgbpJX-WhKZxd8pUKWWknKj4jHuaFA0hB5tlh8wKiPTnlQ9OtL-emKnUg%26s%3DCekJS7GckhjU8S-AYD4ZdFjpn7xrV-j-qk3pRC7F5BQ%26e%3D&amp;source=gmail&amp;ust=1636584373127000&amp;usg=AFQjCNFbs-4Nodk-f4Io8_DnV2DQbQNY-Q\">webcast.interamerica.org<\/a>.<\/p>\n<p>Les finalistes de cette ann\u00e9e sont, par union :<\/p>\n<p><strong>Union Carib\u00e9enne Atlantique :<\/strong>\u00a0 Joshelyn Wood<\/p>\n<p><strong>Union du Belize:<\/strong>\u00a0Jackyn Westby<\/p>\n<p><strong>Union Carib\u00e9enne:<\/strong> Xabisa Hamilton<\/p>\n<p><strong>Union Mexicaine du Centre:<\/strong>\u00a0Karen Contreras Vel\u00e1zquez<\/p>\n<p><strong>Union Mexicaine du Chiapas:<\/strong>\u00a0Julia Sof\u00eda Arteaga<\/p>\n<p><strong>Union Cubaine:<\/strong>\u00a0H\u00e9ctor Jos\u00e9 Zaldivar<\/p>\n<p><strong>Union Dominicaine:<\/strong>\u00a0Wilmer Alexander Buten<\/p>\n<p><strong>Union de la Cara\u00efbe N\u00e9erlandaise:<\/strong> Auner Posso<\/p>\n<p><strong>Union de l&rsquo;Est du Venezuela:<\/strong> Samuel Monta\u00f1o<\/p>\n<p><strong>Union du Salvador:<\/strong>\u00a0Kenia Elizabeth Sales<\/p>\n<p><strong>Union des Antilles et Guyane Fran\u00e7aises:<\/strong> Sa\u00efda Sebas<\/p>\n<p><strong>Union du Guatemala:<\/strong>\u00a0Iveth Mar\u00eda Galv\u00e9z<\/p>\n<p><strong>Union Ha\u00eftienne:<\/strong> Davidson Monfl\u00e9us<\/p>\n<p><strong>Union du Honduras:<\/strong> Abner David Padilla Velasquez<\/p>\n<p><strong>Union Mexicaine Inter-Oc\u00e9anique:<\/strong>\u00a0Josu\u00e9 David Merino Merino<\/p>\n<p><strong>Union de la Jama\u00efque:<\/strong> Kimesha Chambers<\/p>\n<p><strong>Union du Nord de la Colombie:<\/strong>\u00a0Cristian Bejarano Acosta<\/p>\n<p><strong>Union Nord Mexicaine:<\/strong>\u00a0\u00c1ngel Daniel Flores Sandoval.<\/p>\n<p><strong>Union du Panama:<\/strong>\u00a0Jennifer C\u00f3rdoba<\/p>\n<p><strong>Porto Rico:<\/strong>\u00a0Roxangie N. Cosme Acevedo<\/p>\n<p><strong>Union Centram\u00e9ricaine du Sud:<\/strong> Yerid Ruiz<\/p>\n<p><strong>Union du Sud de la Colombie:<\/strong>\u00a0Kevin Andr\u00e9s Espa\u00f1a Gir\u00f3n<\/p>\n<p><strong>Union Mexicaine du Sud-Est:<\/strong>\u00a0Adriana Aguiar Zu\u00f1iga<\/p>\n<p><strong>Union de l&rsquo;Ouest du Venezuela:<\/strong> Jes\u00fas Castro<\/p>\n<p>Traduction: Patrick Luciathe<\/p>\n","protected":false},"excerpt":{"rendered":"<p>10 Novembre 2021 | Miami, Floride, \u00c9tats-Unis | Libna Stevens, P\u00f4le Informations de la Division Inter Am\u00e9ricaine Les finalistes de chacune des 24 unions de l\u2019Inter Am\u00e9rique s\u2019affronteront lors de&#8230;<\/p>\n","protected":false},"author":3,"featured_media":53362,"comment_status":"closed","ping_status":"closed","sticky":false,"template":"","format":"standard","meta":{"_acf_changed":false,"footnotes":""},"categories":[20,19],"tags":[],"class_list":["post-78813","post","type-post","status-publish","format-standard","has-post-thumbnail","hentry","category-nouvelles-du-siege-de-la-division","category-rss-francais"],"acf":[],"yoast_head":"<!-- This site is optimized with the Yoast SEO plugin v27.3 - https:\/\/yoast.com\/product\/yoast-seo-wordpress\/ -->\n<title>La finale du concours biblique annuel de l\u2019Inter-Am\u00e9rique est pr\u00e9vue pour le 20 novembre - \u00c9glise Adventiste Du Septieme Jour - Inter Am\u00e9rique Division<\/title>\n<meta name=\"robots\" content=\"index, follow, max-snippet:-1, max-image-preview:large, max-video-preview:-1\" \/>\n<link rel=\"canonical\" href=\"https:\/\/interamerica.org\/fr\/2021\/11\/la-finale-du-concours-biblique-annuel-de-linter-amerique-est-prevue-pour-le-20-novembre\/\" \/>\n<meta property=\"og:locale\" content=\"fr_FR\" \/>\n<meta property=\"og:type\" content=\"article\" \/>\n<meta property=\"og:title\" content=\"La finale du concours biblique annuel de l\u2019Inter-Am\u00e9rique est pr\u00e9vue pour le 20 novembre - \u00c9glise Adventiste Du Septieme Jour - Inter Am\u00e9rique Division\" \/>\n<meta property=\"og:description\" content=\"10 Novembre 2021 | Miami, Floride, \u00c9tats-Unis | Libna Stevens, P\u00f4le Informations de la Division Inter Am\u00e9ricaine Les finalistes de chacune des 24 unions de l\u2019Inter Am\u00e9rique s\u2019affronteront lors de...\" \/>\n<meta property=\"og:url\" content=\"https:\/\/interamerica.org\/fr\/2021\/11\/la-finale-du-concours-biblique-annuel-de-linter-amerique-est-prevue-pour-le-20-novembre\/\" \/>\n<meta property=\"og:site_name\" content=\"\u00c9glise Adventiste Du Septieme Jour - Inter Am\u00e9rique Division\" \/>\n<meta property=\"article:published_time\" content=\"2021-11-10T13:00:35+00:00\" \/>\n<meta property=\"article:modified_time\" content=\"2021-11-17T00:55:18+00:00\" \/>\n<meta property=\"og:image\" content=\"https:\/\/interamerica.org\/wp-content\/uploads\/2019\/11\/bible-connection.jpg\" \/>\n\t<meta property=\"og:image:width\" content=\"1280\" \/>\n\t<meta property=\"og:image:height\" content=\"800\" \/>\n\t<meta property=\"og:image:type\" content=\"image\/jpeg\" \/>\n<meta name=\"author\" content=\"libna\" \/>\n<meta name=\"twitter:card\" content=\"summary_large_image\" \/>\n<meta name=\"twitter:label1\" content=\"\u00c9crit par\" \/>\n\t<meta name=\"twitter:data1\" content=\"libna\" \/>\n\t<meta name=\"twitter:label2\" content=\"Dur\u00e9e de lecture estim\u00e9e\" \/>\n\t<meta name=\"twitter:data2\" content=\"3 minutes\" \/>\n<script type=\"application\/ld+json\" class=\"yoast-schema-graph\">{\"@context\":\"https:\\\/\\\/schema.org\",\"@graph\":[{\"@type\":\"Article\",\"@id\":\"https:\\\/\\\/interamerica.org\\\/fr\\\/2021\\\/11\\\/la-finale-du-concours-biblique-annuel-de-linter-amerique-est-prevue-pour-le-20-novembre\\\/#article\",\"isPartOf\":{\"@id\":\"https:\\\/\\\/interamerica.org\\\/fr\\\/2021\\\/11\\\/la-finale-du-concours-biblique-annuel-de-linter-amerique-est-prevue-pour-le-20-novembre\\\/\"},\"author\":{\"name\":\"libna\",\"@id\":\"https:\\\/\\\/interamerica.org\\\/fr\\\/#\\\/schema\\\/person\\\/29998f2bc2d8bd0d38662909289b54f1\"},\"headline\":\"La finale du concours biblique annuel de l\u2019Inter-Am\u00e9rique est pr\u00e9vue pour le 20 novembre\",\"datePublished\":\"2021-11-10T13:00:35+00:00\",\"dateModified\":\"2021-11-17T00:55:18+00:00\",\"mainEntityOfPage\":{\"@id\":\"https:\\\/\\\/interamerica.org\\\/fr\\\/2021\\\/11\\\/la-finale-du-concours-biblique-annuel-de-linter-amerique-est-prevue-pour-le-20-novembre\\\/\"},\"wordCount\":613,\"image\":{\"@id\":\"https:\\\/\\\/interamerica.org\\\/fr\\\/2021\\\/11\\\/la-finale-du-concours-biblique-annuel-de-linter-amerique-est-prevue-pour-le-20-novembre\\\/#primaryimage\"},\"thumbnailUrl\":\"https:\\\/\\\/interamerica.org\\\/wp-content\\\/uploads\\\/2019\\\/11\\\/bible-connection.jpg\",\"articleSection\":[\"Nouvelles du si\u00e8ge de la division\",\"RSS Fran\u00e7ais\"],\"inLanguage\":\"fr-FR\"},{\"@type\":\"WebPage\",\"@id\":\"https:\\\/\\\/interamerica.org\\\/fr\\\/2021\\\/11\\\/la-finale-du-concours-biblique-annuel-de-linter-amerique-est-prevue-pour-le-20-novembre\\\/\",\"url\":\"https:\\\/\\\/interamerica.org\\\/fr\\\/2021\\\/11\\\/la-finale-du-concours-biblique-annuel-de-linter-amerique-est-prevue-pour-le-20-novembre\\\/\",\"name\":\"La finale du concours biblique annuel de l\u2019Inter-Am\u00e9rique est pr\u00e9vue pour le 20 novembre - \u00c9glise Adventiste Du Septieme Jour - Inter Am\u00e9rique Division\",\"isPartOf\":{\"@id\":\"https:\\\/\\\/interamerica.org\\\/fr\\\/#website\"},\"primaryImageOfPage\":{\"@id\":\"https:\\\/\\\/interamerica.org\\\/fr\\\/2021\\\/11\\\/la-finale-du-concours-biblique-annuel-de-linter-amerique-est-prevue-pour-le-20-novembre\\\/#primaryimage\"},\"image\":{\"@id\":\"https:\\\/\\\/interamerica.org\\\/fr\\\/2021\\\/11\\\/la-finale-du-concours-biblique-annuel-de-linter-amerique-est-prevue-pour-le-20-novembre\\\/#primaryimage\"},\"thumbnailUrl\":\"https:\\\/\\\/interamerica.org\\\/wp-content\\\/uploads\\\/2019\\\/11\\\/bible-connection.jpg\",\"datePublished\":\"2021-11-10T13:00:35+00:00\",\"dateModified\":\"2021-11-17T00:55:18+00:00\",\"author\":{\"@id\":\"https:\\\/\\\/interamerica.org\\\/fr\\\/#\\\/schema\\\/person\\\/29998f2bc2d8bd0d38662909289b54f1\"},\"breadcrumb\":{\"@id\":\"https:\\\/\\\/interamerica.org\\\/fr\\\/2021\\\/11\\\/la-finale-du-concours-biblique-annuel-de-linter-amerique-est-prevue-pour-le-20-novembre\\\/#breadcrumb\"},\"inLanguage\":\"fr-FR\",\"potentialAction\":[{\"@type\":\"ReadAction\",\"target\":[\"https:\\\/\\\/interamerica.org\\\/fr\\\/2021\\\/11\\\/la-finale-du-concours-biblique-annuel-de-linter-amerique-est-prevue-pour-le-20-novembre\\\/\"]}]},{\"@type\":\"ImageObject\",\"inLanguage\":\"fr-FR\",\"@id\":\"https:\\\/\\\/interamerica.org\\\/fr\\\/2021\\\/11\\\/la-finale-du-concours-biblique-annuel-de-linter-amerique-est-prevue-pour-le-20-novembre\\\/#primaryimage\",\"url\":\"https:\\\/\\\/interamerica.org\\\/wp-content\\\/uploads\\\/2019\\\/11\\\/bible-connection.jpg\",\"contentUrl\":\"https:\\\/\\\/interamerica.org\\\/wp-content\\\/uploads\\\/2019\\\/11\\\/bible-connection.jpg\",\"width\":1280,\"height\":800},{\"@type\":\"BreadcrumbList\",\"@id\":\"https:\\\/\\\/interamerica.org\\\/fr\\\/2021\\\/11\\\/la-finale-du-concours-biblique-annuel-de-linter-amerique-est-prevue-pour-le-20-novembre\\\/#breadcrumb\",\"itemListElement\":[{\"@type\":\"ListItem\",\"position\":1,\"name\":\"Home\",\"item\":\"https:\\\/\\\/interamerica.org\\\/fr\\\/\"},{\"@type\":\"ListItem\",\"position\":2,\"name\":\"La finale du concours biblique annuel de l\u2019Inter-Am\u00e9rique est pr\u00e9vue pour le 20 novembre\"}]},{\"@type\":\"WebSite\",\"@id\":\"https:\\\/\\\/interamerica.org\\\/fr\\\/#website\",\"url\":\"https:\\\/\\\/interamerica.org\\\/fr\\\/\",\"name\":\"\u00c9glise Adventiste Du Septieme Jour - Inter Am\u00e9rique Division\",\"description\":\"\",\"potentialAction\":[{\"@type\":\"SearchAction\",\"target\":{\"@type\":\"EntryPoint\",\"urlTemplate\":\"https:\\\/\\\/interamerica.org\\\/fr\\\/?s={search_term_string}\"},\"query-input\":{\"@type\":\"PropertyValueSpecification\",\"valueRequired\":true,\"valueName\":\"search_term_string\"}}],\"inLanguage\":\"fr-FR\"},{\"@type\":\"Person\",\"@id\":\"https:\\\/\\\/interamerica.org\\\/fr\\\/#\\\/schema\\\/person\\\/29998f2bc2d8bd0d38662909289b54f1\",\"name\":\"libna\",\"image\":{\"@type\":\"ImageObject\",\"inLanguage\":\"fr-FR\",\"@id\":\"https:\\\/\\\/secure.gravatar.com\\\/avatar\\\/7c5bd30ae4b47a9ba3c856590957fd1d96dc588bf3ac05719d247e126840331f?s=96&d=mm&r=g\",\"url\":\"https:\\\/\\\/secure.gravatar.com\\\/avatar\\\/7c5bd30ae4b47a9ba3c856590957fd1d96dc588bf3ac05719d247e126840331f?s=96&d=mm&r=g\",\"contentUrl\":\"https:\\\/\\\/secure.gravatar.com\\\/avatar\\\/7c5bd30ae4b47a9ba3c856590957fd1d96dc588bf3ac05719d247e126840331f?s=96&d=mm&r=g\",\"caption\":\"libna\"}}]}<\/script>\n<!-- \/ Yoast SEO plugin. -->","yoast_head_json":{"title":"La finale du concours biblique annuel de l\u2019Inter-Am\u00e9rique est pr\u00e9vue pour le 20 novembre - \u00c9glise Adventiste Du Septieme Jour - Inter Am\u00e9rique Division","robots":{"index":"index","follow":"follow","max-snippet":"max-snippet:-1","max-image-preview":"max-image-preview:large","max-video-preview":"max-video-preview:-1"},"canonical":"https:\/\/interamerica.org\/fr\/2021\/11\/la-finale-du-concours-biblique-annuel-de-linter-amerique-est-prevue-pour-le-20-novembre\/","og_locale":"fr_FR","og_type":"article","og_title":"La finale du concours biblique annuel de l\u2019Inter-Am\u00e9rique est pr\u00e9vue pour le 20 novembre - \u00c9glise Adventiste Du Septieme Jour - Inter Am\u00e9rique Division","og_description":"10 Novembre 2021 | Miami, Floride, \u00c9tats-Unis | Libna Stevens, P\u00f4le Informations de la Division Inter Am\u00e9ricaine Les finalistes de chacune des 24 unions de l\u2019Inter Am\u00e9rique s\u2019affronteront lors de...","og_url":"https:\/\/interamerica.org\/fr\/2021\/11\/la-finale-du-concours-biblique-annuel-de-linter-amerique-est-prevue-pour-le-20-novembre\/","og_site_name":"\u00c9glise Adventiste Du Septieme Jour - Inter Am\u00e9rique Division","article_published_time":"2021-11-10T13:00:35+00:00","article_modified_time":"2021-11-17T00:55:18+00:00","og_image":[{"width":1280,"height":800,"url":"https:\/\/interamerica.org\/wp-content\/uploads\/2019\/11\/bible-connection.jpg","type":"image\/jpeg"}],"author":"libna","twitter_card":"summary_large_image","twitter_misc":{"\u00c9crit par":"libna","Dur\u00e9e de lecture estim\u00e9e":"3 minutes"},"schema":{"@context":"https:\/\/schema.org","@graph":[{"@type":"Article","@id":"https:\/\/interamerica.org\/fr\/2021\/11\/la-finale-du-concours-biblique-annuel-de-linter-amerique-est-prevue-pour-le-20-novembre\/#article","isPartOf":{"@id":"https:\/\/interamerica.org\/fr\/2021\/11\/la-finale-du-concours-biblique-annuel-de-linter-amerique-est-prevue-pour-le-20-novembre\/"},"author":{"name":"libna","@id":"https:\/\/interamerica.org\/fr\/#\/schema\/person\/29998f2bc2d8bd0d38662909289b54f1"},"headline":"La finale du concours biblique annuel de l\u2019Inter-Am\u00e9rique est pr\u00e9vue pour le 20 novembre","datePublished":"2021-11-10T13:00:35+00:00","dateModified":"2021-11-17T00:55:18+00:00","mainEntityOfPage":{"@id":"https:\/\/interamerica.org\/fr\/2021\/11\/la-finale-du-concours-biblique-annuel-de-linter-amerique-est-prevue-pour-le-20-novembre\/"},"wordCount":613,"image":{"@id":"https:\/\/interamerica.org\/fr\/2021\/11\/la-finale-du-concours-biblique-annuel-de-linter-amerique-est-prevue-pour-le-20-novembre\/#primaryimage"},"thumbnailUrl":"https:\/\/interamerica.org\/wp-content\/uploads\/2019\/11\/bible-connection.jpg","articleSection":["Nouvelles du si\u00e8ge de la division","RSS Fran\u00e7ais"],"inLanguage":"fr-FR"},{"@type":"WebPage","@id":"https:\/\/interamerica.org\/fr\/2021\/11\/la-finale-du-concours-biblique-annuel-de-linter-amerique-est-prevue-pour-le-20-novembre\/","url":"https:\/\/interamerica.org\/fr\/2021\/11\/la-finale-du-concours-biblique-annuel-de-linter-amerique-est-prevue-pour-le-20-novembre\/","name":"La finale du concours biblique annuel de l\u2019Inter-Am\u00e9rique est pr\u00e9vue pour le 20 novembre - \u00c9glise Adventiste Du Septieme Jour - Inter Am\u00e9rique Division","isPartOf":{"@id":"https:\/\/interamerica.org\/fr\/#website"},"primaryImageOfPage":{"@id":"https:\/\/interamerica.org\/fr\/2021\/11\/la-finale-du-concours-biblique-annuel-de-linter-amerique-est-prevue-pour-le-20-novembre\/#primaryimage"},"image":{"@id":"https:\/\/interamerica.org\/fr\/2021\/11\/la-finale-du-concours-biblique-annuel-de-linter-amerique-est-prevue-pour-le-20-novembre\/#primaryimage"},"thumbnailUrl":"https:\/\/interamerica.org\/wp-content\/uploads\/2019\/11\/bible-connection.jpg","datePublished":"2021-11-10T13:00:35+00:00","dateModified":"2021-11-17T00:55:18+00:00","author":{"@id":"https:\/\/interamerica.org\/fr\/#\/schema\/person\/29998f2bc2d8bd0d38662909289b54f1"},"breadcrumb":{"@id":"https:\/\/interamerica.org\/fr\/2021\/11\/la-finale-du-concours-biblique-annuel-de-linter-amerique-est-prevue-pour-le-20-novembre\/#breadcrumb"},"inLanguage":"fr-FR","potentialAction":[{"@type":"ReadAction","target":["https:\/\/interamerica.org\/fr\/2021\/11\/la-finale-du-concours-biblique-annuel-de-linter-amerique-est-prevue-pour-le-20-novembre\/"]}]},{"@type":"ImageObject","inLanguage":"fr-FR","@id":"https:\/\/interamerica.org\/fr\/2021\/11\/la-finale-du-concours-biblique-annuel-de-linter-amerique-est-prevue-pour-le-20-novembre\/#primaryimage","url":"https:\/\/interamerica.org\/wp-content\/uploads\/2019\/11\/bible-connection.jpg","contentUrl":"https:\/\/interamerica.org\/wp-content\/uploads\/2019\/11\/bible-connection.jpg","width":1280,"height":800},{"@type":"BreadcrumbList","@id":"https:\/\/interamerica.org\/fr\/2021\/11\/la-finale-du-concours-biblique-annuel-de-linter-amerique-est-prevue-pour-le-20-novembre\/#breadcrumb","itemListElement":[{"@type":"ListItem","position":1,"name":"Home","item":"https:\/\/interamerica.org\/fr\/"},{"@type":"ListItem","position":2,"name":"La finale du concours biblique annuel de l\u2019Inter-Am\u00e9rique est pr\u00e9vue pour le 20 novembre"}]},{"@type":"WebSite","@id":"https:\/\/interamerica.org\/fr\/#website","url":"https:\/\/interamerica.org\/fr\/","name":"\u00c9glise Adventiste Du Septieme Jour - Inter Am\u00e9rique Division","description":"","potentialAction":[{"@type":"SearchAction","target":{"@type":"EntryPoint","urlTemplate":"https:\/\/interamerica.org\/fr\/?s={search_term_string}"},"query-input":{"@type":"PropertyValueSpecification","valueRequired":true,"valueName":"search_term_string"}}],"inLanguage":"fr-FR"},{"@type":"Person","@id":"https:\/\/interamerica.org\/fr\/#\/schema\/person\/29998f2bc2d8bd0d38662909289b54f1","name":"libna","image":{"@type":"ImageObject","inLanguage":"fr-FR","@id":"https:\/\/secure.gravatar.com\/avatar\/7c5bd30ae4b47a9ba3c856590957fd1d96dc588bf3ac05719d247e126840331f?s=96&d=mm&r=g","url":"https:\/\/secure.gravatar.com\/avatar\/7c5bd30ae4b47a9ba3c856590957fd1d96dc588bf3ac05719d247e126840331f?s=96&d=mm&r=g","contentUrl":"https:\/\/secure.gravatar.com\/avatar\/7c5bd30ae4b47a9ba3c856590957fd1d96dc588bf3ac05719d247e126840331f?s=96&d=mm&r=g","caption":"libna"}}]}},"_links":{"self":[{"href":"https:\/\/interamerica.org\/fr\/wp-json\/wp\/v2\/posts\/78813","targetHints":{"allow":["GET"]}}],"collection":[{"href":"https:\/\/interamerica.org\/fr\/wp-json\/wp\/v2\/posts"}],"about":[{"href":"https:\/\/interamerica.org\/fr\/wp-json\/wp\/v2\/types\/post"}],"author":[{"embeddable":true,"href":"https:\/\/interamerica.org\/fr\/wp-json\/wp\/v2\/users\/3"}],"replies":[{"embeddable":true,"href":"https:\/\/interamerica.org\/fr\/wp-json\/wp\/v2\/comments?post=78813"}],"version-history":[{"count":0,"href":"https:\/\/interamerica.org\/fr\/wp-json\/wp\/v2\/posts\/78813\/revisions"}],"wp:featuredmedia":[{"embeddable":true,"href":"https:\/\/interamerica.org\/fr\/wp-json\/wp\/v2\/media\/53362"}],"wp:attachment":[{"href":"https:\/\/interamerica.org\/fr\/wp-json\/wp\/v2\/media?parent=78813"}],"wp:term":[{"taxonomy":"category","embeddable":true,"href":"https:\/\/interamerica.org\/fr\/wp-json\/wp\/v2\/categories?post=78813"},{"taxonomy":"post_tag","embeddable":true,"href":"https:\/\/interamerica.org\/fr\/wp-json\/wp\/v2\/tags?post=78813"}],"curies":[{"name":"wp","href":"https:\/\/api.w.org\/{rel}","templated":true}]}}