{"id":79279,"date":"2021-11-18T16:42:00","date_gmt":"2021-11-18T20:42:00","guid":{"rendered":"https:\/\/recursing-golick.147-182-135-0.plesk.page\/?p=79279"},"modified":"2021-11-22T07:18:47","modified_gmt":"2021-11-22T11:18:47","slug":"servir-en-faveur-les-orphelins-et-les-enfants-vulnerables","status":"publish","type":"post","link":"https:\/\/interamerica.org\/fr\/2021\/11\/servir-en-faveur-les-orphelins-et-les-enfants-vulnerables\/","title":{"rendered":"Servir en faveur les orphelins et les enfants vuln\u00e9rables"},"content":{"rendered":"<p>11 novembre 2021 | Silver Spring, Maryland, \u00c9tats-Unis | Ted N.C. Wilson<\/p>\n<p>Ted Wilson\u00a0(TW) : Salutations, mes amis. Cette semaine, Nancy et moi allons partager avec vous quelques r\u00e9flexions sur la mani\u00e8re d\u2019exercer un minist\u00e8re aupr\u00e8s de certains des \u00eatres les plus pr\u00e9cieux, et pourtant les plus vuln\u00e9rables, de la plan\u00e8te : les enfants dans le besoin.<\/p>\n<p>Nancy Wilson\u00a0(NW) : On nous dit que \u00ab le lien terrestre le plus tendre est celui qui unit la m\u00e8re \u00e0 l\u2019enfant \u00bb et, bien s\u00fbr, la stabilit\u00e9 et l\u2019amour fort d\u2019un p\u00e8re ont \u00e9galement un impact durable. Les recherches montrent que les enfants qui ont grandi dans un foyer chr\u00e9tien aimant et attentif sont plus r\u00e9silients et mieux \u00e9quip\u00e9s pour faire face aux d\u00e9fis de la vie.<\/p>\n<p>TW\u00a0: Malheureusement, des millions d\u2019enfants vivent aujourd\u2019hui sans m\u00e8re, sans p\u00e8re ou sans les deux. Sur les plus de 155 millions d\u2019enfants class\u00e9s comme orphelins, 15,1 millions ont perdu leurs deux parents. Chaque jour, 39 000 enfants sont contraints de quitter leur foyer en raison du d\u00e9c\u00e8s d\u2019un parent, d\u2019une maladie ou d\u2019un abus familial, ou encore d\u2019un abandon.<\/p>\n<p>NW\u00a0: Selon les Nations unies, l\u2019Asie compte 61 millions d\u2019orphelins, dont 20 millions pour la seule Chine. Le continent africain compte 52 millions d\u2019orphelins, l\u2019Inde en compte 30 millions et l\u2019Am\u00e9rique latine et les Cara\u00efbes en comptent 10 millions. Derri\u00e8re ces chiffres, il y a aussi le bilan personnel li\u00e9 aux zones de conflit, au statut de r\u00e9fugi\u00e9, aux catastrophes naturelles, \u00e0 la toxicomanie, \u00e0 la violence, au Covid et \u00e0 bien d\u2019autres choses encore.<\/p>\n<p>TW\u00a0: Tout au long des \u00c9critures, Dieu a exprim\u00e9 sa pr\u00e9occupation en demandant \u00e0 son peuple de se pr\u00e9occuper des orphelins. Il se pr\u00e9sente comme \u00ab Le p\u00e8re des orphelins, le d\u00e9fenseur des veuves, c\u2019est Dieu dans sa sainte demeure. Dieu donne un foyer \u00e0 ceux qui sont solitaires \u00bb.<\/p>\n<p>Dans le Psaume 27.10, nous lisons ce qui suit : \u00ab M\u00eame si mon p\u00e8re et ma m\u00e8re viennent \u00e0 m\u2019abandonner, l\u2019\u00c9ternel m\u2019accueillera \u00bb. Et l\u2019une des fa\u00e7ons dont je crois que le Seigneur prend soin de ces personnes pr\u00e9cieuses et vuln\u00e9rables est \u00e0 travers les membres de son corps : l\u2019\u00c9glise.<\/p>\n<p>NW\u00a0: Le samedi prochain, le 20 novembre, a \u00e9t\u00e9 d\u00e9sign\u00e9 \u00ab Journ\u00e9e mondiale pour les orphelins et les enfants vuln\u00e9rable \u00bb par l\u2019\u00c9glise Adventiste du Septi\u00e8me Jour. Sous la direction des \u00ab Minist\u00e8res Adventistes des Possibilit\u00e9s \u00bb de l\u2019\u00e9glise, cet \u00e9v\u00e9nement annuel favorise la prise de conscience de la situation critique de ces chers enfants et encourage chacun d\u2019entre nous \u00e0 faire ce qu\u2019il peut pour les aider.<\/p>\n<p>TW\u00a0: La Bible nous rappelle, en tant que disciples du Christ, de r\u00e9pondre aux besoins de ces petits. Dans Matthieu 19.14, il nous est rappel\u00e9 de laisser les enfants venir \u00e0 J\u00e9sus, et le Psaume 82.3 nous dit que nous devons rendre justice \u00ab au faible et \u00e0 l\u2019orphelin \u00bb.<\/p>\n<p>Proverbes 31.8 nous encourage \u00e0 prendre la parole pour ceux qui ne peuvent pas le faire eux-m\u00eames, et Esa\u00efe 1.17 indique clairement que nous devons prot\u00e9ger les orphelins contre ceux qui les maltraitent. Le chapitre 25 de Matthieu nous dit que nous devons nourrir et habiller ceux qui sont dans le besoin, car en faisant cela, nous le faisons s\u00fbrement pour J\u00e9sus. Et Luc 3.11 et Romains 12.13 nous rappellent de partager nos ressources avec les moins fortun\u00e9s.<\/p>\n<p>NW\u00a0: Quelles sont les actions que nous pouvons entreprendre pour aider les orphelins et les enfants vuln\u00e9rables ? Les Minist\u00e8res Adventistes des Possibilit\u00e9s proposent des suggestions et d\u2019autres id\u00e9es sur leur site, \u00e9crit au bas de l\u2019\u00e9cran.<\/p>\n<p>Certaines de ces suggestions incluent, avant tout, de prier pour ces enfants. Envisagez d\u2019adopter ou de devenir un parent d\u2019accueil, mais m\u00eame si cela n\u2019est pas possible, priez pour que ces enfants trouvent un foyer ou un centre d\u2019accueil aimant. Et cela, Ted, me rappelle qu\u2019il y a quelques ann\u00e9es, nous avons commenc\u00e9 \u00e0 parrainer un jeune gar\u00e7on qui est pris en charge par l\u2019International Children Care. Il vit en R\u00e9publique dominicaine et nous recevons des nouvelles de temps en temps. Il se d\u00e9brouille tr\u00e8s bien, c\u2019est un excellent \u00e9l\u00e8ve et il va tr\u00e8s bien ; il aime \u00e9tudier sa Bible et jouer avec les autres enfants. Et parfois, il nous \u00e9crit des lettres personnelles. Mais il \u00e9crit en espagnol, alors nous avons besoin d\u2019aide pour comprendre ce que ses lettres disent. Quoi qu\u2019il en soit, vous pouvez \u00e9galement parrainer un enfant. Un cadeau attentionn\u00e9 signifie beaucoup. Tant d\u2019enfants luttent pour obtenir le strict n\u00e9cessaire pour vivre. Un cadeau personnel peut dire beaucoup pour apporter un encouragement.<\/p>\n<p>TW\u00a0: Passez du temps avec ces enfants et \u00e9coutez leurs histoires. Montrez-leur que J\u00e9sus est leur meilleur ami. Si possible, vous pouvez envisager d\u2019adopter un enfant. Il s\u2019agit d\u2019une d\u00e9cision importante qui peut \u00eatre source d\u2019espoir, de stabilit\u00e9 et d\u2019un avenir brillant pour l\u2019enfant. Vous pouvez \u00e9galement envisager de devenir un parent d\u2019accueil. Bien que les sp\u00e9cificit\u00e9s du placement en famille d\u2019accueil varient d\u2019un pays \u00e0 l\u2019autre, ce type de minist\u00e8re sp\u00e9cial peut offrir une \u00e9norme opportunit\u00e9 aux parents d\u2019accueil de faire une diff\u00e9rence durable dans la vie d\u2019un enfant, pas seulement temporairement, mais peut-\u00eatre pour toujours.<\/p>\n<p>NW\u00a0: M\u00eame dans les foyers o\u00f9 l\u2019un ou les deux parents sont pr\u00e9sents, il peut arriver qu\u2019une crise frappe une famille et cr\u00e9e un stress particuli\u00e8rement difficile pour les enfants. Offrir un foyer temporaire peut contribuer \u00e0 soulager le stress imm\u00e9diat des parents et des enfants dans ce type de circonstances.<\/p>\n<p>TW\u00a0: Dans le livre \u00ab Conseils \u00e0 l\u2019\u00c9glise, il y a un chapitre entier consacr\u00e9 au \u00ab Soin des orphelins \u00bb. C\u2019est l\u00e0 que nous lisons ce qui suit : \u00ab Que ceux qui poss\u00e8dent l\u2019amour de Dieu, ouvrent leur c\u0153ur et leur foyer \u00e0 ces enfants. Ce n\u2019est pas la meilleure des choses pour ces derniers d\u2019\u00eatre plac\u00e9s dans de grandes institutions. S\u2019il n\u2019y a pas de membres de la famille pouvant s\u2019occuper d\u2019eux, nos fr\u00e8res et s\u0153urs devraient ou les adopter en les prenant chez eux, ou chercher \u00e0 les placer dans des foyers convenables \u00bb.<\/p>\n<p>NW\u00a0: \u00ab Le Sauveur a l\u2019\u0153il sur ces enfants d\u2019une mani\u00e8re toute sp\u00e9ciale et ce serait l\u2019offenser que de les n\u00e9gliger. Tout acte de bienveillance accompli \u00e0 leur \u00e9gard au nom de J\u00e9sus, sera accept\u00e9 par lui comme \u00e9tant fait \u00e0 lui-m\u00eame \u00bb.<\/p>\n<p>TW\u00a0: L\u2019\u00c9glise a la chance de pouvoir compter sur de nombreuses organisations de soutien qui se consacrent \u00e0 la fourniture d\u2019un large \u00e9ventail de services aux orphelins et aux enfants vuln\u00e9rables. Certaines de ces organisations sont r\u00e9pertori\u00e9es sur le site Web des Minist\u00e8res Adventistes des Possibilit\u00e9s, au lien indiqu\u00e9 ci-dessus.<\/p>\n<p>Que le Seigneur ouvre nos yeux et touche nos c\u0153urs, en nous montrant aujourd\u2019hui comment nous pouvons servir au mieux ces pr\u00e9cieux enfants, car \u00ab le royaume des cieux est \u00e0 ceux-l\u00e0 \u00bb.<\/p>\n<h3 id=\"h.k6pvabm3cqer\">Prayer:<\/h3>\n<p>Prions ensemble. P\u00e8re c\u00e9leste, tu connais le c\u0153ur, tu sais o\u00f9 se trouve chaque orphelin sur cette plan\u00e8te, ton c\u0153ur va vers eux, ton d\u00e9sir de prendre soin d\u2019eux est grand ; Seigneur, b\u00e9nis l\u2019\u00e9glise alors qu\u2019elle prend soin de ces enfants vuln\u00e9rables, de ces orphelins, toujours par ta puissance ; dirige les membres de l\u2019\u00e9glise pour qu\u2019ils sachent exactement comment ils peuvent participer \u00e0 l\u2019aide \u00e0 l\u2019orphelin. Seigneur, nous sommes tous orphelins en un sens et si reconnaissants que tu nous aies adopt\u00e9s dans ta merveilleuse famille ; aide-nous \u00e0 partager cette bonne nouvelle, que J\u00e9sus revient bient\u00f4t et que nous ferons partie de la famille de Dieu pour toujours. Merci de nous \u00e9couter dans cette pri\u00e8re, nous le demandons au nom de J\u00e9sus, amen.<\/p>\n","protected":false},"excerpt":{"rendered":"<p>11 novembre 2021 | Silver Spring, Maryland, \u00c9tats-Unis | Ted N.C. Wilson Ted Wilson\u00a0(TW) : Salutations, mes amis. Cette semaine, Nancy et moi allons partager avec vous quelques r\u00e9flexions sur&#8230;<\/p>\n","protected":false},"author":3,"featured_media":79317,"comment_status":"closed","ping_status":"closed","sticky":false,"template":"","format":"standard","meta":{"_acf_changed":false,"footnotes":""},"categories":[18,19],"tags":[],"class_list":["post-79279","post","type-post","status-publish","format-standard","has-post-thumbnail","hentry","category-nouvelles-de-leglise-mondiale","category-rss-francais"],"acf":[],"yoast_head":"<!-- This site is optimized with the Yoast SEO plugin v27.3 - https:\/\/yoast.com\/product\/yoast-seo-wordpress\/ -->\n<title>Servir en faveur les orphelins et les enfants vuln\u00e9rables - \u00c9glise Adventiste Du Septieme Jour - Inter Am\u00e9rique Division<\/title>\n<meta name=\"robots\" content=\"index, follow, max-snippet:-1, max-image-preview:large, max-video-preview:-1\" \/>\n<link rel=\"canonical\" href=\"https:\/\/interamerica.org\/fr\/2021\/11\/servir-en-faveur-les-orphelins-et-les-enfants-vulnerables\/\" \/>\n<meta property=\"og:locale\" content=\"fr_FR\" \/>\n<meta property=\"og:type\" content=\"article\" \/>\n<meta property=\"og:title\" content=\"Servir en faveur les orphelins et les enfants vuln\u00e9rables - \u00c9glise Adventiste Du Septieme Jour - Inter Am\u00e9rique Division\" \/>\n<meta property=\"og:description\" content=\"11 novembre 2021 | Silver Spring, Maryland, \u00c9tats-Unis | Ted N.C. Wilson Ted Wilson\u00a0(TW) : Salutations, mes amis. Cette semaine, Nancy et moi allons partager avec vous quelques r\u00e9flexions sur...\" \/>\n<meta property=\"og:url\" content=\"https:\/\/interamerica.org\/fr\/2021\/11\/servir-en-faveur-les-orphelins-et-les-enfants-vulnerables\/\" \/>\n<meta property=\"og:site_name\" content=\"\u00c9glise Adventiste Du Septieme Jour - Inter Am\u00e9rique Division\" \/>\n<meta property=\"article:published_time\" content=\"2021-11-18T20:42:00+00:00\" \/>\n<meta property=\"article:modified_time\" content=\"2021-11-22T11:18:47+00:00\" \/>\n<meta property=\"og:image\" content=\"https:\/\/interamerica.org\/wp-content\/uploads\/2021\/11\/wilson-nov19-french.jpg\" \/>\n\t<meta property=\"og:image:width\" content=\"1000\" \/>\n\t<meta property=\"og:image:height\" content=\"563\" \/>\n\t<meta property=\"og:image:type\" content=\"image\/jpeg\" \/>\n<meta name=\"author\" content=\"libna\" \/>\n<meta name=\"twitter:card\" content=\"summary_large_image\" \/>\n<meta name=\"twitter:label1\" content=\"\u00c9crit par\" \/>\n\t<meta name=\"twitter:data1\" content=\"libna\" \/>\n\t<meta name=\"twitter:label2\" content=\"Dur\u00e9e de lecture estim\u00e9e\" \/>\n\t<meta name=\"twitter:data2\" content=\"7 minutes\" \/>\n<script type=\"application\/ld+json\" class=\"yoast-schema-graph\">{\"@context\":\"https:\\\/\\\/schema.org\",\"@graph\":[{\"@type\":\"Article\",\"@id\":\"https:\\\/\\\/interamerica.org\\\/fr\\\/2021\\\/11\\\/servir-en-faveur-les-orphelins-et-les-enfants-vulnerables\\\/#article\",\"isPartOf\":{\"@id\":\"https:\\\/\\\/interamerica.org\\\/fr\\\/2021\\\/11\\\/servir-en-faveur-les-orphelins-et-les-enfants-vulnerables\\\/\"},\"author\":{\"name\":\"libna\",\"@id\":\"https:\\\/\\\/interamerica.org\\\/fr\\\/#\\\/schema\\\/person\\\/29998f2bc2d8bd0d38662909289b54f1\"},\"headline\":\"Servir en faveur les orphelins et les enfants vuln\u00e9rables\",\"datePublished\":\"2021-11-18T20:42:00+00:00\",\"dateModified\":\"2021-11-22T11:18:47+00:00\",\"mainEntityOfPage\":{\"@id\":\"https:\\\/\\\/interamerica.org\\\/fr\\\/2021\\\/11\\\/servir-en-faveur-les-orphelins-et-les-enfants-vulnerables\\\/\"},\"wordCount\":1375,\"image\":{\"@id\":\"https:\\\/\\\/interamerica.org\\\/fr\\\/2021\\\/11\\\/servir-en-faveur-les-orphelins-et-les-enfants-vulnerables\\\/#primaryimage\"},\"thumbnailUrl\":\"https:\\\/\\\/interamerica.org\\\/wp-content\\\/uploads\\\/2021\\\/11\\\/wilson-nov19-french.jpg\",\"articleSection\":[\"Nouvelles de l'\u00c9glise mondiale\",\"RSS Fran\u00e7ais\"],\"inLanguage\":\"fr-FR\"},{\"@type\":\"WebPage\",\"@id\":\"https:\\\/\\\/interamerica.org\\\/fr\\\/2021\\\/11\\\/servir-en-faveur-les-orphelins-et-les-enfants-vulnerables\\\/\",\"url\":\"https:\\\/\\\/interamerica.org\\\/fr\\\/2021\\\/11\\\/servir-en-faveur-les-orphelins-et-les-enfants-vulnerables\\\/\",\"name\":\"Servir en faveur les orphelins et les enfants vuln\u00e9rables - \u00c9glise Adventiste Du Septieme Jour - Inter Am\u00e9rique Division\",\"isPartOf\":{\"@id\":\"https:\\\/\\\/interamerica.org\\\/fr\\\/#website\"},\"primaryImageOfPage\":{\"@id\":\"https:\\\/\\\/interamerica.org\\\/fr\\\/2021\\\/11\\\/servir-en-faveur-les-orphelins-et-les-enfants-vulnerables\\\/#primaryimage\"},\"image\":{\"@id\":\"https:\\\/\\\/interamerica.org\\\/fr\\\/2021\\\/11\\\/servir-en-faveur-les-orphelins-et-les-enfants-vulnerables\\\/#primaryimage\"},\"thumbnailUrl\":\"https:\\\/\\\/interamerica.org\\\/wp-content\\\/uploads\\\/2021\\\/11\\\/wilson-nov19-french.jpg\",\"datePublished\":\"2021-11-18T20:42:00+00:00\",\"dateModified\":\"2021-11-22T11:18:47+00:00\",\"author\":{\"@id\":\"https:\\\/\\\/interamerica.org\\\/fr\\\/#\\\/schema\\\/person\\\/29998f2bc2d8bd0d38662909289b54f1\"},\"breadcrumb\":{\"@id\":\"https:\\\/\\\/interamerica.org\\\/fr\\\/2021\\\/11\\\/servir-en-faveur-les-orphelins-et-les-enfants-vulnerables\\\/#breadcrumb\"},\"inLanguage\":\"fr-FR\",\"potentialAction\":[{\"@type\":\"ReadAction\",\"target\":[\"https:\\\/\\\/interamerica.org\\\/fr\\\/2021\\\/11\\\/servir-en-faveur-les-orphelins-et-les-enfants-vulnerables\\\/\"]}]},{\"@type\":\"ImageObject\",\"inLanguage\":\"fr-FR\",\"@id\":\"https:\\\/\\\/interamerica.org\\\/fr\\\/2021\\\/11\\\/servir-en-faveur-les-orphelins-et-les-enfants-vulnerables\\\/#primaryimage\",\"url\":\"https:\\\/\\\/interamerica.org\\\/wp-content\\\/uploads\\\/2021\\\/11\\\/wilson-nov19-french.jpg\",\"contentUrl\":\"https:\\\/\\\/interamerica.org\\\/wp-content\\\/uploads\\\/2021\\\/11\\\/wilson-nov19-french.jpg\",\"width\":1000,\"height\":563},{\"@type\":\"BreadcrumbList\",\"@id\":\"https:\\\/\\\/interamerica.org\\\/fr\\\/2021\\\/11\\\/servir-en-faveur-les-orphelins-et-les-enfants-vulnerables\\\/#breadcrumb\",\"itemListElement\":[{\"@type\":\"ListItem\",\"position\":1,\"name\":\"Home\",\"item\":\"https:\\\/\\\/interamerica.org\\\/fr\\\/\"},{\"@type\":\"ListItem\",\"position\":2,\"name\":\"Servir en faveur les orphelins et les enfants vuln\u00e9rables\"}]},{\"@type\":\"WebSite\",\"@id\":\"https:\\\/\\\/interamerica.org\\\/fr\\\/#website\",\"url\":\"https:\\\/\\\/interamerica.org\\\/fr\\\/\",\"name\":\"\u00c9glise Adventiste Du Septieme Jour - Inter Am\u00e9rique Division\",\"description\":\"\",\"potentialAction\":[{\"@type\":\"SearchAction\",\"target\":{\"@type\":\"EntryPoint\",\"urlTemplate\":\"https:\\\/\\\/interamerica.org\\\/fr\\\/?s={search_term_string}\"},\"query-input\":{\"@type\":\"PropertyValueSpecification\",\"valueRequired\":true,\"valueName\":\"search_term_string\"}}],\"inLanguage\":\"fr-FR\"},{\"@type\":\"Person\",\"@id\":\"https:\\\/\\\/interamerica.org\\\/fr\\\/#\\\/schema\\\/person\\\/29998f2bc2d8bd0d38662909289b54f1\",\"name\":\"libna\",\"image\":{\"@type\":\"ImageObject\",\"inLanguage\":\"fr-FR\",\"@id\":\"https:\\\/\\\/secure.gravatar.com\\\/avatar\\\/7c5bd30ae4b47a9ba3c856590957fd1d96dc588bf3ac05719d247e126840331f?s=96&d=mm&r=g\",\"url\":\"https:\\\/\\\/secure.gravatar.com\\\/avatar\\\/7c5bd30ae4b47a9ba3c856590957fd1d96dc588bf3ac05719d247e126840331f?s=96&d=mm&r=g\",\"contentUrl\":\"https:\\\/\\\/secure.gravatar.com\\\/avatar\\\/7c5bd30ae4b47a9ba3c856590957fd1d96dc588bf3ac05719d247e126840331f?s=96&d=mm&r=g\",\"caption\":\"libna\"}}]}<\/script>\n<!-- \/ Yoast SEO plugin. -->","yoast_head_json":{"title":"Servir en faveur les orphelins et les enfants vuln\u00e9rables - \u00c9glise Adventiste Du Septieme Jour - Inter Am\u00e9rique Division","robots":{"index":"index","follow":"follow","max-snippet":"max-snippet:-1","max-image-preview":"max-image-preview:large","max-video-preview":"max-video-preview:-1"},"canonical":"https:\/\/interamerica.org\/fr\/2021\/11\/servir-en-faveur-les-orphelins-et-les-enfants-vulnerables\/","og_locale":"fr_FR","og_type":"article","og_title":"Servir en faveur les orphelins et les enfants vuln\u00e9rables - \u00c9glise Adventiste Du Septieme Jour - Inter Am\u00e9rique Division","og_description":"11 novembre 2021 | Silver Spring, Maryland, \u00c9tats-Unis | Ted N.C. Wilson Ted Wilson\u00a0(TW) : Salutations, mes amis. Cette semaine, Nancy et moi allons partager avec vous quelques r\u00e9flexions sur...","og_url":"https:\/\/interamerica.org\/fr\/2021\/11\/servir-en-faveur-les-orphelins-et-les-enfants-vulnerables\/","og_site_name":"\u00c9glise Adventiste Du Septieme Jour - Inter Am\u00e9rique Division","article_published_time":"2021-11-18T20:42:00+00:00","article_modified_time":"2021-11-22T11:18:47+00:00","og_image":[{"width":1000,"height":563,"url":"https:\/\/interamerica.org\/wp-content\/uploads\/2021\/11\/wilson-nov19-french.jpg","type":"image\/jpeg"}],"author":"libna","twitter_card":"summary_large_image","twitter_misc":{"\u00c9crit par":"libna","Dur\u00e9e de lecture estim\u00e9e":"7 minutes"},"schema":{"@context":"https:\/\/schema.org","@graph":[{"@type":"Article","@id":"https:\/\/interamerica.org\/fr\/2021\/11\/servir-en-faveur-les-orphelins-et-les-enfants-vulnerables\/#article","isPartOf":{"@id":"https:\/\/interamerica.org\/fr\/2021\/11\/servir-en-faveur-les-orphelins-et-les-enfants-vulnerables\/"},"author":{"name":"libna","@id":"https:\/\/interamerica.org\/fr\/#\/schema\/person\/29998f2bc2d8bd0d38662909289b54f1"},"headline":"Servir en faveur les orphelins et les enfants vuln\u00e9rables","datePublished":"2021-11-18T20:42:00+00:00","dateModified":"2021-11-22T11:18:47+00:00","mainEntityOfPage":{"@id":"https:\/\/interamerica.org\/fr\/2021\/11\/servir-en-faveur-les-orphelins-et-les-enfants-vulnerables\/"},"wordCount":1375,"image":{"@id":"https:\/\/interamerica.org\/fr\/2021\/11\/servir-en-faveur-les-orphelins-et-les-enfants-vulnerables\/#primaryimage"},"thumbnailUrl":"https:\/\/interamerica.org\/wp-content\/uploads\/2021\/11\/wilson-nov19-french.jpg","articleSection":["Nouvelles de l'\u00c9glise mondiale","RSS Fran\u00e7ais"],"inLanguage":"fr-FR"},{"@type":"WebPage","@id":"https:\/\/interamerica.org\/fr\/2021\/11\/servir-en-faveur-les-orphelins-et-les-enfants-vulnerables\/","url":"https:\/\/interamerica.org\/fr\/2021\/11\/servir-en-faveur-les-orphelins-et-les-enfants-vulnerables\/","name":"Servir en faveur les orphelins et les enfants vuln\u00e9rables - \u00c9glise Adventiste Du Septieme Jour - Inter Am\u00e9rique Division","isPartOf":{"@id":"https:\/\/interamerica.org\/fr\/#website"},"primaryImageOfPage":{"@id":"https:\/\/interamerica.org\/fr\/2021\/11\/servir-en-faveur-les-orphelins-et-les-enfants-vulnerables\/#primaryimage"},"image":{"@id":"https:\/\/interamerica.org\/fr\/2021\/11\/servir-en-faveur-les-orphelins-et-les-enfants-vulnerables\/#primaryimage"},"thumbnailUrl":"https:\/\/interamerica.org\/wp-content\/uploads\/2021\/11\/wilson-nov19-french.jpg","datePublished":"2021-11-18T20:42:00+00:00","dateModified":"2021-11-22T11:18:47+00:00","author":{"@id":"https:\/\/interamerica.org\/fr\/#\/schema\/person\/29998f2bc2d8bd0d38662909289b54f1"},"breadcrumb":{"@id":"https:\/\/interamerica.org\/fr\/2021\/11\/servir-en-faveur-les-orphelins-et-les-enfants-vulnerables\/#breadcrumb"},"inLanguage":"fr-FR","potentialAction":[{"@type":"ReadAction","target":["https:\/\/interamerica.org\/fr\/2021\/11\/servir-en-faveur-les-orphelins-et-les-enfants-vulnerables\/"]}]},{"@type":"ImageObject","inLanguage":"fr-FR","@id":"https:\/\/interamerica.org\/fr\/2021\/11\/servir-en-faveur-les-orphelins-et-les-enfants-vulnerables\/#primaryimage","url":"https:\/\/interamerica.org\/wp-content\/uploads\/2021\/11\/wilson-nov19-french.jpg","contentUrl":"https:\/\/interamerica.org\/wp-content\/uploads\/2021\/11\/wilson-nov19-french.jpg","width":1000,"height":563},{"@type":"BreadcrumbList","@id":"https:\/\/interamerica.org\/fr\/2021\/11\/servir-en-faveur-les-orphelins-et-les-enfants-vulnerables\/#breadcrumb","itemListElement":[{"@type":"ListItem","position":1,"name":"Home","item":"https:\/\/interamerica.org\/fr\/"},{"@type":"ListItem","position":2,"name":"Servir en faveur les orphelins et les enfants vuln\u00e9rables"}]},{"@type":"WebSite","@id":"https:\/\/interamerica.org\/fr\/#website","url":"https:\/\/interamerica.org\/fr\/","name":"\u00c9glise Adventiste Du Septieme Jour - Inter Am\u00e9rique Division","description":"","potentialAction":[{"@type":"SearchAction","target":{"@type":"EntryPoint","urlTemplate":"https:\/\/interamerica.org\/fr\/?s={search_term_string}"},"query-input":{"@type":"PropertyValueSpecification","valueRequired":true,"valueName":"search_term_string"}}],"inLanguage":"fr-FR"},{"@type":"Person","@id":"https:\/\/interamerica.org\/fr\/#\/schema\/person\/29998f2bc2d8bd0d38662909289b54f1","name":"libna","image":{"@type":"ImageObject","inLanguage":"fr-FR","@id":"https:\/\/secure.gravatar.com\/avatar\/7c5bd30ae4b47a9ba3c856590957fd1d96dc588bf3ac05719d247e126840331f?s=96&d=mm&r=g","url":"https:\/\/secure.gravatar.com\/avatar\/7c5bd30ae4b47a9ba3c856590957fd1d96dc588bf3ac05719d247e126840331f?s=96&d=mm&r=g","contentUrl":"https:\/\/secure.gravatar.com\/avatar\/7c5bd30ae4b47a9ba3c856590957fd1d96dc588bf3ac05719d247e126840331f?s=96&d=mm&r=g","caption":"libna"}}]}},"_links":{"self":[{"href":"https:\/\/interamerica.org\/fr\/wp-json\/wp\/v2\/posts\/79279","targetHints":{"allow":["GET"]}}],"collection":[{"href":"https:\/\/interamerica.org\/fr\/wp-json\/wp\/v2\/posts"}],"about":[{"href":"https:\/\/interamerica.org\/fr\/wp-json\/wp\/v2\/types\/post"}],"author":[{"embeddable":true,"href":"https:\/\/interamerica.org\/fr\/wp-json\/wp\/v2\/users\/3"}],"replies":[{"embeddable":true,"href":"https:\/\/interamerica.org\/fr\/wp-json\/wp\/v2\/comments?post=79279"}],"version-history":[{"count":0,"href":"https:\/\/interamerica.org\/fr\/wp-json\/wp\/v2\/posts\/79279\/revisions"}],"wp:featuredmedia":[{"embeddable":true,"href":"https:\/\/interamerica.org\/fr\/wp-json\/wp\/v2\/media\/79317"}],"wp:attachment":[{"href":"https:\/\/interamerica.org\/fr\/wp-json\/wp\/v2\/media?parent=79279"}],"wp:term":[{"taxonomy":"category","embeddable":true,"href":"https:\/\/interamerica.org\/fr\/wp-json\/wp\/v2\/categories?post=79279"},{"taxonomy":"post_tag","embeddable":true,"href":"https:\/\/interamerica.org\/fr\/wp-json\/wp\/v2\/tags?post=79279"}],"curies":[{"name":"wp","href":"https:\/\/api.w.org\/{rel}","templated":true}]}}