{"id":79536,"date":"2021-11-25T06:34:40","date_gmt":"2021-11-25T10:34:40","guid":{"rendered":"https:\/\/recursing-golick.147-182-135-0.plesk.page\/?p=79536"},"modified":"2021-11-25T13:30:57","modified_gmt":"2021-11-25T17:30:57","slug":"gestion-de-lenvironnement-la-reponse-dadra-au-sommet-des-nations-unies-sur-le-changement-climatique","status":"publish","type":"post","link":"https:\/\/interamerica.org\/fr\/2021\/11\/gestion-de-lenvironnement-la-reponse-dadra-au-sommet-des-nations-unies-sur-le-changement-climatique\/","title":{"rendered":"Gestion de l\u2019environnement, la r\u00e9ponse d\u2019ADRA au Sommet des Nations Unies sur le Changement Climatique"},"content":{"rendered":"<h4 class=\"subtitle\">Les experts de l\u2019agence humanitaire ont partag\u00e9 des le\u00e7ons et des suggestions lors de la COP26 \u00e0 Glasgow.<\/h4>\n<p><span class=\"byline-news\">25 Novembre 2021 | Silver Spring, Maryland, \u00c9tats-Unis | Par Kimi-Roux James, Agence Adventiste de D\u00e9veloppement et de Secours<\/span><\/p>\n<p><span class=\"cap\">D<\/span>es repr\u00e9sentants de plus de 180 pays se sont r\u00e9unis en personne et de mani\u00e8re virtuelle \u00e0 Glasgow, en \u00c9cosse, pendant deux semaines en novembre pour la vingt-sixi\u00e8me Conf\u00e9rence des Parties organis\u00e9e par les Nations Unies (COP26) et, plus important encore, pour renforcer les actions destin\u00e9es \u00e0 faire face \u00e0 la crise climatique.<\/p>\n<p>L\u2019alarme s\u2019est r\u00e9pandue dans le monde entier au sujet de l\u2019augmentation des \u00e9missions de gaz \u00e0 effet de serre et des temp\u00e9ratures mondiales, provoquant des catastrophes sans pr\u00e9c\u00e9dent \u00e0 travers le monde. La COP26 a \u00e9t\u00e9 au centre de l\u2019attention, alors que l\u2019espoir grandit de voir des progr\u00e8s r\u00e9alis\u00e9s sur les questions entourant les finances pour le climat, l\u2019utilisation du charbon et les \u00e9missions de m\u00e9thane.<\/p>\n<p><div id=\"attachment_79527\" style=\"width: 1010px\" class=\"wp-caption aligncenter\"><img fetchpriority=\"high\" decoding=\"async\" aria-describedby=\"caption-attachment-79527\" class=\"size-full wp-image-79527\" src=\"https:\/\/recursing-golick.147-182-135-0.plesk.page\/wp-content\/uploads\/2021\/11\/environmental-stewardship-adras-response-to-uns-climate-change-summit1.jpeg\" alt=\"\" width=\"1000\" height=\"500\" srcset=\"https:\/\/interamerica.org\/wp-content\/uploads\/2021\/11\/environmental-stewardship-adras-response-to-uns-climate-change-summit1.jpeg 1000w, https:\/\/interamerica.org\/wp-content\/uploads\/2021\/11\/environmental-stewardship-adras-response-to-uns-climate-change-summit1-300x150.jpeg 300w, https:\/\/interamerica.org\/wp-content\/uploads\/2021\/11\/environmental-stewardship-adras-response-to-uns-climate-change-summit1-768x384.jpeg 768w\" sizes=\"(max-width: 1000px) 100vw, 1000px\" \/><p id=\"caption-attachment-79527\" class=\"wp-caption-text\">Table ronde en personne \u00e0 la COP26 \u00e0 Glasgow, mettant l\u2019accent sur des pratiques d\u2019utilisation des terres qui soient durables et qui restaurent les \u00e9cosyst\u00e8mes, entre autres sujets. [Photo : avec l\u2019aimable autorisation du Pavillon Allemand sur le Climat]<\/p><\/div>Les experts avertissent que si les nations ne prennent pas des mesures drastiques pour r\u00e9duire les \u00e9missions imm\u00e9diatement, une grande partie du monde subira des catastrophes climatiques, des vagues de chaleur plus longues et plus intenses et la disparition g\u00e9n\u00e9ralis\u00e9e d\u2019esp\u00e8ces, entre autres cons\u00e9quences.<\/p>\n<p><strong>S\u2019appuyer sur les chiffres <\/strong><\/p>\n<p>L\u2019Agence Adventiste de D\u00e9veloppement et de Secours (ADRA) en Allemagne a collabor\u00e9 avec les agences partenaires OroVerde Die Tropenwaldstiftung (Fondation pour la For\u00eat Tropicale) et Welthungerhilfe (Assistance Faim dans le Monde) dans une session conjointe de 90 minutes lors de la conf\u00e9rence mondiale.<\/p>\n<p>Le panel a consid\u00e9r\u00e9 les moyens de subsistance r\u00e9silients face au changement climatique et les approches holistiques visant \u00e0 renforcer la r\u00e9silience des communaut\u00e9s, comme par exemple pr\u00e9parer les communaut\u00e9s \u00e0 faire face aux catastrophes extr\u00eames (c\u2019est-\u00e0-dire la s\u00e9cheresse, les inondations), identifier et s\u2019occuper des risques \u00e0 long terme et discuter de la mani\u00e8re de restaurer les \u00e9cosyst\u00e8mes pour la durabilit\u00e9.<\/p>\n<p>Brendon Irvine, directeur des programmes et de la planification du bureau r\u00e9gional d\u2019ADRA en Asie, a rejoint le panel de mani\u00e8re virtuelle et a parl\u00e9 de l\u2019\u00e9tat actuel du globe et de la fa\u00e7on dont la nature et les solutions bas\u00e9es sur la nature offrent de l\u2019espoir et de v\u00e9ritables alternatives pour r\u00e9duire l\u2019exc\u00e8s de dioxyde de carbone (CO2) dans l\u2019atmosph\u00e8re.<\/p>\n<p>\u00ab Les \u00e9missions mondiales de CO2 sont actuellement d\u2019environ 42 \u00e0 43 gigatonnes par an [en] \u00e9missions exc\u00e9dentaires. Environ 35 \u00e0 36 gigatonnes proviennent des combustibles fossiles et des \u00e9missions industrielles, et environ cinq ou six gigatonnes proviennent des changements dans l\u2019utilisation des terres, tels que la perte de biomasse due \u00e0 la d\u00e9forestation, la d\u00e9sertification et la perte de la couche arable et de la mati\u00e8re organique du sol, \u00bb a d\u00e9clar\u00e9 Brendon Irvine.<\/p>\n<p>Il a partag\u00e9 des r\u00e9sultats d\u2019\u00e9tudes et des preuves historiques qui sugg\u00e8rent que les terres cultiv\u00e9es et les p\u00e2turages dans les prairies et les terres de p\u00e2turage naturelles, ainsi que l\u2019utilisation de la mati\u00e8re organique du sol, peuvent offrir le plus grand potentiel pour minimiser les \u00e9missions de CO2, surtout si tout cela est bien g\u00e9r\u00e9.<\/p>\n<p>\u00ab Pour que nous puissions passer \u00e0 la neutralit\u00e9 carbone d\u2019ici 2050, nous devons \u00eatre en mesure de r\u00e9duire cet exc\u00e8s de CO2 et de r\u00e9duire les \u00e9missions futures. Collectivement, la r\u00e9duction est bien sup\u00e9rieure \u00e0 1200 gigatonnes. Cela suffirait pour nous ramener aux niveaux atmosph\u00e9riques de CO2 d\u2019avant 1990 et \u00e9ponger les futures \u00e9missions au cours des 10 \u00e0 15 prochaines ann\u00e9es alors que nous progressons vers la neutralit\u00e9 des \u00e9missions nettes de CO2, \u00bb a d\u00e9clar\u00e9 Brendon Irvine.<\/p>\n<p><strong>R\u00e9ussir \u00e0 r\u00e9duire le CO<\/strong><strong><sub>2<\/sub><\/strong><\/p>\n<p>Anna Krikun, coordinatrice du programme d\u2019ADRA Deutschland, a contribu\u00e9 \u00e0 la discussion en panel sur la r\u00e9silience face au changement climatique dans le cadre de la COP26 ; elle a partag\u00e9 un projet mis en place par ADRA aux Fidji. Le pays a \u00e9t\u00e9 touch\u00e9 par le changement climatique en 2016 lorsqu\u2019un cyclone majeur a frapp\u00e9 les \u00eeles de l\u2019archipel, avant que ne suive une s\u00e9cheresse.<\/p>\n<p>\u00ab Depuis que les catastrophes naturelles se sont produites, il y a eu une utilisation importante et incorrecte de produits chimiques tels que les pesticides, \u00bb a d\u00e9clar\u00e9 Anna Krikun. \u00ab Cela a conduit \u00e0 l\u2019ins\u00e9curit\u00e9 alimentaire ; les gens mangeaient principalement des l\u00e9gumes f\u00e9culents et la monoculture affectait la terre, la biodiversit\u00e9 et la sant\u00e9 des gens. Selon les rapports, 40 pour cent des femmes enceintes souffraient d\u2019an\u00e9mie et 6,2 pour cent des enfants \u00e2g\u00e9s de cinq ans et moins avaient un retard de croissance. \u00bb<\/p>\n<p>ADRA a mis en place des syst\u00e8mes d\u2019irrigation, remplac\u00e9 les d\u00e9sherbants chimiques et les pesticides par des alternatives biologiques, sensibilis\u00e9 les communaut\u00e9s \u00e0 l\u2019impact des solutions chimiques sur leurs terres et sur leur sant\u00e9, fourni des kits agricoles et donn\u00e9 des techniques de conservation des semences, et plant\u00e9 des jardins potagers pour augmenter les \u00ab cultures r\u00e9silientes. \u00bb<\/p>\n<p>Apr\u00e8s trois ans, ADRA a d\u00e9couvert que la communaut\u00e9 avait am\u00e9lior\u00e9 la conservation des semences, que les agriculteurs avaient appris \u00e0 prendre soin de leur sol et qu\u2019ils avaient adapt\u00e9 leurs m\u00e9thodes de culture pendant la s\u00e9cheresse. De plus, il y avait moins de recours \u00e0 la monoculture; moins de d\u00e9pendance \u00e0 la restauration rapide ; les femmes enceintes recevaient une nutrition ad\u00e9quate; et les taux d\u2019an\u00e9mie diminuaient; il y avait aussi un grand int\u00e9r\u00eat pour la culture en biodiversit\u00e9, en particulier chez les jeunes.<\/p>\n<p>\u00ab Les le\u00e7ons \u00e0 retenir de ce projet sont que les solutions bas\u00e9es sur la nature et l\u2019utilisation durable des terres sont un facteur important de r\u00e9duction des \u00e9missions de CO2, mais l\u2019impact va bien au-del\u00e0 : la qualit\u00e9 de l\u2019eau et des aliments, la biodiversit\u00e9, la r\u00e9silience communautaire ; et les incitations et la sensibilisation de la communaut\u00e9 sont cruciales, \u00bb a-t-elle d\u00e9clar\u00e9.<\/p>\n<p><strong>Aborder la question du climat pour l\u2019avenir<\/strong><\/p>\n<p>ADRA au Royaume-Uni et le Bureau R\u00e9gional d\u2019ADRA Afrique ont uni leurs forces \u00e0 celles de la Mission Adventiste \u00c9cossaise pour lancer une initiative pilote de gestion environnementale qui s\u2019\u00e9talera sur une ann\u00e9e et connue sous le nom d\u2019ASAP pour lutter contre les effets du changement climatique de mani\u00e8re strat\u00e9gique et pratique tout en sensibilisant sur ses effets et en promouvant la responsabilit\u00e9 des individus.<\/p>\n<p>\u00ab ASAP est une plate-forme de collaboration internationale et interculturelle \u00e0 travers laquelle les acteurs mondiaux, les communaut\u00e9s locales et les jeunes peuvent contribuer \u00e0 une r\u00e9ponse confessionnelle au programme de changement climatique, \u00bb a d\u00e9clar\u00e9 Catherine Boldeau, responsable de l\u2019\u00e9ducation au d\u00e9veloppement d\u2019ADRA et responsable urbaine au Royaume Uni.<\/p>\n<p>D\u2019apr\u00e8s Catherine Boldeau, le partenariat vise \u00e0 r\u00e9duire l\u2019empreinte carbone d\u2019une organisation confessionnelle nationale, \u00e0 mettre en contact les communaut\u00e9s du nord de la plan\u00e8te avec les communaut\u00e9s du sud afin de promouvoir une bonne gestion de l\u2019environnement, et \u00e0 cr\u00e9er une prise de conscience et un engagement autour de la responsabilit\u00e9 religieuse envers l\u2019environnement.<\/p>\n<p>\u00ab Le changement climatique nous concerne tous, pas seulement les personnes les plus vuln\u00e9rables de cette plan\u00e8te. C&rsquo;est l\u2019une des plus grandes menaces auxquelles l\u2019humanit\u00e9 est confront\u00e9e dans les temps modernes. Il est important de r\u00e9duire les effets n\u00e9gatifs, de s\u2019adapter aux changements rapidement et avec assurance, afin que nous puissions garantir le bien-\u00eatre de l\u2019humanit\u00e9 dans les limites de la plan\u00e8te, \u00bb a d\u00e9clar\u00e9 Carina Rolly, conseill\u00e8re pour la promotion et la politique de fonctionnement pour ADRA en Allemagne.<\/p>\n<p>Elle a ajout\u00e9 que l\u2019Allemagne a ressenti les effets du changement climatique r\u00e9cemment avec des inondations dans les r\u00e9gions occidentales.<\/p>\n<p>\u00ab ADRA a \u00e9t\u00e9 l\u2019un des principaux acteurs dans le domaine des ONG \u00e0 avoir soutenu les initiatives sociales et les m\u00e9nages en \u00e9troite coop\u00e9ration avec nos partenaires, \u00bb a d\u00e9clar\u00e9 Carina Rolly. \u00ab Les catastrophes continueront de se produire. Nous devons avoir une compr\u00e9hension plus solide et approfondie de ce que cela signifie pour nous en tant que communaut\u00e9 et comment nous voulons nous soutenir les uns les autres en tant que membres d\u2019\u00e9glise et en tant que soci\u00e9t\u00e9s. \u00bb<\/p>\n<p>Lors du programme de lancement de l\u2019initiative ASAP, le 9 novembre, Michael Kruger, pr\u00e9sident d\u2019ADRA, a partag\u00e9 un message pr\u00e9enregistr\u00e9.<\/p>\n<p>\u00ab Le monde a besoin d\u2019une action urgente, de solutions innovantes et d\u2019intendants fid\u00e8les. Le projet ASAP puise dans nos forces en tant qu\u2019adventistes, pour ce qui est des solutions au changement climatique bas\u00e9es sur la nature. En am\u00e9liorant les \u00e9cosyst\u00e8mes locaux, nous pouvons relever des d\u00e9fis tels que les risques de catastrophe, la perte de biodiversit\u00e9, la s\u00e9curit\u00e9 alimentaire, la s\u00e9curit\u00e9 dans le domaine de l\u2019eau, et la sant\u00e9 humaine, \u00bb a d\u00e9clar\u00e9 Michael Kruger. \u00ab Ces solutions sont reconnues comme \u00e9tant efficaces et rentables, comme aidant les gens \u00e0 s\u2019adapter au changement climatique et \u00e0 renforcer la r\u00e9silience des communaut\u00e9s. \u00bb<\/p>\n<p>Michael Kruger a not\u00e9 que le projet est le premier du genre et ne sera pas le dernier et qu\u2019il a le pouvoir de transformer des vies et des communaut\u00e9s \u00e0 travers le monde.<\/p>\n<p>\u00ab Le projet est \u00e9galement une invitation pour nous, en tant qu\u2019individus, \u00e0 agir et \u00e0 r\u00e9fl\u00e9chir \u00e0 la mani\u00e8re dont nos modes de vie peuvent contribuer \u00e0 un monde plus durable et \u00e9galitaire, \u00bb a-t-il dit.<\/p>\n<p><em>La\u00a0<\/em><a href=\"https:\/\/adra.org\/adras-network-experts-share-lessons-at-uns-climate-change-summit\" target=\"_blank\" rel=\"noopener\"><em>version originale <\/em><\/a><em>\u00a0de cet article a \u00e9t\u00e9 publi\u00e9e par <\/em><a href=\"https:\/\/adra.org\/\" target=\"_blank\" rel=\"noopener\"><em>l\u2019Agence Adventiste de D\u00e9veloppement et de Secours<\/em><\/a><em>.<\/em><\/p>\n<p>Traduction: Patrick Luciathe<\/p>\n","protected":false},"excerpt":{"rendered":"<p>Les experts de l\u2019agence humanitaire ont partag\u00e9 des le\u00e7ons et des suggestions lors de la COP26 \u00e0 Glasgow. 25 Novembre 2021 | Silver Spring, Maryland, \u00c9tats-Unis | Par Kimi-Roux James,&#8230;<\/p>\n","protected":false},"author":3,"featured_media":79527,"comment_status":"closed","ping_status":"closed","sticky":false,"template":"","format":"standard","meta":{"_acf_changed":false,"footnotes":""},"categories":[18,19],"tags":[],"class_list":["post-79536","post","type-post","status-publish","format-standard","has-post-thumbnail","hentry","category-nouvelles-de-leglise-mondiale","category-rss-francais"],"acf":[],"yoast_head":"<!-- This site is optimized with the Yoast SEO plugin v27.3 - https:\/\/yoast.com\/product\/yoast-seo-wordpress\/ -->\n<title>Gestion de l\u2019environnement, la r\u00e9ponse d\u2019ADRA au Sommet des Nations Unies sur le Changement Climatique - \u00c9glise Adventiste Du Septieme Jour - Inter Am\u00e9rique Division<\/title>\n<meta name=\"robots\" content=\"index, follow, max-snippet:-1, max-image-preview:large, max-video-preview:-1\" \/>\n<link rel=\"canonical\" href=\"https:\/\/interamerica.org\/fr\/2021\/11\/gestion-de-lenvironnement-la-reponse-dadra-au-sommet-des-nations-unies-sur-le-changement-climatique\/\" \/>\n<meta property=\"og:locale\" content=\"fr_FR\" \/>\n<meta property=\"og:type\" content=\"article\" \/>\n<meta property=\"og:title\" content=\"Gestion de l\u2019environnement, la r\u00e9ponse d\u2019ADRA au Sommet des Nations Unies sur le Changement Climatique - \u00c9glise Adventiste Du Septieme Jour - Inter Am\u00e9rique Division\" \/>\n<meta property=\"og:description\" content=\"Les experts de l\u2019agence humanitaire ont partag\u00e9 des le\u00e7ons et des suggestions lors de la COP26 \u00e0 Glasgow. 25 Novembre 2021 | Silver Spring, Maryland, \u00c9tats-Unis | Par Kimi-Roux James,...\" \/>\n<meta property=\"og:url\" content=\"https:\/\/interamerica.org\/fr\/2021\/11\/gestion-de-lenvironnement-la-reponse-dadra-au-sommet-des-nations-unies-sur-le-changement-climatique\/\" \/>\n<meta property=\"og:site_name\" content=\"\u00c9glise Adventiste Du Septieme Jour - Inter Am\u00e9rique Division\" \/>\n<meta property=\"article:published_time\" content=\"2021-11-25T10:34:40+00:00\" \/>\n<meta property=\"article:modified_time\" content=\"2021-11-25T17:30:57+00:00\" \/>\n<meta property=\"og:image\" content=\"https:\/\/interamerica.org\/wp-content\/uploads\/2021\/11\/environmental-stewardship-adras-response-to-uns-climate-change-summit1.jpeg\" \/>\n\t<meta property=\"og:image:width\" content=\"1000\" \/>\n\t<meta property=\"og:image:height\" content=\"500\" \/>\n\t<meta property=\"og:image:type\" content=\"image\/jpeg\" \/>\n<meta name=\"author\" content=\"libna\" \/>\n<meta name=\"twitter:card\" content=\"summary_large_image\" \/>\n<meta name=\"twitter:label1\" content=\"\u00c9crit par\" \/>\n\t<meta name=\"twitter:data1\" content=\"libna\" \/>\n\t<meta name=\"twitter:label2\" content=\"Dur\u00e9e de lecture estim\u00e9e\" \/>\n\t<meta name=\"twitter:data2\" content=\"8 minutes\" \/>\n<script type=\"application\/ld+json\" class=\"yoast-schema-graph\">{\"@context\":\"https:\\\/\\\/schema.org\",\"@graph\":[{\"@type\":\"Article\",\"@id\":\"https:\\\/\\\/interamerica.org\\\/fr\\\/2021\\\/11\\\/gestion-de-lenvironnement-la-reponse-dadra-au-sommet-des-nations-unies-sur-le-changement-climatique\\\/#article\",\"isPartOf\":{\"@id\":\"https:\\\/\\\/interamerica.org\\\/fr\\\/2021\\\/11\\\/gestion-de-lenvironnement-la-reponse-dadra-au-sommet-des-nations-unies-sur-le-changement-climatique\\\/\"},\"author\":{\"name\":\"libna\",\"@id\":\"https:\\\/\\\/interamerica.org\\\/fr\\\/#\\\/schema\\\/person\\\/29998f2bc2d8bd0d38662909289b54f1\"},\"headline\":\"Gestion de l\u2019environnement, la r\u00e9ponse d\u2019ADRA au Sommet des Nations Unies sur le Changement Climatique\",\"datePublished\":\"2021-11-25T10:34:40+00:00\",\"dateModified\":\"2021-11-25T17:30:57+00:00\",\"mainEntityOfPage\":{\"@id\":\"https:\\\/\\\/interamerica.org\\\/fr\\\/2021\\\/11\\\/gestion-de-lenvironnement-la-reponse-dadra-au-sommet-des-nations-unies-sur-le-changement-climatique\\\/\"},\"wordCount\":1703,\"image\":{\"@id\":\"https:\\\/\\\/interamerica.org\\\/fr\\\/2021\\\/11\\\/gestion-de-lenvironnement-la-reponse-dadra-au-sommet-des-nations-unies-sur-le-changement-climatique\\\/#primaryimage\"},\"thumbnailUrl\":\"https:\\\/\\\/interamerica.org\\\/wp-content\\\/uploads\\\/2021\\\/11\\\/environmental-stewardship-adras-response-to-uns-climate-change-summit1.jpeg\",\"articleSection\":[\"Nouvelles de l'\u00c9glise mondiale\",\"RSS Fran\u00e7ais\"],\"inLanguage\":\"fr-FR\"},{\"@type\":\"WebPage\",\"@id\":\"https:\\\/\\\/interamerica.org\\\/fr\\\/2021\\\/11\\\/gestion-de-lenvironnement-la-reponse-dadra-au-sommet-des-nations-unies-sur-le-changement-climatique\\\/\",\"url\":\"https:\\\/\\\/interamerica.org\\\/fr\\\/2021\\\/11\\\/gestion-de-lenvironnement-la-reponse-dadra-au-sommet-des-nations-unies-sur-le-changement-climatique\\\/\",\"name\":\"Gestion de l\u2019environnement, la r\u00e9ponse d\u2019ADRA au Sommet des Nations Unies sur le Changement Climatique - \u00c9glise Adventiste Du Septieme Jour - Inter Am\u00e9rique Division\",\"isPartOf\":{\"@id\":\"https:\\\/\\\/interamerica.org\\\/fr\\\/#website\"},\"primaryImageOfPage\":{\"@id\":\"https:\\\/\\\/interamerica.org\\\/fr\\\/2021\\\/11\\\/gestion-de-lenvironnement-la-reponse-dadra-au-sommet-des-nations-unies-sur-le-changement-climatique\\\/#primaryimage\"},\"image\":{\"@id\":\"https:\\\/\\\/interamerica.org\\\/fr\\\/2021\\\/11\\\/gestion-de-lenvironnement-la-reponse-dadra-au-sommet-des-nations-unies-sur-le-changement-climatique\\\/#primaryimage\"},\"thumbnailUrl\":\"https:\\\/\\\/interamerica.org\\\/wp-content\\\/uploads\\\/2021\\\/11\\\/environmental-stewardship-adras-response-to-uns-climate-change-summit1.jpeg\",\"datePublished\":\"2021-11-25T10:34:40+00:00\",\"dateModified\":\"2021-11-25T17:30:57+00:00\",\"author\":{\"@id\":\"https:\\\/\\\/interamerica.org\\\/fr\\\/#\\\/schema\\\/person\\\/29998f2bc2d8bd0d38662909289b54f1\"},\"breadcrumb\":{\"@id\":\"https:\\\/\\\/interamerica.org\\\/fr\\\/2021\\\/11\\\/gestion-de-lenvironnement-la-reponse-dadra-au-sommet-des-nations-unies-sur-le-changement-climatique\\\/#breadcrumb\"},\"inLanguage\":\"fr-FR\",\"potentialAction\":[{\"@type\":\"ReadAction\",\"target\":[\"https:\\\/\\\/interamerica.org\\\/fr\\\/2021\\\/11\\\/gestion-de-lenvironnement-la-reponse-dadra-au-sommet-des-nations-unies-sur-le-changement-climatique\\\/\"]}]},{\"@type\":\"ImageObject\",\"inLanguage\":\"fr-FR\",\"@id\":\"https:\\\/\\\/interamerica.org\\\/fr\\\/2021\\\/11\\\/gestion-de-lenvironnement-la-reponse-dadra-au-sommet-des-nations-unies-sur-le-changement-climatique\\\/#primaryimage\",\"url\":\"https:\\\/\\\/interamerica.org\\\/wp-content\\\/uploads\\\/2021\\\/11\\\/environmental-stewardship-adras-response-to-uns-climate-change-summit1.jpeg\",\"contentUrl\":\"https:\\\/\\\/interamerica.org\\\/wp-content\\\/uploads\\\/2021\\\/11\\\/environmental-stewardship-adras-response-to-uns-climate-change-summit1.jpeg\",\"width\":1000,\"height\":500,\"caption\":\"Table ronde en personne \u00e0 la COP26 \u00e0 Glasgow, mettant l\u2019accent sur des pratiques d\u2019utilisation des terres qui soient durables et qui restaurent les \u00e9cosyst\u00e8mes, entre autres sujets. [Photo : avec l\u2019aimable autorisation du Pavillon Allemand sur le Climat]\"},{\"@type\":\"BreadcrumbList\",\"@id\":\"https:\\\/\\\/interamerica.org\\\/fr\\\/2021\\\/11\\\/gestion-de-lenvironnement-la-reponse-dadra-au-sommet-des-nations-unies-sur-le-changement-climatique\\\/#breadcrumb\",\"itemListElement\":[{\"@type\":\"ListItem\",\"position\":1,\"name\":\"Home\",\"item\":\"https:\\\/\\\/interamerica.org\\\/fr\\\/\"},{\"@type\":\"ListItem\",\"position\":2,\"name\":\"Gestion de l\u2019environnement, la r\u00e9ponse d\u2019ADRA au Sommet des Nations Unies sur le Changement Climatique\"}]},{\"@type\":\"WebSite\",\"@id\":\"https:\\\/\\\/interamerica.org\\\/fr\\\/#website\",\"url\":\"https:\\\/\\\/interamerica.org\\\/fr\\\/\",\"name\":\"\u00c9glise Adventiste Du Septieme Jour - Inter Am\u00e9rique Division\",\"description\":\"\",\"potentialAction\":[{\"@type\":\"SearchAction\",\"target\":{\"@type\":\"EntryPoint\",\"urlTemplate\":\"https:\\\/\\\/interamerica.org\\\/fr\\\/?s={search_term_string}\"},\"query-input\":{\"@type\":\"PropertyValueSpecification\",\"valueRequired\":true,\"valueName\":\"search_term_string\"}}],\"inLanguage\":\"fr-FR\"},{\"@type\":\"Person\",\"@id\":\"https:\\\/\\\/interamerica.org\\\/fr\\\/#\\\/schema\\\/person\\\/29998f2bc2d8bd0d38662909289b54f1\",\"name\":\"libna\",\"image\":{\"@type\":\"ImageObject\",\"inLanguage\":\"fr-FR\",\"@id\":\"https:\\\/\\\/secure.gravatar.com\\\/avatar\\\/7c5bd30ae4b47a9ba3c856590957fd1d96dc588bf3ac05719d247e126840331f?s=96&d=mm&r=g\",\"url\":\"https:\\\/\\\/secure.gravatar.com\\\/avatar\\\/7c5bd30ae4b47a9ba3c856590957fd1d96dc588bf3ac05719d247e126840331f?s=96&d=mm&r=g\",\"contentUrl\":\"https:\\\/\\\/secure.gravatar.com\\\/avatar\\\/7c5bd30ae4b47a9ba3c856590957fd1d96dc588bf3ac05719d247e126840331f?s=96&d=mm&r=g\",\"caption\":\"libna\"}}]}<\/script>\n<!-- \/ Yoast SEO plugin. -->","yoast_head_json":{"title":"Gestion de l\u2019environnement, la r\u00e9ponse d\u2019ADRA au Sommet des Nations Unies sur le Changement Climatique - \u00c9glise Adventiste Du Septieme Jour - Inter Am\u00e9rique Division","robots":{"index":"index","follow":"follow","max-snippet":"max-snippet:-1","max-image-preview":"max-image-preview:large","max-video-preview":"max-video-preview:-1"},"canonical":"https:\/\/interamerica.org\/fr\/2021\/11\/gestion-de-lenvironnement-la-reponse-dadra-au-sommet-des-nations-unies-sur-le-changement-climatique\/","og_locale":"fr_FR","og_type":"article","og_title":"Gestion de l\u2019environnement, la r\u00e9ponse d\u2019ADRA au Sommet des Nations Unies sur le Changement Climatique - \u00c9glise Adventiste Du Septieme Jour - Inter Am\u00e9rique Division","og_description":"Les experts de l\u2019agence humanitaire ont partag\u00e9 des le\u00e7ons et des suggestions lors de la COP26 \u00e0 Glasgow. 25 Novembre 2021 | Silver Spring, Maryland, \u00c9tats-Unis | Par Kimi-Roux James,...","og_url":"https:\/\/interamerica.org\/fr\/2021\/11\/gestion-de-lenvironnement-la-reponse-dadra-au-sommet-des-nations-unies-sur-le-changement-climatique\/","og_site_name":"\u00c9glise Adventiste Du Septieme Jour - Inter Am\u00e9rique Division","article_published_time":"2021-11-25T10:34:40+00:00","article_modified_time":"2021-11-25T17:30:57+00:00","og_image":[{"width":1000,"height":500,"url":"https:\/\/interamerica.org\/wp-content\/uploads\/2021\/11\/environmental-stewardship-adras-response-to-uns-climate-change-summit1.jpeg","type":"image\/jpeg"}],"author":"libna","twitter_card":"summary_large_image","twitter_misc":{"\u00c9crit par":"libna","Dur\u00e9e de lecture estim\u00e9e":"8 minutes"},"schema":{"@context":"https:\/\/schema.org","@graph":[{"@type":"Article","@id":"https:\/\/interamerica.org\/fr\/2021\/11\/gestion-de-lenvironnement-la-reponse-dadra-au-sommet-des-nations-unies-sur-le-changement-climatique\/#article","isPartOf":{"@id":"https:\/\/interamerica.org\/fr\/2021\/11\/gestion-de-lenvironnement-la-reponse-dadra-au-sommet-des-nations-unies-sur-le-changement-climatique\/"},"author":{"name":"libna","@id":"https:\/\/interamerica.org\/fr\/#\/schema\/person\/29998f2bc2d8bd0d38662909289b54f1"},"headline":"Gestion de l\u2019environnement, la r\u00e9ponse d\u2019ADRA au Sommet des Nations Unies sur le Changement Climatique","datePublished":"2021-11-25T10:34:40+00:00","dateModified":"2021-11-25T17:30:57+00:00","mainEntityOfPage":{"@id":"https:\/\/interamerica.org\/fr\/2021\/11\/gestion-de-lenvironnement-la-reponse-dadra-au-sommet-des-nations-unies-sur-le-changement-climatique\/"},"wordCount":1703,"image":{"@id":"https:\/\/interamerica.org\/fr\/2021\/11\/gestion-de-lenvironnement-la-reponse-dadra-au-sommet-des-nations-unies-sur-le-changement-climatique\/#primaryimage"},"thumbnailUrl":"https:\/\/interamerica.org\/wp-content\/uploads\/2021\/11\/environmental-stewardship-adras-response-to-uns-climate-change-summit1.jpeg","articleSection":["Nouvelles de l'\u00c9glise mondiale","RSS Fran\u00e7ais"],"inLanguage":"fr-FR"},{"@type":"WebPage","@id":"https:\/\/interamerica.org\/fr\/2021\/11\/gestion-de-lenvironnement-la-reponse-dadra-au-sommet-des-nations-unies-sur-le-changement-climatique\/","url":"https:\/\/interamerica.org\/fr\/2021\/11\/gestion-de-lenvironnement-la-reponse-dadra-au-sommet-des-nations-unies-sur-le-changement-climatique\/","name":"Gestion de l\u2019environnement, la r\u00e9ponse d\u2019ADRA au Sommet des Nations Unies sur le Changement Climatique - \u00c9glise Adventiste Du Septieme Jour - Inter Am\u00e9rique Division","isPartOf":{"@id":"https:\/\/interamerica.org\/fr\/#website"},"primaryImageOfPage":{"@id":"https:\/\/interamerica.org\/fr\/2021\/11\/gestion-de-lenvironnement-la-reponse-dadra-au-sommet-des-nations-unies-sur-le-changement-climatique\/#primaryimage"},"image":{"@id":"https:\/\/interamerica.org\/fr\/2021\/11\/gestion-de-lenvironnement-la-reponse-dadra-au-sommet-des-nations-unies-sur-le-changement-climatique\/#primaryimage"},"thumbnailUrl":"https:\/\/interamerica.org\/wp-content\/uploads\/2021\/11\/environmental-stewardship-adras-response-to-uns-climate-change-summit1.jpeg","datePublished":"2021-11-25T10:34:40+00:00","dateModified":"2021-11-25T17:30:57+00:00","author":{"@id":"https:\/\/interamerica.org\/fr\/#\/schema\/person\/29998f2bc2d8bd0d38662909289b54f1"},"breadcrumb":{"@id":"https:\/\/interamerica.org\/fr\/2021\/11\/gestion-de-lenvironnement-la-reponse-dadra-au-sommet-des-nations-unies-sur-le-changement-climatique\/#breadcrumb"},"inLanguage":"fr-FR","potentialAction":[{"@type":"ReadAction","target":["https:\/\/interamerica.org\/fr\/2021\/11\/gestion-de-lenvironnement-la-reponse-dadra-au-sommet-des-nations-unies-sur-le-changement-climatique\/"]}]},{"@type":"ImageObject","inLanguage":"fr-FR","@id":"https:\/\/interamerica.org\/fr\/2021\/11\/gestion-de-lenvironnement-la-reponse-dadra-au-sommet-des-nations-unies-sur-le-changement-climatique\/#primaryimage","url":"https:\/\/interamerica.org\/wp-content\/uploads\/2021\/11\/environmental-stewardship-adras-response-to-uns-climate-change-summit1.jpeg","contentUrl":"https:\/\/interamerica.org\/wp-content\/uploads\/2021\/11\/environmental-stewardship-adras-response-to-uns-climate-change-summit1.jpeg","width":1000,"height":500,"caption":"Table ronde en personne \u00e0 la COP26 \u00e0 Glasgow, mettant l\u2019accent sur des pratiques d\u2019utilisation des terres qui soient durables et qui restaurent les \u00e9cosyst\u00e8mes, entre autres sujets. [Photo : avec l\u2019aimable autorisation du Pavillon Allemand sur le Climat]"},{"@type":"BreadcrumbList","@id":"https:\/\/interamerica.org\/fr\/2021\/11\/gestion-de-lenvironnement-la-reponse-dadra-au-sommet-des-nations-unies-sur-le-changement-climatique\/#breadcrumb","itemListElement":[{"@type":"ListItem","position":1,"name":"Home","item":"https:\/\/interamerica.org\/fr\/"},{"@type":"ListItem","position":2,"name":"Gestion de l\u2019environnement, la r\u00e9ponse d\u2019ADRA au Sommet des Nations Unies sur le Changement Climatique"}]},{"@type":"WebSite","@id":"https:\/\/interamerica.org\/fr\/#website","url":"https:\/\/interamerica.org\/fr\/","name":"\u00c9glise Adventiste Du Septieme Jour - Inter Am\u00e9rique Division","description":"","potentialAction":[{"@type":"SearchAction","target":{"@type":"EntryPoint","urlTemplate":"https:\/\/interamerica.org\/fr\/?s={search_term_string}"},"query-input":{"@type":"PropertyValueSpecification","valueRequired":true,"valueName":"search_term_string"}}],"inLanguage":"fr-FR"},{"@type":"Person","@id":"https:\/\/interamerica.org\/fr\/#\/schema\/person\/29998f2bc2d8bd0d38662909289b54f1","name":"libna","image":{"@type":"ImageObject","inLanguage":"fr-FR","@id":"https:\/\/secure.gravatar.com\/avatar\/7c5bd30ae4b47a9ba3c856590957fd1d96dc588bf3ac05719d247e126840331f?s=96&d=mm&r=g","url":"https:\/\/secure.gravatar.com\/avatar\/7c5bd30ae4b47a9ba3c856590957fd1d96dc588bf3ac05719d247e126840331f?s=96&d=mm&r=g","contentUrl":"https:\/\/secure.gravatar.com\/avatar\/7c5bd30ae4b47a9ba3c856590957fd1d96dc588bf3ac05719d247e126840331f?s=96&d=mm&r=g","caption":"libna"}}]}},"_links":{"self":[{"href":"https:\/\/interamerica.org\/fr\/wp-json\/wp\/v2\/posts\/79536","targetHints":{"allow":["GET"]}}],"collection":[{"href":"https:\/\/interamerica.org\/fr\/wp-json\/wp\/v2\/posts"}],"about":[{"href":"https:\/\/interamerica.org\/fr\/wp-json\/wp\/v2\/types\/post"}],"author":[{"embeddable":true,"href":"https:\/\/interamerica.org\/fr\/wp-json\/wp\/v2\/users\/3"}],"replies":[{"embeddable":true,"href":"https:\/\/interamerica.org\/fr\/wp-json\/wp\/v2\/comments?post=79536"}],"version-history":[{"count":0,"href":"https:\/\/interamerica.org\/fr\/wp-json\/wp\/v2\/posts\/79536\/revisions"}],"wp:featuredmedia":[{"embeddable":true,"href":"https:\/\/interamerica.org\/fr\/wp-json\/wp\/v2\/media\/79527"}],"wp:attachment":[{"href":"https:\/\/interamerica.org\/fr\/wp-json\/wp\/v2\/media?parent=79536"}],"wp:term":[{"taxonomy":"category","embeddable":true,"href":"https:\/\/interamerica.org\/fr\/wp-json\/wp\/v2\/categories?post=79536"},{"taxonomy":"post_tag","embeddable":true,"href":"https:\/\/interamerica.org\/fr\/wp-json\/wp\/v2\/tags?post=79536"}],"curies":[{"name":"wp","href":"https:\/\/api.w.org\/{rel}","templated":true}]}}