{"id":79700,"date":"2021-12-07T23:22:44","date_gmt":"2021-12-08T03:22:44","guid":{"rendered":"https:\/\/recursing-golick.147-182-135-0.plesk.page\/?p=79700"},"modified":"2021-12-09T11:02:10","modified_gmt":"2021-12-09T15:02:10","slug":"adra-europe-remercie-des-milliers-de-personnes-avant-la-journee-internationale-des-volontaires","status":"publish","type":"post","link":"https:\/\/interamerica.org\/fr\/2021\/12\/adra-europe-remercie-des-milliers-de-personnes-avant-la-journee-internationale-des-volontaires\/","title":{"rendered":"ADRA Europe remercie des milliers de personnes avant la Journ\u00e9e Internationale des Volontaires"},"content":{"rendered":"<h4 class=\"subtitle\">L\u2019agence indique que beaucoup des choses qu\u2019elle r\u00e9alise ne seraient pas possibles sans les b\u00e9n\u00e9voles.<\/h4>\n<p><span class=\"byline-news\">7 D\u00e9cembre 2021 | Par : Veronika Ga\u017edov\u00e1 et Katja Kotnik, avec le P\u00f4le Informations de la Division Trans-Europ\u00e9enne\u00a0<\/span><\/p>\n<p><span class=\"cap\">L<\/span>a Journ\u00e9e Internationale des Volontaires est c\u00e9l\u00e9br\u00e9e chaque ann\u00e9e le 5 d\u00e9cembre. Mise en place par les Nations Unies en 1985, c\u2019est une journ\u00e9e importante pour l\u2019Agence Adventiste de D\u00e9veloppement et de Secours (ADRA), qui s\u2019appuie sur un r\u00e9seau de b\u00e9n\u00e9voles passionn\u00e9s pour aider \u00e0 g\u00e9rer bon nombre de ses programmes.<\/p>\n<p>\u00ab Nous aimerions saisir cette opportunit\u00e9 pour exprimer notre gratitude \u00e0 l\u2019endroit des milliers de b\u00e9n\u00e9voles qui nous font confiance et nous aident \u00e0 soutenir les personnes qui sont dans le besoin \u00e0 travers le monde, \u00bb ont soulign\u00e9 les dirigeants d\u2019ADRA Europe. Rien qu\u2019en 2020, ADRA a soutenu dans le monde plus de 34560000 foyers, dont plus de 19969000 b\u00e9n\u00e9ficiaires qui ont re\u00e7u une assistance pendant la pand\u00e9mie de COVID-19. \u00ab Cela n\u2019aurait pas \u00e9t\u00e9 possible sans le soutien de nos b\u00e9n\u00e9voles d\u00e9vou\u00e9s. Merci \u00e0 tous ! \u00bb<\/p>\n<p><div id=\"attachment_79694\" style=\"width: 826px\" class=\"wp-caption aligncenter\"><img fetchpriority=\"high\" decoding=\"async\" aria-describedby=\"caption-attachment-79694\" class=\" wp-image-79694\" src=\"https:\/\/recursing-golick.147-182-135-0.plesk.page\/wp-content\/uploads\/2021\/12\/get-involved-landing-page-volunteer-oqtdag5u6uzl8fhnqbru4665g71ejmdz9fgk7gidr4.jpeg\" alt=\"\" width=\"816\" height=\"816\" srcset=\"https:\/\/interamerica.org\/wp-content\/uploads\/2021\/12\/get-involved-landing-page-volunteer-oqtdag5u6uzl8fhnqbru4665g71ejmdz9fgk7gidr4.jpeg 1000w, https:\/\/interamerica.org\/wp-content\/uploads\/2021\/12\/get-involved-landing-page-volunteer-oqtdag5u6uzl8fhnqbru4665g71ejmdz9fgk7gidr4-300x300.jpeg 300w, https:\/\/interamerica.org\/wp-content\/uploads\/2021\/12\/get-involved-landing-page-volunteer-oqtdag5u6uzl8fhnqbru4665g71ejmdz9fgk7gidr4-150x150.jpeg 150w, https:\/\/interamerica.org\/wp-content\/uploads\/2021\/12\/get-involved-landing-page-volunteer-oqtdag5u6uzl8fhnqbru4665g71ejmdz9fgk7gidr4-768x768.jpeg 768w\" sizes=\"(max-width: 816px) 100vw, 816px\" \/><p id=\"caption-attachment-79694\" class=\"wp-caption-text\">Chaque ann\u00e9e, des milliers de volontaires donnent de leur temps pour soutenir l\u2019action de l\u2019Agence Adventiste de D\u00e9veloppement et de Secours \u00e0 travers le monde. [Photo : Agence Adventiste de D\u00e9veloppement et de Secours]<\/p><\/div>L\u2019ann\u00e9e 2021 a \u00e9t\u00e9 particuli\u00e8rement difficile pour plusieurs pays europ\u00e9ens. En plus de faire face aux d\u00e9fis pos\u00e9s par la pand\u00e9mie, plusieurs catastrophes naturelles ont frapp\u00e9 la r\u00e9gion : des incendies de for\u00eat ont ravag\u00e9 de vastes zones en Italie, en Gr\u00e8ce et en Turquie ;\u00a0des inondations meurtri\u00e8res ont frapp\u00e9 l\u2019Allemagne et la Belgique, etune tornade rare et violente a frapp\u00e9 plusieurs villages de la R\u00e9publique Tch\u00e8que. Dans tous ces cas, une intervention imm\u00e9diate a \u00e9t\u00e9 coordonn\u00e9e par ADRA Europe, \u00ab gr\u00e2ce non seulement aux professionnels mais aussi aux milliers de civils pleins de compassion qui ont propos\u00e9 de faire du b\u00e9n\u00e9volat \u00e0 la fois \u00e0 distance et directement dans les zones touch\u00e9es, \u00bb ont indiqu\u00e9 les dirigeants d\u2019ADRA Europe.<\/p>\n<p>En d\u00e9pit des efforts d\u00e9ploy\u00e9s pour pr\u00e9venir des trag\u00e9dies, certaines ne peuvent \u00eatre compl\u00e8tement \u00e9vit\u00e9es. Dans de tels cas, \u00ab avoir un solide r\u00e9seau de b\u00e9n\u00e9voles pr\u00eats \u00e0 agir \u00bb est d\u2019une importance cruciale. \u00ab Nous sommes extr\u00eamement reconnaissants envers les personnes g\u00e9n\u00e9reuses qui font du b\u00e9n\u00e9volat avec int\u00e9grit\u00e9 et solidarit\u00e9. Leur aide est essentielle en temps de crise, \u00bb a d\u00e9clar\u00e9 ADRA Europe dans un communiqu\u00e9.<\/p>\n<p><div id=\"attachment_79697\" style=\"width: 830px\" class=\"wp-caption aligncenter\"><img decoding=\"async\" aria-describedby=\"caption-attachment-79697\" class=\" wp-image-79697\" src=\"https:\/\/recursing-golick.147-182-135-0.plesk.page\/wp-content\/uploads\/2021\/12\/adra-volunteer-2.jpg\" alt=\"\" width=\"820\" height=\"433\" srcset=\"https:\/\/interamerica.org\/wp-content\/uploads\/2021\/12\/adra-volunteer-2.jpg 1000w, https:\/\/interamerica.org\/wp-content\/uploads\/2021\/12\/adra-volunteer-2-300x158.jpg 300w, https:\/\/interamerica.org\/wp-content\/uploads\/2021\/12\/adra-volunteer-2-768x406.jpg 768w\" sizes=\"(max-width: 820px) 100vw, 820px\" \/><p id=\"caption-attachment-79697\" class=\"wp-caption-text\">Gr\u00e2ce au programme ADRA Connections, l\u2019agence humanitaire adventiste organise de fr\u00e9quents voyages de sensibilisation au volontariat pour offrir des opportunit\u00e9s de service dans le monde entier. [Photo : Agence Adventiste de D\u00e9veloppement et de Secours]<\/p><\/div>Le directeur d\u2019ADRA Europe, Jo\u00e3o Martins, est du m\u00eame avis. \u00ab En temps de crise, le travail des b\u00e9n\u00e9voles est plus visible. Cependant, plusieurs parmi ces milliers d\u2019hommes et de femmes se rendent disponibles chaque jour ou chaque semaine afin de partager leur temps et leurs talents avec ceux qui sont dans le besoin, \u00bb a-t-il d\u00e9clar\u00e9. \u00ab Ils d\u00e9montrent l\u2019amour de Dieu de mani\u00e8re pratique, exer\u00e7ant leur minist\u00e8re avec compassion, comme J\u00e9sus l\u2019a fait. \u00bb<\/p>\n<p><em>La\u00a0<\/em><a href=\"https:\/\/ted.adventist.org\/news\/1923-celebrating-volunteers\" target=\"_blank\" rel=\"noopener\"><em>version originale<\/em><\/a><em>\u00a0de ce r\u00e9cit a \u00e9t\u00e9 publi\u00e9e sur le<\/em><a href=\"https:\/\/ted.adventist.org\/news\" target=\"_blank\" rel=\"noopener\"><em>site d&rsquo;informations<\/em><\/a><em>de la Division Trans-Europ\u00e9enne.<\/em><\/p>\n<p>Traduction: Patrick Luciathe<\/p>\n","protected":false},"excerpt":{"rendered":"<p>L\u2019agence indique que beaucoup des choses qu\u2019elle r\u00e9alise ne seraient pas possibles sans les b\u00e9n\u00e9voles. 7 D\u00e9cembre 2021 | Par : Veronika Ga\u017edov\u00e1 et Katja Kotnik, avec le P\u00f4le Informations&#8230;<\/p>\n","protected":false},"author":3,"featured_media":79691,"comment_status":"closed","ping_status":"closed","sticky":false,"template":"","format":"standard","meta":{"_acf_changed":false,"footnotes":""},"categories":[18,19],"tags":[],"class_list":["post-79700","post","type-post","status-publish","format-standard","has-post-thumbnail","hentry","category-nouvelles-de-leglise-mondiale","category-rss-francais"],"acf":[],"yoast_head":"<!-- This site is optimized with the Yoast SEO plugin v27.3 - https:\/\/yoast.com\/product\/yoast-seo-wordpress\/ -->\n<title>ADRA Europe remercie des milliers de personnes avant la Journ\u00e9e Internationale des Volontaires - \u00c9glise Adventiste Du Septieme Jour - Inter Am\u00e9rique Division<\/title>\n<meta name=\"robots\" content=\"index, follow, max-snippet:-1, max-image-preview:large, max-video-preview:-1\" \/>\n<link rel=\"canonical\" href=\"https:\/\/interamerica.org\/fr\/2021\/12\/adra-europe-remercie-des-milliers-de-personnes-avant-la-journee-internationale-des-volontaires\/\" \/>\n<meta property=\"og:locale\" content=\"fr_FR\" \/>\n<meta property=\"og:type\" content=\"article\" \/>\n<meta property=\"og:title\" content=\"ADRA Europe remercie des milliers de personnes avant la Journ\u00e9e Internationale des Volontaires - \u00c9glise Adventiste Du Septieme Jour - Inter Am\u00e9rique Division\" \/>\n<meta property=\"og:description\" content=\"L\u2019agence indique que beaucoup des choses qu\u2019elle r\u00e9alise ne seraient pas possibles sans les b\u00e9n\u00e9voles. 7 D\u00e9cembre 2021 | Par : Veronika Ga\u017edov\u00e1 et Katja Kotnik, avec le P\u00f4le Informations...\" \/>\n<meta property=\"og:url\" content=\"https:\/\/interamerica.org\/fr\/2021\/12\/adra-europe-remercie-des-milliers-de-personnes-avant-la-journee-internationale-des-volontaires\/\" \/>\n<meta property=\"og:site_name\" content=\"\u00c9glise Adventiste Du Septieme Jour - Inter Am\u00e9rique Division\" \/>\n<meta property=\"article:published_time\" content=\"2021-12-08T03:22:44+00:00\" \/>\n<meta property=\"article:modified_time\" content=\"2021-12-09T15:02:10+00:00\" \/>\n<meta property=\"og:image\" content=\"https:\/\/interamerica.org\/wp-content\/uploads\/2021\/12\/adra-europe-thanks-thousands-ahead-of-international-volunteer-day1.jpeg\" \/>\n\t<meta property=\"og:image:width\" content=\"1000\" \/>\n\t<meta property=\"og:image:height\" content=\"500\" \/>\n\t<meta property=\"og:image:type\" content=\"image\/jpeg\" \/>\n<meta name=\"author\" content=\"libna\" \/>\n<meta name=\"twitter:card\" content=\"summary_large_image\" \/>\n<meta name=\"twitter:label1\" content=\"\u00c9crit par\" \/>\n\t<meta name=\"twitter:data1\" content=\"libna\" \/>\n\t<meta name=\"twitter:label2\" content=\"Dur\u00e9e de lecture estim\u00e9e\" \/>\n\t<meta name=\"twitter:data2\" content=\"3 minutes\" \/>\n<script type=\"application\/ld+json\" class=\"yoast-schema-graph\">{\"@context\":\"https:\\\/\\\/schema.org\",\"@graph\":[{\"@type\":\"Article\",\"@id\":\"https:\\\/\\\/interamerica.org\\\/fr\\\/2021\\\/12\\\/adra-europe-remercie-des-milliers-de-personnes-avant-la-journee-internationale-des-volontaires\\\/#article\",\"isPartOf\":{\"@id\":\"https:\\\/\\\/interamerica.org\\\/fr\\\/2021\\\/12\\\/adra-europe-remercie-des-milliers-de-personnes-avant-la-journee-internationale-des-volontaires\\\/\"},\"author\":{\"name\":\"libna\",\"@id\":\"https:\\\/\\\/interamerica.org\\\/fr\\\/#\\\/schema\\\/person\\\/29998f2bc2d8bd0d38662909289b54f1\"},\"headline\":\"ADRA Europe remercie des milliers de personnes avant la Journ\u00e9e Internationale des Volontaires\",\"datePublished\":\"2021-12-08T03:22:44+00:00\",\"dateModified\":\"2021-12-09T15:02:10+00:00\",\"mainEntityOfPage\":{\"@id\":\"https:\\\/\\\/interamerica.org\\\/fr\\\/2021\\\/12\\\/adra-europe-remercie-des-milliers-de-personnes-avant-la-journee-internationale-des-volontaires\\\/\"},\"wordCount\":624,\"image\":{\"@id\":\"https:\\\/\\\/interamerica.org\\\/fr\\\/2021\\\/12\\\/adra-europe-remercie-des-milliers-de-personnes-avant-la-journee-internationale-des-volontaires\\\/#primaryimage\"},\"thumbnailUrl\":\"https:\\\/\\\/interamerica.org\\\/wp-content\\\/uploads\\\/2021\\\/12\\\/adra-europe-thanks-thousands-ahead-of-international-volunteer-day1.jpeg\",\"articleSection\":[\"Nouvelles de l'\u00c9glise mondiale\",\"RSS Fran\u00e7ais\"],\"inLanguage\":\"fr-FR\"},{\"@type\":\"WebPage\",\"@id\":\"https:\\\/\\\/interamerica.org\\\/fr\\\/2021\\\/12\\\/adra-europe-remercie-des-milliers-de-personnes-avant-la-journee-internationale-des-volontaires\\\/\",\"url\":\"https:\\\/\\\/interamerica.org\\\/fr\\\/2021\\\/12\\\/adra-europe-remercie-des-milliers-de-personnes-avant-la-journee-internationale-des-volontaires\\\/\",\"name\":\"ADRA Europe remercie des milliers de personnes avant la Journ\u00e9e Internationale des Volontaires - \u00c9glise Adventiste Du Septieme Jour - Inter Am\u00e9rique Division\",\"isPartOf\":{\"@id\":\"https:\\\/\\\/interamerica.org\\\/fr\\\/#website\"},\"primaryImageOfPage\":{\"@id\":\"https:\\\/\\\/interamerica.org\\\/fr\\\/2021\\\/12\\\/adra-europe-remercie-des-milliers-de-personnes-avant-la-journee-internationale-des-volontaires\\\/#primaryimage\"},\"image\":{\"@id\":\"https:\\\/\\\/interamerica.org\\\/fr\\\/2021\\\/12\\\/adra-europe-remercie-des-milliers-de-personnes-avant-la-journee-internationale-des-volontaires\\\/#primaryimage\"},\"thumbnailUrl\":\"https:\\\/\\\/interamerica.org\\\/wp-content\\\/uploads\\\/2021\\\/12\\\/adra-europe-thanks-thousands-ahead-of-international-volunteer-day1.jpeg\",\"datePublished\":\"2021-12-08T03:22:44+00:00\",\"dateModified\":\"2021-12-09T15:02:10+00:00\",\"author\":{\"@id\":\"https:\\\/\\\/interamerica.org\\\/fr\\\/#\\\/schema\\\/person\\\/29998f2bc2d8bd0d38662909289b54f1\"},\"breadcrumb\":{\"@id\":\"https:\\\/\\\/interamerica.org\\\/fr\\\/2021\\\/12\\\/adra-europe-remercie-des-milliers-de-personnes-avant-la-journee-internationale-des-volontaires\\\/#breadcrumb\"},\"inLanguage\":\"fr-FR\",\"potentialAction\":[{\"@type\":\"ReadAction\",\"target\":[\"https:\\\/\\\/interamerica.org\\\/fr\\\/2021\\\/12\\\/adra-europe-remercie-des-milliers-de-personnes-avant-la-journee-internationale-des-volontaires\\\/\"]}]},{\"@type\":\"ImageObject\",\"inLanguage\":\"fr-FR\",\"@id\":\"https:\\\/\\\/interamerica.org\\\/fr\\\/2021\\\/12\\\/adra-europe-remercie-des-milliers-de-personnes-avant-la-journee-internationale-des-volontaires\\\/#primaryimage\",\"url\":\"https:\\\/\\\/interamerica.org\\\/wp-content\\\/uploads\\\/2021\\\/12\\\/adra-europe-thanks-thousands-ahead-of-international-volunteer-day1.jpeg\",\"contentUrl\":\"https:\\\/\\\/interamerica.org\\\/wp-content\\\/uploads\\\/2021\\\/12\\\/adra-europe-thanks-thousands-ahead-of-international-volunteer-day1.jpeg\",\"width\":1000,\"height\":500},{\"@type\":\"BreadcrumbList\",\"@id\":\"https:\\\/\\\/interamerica.org\\\/fr\\\/2021\\\/12\\\/adra-europe-remercie-des-milliers-de-personnes-avant-la-journee-internationale-des-volontaires\\\/#breadcrumb\",\"itemListElement\":[{\"@type\":\"ListItem\",\"position\":1,\"name\":\"Home\",\"item\":\"https:\\\/\\\/interamerica.org\\\/fr\\\/\"},{\"@type\":\"ListItem\",\"position\":2,\"name\":\"ADRA Europe remercie des milliers de personnes avant la Journ\u00e9e Internationale des Volontaires\"}]},{\"@type\":\"WebSite\",\"@id\":\"https:\\\/\\\/interamerica.org\\\/fr\\\/#website\",\"url\":\"https:\\\/\\\/interamerica.org\\\/fr\\\/\",\"name\":\"\u00c9glise Adventiste Du Septieme Jour - Inter Am\u00e9rique Division\",\"description\":\"\",\"potentialAction\":[{\"@type\":\"SearchAction\",\"target\":{\"@type\":\"EntryPoint\",\"urlTemplate\":\"https:\\\/\\\/interamerica.org\\\/fr\\\/?s={search_term_string}\"},\"query-input\":{\"@type\":\"PropertyValueSpecification\",\"valueRequired\":true,\"valueName\":\"search_term_string\"}}],\"inLanguage\":\"fr-FR\"},{\"@type\":\"Person\",\"@id\":\"https:\\\/\\\/interamerica.org\\\/fr\\\/#\\\/schema\\\/person\\\/29998f2bc2d8bd0d38662909289b54f1\",\"name\":\"libna\",\"image\":{\"@type\":\"ImageObject\",\"inLanguage\":\"fr-FR\",\"@id\":\"https:\\\/\\\/secure.gravatar.com\\\/avatar\\\/7c5bd30ae4b47a9ba3c856590957fd1d96dc588bf3ac05719d247e126840331f?s=96&d=mm&r=g\",\"url\":\"https:\\\/\\\/secure.gravatar.com\\\/avatar\\\/7c5bd30ae4b47a9ba3c856590957fd1d96dc588bf3ac05719d247e126840331f?s=96&d=mm&r=g\",\"contentUrl\":\"https:\\\/\\\/secure.gravatar.com\\\/avatar\\\/7c5bd30ae4b47a9ba3c856590957fd1d96dc588bf3ac05719d247e126840331f?s=96&d=mm&r=g\",\"caption\":\"libna\"}}]}<\/script>\n<!-- \/ Yoast SEO plugin. -->","yoast_head_json":{"title":"ADRA Europe remercie des milliers de personnes avant la Journ\u00e9e Internationale des Volontaires - \u00c9glise Adventiste Du Septieme Jour - Inter Am\u00e9rique Division","robots":{"index":"index","follow":"follow","max-snippet":"max-snippet:-1","max-image-preview":"max-image-preview:large","max-video-preview":"max-video-preview:-1"},"canonical":"https:\/\/interamerica.org\/fr\/2021\/12\/adra-europe-remercie-des-milliers-de-personnes-avant-la-journee-internationale-des-volontaires\/","og_locale":"fr_FR","og_type":"article","og_title":"ADRA Europe remercie des milliers de personnes avant la Journ\u00e9e Internationale des Volontaires - \u00c9glise Adventiste Du Septieme Jour - Inter Am\u00e9rique Division","og_description":"L\u2019agence indique que beaucoup des choses qu\u2019elle r\u00e9alise ne seraient pas possibles sans les b\u00e9n\u00e9voles. 7 D\u00e9cembre 2021 | Par : Veronika Ga\u017edov\u00e1 et Katja Kotnik, avec le P\u00f4le Informations...","og_url":"https:\/\/interamerica.org\/fr\/2021\/12\/adra-europe-remercie-des-milliers-de-personnes-avant-la-journee-internationale-des-volontaires\/","og_site_name":"\u00c9glise Adventiste Du Septieme Jour - Inter Am\u00e9rique Division","article_published_time":"2021-12-08T03:22:44+00:00","article_modified_time":"2021-12-09T15:02:10+00:00","og_image":[{"width":1000,"height":500,"url":"https:\/\/interamerica.org\/wp-content\/uploads\/2021\/12\/adra-europe-thanks-thousands-ahead-of-international-volunteer-day1.jpeg","type":"image\/jpeg"}],"author":"libna","twitter_card":"summary_large_image","twitter_misc":{"\u00c9crit par":"libna","Dur\u00e9e de lecture estim\u00e9e":"3 minutes"},"schema":{"@context":"https:\/\/schema.org","@graph":[{"@type":"Article","@id":"https:\/\/interamerica.org\/fr\/2021\/12\/adra-europe-remercie-des-milliers-de-personnes-avant-la-journee-internationale-des-volontaires\/#article","isPartOf":{"@id":"https:\/\/interamerica.org\/fr\/2021\/12\/adra-europe-remercie-des-milliers-de-personnes-avant-la-journee-internationale-des-volontaires\/"},"author":{"name":"libna","@id":"https:\/\/interamerica.org\/fr\/#\/schema\/person\/29998f2bc2d8bd0d38662909289b54f1"},"headline":"ADRA Europe remercie des milliers de personnes avant la Journ\u00e9e Internationale des Volontaires","datePublished":"2021-12-08T03:22:44+00:00","dateModified":"2021-12-09T15:02:10+00:00","mainEntityOfPage":{"@id":"https:\/\/interamerica.org\/fr\/2021\/12\/adra-europe-remercie-des-milliers-de-personnes-avant-la-journee-internationale-des-volontaires\/"},"wordCount":624,"image":{"@id":"https:\/\/interamerica.org\/fr\/2021\/12\/adra-europe-remercie-des-milliers-de-personnes-avant-la-journee-internationale-des-volontaires\/#primaryimage"},"thumbnailUrl":"https:\/\/interamerica.org\/wp-content\/uploads\/2021\/12\/adra-europe-thanks-thousands-ahead-of-international-volunteer-day1.jpeg","articleSection":["Nouvelles de l'\u00c9glise mondiale","RSS Fran\u00e7ais"],"inLanguage":"fr-FR"},{"@type":"WebPage","@id":"https:\/\/interamerica.org\/fr\/2021\/12\/adra-europe-remercie-des-milliers-de-personnes-avant-la-journee-internationale-des-volontaires\/","url":"https:\/\/interamerica.org\/fr\/2021\/12\/adra-europe-remercie-des-milliers-de-personnes-avant-la-journee-internationale-des-volontaires\/","name":"ADRA Europe remercie des milliers de personnes avant la Journ\u00e9e Internationale des Volontaires - \u00c9glise Adventiste Du Septieme Jour - Inter Am\u00e9rique Division","isPartOf":{"@id":"https:\/\/interamerica.org\/fr\/#website"},"primaryImageOfPage":{"@id":"https:\/\/interamerica.org\/fr\/2021\/12\/adra-europe-remercie-des-milliers-de-personnes-avant-la-journee-internationale-des-volontaires\/#primaryimage"},"image":{"@id":"https:\/\/interamerica.org\/fr\/2021\/12\/adra-europe-remercie-des-milliers-de-personnes-avant-la-journee-internationale-des-volontaires\/#primaryimage"},"thumbnailUrl":"https:\/\/interamerica.org\/wp-content\/uploads\/2021\/12\/adra-europe-thanks-thousands-ahead-of-international-volunteer-day1.jpeg","datePublished":"2021-12-08T03:22:44+00:00","dateModified":"2021-12-09T15:02:10+00:00","author":{"@id":"https:\/\/interamerica.org\/fr\/#\/schema\/person\/29998f2bc2d8bd0d38662909289b54f1"},"breadcrumb":{"@id":"https:\/\/interamerica.org\/fr\/2021\/12\/adra-europe-remercie-des-milliers-de-personnes-avant-la-journee-internationale-des-volontaires\/#breadcrumb"},"inLanguage":"fr-FR","potentialAction":[{"@type":"ReadAction","target":["https:\/\/interamerica.org\/fr\/2021\/12\/adra-europe-remercie-des-milliers-de-personnes-avant-la-journee-internationale-des-volontaires\/"]}]},{"@type":"ImageObject","inLanguage":"fr-FR","@id":"https:\/\/interamerica.org\/fr\/2021\/12\/adra-europe-remercie-des-milliers-de-personnes-avant-la-journee-internationale-des-volontaires\/#primaryimage","url":"https:\/\/interamerica.org\/wp-content\/uploads\/2021\/12\/adra-europe-thanks-thousands-ahead-of-international-volunteer-day1.jpeg","contentUrl":"https:\/\/interamerica.org\/wp-content\/uploads\/2021\/12\/adra-europe-thanks-thousands-ahead-of-international-volunteer-day1.jpeg","width":1000,"height":500},{"@type":"BreadcrumbList","@id":"https:\/\/interamerica.org\/fr\/2021\/12\/adra-europe-remercie-des-milliers-de-personnes-avant-la-journee-internationale-des-volontaires\/#breadcrumb","itemListElement":[{"@type":"ListItem","position":1,"name":"Home","item":"https:\/\/interamerica.org\/fr\/"},{"@type":"ListItem","position":2,"name":"ADRA Europe remercie des milliers de personnes avant la Journ\u00e9e Internationale des Volontaires"}]},{"@type":"WebSite","@id":"https:\/\/interamerica.org\/fr\/#website","url":"https:\/\/interamerica.org\/fr\/","name":"\u00c9glise Adventiste Du Septieme Jour - Inter Am\u00e9rique Division","description":"","potentialAction":[{"@type":"SearchAction","target":{"@type":"EntryPoint","urlTemplate":"https:\/\/interamerica.org\/fr\/?s={search_term_string}"},"query-input":{"@type":"PropertyValueSpecification","valueRequired":true,"valueName":"search_term_string"}}],"inLanguage":"fr-FR"},{"@type":"Person","@id":"https:\/\/interamerica.org\/fr\/#\/schema\/person\/29998f2bc2d8bd0d38662909289b54f1","name":"libna","image":{"@type":"ImageObject","inLanguage":"fr-FR","@id":"https:\/\/secure.gravatar.com\/avatar\/7c5bd30ae4b47a9ba3c856590957fd1d96dc588bf3ac05719d247e126840331f?s=96&d=mm&r=g","url":"https:\/\/secure.gravatar.com\/avatar\/7c5bd30ae4b47a9ba3c856590957fd1d96dc588bf3ac05719d247e126840331f?s=96&d=mm&r=g","contentUrl":"https:\/\/secure.gravatar.com\/avatar\/7c5bd30ae4b47a9ba3c856590957fd1d96dc588bf3ac05719d247e126840331f?s=96&d=mm&r=g","caption":"libna"}}]}},"_links":{"self":[{"href":"https:\/\/interamerica.org\/fr\/wp-json\/wp\/v2\/posts\/79700","targetHints":{"allow":["GET"]}}],"collection":[{"href":"https:\/\/interamerica.org\/fr\/wp-json\/wp\/v2\/posts"}],"about":[{"href":"https:\/\/interamerica.org\/fr\/wp-json\/wp\/v2\/types\/post"}],"author":[{"embeddable":true,"href":"https:\/\/interamerica.org\/fr\/wp-json\/wp\/v2\/users\/3"}],"replies":[{"embeddable":true,"href":"https:\/\/interamerica.org\/fr\/wp-json\/wp\/v2\/comments?post=79700"}],"version-history":[{"count":0,"href":"https:\/\/interamerica.org\/fr\/wp-json\/wp\/v2\/posts\/79700\/revisions"}],"wp:featuredmedia":[{"embeddable":true,"href":"https:\/\/interamerica.org\/fr\/wp-json\/wp\/v2\/media\/79691"}],"wp:attachment":[{"href":"https:\/\/interamerica.org\/fr\/wp-json\/wp\/v2\/media?parent=79700"}],"wp:term":[{"taxonomy":"category","embeddable":true,"href":"https:\/\/interamerica.org\/fr\/wp-json\/wp\/v2\/categories?post=79700"},{"taxonomy":"post_tag","embeddable":true,"href":"https:\/\/interamerica.org\/fr\/wp-json\/wp\/v2\/tags?post=79700"}],"curies":[{"name":"wp","href":"https:\/\/api.w.org\/{rel}","templated":true}]}}