{"id":79874,"date":"2021-12-23T20:29:39","date_gmt":"2021-12-24T00:29:39","guid":{"rendered":"https:\/\/recursing-golick.147-182-135-0.plesk.page\/?p=79874"},"modified":"2021-12-31T10:38:20","modified_gmt":"2021-12-31T14:38:20","slug":"que-est-le-don-de-dieu-pour-nos","status":"publish","type":"post","link":"https:\/\/interamerica.org\/fr\/2021\/12\/que-est-le-don-de-dieu-pour-nos\/","title":{"rendered":"Que est le don de Dieu pour nos?"},"content":{"rendered":"<p>23 decembre 2021 | Silver Spring, Maryland, \u00c9tats-Unis | Ted N.C. Wilson<\/p>\n<p><b>TW<\/b><span style=\"font-weight: 400;\"> : Salutation, mes amis. En cette p\u00e9riode particuli\u00e8re de l\u2019ann\u00e9e, Nancy et moi, nous aimerions vous adresser nos plus chaleureux v\u0153ux chr\u00e9tiens ! Nous prions pour que, o\u00f9 que vous soyez en ce moment, vous ressentiez, de mani\u00e8re tr\u00e8s r\u00e9elle, la proximit\u00e9 de notre Seigneur et Sauveur, J\u00e9sus-Christ.<\/span><\/p>\n<p><b>NW<\/b><span style=\"font-weight: 400;\"> : Il y a plusieurs ann\u00e9es, le 29 octobre 1993, les sept astronautes \u00e0 bord de la navette spatiale \u00ab Columbia \u00bb ont \u00e9t\u00e9 r\u00e9veill\u00e9s par une musique provenant du centre de contr\u00f4le de Houston, au Texas. Ce matin-l\u00e0, le r\u00e9veil comprenait une chanson populaire intitul\u00e9e \u00ab From a Distance \u00bb, et les paroles semblaient si appropri\u00e9es&#8230; alors que les astronautes contemplaient la terre \u00e0 pr\u00e8s de 200 miles en dessous, ils \u00e9coutaient la chanson, qui disait : \u00ab De loin, le monde est bleu et vert, et les montagnes enneig\u00e9es sont blanches \u00bb.<\/span><\/p>\n<p><b>TW<\/b><span style=\"font-weight: 400;\"> : La chanson d\u00e9crit ensuite la beaut\u00e9 de la terre, la paix et l\u2019harmonie qui semblent exister, de loin. Puis on en arrive au point o\u00f9 il est dit : \u00ab Dieu nous regarde de loin \u00bb, ce qui sugg\u00e8re que Dieu est un \u00eatre lointain qui ne conna\u00eet pas tous les probl\u00e8mes et les peines auxquels nous sommes confront\u00e9s ici sur terre.<\/span><\/p>\n<p><b>NW<\/b><span style=\"font-weight: 400;\"> : Mais rien ne pourrait \u00eatre plus \u00e9loign\u00e9 de la v\u00e9rit\u00e9. En effet, dans son nom m\u00eame, \u00ab Emmanuel \u00bb, se cache la belle v\u00e9rit\u00e9 de \u00ab Dieu avec nous \u00bb.<\/span><\/p>\n<p><b>TW<\/b><span style=\"font-weight: 400;\"> : Se r\u00e9f\u00e9rant \u00e0 la proph\u00e9tie d\u2019Esa\u00efe 7.14, l\u2019ange qui est apparu en r\u00eave \u00e0 Joseph lui a rappel\u00e9 la promesse : \u00ab La vierge sera enceinte, elle mettra au monde un fils et l\u2019appellera Emmanuel \u00bb.<\/span><\/p>\n<p><span style=\"font-weight: 400;\">Quand Adam et \u00c8ve ont p\u00e9ch\u00e9, Dieu n\u2019a pas veill\u00e9 de loin. Il est venu les chercher dans le jardin et leur a promis que tout n\u2019\u00e9tait pas perdu. Lorsque Mo\u00efse est mont\u00e9 sur le mont Sina\u00ef, Dieu est descendu et lui a parl\u00e9. D\u00e9sireux d\u2019\u00eatre proche du peuple, il dit \u00e0 Mo\u00efse : \u00ab Ils me feront un sanctuaire et j\u2019habiterai au milieu d\u2019eux \u00bb. Tout au long de l\u2019histoire, Dieu a d\u00e9sir\u00e9 \u00eatre proche de son peuple, et lorsque le moment a \u00e9t\u00e9 annonc\u00e9 par les proph\u00e8tes, il s\u2019est fait \u00ab chair \u00bb afin \u00ab d\u2019habiter parmi nous \u00bb.<\/span><\/p>\n<p><b>NW<\/b><span style=\"font-weight: 400;\"> : Lorsque J\u00e9sus est venu sur terre, il aurait pu choisir de na\u00eetre dans une famille riche et puissante. Mais il ne l\u2019a pas fait. Il aurait pu choisir de na\u00eetre parmi les grandes familles religieuses d\u2019Isra\u00ebl, mais il ne l\u2019a pas fait. Au lieu de cela, il a choisi une famille humble mais d\u00e9vou\u00e9e, craignant Dieu pour sa maison terrestre.<\/span><\/p>\n<p><b>TW<\/b><span style=\"font-weight: 400;\"> : Nous avons lu cette \u00e9tonnante description d\u2019Ellen White dans un article publi\u00e9 dans le magazine <\/span><i><span style=\"font-weight: 400;\">Review &amp; Herald<\/span><\/i><span style=\"font-weight: 400;\"> du 23 d\u00e9cembre 1890 :<\/span><\/p>\n<p><span style=\"font-weight: 400;\">\u00ab J\u00e9sus a quitt\u00e9 sa demeure dans la gloire, a rev\u00eatu sa divinit\u00e9 d\u2019humanit\u00e9 et est venu dans un monde ruin\u00e9 et pollu\u00e9 par la mal\u00e9diction du p\u00e9ch\u00e9. Il aurait pu rester dans sa demeure c\u00e9leste et recevoir l\u2019adoration des anges ; mais il est venu sur terre pour chercher et sauver les perdus, ceux qui p\u00e9rissent. Pour vous, il s\u2019est fait pauvre, afin que vous soyez riches par sa pauvret\u00e9. Lui, la majest\u00e9 du ciel, qui \u00e9tait un avec le P\u00e8re, s\u2019est reni\u00e9 lui-m\u00eame, a fait tous les sacrifices possibles, afin que l\u2019homme ne p\u00e9risse pas mais ait la vie \u00e9ternelle.<\/span><\/p>\n<p><b>NW<\/b><span style=\"font-weight: 400;\"> : Voici notre Dieu, le Dieu qui ne nous regarde pas de loin, mais qui s\u2019approche tr\u00e8s pr\u00e8s de nous. Il a \u00e9t\u00e9 \u00ab m\u00e9pris\u00e9 et d\u00e9laiss\u00e9 par les hommes, homme de douleur, habitu\u00e9 \u00e0 la souffrance, [\u2026]. Pourtant, ce sont nos souffrances qu\u2019il a port\u00e9es, c\u2019est de nos douleurs qu\u2019il s\u2019est charg\u00e9. [\u2026] Mais lui, il \u00e9tait bless\u00e9 \u00e0 cause de nos transgressions, bris\u00e9 \u00e0 cause de nos fautes : la punition qui nous donne la paix est tomb\u00e9e sur lui, et c\u2019est par ses blessures que nous sommes gu\u00e9ris \u00bb.<\/span><\/p>\n<p><span style=\"font-weight: 400;\">Aujourd\u2019hui, ce m\u00eame J\u00e9sus, qui a v\u00e9cu sur cette terre, qui comprend nos joies et nos peines, qui conna\u00eet nos soucis et nos angoisses, qui voit chaque larme et chaque sourire, dit : \u00ab Il fera appel \u00e0 moi et je lui r\u00e9pondrai \u00bb.<\/span><\/p>\n<p><b>TW<\/b><span style=\"font-weight: 400;\"> : Mes amis, Dieu est en effet tr\u00e8s proche. Et un jour prochain, nous aurons la joie de le voir face \u00e0 face. Quel grand jour ce sera ! \u00cates-vous pr\u00eats \u00e0 le rencontrer ? Avez-vous accept\u00e9 le don de son salut ? Si ce n\u2019est pas le cas, il n\u2019y a pas de meilleur moment que maintenant pour le faire. Si vous voulez accepter J\u00e9sus comme votre Sauveur, ou si vous voulez lui confier \u00e0 nouveau votre vie, je vous invite \u00e0 prier avec moi.<\/span><\/p>\n<h3><b>Prayer:<\/b><\/h3>\n<p><span style=\"font-weight: 400;\">P\u00e8re c\u00e9leste, merci de nous offrir une \u00e9chappatoire \u00e9ternelle pour nous tous, \u00e0 travers la merveilleuse incarnation de J\u00e9sus qui a men\u00e9 une vie parfaite, a accompli tant de miracles et a exerc\u00e9 son minist\u00e8re aupr\u00e8s des gens pendant son passage ici sur terre, puis est mort sur la croix pour chacun de nous, en promettant de revenir pour nous, de nous ramener \u00e0 la maison pour \u00eatre avec lui. Merci pour cet incroyable plan de salut et pour le minist\u00e8re du Christ dans le lieu tr\u00e8s saint du sanctuaire c\u00e9leste, qu\u2019il accomplit en ce moment m\u00eame, interc\u00e9dant en notre faveur ; nous savons que bient\u00f4t, J\u00e9sus enl\u00e8vera ces robes de pr\u00eatre et rev\u00eatira ses robes royales et viendra nous chercher pour nous emmener \u00e0 la maison afin d\u2019\u00eatre avec lui ; Seigneur, nous sommes tellement reconnaissants que tu n\u2019es pas rest\u00e9 loin de nous, \u00e0 distance, mais que tu as \u00e9t\u00e9 avec nous et que tu seras avec nous jusqu\u2019\u00e0 la fin des temps ; merci de nous \u00e9couter et pour la promesse de ton retour imminent ; nous te remercions au nom de J\u00e9sus, notre Seigneur, Sauveur et Roi, qui reviendra bient\u00f4t, amen.<\/span><\/p>\n","protected":false},"excerpt":{"rendered":"<p>23 decembre 2021 | Silver Spring, Maryland, \u00c9tats-Unis | Ted N.C. Wilson TW : Salutation, mes amis. En cette p\u00e9riode particuli\u00e8re de l\u2019ann\u00e9e, Nancy et moi, nous aimerions vous adresser&#8230;<\/p>\n","protected":false},"author":3,"featured_media":79865,"comment_status":"closed","ping_status":"closed","sticky":false,"template":"","format":"standard","meta":{"_acf_changed":false,"footnotes":""},"categories":[18,19],"tags":[],"class_list":["post-79874","post","type-post","status-publish","format-standard","has-post-thumbnail","hentry","category-nouvelles-de-leglise-mondiale","category-rss-francais"],"acf":[],"yoast_head":"<!-- This site is optimized with the Yoast SEO plugin v27.3 - https:\/\/yoast.com\/product\/yoast-seo-wordpress\/ -->\n<title>Que est le don de Dieu pour nos? - \u00c9glise Adventiste Du Septieme Jour - Inter Am\u00e9rique Division<\/title>\n<meta name=\"robots\" content=\"index, follow, max-snippet:-1, max-image-preview:large, max-video-preview:-1\" \/>\n<link rel=\"canonical\" href=\"https:\/\/interamerica.org\/fr\/2021\/12\/que-est-le-don-de-dieu-pour-nos\/\" \/>\n<meta property=\"og:locale\" content=\"fr_FR\" \/>\n<meta property=\"og:type\" content=\"article\" \/>\n<meta property=\"og:title\" content=\"Que est le don de Dieu pour nos? - \u00c9glise Adventiste Du Septieme Jour - Inter Am\u00e9rique Division\" \/>\n<meta property=\"og:description\" content=\"23 decembre 2021 | Silver Spring, Maryland, \u00c9tats-Unis | Ted N.C. Wilson TW : Salutation, mes amis. En cette p\u00e9riode particuli\u00e8re de l\u2019ann\u00e9e, Nancy et moi, nous aimerions vous adresser...\" \/>\n<meta property=\"og:url\" content=\"https:\/\/interamerica.org\/fr\/2021\/12\/que-est-le-don-de-dieu-pour-nos\/\" \/>\n<meta property=\"og:site_name\" content=\"\u00c9glise Adventiste Du Septieme Jour - Inter Am\u00e9rique Division\" \/>\n<meta property=\"article:published_time\" content=\"2021-12-24T00:29:39+00:00\" \/>\n<meta property=\"article:modified_time\" content=\"2021-12-31T14:38:20+00:00\" \/>\n<meta property=\"og:image\" content=\"https:\/\/interamerica.org\/wp-content\/uploads\/2021\/12\/wilson-dec-23-french.jpg\" \/>\n\t<meta property=\"og:image:width\" content=\"1280\" \/>\n\t<meta property=\"og:image:height\" content=\"800\" \/>\n\t<meta property=\"og:image:type\" content=\"image\/jpeg\" \/>\n<meta name=\"author\" content=\"libna\" \/>\n<meta name=\"twitter:card\" content=\"summary_large_image\" \/>\n<meta name=\"twitter:label1\" content=\"\u00c9crit par\" \/>\n\t<meta name=\"twitter:data1\" content=\"libna\" \/>\n\t<meta name=\"twitter:label2\" content=\"Dur\u00e9e de lecture estim\u00e9e\" \/>\n\t<meta name=\"twitter:data2\" content=\"5 minutes\" \/>\n<script type=\"application\/ld+json\" class=\"yoast-schema-graph\">{\"@context\":\"https:\\\/\\\/schema.org\",\"@graph\":[{\"@type\":\"Article\",\"@id\":\"https:\\\/\\\/interamerica.org\\\/fr\\\/2021\\\/12\\\/que-est-le-don-de-dieu-pour-nos\\\/#article\",\"isPartOf\":{\"@id\":\"https:\\\/\\\/interamerica.org\\\/fr\\\/2021\\\/12\\\/que-est-le-don-de-dieu-pour-nos\\\/\"},\"author\":{\"name\":\"libna\",\"@id\":\"https:\\\/\\\/interamerica.org\\\/fr\\\/#\\\/schema\\\/person\\\/29998f2bc2d8bd0d38662909289b54f1\"},\"headline\":\"Que est le don de Dieu pour nos?\",\"datePublished\":\"2021-12-24T00:29:39+00:00\",\"dateModified\":\"2021-12-31T14:38:20+00:00\",\"mainEntityOfPage\":{\"@id\":\"https:\\\/\\\/interamerica.org\\\/fr\\\/2021\\\/12\\\/que-est-le-don-de-dieu-pour-nos\\\/\"},\"wordCount\":1049,\"image\":{\"@id\":\"https:\\\/\\\/interamerica.org\\\/fr\\\/2021\\\/12\\\/que-est-le-don-de-dieu-pour-nos\\\/#primaryimage\"},\"thumbnailUrl\":\"https:\\\/\\\/interamerica.org\\\/wp-content\\\/uploads\\\/2021\\\/12\\\/wilson-dec-23-french.jpg\",\"articleSection\":[\"Nouvelles de l'\u00c9glise mondiale\",\"RSS Fran\u00e7ais\"],\"inLanguage\":\"fr-FR\"},{\"@type\":\"WebPage\",\"@id\":\"https:\\\/\\\/interamerica.org\\\/fr\\\/2021\\\/12\\\/que-est-le-don-de-dieu-pour-nos\\\/\",\"url\":\"https:\\\/\\\/interamerica.org\\\/fr\\\/2021\\\/12\\\/que-est-le-don-de-dieu-pour-nos\\\/\",\"name\":\"Que est le don de Dieu pour nos? - \u00c9glise Adventiste Du Septieme Jour - Inter Am\u00e9rique Division\",\"isPartOf\":{\"@id\":\"https:\\\/\\\/interamerica.org\\\/fr\\\/#website\"},\"primaryImageOfPage\":{\"@id\":\"https:\\\/\\\/interamerica.org\\\/fr\\\/2021\\\/12\\\/que-est-le-don-de-dieu-pour-nos\\\/#primaryimage\"},\"image\":{\"@id\":\"https:\\\/\\\/interamerica.org\\\/fr\\\/2021\\\/12\\\/que-est-le-don-de-dieu-pour-nos\\\/#primaryimage\"},\"thumbnailUrl\":\"https:\\\/\\\/interamerica.org\\\/wp-content\\\/uploads\\\/2021\\\/12\\\/wilson-dec-23-french.jpg\",\"datePublished\":\"2021-12-24T00:29:39+00:00\",\"dateModified\":\"2021-12-31T14:38:20+00:00\",\"author\":{\"@id\":\"https:\\\/\\\/interamerica.org\\\/fr\\\/#\\\/schema\\\/person\\\/29998f2bc2d8bd0d38662909289b54f1\"},\"breadcrumb\":{\"@id\":\"https:\\\/\\\/interamerica.org\\\/fr\\\/2021\\\/12\\\/que-est-le-don-de-dieu-pour-nos\\\/#breadcrumb\"},\"inLanguage\":\"fr-FR\",\"potentialAction\":[{\"@type\":\"ReadAction\",\"target\":[\"https:\\\/\\\/interamerica.org\\\/fr\\\/2021\\\/12\\\/que-est-le-don-de-dieu-pour-nos\\\/\"]}]},{\"@type\":\"ImageObject\",\"inLanguage\":\"fr-FR\",\"@id\":\"https:\\\/\\\/interamerica.org\\\/fr\\\/2021\\\/12\\\/que-est-le-don-de-dieu-pour-nos\\\/#primaryimage\",\"url\":\"https:\\\/\\\/interamerica.org\\\/wp-content\\\/uploads\\\/2021\\\/12\\\/wilson-dec-23-french.jpg\",\"contentUrl\":\"https:\\\/\\\/interamerica.org\\\/wp-content\\\/uploads\\\/2021\\\/12\\\/wilson-dec-23-french.jpg\",\"width\":1280,\"height\":800},{\"@type\":\"BreadcrumbList\",\"@id\":\"https:\\\/\\\/interamerica.org\\\/fr\\\/2021\\\/12\\\/que-est-le-don-de-dieu-pour-nos\\\/#breadcrumb\",\"itemListElement\":[{\"@type\":\"ListItem\",\"position\":1,\"name\":\"Home\",\"item\":\"https:\\\/\\\/interamerica.org\\\/fr\\\/\"},{\"@type\":\"ListItem\",\"position\":2,\"name\":\"Que est le don de Dieu pour nos?\"}]},{\"@type\":\"WebSite\",\"@id\":\"https:\\\/\\\/interamerica.org\\\/fr\\\/#website\",\"url\":\"https:\\\/\\\/interamerica.org\\\/fr\\\/\",\"name\":\"\u00c9glise Adventiste Du Septieme Jour - Inter Am\u00e9rique Division\",\"description\":\"\",\"potentialAction\":[{\"@type\":\"SearchAction\",\"target\":{\"@type\":\"EntryPoint\",\"urlTemplate\":\"https:\\\/\\\/interamerica.org\\\/fr\\\/?s={search_term_string}\"},\"query-input\":{\"@type\":\"PropertyValueSpecification\",\"valueRequired\":true,\"valueName\":\"search_term_string\"}}],\"inLanguage\":\"fr-FR\"},{\"@type\":\"Person\",\"@id\":\"https:\\\/\\\/interamerica.org\\\/fr\\\/#\\\/schema\\\/person\\\/29998f2bc2d8bd0d38662909289b54f1\",\"name\":\"libna\",\"image\":{\"@type\":\"ImageObject\",\"inLanguage\":\"fr-FR\",\"@id\":\"https:\\\/\\\/secure.gravatar.com\\\/avatar\\\/7c5bd30ae4b47a9ba3c856590957fd1d96dc588bf3ac05719d247e126840331f?s=96&d=mm&r=g\",\"url\":\"https:\\\/\\\/secure.gravatar.com\\\/avatar\\\/7c5bd30ae4b47a9ba3c856590957fd1d96dc588bf3ac05719d247e126840331f?s=96&d=mm&r=g\",\"contentUrl\":\"https:\\\/\\\/secure.gravatar.com\\\/avatar\\\/7c5bd30ae4b47a9ba3c856590957fd1d96dc588bf3ac05719d247e126840331f?s=96&d=mm&r=g\",\"caption\":\"libna\"}}]}<\/script>\n<!-- \/ Yoast SEO plugin. -->","yoast_head_json":{"title":"Que est le don de Dieu pour nos? - \u00c9glise Adventiste Du Septieme Jour - Inter Am\u00e9rique Division","robots":{"index":"index","follow":"follow","max-snippet":"max-snippet:-1","max-image-preview":"max-image-preview:large","max-video-preview":"max-video-preview:-1"},"canonical":"https:\/\/interamerica.org\/fr\/2021\/12\/que-est-le-don-de-dieu-pour-nos\/","og_locale":"fr_FR","og_type":"article","og_title":"Que est le don de Dieu pour nos? - \u00c9glise Adventiste Du Septieme Jour - Inter Am\u00e9rique Division","og_description":"23 decembre 2021 | Silver Spring, Maryland, \u00c9tats-Unis | Ted N.C. Wilson TW : Salutation, mes amis. En cette p\u00e9riode particuli\u00e8re de l\u2019ann\u00e9e, Nancy et moi, nous aimerions vous adresser...","og_url":"https:\/\/interamerica.org\/fr\/2021\/12\/que-est-le-don-de-dieu-pour-nos\/","og_site_name":"\u00c9glise Adventiste Du Septieme Jour - Inter Am\u00e9rique Division","article_published_time":"2021-12-24T00:29:39+00:00","article_modified_time":"2021-12-31T14:38:20+00:00","og_image":[{"width":1280,"height":800,"url":"https:\/\/interamerica.org\/wp-content\/uploads\/2021\/12\/wilson-dec-23-french.jpg","type":"image\/jpeg"}],"author":"libna","twitter_card":"summary_large_image","twitter_misc":{"\u00c9crit par":"libna","Dur\u00e9e de lecture estim\u00e9e":"5 minutes"},"schema":{"@context":"https:\/\/schema.org","@graph":[{"@type":"Article","@id":"https:\/\/interamerica.org\/fr\/2021\/12\/que-est-le-don-de-dieu-pour-nos\/#article","isPartOf":{"@id":"https:\/\/interamerica.org\/fr\/2021\/12\/que-est-le-don-de-dieu-pour-nos\/"},"author":{"name":"libna","@id":"https:\/\/interamerica.org\/fr\/#\/schema\/person\/29998f2bc2d8bd0d38662909289b54f1"},"headline":"Que est le don de Dieu pour nos?","datePublished":"2021-12-24T00:29:39+00:00","dateModified":"2021-12-31T14:38:20+00:00","mainEntityOfPage":{"@id":"https:\/\/interamerica.org\/fr\/2021\/12\/que-est-le-don-de-dieu-pour-nos\/"},"wordCount":1049,"image":{"@id":"https:\/\/interamerica.org\/fr\/2021\/12\/que-est-le-don-de-dieu-pour-nos\/#primaryimage"},"thumbnailUrl":"https:\/\/interamerica.org\/wp-content\/uploads\/2021\/12\/wilson-dec-23-french.jpg","articleSection":["Nouvelles de l'\u00c9glise mondiale","RSS Fran\u00e7ais"],"inLanguage":"fr-FR"},{"@type":"WebPage","@id":"https:\/\/interamerica.org\/fr\/2021\/12\/que-est-le-don-de-dieu-pour-nos\/","url":"https:\/\/interamerica.org\/fr\/2021\/12\/que-est-le-don-de-dieu-pour-nos\/","name":"Que est le don de Dieu pour nos? - \u00c9glise Adventiste Du Septieme Jour - Inter Am\u00e9rique Division","isPartOf":{"@id":"https:\/\/interamerica.org\/fr\/#website"},"primaryImageOfPage":{"@id":"https:\/\/interamerica.org\/fr\/2021\/12\/que-est-le-don-de-dieu-pour-nos\/#primaryimage"},"image":{"@id":"https:\/\/interamerica.org\/fr\/2021\/12\/que-est-le-don-de-dieu-pour-nos\/#primaryimage"},"thumbnailUrl":"https:\/\/interamerica.org\/wp-content\/uploads\/2021\/12\/wilson-dec-23-french.jpg","datePublished":"2021-12-24T00:29:39+00:00","dateModified":"2021-12-31T14:38:20+00:00","author":{"@id":"https:\/\/interamerica.org\/fr\/#\/schema\/person\/29998f2bc2d8bd0d38662909289b54f1"},"breadcrumb":{"@id":"https:\/\/interamerica.org\/fr\/2021\/12\/que-est-le-don-de-dieu-pour-nos\/#breadcrumb"},"inLanguage":"fr-FR","potentialAction":[{"@type":"ReadAction","target":["https:\/\/interamerica.org\/fr\/2021\/12\/que-est-le-don-de-dieu-pour-nos\/"]}]},{"@type":"ImageObject","inLanguage":"fr-FR","@id":"https:\/\/interamerica.org\/fr\/2021\/12\/que-est-le-don-de-dieu-pour-nos\/#primaryimage","url":"https:\/\/interamerica.org\/wp-content\/uploads\/2021\/12\/wilson-dec-23-french.jpg","contentUrl":"https:\/\/interamerica.org\/wp-content\/uploads\/2021\/12\/wilson-dec-23-french.jpg","width":1280,"height":800},{"@type":"BreadcrumbList","@id":"https:\/\/interamerica.org\/fr\/2021\/12\/que-est-le-don-de-dieu-pour-nos\/#breadcrumb","itemListElement":[{"@type":"ListItem","position":1,"name":"Home","item":"https:\/\/interamerica.org\/fr\/"},{"@type":"ListItem","position":2,"name":"Que est le don de Dieu pour nos?"}]},{"@type":"WebSite","@id":"https:\/\/interamerica.org\/fr\/#website","url":"https:\/\/interamerica.org\/fr\/","name":"\u00c9glise Adventiste Du Septieme Jour - Inter Am\u00e9rique Division","description":"","potentialAction":[{"@type":"SearchAction","target":{"@type":"EntryPoint","urlTemplate":"https:\/\/interamerica.org\/fr\/?s={search_term_string}"},"query-input":{"@type":"PropertyValueSpecification","valueRequired":true,"valueName":"search_term_string"}}],"inLanguage":"fr-FR"},{"@type":"Person","@id":"https:\/\/interamerica.org\/fr\/#\/schema\/person\/29998f2bc2d8bd0d38662909289b54f1","name":"libna","image":{"@type":"ImageObject","inLanguage":"fr-FR","@id":"https:\/\/secure.gravatar.com\/avatar\/7c5bd30ae4b47a9ba3c856590957fd1d96dc588bf3ac05719d247e126840331f?s=96&d=mm&r=g","url":"https:\/\/secure.gravatar.com\/avatar\/7c5bd30ae4b47a9ba3c856590957fd1d96dc588bf3ac05719d247e126840331f?s=96&d=mm&r=g","contentUrl":"https:\/\/secure.gravatar.com\/avatar\/7c5bd30ae4b47a9ba3c856590957fd1d96dc588bf3ac05719d247e126840331f?s=96&d=mm&r=g","caption":"libna"}}]}},"_links":{"self":[{"href":"https:\/\/interamerica.org\/fr\/wp-json\/wp\/v2\/posts\/79874","targetHints":{"allow":["GET"]}}],"collection":[{"href":"https:\/\/interamerica.org\/fr\/wp-json\/wp\/v2\/posts"}],"about":[{"href":"https:\/\/interamerica.org\/fr\/wp-json\/wp\/v2\/types\/post"}],"author":[{"embeddable":true,"href":"https:\/\/interamerica.org\/fr\/wp-json\/wp\/v2\/users\/3"}],"replies":[{"embeddable":true,"href":"https:\/\/interamerica.org\/fr\/wp-json\/wp\/v2\/comments?post=79874"}],"version-history":[{"count":0,"href":"https:\/\/interamerica.org\/fr\/wp-json\/wp\/v2\/posts\/79874\/revisions"}],"wp:featuredmedia":[{"embeddable":true,"href":"https:\/\/interamerica.org\/fr\/wp-json\/wp\/v2\/media\/79865"}],"wp:attachment":[{"href":"https:\/\/interamerica.org\/fr\/wp-json\/wp\/v2\/media?parent=79874"}],"wp:term":[{"taxonomy":"category","embeddable":true,"href":"https:\/\/interamerica.org\/fr\/wp-json\/wp\/v2\/categories?post=79874"},{"taxonomy":"post_tag","embeddable":true,"href":"https:\/\/interamerica.org\/fr\/wp-json\/wp\/v2\/tags?post=79874"}],"curies":[{"name":"wp","href":"https:\/\/api.w.org\/{rel}","templated":true}]}}