{"id":79906,"date":"2021-12-24T08:09:38","date_gmt":"2021-12-24T12:09:38","guid":{"rendered":"https:\/\/recursing-golick.147-182-135-0.plesk.page\/?p=79906"},"modified":"2021-12-31T10:37:52","modified_gmt":"2021-12-31T14:37:52","slug":"adra-reagit-a-la-crise-actuelle-des-refugies-au-bresil-afin-daider-des-milliers-de-familles-venezueliennes","status":"publish","type":"post","link":"https:\/\/interamerica.org\/fr\/2021\/12\/adra-reagit-a-la-crise-actuelle-des-refugies-au-bresil-afin-daider-des-milliers-de-familles-venezueliennes\/","title":{"rendered":"ADRA r\u00e9agit \u00e0 la crise actuelle des r\u00e9fugi\u00e9s au Br\u00e9sil afin d\u2019aider des milliers de familles v\u00e9n\u00e9zu\u00e9liennes"},"content":{"rendered":"<p>D\u00e9cembre 2021 | Silver Spring, Maryland, \u00c9tats-Unis\u00a0 | Iris Argueta, ADRA International<\/p>\n<section class=\"u-padding--zero--sides u-spacing--double--until-large l-grid l-grid--7-col l-grid-wrap--6-of-7 u-shift--left--1-col--at-large\">\n<div class=\"c-article l-grid-item l-grid-item--l--3-col l-grid-item--xl--3-col\">\n<article><\/article>\n<article class=\"text has-drop-cap c-article__body u-spacing\">L\u2019Agence Adventiste de D\u00e9veloppement et de Secours (ADRA) a intensifi\u00e9 ses op\u00e9rations de secours humanitaire pour aider plus de 31000 r\u00e9fugi\u00e9s et migrants v\u00e9n\u00e9zu\u00e9liens \u00e0 reconstruire leur vie au Br\u00e9sil. ADRA a lanc\u00e9 le projet ANA pour fournir de la nourriture, ainsi que des articles m\u00e9nagers et d\u2019hygi\u00e8ne aux familles dans les villes de Boa Vista, Roraima, Iracema, Amajari, Mucajai, Caracarai, Rorainopolis et Manaus.<\/article>\n<article><\/article>\n<article class=\"text has-drop-cap c-article__body u-spacing\">Le Projet ANA est connu localement en portugais sous le nom d\u2019Actions Alimentaires et Non Alimentaires pour les Migrants V\u00e9n\u00e9zu\u00e9liens au Br\u00e9sil. Les troubles politiques, la violence g\u00e9n\u00e9ralis\u00e9e, la guerre des gangs, les p\u00e9nuries de nourriture et de m\u00e9dicaments et le manque de services essentiels ont forc\u00e9 des millions de v\u00e9n\u00e9zu\u00e9liens \u00e0 chercher refuge au Br\u00e9sil et dans d\u2019autres pays du continent et au-del\u00e0, d\u2019apr\u00e8s Le Haut Commissariat des Nations Unies pour les R\u00e9fugi\u00e9s (HCR). Cette ann\u00e9e seulement, plus de 260000 v\u00e9n\u00e9zu\u00e9liens sont arriv\u00e9s au Br\u00e9sil. (*Les chiffres peuvent changer quotidiennement.)<\/p>\n<\/article>\n<article><\/article>\n<article><\/article>\n<article><\/article>\n<article class=\"text has-drop-cap c-article__body u-spacing\"><div id=\"attachment_79894\" style=\"width: 816px\" class=\"wp-caption aligncenter\"><img fetchpriority=\"high\" decoding=\"async\" aria-describedby=\"caption-attachment-79894\" class=\" wp-image-79894\" src=\"https:\/\/recursing-golick.147-182-135-0.plesk.page\/wp-content\/uploads\/2021\/12\/adra-brazil-venezuelan-migrants-1024x640.jpg\" alt=\"\" width=\"806\" height=\"504\" srcset=\"https:\/\/interamerica.org\/wp-content\/uploads\/2021\/12\/adra-brazil-venezuelan-migrants-1024x640.jpg 1024w, https:\/\/interamerica.org\/wp-content\/uploads\/2021\/12\/adra-brazil-venezuelan-migrants-300x188.jpg 300w, https:\/\/interamerica.org\/wp-content\/uploads\/2021\/12\/adra-brazil-venezuelan-migrants-768x480.jpg 768w, https:\/\/interamerica.org\/wp-content\/uploads\/2021\/12\/adra-brazil-venezuelan-migrants.jpg 1280w\" sizes=\"(max-width: 806px) 100vw, 806px\" \/><p id=\"caption-attachment-79894\" class=\"wp-caption-text\">Damelis et son fils sont b\u00e9n\u00e9ficiaires du projet ANA d\u2019ADRA qui aide les migrants et r\u00e9fugi\u00e9s v\u00e9n\u00e9zu\u00e9liens \u00e0 reconstruire leur vie au Br\u00e9sil. [Photo : ADRA Br\u00e9sil]<\/p><\/div><\/article>\n<article><\/article>\n<article class=\"text has-drop-cap c-article__body u-spacing\">\u00ab Chaque jour, 600 hommes, femmes, enfants et personnes \u00e2g\u00e9es entrent \u00e0 pied dans certaines des villes les plus pauvres du Br\u00e9sil. De nombreuses familles se retrouvent \u00e0 la rue parce que les juridictions locales ne sont pas en mesure d\u2019accueillir le nombre croissant de demandeurs d\u2019asile en attente de papiers. Il est extr\u00eamement difficile pour les familles de survivre lorsqu\u2019elles arrivent ici. Elles ont besoin de nourriture, d\u2019articles m\u00e9nagers de base pour tous les jours, et d\u2019un toit au-dessus de leur t\u00eate, \u00bb explique Eric Leichner, coordinateur r\u00e9gional des urgences pour ADRA Br\u00e9sil.<\/p>\n<\/article>\n<article><\/article>\n<article><\/article>\n<article class=\"text has-drop-cap c-article__body u-spacing\">\u00ab Le Projet ANA a \u00e9t\u00e9 une b\u00e9n\u00e9diction pour des milliers de familles depuis son lancement plus t\u00f4t cette ann\u00e9e. Nous avons distribu\u00e9 plus de 63000 bons alimentaires, plus de 52000 bons d\u2019achat de produits d\u2019hygi\u00e8ne pour pr\u00e9venir la propagation de la COVID-19 et plus de 16000 bons pour que les familles ach\u00e8tent des articles m\u00e9nagers et des ustensiles de cuisine. Cependant, il en faut beaucoup plus pour continuer \u00e0 aider cette communaut\u00e9. Continuez de prier pour nous et de soutenir le travail d\u2019ADRA au Br\u00e9sil. \u00bb<\/article>\n<article><\/article>\n<article><\/article>\n<article><\/article>\n<article class=\"text has-drop-cap c-article__body u-spacing\">ADRA dirige le projet ANA en partenariat avec les autorit\u00e9s locales et d\u2019autres organisations non gouvernementales.Damelis Josefina Mosqueda, une couturi\u00e8re de 57 ans, est arriv\u00e9e au Br\u00e9sil en 2019 avec ses trois enfants dont deux gravement handicap\u00e9s. La famine et les p\u00e9nuries de m\u00e9dicaments l\u2019ont forc\u00e9e \u00e0 vendre tout ce qu\u2019elle avait pour entreprendre le voyage.<div id=\"attachment_79897\" style=\"width: 811px\" class=\"wp-caption aligncenter\"><img decoding=\"async\" aria-describedby=\"caption-attachment-79897\" class=\" wp-image-79897\" src=\"https:\/\/recursing-golick.147-182-135-0.plesk.page\/wp-content\/uploads\/2021\/12\/adra-brazil-venez-migrants2.jpeg\" alt=\"\" width=\"801\" height=\"534\" srcset=\"https:\/\/interamerica.org\/wp-content\/uploads\/2021\/12\/adra-brazil-venez-migrants2.jpeg 900w, https:\/\/interamerica.org\/wp-content\/uploads\/2021\/12\/adra-brazil-venez-migrants2-300x200.jpeg 300w, https:\/\/interamerica.org\/wp-content\/uploads\/2021\/12\/adra-brazil-venez-migrants2-768x512.jpeg 768w\" sizes=\"(max-width: 801px) 100vw, 801px\" \/><p id=\"caption-attachment-79897\" class=\"wp-caption-text\">Le personnel de terrain d\u2019ADRA distribue de la nourriture et des provisions essentielles aux familles v\u00e9n\u00e9zu\u00e9liennes qui cherchent refuge au Br\u00e9sil. [Photo : ADRA Br\u00e9sil]<\/p><\/div>\u00a0<\/article>\n<article><\/article>\n<article class=\"text has-drop-cap c-article__body u-spacing\">\u00ab J\u2019avais peur de quitter mon pays, mais ma sant\u00e9 \u00e9tait plus importante et la vie de mes enfants aussi.Nous mangions une fois par jour, j\u2019avais donc beaucoup de maux d\u2019estomac. J\u2019avais peur de mourir. Quand je suis arriv\u00e9e \u00e0 Boa Vista, je pesais 37 kilos, \u00bb explique Damelis Mosqueda, une b\u00e9n\u00e9ficiaire du projet ANA. \u00ab Ils m\u2019aident en m\u2019apportant de la nourriture, ils apportent une aide pour notre maison, ma cuisine et les produits d\u2019hygi\u00e8ne.\u00a0 C\u2019est une aide qui vient de Dieu, et elle est arriv\u00e9e \u00e0 un moment o\u00f9 j\u2019en avais le plus besoin. J\u2019ai commenc\u00e9 \u00e0 reprendre du poids gr\u00e2ce \u00e0 l\u2019aide que j\u2019ai re\u00e7ue d\u2019ADRA. \u00bb<\/p>\n<\/article>\n<article class=\"text has-drop-cap c-article__body u-spacing\">ADRA a \u00e9galement lanc\u00e9 des initiatives pour la pr\u00e9vention de la COVID-19, ainsi que des projets de soutien en mati\u00e8re de sant\u00e9, de nutrition et de WASH (eau, hygi\u00e8ne, assainissement) visant les refuges et les lieux occup\u00e9s par les sans-abri.<\/article>\n<article><\/article>\n<article class=\"text has-drop-cap c-article__body u-spacing\">\n<section class=\"u-padding--zero--sides u-spacing--double--until-large l-grid l-grid--7-col l-grid-wrap--6-of-7 u-shift--left--1-col--at-large\">\n<div class=\"c-article l-grid-item l-grid-item--l--3-col l-grid-item--xl--3-col\">\n<article><\/article>\n<article><\/article>\n<article class=\"text has-drop-cap c-article__body u-spacing\">\u00ab ADRA analyse la situation sur le terrain pour mieux r\u00e9pondre \u00e0 la crise des r\u00e9fugi\u00e9s au Br\u00e9sil. Nous devons trouver plus de moyens d\u2019aider les v\u00e9n\u00e9zu\u00e9liens, en particulier les familles qui ont de jeunes enfants et qui vivent dans la rue dans de mauvaises conditions d\u2019hygi\u00e8ne. Ils ont besoin d\u2019avoir acc\u00e8s \u00e0 de l\u2019eau potable, \u00e0 des repas chauds, \u00e0 des biberons et \u00e0 des pr\u00e9parations pour nourrissons, ainsi qu\u2019\u00e0 des soins m\u00e9dicaux, \u00bb a expliqu\u00e9 Fabio Salles, directeur national d\u2019ADRA Br\u00e9sil.<\/p>\n<\/article>\n<article><\/article>\n<article class=\"text has-drop-cap c-article__body u-spacing\">\u00abADRA envisage d\u2019\u00e9tendre les interventions d\u2019urgence pour am\u00e9liorer l\u2019hygi\u00e8ne en installant des fontaines d\u2019eau, des toilettes et des douches. Notre action humanitaire est vaste, mais nous sommes reconnaissants envers nos partenaires et donateurs qui nous aident \u00e0 continuer \u00e0 faire une diff\u00e9rence dans la vie des personnes les plus vuln\u00e9rables au Br\u00e9sil et dans d\u2019autres parties du monde.<\/p>\n<\/article>\n<article><\/article>\n<\/div>\n<p>Traduction: Patrick Luciathe<\/p>\n<\/section>\n<\/article>\n<\/div>\n<\/section>\n","protected":false},"excerpt":{"rendered":"<p>D\u00e9cembre 2021 | Silver Spring, Maryland, \u00c9tats-Unis\u00a0 | Iris Argueta, ADRA International L\u2019Agence Adventiste de D\u00e9veloppement et de Secours (ADRA) a intensifi\u00e9 ses op\u00e9rations de secours humanitaire pour aider plus&#8230;<\/p>\n","protected":false},"author":3,"featured_media":79894,"comment_status":"closed","ping_status":"closed","sticky":false,"template":"","format":"standard","meta":{"_acf_changed":false,"footnotes":""},"categories":[18,19],"tags":[],"class_list":["post-79906","post","type-post","status-publish","format-standard","has-post-thumbnail","hentry","category-nouvelles-de-leglise-mondiale","category-rss-francais"],"acf":[],"yoast_head":"<!-- This site is optimized with the Yoast SEO plugin v27.3 - https:\/\/yoast.com\/product\/yoast-seo-wordpress\/ -->\n<title>ADRA r\u00e9agit \u00e0 la crise actuelle des r\u00e9fugi\u00e9s au Br\u00e9sil afin d\u2019aider des milliers de familles v\u00e9n\u00e9zu\u00e9liennes - \u00c9glise Adventiste Du Septieme Jour - Inter Am\u00e9rique Division<\/title>\n<meta name=\"robots\" content=\"index, follow, max-snippet:-1, max-image-preview:large, max-video-preview:-1\" \/>\n<link rel=\"canonical\" href=\"https:\/\/interamerica.org\/fr\/2021\/12\/adra-reagit-a-la-crise-actuelle-des-refugies-au-bresil-afin-daider-des-milliers-de-familles-venezueliennes\/\" \/>\n<meta property=\"og:locale\" content=\"fr_FR\" \/>\n<meta property=\"og:type\" content=\"article\" \/>\n<meta property=\"og:title\" content=\"ADRA r\u00e9agit \u00e0 la crise actuelle des r\u00e9fugi\u00e9s au Br\u00e9sil afin d\u2019aider des milliers de familles v\u00e9n\u00e9zu\u00e9liennes - \u00c9glise Adventiste Du Septieme Jour - Inter Am\u00e9rique Division\" \/>\n<meta property=\"og:description\" content=\"D\u00e9cembre 2021 | Silver Spring, Maryland, \u00c9tats-Unis\u00a0 | Iris Argueta, ADRA International L\u2019Agence Adventiste de D\u00e9veloppement et de Secours (ADRA) a intensifi\u00e9 ses op\u00e9rations de secours humanitaire pour aider plus...\" \/>\n<meta property=\"og:url\" content=\"https:\/\/interamerica.org\/fr\/2021\/12\/adra-reagit-a-la-crise-actuelle-des-refugies-au-bresil-afin-daider-des-milliers-de-familles-venezueliennes\/\" \/>\n<meta property=\"og:site_name\" content=\"\u00c9glise Adventiste Du Septieme Jour - Inter Am\u00e9rique Division\" \/>\n<meta property=\"article:published_time\" content=\"2021-12-24T12:09:38+00:00\" \/>\n<meta property=\"article:modified_time\" content=\"2021-12-31T14:37:52+00:00\" \/>\n<meta property=\"og:image\" content=\"https:\/\/interamerica.org\/wp-content\/uploads\/2021\/12\/adra-brazil-venezuelan-migrants.jpg\" \/>\n\t<meta property=\"og:image:width\" content=\"1280\" \/>\n\t<meta property=\"og:image:height\" content=\"800\" \/>\n\t<meta property=\"og:image:type\" content=\"image\/jpeg\" \/>\n<meta name=\"author\" content=\"libna\" \/>\n<meta name=\"twitter:card\" content=\"summary_large_image\" \/>\n<meta name=\"twitter:label1\" content=\"\u00c9crit par\" \/>\n\t<meta name=\"twitter:data1\" content=\"libna\" \/>\n\t<meta name=\"twitter:label2\" content=\"Dur\u00e9e de lecture estim\u00e9e\" \/>\n\t<meta name=\"twitter:data2\" content=\"4 minutes\" \/>\n<script type=\"application\/ld+json\" class=\"yoast-schema-graph\">{\"@context\":\"https:\\\/\\\/schema.org\",\"@graph\":[{\"@type\":\"Article\",\"@id\":\"https:\\\/\\\/interamerica.org\\\/fr\\\/2021\\\/12\\\/adra-reagit-a-la-crise-actuelle-des-refugies-au-bresil-afin-daider-des-milliers-de-familles-venezueliennes\\\/#article\",\"isPartOf\":{\"@id\":\"https:\\\/\\\/interamerica.org\\\/fr\\\/2021\\\/12\\\/adra-reagit-a-la-crise-actuelle-des-refugies-au-bresil-afin-daider-des-milliers-de-familles-venezueliennes\\\/\"},\"author\":{\"name\":\"libna\",\"@id\":\"https:\\\/\\\/interamerica.org\\\/fr\\\/#\\\/schema\\\/person\\\/29998f2bc2d8bd0d38662909289b54f1\"},\"headline\":\"ADRA r\u00e9agit \u00e0 la crise actuelle des r\u00e9fugi\u00e9s au Br\u00e9sil afin d\u2019aider des milliers de familles v\u00e9n\u00e9zu\u00e9liennes\",\"datePublished\":\"2021-12-24T12:09:38+00:00\",\"dateModified\":\"2021-12-31T14:37:52+00:00\",\"mainEntityOfPage\":{\"@id\":\"https:\\\/\\\/interamerica.org\\\/fr\\\/2021\\\/12\\\/adra-reagit-a-la-crise-actuelle-des-refugies-au-bresil-afin-daider-des-milliers-de-familles-venezueliennes\\\/\"},\"wordCount\":888,\"image\":{\"@id\":\"https:\\\/\\\/interamerica.org\\\/fr\\\/2021\\\/12\\\/adra-reagit-a-la-crise-actuelle-des-refugies-au-bresil-afin-daider-des-milliers-de-familles-venezueliennes\\\/#primaryimage\"},\"thumbnailUrl\":\"https:\\\/\\\/interamerica.org\\\/wp-content\\\/uploads\\\/2021\\\/12\\\/adra-brazil-venezuelan-migrants.jpg\",\"articleSection\":[\"Nouvelles de l'\u00c9glise mondiale\",\"RSS Fran\u00e7ais\"],\"inLanguage\":\"fr-FR\"},{\"@type\":\"WebPage\",\"@id\":\"https:\\\/\\\/interamerica.org\\\/fr\\\/2021\\\/12\\\/adra-reagit-a-la-crise-actuelle-des-refugies-au-bresil-afin-daider-des-milliers-de-familles-venezueliennes\\\/\",\"url\":\"https:\\\/\\\/interamerica.org\\\/fr\\\/2021\\\/12\\\/adra-reagit-a-la-crise-actuelle-des-refugies-au-bresil-afin-daider-des-milliers-de-familles-venezueliennes\\\/\",\"name\":\"ADRA r\u00e9agit \u00e0 la crise actuelle des r\u00e9fugi\u00e9s au Br\u00e9sil afin d\u2019aider des milliers de familles v\u00e9n\u00e9zu\u00e9liennes - \u00c9glise Adventiste Du Septieme Jour - Inter Am\u00e9rique Division\",\"isPartOf\":{\"@id\":\"https:\\\/\\\/interamerica.org\\\/fr\\\/#website\"},\"primaryImageOfPage\":{\"@id\":\"https:\\\/\\\/interamerica.org\\\/fr\\\/2021\\\/12\\\/adra-reagit-a-la-crise-actuelle-des-refugies-au-bresil-afin-daider-des-milliers-de-familles-venezueliennes\\\/#primaryimage\"},\"image\":{\"@id\":\"https:\\\/\\\/interamerica.org\\\/fr\\\/2021\\\/12\\\/adra-reagit-a-la-crise-actuelle-des-refugies-au-bresil-afin-daider-des-milliers-de-familles-venezueliennes\\\/#primaryimage\"},\"thumbnailUrl\":\"https:\\\/\\\/interamerica.org\\\/wp-content\\\/uploads\\\/2021\\\/12\\\/adra-brazil-venezuelan-migrants.jpg\",\"datePublished\":\"2021-12-24T12:09:38+00:00\",\"dateModified\":\"2021-12-31T14:37:52+00:00\",\"author\":{\"@id\":\"https:\\\/\\\/interamerica.org\\\/fr\\\/#\\\/schema\\\/person\\\/29998f2bc2d8bd0d38662909289b54f1\"},\"breadcrumb\":{\"@id\":\"https:\\\/\\\/interamerica.org\\\/fr\\\/2021\\\/12\\\/adra-reagit-a-la-crise-actuelle-des-refugies-au-bresil-afin-daider-des-milliers-de-familles-venezueliennes\\\/#breadcrumb\"},\"inLanguage\":\"fr-FR\",\"potentialAction\":[{\"@type\":\"ReadAction\",\"target\":[\"https:\\\/\\\/interamerica.org\\\/fr\\\/2021\\\/12\\\/adra-reagit-a-la-crise-actuelle-des-refugies-au-bresil-afin-daider-des-milliers-de-familles-venezueliennes\\\/\"]}]},{\"@type\":\"ImageObject\",\"inLanguage\":\"fr-FR\",\"@id\":\"https:\\\/\\\/interamerica.org\\\/fr\\\/2021\\\/12\\\/adra-reagit-a-la-crise-actuelle-des-refugies-au-bresil-afin-daider-des-milliers-de-familles-venezueliennes\\\/#primaryimage\",\"url\":\"https:\\\/\\\/interamerica.org\\\/wp-content\\\/uploads\\\/2021\\\/12\\\/adra-brazil-venezuelan-migrants.jpg\",\"contentUrl\":\"https:\\\/\\\/interamerica.org\\\/wp-content\\\/uploads\\\/2021\\\/12\\\/adra-brazil-venezuelan-migrants.jpg\",\"width\":1280,\"height\":800,\"caption\":\"Damelis et son fils sont b\u00e9n\u00e9ficiaires du projet ANA d\u2019ADRA qui aide les migrants et r\u00e9fugi\u00e9s v\u00e9n\u00e9zu\u00e9liens \u00e0 reconstruire leur vie au Br\u00e9sil. [Photo : ADRA Br\u00e9sil]\"},{\"@type\":\"BreadcrumbList\",\"@id\":\"https:\\\/\\\/interamerica.org\\\/fr\\\/2021\\\/12\\\/adra-reagit-a-la-crise-actuelle-des-refugies-au-bresil-afin-daider-des-milliers-de-familles-venezueliennes\\\/#breadcrumb\",\"itemListElement\":[{\"@type\":\"ListItem\",\"position\":1,\"name\":\"Home\",\"item\":\"https:\\\/\\\/interamerica.org\\\/fr\\\/\"},{\"@type\":\"ListItem\",\"position\":2,\"name\":\"ADRA r\u00e9agit \u00e0 la crise actuelle des r\u00e9fugi\u00e9s au Br\u00e9sil afin d\u2019aider des milliers de familles v\u00e9n\u00e9zu\u00e9liennes\"}]},{\"@type\":\"WebSite\",\"@id\":\"https:\\\/\\\/interamerica.org\\\/fr\\\/#website\",\"url\":\"https:\\\/\\\/interamerica.org\\\/fr\\\/\",\"name\":\"\u00c9glise Adventiste Du Septieme Jour - Inter Am\u00e9rique Division\",\"description\":\"\",\"potentialAction\":[{\"@type\":\"SearchAction\",\"target\":{\"@type\":\"EntryPoint\",\"urlTemplate\":\"https:\\\/\\\/interamerica.org\\\/fr\\\/?s={search_term_string}\"},\"query-input\":{\"@type\":\"PropertyValueSpecification\",\"valueRequired\":true,\"valueName\":\"search_term_string\"}}],\"inLanguage\":\"fr-FR\"},{\"@type\":\"Person\",\"@id\":\"https:\\\/\\\/interamerica.org\\\/fr\\\/#\\\/schema\\\/person\\\/29998f2bc2d8bd0d38662909289b54f1\",\"name\":\"libna\",\"image\":{\"@type\":\"ImageObject\",\"inLanguage\":\"fr-FR\",\"@id\":\"https:\\\/\\\/secure.gravatar.com\\\/avatar\\\/7c5bd30ae4b47a9ba3c856590957fd1d96dc588bf3ac05719d247e126840331f?s=96&d=mm&r=g\",\"url\":\"https:\\\/\\\/secure.gravatar.com\\\/avatar\\\/7c5bd30ae4b47a9ba3c856590957fd1d96dc588bf3ac05719d247e126840331f?s=96&d=mm&r=g\",\"contentUrl\":\"https:\\\/\\\/secure.gravatar.com\\\/avatar\\\/7c5bd30ae4b47a9ba3c856590957fd1d96dc588bf3ac05719d247e126840331f?s=96&d=mm&r=g\",\"caption\":\"libna\"}}]}<\/script>\n<!-- \/ Yoast SEO plugin. -->","yoast_head_json":{"title":"ADRA r\u00e9agit \u00e0 la crise actuelle des r\u00e9fugi\u00e9s au Br\u00e9sil afin d\u2019aider des milliers de familles v\u00e9n\u00e9zu\u00e9liennes - \u00c9glise Adventiste Du Septieme Jour - Inter Am\u00e9rique Division","robots":{"index":"index","follow":"follow","max-snippet":"max-snippet:-1","max-image-preview":"max-image-preview:large","max-video-preview":"max-video-preview:-1"},"canonical":"https:\/\/interamerica.org\/fr\/2021\/12\/adra-reagit-a-la-crise-actuelle-des-refugies-au-bresil-afin-daider-des-milliers-de-familles-venezueliennes\/","og_locale":"fr_FR","og_type":"article","og_title":"ADRA r\u00e9agit \u00e0 la crise actuelle des r\u00e9fugi\u00e9s au Br\u00e9sil afin d\u2019aider des milliers de familles v\u00e9n\u00e9zu\u00e9liennes - \u00c9glise Adventiste Du Septieme Jour - Inter Am\u00e9rique Division","og_description":"D\u00e9cembre 2021 | Silver Spring, Maryland, \u00c9tats-Unis\u00a0 | Iris Argueta, ADRA International L\u2019Agence Adventiste de D\u00e9veloppement et de Secours (ADRA) a intensifi\u00e9 ses op\u00e9rations de secours humanitaire pour aider plus...","og_url":"https:\/\/interamerica.org\/fr\/2021\/12\/adra-reagit-a-la-crise-actuelle-des-refugies-au-bresil-afin-daider-des-milliers-de-familles-venezueliennes\/","og_site_name":"\u00c9glise Adventiste Du Septieme Jour - Inter Am\u00e9rique Division","article_published_time":"2021-12-24T12:09:38+00:00","article_modified_time":"2021-12-31T14:37:52+00:00","og_image":[{"width":1280,"height":800,"url":"https:\/\/interamerica.org\/wp-content\/uploads\/2021\/12\/adra-brazil-venezuelan-migrants.jpg","type":"image\/jpeg"}],"author":"libna","twitter_card":"summary_large_image","twitter_misc":{"\u00c9crit par":"libna","Dur\u00e9e de lecture estim\u00e9e":"4 minutes"},"schema":{"@context":"https:\/\/schema.org","@graph":[{"@type":"Article","@id":"https:\/\/interamerica.org\/fr\/2021\/12\/adra-reagit-a-la-crise-actuelle-des-refugies-au-bresil-afin-daider-des-milliers-de-familles-venezueliennes\/#article","isPartOf":{"@id":"https:\/\/interamerica.org\/fr\/2021\/12\/adra-reagit-a-la-crise-actuelle-des-refugies-au-bresil-afin-daider-des-milliers-de-familles-venezueliennes\/"},"author":{"name":"libna","@id":"https:\/\/interamerica.org\/fr\/#\/schema\/person\/29998f2bc2d8bd0d38662909289b54f1"},"headline":"ADRA r\u00e9agit \u00e0 la crise actuelle des r\u00e9fugi\u00e9s au Br\u00e9sil afin d\u2019aider des milliers de familles v\u00e9n\u00e9zu\u00e9liennes","datePublished":"2021-12-24T12:09:38+00:00","dateModified":"2021-12-31T14:37:52+00:00","mainEntityOfPage":{"@id":"https:\/\/interamerica.org\/fr\/2021\/12\/adra-reagit-a-la-crise-actuelle-des-refugies-au-bresil-afin-daider-des-milliers-de-familles-venezueliennes\/"},"wordCount":888,"image":{"@id":"https:\/\/interamerica.org\/fr\/2021\/12\/adra-reagit-a-la-crise-actuelle-des-refugies-au-bresil-afin-daider-des-milliers-de-familles-venezueliennes\/#primaryimage"},"thumbnailUrl":"https:\/\/interamerica.org\/wp-content\/uploads\/2021\/12\/adra-brazil-venezuelan-migrants.jpg","articleSection":["Nouvelles de l'\u00c9glise mondiale","RSS Fran\u00e7ais"],"inLanguage":"fr-FR"},{"@type":"WebPage","@id":"https:\/\/interamerica.org\/fr\/2021\/12\/adra-reagit-a-la-crise-actuelle-des-refugies-au-bresil-afin-daider-des-milliers-de-familles-venezueliennes\/","url":"https:\/\/interamerica.org\/fr\/2021\/12\/adra-reagit-a-la-crise-actuelle-des-refugies-au-bresil-afin-daider-des-milliers-de-familles-venezueliennes\/","name":"ADRA r\u00e9agit \u00e0 la crise actuelle des r\u00e9fugi\u00e9s au Br\u00e9sil afin d\u2019aider des milliers de familles v\u00e9n\u00e9zu\u00e9liennes - \u00c9glise Adventiste Du Septieme Jour - Inter Am\u00e9rique Division","isPartOf":{"@id":"https:\/\/interamerica.org\/fr\/#website"},"primaryImageOfPage":{"@id":"https:\/\/interamerica.org\/fr\/2021\/12\/adra-reagit-a-la-crise-actuelle-des-refugies-au-bresil-afin-daider-des-milliers-de-familles-venezueliennes\/#primaryimage"},"image":{"@id":"https:\/\/interamerica.org\/fr\/2021\/12\/adra-reagit-a-la-crise-actuelle-des-refugies-au-bresil-afin-daider-des-milliers-de-familles-venezueliennes\/#primaryimage"},"thumbnailUrl":"https:\/\/interamerica.org\/wp-content\/uploads\/2021\/12\/adra-brazil-venezuelan-migrants.jpg","datePublished":"2021-12-24T12:09:38+00:00","dateModified":"2021-12-31T14:37:52+00:00","author":{"@id":"https:\/\/interamerica.org\/fr\/#\/schema\/person\/29998f2bc2d8bd0d38662909289b54f1"},"breadcrumb":{"@id":"https:\/\/interamerica.org\/fr\/2021\/12\/adra-reagit-a-la-crise-actuelle-des-refugies-au-bresil-afin-daider-des-milliers-de-familles-venezueliennes\/#breadcrumb"},"inLanguage":"fr-FR","potentialAction":[{"@type":"ReadAction","target":["https:\/\/interamerica.org\/fr\/2021\/12\/adra-reagit-a-la-crise-actuelle-des-refugies-au-bresil-afin-daider-des-milliers-de-familles-venezueliennes\/"]}]},{"@type":"ImageObject","inLanguage":"fr-FR","@id":"https:\/\/interamerica.org\/fr\/2021\/12\/adra-reagit-a-la-crise-actuelle-des-refugies-au-bresil-afin-daider-des-milliers-de-familles-venezueliennes\/#primaryimage","url":"https:\/\/interamerica.org\/wp-content\/uploads\/2021\/12\/adra-brazil-venezuelan-migrants.jpg","contentUrl":"https:\/\/interamerica.org\/wp-content\/uploads\/2021\/12\/adra-brazil-venezuelan-migrants.jpg","width":1280,"height":800,"caption":"Damelis et son fils sont b\u00e9n\u00e9ficiaires du projet ANA d\u2019ADRA qui aide les migrants et r\u00e9fugi\u00e9s v\u00e9n\u00e9zu\u00e9liens \u00e0 reconstruire leur vie au Br\u00e9sil. [Photo : ADRA Br\u00e9sil]"},{"@type":"BreadcrumbList","@id":"https:\/\/interamerica.org\/fr\/2021\/12\/adra-reagit-a-la-crise-actuelle-des-refugies-au-bresil-afin-daider-des-milliers-de-familles-venezueliennes\/#breadcrumb","itemListElement":[{"@type":"ListItem","position":1,"name":"Home","item":"https:\/\/interamerica.org\/fr\/"},{"@type":"ListItem","position":2,"name":"ADRA r\u00e9agit \u00e0 la crise actuelle des r\u00e9fugi\u00e9s au Br\u00e9sil afin d\u2019aider des milliers de familles v\u00e9n\u00e9zu\u00e9liennes"}]},{"@type":"WebSite","@id":"https:\/\/interamerica.org\/fr\/#website","url":"https:\/\/interamerica.org\/fr\/","name":"\u00c9glise Adventiste Du Septieme Jour - Inter Am\u00e9rique Division","description":"","potentialAction":[{"@type":"SearchAction","target":{"@type":"EntryPoint","urlTemplate":"https:\/\/interamerica.org\/fr\/?s={search_term_string}"},"query-input":{"@type":"PropertyValueSpecification","valueRequired":true,"valueName":"search_term_string"}}],"inLanguage":"fr-FR"},{"@type":"Person","@id":"https:\/\/interamerica.org\/fr\/#\/schema\/person\/29998f2bc2d8bd0d38662909289b54f1","name":"libna","image":{"@type":"ImageObject","inLanguage":"fr-FR","@id":"https:\/\/secure.gravatar.com\/avatar\/7c5bd30ae4b47a9ba3c856590957fd1d96dc588bf3ac05719d247e126840331f?s=96&d=mm&r=g","url":"https:\/\/secure.gravatar.com\/avatar\/7c5bd30ae4b47a9ba3c856590957fd1d96dc588bf3ac05719d247e126840331f?s=96&d=mm&r=g","contentUrl":"https:\/\/secure.gravatar.com\/avatar\/7c5bd30ae4b47a9ba3c856590957fd1d96dc588bf3ac05719d247e126840331f?s=96&d=mm&r=g","caption":"libna"}}]}},"_links":{"self":[{"href":"https:\/\/interamerica.org\/fr\/wp-json\/wp\/v2\/posts\/79906","targetHints":{"allow":["GET"]}}],"collection":[{"href":"https:\/\/interamerica.org\/fr\/wp-json\/wp\/v2\/posts"}],"about":[{"href":"https:\/\/interamerica.org\/fr\/wp-json\/wp\/v2\/types\/post"}],"author":[{"embeddable":true,"href":"https:\/\/interamerica.org\/fr\/wp-json\/wp\/v2\/users\/3"}],"replies":[{"embeddable":true,"href":"https:\/\/interamerica.org\/fr\/wp-json\/wp\/v2\/comments?post=79906"}],"version-history":[{"count":0,"href":"https:\/\/interamerica.org\/fr\/wp-json\/wp\/v2\/posts\/79906\/revisions"}],"wp:featuredmedia":[{"embeddable":true,"href":"https:\/\/interamerica.org\/fr\/wp-json\/wp\/v2\/media\/79894"}],"wp:attachment":[{"href":"https:\/\/interamerica.org\/fr\/wp-json\/wp\/v2\/media?parent=79906"}],"wp:term":[{"taxonomy":"category","embeddable":true,"href":"https:\/\/interamerica.org\/fr\/wp-json\/wp\/v2\/categories?post=79906"},{"taxonomy":"post_tag","embeddable":true,"href":"https:\/\/interamerica.org\/fr\/wp-json\/wp\/v2\/tags?post=79906"}],"curies":[{"name":"wp","href":"https:\/\/api.w.org\/{rel}","templated":true}]}}