{"id":80112,"date":"2022-01-07T09:03:30","date_gmt":"2022-01-07T13:03:30","guid":{"rendered":"https:\/\/recursing-golick.147-182-135-0.plesk.page\/?p=80112"},"modified":"2022-01-07T11:40:56","modified_gmt":"2022-01-07T15:40:56","slug":"un-message-special-pour-leglise-en-inter-amerique","status":"publish","type":"post","link":"https:\/\/interamerica.org\/fr\/2022\/01\/un-message-special-pour-leglise-en-inter-amerique\/","title":{"rendered":"Un message sp\u00e9cial pour l\u2019\u00c9glise en Inter Am\u00e9rique"},"content":{"rendered":"<p>7 Janvier 2021 | Miami, Floride, \u00c9tats-Unis | Par pasteur Elie Henry, pr\u00e9sident de l\u2019\u00c9glise adventiste du septi\u00e8me jour en Inter Am\u00e9rique.<br \/>\nChers fr\u00e8res et s\u0153urs de l\u2019Inter Am\u00e9rique,<\/p>\n<p>Je voudrais vous saluer et vous souhaiter une ann\u00e9e 2022 vraiment b\u00e9nie. Je voudrais dans le m\u00eame temps vous inviter \u00e0 prendre part aux activit\u00e9s de ce qui s\u2019annonce \u00eatre une ann\u00e9e de c\u00e9l\u00e9brations.<\/p>\n<p>Comme vous le savez peut-\u00eatre, la famille adventiste du septi\u00e8me jour en Inter Am\u00e9rique c\u00e9l\u00e9brera les 100 ans de la cr\u00e9ation de la Division Inter Am\u00e9ricaine. Pour cette raison, ce prochain sabbat, le 8 janvier, nous aurons des programmes sp\u00e9ciaux dans les 24 unions de notre vaste territoire.<\/p>\n<p>A travers ce programme et diverses activit\u00e9s pr\u00e9vues pour les prochains mois, nous c\u00e9l\u00e9brerons la vision de nos pionniers qui ont jet\u00e9 les bases qui nous permettent d\u2019avoir une \u00e9glise solide aujourd\u2019hui. Nous honorerons leur service fid\u00e8le et engag\u00e9, eux qui ont tant donn\u00e9 et qui nous ont laiss\u00e9 un h\u00e9ritage plein de conviction, de foi et d\u2019esp\u00e9rance.<\/p>\n<p>Nous c\u00e9l\u00e9brons \u00e9galement la fa\u00e7on dont Dieu a soutenu son \u00e9glise depuis ses d\u00e9buts, et nous mettons l\u2019accent de mani\u00e8re sp\u00e9ciale sur 1922, car cette ann\u00e9e-l\u00e0, il a \u00e9t\u00e9 vot\u00e9 d\u2019\u00e9tablir la Division Inter Am\u00e9ricaine. Nous louons Dieu de nous avoir choisis et d\u2019avoir fait confiance \u00e0 chacun de nous afin que nous puissions, quel que soit le lieu ou le domaine de service, continuer notre mission qui consiste \u00e0 servir, \u00e9duquer et \u00e9vang\u00e9liser.<\/p>\n<p>Avec un tel privil\u00e8ge et une telle responsabilit\u00e9, je vous invite \u00e0 d\u00e9buter cette journ\u00e9e en consacrant votre vie au Seigneur afin qu\u2019il puisse vivre en vous et \u00e0 travers vous. Puissions-nous qui sommes ses disciples, \u00eatre vigilants jusqu\u2019au jour o\u00f9 il reviendra.<\/p>\n<p>Faisons n\u00f4tres les paroles du Psalmiste :<strong>\u201c<\/strong><strong>Enseigne-moi tes voies, \u00f4 \u00c9ternel! Je marcherai dans ta fid\u00e9lit\u00e9. Dispose mon coeur \u00e0 la crainte de ton nom. Je te louerai de tout mon coeur, Seigneur, mon Dieu! Et je glorifierai ton nom \u00e0 perp\u00e9tuit\u00e9. Car ta bont\u00e9 est grande envers moi<\/strong><strong>\u201d (Psaume 86:11-13).<\/strong><\/p>\n<p>C\u00e9l\u00e9brons aujourd\u2019hui et chaque jour le fait que Dieu nous aime tant. Continuons \u00e0 lui \u00eatre fid\u00e8les de tout notre c\u0153ur.<\/p>\n<p>Bon Sabbat.<\/p>\n<p>&nbsp;<\/p>\n<p>Pasteur Elie Henry<\/p>\n<p>Pr\u00e9sident<\/p>\n<p>Division Inter Am\u00e9ricaine des adventistes du septi\u00e8me jour<\/p>\n<p>Traduction: Patrick Luciathe<\/p>\n","protected":false},"excerpt":{"rendered":"<p>7 Janvier 2021 | Miami, Floride, \u00c9tats-Unis | Par pasteur Elie Henry, pr\u00e9sident de l\u2019\u00c9glise adventiste du septi\u00e8me jour en Inter Am\u00e9rique. Chers fr\u00e8res et s\u0153urs de l\u2019Inter Am\u00e9rique, Je&#8230;<\/p>\n","protected":false},"author":3,"featured_media":80068,"comment_status":"closed","ping_status":"closed","sticky":false,"template":"","format":"standard","meta":{"_acf_changed":false,"footnotes":""},"categories":[20,19],"tags":[],"class_list":["post-80112","post","type-post","status-publish","format-standard","has-post-thumbnail","hentry","category-nouvelles-du-siege-de-la-division","category-rss-francais"],"acf":[],"yoast_head":"<!-- This site is optimized with the Yoast SEO plugin v27.3 - https:\/\/yoast.com\/product\/yoast-seo-wordpress\/ -->\n<title>Un message sp\u00e9cial pour l\u2019\u00c9glise en Inter Am\u00e9rique - \u00c9glise Adventiste Du Septieme Jour - Inter Am\u00e9rique Division<\/title>\n<meta name=\"robots\" content=\"index, follow, max-snippet:-1, max-image-preview:large, max-video-preview:-1\" \/>\n<link rel=\"canonical\" href=\"https:\/\/interamerica.org\/fr\/2022\/01\/un-message-special-pour-leglise-en-inter-amerique\/\" \/>\n<meta property=\"og:locale\" content=\"fr_FR\" \/>\n<meta property=\"og:type\" content=\"article\" \/>\n<meta property=\"og:title\" content=\"Un message sp\u00e9cial pour l\u2019\u00c9glise en Inter Am\u00e9rique - \u00c9glise Adventiste Du Septieme Jour - Inter Am\u00e9rique Division\" \/>\n<meta property=\"og:description\" content=\"7 Janvier 2021 | Miami, Floride, \u00c9tats-Unis | Par pasteur Elie Henry, pr\u00e9sident de l\u2019\u00c9glise adventiste du septi\u00e8me jour en Inter Am\u00e9rique. Chers fr\u00e8res et s\u0153urs de l\u2019Inter Am\u00e9rique, Je...\" \/>\n<meta property=\"og:url\" content=\"https:\/\/interamerica.org\/fr\/2022\/01\/un-message-special-pour-leglise-en-inter-amerique\/\" \/>\n<meta property=\"og:site_name\" content=\"\u00c9glise Adventiste Du Septieme Jour - Inter Am\u00e9rique Division\" \/>\n<meta property=\"article:published_time\" content=\"2022-01-07T13:03:30+00:00\" \/>\n<meta property=\"article:modified_time\" content=\"2022-01-07T15:40:56+00:00\" \/>\n<meta property=\"og:image\" content=\"https:\/\/interamerica.org\/wp-content\/uploads\/2022\/01\/henryel-portrait-header-cropped.jpg\" \/>\n\t<meta property=\"og:image:width\" content=\"1000\" \/>\n\t<meta property=\"og:image:height\" content=\"625\" \/>\n\t<meta property=\"og:image:type\" content=\"image\/jpeg\" \/>\n<meta name=\"author\" content=\"libna\" \/>\n<meta name=\"twitter:card\" content=\"summary_large_image\" \/>\n<meta name=\"twitter:label1\" content=\"\u00c9crit par\" \/>\n\t<meta name=\"twitter:data1\" content=\"libna\" \/>\n\t<meta name=\"twitter:label2\" content=\"Dur\u00e9e de lecture estim\u00e9e\" \/>\n\t<meta name=\"twitter:data2\" content=\"2 minutes\" \/>\n<script type=\"application\/ld+json\" class=\"yoast-schema-graph\">{\"@context\":\"https:\\\/\\\/schema.org\",\"@graph\":[{\"@type\":\"Article\",\"@id\":\"https:\\\/\\\/interamerica.org\\\/fr\\\/2022\\\/01\\\/un-message-special-pour-leglise-en-inter-amerique\\\/#article\",\"isPartOf\":{\"@id\":\"https:\\\/\\\/interamerica.org\\\/fr\\\/2022\\\/01\\\/un-message-special-pour-leglise-en-inter-amerique\\\/\"},\"author\":{\"name\":\"libna\",\"@id\":\"https:\\\/\\\/interamerica.org\\\/fr\\\/#\\\/schema\\\/person\\\/29998f2bc2d8bd0d38662909289b54f1\"},\"headline\":\"Un message sp\u00e9cial pour l\u2019\u00c9glise en Inter Am\u00e9rique\",\"datePublished\":\"2022-01-07T13:03:30+00:00\",\"dateModified\":\"2022-01-07T15:40:56+00:00\",\"mainEntityOfPage\":{\"@id\":\"https:\\\/\\\/interamerica.org\\\/fr\\\/2022\\\/01\\\/un-message-special-pour-leglise-en-inter-amerique\\\/\"},\"wordCount\":431,\"image\":{\"@id\":\"https:\\\/\\\/interamerica.org\\\/fr\\\/2022\\\/01\\\/un-message-special-pour-leglise-en-inter-amerique\\\/#primaryimage\"},\"thumbnailUrl\":\"https:\\\/\\\/interamerica.org\\\/wp-content\\\/uploads\\\/2022\\\/01\\\/henryel-portrait-header-cropped.jpg\",\"articleSection\":[\"Nouvelles du si\u00e8ge de la division\",\"RSS Fran\u00e7ais\"],\"inLanguage\":\"fr-FR\"},{\"@type\":\"WebPage\",\"@id\":\"https:\\\/\\\/interamerica.org\\\/fr\\\/2022\\\/01\\\/un-message-special-pour-leglise-en-inter-amerique\\\/\",\"url\":\"https:\\\/\\\/interamerica.org\\\/fr\\\/2022\\\/01\\\/un-message-special-pour-leglise-en-inter-amerique\\\/\",\"name\":\"Un message sp\u00e9cial pour l\u2019\u00c9glise en Inter Am\u00e9rique - \u00c9glise Adventiste Du Septieme Jour - Inter Am\u00e9rique Division\",\"isPartOf\":{\"@id\":\"https:\\\/\\\/interamerica.org\\\/fr\\\/#website\"},\"primaryImageOfPage\":{\"@id\":\"https:\\\/\\\/interamerica.org\\\/fr\\\/2022\\\/01\\\/un-message-special-pour-leglise-en-inter-amerique\\\/#primaryimage\"},\"image\":{\"@id\":\"https:\\\/\\\/interamerica.org\\\/fr\\\/2022\\\/01\\\/un-message-special-pour-leglise-en-inter-amerique\\\/#primaryimage\"},\"thumbnailUrl\":\"https:\\\/\\\/interamerica.org\\\/wp-content\\\/uploads\\\/2022\\\/01\\\/henryel-portrait-header-cropped.jpg\",\"datePublished\":\"2022-01-07T13:03:30+00:00\",\"dateModified\":\"2022-01-07T15:40:56+00:00\",\"author\":{\"@id\":\"https:\\\/\\\/interamerica.org\\\/fr\\\/#\\\/schema\\\/person\\\/29998f2bc2d8bd0d38662909289b54f1\"},\"breadcrumb\":{\"@id\":\"https:\\\/\\\/interamerica.org\\\/fr\\\/2022\\\/01\\\/un-message-special-pour-leglise-en-inter-amerique\\\/#breadcrumb\"},\"inLanguage\":\"fr-FR\",\"potentialAction\":[{\"@type\":\"ReadAction\",\"target\":[\"https:\\\/\\\/interamerica.org\\\/fr\\\/2022\\\/01\\\/un-message-special-pour-leglise-en-inter-amerique\\\/\"]}]},{\"@type\":\"ImageObject\",\"inLanguage\":\"fr-FR\",\"@id\":\"https:\\\/\\\/interamerica.org\\\/fr\\\/2022\\\/01\\\/un-message-special-pour-leglise-en-inter-amerique\\\/#primaryimage\",\"url\":\"https:\\\/\\\/interamerica.org\\\/wp-content\\\/uploads\\\/2022\\\/01\\\/henryel-portrait-header-cropped.jpg\",\"contentUrl\":\"https:\\\/\\\/interamerica.org\\\/wp-content\\\/uploads\\\/2022\\\/01\\\/henryel-portrait-header-cropped.jpg\",\"width\":1000,\"height\":625,\"caption\":\"[Photo: Daniel Gallardo\\\/DIA]\"},{\"@type\":\"BreadcrumbList\",\"@id\":\"https:\\\/\\\/interamerica.org\\\/fr\\\/2022\\\/01\\\/un-message-special-pour-leglise-en-inter-amerique\\\/#breadcrumb\",\"itemListElement\":[{\"@type\":\"ListItem\",\"position\":1,\"name\":\"Home\",\"item\":\"https:\\\/\\\/interamerica.org\\\/fr\\\/\"},{\"@type\":\"ListItem\",\"position\":2,\"name\":\"Un message sp\u00e9cial pour l\u2019\u00c9glise en Inter Am\u00e9rique\"}]},{\"@type\":\"WebSite\",\"@id\":\"https:\\\/\\\/interamerica.org\\\/fr\\\/#website\",\"url\":\"https:\\\/\\\/interamerica.org\\\/fr\\\/\",\"name\":\"\u00c9glise Adventiste Du Septieme Jour - Inter Am\u00e9rique Division\",\"description\":\"\",\"potentialAction\":[{\"@type\":\"SearchAction\",\"target\":{\"@type\":\"EntryPoint\",\"urlTemplate\":\"https:\\\/\\\/interamerica.org\\\/fr\\\/?s={search_term_string}\"},\"query-input\":{\"@type\":\"PropertyValueSpecification\",\"valueRequired\":true,\"valueName\":\"search_term_string\"}}],\"inLanguage\":\"fr-FR\"},{\"@type\":\"Person\",\"@id\":\"https:\\\/\\\/interamerica.org\\\/fr\\\/#\\\/schema\\\/person\\\/29998f2bc2d8bd0d38662909289b54f1\",\"name\":\"libna\",\"image\":{\"@type\":\"ImageObject\",\"inLanguage\":\"fr-FR\",\"@id\":\"https:\\\/\\\/secure.gravatar.com\\\/avatar\\\/7c5bd30ae4b47a9ba3c856590957fd1d96dc588bf3ac05719d247e126840331f?s=96&d=mm&r=g\",\"url\":\"https:\\\/\\\/secure.gravatar.com\\\/avatar\\\/7c5bd30ae4b47a9ba3c856590957fd1d96dc588bf3ac05719d247e126840331f?s=96&d=mm&r=g\",\"contentUrl\":\"https:\\\/\\\/secure.gravatar.com\\\/avatar\\\/7c5bd30ae4b47a9ba3c856590957fd1d96dc588bf3ac05719d247e126840331f?s=96&d=mm&r=g\",\"caption\":\"libna\"}}]}<\/script>\n<!-- \/ Yoast SEO plugin. -->","yoast_head_json":{"title":"Un message sp\u00e9cial pour l\u2019\u00c9glise en Inter Am\u00e9rique - \u00c9glise Adventiste Du Septieme Jour - Inter Am\u00e9rique Division","robots":{"index":"index","follow":"follow","max-snippet":"max-snippet:-1","max-image-preview":"max-image-preview:large","max-video-preview":"max-video-preview:-1"},"canonical":"https:\/\/interamerica.org\/fr\/2022\/01\/un-message-special-pour-leglise-en-inter-amerique\/","og_locale":"fr_FR","og_type":"article","og_title":"Un message sp\u00e9cial pour l\u2019\u00c9glise en Inter Am\u00e9rique - \u00c9glise Adventiste Du Septieme Jour - Inter Am\u00e9rique Division","og_description":"7 Janvier 2021 | Miami, Floride, \u00c9tats-Unis | Par pasteur Elie Henry, pr\u00e9sident de l\u2019\u00c9glise adventiste du septi\u00e8me jour en Inter Am\u00e9rique. Chers fr\u00e8res et s\u0153urs de l\u2019Inter Am\u00e9rique, Je...","og_url":"https:\/\/interamerica.org\/fr\/2022\/01\/un-message-special-pour-leglise-en-inter-amerique\/","og_site_name":"\u00c9glise Adventiste Du Septieme Jour - Inter Am\u00e9rique Division","article_published_time":"2022-01-07T13:03:30+00:00","article_modified_time":"2022-01-07T15:40:56+00:00","og_image":[{"width":1000,"height":625,"url":"https:\/\/interamerica.org\/wp-content\/uploads\/2022\/01\/henryel-portrait-header-cropped.jpg","type":"image\/jpeg"}],"author":"libna","twitter_card":"summary_large_image","twitter_misc":{"\u00c9crit par":"libna","Dur\u00e9e de lecture estim\u00e9e":"2 minutes"},"schema":{"@context":"https:\/\/schema.org","@graph":[{"@type":"Article","@id":"https:\/\/interamerica.org\/fr\/2022\/01\/un-message-special-pour-leglise-en-inter-amerique\/#article","isPartOf":{"@id":"https:\/\/interamerica.org\/fr\/2022\/01\/un-message-special-pour-leglise-en-inter-amerique\/"},"author":{"name":"libna","@id":"https:\/\/interamerica.org\/fr\/#\/schema\/person\/29998f2bc2d8bd0d38662909289b54f1"},"headline":"Un message sp\u00e9cial pour l\u2019\u00c9glise en Inter Am\u00e9rique","datePublished":"2022-01-07T13:03:30+00:00","dateModified":"2022-01-07T15:40:56+00:00","mainEntityOfPage":{"@id":"https:\/\/interamerica.org\/fr\/2022\/01\/un-message-special-pour-leglise-en-inter-amerique\/"},"wordCount":431,"image":{"@id":"https:\/\/interamerica.org\/fr\/2022\/01\/un-message-special-pour-leglise-en-inter-amerique\/#primaryimage"},"thumbnailUrl":"https:\/\/interamerica.org\/wp-content\/uploads\/2022\/01\/henryel-portrait-header-cropped.jpg","articleSection":["Nouvelles du si\u00e8ge de la division","RSS Fran\u00e7ais"],"inLanguage":"fr-FR"},{"@type":"WebPage","@id":"https:\/\/interamerica.org\/fr\/2022\/01\/un-message-special-pour-leglise-en-inter-amerique\/","url":"https:\/\/interamerica.org\/fr\/2022\/01\/un-message-special-pour-leglise-en-inter-amerique\/","name":"Un message sp\u00e9cial pour l\u2019\u00c9glise en Inter Am\u00e9rique - \u00c9glise Adventiste Du Septieme Jour - Inter Am\u00e9rique Division","isPartOf":{"@id":"https:\/\/interamerica.org\/fr\/#website"},"primaryImageOfPage":{"@id":"https:\/\/interamerica.org\/fr\/2022\/01\/un-message-special-pour-leglise-en-inter-amerique\/#primaryimage"},"image":{"@id":"https:\/\/interamerica.org\/fr\/2022\/01\/un-message-special-pour-leglise-en-inter-amerique\/#primaryimage"},"thumbnailUrl":"https:\/\/interamerica.org\/wp-content\/uploads\/2022\/01\/henryel-portrait-header-cropped.jpg","datePublished":"2022-01-07T13:03:30+00:00","dateModified":"2022-01-07T15:40:56+00:00","author":{"@id":"https:\/\/interamerica.org\/fr\/#\/schema\/person\/29998f2bc2d8bd0d38662909289b54f1"},"breadcrumb":{"@id":"https:\/\/interamerica.org\/fr\/2022\/01\/un-message-special-pour-leglise-en-inter-amerique\/#breadcrumb"},"inLanguage":"fr-FR","potentialAction":[{"@type":"ReadAction","target":["https:\/\/interamerica.org\/fr\/2022\/01\/un-message-special-pour-leglise-en-inter-amerique\/"]}]},{"@type":"ImageObject","inLanguage":"fr-FR","@id":"https:\/\/interamerica.org\/fr\/2022\/01\/un-message-special-pour-leglise-en-inter-amerique\/#primaryimage","url":"https:\/\/interamerica.org\/wp-content\/uploads\/2022\/01\/henryel-portrait-header-cropped.jpg","contentUrl":"https:\/\/interamerica.org\/wp-content\/uploads\/2022\/01\/henryel-portrait-header-cropped.jpg","width":1000,"height":625,"caption":"[Photo: Daniel Gallardo\/DIA]"},{"@type":"BreadcrumbList","@id":"https:\/\/interamerica.org\/fr\/2022\/01\/un-message-special-pour-leglise-en-inter-amerique\/#breadcrumb","itemListElement":[{"@type":"ListItem","position":1,"name":"Home","item":"https:\/\/interamerica.org\/fr\/"},{"@type":"ListItem","position":2,"name":"Un message sp\u00e9cial pour l\u2019\u00c9glise en Inter Am\u00e9rique"}]},{"@type":"WebSite","@id":"https:\/\/interamerica.org\/fr\/#website","url":"https:\/\/interamerica.org\/fr\/","name":"\u00c9glise Adventiste Du Septieme Jour - Inter Am\u00e9rique Division","description":"","potentialAction":[{"@type":"SearchAction","target":{"@type":"EntryPoint","urlTemplate":"https:\/\/interamerica.org\/fr\/?s={search_term_string}"},"query-input":{"@type":"PropertyValueSpecification","valueRequired":true,"valueName":"search_term_string"}}],"inLanguage":"fr-FR"},{"@type":"Person","@id":"https:\/\/interamerica.org\/fr\/#\/schema\/person\/29998f2bc2d8bd0d38662909289b54f1","name":"libna","image":{"@type":"ImageObject","inLanguage":"fr-FR","@id":"https:\/\/secure.gravatar.com\/avatar\/7c5bd30ae4b47a9ba3c856590957fd1d96dc588bf3ac05719d247e126840331f?s=96&d=mm&r=g","url":"https:\/\/secure.gravatar.com\/avatar\/7c5bd30ae4b47a9ba3c856590957fd1d96dc588bf3ac05719d247e126840331f?s=96&d=mm&r=g","contentUrl":"https:\/\/secure.gravatar.com\/avatar\/7c5bd30ae4b47a9ba3c856590957fd1d96dc588bf3ac05719d247e126840331f?s=96&d=mm&r=g","caption":"libna"}}]}},"_links":{"self":[{"href":"https:\/\/interamerica.org\/fr\/wp-json\/wp\/v2\/posts\/80112","targetHints":{"allow":["GET"]}}],"collection":[{"href":"https:\/\/interamerica.org\/fr\/wp-json\/wp\/v2\/posts"}],"about":[{"href":"https:\/\/interamerica.org\/fr\/wp-json\/wp\/v2\/types\/post"}],"author":[{"embeddable":true,"href":"https:\/\/interamerica.org\/fr\/wp-json\/wp\/v2\/users\/3"}],"replies":[{"embeddable":true,"href":"https:\/\/interamerica.org\/fr\/wp-json\/wp\/v2\/comments?post=80112"}],"version-history":[{"count":0,"href":"https:\/\/interamerica.org\/fr\/wp-json\/wp\/v2\/posts\/80112\/revisions"}],"wp:featuredmedia":[{"embeddable":true,"href":"https:\/\/interamerica.org\/fr\/wp-json\/wp\/v2\/media\/80068"}],"wp:attachment":[{"href":"https:\/\/interamerica.org\/fr\/wp-json\/wp\/v2\/media?parent=80112"}],"wp:term":[{"taxonomy":"category","embeddable":true,"href":"https:\/\/interamerica.org\/fr\/wp-json\/wp\/v2\/categories?post=80112"},{"taxonomy":"post_tag","embeddable":true,"href":"https:\/\/interamerica.org\/fr\/wp-json\/wp\/v2\/tags?post=80112"}],"curies":[{"name":"wp","href":"https:\/\/api.w.org\/{rel}","templated":true}]}}