{"id":80188,"date":"2022-01-11T18:54:41","date_gmt":"2022-01-11T22:54:41","guid":{"rendered":"https:\/\/recursing-golick.147-182-135-0.plesk.page\/?p=80188"},"modified":"2022-01-12T12:00:43","modified_gmt":"2022-01-12T16:00:43","slug":"les-debuts-de-la-division-inter-americaine-en-1922","status":"publish","type":"post","link":"https:\/\/interamerica.org\/fr\/2022\/01\/les-debuts-de-la-division-inter-americaine-en-1922\/","title":{"rendered":"Les d\u00e9buts de la Division Inter Am\u00e9ricaine en 1922"},"content":{"rendered":"<p><em>L\u2019article suivant a \u00e9t\u00e9 \u00e9dit\u00e9 et abr\u00e9g\u00e9 par rapport \u00e0 sa publication originale dans <a href=\"https:\/\/encyclopedia.adventist.org\/\">l\u2019Encyclop\u00e9die des adventistes du septi\u00e8me jour<\/a>. Le lien vers l\u2019article complet est r\u00e9f\u00e9renc\u00e9 \u00e0 la fin. -\u00c9quipe de presse de la DIA <\/em><\/p>\n<p>11 Janvier 2022 | Miami, Floride, \u00c9tats-Unis | Par Glenn O. Phillips et Israel Leito<\/p>\n<p>De nombreux facteurs ont conduit \u00e0 la cr\u00e9ation de la Division Inter Am\u00e9ricaine (DIA) en mai 1922. La croissance rapide du nombre de membres a \u00e9t\u00e9 un facteur majeur. En 1922, dans le Bassin Carib\u00e9en et dans la moiti\u00e9 nord de l\u2019Am\u00e9rique Latine vivaient des milliers de membres de l\u2019\u00c9glise adventiste du septi\u00e8me jour depuis environ quatre d\u00e9cennies. On pense que des livres et de la documentation adventistes sont arriv\u00e9s pour la premi\u00e8re fois de Grande-Bretagne \u00e0 Ha\u00efti en 1879, envoy\u00e9s par fr\u00e8re J. N. Loughborough ; cela a conduit de nombreuses personnes \u00e0 accepter le sabbat et \u00e0 suivre le Message des Trois Anges.<a href=\"https:\/\/encyclopedia.adventist.org\/article?id=EI7C&amp;highlight=inter-american|division#fn6\"><strong><sup>6<\/sup><\/strong><\/a><br \/>\nEn 1887, la premi\u00e8re \u00e9glise adventiste du septi\u00e8me jour a \u00e9t\u00e9 formellement organis\u00e9e avec 40 membres baptis\u00e9s \u00e0 Georgetown, en Guyane Britannique (Guyana).<a href=\"https:\/\/encyclopedia.adventist.org\/article?id=EI7C&amp;highlight=inter-american|division#fn7\"><strong><sup>7<\/sup><\/strong><\/a> Peu apr\u00e8s le d\u00e9but du 20\u00e8me si\u00e8cle, la Conf\u00e9rence G\u00e9n\u00e9rale a approuv\u00e9 trois f\u00e9d\u00e9rations adventistes du septi\u00e8me jour : la F\u00e9d\u00e9ration de la Jama\u00efque en 1903 et la F\u00e9d\u00e9ration du Sud de la Cara\u00efbe et la F\u00e9d\u00e9ration du Panama en 1906. Dans d\u2019autres parties de la r\u00e9gion, il s\u2019est av\u00e9r\u00e9 difficile de faire accepter le message adventiste parmi les gens qui \u00e9taient majoritairement catholiques romains essentiellement dans les populations hispanophones et francophones.<\/p>\n<p>Au cours des ann\u00e9es 1880, les membres adventistes du septi\u00e8me jour ont tent\u00e9 d\u2019envoyer des livres et de la documentation dans ce qui est maintenant le territoire de la DIA. En 1882, un secr\u00e9taire de la Soci\u00e9t\u00e9 Internationale du Tract a cherch\u00e9 \u00e0 envoyer des livres adventistes \u00e0 Cuba et a communiqu\u00e9 avec le consul cubain, lui demandant les noms et adresses des personnes \u00e0 qui envoyer de la litt\u00e9rature religieuse. La r\u00e9ponse du consul a \u00e9t\u00e9 : \u00ab Personne n\u2019a pu \u00eatre trouv\u00e9 qui ose distribuer de la litt\u00e9rature Protestante \u00e0 terre \u00e0 Cuba, bien qu\u2019elle puisse \u00eatre remise aux marins dans le port. \u00bb<a href=\"https:\/\/encyclopedia.adventist.org\/article?id=EI7C&amp;highlight=inter-american|division#fn8\"><strong><sup>8<\/sup><\/strong><\/a><\/p>\n<p><div id=\"attachment_78156\" style=\"width: 892px\" class=\"wp-caption aligncenter\"><img fetchpriority=\"high\" decoding=\"async\" aria-describedby=\"caption-attachment-78156\" class=\" wp-image-78156\" src=\"https:\/\/recursing-golick.147-182-135-0.plesk.page\/wp-content\/uploads\/2021\/11\/dutch-carib-iad-centennial-1280-1024x640.jpg\" alt=\"\" width=\"882\" height=\"551\" srcset=\"https:\/\/interamerica.org\/wp-content\/uploads\/2021\/11\/dutch-carib-iad-centennial-1280-1024x640.jpg 1024w, https:\/\/interamerica.org\/wp-content\/uploads\/2021\/11\/dutch-carib-iad-centennial-1280-300x188.jpg 300w, https:\/\/interamerica.org\/wp-content\/uploads\/2021\/11\/dutch-carib-iad-centennial-1280-768x480.jpg 768w, https:\/\/interamerica.org\/wp-content\/uploads\/2021\/11\/dutch-carib-iad-centennial-1280.jpg 1280w\" sizes=\"(max-width: 882px) 100vw, 882px\" \/><p id=\"caption-attachment-78156\" class=\"wp-caption-text\">Le message adventiste est entr\u00e9 par divers ports des pays de l\u2019Inter Am\u00e9rique, comme en Ha\u00efti d\u00e8s 1879. [Image : photos d\u2019archives de la Division Inter Am\u00e9ricaine]<\/p><\/div>Apr\u00e8s le conflit hispano-am\u00e9ricain au d\u00e9but du 20\u00e8me si\u00e8cle, le Protestantisme a atteint les c\u00f4tes de Cuba. Au d\u00e9but des ann\u00e9es 1890, quelques pionniers adventistes du septi\u00e8me jour ont amen\u00e9 leurs ouvrages au Mexique et ont proclam\u00e9 le Message des Trois Anges \u00e0 Mexico parmi un petit groupe de lecteurs, mais ils ont \u00e9t\u00e9 incapables d\u2019atteindre efficacement les millions d\u2019habitants qui y vivaient.<a href=\"https:\/\/encyclopedia.adventist.org\/article?id=EI7C&amp;highlight=inter-american|division#fn9\"><strong><sup>9<\/sup><\/strong><\/a><\/p>\n<p>Au d\u00e9but des ann\u00e9es 1870, s\u0153ur Elizabeth Gauterau, qui a accept\u00e9 le message adventiste du septi\u00e8me jour alors qu\u2019elle vivait \u00e0 San Francisco, en Californie, a souhait\u00e9 partager la bonne nouvelle avec ceux qui vivaient au Honduras, dans les \u00eeles de la Baie et au Belize. Elle a rassembl\u00e9 de nombreux num\u00e9ros du magazine \u00ab Signes des Temps \u00bb et a effectu\u00e9 un voyage missionnaire personnel. Elle est arriv\u00e9e au Honduras en f\u00e9vrier 1886 et a commenc\u00e9 \u00e0 proclamer l\u2019\u00e9vangile aupr\u00e8s de la famille et des amis.<a href=\"https:\/\/encyclopedia.adventist.org\/article?id=EI7C&amp;highlight=inter-american|division#fn10\"><strong><sup>10<\/sup><\/strong><\/a><\/p>\n<p>En 1891, le pasteur Frank J. Hutchins et son \u00e9pouse, Cora, ont \u00e9t\u00e9 envoy\u00e9s en tant que premiers missionnaires officiels dans les pays d\u2019Am\u00e9rique Centrale. Ils sont arriv\u00e9s dans les \u00eeles de la Baie et ont \u00e9vang\u00e9lis\u00e9 les pays du Honduras, de la Colombie via l\u2019\u00eele de San Andr\u00e9s, le Belize, le Guatemala, le Nicaragua, le Costa Rica et le Panama.<a href=\"https:\/\/encyclopedia.adventist.org\/article?id=EI7C&amp;highlight=inter-american|division#fn11\"><strong><sup>11<\/sup><\/strong><\/a> Ils ont navigu\u00e9 sur une go\u00e9lette sur la Mer des Cara\u00efbes et ont principalement \u00e9vang\u00e9lis\u00e9 dans des villes portuaires telles que Livingston au Guatemala, Lim\u00f3n au Costa Rica et Bocas del Toro au Panama, combinant \u00ab travail pastoral, soins dentaires et colportage. \u00bb De m\u00eame, en 1891, le fr\u00e8re Salvador Marchisio s\u2019est rendu seul au Mexique pour proclamer la bonne nouvelle. Pour mieux aider le peuple mexicain, il est all\u00e9 \u00e0 Battle Creek pour devenir infirmier, puis, en 1893, il a \u00e9t\u00e9 envoy\u00e9 comme missionnaire \u00e0 Guadalajara, au Mexique.<a href=\"https:\/\/encyclopedia.adventist.org\/article?id=EI7C&amp;highlight=inter-american|division#fn12\"><strong><sup>12<\/sup><\/strong><\/a><\/p>\n<p>L\u2019adventisme du septi\u00e8me jour a fait des progr\u00e8s significatifs en termes d\u2019effectif de membres au fil des ann\u00e9es. En 1922, au moment de la cr\u00e9ation de la Division Inter Am\u00e9ricaine, plus de 7000 membres baptis\u00e9s adventistes du septi\u00e8me jour vivaient dans la vaste r\u00e9gion et adoraient dans plus de 200 \u00e9glises adventistes, et plus de 100 missionnaires servaient dans cette r\u00e9gion.<a href=\"https:\/\/encyclopedia.adventist.org\/article?id=EI7C&amp;highlight=inter-american|division#fn13\"><strong><sup>13<\/sup><\/strong><\/a> Il y avait neuf champs de mission et d\u2019autres groupes dans divers domaines de l\u2019\u0153uvre de l\u2019\u00e9glise, mais ils ont \u00e9t\u00e9 d\u00e9tach\u00e9s des structures administratives formelles de l\u2019\u00c9glise Adventiste mondiale.<\/p>\n<p><div id=\"attachment_74902\" style=\"width: 874px\" class=\"wp-caption aligncenter\"><img decoding=\"async\" aria-describedby=\"caption-attachment-74902\" class=\" wp-image-74902\" src=\"https:\/\/recursing-golick.147-182-135-0.plesk.page\/wp-content\/uploads\/2021\/08\/iad-1922-1024x640.jpg\" alt=\"\" width=\"864\" height=\"540\" srcset=\"https:\/\/interamerica.org\/wp-content\/uploads\/2021\/08\/iad-1922-1024x640.jpg 1024w, https:\/\/interamerica.org\/wp-content\/uploads\/2021\/08\/iad-1922-300x188.jpg 300w, https:\/\/interamerica.org\/wp-content\/uploads\/2021\/08\/iad-1922-768x480.jpg 768w, https:\/\/interamerica.org\/wp-content\/uploads\/2021\/08\/iad-1922.jpg 1280w\" sizes=\"(max-width: 864px) 100vw, 864px\" \/><p id=\"caption-attachment-74902\" class=\"wp-caption-text\">Les dirigeants adventistes du septi\u00e8me jour du monde entier posent pour une photo lors de l\u2019organisation officielle de la Division Inter Am\u00e9ricaine, \u00e0 San Francisco, en Californie, aux \u00c9tats-Unis, en 1922. [Image : Photos d\u2019archives de la Division Inter Am\u00e9ricaine]<\/p><\/div>En 1922, le nombre de membres de l\u2019\u00c9glise adventiste du septi\u00e8me jour montrait des r\u00e9sultats encourageants en termes de croissance, principalement au sein de la population Protestante de cette r\u00e9gion o\u00f9 vivaient plus de 40 millions de personnes dans plus de 30 pays.<a href=\"https:\/\/encyclopedia.adventist.org\/article?id=EI7C&amp;highlight=inter-american|division#fn14\"><strong><sup>14<\/sup><\/strong><\/a> La majorit\u00e9 des convertis et des croyants adventistes vivaient dans les r\u00e9gions anglophones des Petites Antilles et de la Zone du Canal de Panama. Bien que les circonstances politiques du d\u00e9but des ann\u00e9es 1920 avaient permis une croissance modeste au Mexique, il n\u2019y avait pratiquement pas de croyants adventistes dans les pays hispanophones plus dens\u00e9ment peupl\u00e9s. En 1922, la R\u00e9publique de Colombie avec pr\u00e8s de six millions de citoyens ne comptait qu\u2019une seule \u00e9glise Adventiste qui n\u2019avait que 11 membres.<a href=\"https:\/\/encyclopedia.adventist.org\/article?id=EI7C&amp;highlight=inter-american|division#fn15\"><strong><sup>15<\/sup><\/strong><\/a><\/p>\n<p>Bien que le nombre de membres de l\u2019\u00c9glise Adventiste du septi\u00e8me jour dans la r\u00e9gion \u00e9tait suffisamment important pour justifier la cr\u00e9ation d\u2019une division, les finances g\u00e9n\u00e9r\u00e9es et les d\u00e9penses encourues auraient pu diff\u00e9rer l\u2019organisation de la division. Les dirigeants de l\u2019\u00c9glise qui ont visit\u00e9 les r\u00e9gions de la Cara\u00efbe et du nord de l\u2019Am\u00e9rique Latine ont not\u00e9 l\u2019absence d\u2019une structure organisationnelle bien con\u00e7ue et planifi\u00e9e qui pourrait emp\u00eacher les diff\u00e9rentes parties incorpor\u00e9es de se concurrencer pour le personnel missionnaire et les ressources limit\u00e9es.<\/p>\n<p>Les missions, f\u00e9d\u00e9rations et unions existantes fonctionnaient essentiellement de mani\u00e8re autonome. Il \u00e9tait presque habituel pour les subordonn\u00e9s de contourner les superviseurs locaux et d\u2019entrer en contact direct avec les dirigeants de la Conf\u00e9rence G\u00e9n\u00e9rale sur des questions li\u00e9es au travail.<\/p>\n<p>Par cons\u00e9quent, on croyait que, pour surmonter cette faiblesse organisationnelle flagrante et parvenir \u00e0 une croissance significative et continue de l\u2019\u00e9glise dans cette r\u00e9gion, il \u00e9tait n\u00e9cessaire d\u2019avoir une division organis\u00e9e.<a href=\"https:\/\/encyclopedia.adventist.org\/article?id=EI7C&amp;highlight=inter-american|division#fn16\"><strong><sup>16<\/sup><\/strong><\/a><\/p>\n<p><strong>Historique de l\u2019organisation <\/strong><\/p>\n<p>Le 11 mai 1922, \u00e0 San Francisco, en Californie, lors de la 40\u00e8me Session de la Conf\u00e9rence G\u00e9n\u00e9rale, la majorit\u00e9 des 581 d\u00e9l\u00e9gu\u00e9s ont vot\u00e9 en faveur de l\u2019existence de la DIA.<a href=\"https:\/\/encyclopedia.adventist.org\/article?id=EI7C&amp;highlight=inter-american|division#fn17\"><strong><sup>17<\/sup><\/strong><\/a> Le Bulletin de la Conf\u00e9rence G\u00e9n\u00e9rale de 1922 relate les facteurs qui ont conduit les d\u00e9l\u00e9gu\u00e9s \u00e0 cette d\u00e9cision. (voir les d\u00e9tails<a href=\"https:\/\/encyclopedia.adventist.org\/article?id=EI7C&amp;highlight=inter-american|division\">ici<\/a>)<\/p>\n<p><div id=\"attachment_80147\" style=\"width: 811px\" class=\"wp-caption aligncenter\"><img decoding=\"async\" aria-describedby=\"caption-attachment-80147\" class=\" wp-image-80147\" src=\"https:\/\/recursing-golick.147-182-135-0.plesk.page\/wp-content\/uploads\/2022\/01\/iad-picture-panama.jpg\" alt=\"\" width=\"801\" height=\"464\" srcset=\"https:\/\/interamerica.org\/wp-content\/uploads\/2022\/01\/iad-picture-panama.jpg 385w, https:\/\/interamerica.org\/wp-content\/uploads\/2022\/01\/iad-picture-panama-300x174.jpg 300w\" sizes=\"(max-width: 801px) 100vw, 801px\" \/><p id=\"caption-attachment-80147\" class=\"wp-caption-text\">Si\u00e8ge de la Division Inter Am\u00e9ricaine au Panama, de 1922 \u00e0 1943. [Image : Photos d\u2019archives de la Division Inter Am\u00e9ricaine]<\/p><\/div>Au d\u00e9but des ann\u00e9es 1920, cette configuration g\u00e9ographique et administrative initiale est apparue comme le meilleur arrangement pour remettre de l\u2019ordre dans ce qui \u00e9tait per\u00e7u comme une r\u00e9gion du monde largement dispers\u00e9e et compliqu\u00e9e.<\/p>\n<p>Lors de la session de 1922, l\u2019\u00c9glise a accept\u00e9 une nouvelle constitution et des statuts qui incorporaient la nouvelle structure de division. La cr\u00e9ation de la DIA constituait la prochaine \u00e9tape pour mettre \u00e0 jour de la structure organisationnelle de l\u2019\u00e9glise dans cette r\u00e9gion avec l\u2019\u00c9glise adventiste mondiale. L\u2019\u00e9glise a \u00e9galement pris une d\u00e9cision n\u00e9cessaire pour faire avancer l\u2019\u0153uvre dans les r\u00e9gions de la Cara\u00efbe et du nord de l\u2019Am\u00e9rique Latine ; elle a vot\u00e9 de faire de cette r\u00e9gion la huiti\u00e8me division de l\u2019\u00c9glise adventiste du septi\u00e8me jour.<a href=\"https:\/\/encyclopedia.adventist.org\/article?id=EI7C&amp;highlight=inter-american|division#fn19\"><strong><sup>19<\/sup><\/strong><\/a><\/p>\n<p>Les t\u00e2ches les plus difficiles lors de la cr\u00e9ation de la division nouvellement cr\u00e9\u00e9e ont \u00e9t\u00e9 de restructurer les unit\u00e9s organisationnelles et administratives qui existaient avant la cr\u00e9ation de la DIA. Trois unions missions ont \u00e9t\u00e9 cr\u00e9\u00e9es : l\u2019Union Mission Azt\u00e8que qui regroupait l\u2019\u0153uvre de l\u2019\u00e9glise au Mexique, au Guatemala, au Honduras et dans la colonie du Honduras Britannique (aujourd\u2019hui le Belize) ; l\u2019Union Mission Centram\u00e9ricaine qui comprenait les autres pays d\u2019Am\u00e9rique Centrale, notamment le Panama ; et l\u2019Union des Antilles Britanniques dont le si\u00e8ge se trouvait en Jama\u00efque et qui comprenait la plupart des Petites Antilles et les trois Guyanes du nord de l\u2019Am\u00e9rique du Sud.<a href=\"https:\/\/encyclopedia.adventist.org\/article?id=EI7C&amp;highlight=inter-american|division#fn20\"><strong><sup>20<\/sup><\/strong><\/a><\/p>\n<p>Un bulletin d\u2019information \u00e0 l\u2019\u00e9chelle de la division a \u00e9galement \u00e9t\u00e9 cr\u00e9\u00e9 pour partager des nouvelles importantes, des informations et des articles sur divers sujets pertinents pour tous les membres de la division. Cette publication mensuelle a \u00e9t\u00e9 lanc\u00e9e en 1924 et s\u2019appelait le \u00ab Messager Inter Am\u00e9ricain. \u00bb En 1928, il \u00e9tait publi\u00e9 en espagnol \u2013 la langue principale des plus grandes populations de la r\u00e9gion.<a href=\"https:\/\/encyclopedia.adventist.org\/article?id=EI7C&amp;highlight=inter-american|division#fn21\"><strong><sup>21<\/sup><\/strong><\/a><\/p>\n<p><div id=\"attachment_80153\" style=\"width: 814px\" class=\"wp-caption aligncenter\"><img loading=\"lazy\" decoding=\"async\" aria-describedby=\"caption-attachment-80153\" class=\" wp-image-80153\" src=\"https:\/\/recursing-golick.147-182-135-0.plesk.page\/wp-content\/uploads\/2022\/01\/iad-picture1-coconut-grove.jpg\" alt=\"\" width=\"804\" height=\"550\" srcset=\"https:\/\/interamerica.org\/wp-content\/uploads\/2022\/01\/iad-picture1-coconut-grove.jpg 823w, https:\/\/interamerica.org\/wp-content\/uploads\/2022\/01\/iad-picture1-coconut-grove-300x205.jpg 300w, https:\/\/interamerica.org\/wp-content\/uploads\/2022\/01\/iad-picture1-coconut-grove-768x525.jpg 768w\" sizes=\"(max-width: 804px) 100vw, 804px\" \/><p id=\"caption-attachment-80153\" class=\"wp-caption-text\">Si\u00e8ge de la DIA \u00e0 Coconut Grove, \u00e0 Miami, en Floride aux \u00c9tats-Unis, de 1946 \u00e0 1954. [Image : Photos d\u2019archives de la Division Inter Am\u00e9ricaine]<\/p><\/div>L\u2019\u00e9vang\u00e9lisation publique et le gain des \u00e2mes \u00e9taient tr\u00e8s importants pour les premiers administrateurs de cette division nouvellement cr\u00e9\u00e9e. En juillet 1925, lors de la r\u00e9union du concile de la division, son pr\u00e9sident a annonc\u00e9 : \u00ab Notre \u0153uvre principale consiste \u00e0 sauver des \u00e2mes plut\u00f4t que de simplement g\u00e9rer des f\u00e9d\u00e9rations, des missions et des institutions. \u00bb<a href=\"https:\/\/encyclopedia.adventist.org\/article?id=EI7C&amp;highlight=inter-american|division#fn22\"><strong><sup>22<\/sup><\/strong><\/a> L\u2019administration de la division a r\u00e9alis\u00e9 le besoin d\u2019\u00e9tablir davantage d\u2019\u00e9cole de formation en internat et de mettre en place des moyens de soutenir financi\u00e8rement les quelques \u00e9tablissements de ce type qui existaient. Lors de la Session de la Conf\u00e9rence G\u00e9n\u00e9rale de 1930, le pr\u00e9sident de la DIA a d\u00e9clar\u00e9 : \u00ab Nos \u00e9coles sont les institutions les plus importantes dans le monde ; par cons\u00e9quent, elles devraient \u00eatre dot\u00e9es de tout le personnel enseignant n\u00e9cessaire pour r\u00e9ussir le travail de formation de nos jeunes pour un service efficace\u2026 [Dans] tous les aspects de l\u2019\u0153uvre, nous avons besoin d\u2019ouvriers n\u00e9s sous les tropiques, dont la langue maternelle est la langue vernaculaire du peuple, qui connaissent leur peuple comme aucun \u00e9tranger ne peut le conna\u00eetre, et qui sont habitu\u00e9s aux conditions climatiques souvent fatales pour un \u00e9tranger. \u00bb<a href=\"https:\/\/encyclopedia.adventist.org\/article?id=EI7C&amp;highlight=inter-american|division#fn23\"><strong><sup>23<\/sup><\/strong><\/a><\/p>\n<p>L\u2019objectif le plus urgent de la DIA \u00e0 sa cr\u00e9ation \u00e9tait l\u2019augmentation globale du nombre de membres. Le rapport du pr\u00e9sident de division en 1935 d\u00e9peint clairement la croissance r\u00e9guli\u00e8re du nombre de membres au cours de la p\u00e9riode lorsqu\u2019il a d\u00e9clar\u00e9 qu\u2019au cours de la d\u00e9cennie allant de 1925 \u00e0 1935, le nombre de membres d\u2019\u00e9glise a augment\u00e9 de 16867, soit une croissance de 182 pour cent; L\u2019effectif de membres de l\u2019\u00e9cole du sabbat a augment\u00e9 de 26593, soient 227 pour cent; et le nombre de missionnaires volontaires a augment\u00e9 de 6668, soient 235 pour cent. De plus, au cours du quadriennat allant de 1931 \u00e0 1934, le nombre de membres a augment\u00e9 de 10472 soient 67 pourcent ; L\u2019effectif de membres de l\u2019\u00e9cole du sabbat a augment\u00e9 de 68 pour cent ; et le nombre total de bapt\u00eames s\u2019\u00e9levait \u00e0 3012 en 1931 ; \u00e0 3619 en 1932 ; \u00e0 3774 en 1933 ; et \u00e0 3956 en 1934.<a href=\"https:\/\/encyclopedia.adventist.org\/article?id=EI7C&amp;highlight=inter-american|division#fn24\"><strong><sup>24<\/sup><\/strong><\/a><\/p>\n<p><strong>Sites du si\u00e8ge de la DIA <\/strong><\/p>\n<p><strong>New York City<\/strong><\/p>\n<p>L\u2019un des premiers d\u00e9fis urgents consistait \u00e0 trouver un emplacement appropri\u00e9 pour le si\u00e8ge de la division. Au cours des premiers mois, des bureaux temporaires ont \u00e9t\u00e9 ouverts dans la ville de New York et il a \u00e9t\u00e9 envisag\u00e9 d\u2019\u00e9tablir le si\u00e8ge \u00e0 la Nouvelle-Orl\u00e9ans. Les principales raisons qui expliquent ces diff\u00e9rentes consid\u00e9rations \u00e9taient la n\u00e9cessit\u00e9 de communiquer avec le territoire de la division et de voyager vers et depuis la division. Il faut se rappeler qu\u2019\u00e0 cette \u00e9poque, la plupart des d\u00e9placements et des communications se faisaient via les ports maritimes et, avec un territoire si diversifi\u00e9, le si\u00e8ge devait \u00eatre plac\u00e9 \u00e0 un endroit qui faciliterait cela.<a href=\"https:\/\/encyclopedia.adventist.org\/article?id=EI7C&amp;highlight=inter-american|division#fn25\"><strong><sup>25<\/sup><\/strong><\/a><\/p>\n<p><div id=\"attachment_80156\" style=\"width: 912px\" class=\"wp-caption aligncenter\"><img loading=\"lazy\" decoding=\"async\" aria-describedby=\"caption-attachment-80156\" class=\"size-full wp-image-80156\" src=\"https:\/\/recursing-golick.147-182-135-0.plesk.page\/wp-content\/uploads\/2022\/01\/iad-annual-committee-1949-miami.jpg\" alt=\"\" width=\"902\" height=\"558\" srcset=\"https:\/\/interamerica.org\/wp-content\/uploads\/2022\/01\/iad-annual-committee-1949-miami.jpg 902w, https:\/\/interamerica.org\/wp-content\/uploads\/2022\/01\/iad-annual-committee-1949-miami-300x186.jpg 300w, https:\/\/interamerica.org\/wp-content\/uploads\/2022\/01\/iad-annual-committee-1949-miami-768x475.jpg 768w\" sizes=\"(max-width: 902px) 100vw, 902px\" \/><p id=\"caption-attachment-80156\" class=\"wp-caption-text\">Des dirigeants de l\u2019\u00c9glise lors des rencontres du Concile Annuel de la Division Inter Am\u00e9ricaine, qui se sont tenues \u00e0 Miami, en Floride, aux \u00c9tats-Unis, du 12 au 21 d\u00e9cembre 1949. [Image : Photos d\u2019archives de la Division Inter Am\u00e9ricaine]<\/p><\/div><strong>Zone du Canal de Panama<\/strong><\/p>\n<p>Le premier emplacement du si\u00e8ge de la DIA \u00e9tait sur le territoire am\u00e9ricain de la Zone du Canal de Panama,<a href=\"https:\/\/encyclopedia.adventist.org\/article?id=EI7C&amp;highlight=inter-american|division#fn26\"><strong><sup>26<\/sup><\/strong><\/a> o\u00f9 il est rest\u00e9 de 1922 jusqu\u2019\u00e0 1943, lorsque, en raison de l\u2019entr\u00e9e des \u00c9tats-Unis dans la guerre, tous les civils ont d\u00fb \u00eatre \u00e9vacu\u00e9s de la Zone strat\u00e9gique du Canal. Cependant, le site du si\u00e8ge dans la Zone du Canal est rest\u00e9 entre les mains de l\u2019\u00e9glise et a servi de si\u00e8ge \u00e0 la F\u00e9d\u00e9ration du Panama et il est actuellement le si\u00e8ge de l\u2019Union Mission du Panama.<\/p>\n<p><strong>Ile de Cuba<\/strong><\/p>\n<p>Le deuxi\u00e8me emplacement ou a \u00e9t\u00e9 implant\u00e9 le si\u00e8ge de la DIA \u00e9tait Rancho Boyeros \u00e0 Cuba, o\u00f9, pour la premi\u00e8re et unique fois, la division ne se trouvait pas sur le territoire am\u00e9ricain ; au lieu de cela, ses nouveaux bureaux se trouvaient dans une maison de 14 pi\u00e8ces \u00ab dans le quartier de General Peraza, une banlieue de La Havane. \u00bb<a href=\"https:\/\/encyclopedia.adventist.org\/article?id=EI7C&amp;highlight=inter-american|division#fn28\"><strong><sup>28<\/sup><\/strong><\/a> Son pr\u00e9sident \u00e9tait un leader ayant une vision claire et spirituelle ; il a \u00e9crit dans le \u00ab Messager Inter Am\u00e9ricain \u00bb de f\u00e9vrier 1943 que, \u00ab Au lieu d\u2019avoir 5000 bapt\u00eames par an, nous devrions baptiser 15000 ou 20000 nouveaux membres chaque ann\u00e9e. Je crois que c\u2019est un objectif vers lequel nous devons orienter tous les efforts dans les jours qu\u2019il nous reste encore pour travailler pour le salut des \u00e2mes. \u00bb<a href=\"https:\/\/encyclopedia.adventist.org\/article?id=EI7C&amp;highlight=inter-american|division#fn29\"><strong><sup>29<\/sup><\/strong><\/a><\/p>\n<p>La division a fonctionn\u00e9 \u00e0 Cuba de 1943 \u00e0 1945, lorsque la Conf\u00e9rence G\u00e9n\u00e9rale a vot\u00e9 de d\u00e9m\u00e9nager le si\u00e8ge de la division vers un autre endroit sur le territoire continental des \u00c9tats Unis. Le b\u00e2timent \u00e9rig\u00e9 pour la Division Inter Am\u00e9ricaine \u00e0 Cuba est toujours utilis\u00e9 par l\u2019\u00e9glise et est le si\u00e8ge actuel de l\u2019Union de F\u00e9d\u00e9rations Cubaine.<\/p>\n<p><div id=\"attachment_80160\" style=\"width: 867px\" class=\"wp-caption aligncenter\"><img loading=\"lazy\" decoding=\"async\" aria-describedby=\"caption-attachment-80160\" class=\" wp-image-80160\" src=\"https:\/\/recursing-golick.147-182-135-0.plesk.page\/wp-content\/uploads\/2022\/01\/iad-coral-gables-1997-rev.jpg\" alt=\"\" width=\"857\" height=\"536\" srcset=\"https:\/\/interamerica.org\/wp-content\/uploads\/2022\/01\/iad-coral-gables-1997-rev.jpg 1000w, https:\/\/interamerica.org\/wp-content\/uploads\/2022\/01\/iad-coral-gables-1997-rev-300x188.jpg 300w, https:\/\/interamerica.org\/wp-content\/uploads\/2022\/01\/iad-coral-gables-1997-rev-768x480.jpg 768w\" sizes=\"(max-width: 857px) 100vw, 857px\" \/><p id=\"caption-attachment-80160\" class=\"wp-caption-text\">Les membres du Comit\u00e9 de Fin d\u2019Ann\u00e9e de la Division Inter Am\u00e9ricaine qui s\u2019est tenu \u00e0 Coral Gables, en Floride, aux \u00c9tats-Unis, en 1997. [Image: Photos d\u2019archives de la Division Inter Am\u00e9ricaine]<\/p><\/div><strong>Banlieue de Miami \u2013 Coconut Grove, Floride <\/strong><\/p>\n<p>Le troisi\u00e8me emplacement du si\u00e8ge de la DIA \u00e9tait situ\u00e9 au 1921 South Bayshore Drive, Coconut Grove, Floride, aux \u00c9tats Unis en raison de la n\u00e9cessit\u00e9 d\u2019avoir une bonne communication, de la facilit\u00e9 dans les d\u00e9placements, etc. dans le territoire. La DIA a continu\u00e9 de construire sur son h\u00e9ritage des d\u00e9cennies pr\u00e9c\u00e9dentes. L\u2019\u00e9vang\u00e9lisation publique a continu\u00e9 d\u2019\u00eatre au centre de toutes les activit\u00e9s et de tous les programmes ; le pr\u00e9sident de la DIA a d\u2019ailleurs d\u00e9clar\u00e9 : \u00ab L\u2019\u00e9vang\u00e9lisation est notre principale raison d\u2019\u00eatre. Tout ce que nous faisons, nous le croyons, devrait \u00eatre fait dans un but \u00e9vang\u00e9lique ; apr\u00e8s tout, gagner des \u00e2mes est notre activit\u00e9 la plus importante. \u00bb<a href=\"https:\/\/encyclopedia.adventist.org\/article?id=EI7C&amp;highlight=inter-american|division#fn30\"><strong><sup>30<\/sup><\/strong><\/a><\/p>\n<p>M\u00eame si tous les plans administratifs \u00e9taient en place pour fonctionner \u00e0 partir de ce nouvel emplacement, le 25 f\u00e9vrier 1954, les locaux de la division ont \u00e9t\u00e9 d\u00e9truits par un incendie et le si\u00e8ge a d\u00fb \u00eatre d\u00e9plac\u00e9 \u00e0 nouveau. Des plans ont \u00e9t\u00e9 imm\u00e9diatement \u00e9labor\u00e9s pour construire de nouveaux bureaux afin de mieux faciliter les activit\u00e9s en plein d\u00e9veloppement de la division.<a href=\"https:\/\/encyclopedia.adventist.org\/article?id=EI7C&amp;highlight=inter-american|division#fn31\"><strong><sup>31<\/sup><\/strong><\/a><\/p>\n<p><strong>Ville de Coral Gables, Floride<\/strong><\/p>\n<p>Le quatri\u00e8me emplacement du si\u00e8ge de la DIA \u00e9tait devenu une n\u00e9cessit\u00e9 en raison de l\u2019incendie qui avait d\u00e9truit son ancien si\u00e8ge, et un nouveau site a \u00e9t\u00e9 recherch\u00e9 \u00e0 proximit\u00e9 de celui qui avait subi l\u2019incendie. Les nouveaux bureaux ont ouvert le 17 mars 1955 au 760 Ponce de Leon Boulevard, Coral Gables, en Floride, un quartier d\u2019affaires et r\u00e9sidentiel tr\u00e8s bien cot\u00e9 ; le si\u00e8ge de la DIA est rest\u00e9 \u00e0 cet endroit jusqu\u2019en 2001.<a href=\"https:\/\/encyclopedia.adventist.org\/article?id=EI7C&amp;highlight=inter-american|division#fn32\"><strong><sup>32<\/sup><\/strong><\/a><\/p>\n<p><div id=\"attachment_78141\" style=\"width: 881px\" class=\"wp-caption aligncenter\"><img loading=\"lazy\" decoding=\"async\" aria-describedby=\"caption-attachment-78141\" class=\" wp-image-78141\" src=\"https:\/\/recursing-golick.147-182-135-0.plesk.page\/wp-content\/uploads\/2021\/10\/iad-centennial-staff-wave-1024x640.png\" alt=\"\" width=\"871\" height=\"545\" srcset=\"https:\/\/interamerica.org\/wp-content\/uploads\/2021\/10\/iad-centennial-staff-wave-1024x640.png 1024w, https:\/\/interamerica.org\/wp-content\/uploads\/2021\/10\/iad-centennial-staff-wave-300x188.png 300w, https:\/\/interamerica.org\/wp-content\/uploads\/2021\/10\/iad-centennial-staff-wave-768x480.png 768w, https:\/\/interamerica.org\/wp-content\/uploads\/2021\/10\/iad-centennial-staff-wave.png 1280w\" sizes=\"(max-width: 871px) 100vw, 871px\" \/><p id=\"caption-attachment-78141\" class=\"wp-caption-text\">Un groupe de dirigeants et de membres du personnel salue depuis le si\u00e8ge de la Division Inter Am\u00e9ricaine \u00e0 Kendall, \u00e0 Miami, en Floride aux \u00c9tats-Unis, pour c\u00e9l\u00e9brer les activit\u00e9s du centenaire pr\u00e9vus pour 2022. [Photo d\u2019archives capture d\u2019\u00e9cran de la DIA]<\/p><\/div><strong>Banlieue de Miami \u2013 Kendall, Floride <\/strong><\/p>\n<p>Le cinqui\u00e8me emplacement du si\u00e8ge de la DIA \u00e9tait n\u00e9cessaire en raison de la croissance rapide de la division et du besoin d\u2019un espace plus grand pour h\u00e9berger ses op\u00e9rations. Par cons\u00e9quent, l\u2019administration de la DIA a d\u00e9cid\u00e9 de construire un nouveau si\u00e8ge pour la division.<\/p>\n<p>La pr\u00e9sence croissante des adventistes \u00e0 travers la DIA depuis 1922 illustre l\u2019efficacit\u00e9 de ses dirigeants visionnaires, des membres engag\u00e9s des diff\u00e9rents comit\u00e9s de division, et de tous les autres ouvriers et dirigeants, pasteurs, ouvriers bibliques, repr\u00e9sentants \u00e9vang\u00e9listes et la\u00efcs tr\u00e8s actifs.<\/p>\n<p>Pour les sources utilis\u00e9es dans cet article et pour plus de d\u00e9tails sur la croissance et le leadership de la Division Inter Am\u00e9ricaine au fil des ann\u00e9es, consultez l\u2019article complet<br \/>\n<a href=\"https:\/\/encyclopedia.adventist.org\/article?id=EI7C&amp;highlight=inter-american|division\">ICI<\/a><\/p>\n<p>Traduction: Patrick Luciathe<\/p>\n","protected":false},"excerpt":{"rendered":"<p>L\u2019article suivant a \u00e9t\u00e9 \u00e9dit\u00e9 et abr\u00e9g\u00e9 par rapport \u00e0 sa publication originale dans l\u2019Encyclop\u00e9die des adventistes du septi\u00e8me jour. Le lien vers l\u2019article complet est r\u00e9f\u00e9renc\u00e9 \u00e0 la fin&#8230;.<\/p>\n","protected":false},"author":3,"featured_media":74902,"comment_status":"closed","ping_status":"closed","sticky":false,"template":"","format":"standard","meta":{"_acf_changed":false,"footnotes":""},"categories":[20,19],"tags":[],"class_list":["post-80188","post","type-post","status-publish","format-standard","has-post-thumbnail","hentry","category-nouvelles-du-siege-de-la-division","category-rss-francais"],"acf":[],"yoast_head":"<!-- This site is optimized with the Yoast SEO plugin v27.3 - https:\/\/yoast.com\/product\/yoast-seo-wordpress\/ -->\n<title>Les d\u00e9buts de la Division Inter Am\u00e9ricaine en 1922 - \u00c9glise Adventiste Du Septieme Jour - Inter Am\u00e9rique Division<\/title>\n<meta name=\"robots\" content=\"index, follow, max-snippet:-1, max-image-preview:large, max-video-preview:-1\" \/>\n<link rel=\"canonical\" href=\"https:\/\/interamerica.org\/fr\/2022\/01\/les-debuts-de-la-division-inter-americaine-en-1922\/\" \/>\n<meta property=\"og:locale\" content=\"fr_FR\" \/>\n<meta property=\"og:type\" content=\"article\" \/>\n<meta property=\"og:title\" content=\"Les d\u00e9buts de la Division Inter Am\u00e9ricaine en 1922 - \u00c9glise Adventiste Du Septieme Jour - Inter Am\u00e9rique Division\" \/>\n<meta property=\"og:description\" content=\"L\u2019article suivant a \u00e9t\u00e9 \u00e9dit\u00e9 et abr\u00e9g\u00e9 par rapport \u00e0 sa publication originale dans l\u2019Encyclop\u00e9die des adventistes du septi\u00e8me jour. Le lien vers l\u2019article complet est r\u00e9f\u00e9renc\u00e9 \u00e0 la fin....\" \/>\n<meta property=\"og:url\" content=\"https:\/\/interamerica.org\/fr\/2022\/01\/les-debuts-de-la-division-inter-americaine-en-1922\/\" \/>\n<meta property=\"og:site_name\" content=\"\u00c9glise Adventiste Du Septieme Jour - Inter Am\u00e9rique Division\" \/>\n<meta property=\"article:published_time\" content=\"2022-01-11T22:54:41+00:00\" \/>\n<meta property=\"article:modified_time\" content=\"2022-01-12T16:00:43+00:00\" \/>\n<meta property=\"og:image\" content=\"https:\/\/interamerica.org\/wp-content\/uploads\/2021\/08\/iad-1922.jpg\" \/>\n\t<meta property=\"og:image:width\" content=\"1280\" \/>\n\t<meta property=\"og:image:height\" content=\"800\" \/>\n\t<meta property=\"og:image:type\" content=\"image\/jpeg\" \/>\n<meta name=\"author\" content=\"libna\" \/>\n<meta name=\"twitter:card\" content=\"summary_large_image\" \/>\n<meta name=\"twitter:label1\" content=\"\u00c9crit par\" \/>\n\t<meta name=\"twitter:data1\" content=\"libna\" \/>\n\t<meta name=\"twitter:label2\" content=\"Dur\u00e9e de lecture estim\u00e9e\" \/>\n\t<meta name=\"twitter:data2\" content=\"14 minutes\" \/>\n<script type=\"application\/ld+json\" class=\"yoast-schema-graph\">{\"@context\":\"https:\\\/\\\/schema.org\",\"@graph\":[{\"@type\":\"Article\",\"@id\":\"https:\\\/\\\/interamerica.org\\\/fr\\\/2022\\\/01\\\/les-debuts-de-la-division-inter-americaine-en-1922\\\/#article\",\"isPartOf\":{\"@id\":\"https:\\\/\\\/interamerica.org\\\/fr\\\/2022\\\/01\\\/les-debuts-de-la-division-inter-americaine-en-1922\\\/\"},\"author\":{\"name\":\"libna\",\"@id\":\"https:\\\/\\\/interamerica.org\\\/fr\\\/#\\\/schema\\\/person\\\/29998f2bc2d8bd0d38662909289b54f1\"},\"headline\":\"Les d\u00e9buts de la Division Inter Am\u00e9ricaine en 1922\",\"datePublished\":\"2022-01-11T22:54:41+00:00\",\"dateModified\":\"2022-01-12T16:00:43+00:00\",\"mainEntityOfPage\":{\"@id\":\"https:\\\/\\\/interamerica.org\\\/fr\\\/2022\\\/01\\\/les-debuts-de-la-division-inter-americaine-en-1922\\\/\"},\"wordCount\":3069,\"image\":{\"@id\":\"https:\\\/\\\/interamerica.org\\\/fr\\\/2022\\\/01\\\/les-debuts-de-la-division-inter-americaine-en-1922\\\/#primaryimage\"},\"thumbnailUrl\":\"https:\\\/\\\/interamerica.org\\\/wp-content\\\/uploads\\\/2021\\\/08\\\/iad-1922.jpg\",\"articleSection\":[\"Nouvelles du si\u00e8ge de la division\",\"RSS Fran\u00e7ais\"],\"inLanguage\":\"fr-FR\"},{\"@type\":\"WebPage\",\"@id\":\"https:\\\/\\\/interamerica.org\\\/fr\\\/2022\\\/01\\\/les-debuts-de-la-division-inter-americaine-en-1922\\\/\",\"url\":\"https:\\\/\\\/interamerica.org\\\/fr\\\/2022\\\/01\\\/les-debuts-de-la-division-inter-americaine-en-1922\\\/\",\"name\":\"Les d\u00e9buts de la Division Inter Am\u00e9ricaine en 1922 - \u00c9glise Adventiste Du Septieme Jour - Inter Am\u00e9rique Division\",\"isPartOf\":{\"@id\":\"https:\\\/\\\/interamerica.org\\\/fr\\\/#website\"},\"primaryImageOfPage\":{\"@id\":\"https:\\\/\\\/interamerica.org\\\/fr\\\/2022\\\/01\\\/les-debuts-de-la-division-inter-americaine-en-1922\\\/#primaryimage\"},\"image\":{\"@id\":\"https:\\\/\\\/interamerica.org\\\/fr\\\/2022\\\/01\\\/les-debuts-de-la-division-inter-americaine-en-1922\\\/#primaryimage\"},\"thumbnailUrl\":\"https:\\\/\\\/interamerica.org\\\/wp-content\\\/uploads\\\/2021\\\/08\\\/iad-1922.jpg\",\"datePublished\":\"2022-01-11T22:54:41+00:00\",\"dateModified\":\"2022-01-12T16:00:43+00:00\",\"author\":{\"@id\":\"https:\\\/\\\/interamerica.org\\\/fr\\\/#\\\/schema\\\/person\\\/29998f2bc2d8bd0d38662909289b54f1\"},\"breadcrumb\":{\"@id\":\"https:\\\/\\\/interamerica.org\\\/fr\\\/2022\\\/01\\\/les-debuts-de-la-division-inter-americaine-en-1922\\\/#breadcrumb\"},\"inLanguage\":\"fr-FR\",\"potentialAction\":[{\"@type\":\"ReadAction\",\"target\":[\"https:\\\/\\\/interamerica.org\\\/fr\\\/2022\\\/01\\\/les-debuts-de-la-division-inter-americaine-en-1922\\\/\"]}]},{\"@type\":\"ImageObject\",\"inLanguage\":\"fr-FR\",\"@id\":\"https:\\\/\\\/interamerica.org\\\/fr\\\/2022\\\/01\\\/les-debuts-de-la-division-inter-americaine-en-1922\\\/#primaryimage\",\"url\":\"https:\\\/\\\/interamerica.org\\\/wp-content\\\/uploads\\\/2021\\\/08\\\/iad-1922.jpg\",\"contentUrl\":\"https:\\\/\\\/interamerica.org\\\/wp-content\\\/uploads\\\/2021\\\/08\\\/iad-1922.jpg\",\"width\":1280,\"height\":800,\"caption\":\"Organisation de la Division interam\u00e9ricaine, 1922. [Image: Photo d'archives de la Division Inter-Am\u00e9ricaine]\"},{\"@type\":\"BreadcrumbList\",\"@id\":\"https:\\\/\\\/interamerica.org\\\/fr\\\/2022\\\/01\\\/les-debuts-de-la-division-inter-americaine-en-1922\\\/#breadcrumb\",\"itemListElement\":[{\"@type\":\"ListItem\",\"position\":1,\"name\":\"Home\",\"item\":\"https:\\\/\\\/interamerica.org\\\/fr\\\/\"},{\"@type\":\"ListItem\",\"position\":2,\"name\":\"Les d\u00e9buts de la Division Inter Am\u00e9ricaine en 1922\"}]},{\"@type\":\"WebSite\",\"@id\":\"https:\\\/\\\/interamerica.org\\\/fr\\\/#website\",\"url\":\"https:\\\/\\\/interamerica.org\\\/fr\\\/\",\"name\":\"\u00c9glise Adventiste Du Septieme Jour - Inter Am\u00e9rique Division\",\"description\":\"\",\"potentialAction\":[{\"@type\":\"SearchAction\",\"target\":{\"@type\":\"EntryPoint\",\"urlTemplate\":\"https:\\\/\\\/interamerica.org\\\/fr\\\/?s={search_term_string}\"},\"query-input\":{\"@type\":\"PropertyValueSpecification\",\"valueRequired\":true,\"valueName\":\"search_term_string\"}}],\"inLanguage\":\"fr-FR\"},{\"@type\":\"Person\",\"@id\":\"https:\\\/\\\/interamerica.org\\\/fr\\\/#\\\/schema\\\/person\\\/29998f2bc2d8bd0d38662909289b54f1\",\"name\":\"libna\",\"image\":{\"@type\":\"ImageObject\",\"inLanguage\":\"fr-FR\",\"@id\":\"https:\\\/\\\/secure.gravatar.com\\\/avatar\\\/7c5bd30ae4b47a9ba3c856590957fd1d96dc588bf3ac05719d247e126840331f?s=96&d=mm&r=g\",\"url\":\"https:\\\/\\\/secure.gravatar.com\\\/avatar\\\/7c5bd30ae4b47a9ba3c856590957fd1d96dc588bf3ac05719d247e126840331f?s=96&d=mm&r=g\",\"contentUrl\":\"https:\\\/\\\/secure.gravatar.com\\\/avatar\\\/7c5bd30ae4b47a9ba3c856590957fd1d96dc588bf3ac05719d247e126840331f?s=96&d=mm&r=g\",\"caption\":\"libna\"}}]}<\/script>\n<!-- \/ Yoast SEO plugin. -->","yoast_head_json":{"title":"Les d\u00e9buts de la Division Inter Am\u00e9ricaine en 1922 - \u00c9glise Adventiste Du Septieme Jour - Inter Am\u00e9rique Division","robots":{"index":"index","follow":"follow","max-snippet":"max-snippet:-1","max-image-preview":"max-image-preview:large","max-video-preview":"max-video-preview:-1"},"canonical":"https:\/\/interamerica.org\/fr\/2022\/01\/les-debuts-de-la-division-inter-americaine-en-1922\/","og_locale":"fr_FR","og_type":"article","og_title":"Les d\u00e9buts de la Division Inter Am\u00e9ricaine en 1922 - \u00c9glise Adventiste Du Septieme Jour - Inter Am\u00e9rique Division","og_description":"L\u2019article suivant a \u00e9t\u00e9 \u00e9dit\u00e9 et abr\u00e9g\u00e9 par rapport \u00e0 sa publication originale dans l\u2019Encyclop\u00e9die des adventistes du septi\u00e8me jour. Le lien vers l\u2019article complet est r\u00e9f\u00e9renc\u00e9 \u00e0 la fin....","og_url":"https:\/\/interamerica.org\/fr\/2022\/01\/les-debuts-de-la-division-inter-americaine-en-1922\/","og_site_name":"\u00c9glise Adventiste Du Septieme Jour - Inter Am\u00e9rique Division","article_published_time":"2022-01-11T22:54:41+00:00","article_modified_time":"2022-01-12T16:00:43+00:00","og_image":[{"width":1280,"height":800,"url":"https:\/\/interamerica.org\/wp-content\/uploads\/2021\/08\/iad-1922.jpg","type":"image\/jpeg"}],"author":"libna","twitter_card":"summary_large_image","twitter_misc":{"\u00c9crit par":"libna","Dur\u00e9e de lecture estim\u00e9e":"14 minutes"},"schema":{"@context":"https:\/\/schema.org","@graph":[{"@type":"Article","@id":"https:\/\/interamerica.org\/fr\/2022\/01\/les-debuts-de-la-division-inter-americaine-en-1922\/#article","isPartOf":{"@id":"https:\/\/interamerica.org\/fr\/2022\/01\/les-debuts-de-la-division-inter-americaine-en-1922\/"},"author":{"name":"libna","@id":"https:\/\/interamerica.org\/fr\/#\/schema\/person\/29998f2bc2d8bd0d38662909289b54f1"},"headline":"Les d\u00e9buts de la Division Inter Am\u00e9ricaine en 1922","datePublished":"2022-01-11T22:54:41+00:00","dateModified":"2022-01-12T16:00:43+00:00","mainEntityOfPage":{"@id":"https:\/\/interamerica.org\/fr\/2022\/01\/les-debuts-de-la-division-inter-americaine-en-1922\/"},"wordCount":3069,"image":{"@id":"https:\/\/interamerica.org\/fr\/2022\/01\/les-debuts-de-la-division-inter-americaine-en-1922\/#primaryimage"},"thumbnailUrl":"https:\/\/interamerica.org\/wp-content\/uploads\/2021\/08\/iad-1922.jpg","articleSection":["Nouvelles du si\u00e8ge de la division","RSS Fran\u00e7ais"],"inLanguage":"fr-FR"},{"@type":"WebPage","@id":"https:\/\/interamerica.org\/fr\/2022\/01\/les-debuts-de-la-division-inter-americaine-en-1922\/","url":"https:\/\/interamerica.org\/fr\/2022\/01\/les-debuts-de-la-division-inter-americaine-en-1922\/","name":"Les d\u00e9buts de la Division Inter Am\u00e9ricaine en 1922 - \u00c9glise Adventiste Du Septieme Jour - Inter Am\u00e9rique Division","isPartOf":{"@id":"https:\/\/interamerica.org\/fr\/#website"},"primaryImageOfPage":{"@id":"https:\/\/interamerica.org\/fr\/2022\/01\/les-debuts-de-la-division-inter-americaine-en-1922\/#primaryimage"},"image":{"@id":"https:\/\/interamerica.org\/fr\/2022\/01\/les-debuts-de-la-division-inter-americaine-en-1922\/#primaryimage"},"thumbnailUrl":"https:\/\/interamerica.org\/wp-content\/uploads\/2021\/08\/iad-1922.jpg","datePublished":"2022-01-11T22:54:41+00:00","dateModified":"2022-01-12T16:00:43+00:00","author":{"@id":"https:\/\/interamerica.org\/fr\/#\/schema\/person\/29998f2bc2d8bd0d38662909289b54f1"},"breadcrumb":{"@id":"https:\/\/interamerica.org\/fr\/2022\/01\/les-debuts-de-la-division-inter-americaine-en-1922\/#breadcrumb"},"inLanguage":"fr-FR","potentialAction":[{"@type":"ReadAction","target":["https:\/\/interamerica.org\/fr\/2022\/01\/les-debuts-de-la-division-inter-americaine-en-1922\/"]}]},{"@type":"ImageObject","inLanguage":"fr-FR","@id":"https:\/\/interamerica.org\/fr\/2022\/01\/les-debuts-de-la-division-inter-americaine-en-1922\/#primaryimage","url":"https:\/\/interamerica.org\/wp-content\/uploads\/2021\/08\/iad-1922.jpg","contentUrl":"https:\/\/interamerica.org\/wp-content\/uploads\/2021\/08\/iad-1922.jpg","width":1280,"height":800,"caption":"Organisation de la Division interam\u00e9ricaine, 1922. [Image: Photo d'archives de la Division Inter-Am\u00e9ricaine]"},{"@type":"BreadcrumbList","@id":"https:\/\/interamerica.org\/fr\/2022\/01\/les-debuts-de-la-division-inter-americaine-en-1922\/#breadcrumb","itemListElement":[{"@type":"ListItem","position":1,"name":"Home","item":"https:\/\/interamerica.org\/fr\/"},{"@type":"ListItem","position":2,"name":"Les d\u00e9buts de la Division Inter Am\u00e9ricaine en 1922"}]},{"@type":"WebSite","@id":"https:\/\/interamerica.org\/fr\/#website","url":"https:\/\/interamerica.org\/fr\/","name":"\u00c9glise Adventiste Du Septieme Jour - Inter Am\u00e9rique Division","description":"","potentialAction":[{"@type":"SearchAction","target":{"@type":"EntryPoint","urlTemplate":"https:\/\/interamerica.org\/fr\/?s={search_term_string}"},"query-input":{"@type":"PropertyValueSpecification","valueRequired":true,"valueName":"search_term_string"}}],"inLanguage":"fr-FR"},{"@type":"Person","@id":"https:\/\/interamerica.org\/fr\/#\/schema\/person\/29998f2bc2d8bd0d38662909289b54f1","name":"libna","image":{"@type":"ImageObject","inLanguage":"fr-FR","@id":"https:\/\/secure.gravatar.com\/avatar\/7c5bd30ae4b47a9ba3c856590957fd1d96dc588bf3ac05719d247e126840331f?s=96&d=mm&r=g","url":"https:\/\/secure.gravatar.com\/avatar\/7c5bd30ae4b47a9ba3c856590957fd1d96dc588bf3ac05719d247e126840331f?s=96&d=mm&r=g","contentUrl":"https:\/\/secure.gravatar.com\/avatar\/7c5bd30ae4b47a9ba3c856590957fd1d96dc588bf3ac05719d247e126840331f?s=96&d=mm&r=g","caption":"libna"}}]}},"_links":{"self":[{"href":"https:\/\/interamerica.org\/fr\/wp-json\/wp\/v2\/posts\/80188","targetHints":{"allow":["GET"]}}],"collection":[{"href":"https:\/\/interamerica.org\/fr\/wp-json\/wp\/v2\/posts"}],"about":[{"href":"https:\/\/interamerica.org\/fr\/wp-json\/wp\/v2\/types\/post"}],"author":[{"embeddable":true,"href":"https:\/\/interamerica.org\/fr\/wp-json\/wp\/v2\/users\/3"}],"replies":[{"embeddable":true,"href":"https:\/\/interamerica.org\/fr\/wp-json\/wp\/v2\/comments?post=80188"}],"version-history":[{"count":0,"href":"https:\/\/interamerica.org\/fr\/wp-json\/wp\/v2\/posts\/80188\/revisions"}],"wp:featuredmedia":[{"embeddable":true,"href":"https:\/\/interamerica.org\/fr\/wp-json\/wp\/v2\/media\/74902"}],"wp:attachment":[{"href":"https:\/\/interamerica.org\/fr\/wp-json\/wp\/v2\/media?parent=80188"}],"wp:term":[{"taxonomy":"category","embeddable":true,"href":"https:\/\/interamerica.org\/fr\/wp-json\/wp\/v2\/categories?post=80188"},{"taxonomy":"post_tag","embeddable":true,"href":"https:\/\/interamerica.org\/fr\/wp-json\/wp\/v2\/tags?post=80188"}],"curies":[{"name":"wp","href":"https:\/\/api.w.org\/{rel}","templated":true}]}}