{"id":80288,"date":"2022-01-12T16:32:42","date_gmt":"2022-01-12T20:32:42","guid":{"rendered":"https:\/\/recursing-golick.147-182-135-0.plesk.page\/?p=80288"},"modified":"2022-01-14T22:50:29","modified_gmt":"2022-01-15T02:50:29","slug":"les-hopitaux-du-nepal-se-joignent-a-adra-pour-lancer-des-campagnes-de-vaccination-contre-la-covid-19","status":"publish","type":"post","link":"https:\/\/interamerica.org\/fr\/2022\/01\/les-hopitaux-du-nepal-se-joignent-a-adra-pour-lancer-des-campagnes-de-vaccination-contre-la-covid-19\/","title":{"rendered":"Les h\u00f4pitaux du N\u00e9pal se joignent \u00e0 ADRA pour lancer des campagnes de vaccination contre la COVID-19"},"content":{"rendered":"<p><strong>L\u2019Agence conscientise, distribue des \u00c9PI et offre de la formation.<\/strong><\/p>\n<p id=\"headline-6-7\" class=\"ct-headline\">Le 12 janvier 2022 | Silver Spring, Maryland, \u00c9tats-Unis | Crystal Earnhardt pour l\u2019Agence de d\u00e9veloppement et de secours adventiste<\/p>\n<p>Depuis juin 2021, l\u2019<a href=\"http:\/\/adranepal.org\/\">Agence de d\u00e9veloppement et de secours adventiste (ADRA) au N\u00e9pal<\/a> collabore avec les h\u00f4pitaux consacr\u00e9s au combat contre la COVID-19. L\u2019Agence lance \u00e9galement des campagnes de vaccination dans les districts de Dhanusha, Mahottari, Sarlahi et Rautahat.<\/p>\n<p>Le N\u00e9pal, l\u2019un des premiers pays de la r\u00e9gion sud-asiatique \u00e0 entamer une campagne de vaccination de masse contre la COVID-19, d\u00e9sirait vacciner 72\u00a0% de sa population admissible \u00e2g\u00e9e de plus de 18\u00a0ans. Mais lors de la premi\u00e8re phase, la participation n\u2019a atteint que 12\u00a0% des personnes cibl\u00e9es.<\/p>\n<p>\u00ab\u00a0L\u2019h\u00e9sitation relative au vaccin et la peur de contracter le virus ont gard\u00e9 bien des gens \u00e0 la maison\u00a0\u00bb, a expliqu\u00e9 Leighton Fletcher, directeur d\u2019ADRA N\u00e9pal.<\/p>\n<p>Parmi eux, une m\u00e8re de 25\u00a0ans qui a une petite fille de 16\u00a0mois. L\u2019enfant avait besoin de sa premi\u00e8re dose de vaccin contre la rougeole, mais la peur d\u2019\u00eatre en contact avec le virus de la COVID-19 \u00e0 la clinique m\u00e9dicale a emp\u00each\u00e9 la m\u00e8re d\u2019amener sa fille voir le m\u00e9decin.<\/p>\n<p>Laxmi Ghimire, une infirmi\u00e8re qui travaille avec ADRA, a rendu visite \u00e0 la famille et lui a expliqu\u00e9 que les \u00e9tablissements de sant\u00e9 prenaient des pr\u00e9cautions pour pr\u00e9venir la propagation du virus. En r\u00e9sultat direct de cette implication personnelle, la jeune m\u00e8re a trouv\u00e9 le courage d\u2019aller \u00e0 l\u2019h\u00f4pital, o\u00f9 l\u2019enfant a re\u00e7u les vaccins n\u00e9cessaires.<\/p>\n<p>Le personnel et les b\u00e9n\u00e9voles d\u2019ADRA ont ainsi r\u00e9ussi \u00e0 aider beaucoup de gens d\u00e8s le d\u00e9but de leurs activit\u00e9s de conscientisation, comme la distribution de d\u00e9pliants sur la COVID-19 et la mise en ondes d\u2019\u00e9missions de lignes ouvertes \u00e0 la radio.<\/p>\n<p>\u00ab\u00a0Plus t\u00f4t durant l\u2019ann\u00e9e, ADRA avait entrepris une \u00e9valuation rapide afin de conna\u00eetre les principaux besoins des communaut\u00e9s et des \u00e9tablissements de sant\u00e9, a dit M.\u00a0Fletcher. Pour recueillir des donn\u00e9es, nous avons notamment eu recours \u00e0 des entrevues avec des t\u00e9moins privil\u00e9gi\u00e9s, comme des repr\u00e9sentants gouvernementaux de choix, des dirigeants sociaux et des journalistes de quatre districts.\u00a0\u00bb<\/p>\n<p>Les r\u00e9sultats ont permis \u00e0 ADRA de r\u00e9pondre aux besoins de la communaut\u00e9 et de contribuer efficacement \u00e0 la structure des campagnes de vaccination contre la COVID-19. La microplanification pour faciliter l\u2019accessibilit\u00e9 aux vaccins et la priorisation des personnes \u00e9taient parmi les principales activit\u00e9s ainsi que la formation et l\u2019orientation des travailleurs de la sant\u00e9, des b\u00e9n\u00e9voles communautaires et des journalistes.<\/p>\n<p>\u00ab\u00a0Nous n\u2019avons pas oubli\u00e9 les jeunes, a ajout\u00e9 M.\u00a0Fletcher. Le personnel et les b\u00e9n\u00e9voles d\u2019ADRA ont \u00e9galement mis sur pied des protocoles de s\u00e9curit\u00e9 dans 50\u00a0\u00e9coles.\u00a0\u00bb<\/p>\n<p>En plus, ADRA a fourni de l\u2019\u00e9quipement m\u00e9dical, des \u00e9quipements de protection individuelle et d\u2019autres articles aux h\u00f4pitaux de Koshi, Janakpur, Bheri ainsi qu\u2019\u00e0 l\u2019<a href=\"https:\/\/scheermemorial.org\/\">H\u00f4pital adventiste Sheer Memorial<\/a> de Banepa.<\/p>\n<p><em>La version originale de cet article a \u00e9t\u00e9 publi\u00e9e par l\u2019<\/em><a href=\"https:\/\/adra.org\/\"><em>Agence de d\u00e9veloppement et de secours adventiste<\/em><\/a><em>.<\/em><\/p>\n<p>Traduction\u00a0: Marie-Mich\u00e8le Robitaille<\/p>\n","protected":false},"excerpt":{"rendered":"<p>L\u2019Agence conscientise, distribue des \u00c9PI et offre de la formation. Le 12 janvier 2022 | Silver Spring, Maryland, \u00c9tats-Unis | Crystal Earnhardt pour l\u2019Agence de d\u00e9veloppement et de secours adventiste&#8230;<\/p>\n","protected":false},"author":3,"featured_media":80224,"comment_status":"closed","ping_status":"closed","sticky":false,"template":"","format":"standard","meta":{"_acf_changed":false,"footnotes":""},"categories":[18,19],"tags":[],"class_list":["post-80288","post","type-post","status-publish","format-standard","has-post-thumbnail","hentry","category-nouvelles-de-leglise-mondiale","category-rss-francais"],"acf":[],"yoast_head":"<!-- This site is optimized with the Yoast SEO plugin v27.3 - https:\/\/yoast.com\/product\/yoast-seo-wordpress\/ -->\n<title>Les h\u00f4pitaux du N\u00e9pal se joignent \u00e0 ADRA pour lancer des campagnes de vaccination contre la COVID-19 - \u00c9glise Adventiste Du Septieme Jour - Inter Am\u00e9rique Division<\/title>\n<meta name=\"robots\" content=\"index, follow, max-snippet:-1, max-image-preview:large, max-video-preview:-1\" \/>\n<link rel=\"canonical\" href=\"https:\/\/interamerica.org\/fr\/2022\/01\/les-hopitaux-du-nepal-se-joignent-a-adra-pour-lancer-des-campagnes-de-vaccination-contre-la-covid-19\/\" \/>\n<meta property=\"og:locale\" content=\"fr_FR\" \/>\n<meta property=\"og:type\" content=\"article\" \/>\n<meta property=\"og:title\" content=\"Les h\u00f4pitaux du N\u00e9pal se joignent \u00e0 ADRA pour lancer des campagnes de vaccination contre la COVID-19 - \u00c9glise Adventiste Du Septieme Jour - Inter Am\u00e9rique Division\" \/>\n<meta property=\"og:description\" content=\"L\u2019Agence conscientise, distribue des \u00c9PI et offre de la formation. Le 12 janvier 2022 | Silver Spring, Maryland, \u00c9tats-Unis | Crystal Earnhardt pour l\u2019Agence de d\u00e9veloppement et de secours adventiste...\" \/>\n<meta property=\"og:url\" content=\"https:\/\/interamerica.org\/fr\/2022\/01\/les-hopitaux-du-nepal-se-joignent-a-adra-pour-lancer-des-campagnes-de-vaccination-contre-la-covid-19\/\" \/>\n<meta property=\"og:site_name\" content=\"\u00c9glise Adventiste Du Septieme Jour - Inter Am\u00e9rique Division\" \/>\n<meta property=\"article:published_time\" content=\"2022-01-12T20:32:42+00:00\" \/>\n<meta property=\"article:modified_time\" content=\"2022-01-15T02:50:29+00:00\" \/>\n<meta property=\"og:image\" content=\"https:\/\/interamerica.org\/wp-content\/uploads\/2022\/01\/hospitals-in-nepal-join-adra-to-roll-out-covid-19-vaccine-campaigns1-1280.jpg\" \/>\n\t<meta property=\"og:image:width\" content=\"1280\" \/>\n\t<meta property=\"og:image:height\" content=\"800\" \/>\n\t<meta property=\"og:image:type\" content=\"image\/jpeg\" \/>\n<meta name=\"author\" content=\"libna\" \/>\n<meta name=\"twitter:card\" content=\"summary_large_image\" \/>\n<meta name=\"twitter:label1\" content=\"\u00c9crit par\" \/>\n\t<meta name=\"twitter:data1\" content=\"libna\" \/>\n\t<meta name=\"twitter:label2\" content=\"Dur\u00e9e de lecture estim\u00e9e\" \/>\n\t<meta name=\"twitter:data2\" content=\"3 minutes\" \/>\n<script type=\"application\/ld+json\" class=\"yoast-schema-graph\">{\"@context\":\"https:\\\/\\\/schema.org\",\"@graph\":[{\"@type\":\"Article\",\"@id\":\"https:\\\/\\\/interamerica.org\\\/fr\\\/2022\\\/01\\\/les-hopitaux-du-nepal-se-joignent-a-adra-pour-lancer-des-campagnes-de-vaccination-contre-la-covid-19\\\/#article\",\"isPartOf\":{\"@id\":\"https:\\\/\\\/interamerica.org\\\/fr\\\/2022\\\/01\\\/les-hopitaux-du-nepal-se-joignent-a-adra-pour-lancer-des-campagnes-de-vaccination-contre-la-covid-19\\\/\"},\"author\":{\"name\":\"libna\",\"@id\":\"https:\\\/\\\/interamerica.org\\\/fr\\\/#\\\/schema\\\/person\\\/29998f2bc2d8bd0d38662909289b54f1\"},\"headline\":\"Les h\u00f4pitaux du N\u00e9pal se joignent \u00e0 ADRA pour lancer des campagnes de vaccination contre la COVID-19\",\"datePublished\":\"2022-01-12T20:32:42+00:00\",\"dateModified\":\"2022-01-15T02:50:29+00:00\",\"mainEntityOfPage\":{\"@id\":\"https:\\\/\\\/interamerica.org\\\/fr\\\/2022\\\/01\\\/les-hopitaux-du-nepal-se-joignent-a-adra-pour-lancer-des-campagnes-de-vaccination-contre-la-covid-19\\\/\"},\"wordCount\":571,\"image\":{\"@id\":\"https:\\\/\\\/interamerica.org\\\/fr\\\/2022\\\/01\\\/les-hopitaux-du-nepal-se-joignent-a-adra-pour-lancer-des-campagnes-de-vaccination-contre-la-covid-19\\\/#primaryimage\"},\"thumbnailUrl\":\"https:\\\/\\\/interamerica.org\\\/wp-content\\\/uploads\\\/2022\\\/01\\\/hospitals-in-nepal-join-adra-to-roll-out-covid-19-vaccine-campaigns1-1280.jpg\",\"articleSection\":[\"Nouvelles de l'\u00c9glise mondiale\",\"RSS Fran\u00e7ais\"],\"inLanguage\":\"fr-FR\"},{\"@type\":\"WebPage\",\"@id\":\"https:\\\/\\\/interamerica.org\\\/fr\\\/2022\\\/01\\\/les-hopitaux-du-nepal-se-joignent-a-adra-pour-lancer-des-campagnes-de-vaccination-contre-la-covid-19\\\/\",\"url\":\"https:\\\/\\\/interamerica.org\\\/fr\\\/2022\\\/01\\\/les-hopitaux-du-nepal-se-joignent-a-adra-pour-lancer-des-campagnes-de-vaccination-contre-la-covid-19\\\/\",\"name\":\"Les h\u00f4pitaux du N\u00e9pal se joignent \u00e0 ADRA pour lancer des campagnes de vaccination contre la COVID-19 - \u00c9glise Adventiste Du Septieme Jour - Inter Am\u00e9rique Division\",\"isPartOf\":{\"@id\":\"https:\\\/\\\/interamerica.org\\\/fr\\\/#website\"},\"primaryImageOfPage\":{\"@id\":\"https:\\\/\\\/interamerica.org\\\/fr\\\/2022\\\/01\\\/les-hopitaux-du-nepal-se-joignent-a-adra-pour-lancer-des-campagnes-de-vaccination-contre-la-covid-19\\\/#primaryimage\"},\"image\":{\"@id\":\"https:\\\/\\\/interamerica.org\\\/fr\\\/2022\\\/01\\\/les-hopitaux-du-nepal-se-joignent-a-adra-pour-lancer-des-campagnes-de-vaccination-contre-la-covid-19\\\/#primaryimage\"},\"thumbnailUrl\":\"https:\\\/\\\/interamerica.org\\\/wp-content\\\/uploads\\\/2022\\\/01\\\/hospitals-in-nepal-join-adra-to-roll-out-covid-19-vaccine-campaigns1-1280.jpg\",\"datePublished\":\"2022-01-12T20:32:42+00:00\",\"dateModified\":\"2022-01-15T02:50:29+00:00\",\"author\":{\"@id\":\"https:\\\/\\\/interamerica.org\\\/fr\\\/#\\\/schema\\\/person\\\/29998f2bc2d8bd0d38662909289b54f1\"},\"breadcrumb\":{\"@id\":\"https:\\\/\\\/interamerica.org\\\/fr\\\/2022\\\/01\\\/les-hopitaux-du-nepal-se-joignent-a-adra-pour-lancer-des-campagnes-de-vaccination-contre-la-covid-19\\\/#breadcrumb\"},\"inLanguage\":\"fr-FR\",\"potentialAction\":[{\"@type\":\"ReadAction\",\"target\":[\"https:\\\/\\\/interamerica.org\\\/fr\\\/2022\\\/01\\\/les-hopitaux-du-nepal-se-joignent-a-adra-pour-lancer-des-campagnes-de-vaccination-contre-la-covid-19\\\/\"]}]},{\"@type\":\"ImageObject\",\"inLanguage\":\"fr-FR\",\"@id\":\"https:\\\/\\\/interamerica.org\\\/fr\\\/2022\\\/01\\\/les-hopitaux-du-nepal-se-joignent-a-adra-pour-lancer-des-campagnes-de-vaccination-contre-la-covid-19\\\/#primaryimage\",\"url\":\"https:\\\/\\\/interamerica.org\\\/wp-content\\\/uploads\\\/2022\\\/01\\\/hospitals-in-nepal-join-adra-to-roll-out-covid-19-vaccine-campaigns1-1280.jpg\",\"contentUrl\":\"https:\\\/\\\/interamerica.org\\\/wp-content\\\/uploads\\\/2022\\\/01\\\/hospitals-in-nepal-join-adra-to-roll-out-covid-19-vaccine-campaigns1-1280.jpg\",\"width\":1280,\"height\":800,\"caption\":\"[Une photo d'ADRA Nepal.]\"},{\"@type\":\"BreadcrumbList\",\"@id\":\"https:\\\/\\\/interamerica.org\\\/fr\\\/2022\\\/01\\\/les-hopitaux-du-nepal-se-joignent-a-adra-pour-lancer-des-campagnes-de-vaccination-contre-la-covid-19\\\/#breadcrumb\",\"itemListElement\":[{\"@type\":\"ListItem\",\"position\":1,\"name\":\"Home\",\"item\":\"https:\\\/\\\/interamerica.org\\\/fr\\\/\"},{\"@type\":\"ListItem\",\"position\":2,\"name\":\"Les h\u00f4pitaux du N\u00e9pal se joignent \u00e0 ADRA pour lancer des campagnes de vaccination contre la COVID-19\"}]},{\"@type\":\"WebSite\",\"@id\":\"https:\\\/\\\/interamerica.org\\\/fr\\\/#website\",\"url\":\"https:\\\/\\\/interamerica.org\\\/fr\\\/\",\"name\":\"\u00c9glise Adventiste Du Septieme Jour - Inter Am\u00e9rique Division\",\"description\":\"\",\"potentialAction\":[{\"@type\":\"SearchAction\",\"target\":{\"@type\":\"EntryPoint\",\"urlTemplate\":\"https:\\\/\\\/interamerica.org\\\/fr\\\/?s={search_term_string}\"},\"query-input\":{\"@type\":\"PropertyValueSpecification\",\"valueRequired\":true,\"valueName\":\"search_term_string\"}}],\"inLanguage\":\"fr-FR\"},{\"@type\":\"Person\",\"@id\":\"https:\\\/\\\/interamerica.org\\\/fr\\\/#\\\/schema\\\/person\\\/29998f2bc2d8bd0d38662909289b54f1\",\"name\":\"libna\",\"image\":{\"@type\":\"ImageObject\",\"inLanguage\":\"fr-FR\",\"@id\":\"https:\\\/\\\/secure.gravatar.com\\\/avatar\\\/7c5bd30ae4b47a9ba3c856590957fd1d96dc588bf3ac05719d247e126840331f?s=96&d=mm&r=g\",\"url\":\"https:\\\/\\\/secure.gravatar.com\\\/avatar\\\/7c5bd30ae4b47a9ba3c856590957fd1d96dc588bf3ac05719d247e126840331f?s=96&d=mm&r=g\",\"contentUrl\":\"https:\\\/\\\/secure.gravatar.com\\\/avatar\\\/7c5bd30ae4b47a9ba3c856590957fd1d96dc588bf3ac05719d247e126840331f?s=96&d=mm&r=g\",\"caption\":\"libna\"}}]}<\/script>\n<!-- \/ Yoast SEO plugin. -->","yoast_head_json":{"title":"Les h\u00f4pitaux du N\u00e9pal se joignent \u00e0 ADRA pour lancer des campagnes de vaccination contre la COVID-19 - \u00c9glise Adventiste Du Septieme Jour - Inter Am\u00e9rique Division","robots":{"index":"index","follow":"follow","max-snippet":"max-snippet:-1","max-image-preview":"max-image-preview:large","max-video-preview":"max-video-preview:-1"},"canonical":"https:\/\/interamerica.org\/fr\/2022\/01\/les-hopitaux-du-nepal-se-joignent-a-adra-pour-lancer-des-campagnes-de-vaccination-contre-la-covid-19\/","og_locale":"fr_FR","og_type":"article","og_title":"Les h\u00f4pitaux du N\u00e9pal se joignent \u00e0 ADRA pour lancer des campagnes de vaccination contre la COVID-19 - \u00c9glise Adventiste Du Septieme Jour - Inter Am\u00e9rique Division","og_description":"L\u2019Agence conscientise, distribue des \u00c9PI et offre de la formation. Le 12 janvier 2022 | Silver Spring, Maryland, \u00c9tats-Unis | Crystal Earnhardt pour l\u2019Agence de d\u00e9veloppement et de secours adventiste...","og_url":"https:\/\/interamerica.org\/fr\/2022\/01\/les-hopitaux-du-nepal-se-joignent-a-adra-pour-lancer-des-campagnes-de-vaccination-contre-la-covid-19\/","og_site_name":"\u00c9glise Adventiste Du Septieme Jour - Inter Am\u00e9rique Division","article_published_time":"2022-01-12T20:32:42+00:00","article_modified_time":"2022-01-15T02:50:29+00:00","og_image":[{"width":1280,"height":800,"url":"https:\/\/interamerica.org\/wp-content\/uploads\/2022\/01\/hospitals-in-nepal-join-adra-to-roll-out-covid-19-vaccine-campaigns1-1280.jpg","type":"image\/jpeg"}],"author":"libna","twitter_card":"summary_large_image","twitter_misc":{"\u00c9crit par":"libna","Dur\u00e9e de lecture estim\u00e9e":"3 minutes"},"schema":{"@context":"https:\/\/schema.org","@graph":[{"@type":"Article","@id":"https:\/\/interamerica.org\/fr\/2022\/01\/les-hopitaux-du-nepal-se-joignent-a-adra-pour-lancer-des-campagnes-de-vaccination-contre-la-covid-19\/#article","isPartOf":{"@id":"https:\/\/interamerica.org\/fr\/2022\/01\/les-hopitaux-du-nepal-se-joignent-a-adra-pour-lancer-des-campagnes-de-vaccination-contre-la-covid-19\/"},"author":{"name":"libna","@id":"https:\/\/interamerica.org\/fr\/#\/schema\/person\/29998f2bc2d8bd0d38662909289b54f1"},"headline":"Les h\u00f4pitaux du N\u00e9pal se joignent \u00e0 ADRA pour lancer des campagnes de vaccination contre la COVID-19","datePublished":"2022-01-12T20:32:42+00:00","dateModified":"2022-01-15T02:50:29+00:00","mainEntityOfPage":{"@id":"https:\/\/interamerica.org\/fr\/2022\/01\/les-hopitaux-du-nepal-se-joignent-a-adra-pour-lancer-des-campagnes-de-vaccination-contre-la-covid-19\/"},"wordCount":571,"image":{"@id":"https:\/\/interamerica.org\/fr\/2022\/01\/les-hopitaux-du-nepal-se-joignent-a-adra-pour-lancer-des-campagnes-de-vaccination-contre-la-covid-19\/#primaryimage"},"thumbnailUrl":"https:\/\/interamerica.org\/wp-content\/uploads\/2022\/01\/hospitals-in-nepal-join-adra-to-roll-out-covid-19-vaccine-campaigns1-1280.jpg","articleSection":["Nouvelles de l'\u00c9glise mondiale","RSS Fran\u00e7ais"],"inLanguage":"fr-FR"},{"@type":"WebPage","@id":"https:\/\/interamerica.org\/fr\/2022\/01\/les-hopitaux-du-nepal-se-joignent-a-adra-pour-lancer-des-campagnes-de-vaccination-contre-la-covid-19\/","url":"https:\/\/interamerica.org\/fr\/2022\/01\/les-hopitaux-du-nepal-se-joignent-a-adra-pour-lancer-des-campagnes-de-vaccination-contre-la-covid-19\/","name":"Les h\u00f4pitaux du N\u00e9pal se joignent \u00e0 ADRA pour lancer des campagnes de vaccination contre la COVID-19 - \u00c9glise Adventiste Du Septieme Jour - Inter Am\u00e9rique Division","isPartOf":{"@id":"https:\/\/interamerica.org\/fr\/#website"},"primaryImageOfPage":{"@id":"https:\/\/interamerica.org\/fr\/2022\/01\/les-hopitaux-du-nepal-se-joignent-a-adra-pour-lancer-des-campagnes-de-vaccination-contre-la-covid-19\/#primaryimage"},"image":{"@id":"https:\/\/interamerica.org\/fr\/2022\/01\/les-hopitaux-du-nepal-se-joignent-a-adra-pour-lancer-des-campagnes-de-vaccination-contre-la-covid-19\/#primaryimage"},"thumbnailUrl":"https:\/\/interamerica.org\/wp-content\/uploads\/2022\/01\/hospitals-in-nepal-join-adra-to-roll-out-covid-19-vaccine-campaigns1-1280.jpg","datePublished":"2022-01-12T20:32:42+00:00","dateModified":"2022-01-15T02:50:29+00:00","author":{"@id":"https:\/\/interamerica.org\/fr\/#\/schema\/person\/29998f2bc2d8bd0d38662909289b54f1"},"breadcrumb":{"@id":"https:\/\/interamerica.org\/fr\/2022\/01\/les-hopitaux-du-nepal-se-joignent-a-adra-pour-lancer-des-campagnes-de-vaccination-contre-la-covid-19\/#breadcrumb"},"inLanguage":"fr-FR","potentialAction":[{"@type":"ReadAction","target":["https:\/\/interamerica.org\/fr\/2022\/01\/les-hopitaux-du-nepal-se-joignent-a-adra-pour-lancer-des-campagnes-de-vaccination-contre-la-covid-19\/"]}]},{"@type":"ImageObject","inLanguage":"fr-FR","@id":"https:\/\/interamerica.org\/fr\/2022\/01\/les-hopitaux-du-nepal-se-joignent-a-adra-pour-lancer-des-campagnes-de-vaccination-contre-la-covid-19\/#primaryimage","url":"https:\/\/interamerica.org\/wp-content\/uploads\/2022\/01\/hospitals-in-nepal-join-adra-to-roll-out-covid-19-vaccine-campaigns1-1280.jpg","contentUrl":"https:\/\/interamerica.org\/wp-content\/uploads\/2022\/01\/hospitals-in-nepal-join-adra-to-roll-out-covid-19-vaccine-campaigns1-1280.jpg","width":1280,"height":800,"caption":"[Une photo d'ADRA Nepal.]"},{"@type":"BreadcrumbList","@id":"https:\/\/interamerica.org\/fr\/2022\/01\/les-hopitaux-du-nepal-se-joignent-a-adra-pour-lancer-des-campagnes-de-vaccination-contre-la-covid-19\/#breadcrumb","itemListElement":[{"@type":"ListItem","position":1,"name":"Home","item":"https:\/\/interamerica.org\/fr\/"},{"@type":"ListItem","position":2,"name":"Les h\u00f4pitaux du N\u00e9pal se joignent \u00e0 ADRA pour lancer des campagnes de vaccination contre la COVID-19"}]},{"@type":"WebSite","@id":"https:\/\/interamerica.org\/fr\/#website","url":"https:\/\/interamerica.org\/fr\/","name":"\u00c9glise Adventiste Du Septieme Jour - Inter Am\u00e9rique Division","description":"","potentialAction":[{"@type":"SearchAction","target":{"@type":"EntryPoint","urlTemplate":"https:\/\/interamerica.org\/fr\/?s={search_term_string}"},"query-input":{"@type":"PropertyValueSpecification","valueRequired":true,"valueName":"search_term_string"}}],"inLanguage":"fr-FR"},{"@type":"Person","@id":"https:\/\/interamerica.org\/fr\/#\/schema\/person\/29998f2bc2d8bd0d38662909289b54f1","name":"libna","image":{"@type":"ImageObject","inLanguage":"fr-FR","@id":"https:\/\/secure.gravatar.com\/avatar\/7c5bd30ae4b47a9ba3c856590957fd1d96dc588bf3ac05719d247e126840331f?s=96&d=mm&r=g","url":"https:\/\/secure.gravatar.com\/avatar\/7c5bd30ae4b47a9ba3c856590957fd1d96dc588bf3ac05719d247e126840331f?s=96&d=mm&r=g","contentUrl":"https:\/\/secure.gravatar.com\/avatar\/7c5bd30ae4b47a9ba3c856590957fd1d96dc588bf3ac05719d247e126840331f?s=96&d=mm&r=g","caption":"libna"}}]}},"_links":{"self":[{"href":"https:\/\/interamerica.org\/fr\/wp-json\/wp\/v2\/posts\/80288","targetHints":{"allow":["GET"]}}],"collection":[{"href":"https:\/\/interamerica.org\/fr\/wp-json\/wp\/v2\/posts"}],"about":[{"href":"https:\/\/interamerica.org\/fr\/wp-json\/wp\/v2\/types\/post"}],"author":[{"embeddable":true,"href":"https:\/\/interamerica.org\/fr\/wp-json\/wp\/v2\/users\/3"}],"replies":[{"embeddable":true,"href":"https:\/\/interamerica.org\/fr\/wp-json\/wp\/v2\/comments?post=80288"}],"version-history":[{"count":0,"href":"https:\/\/interamerica.org\/fr\/wp-json\/wp\/v2\/posts\/80288\/revisions"}],"wp:featuredmedia":[{"embeddable":true,"href":"https:\/\/interamerica.org\/fr\/wp-json\/wp\/v2\/media\/80224"}],"wp:attachment":[{"href":"https:\/\/interamerica.org\/fr\/wp-json\/wp\/v2\/media?parent=80288"}],"wp:term":[{"taxonomy":"category","embeddable":true,"href":"https:\/\/interamerica.org\/fr\/wp-json\/wp\/v2\/categories?post=80288"},{"taxonomy":"post_tag","embeddable":true,"href":"https:\/\/interamerica.org\/fr\/wp-json\/wp\/v2\/tags?post=80288"}],"curies":[{"name":"wp","href":"https:\/\/api.w.org\/{rel}","templated":true}]}}