{"id":80420,"date":"2022-01-18T20:48:44","date_gmt":"2022-01-19T00:48:44","guid":{"rendered":"https:\/\/recursing-golick.147-182-135-0.plesk.page\/?p=80420"},"modified":"2022-01-19T09:41:47","modified_gmt":"2022-01-19T13:41:47","slug":"lobesite-nest-pas-une-bonne-situation-pour-les-patients-atteints-de-covid-19-declare-un-medecin","status":"publish","type":"post","link":"https:\/\/interamerica.org\/fr\/2022\/01\/lobesite-nest-pas-une-bonne-situation-pour-les-patients-atteints-de-covid-19-declare-un-medecin\/","title":{"rendered":"L\u2019ob\u00e9sit\u00e9 \u00ab n\u2019est pas une bonne situation pour les patients atteints de COVID-19, \u00bb d\u00e9clare un m\u00e9decin"},"content":{"rendered":"<h4 id=\"headline-6-7\" class=\"ct-headline\"><span id=\"span-21-7\" class=\"ct-span\">Les patients dont l\u2019IMC est \u00e9lev\u00e9 sont probablement plus vuln\u00e9rables aux effets \u00e0 long terme de la COVID-19.<\/span><\/h4>\n<p id=\"headline-7-7\" class=\"ct-headline\"><span id=\"span-20-7\" class=\"ct-span\">18 Janvier 2022 | Loma Linda, Californie, \u00c9tats-Unis | Molly Smith, Actualit\u00e9s de l\u2019Universit\u00e9 de Loma Linda <\/span><\/p>\n<p>Les chercheurs ont d\u00e9couvert que les patients ob\u00e8ses atteints de COVID-19 luttent davantage contre les effets \u00e0 long terme de l\u2019infection que ceux dont l\u2019indice de masse corporelle (IMC) est inf\u00e9rieur. Les Centres pour le Contr\u00f4le et la Pr\u00e9vention des Maladies (CDC) aux \u00c9tats Unis ont d\u00e9termin\u00e9 que l\u2019ob\u00e9sit\u00e9 augmente le risque d\u2019hospitalisation, d\u2019admission en unit\u00e9 de soins intensifs (USI), de ventilation m\u00e9canique et de d\u00e9c\u00e8s.<\/p>\n<p>Avec des donn\u00e9es sur des patients tr\u00e8s malades n\u00e9cessitant des soins intensifs, l\u2019Universit\u00e9 de Loma Linda a contribu\u00e9 \u00e0 une \u00e9tude r\u00e9cente men\u00e9e aupr\u00e8s de pr\u00e8s de 5000 patients, publi\u00e9e dans la revue <em>Obesity<\/em>, qui a r\u00e9fut\u00e9 l\u2019id\u00e9e que le taux de d\u00e9c\u00e8s des patients ob\u00e8ses atteints par la COVID-19 serait plus \u00e9lev\u00e9 et a plut\u00f4t r\u00e9v\u00e9l\u00e9 que ces personnes luttent davantage contre les effets \u00e0 long terme, en particulier sur les poumons et les reins.<\/p>\n<p>\u00ab M\u00eame si nos recherches sugg\u00e8rent que l\u2019ob\u00e9sit\u00e9 n\u2019est pas un facteur ind\u00e9pendant de risque de d\u00e9c\u00e8s dans la COVID-19, nous avons observ\u00e9 que plusieurs jeunes patients meurent ou ne se portent pas bien avec pour seule condition m\u00e9dicale chronique l\u2019ob\u00e9sit\u00e9, \u00bb a indiqu\u00e9 H. Bryant Nguyen, directeur de l\u2019USI m\u00e9dicale du Centre M\u00e9dical de l\u2019Universit\u00e9 de Loma Linda, a d\u00e9clar\u00e9. Bryant Nguyen est \u00e9galement professeur et responsable de la Division de la M\u00e9decine, de la Pneumologie et des Soins Intensifs \u00e0 la Facult\u00e9 de M\u00e9decine de l\u2019Universit\u00e9 de Loma Linda.<\/p>\n<p>Un peu plus de la moiti\u00e9 des patients observ\u00e9s souffraient d\u2019ob\u00e9sit\u00e9, d\u00e9finie par un IMC de 30 ou plus. Un IMC de 25 ou plus n\u2019\u00e9tait pas associ\u00e9 \u00e0 une probabilit\u00e9 plus \u00e9lev\u00e9e de d\u00e9c\u00e8s, de thrombose ou de coagulation sanguine dans les poumons, mais \u00e9tait li\u00e9 \u00e0 un risque plus grand d\u2019avoir un syndrome de d\u00e9tresse respiratoire aigu\u00eb ou de l\u00e9sion r\u00e9nale aigu\u00eb n\u00e9cessitant une dialyse.<\/p>\n<p>Une \u00e9tude plus vaste, publi\u00e9e dans <em>Clinical Infectious Diseases<\/em>, a inclus plus de 11000 patients admis dans 245 h\u00f4pitaux dans 38 \u00e9tats des \u00c9tats-Unis et a \u00e9galement r\u00e9v\u00e9l\u00e9 que les patients souffrant d\u2019ob\u00e9sit\u00e9 avaient plus de chances d\u2019avoir besoin d\u2019un ventilateur, alors que l\u2019ob\u00e9sit\u00e9 en soi n\u2019\u00e9tait pas un facteur de risque entrainant la mort.<\/p>\n<p>L\u2019ob\u00e9sit\u00e9 am\u00e8ne chez une personne un syst\u00e8me immunitaire affaibli, et une capacit\u00e9 amoindrie de combattre la maladie, a d\u00e9clar\u00e9 Bryant Nguyen. L\u2019inflammation s\u00e9v\u00e8re qui est caus\u00e9e par la COVID-19 peut provoquer un syndrome de d\u00e9tresse respiratoire aigu\u00eb chez les patients ayant un poids normal, mais un corps d\u00e9j\u00e0 sujet \u00e0 l\u2019inflammation peut \u00eatre susceptible de subir des dommages plus importants, ce qui entra\u00eene des effets \u00e0 long terme.<\/p>\n<p>Bryant Nguyen a d\u00e9clar\u00e9 qu\u2019il n&rsquo;avait pas observ\u00e9 de tendances relatives aux patients atteints de COVID-19 et qui sont en insuffisance pond\u00e9rale. Il semble que les patients \u00e2g\u00e9s souffrant de malnutrition ont des pronostics similaires \u00e0 ceux de la plupart des autres maladies.<\/p>\n<p>\u00ab Que l\u2019ob\u00e9sit\u00e9 soit ou non un facteur de risque de d\u00e9c\u00e8s demeure incertain. Mais nous savons que ce n\u2019est pas une bonne situation pour les patients atteints de COVID-19, \u00bb a dit Bryant Nguyen.<\/p>\n<p>Sans tenir compte de l\u2019IMC, les patients non vaccin\u00e9s ont le taux d\u2019admission le plus \u00e9lev\u00e9 en USI \u00e0 travers le pays. Bryant Nguyen encourage les personnes ob\u00e8ses \u00e0 se faire vacciner et \u00e0 recevoir le booster pour obtenir une couche de protection suppl\u00e9mentaire afin de pr\u00e9venir le risque possible d\u2019une issue d\u00e9favorable \u00e0 cause de la COVID-19.<\/p>\n<p><em>La\u00a0<\/em><a href=\"https:\/\/news.llu.edu\/health-wellness\/patients-high-bmi-scale-likely-more-vulnerable-long-term-covid-effects\" target=\"_blank\" rel=\"noopener\"><em>version originale<\/em><\/a><em>\u00a0de cet article a \u00e9t\u00e9 publi\u00e9e sur le <\/em><a href=\"https:\/\/news.llu.edu\/\" target=\"_blank\" rel=\"noopener\"><em> site d&rsquo;informations<\/em><\/a><em>de l\u2019Universit\u00e9 de Loma Linda.<\/em><\/p>\n<p>Traduction: Patrick Luciathe<\/p>\n","protected":false},"excerpt":{"rendered":"<p>Les patients dont l\u2019IMC est \u00e9lev\u00e9 sont probablement plus vuln\u00e9rables aux effets \u00e0 long terme de la COVID-19. 18 Janvier 2022 | Loma Linda, Californie, \u00c9tats-Unis | Molly Smith, Actualit\u00e9s&#8230;<\/p>\n","protected":false},"author":3,"featured_media":80376,"comment_status":"closed","ping_status":"closed","sticky":false,"template":"","format":"standard","meta":{"_acf_changed":false,"footnotes":""},"categories":[18,19],"tags":[],"class_list":["post-80420","post","type-post","status-publish","format-standard","has-post-thumbnail","hentry","category-nouvelles-de-leglise-mondiale","category-rss-francais"],"acf":[],"yoast_head":"<!-- This site is optimized with the Yoast SEO plugin v27.3 - https:\/\/yoast.com\/product\/yoast-seo-wordpress\/ -->\n<title>L\u2019ob\u00e9sit\u00e9 \u00ab n\u2019est pas une bonne situation pour les patients atteints de COVID-19, \u00bb d\u00e9clare un m\u00e9decin - \u00c9glise Adventiste Du Septieme Jour - Inter Am\u00e9rique Division<\/title>\n<meta name=\"robots\" content=\"index, follow, max-snippet:-1, max-image-preview:large, max-video-preview:-1\" \/>\n<link rel=\"canonical\" href=\"https:\/\/interamerica.org\/fr\/2022\/01\/lobesite-nest-pas-une-bonne-situation-pour-les-patients-atteints-de-covid-19-declare-un-medecin\/\" \/>\n<meta property=\"og:locale\" content=\"fr_FR\" \/>\n<meta property=\"og:type\" content=\"article\" \/>\n<meta property=\"og:title\" content=\"L\u2019ob\u00e9sit\u00e9 \u00ab n\u2019est pas une bonne situation pour les patients atteints de COVID-19, \u00bb d\u00e9clare un m\u00e9decin - \u00c9glise Adventiste Du Septieme Jour - Inter Am\u00e9rique Division\" \/>\n<meta property=\"og:description\" content=\"Les patients dont l\u2019IMC est \u00e9lev\u00e9 sont probablement plus vuln\u00e9rables aux effets \u00e0 long terme de la COVID-19. 18 Janvier 2022 | Loma Linda, Californie, \u00c9tats-Unis | Molly Smith, Actualit\u00e9s...\" \/>\n<meta property=\"og:url\" content=\"https:\/\/interamerica.org\/fr\/2022\/01\/lobesite-nest-pas-une-bonne-situation-pour-les-patients-atteints-de-covid-19-declare-un-medecin\/\" \/>\n<meta property=\"og:site_name\" content=\"\u00c9glise Adventiste Du Septieme Jour - Inter Am\u00e9rique Division\" \/>\n<meta property=\"article:published_time\" content=\"2022-01-19T00:48:44+00:00\" \/>\n<meta property=\"article:modified_time\" content=\"2022-01-19T13:41:47+00:00\" \/>\n<meta property=\"og:image\" content=\"https:\/\/interamerica.org\/wp-content\/uploads\/2022\/01\/scale-i-yunmai-5jctamjz21a-unsplash-1280.jpg\" \/>\n\t<meta property=\"og:image:width\" content=\"1280\" \/>\n\t<meta property=\"og:image:height\" content=\"800\" \/>\n\t<meta property=\"og:image:type\" content=\"image\/jpeg\" \/>\n<meta name=\"author\" content=\"libna\" \/>\n<meta name=\"twitter:card\" content=\"summary_large_image\" \/>\n<meta name=\"twitter:label1\" content=\"\u00c9crit par\" \/>\n\t<meta name=\"twitter:data1\" content=\"libna\" \/>\n\t<meta name=\"twitter:label2\" content=\"Dur\u00e9e de lecture estim\u00e9e\" \/>\n\t<meta name=\"twitter:data2\" content=\"3 minutes\" \/>\n<script type=\"application\/ld+json\" class=\"yoast-schema-graph\">{\"@context\":\"https:\\\/\\\/schema.org\",\"@graph\":[{\"@type\":\"Article\",\"@id\":\"https:\\\/\\\/interamerica.org\\\/fr\\\/2022\\\/01\\\/lobesite-nest-pas-une-bonne-situation-pour-les-patients-atteints-de-covid-19-declare-un-medecin\\\/#article\",\"isPartOf\":{\"@id\":\"https:\\\/\\\/interamerica.org\\\/fr\\\/2022\\\/01\\\/lobesite-nest-pas-une-bonne-situation-pour-les-patients-atteints-de-covid-19-declare-un-medecin\\\/\"},\"author\":{\"name\":\"libna\",\"@id\":\"https:\\\/\\\/interamerica.org\\\/fr\\\/#\\\/schema\\\/person\\\/29998f2bc2d8bd0d38662909289b54f1\"},\"headline\":\"L\u2019ob\u00e9sit\u00e9 \u00ab n\u2019est pas une bonne situation pour les patients atteints de COVID-19, \u00bb d\u00e9clare un m\u00e9decin\",\"datePublished\":\"2022-01-19T00:48:44+00:00\",\"dateModified\":\"2022-01-19T13:41:47+00:00\",\"mainEntityOfPage\":{\"@id\":\"https:\\\/\\\/interamerica.org\\\/fr\\\/2022\\\/01\\\/lobesite-nest-pas-une-bonne-situation-pour-les-patients-atteints-de-covid-19-declare-un-medecin\\\/\"},\"wordCount\":721,\"image\":{\"@id\":\"https:\\\/\\\/interamerica.org\\\/fr\\\/2022\\\/01\\\/lobesite-nest-pas-une-bonne-situation-pour-les-patients-atteints-de-covid-19-declare-un-medecin\\\/#primaryimage\"},\"thumbnailUrl\":\"https:\\\/\\\/interamerica.org\\\/wp-content\\\/uploads\\\/2022\\\/01\\\/scale-i-yunmai-5jctamjz21a-unsplash-1280.jpg\",\"articleSection\":[\"Nouvelles de l'\u00c9glise mondiale\",\"RSS Fran\u00e7ais\"],\"inLanguage\":\"fr-FR\"},{\"@type\":\"WebPage\",\"@id\":\"https:\\\/\\\/interamerica.org\\\/fr\\\/2022\\\/01\\\/lobesite-nest-pas-une-bonne-situation-pour-les-patients-atteints-de-covid-19-declare-un-medecin\\\/\",\"url\":\"https:\\\/\\\/interamerica.org\\\/fr\\\/2022\\\/01\\\/lobesite-nest-pas-une-bonne-situation-pour-les-patients-atteints-de-covid-19-declare-un-medecin\\\/\",\"name\":\"L\u2019ob\u00e9sit\u00e9 \u00ab n\u2019est pas une bonne situation pour les patients atteints de COVID-19, \u00bb d\u00e9clare un m\u00e9decin - \u00c9glise Adventiste Du Septieme Jour - Inter Am\u00e9rique Division\",\"isPartOf\":{\"@id\":\"https:\\\/\\\/interamerica.org\\\/fr\\\/#website\"},\"primaryImageOfPage\":{\"@id\":\"https:\\\/\\\/interamerica.org\\\/fr\\\/2022\\\/01\\\/lobesite-nest-pas-une-bonne-situation-pour-les-patients-atteints-de-covid-19-declare-un-medecin\\\/#primaryimage\"},\"image\":{\"@id\":\"https:\\\/\\\/interamerica.org\\\/fr\\\/2022\\\/01\\\/lobesite-nest-pas-une-bonne-situation-pour-les-patients-atteints-de-covid-19-declare-un-medecin\\\/#primaryimage\"},\"thumbnailUrl\":\"https:\\\/\\\/interamerica.org\\\/wp-content\\\/uploads\\\/2022\\\/01\\\/scale-i-yunmai-5jctamjz21a-unsplash-1280.jpg\",\"datePublished\":\"2022-01-19T00:48:44+00:00\",\"dateModified\":\"2022-01-19T13:41:47+00:00\",\"author\":{\"@id\":\"https:\\\/\\\/interamerica.org\\\/fr\\\/#\\\/schema\\\/person\\\/29998f2bc2d8bd0d38662909289b54f1\"},\"breadcrumb\":{\"@id\":\"https:\\\/\\\/interamerica.org\\\/fr\\\/2022\\\/01\\\/lobesite-nest-pas-une-bonne-situation-pour-les-patients-atteints-de-covid-19-declare-un-medecin\\\/#breadcrumb\"},\"inLanguage\":\"fr-FR\",\"potentialAction\":[{\"@type\":\"ReadAction\",\"target\":[\"https:\\\/\\\/interamerica.org\\\/fr\\\/2022\\\/01\\\/lobesite-nest-pas-une-bonne-situation-pour-les-patients-atteints-de-covid-19-declare-un-medecin\\\/\"]}]},{\"@type\":\"ImageObject\",\"inLanguage\":\"fr-FR\",\"@id\":\"https:\\\/\\\/interamerica.org\\\/fr\\\/2022\\\/01\\\/lobesite-nest-pas-une-bonne-situation-pour-les-patients-atteints-de-covid-19-declare-un-medecin\\\/#primaryimage\",\"url\":\"https:\\\/\\\/interamerica.org\\\/wp-content\\\/uploads\\\/2022\\\/01\\\/scale-i-yunmai-5jctamjz21a-unsplash-1280.jpg\",\"contentUrl\":\"https:\\\/\\\/interamerica.org\\\/wp-content\\\/uploads\\\/2022\\\/01\\\/scale-i-yunmai-5jctamjz21a-unsplash-1280.jpg\",\"width\":1280,\"height\":800,\"caption\":\"[Photo: I Yunmai\\\/ Unsplash]\"},{\"@type\":\"BreadcrumbList\",\"@id\":\"https:\\\/\\\/interamerica.org\\\/fr\\\/2022\\\/01\\\/lobesite-nest-pas-une-bonne-situation-pour-les-patients-atteints-de-covid-19-declare-un-medecin\\\/#breadcrumb\",\"itemListElement\":[{\"@type\":\"ListItem\",\"position\":1,\"name\":\"Home\",\"item\":\"https:\\\/\\\/interamerica.org\\\/fr\\\/\"},{\"@type\":\"ListItem\",\"position\":2,\"name\":\"L\u2019ob\u00e9sit\u00e9 \u00ab n\u2019est pas une bonne situation pour les patients atteints de COVID-19, \u00bb d\u00e9clare un m\u00e9decin\"}]},{\"@type\":\"WebSite\",\"@id\":\"https:\\\/\\\/interamerica.org\\\/fr\\\/#website\",\"url\":\"https:\\\/\\\/interamerica.org\\\/fr\\\/\",\"name\":\"\u00c9glise Adventiste Du Septieme Jour - Inter Am\u00e9rique Division\",\"description\":\"\",\"potentialAction\":[{\"@type\":\"SearchAction\",\"target\":{\"@type\":\"EntryPoint\",\"urlTemplate\":\"https:\\\/\\\/interamerica.org\\\/fr\\\/?s={search_term_string}\"},\"query-input\":{\"@type\":\"PropertyValueSpecification\",\"valueRequired\":true,\"valueName\":\"search_term_string\"}}],\"inLanguage\":\"fr-FR\"},{\"@type\":\"Person\",\"@id\":\"https:\\\/\\\/interamerica.org\\\/fr\\\/#\\\/schema\\\/person\\\/29998f2bc2d8bd0d38662909289b54f1\",\"name\":\"libna\",\"image\":{\"@type\":\"ImageObject\",\"inLanguage\":\"fr-FR\",\"@id\":\"https:\\\/\\\/secure.gravatar.com\\\/avatar\\\/7c5bd30ae4b47a9ba3c856590957fd1d96dc588bf3ac05719d247e126840331f?s=96&d=mm&r=g\",\"url\":\"https:\\\/\\\/secure.gravatar.com\\\/avatar\\\/7c5bd30ae4b47a9ba3c856590957fd1d96dc588bf3ac05719d247e126840331f?s=96&d=mm&r=g\",\"contentUrl\":\"https:\\\/\\\/secure.gravatar.com\\\/avatar\\\/7c5bd30ae4b47a9ba3c856590957fd1d96dc588bf3ac05719d247e126840331f?s=96&d=mm&r=g\",\"caption\":\"libna\"}}]}<\/script>\n<!-- \/ Yoast SEO plugin. -->","yoast_head_json":{"title":"L\u2019ob\u00e9sit\u00e9 \u00ab n\u2019est pas une bonne situation pour les patients atteints de COVID-19, \u00bb d\u00e9clare un m\u00e9decin - \u00c9glise Adventiste Du Septieme Jour - Inter Am\u00e9rique Division","robots":{"index":"index","follow":"follow","max-snippet":"max-snippet:-1","max-image-preview":"max-image-preview:large","max-video-preview":"max-video-preview:-1"},"canonical":"https:\/\/interamerica.org\/fr\/2022\/01\/lobesite-nest-pas-une-bonne-situation-pour-les-patients-atteints-de-covid-19-declare-un-medecin\/","og_locale":"fr_FR","og_type":"article","og_title":"L\u2019ob\u00e9sit\u00e9 \u00ab n\u2019est pas une bonne situation pour les patients atteints de COVID-19, \u00bb d\u00e9clare un m\u00e9decin - \u00c9glise Adventiste Du Septieme Jour - Inter Am\u00e9rique Division","og_description":"Les patients dont l\u2019IMC est \u00e9lev\u00e9 sont probablement plus vuln\u00e9rables aux effets \u00e0 long terme de la COVID-19. 18 Janvier 2022 | Loma Linda, Californie, \u00c9tats-Unis | Molly Smith, Actualit\u00e9s...","og_url":"https:\/\/interamerica.org\/fr\/2022\/01\/lobesite-nest-pas-une-bonne-situation-pour-les-patients-atteints-de-covid-19-declare-un-medecin\/","og_site_name":"\u00c9glise Adventiste Du Septieme Jour - Inter Am\u00e9rique Division","article_published_time":"2022-01-19T00:48:44+00:00","article_modified_time":"2022-01-19T13:41:47+00:00","og_image":[{"width":1280,"height":800,"url":"https:\/\/interamerica.org\/wp-content\/uploads\/2022\/01\/scale-i-yunmai-5jctamjz21a-unsplash-1280.jpg","type":"image\/jpeg"}],"author":"libna","twitter_card":"summary_large_image","twitter_misc":{"\u00c9crit par":"libna","Dur\u00e9e de lecture estim\u00e9e":"3 minutes"},"schema":{"@context":"https:\/\/schema.org","@graph":[{"@type":"Article","@id":"https:\/\/interamerica.org\/fr\/2022\/01\/lobesite-nest-pas-une-bonne-situation-pour-les-patients-atteints-de-covid-19-declare-un-medecin\/#article","isPartOf":{"@id":"https:\/\/interamerica.org\/fr\/2022\/01\/lobesite-nest-pas-une-bonne-situation-pour-les-patients-atteints-de-covid-19-declare-un-medecin\/"},"author":{"name":"libna","@id":"https:\/\/interamerica.org\/fr\/#\/schema\/person\/29998f2bc2d8bd0d38662909289b54f1"},"headline":"L\u2019ob\u00e9sit\u00e9 \u00ab n\u2019est pas une bonne situation pour les patients atteints de COVID-19, \u00bb d\u00e9clare un m\u00e9decin","datePublished":"2022-01-19T00:48:44+00:00","dateModified":"2022-01-19T13:41:47+00:00","mainEntityOfPage":{"@id":"https:\/\/interamerica.org\/fr\/2022\/01\/lobesite-nest-pas-une-bonne-situation-pour-les-patients-atteints-de-covid-19-declare-un-medecin\/"},"wordCount":721,"image":{"@id":"https:\/\/interamerica.org\/fr\/2022\/01\/lobesite-nest-pas-une-bonne-situation-pour-les-patients-atteints-de-covid-19-declare-un-medecin\/#primaryimage"},"thumbnailUrl":"https:\/\/interamerica.org\/wp-content\/uploads\/2022\/01\/scale-i-yunmai-5jctamjz21a-unsplash-1280.jpg","articleSection":["Nouvelles de l'\u00c9glise mondiale","RSS Fran\u00e7ais"],"inLanguage":"fr-FR"},{"@type":"WebPage","@id":"https:\/\/interamerica.org\/fr\/2022\/01\/lobesite-nest-pas-une-bonne-situation-pour-les-patients-atteints-de-covid-19-declare-un-medecin\/","url":"https:\/\/interamerica.org\/fr\/2022\/01\/lobesite-nest-pas-une-bonne-situation-pour-les-patients-atteints-de-covid-19-declare-un-medecin\/","name":"L\u2019ob\u00e9sit\u00e9 \u00ab n\u2019est pas une bonne situation pour les patients atteints de COVID-19, \u00bb d\u00e9clare un m\u00e9decin - \u00c9glise Adventiste Du Septieme Jour - Inter Am\u00e9rique Division","isPartOf":{"@id":"https:\/\/interamerica.org\/fr\/#website"},"primaryImageOfPage":{"@id":"https:\/\/interamerica.org\/fr\/2022\/01\/lobesite-nest-pas-une-bonne-situation-pour-les-patients-atteints-de-covid-19-declare-un-medecin\/#primaryimage"},"image":{"@id":"https:\/\/interamerica.org\/fr\/2022\/01\/lobesite-nest-pas-une-bonne-situation-pour-les-patients-atteints-de-covid-19-declare-un-medecin\/#primaryimage"},"thumbnailUrl":"https:\/\/interamerica.org\/wp-content\/uploads\/2022\/01\/scale-i-yunmai-5jctamjz21a-unsplash-1280.jpg","datePublished":"2022-01-19T00:48:44+00:00","dateModified":"2022-01-19T13:41:47+00:00","author":{"@id":"https:\/\/interamerica.org\/fr\/#\/schema\/person\/29998f2bc2d8bd0d38662909289b54f1"},"breadcrumb":{"@id":"https:\/\/interamerica.org\/fr\/2022\/01\/lobesite-nest-pas-une-bonne-situation-pour-les-patients-atteints-de-covid-19-declare-un-medecin\/#breadcrumb"},"inLanguage":"fr-FR","potentialAction":[{"@type":"ReadAction","target":["https:\/\/interamerica.org\/fr\/2022\/01\/lobesite-nest-pas-une-bonne-situation-pour-les-patients-atteints-de-covid-19-declare-un-medecin\/"]}]},{"@type":"ImageObject","inLanguage":"fr-FR","@id":"https:\/\/interamerica.org\/fr\/2022\/01\/lobesite-nest-pas-une-bonne-situation-pour-les-patients-atteints-de-covid-19-declare-un-medecin\/#primaryimage","url":"https:\/\/interamerica.org\/wp-content\/uploads\/2022\/01\/scale-i-yunmai-5jctamjz21a-unsplash-1280.jpg","contentUrl":"https:\/\/interamerica.org\/wp-content\/uploads\/2022\/01\/scale-i-yunmai-5jctamjz21a-unsplash-1280.jpg","width":1280,"height":800,"caption":"[Photo: I Yunmai\/ Unsplash]"},{"@type":"BreadcrumbList","@id":"https:\/\/interamerica.org\/fr\/2022\/01\/lobesite-nest-pas-une-bonne-situation-pour-les-patients-atteints-de-covid-19-declare-un-medecin\/#breadcrumb","itemListElement":[{"@type":"ListItem","position":1,"name":"Home","item":"https:\/\/interamerica.org\/fr\/"},{"@type":"ListItem","position":2,"name":"L\u2019ob\u00e9sit\u00e9 \u00ab n\u2019est pas une bonne situation pour les patients atteints de COVID-19, \u00bb d\u00e9clare un m\u00e9decin"}]},{"@type":"WebSite","@id":"https:\/\/interamerica.org\/fr\/#website","url":"https:\/\/interamerica.org\/fr\/","name":"\u00c9glise Adventiste Du Septieme Jour - Inter Am\u00e9rique Division","description":"","potentialAction":[{"@type":"SearchAction","target":{"@type":"EntryPoint","urlTemplate":"https:\/\/interamerica.org\/fr\/?s={search_term_string}"},"query-input":{"@type":"PropertyValueSpecification","valueRequired":true,"valueName":"search_term_string"}}],"inLanguage":"fr-FR"},{"@type":"Person","@id":"https:\/\/interamerica.org\/fr\/#\/schema\/person\/29998f2bc2d8bd0d38662909289b54f1","name":"libna","image":{"@type":"ImageObject","inLanguage":"fr-FR","@id":"https:\/\/secure.gravatar.com\/avatar\/7c5bd30ae4b47a9ba3c856590957fd1d96dc588bf3ac05719d247e126840331f?s=96&d=mm&r=g","url":"https:\/\/secure.gravatar.com\/avatar\/7c5bd30ae4b47a9ba3c856590957fd1d96dc588bf3ac05719d247e126840331f?s=96&d=mm&r=g","contentUrl":"https:\/\/secure.gravatar.com\/avatar\/7c5bd30ae4b47a9ba3c856590957fd1d96dc588bf3ac05719d247e126840331f?s=96&d=mm&r=g","caption":"libna"}}]}},"_links":{"self":[{"href":"https:\/\/interamerica.org\/fr\/wp-json\/wp\/v2\/posts\/80420","targetHints":{"allow":["GET"]}}],"collection":[{"href":"https:\/\/interamerica.org\/fr\/wp-json\/wp\/v2\/posts"}],"about":[{"href":"https:\/\/interamerica.org\/fr\/wp-json\/wp\/v2\/types\/post"}],"author":[{"embeddable":true,"href":"https:\/\/interamerica.org\/fr\/wp-json\/wp\/v2\/users\/3"}],"replies":[{"embeddable":true,"href":"https:\/\/interamerica.org\/fr\/wp-json\/wp\/v2\/comments?post=80420"}],"version-history":[{"count":0,"href":"https:\/\/interamerica.org\/fr\/wp-json\/wp\/v2\/posts\/80420\/revisions"}],"wp:featuredmedia":[{"embeddable":true,"href":"https:\/\/interamerica.org\/fr\/wp-json\/wp\/v2\/media\/80376"}],"wp:attachment":[{"href":"https:\/\/interamerica.org\/fr\/wp-json\/wp\/v2\/media?parent=80420"}],"wp:term":[{"taxonomy":"category","embeddable":true,"href":"https:\/\/interamerica.org\/fr\/wp-json\/wp\/v2\/categories?post=80420"},{"taxonomy":"post_tag","embeddable":true,"href":"https:\/\/interamerica.org\/fr\/wp-json\/wp\/v2\/tags?post=80420"}],"curies":[{"name":"wp","href":"https:\/\/api.w.org\/{rel}","templated":true}]}}