{"id":80500,"date":"2022-01-20T20:21:43","date_gmt":"2022-01-21T00:21:43","guid":{"rendered":"https:\/\/recursing-golick.147-182-135-0.plesk.page\/?p=80500"},"modified":"2022-01-21T10:05:22","modified_gmt":"2022-01-21T14:05:22","slug":"qui-est-dieu","status":"publish","type":"post","link":"https:\/\/interamerica.org\/fr\/2022\/01\/qui-est-dieu\/","title":{"rendered":"Qui est Dieu ?"},"content":{"rendered":"<p>20 janvier 2022 | Silver Spring, Maryland, \u00c9tats-Unis | Ted N.C. Wilson<\/p>\n<p><span style=\"font-weight: 400;\">Salutation, mes amis. Aujourd\u2019hui, nous allons consid\u00e9rer une question profonde : \u00ab Qui est Dieu ? \u00bb<\/span><\/p>\n<p><span style=\"font-weight: 400;\">Pour ceux qui ne se fient qu\u2019\u00e0 la sagesse humaine, Dieu est un myst\u00e8re, simplement une id\u00e9e qu\u2019ils contestent. Cependant, Dieu, dans son amour et sa compassion, se r\u00e9v\u00e8le gracieusement \u00e0 ceux qui, \u00e0 travers les yeux de la foi, sont pr\u00eats \u00e0 voir.<\/span><\/p>\n<p><span style=\"font-weight: 400;\">Dieu se r\u00e9v\u00e8le de deux mani\u00e8res principales. La premi\u00e8re est la cr\u00e9ation. Dans le Psaume 19.2-4, David d\u00e9clare ce qui suit : \u00ab Le ciel raconte la gloire de Dieu et l\u2019\u00e9tendue r\u00e9v\u00e8le l\u2019\u0153uvre de ses mains. Le jour en instruit un autre jour, la nuit donne connaissance \u00e0 une autre nuit. Ce n\u2019est pas un langage, ce ne sont pas des paroles, on n\u2019entend pas leur son \u00bb.<\/span><\/p>\n<p><span style=\"font-weight: 400;\">Pour ceux qui sont pr\u00eats \u00e0 voir, la main du Cr\u00e9ateur est visible dans toute la nature : des \u00e9toiles dans les cieux aux cr\u00e9atures des profondeurs de la mer, on peut clairement voir son incroyable conception.<\/span><span style=\"font-weight: 400;\">\u00a0<\/span><\/p>\n<p><span style=\"font-weight: 400;\">La deuxi\u00e8me mani\u00e8re par laquelle il se r\u00e9v\u00e8le sont les \u00c9critures, et c\u2019est dans les \u00c9critures que la r\u00e9v\u00e9lation supr\u00eame de Dieu se manifeste \u00e0 travers la vie et la mort de J\u00e9sus-Christ. C\u2019est par J\u00e9sus que nous pouvons conna\u00eetre le P\u00e8re. Dans 1 Jean 5.20, nous lisons : \u00ab Nous savons aussi que le Fils de Dieu est venu et nous a donn\u00e9 l\u2019intelligence pour conna\u00eetre le vrai Dieu \u00bb. Et J\u00e9sus lui-m\u00eame a dit : \u00ab Or, la vie \u00e9ternelle, c\u2019est qu\u2019ils te connaissent, toi, le seul vrai Dieu, et celui que tu as envoy\u00e9, J\u00e9sus-Christ \u00bb.<\/span><\/p>\n<p><span style=\"font-weight: 400;\">Lorsque nous cherchons \u00e0 conna\u00eetre Dieu \u00e0 partir de la Bible, nous ne pouvons pas nous placer au-dessus de lui et le traiter comme un objet \u00e0 \u00e9tudier, \u00e0 analyser et \u00e0 quantifier. Nous devons nous soumettre \u00e0 l\u2019autorit\u00e9 de sa propre r\u00e9v\u00e9lation : la Bible. Et la Bible est son propre interpr\u00e8te, puisque nous comparons les \u00c9critures entre elles.<\/span><\/p>\n<p><span style=\"font-weight: 400;\">Il est important de garder \u00e0 l\u2019esprit que la Bible ne prouve pas l\u2019existence de Dieu, mais la pr\u00e9suppose, comme l\u2019indique son d\u00e9but : \u00ab Au commencement, Dieu cr\u00e9a le ciel et la terre \u00bb.<\/span><\/p>\n<p><span style=\"font-weight: 400;\">L\u2019une des fa\u00e7ons dont la Bible r\u00e9v\u00e8le Dieu est par les noms et les caract\u00e9ristiques qu\u2019elle y contient. \u00ab Son nom est saint et redoutable \u00bb, lit-on dans le Psaume 111.9. Dans l\u2019Ancien Testament, \u00e9crit en h\u00e9breu, nous trouvons de nombreux noms qui nous aident \u00e0 comprendre qui il est. <\/span><i><span style=\"font-weight: 400;\">El<\/span><\/i><span style=\"font-weight: 400;\"> et <\/span><i><span style=\"font-weight: 400;\">Elohim<\/span><\/i><span style=\"font-weight: 400;\">, signifient \u00ab Dieu \u00bb et r\u00e9v\u00e8lent sa puissance divine. <\/span><i><span style=\"font-weight: 400;\">El Elyon<\/span><\/i><span style=\"font-weight: 400;\"> signifie \u00ab Dieu tr\u00e8s haut \u00bb et <\/span><i><span style=\"font-weight: 400;\">Adonai<\/span><\/i><span style=\"font-weight: 400;\"> signifie \u00ab Seigneur \u00bb ou \u00ab Ma\u00eetre \u00bb. Le nom <\/span><i><span style=\"font-weight: 400;\">El Shaddai<\/span><\/i><span style=\"font-weight: 400;\"> signifie \u00ab Dieu tout-puissant \u00bb et le nom <\/span><i><span style=\"font-weight: 400;\">Yahweh<\/span><\/i><span style=\"font-weight: 400;\"> souligne la nature autonome de Dieu et sa fid\u00e9lit\u00e9. Dans le Nouveau Testament, J\u00e9sus utilise le nom de <\/span><i><span style=\"font-weight: 400;\">P\u00e8re<\/span><\/i><span style=\"font-weight: 400;\"> pour nous amener \u00e0 une relation plus \u00e9troite et plus personnelle avec Dieu.<\/span><span style=\"font-weight: 400;\">\u00a0<\/span><\/p>\n<p><span style=\"font-weight: 400;\">Les activit\u00e9s de Dieu nous donnent \u00e9galement un aper\u00e7u de qui il est. Dans H\u00e9breux 1.3, nous voyons \u00ab [qu\u2019]il soutient tout par sa parole puissante \u00bb, et dans de nombreux passages, nous le voyons comme notre R\u00e9dempteur. Esa\u00efe 46.11 et J\u00e9r\u00e9mie 29.11 nous rappellent que Dieu fait des plans, et selon Esa\u00efe 46.10, il d\u00e9clare \u00ab d\u00e8s le d\u00e9but ce qui doit arriver \u00bb. Il b\u00e9nit son peuple, comme le r\u00e9v\u00e8le Deut\u00e9ronome 15.6, et il est fid\u00e8le et juste pour pardonner les p\u00e9ch\u00e9s lorsque nous les lui confessons, comme promis dans 1 Jean 1.9.<\/span><\/p>\n<p><span style=\"font-weight: 400;\">L\u2019un des textes les plus r\u00e9v\u00e9lateurs des \u00c9critures se trouve peut-\u00eatre dans Exode 34.6-10, qui dit : \u00ab L\u2019\u00c9ternel, l\u2019\u00c9ternel est un Dieu de gr\u00e2ce et de compassion, lent \u00e0 la col\u00e8re, riche en bont\u00e9 et en v\u00e9rit\u00e9, Il garde son amour jusqu\u2019\u00e0 1000 g\u00e9n\u00e9rations, il pardonne la faute, la r\u00e9volte et le p\u00e9ch\u00e9, mais il ne traite pas le coupable en innocent \u00bb. Notre Dieu est un Dieu de mis\u00e9ricorde et de justice.<\/span><\/p>\n<p><span style=\"font-weight: 400;\">Dieu existe par lui-m\u00eame, car il a \u00ab la vie en lui-m\u00eame \u00bb, comme nous le lisons dans Jean 5.26. Il est omnipotent et omniscient, connaissant la fin d\u00e8s le d\u00e9but, \u00e9tant \u00ab l\u2019Alpha et l\u2019Om\u00e9ga \u00bb, comme l\u2019indique Apocalypse 1:8.<\/span><\/p>\n<p><span style=\"font-weight: 400;\">Dieu est omnipr\u00e9sent, transcendant l\u2019espace et le temps, et pourtant il est pleinement pr\u00e9sent partout et \u00e0 tout moment, comme l\u2019affirment Psaume 139.7 et H\u00e9breux 4.13.<\/span><\/p>\n<p><span style=\"font-weight: 400;\">Dieu est tout-puissant et rien n\u2019est impossible avec lui. Il est immuable et parfait. \u00ab Je suis l\u2019\u00c9ternel, je ne change pas \u00bb, d\u00e9clare-t-il dans Malachie 3.6.<\/span><\/p>\n<p><span style=\"font-weight: 400;\">Les \u00c9critures r\u00e9v\u00e8lent que, bien qu\u2019il n\u2019y a qu\u2019un seul Dieu, il existe une pluralit\u00e9 au sein de la divinit\u00e9. En fait, le deuxi\u00e8me point doctrinal de l\u2019\u00c9glise Adventiste du Septi\u00e8me Jour affirme :<\/span><\/p>\n<p><span style=\"font-weight: 400;\">\u00ab Il y a un seul Dieu : P\u00e8re, Fils et Saint-Esprit, unit\u00e9 de trois personnes co\u00e9ternelles. Dieu est immortel, omnipotent, omniscient, souverain et omnipr\u00e9sent. Il est infini et d\u00e9passe la compr\u00e9hension humaine ; cependant, il peut \u00eatre connu au travers de sa r\u00e9v\u00e9lation. Il est pour toujours digne d\u2019\u00eatre invoqu\u00e9, ador\u00e9 et servi par toute la cr\u00e9ation \u00bb.<\/span><\/p>\n<p><span style=\"font-weight: 400;\">Examinons bri\u00e8vement ce que les \u00c9critures disent de la divinit\u00e9. Dans le livre de la Gen\u00e8se, nous entendons Dieu se r\u00e9f\u00e9rer \u00e0 lui-m\u00eame au pluriel \u00e0 plusieurs reprises. Dans Gen\u00e8se 1.26, Dieu d\u00e9clare : \u00ab Faisons l\u2019homme \u00e0 notre image \u00bb. Dans Gen\u00e8se 3.22, il dit : \u00ab Voil\u00e0 que l\u2019homme est devenu comme l\u2019un de nous pour la connaissance du bien et du mal \u00bb. Et dans Gen\u00e8se 11.7, nous entendons Dieu dire : \u00ab Allons ! Descendons \u00bb.<\/span><\/p>\n<p><span style=\"font-weight: 400;\">Certaines r\u00e9f\u00e9rences font sp\u00e9cifiquement r\u00e9f\u00e9rence au Saint-Esprit, comme dans le r\u00e9cit de la cr\u00e9ation o\u00f9 nous lisons dans Gen\u00e8se 1.2, \u00ab l\u2019Esprit de Dieu planait au-dessus de l\u2019eau \u00bb. Et dans Esa\u00efe 48.16, nous voyons les trois personnes de la divinit\u00e9, o\u00f9 nous lisons : \u00ab Et maintenant le Seigneur, l\u2019\u00c9ternel [le P\u00e8re], m\u2019a envoy\u00e9 [moi, le Fils] avec son Esprit [le Saint-Esprit] \u00bb.<\/span><\/p>\n<p><span style=\"font-weight: 400;\">L\u2019incarnation de J\u00e9sus-Christ est un bel exemple de la mani\u00e8re dont les trois personnes de la divinit\u00e9 travaillent en \u00e9troite collaboration : le P\u00e8re a donn\u00e9 son Fils, le Christ s\u2019est donn\u00e9 lui-m\u00eame et l\u2019Esprit a donn\u00e9 naissance \u00e0 J\u00e9sus.<\/span><\/p>\n<p><span style=\"font-weight: 400;\">Chaque personne de la divinit\u00e9 \u00e9tait pr\u00e9sente lors du bapt\u00eame de J\u00e9sus, le P\u00e8re d\u00e9clarant : \u00ab Celui-ci est mon Fils bien-aim\u00e9, qui a toute mon approbation \u00bb ; le Christ se donnant au bapt\u00eame pour nous servir d\u2019exemple ; et l\u2019Esprit donnant le pouvoir \u00e0 J\u00e9sus en descendant sur lui sous la forme d\u2019une colombe.<\/span><\/p>\n<p><span style=\"font-weight: 400;\">Peu avant sa mort, J\u00e9sus a promis d\u2019envoyer le Saint-Esprit pour l\u2019aider, et a ordonn\u00e9 \u00e0 son \u00c9glise de baptiser \u00ab au nom du P\u00e8re, du Fils et du Saint-Esprit \u00bb.<\/span><\/p>\n<p><span style=\"font-weight: 400;\">Aujourd\u2019hui, le P\u00e8re et le Fils nous rejoignent par l\u2019interm\u00e9diaire du Saint-Esprit. J\u00e9sus a dit : \u00ab Quand sera venu le d\u00e9fenseur que je vous enverrai de la part du P\u00e8re, [&#8230;] il rendra t\u00e9moignage de moi \u00bb. Et dans 2 Corinthiens 13.13, nous trouvons cette belle b\u00e9n\u00e9diction : \u00ab Que la gr\u00e2ce du Seigneur J\u00e9sus-Christ, l\u2019amour de Dieu et la communion du Saint-Esprit soient avec vous tous ! \u00bb.<\/span><\/p>\n<p><span style=\"font-weight: 400;\">Vous savez, mes amis, l\u2019eau est une substance int\u00e9ressante : elle peut d\u00e9valer des chutes d\u2019eau spectaculaires, remplir des lacs et des rivi\u00e8res qui se jettent dans une mer puissante. Elle peut \u00eatre gel\u00e9e \u00e0 l\u2019\u00e9tat solide, se transformant en glace qui recouvre les p\u00f4les de la terre, et elle peut s\u2019\u00e9lever sous forme de vapeur, qu\u2019elle soit froide ou chaude. Trois \u00e9tats, liquide, solide et gazeux, et pourtant il s\u2019agit d\u2019une seule et m\u00eame substance, l\u2019eau.<\/span><\/p>\n<p><span style=\"font-weight: 400;\">Peut-\u00eatre que Dieu est un peu comme \u00e7a : nous ne pouvons pas d\u00e9signer tout ce qui concerne Dieu de mani\u00e8re absolument certaine, mais peut-\u00eatre qu\u2019il est un peu comme \u00e7a, un seul Dieu, et pourtant trois personnes distinctes avec des caract\u00e9ristiques et des r\u00f4les uniques, tous travaillant ensemble pour sauver autant de personnes que possible pour l\u2019\u00e9ternit\u00e9.<\/span><\/p>\n<p><span style=\"font-weight: 400;\">Ellen White nous dit : \u00ab Il y a trois personnes vivantes dans la triade c\u00e9leste : au nom de ces trois grandes puissances : le P\u00e8re, le Fils et le Saint-Esprit, ceux qui donnent leur adh\u00e9sion au Christ avec une foi vivante sont baptis\u00e9s, et ces trois puissances coop\u00e9reront avec les sujets ob\u00e9issants du Roi c\u00e9leste dans leurs efforts pour vivre la vie nouvelle en Christ \u00bb.<\/span><\/p>\n<p><span style=\"font-weight: 400;\">Quelle belle promesse !<\/span><\/p>\n<p><span style=\"font-weight: 400;\">Si vous souhaitez en savoir plus sur qui est Dieu, vous trouverez de nombreuses ressources utiles sur adventist.org\/beliefs.<\/span><span style=\"font-weight: 400;\">\u00a0<\/span><\/p>\n<p><span style=\"font-weight: 400;\">Quel r\u00e9confort de savoir qu\u2019il y a vraiment un Dieu dans le ciel qui nous aime, qui est mort pour nous, qui nous r\u00e9conforte et nous guide, et qui, un jour tr\u00e8s proche, reviendra pour nous emmener vivre pour toujours avec lui.<\/span><\/p>\n<h3><b>Prayer:<\/b><\/h3>\n<p><span style=\"font-weight: 400;\">Remercions-le ensemble. P\u00e8re c\u00e9leste, merci pour la merveilleuse fa\u00e7on dont tu travailles si \u00e9troitement, avec J\u00e9sus, le Fils et le Saint-Esprit, en tant que t\u00eate divine, trois en un ; c\u2019est un concept que nous ne pouvons pas comprendre, c\u2019est au-del\u00e0 de notre compr\u00e9hension, mais nous l\u2019acceptons par la foi et nous te remercions pour cette merveilleuse opportunit\u00e9 de te permettre de vivre dans nos c\u0153urs, et de nous aider \u00e0 partager avec d\u2019autres la merveilleuse nouvelle que tu as cr\u00e9\u00e9 une voie d\u2019\u00e9vasion pour chacun de nous, et que ce merveilleux plan de salut a \u00e9t\u00e9 pr\u00e9vu par le P\u00e8re, le Fils et le Saint-Esprit, avant m\u00eame la cr\u00e9ation de ce monde. Merci d\u2019\u00eatre notre Dieu. Nous demandons tout cela au nom puissant et merveilleux de notre Sauveur, J\u00e9sus-Christ, amen.<\/span><\/p>\n<p>&nbsp;<\/p>\n<p><iframe title=\"&quot;La Divinit\u00e9&quot; \/ Pasteur Ted Wilson\" src=\"https:\/\/player.vimeo.com\/video\/668467709?dnt=1&amp;app_id=122963\" width=\"500\" height=\"281\" frameborder=\"0\" allow=\"autoplay; fullscreen; picture-in-picture; clipboard-write\"><\/iframe><\/p>\n","protected":false},"excerpt":{"rendered":"<p>20 janvier 2022 | Silver Spring, Maryland, \u00c9tats-Unis | Ted N.C. Wilson Salutation, mes amis. Aujourd\u2019hui, nous allons consid\u00e9rer une question profonde : \u00ab Qui est Dieu ? \u00bb Pour&#8230;<\/p>\n","protected":false},"author":3,"featured_media":80602,"comment_status":"closed","ping_status":"closed","sticky":false,"template":"","format":"standard","meta":{"_acf_changed":false,"footnotes":""},"categories":[18,19],"tags":[],"class_list":["post-80500","post","type-post","status-publish","format-standard","has-post-thumbnail","hentry","category-nouvelles-de-leglise-mondiale","category-rss-francais"],"acf":[],"yoast_head":"<!-- This site is optimized with the Yoast SEO plugin v27.3 - https:\/\/yoast.com\/product\/yoast-seo-wordpress\/ -->\n<title>Qui est Dieu ? - \u00c9glise Adventiste Du Septieme Jour - Inter Am\u00e9rique Division<\/title>\n<meta name=\"robots\" content=\"index, follow, max-snippet:-1, max-image-preview:large, max-video-preview:-1\" \/>\n<link rel=\"canonical\" href=\"https:\/\/interamerica.org\/fr\/2022\/01\/qui-est-dieu\/\" \/>\n<meta property=\"og:locale\" content=\"fr_FR\" \/>\n<meta property=\"og:type\" content=\"article\" \/>\n<meta property=\"og:title\" content=\"Qui est Dieu ? - \u00c9glise Adventiste Du Septieme Jour - Inter Am\u00e9rique Division\" \/>\n<meta property=\"og:description\" content=\"20 janvier 2022 | Silver Spring, Maryland, \u00c9tats-Unis | Ted N.C. Wilson Salutation, mes amis. Aujourd\u2019hui, nous allons consid\u00e9rer une question profonde : \u00ab Qui est Dieu ? \u00bb Pour...\" \/>\n<meta property=\"og:url\" content=\"https:\/\/interamerica.org\/fr\/2022\/01\/qui-est-dieu\/\" \/>\n<meta property=\"og:site_name\" content=\"\u00c9glise Adventiste Du Septieme Jour - Inter Am\u00e9rique Division\" \/>\n<meta property=\"article:published_time\" content=\"2022-01-21T00:21:43+00:00\" \/>\n<meta property=\"article:modified_time\" content=\"2022-01-21T14:05:22+00:00\" \/>\n<meta property=\"og:image\" content=\"https:\/\/interamerica.org\/wp-content\/uploads\/2022\/01\/wilson-jan-20-french-ver2.jpg\" \/>\n\t<meta property=\"og:image:width\" content=\"1280\" \/>\n\t<meta property=\"og:image:height\" content=\"800\" \/>\n\t<meta property=\"og:image:type\" content=\"image\/jpeg\" \/>\n<meta name=\"author\" content=\"libna\" \/>\n<meta name=\"twitter:card\" content=\"summary_large_image\" \/>\n<meta name=\"twitter:label1\" content=\"\u00c9crit par\" \/>\n\t<meta name=\"twitter:data1\" content=\"libna\" \/>\n\t<meta name=\"twitter:label2\" content=\"Dur\u00e9e de lecture estim\u00e9e\" \/>\n\t<meta name=\"twitter:data2\" content=\"9 minutes\" \/>\n<script type=\"application\/ld+json\" class=\"yoast-schema-graph\">{\"@context\":\"https:\\\/\\\/schema.org\",\"@graph\":[{\"@type\":\"Article\",\"@id\":\"https:\\\/\\\/interamerica.org\\\/fr\\\/2022\\\/01\\\/qui-est-dieu\\\/#article\",\"isPartOf\":{\"@id\":\"https:\\\/\\\/interamerica.org\\\/fr\\\/2022\\\/01\\\/qui-est-dieu\\\/\"},\"author\":{\"name\":\"libna\",\"@id\":\"https:\\\/\\\/interamerica.org\\\/fr\\\/#\\\/schema\\\/person\\\/29998f2bc2d8bd0d38662909289b54f1\"},\"headline\":\"Qui est Dieu ?\",\"datePublished\":\"2022-01-21T00:21:43+00:00\",\"dateModified\":\"2022-01-21T14:05:22+00:00\",\"mainEntityOfPage\":{\"@id\":\"https:\\\/\\\/interamerica.org\\\/fr\\\/2022\\\/01\\\/qui-est-dieu\\\/\"},\"wordCount\":1711,\"image\":{\"@id\":\"https:\\\/\\\/interamerica.org\\\/fr\\\/2022\\\/01\\\/qui-est-dieu\\\/#primaryimage\"},\"thumbnailUrl\":\"https:\\\/\\\/interamerica.org\\\/wp-content\\\/uploads\\\/2022\\\/01\\\/wilson-jan-20-french-ver2.jpg\",\"articleSection\":[\"Nouvelles de l'\u00c9glise mondiale\",\"RSS Fran\u00e7ais\"],\"inLanguage\":\"fr-FR\"},{\"@type\":\"WebPage\",\"@id\":\"https:\\\/\\\/interamerica.org\\\/fr\\\/2022\\\/01\\\/qui-est-dieu\\\/\",\"url\":\"https:\\\/\\\/interamerica.org\\\/fr\\\/2022\\\/01\\\/qui-est-dieu\\\/\",\"name\":\"Qui est Dieu ? - \u00c9glise Adventiste Du Septieme Jour - Inter Am\u00e9rique Division\",\"isPartOf\":{\"@id\":\"https:\\\/\\\/interamerica.org\\\/fr\\\/#website\"},\"primaryImageOfPage\":{\"@id\":\"https:\\\/\\\/interamerica.org\\\/fr\\\/2022\\\/01\\\/qui-est-dieu\\\/#primaryimage\"},\"image\":{\"@id\":\"https:\\\/\\\/interamerica.org\\\/fr\\\/2022\\\/01\\\/qui-est-dieu\\\/#primaryimage\"},\"thumbnailUrl\":\"https:\\\/\\\/interamerica.org\\\/wp-content\\\/uploads\\\/2022\\\/01\\\/wilson-jan-20-french-ver2.jpg\",\"datePublished\":\"2022-01-21T00:21:43+00:00\",\"dateModified\":\"2022-01-21T14:05:22+00:00\",\"author\":{\"@id\":\"https:\\\/\\\/interamerica.org\\\/fr\\\/#\\\/schema\\\/person\\\/29998f2bc2d8bd0d38662909289b54f1\"},\"breadcrumb\":{\"@id\":\"https:\\\/\\\/interamerica.org\\\/fr\\\/2022\\\/01\\\/qui-est-dieu\\\/#breadcrumb\"},\"inLanguage\":\"fr-FR\",\"potentialAction\":[{\"@type\":\"ReadAction\",\"target\":[\"https:\\\/\\\/interamerica.org\\\/fr\\\/2022\\\/01\\\/qui-est-dieu\\\/\"]}]},{\"@type\":\"ImageObject\",\"inLanguage\":\"fr-FR\",\"@id\":\"https:\\\/\\\/interamerica.org\\\/fr\\\/2022\\\/01\\\/qui-est-dieu\\\/#primaryimage\",\"url\":\"https:\\\/\\\/interamerica.org\\\/wp-content\\\/uploads\\\/2022\\\/01\\\/wilson-jan-20-french-ver2.jpg\",\"contentUrl\":\"https:\\\/\\\/interamerica.org\\\/wp-content\\\/uploads\\\/2022\\\/01\\\/wilson-jan-20-french-ver2.jpg\",\"width\":1280,\"height\":800},{\"@type\":\"BreadcrumbList\",\"@id\":\"https:\\\/\\\/interamerica.org\\\/fr\\\/2022\\\/01\\\/qui-est-dieu\\\/#breadcrumb\",\"itemListElement\":[{\"@type\":\"ListItem\",\"position\":1,\"name\":\"Home\",\"item\":\"https:\\\/\\\/interamerica.org\\\/fr\\\/\"},{\"@type\":\"ListItem\",\"position\":2,\"name\":\"Qui est Dieu ?\"}]},{\"@type\":\"WebSite\",\"@id\":\"https:\\\/\\\/interamerica.org\\\/fr\\\/#website\",\"url\":\"https:\\\/\\\/interamerica.org\\\/fr\\\/\",\"name\":\"\u00c9glise Adventiste Du Septieme Jour - Inter Am\u00e9rique Division\",\"description\":\"\",\"potentialAction\":[{\"@type\":\"SearchAction\",\"target\":{\"@type\":\"EntryPoint\",\"urlTemplate\":\"https:\\\/\\\/interamerica.org\\\/fr\\\/?s={search_term_string}\"},\"query-input\":{\"@type\":\"PropertyValueSpecification\",\"valueRequired\":true,\"valueName\":\"search_term_string\"}}],\"inLanguage\":\"fr-FR\"},{\"@type\":\"Person\",\"@id\":\"https:\\\/\\\/interamerica.org\\\/fr\\\/#\\\/schema\\\/person\\\/29998f2bc2d8bd0d38662909289b54f1\",\"name\":\"libna\",\"image\":{\"@type\":\"ImageObject\",\"inLanguage\":\"fr-FR\",\"@id\":\"https:\\\/\\\/secure.gravatar.com\\\/avatar\\\/7c5bd30ae4b47a9ba3c856590957fd1d96dc588bf3ac05719d247e126840331f?s=96&d=mm&r=g\",\"url\":\"https:\\\/\\\/secure.gravatar.com\\\/avatar\\\/7c5bd30ae4b47a9ba3c856590957fd1d96dc588bf3ac05719d247e126840331f?s=96&d=mm&r=g\",\"contentUrl\":\"https:\\\/\\\/secure.gravatar.com\\\/avatar\\\/7c5bd30ae4b47a9ba3c856590957fd1d96dc588bf3ac05719d247e126840331f?s=96&d=mm&r=g\",\"caption\":\"libna\"}}]}<\/script>\n<!-- \/ Yoast SEO plugin. -->","yoast_head_json":{"title":"Qui est Dieu ? - \u00c9glise Adventiste Du Septieme Jour - Inter Am\u00e9rique Division","robots":{"index":"index","follow":"follow","max-snippet":"max-snippet:-1","max-image-preview":"max-image-preview:large","max-video-preview":"max-video-preview:-1"},"canonical":"https:\/\/interamerica.org\/fr\/2022\/01\/qui-est-dieu\/","og_locale":"fr_FR","og_type":"article","og_title":"Qui est Dieu ? - \u00c9glise Adventiste Du Septieme Jour - Inter Am\u00e9rique Division","og_description":"20 janvier 2022 | Silver Spring, Maryland, \u00c9tats-Unis | Ted N.C. Wilson Salutation, mes amis. Aujourd\u2019hui, nous allons consid\u00e9rer une question profonde : \u00ab Qui est Dieu ? \u00bb Pour...","og_url":"https:\/\/interamerica.org\/fr\/2022\/01\/qui-est-dieu\/","og_site_name":"\u00c9glise Adventiste Du Septieme Jour - Inter Am\u00e9rique Division","article_published_time":"2022-01-21T00:21:43+00:00","article_modified_time":"2022-01-21T14:05:22+00:00","og_image":[{"width":1280,"height":800,"url":"https:\/\/interamerica.org\/wp-content\/uploads\/2022\/01\/wilson-jan-20-french-ver2.jpg","type":"image\/jpeg"}],"author":"libna","twitter_card":"summary_large_image","twitter_misc":{"\u00c9crit par":"libna","Dur\u00e9e de lecture estim\u00e9e":"9 minutes"},"schema":{"@context":"https:\/\/schema.org","@graph":[{"@type":"Article","@id":"https:\/\/interamerica.org\/fr\/2022\/01\/qui-est-dieu\/#article","isPartOf":{"@id":"https:\/\/interamerica.org\/fr\/2022\/01\/qui-est-dieu\/"},"author":{"name":"libna","@id":"https:\/\/interamerica.org\/fr\/#\/schema\/person\/29998f2bc2d8bd0d38662909289b54f1"},"headline":"Qui est Dieu ?","datePublished":"2022-01-21T00:21:43+00:00","dateModified":"2022-01-21T14:05:22+00:00","mainEntityOfPage":{"@id":"https:\/\/interamerica.org\/fr\/2022\/01\/qui-est-dieu\/"},"wordCount":1711,"image":{"@id":"https:\/\/interamerica.org\/fr\/2022\/01\/qui-est-dieu\/#primaryimage"},"thumbnailUrl":"https:\/\/interamerica.org\/wp-content\/uploads\/2022\/01\/wilson-jan-20-french-ver2.jpg","articleSection":["Nouvelles de l'\u00c9glise mondiale","RSS Fran\u00e7ais"],"inLanguage":"fr-FR"},{"@type":"WebPage","@id":"https:\/\/interamerica.org\/fr\/2022\/01\/qui-est-dieu\/","url":"https:\/\/interamerica.org\/fr\/2022\/01\/qui-est-dieu\/","name":"Qui est Dieu ? - \u00c9glise Adventiste Du Septieme Jour - Inter Am\u00e9rique Division","isPartOf":{"@id":"https:\/\/interamerica.org\/fr\/#website"},"primaryImageOfPage":{"@id":"https:\/\/interamerica.org\/fr\/2022\/01\/qui-est-dieu\/#primaryimage"},"image":{"@id":"https:\/\/interamerica.org\/fr\/2022\/01\/qui-est-dieu\/#primaryimage"},"thumbnailUrl":"https:\/\/interamerica.org\/wp-content\/uploads\/2022\/01\/wilson-jan-20-french-ver2.jpg","datePublished":"2022-01-21T00:21:43+00:00","dateModified":"2022-01-21T14:05:22+00:00","author":{"@id":"https:\/\/interamerica.org\/fr\/#\/schema\/person\/29998f2bc2d8bd0d38662909289b54f1"},"breadcrumb":{"@id":"https:\/\/interamerica.org\/fr\/2022\/01\/qui-est-dieu\/#breadcrumb"},"inLanguage":"fr-FR","potentialAction":[{"@type":"ReadAction","target":["https:\/\/interamerica.org\/fr\/2022\/01\/qui-est-dieu\/"]}]},{"@type":"ImageObject","inLanguage":"fr-FR","@id":"https:\/\/interamerica.org\/fr\/2022\/01\/qui-est-dieu\/#primaryimage","url":"https:\/\/interamerica.org\/wp-content\/uploads\/2022\/01\/wilson-jan-20-french-ver2.jpg","contentUrl":"https:\/\/interamerica.org\/wp-content\/uploads\/2022\/01\/wilson-jan-20-french-ver2.jpg","width":1280,"height":800},{"@type":"BreadcrumbList","@id":"https:\/\/interamerica.org\/fr\/2022\/01\/qui-est-dieu\/#breadcrumb","itemListElement":[{"@type":"ListItem","position":1,"name":"Home","item":"https:\/\/interamerica.org\/fr\/"},{"@type":"ListItem","position":2,"name":"Qui est Dieu ?"}]},{"@type":"WebSite","@id":"https:\/\/interamerica.org\/fr\/#website","url":"https:\/\/interamerica.org\/fr\/","name":"\u00c9glise Adventiste Du Septieme Jour - Inter Am\u00e9rique Division","description":"","potentialAction":[{"@type":"SearchAction","target":{"@type":"EntryPoint","urlTemplate":"https:\/\/interamerica.org\/fr\/?s={search_term_string}"},"query-input":{"@type":"PropertyValueSpecification","valueRequired":true,"valueName":"search_term_string"}}],"inLanguage":"fr-FR"},{"@type":"Person","@id":"https:\/\/interamerica.org\/fr\/#\/schema\/person\/29998f2bc2d8bd0d38662909289b54f1","name":"libna","image":{"@type":"ImageObject","inLanguage":"fr-FR","@id":"https:\/\/secure.gravatar.com\/avatar\/7c5bd30ae4b47a9ba3c856590957fd1d96dc588bf3ac05719d247e126840331f?s=96&d=mm&r=g","url":"https:\/\/secure.gravatar.com\/avatar\/7c5bd30ae4b47a9ba3c856590957fd1d96dc588bf3ac05719d247e126840331f?s=96&d=mm&r=g","contentUrl":"https:\/\/secure.gravatar.com\/avatar\/7c5bd30ae4b47a9ba3c856590957fd1d96dc588bf3ac05719d247e126840331f?s=96&d=mm&r=g","caption":"libna"}}]}},"_links":{"self":[{"href":"https:\/\/interamerica.org\/fr\/wp-json\/wp\/v2\/posts\/80500","targetHints":{"allow":["GET"]}}],"collection":[{"href":"https:\/\/interamerica.org\/fr\/wp-json\/wp\/v2\/posts"}],"about":[{"href":"https:\/\/interamerica.org\/fr\/wp-json\/wp\/v2\/types\/post"}],"author":[{"embeddable":true,"href":"https:\/\/interamerica.org\/fr\/wp-json\/wp\/v2\/users\/3"}],"replies":[{"embeddable":true,"href":"https:\/\/interamerica.org\/fr\/wp-json\/wp\/v2\/comments?post=80500"}],"version-history":[{"count":0,"href":"https:\/\/interamerica.org\/fr\/wp-json\/wp\/v2\/posts\/80500\/revisions"}],"wp:featuredmedia":[{"embeddable":true,"href":"https:\/\/interamerica.org\/fr\/wp-json\/wp\/v2\/media\/80602"}],"wp:attachment":[{"href":"https:\/\/interamerica.org\/fr\/wp-json\/wp\/v2\/media?parent=80500"}],"wp:term":[{"taxonomy":"category","embeddable":true,"href":"https:\/\/interamerica.org\/fr\/wp-json\/wp\/v2\/categories?post=80500"},{"taxonomy":"post_tag","embeddable":true,"href":"https:\/\/interamerica.org\/fr\/wp-json\/wp\/v2\/tags?post=80500"}],"curies":[{"name":"wp","href":"https:\/\/api.w.org\/{rel}","templated":true}]}}