{"id":80620,"date":"2022-01-20T23:42:32","date_gmt":"2022-01-21T03:42:32","guid":{"rendered":"https:\/\/recursing-golick.147-182-135-0.plesk.page\/?p=80620"},"modified":"2022-01-21T20:32:18","modified_gmt":"2022-01-22T00:32:18","slug":"les-dirigeants-de-jeunesse-au-mexique-agissent-avec-diligence-pour-recuperer-des-centaines-de-clubs-declaireurs","status":"publish","type":"post","link":"https:\/\/interamerica.org\/fr\/2022\/01\/les-dirigeants-de-jeunesse-au-mexique-agissent-avec-diligence-pour-recuperer-des-centaines-de-clubs-declaireurs\/","title":{"rendered":"Les dirigeants de jeunesse au Mexique agissent avec diligence pour r\u00e9cup\u00e9rer des centaines de clubs d\u2019\u00c9claireurs"},"content":{"rendered":"<p>20 Janvier 2022 | M\u00e9rida, Yucat\u00e1n, Mexique | Libna Stevens <em>Actualit\u00e9s de la Division Inter Am\u00e9ricaine <\/em><\/p>\n<p>Deux ans de pand\u00e9mie de COVID-19 ont amen\u00e9 de nombreux d\u00e9fis aux minist\u00e8res de la jeunesse dans l\u2019\u00c9glise adventiste du septi\u00e8me jour dans le Sud-est du Mexique, \u00e0 savoir la possibilit\u00e9 de fermeture de centaines de clubs des \u00c9claireurs.<\/p>\n<p>\u00ab Nos chiffres sont pass\u00e9s d\u2019un peu plus de 1000 clubs \u00e0 700, \u00bb a d\u00e9clar\u00e9 Victor Mart\u00ednez, directeur des minist\u00e8res de la jeunesse pour l\u2019\u00c9glise adventiste dans le Sud-est du Mexique. Cette diminution de 30 pour cent, jamais constat\u00e9e auparavant dans les 1226 \u00e9glises et groupes de cette union, a inqui\u00e9t\u00e9 les responsables des minist\u00e8res de la jeunesse de tout le territoire.<\/p>\n<p><div id=\"attachment_80540\" style=\"width: 876px\" class=\"wp-caption aligncenter\"><img fetchpriority=\"high\" decoding=\"async\" aria-describedby=\"caption-attachment-80540\" class=\" wp-image-80540\" src=\"https:\/\/recursing-golick.147-182-135-0.plesk.page\/wp-content\/uploads\/2022\/01\/semu-pathfinder-club-photo-1024x539.jpg\" alt=\"\" width=\"866\" height=\"456\" srcset=\"https:\/\/interamerica.org\/wp-content\/uploads\/2022\/01\/semu-pathfinder-club-photo-1024x539.jpg 1024w, https:\/\/interamerica.org\/wp-content\/uploads\/2022\/01\/semu-pathfinder-club-photo-300x158.jpg 300w, https:\/\/interamerica.org\/wp-content\/uploads\/2022\/01\/semu-pathfinder-club-photo-768x404.jpg 768w, https:\/\/interamerica.org\/wp-content\/uploads\/2022\/01\/semu-pathfinder-club-photo-1536x808.jpg 1536w, https:\/\/interamerica.org\/wp-content\/uploads\/2022\/01\/semu-pathfinder-club-photo.jpg 1600w\" sizes=\"(max-width: 866px) 100vw, 866px\" \/><p id=\"caption-attachment-80540\" class=\"wp-caption-text\">Un club des \u00c9claireurs dans le Nord du Quintana Roo pose pour une photo avec des responsables des minist\u00e8res de la jeunesse lors d\u2019un r\u00e9cent programme visant \u00e0 consolider les clubs de la r\u00e9gion, ou union, du Sud-est du Mexique. Quelque 300 clubs ont ferm\u00e9 au d\u00e9but de la pand\u00e9mie en 2020, en raison de la r\u00e9glementation et de l\u2019absence d\u2019acc\u00e8s \u00e0 internet dans certaines communaut\u00e9s. Les directeurs de jeunesse ont \u00e9labor\u00e9 une strat\u00e9gie pour s\u2019assurer que les dirigeants et les membres des clubs aient un meilleur acc\u00e8s aux outils technologiques et pour consolider l\u2019action missionnaire afin de r\u00e9cup\u00e9rer les clubs en difficult\u00e9. [Photo : Union Mexicaine du Sud-Est]<\/p><\/div>\u00ab Nous avons d\u00e9couvert que la d\u00e9sertion des clubs \u00e9tait due au fait que les directeurs dans certaines r\u00e9gions n\u2019\u00e9taient pas pr\u00e9par\u00e9s \u00e0 utiliser Zoom et les outils technologiques, et que de nombreux enfants n\u2019avaient pas acc\u00e8s \u00e0 Internet, a d\u00e9clar\u00e9 Victor Mart\u00ednez. Les dirigeants des minist\u00e8res de la jeunesse au niveau de toutes les f\u00e9d\u00e9rations ont commenc\u00e9 \u00e0 chercher des strat\u00e9gies pour mieux atteindre plusieurs des clubs qui \u00e9taient en difficult\u00e9, a-t-il dit. \u00ab Davantage de responsables de clubs d\u2019\u00e9claireurs ayant acc\u00e8s \u00e0 Zoom et capables de filmer des classes de distinctions ont \u00e9t\u00e9 enr\u00f4l\u00e9s pour entrer en contact avec les membres des clubs o\u00f9 qu\u2019ils se trouvent. \u00bb Lorsque quelques activit\u00e9s ont commenc\u00e9 \u00e0 se d\u00e9rouler \u00e0 l\u2019ext\u00e9rieur avec l\u2019assouplissement de la r\u00e9glementation l\u2019ann\u00e9e derni\u00e8re, les choses ont commenc\u00e9 \u00e0 s\u2019am\u00e9liorer.<\/p>\n<p>Alors qu\u2019il devenait davantage possible d\u2019organiser des rassemblements en 2021, les clubs ont lentement recommenc\u00e9 \u00e0 se r\u00e9unir. R\u00e9cemment, les dirigeants d\u2019\u00e9glise ont profit\u00e9 de l\u2019occasion pour lancer des efforts plus importants visant \u00e0 consolider les responsables des minist\u00e8res de la jeunesse qui supervisent les clubs et les activit\u00e9s missionnaires des jeunes chaque semaine, a-t-il d\u00e9clar\u00e9.<\/p>\n<p>\u00ab Nous voulions commencer l\u2019ann\u00e9e 2022 en accordant une plus grande attention aux clubs et en proposant une formation en leadership \u00e0 tous nos directeurs de minist\u00e8res de la jeunesse, y compris les domaines ax\u00e9s sur les enfants en \u00e2ge d\u2019\u00eatre \u00c9claireurs et Aventuriers, \u00bb a expliqu\u00e9 Victor Mart\u00ednez. \u00ab Nous savons que ces clubs repr\u00e9sentent la meilleure \u00e9cole de leadership pour l\u2019\u00e9glise locale, donc cela repr\u00e9sentait une emphase majeure. \u00bb<\/p>\n<p><div id=\"attachment_80549\" style=\"width: 511px\" class=\"wp-caption aligncenter\"><img decoding=\"async\" aria-describedby=\"caption-attachment-80549\" class=\" wp-image-80549\" src=\"https:\/\/recursing-golick.147-182-135-0.plesk.page\/wp-content\/uploads\/2022\/01\/semu-victor-martinez-pathfinders.jpg\" alt=\"\" width=\"501\" height=\"628\" srcset=\"https:\/\/interamerica.org\/wp-content\/uploads\/2022\/01\/semu-victor-martinez-pathfinders.jpg 700w, https:\/\/interamerica.org\/wp-content\/uploads\/2022\/01\/semu-victor-martinez-pathfinders-239x300.jpg 239w\" sizes=\"(max-width: 501px) 100vw, 501px\" \/><p id=\"caption-attachment-80549\" class=\"wp-caption-text\">Victor Mart\u00ednez, directeur des minist\u00e8res de la jeunesse pour l\u2019\u00c9glise adventiste dans l\u2019Union du Sud-est Mexicain, a d\u00e9clar\u00e9 qu\u2019il est important que les dirigeants de jeunesse redoublent d\u2019efforts pour former les enfants et les jeunes \u00e0 diriger l\u2019\u00e9glise de demain. [Photo : Union Mexicaine du Sud-Est]<\/p><\/div>Leurs efforts portent du fruit. Le nombre de clubs en activit\u00e9 est pass\u00e9 \u00e0 906 depuis l\u2019ann\u00e9e derni\u00e8re.<\/p>\n<p>Faire des enfants et des jeunes des disciples est tr\u00e8s important dans tout le Sud-est du Mexique car ils repr\u00e9sentent 60 pour cent de l\u2019effectif de membres, a ajout\u00e9 Victor Mart\u00ednez. \u00ab Dans quelques ann\u00e9es seulement, nous savons qu\u2019ils occuperont des postes de responsabilit\u00e9 au niveau de l\u2019\u00e9glise locale. \u00bb<\/p>\n<p>Les responsables des minist\u00e8res de la jeunesse ont redoubl\u00e9 d\u2019efforts au cours des six derniers mois pour mettre l\u2019emphase sur ce qu\u2019ils ont appel\u00e9 \u00ab J\u2019irai J\u00e9sus, \u00bb une initiative con\u00e7ue pour motiver et conduire les jeunes \u00e0 une communion plus profonde avec le Christ et les amener \u00e0 d\u00e9velopper un style de vie chr\u00e9tien avec une identit\u00e9 plus forte sur la formation de disciple, a dit Victor Mart\u00ednez. Il s\u2019agit d\u2019appartenir \u00e0 J\u00e9sus, ce qui signifie cultiver une vie de pri\u00e8re, d\u2019\u00e9tude de la Bible et de t\u00e9moignage o\u00f9 qu\u2019ils soient, a-t-il ajout\u00e9.<\/p>\n<p><div id=\"attachment_80546\" style=\"width: 820px\" class=\"wp-caption aligncenter\"><img decoding=\"async\" aria-describedby=\"caption-attachment-80546\" class=\" wp-image-80546\" src=\"https:\/\/recursing-golick.147-182-135-0.plesk.page\/wp-content\/uploads\/2022\/01\/semu-pathfinders-group-oct2021-1024x681.jpg\" alt=\"\" width=\"810\" height=\"539\" srcset=\"https:\/\/interamerica.org\/wp-content\/uploads\/2022\/01\/semu-pathfinders-group-oct2021-1024x681.jpg 1024w, https:\/\/interamerica.org\/wp-content\/uploads\/2022\/01\/semu-pathfinders-group-oct2021-300x200.jpg 300w, https:\/\/interamerica.org\/wp-content\/uploads\/2022\/01\/semu-pathfinders-group-oct2021-768x511.jpg 768w, https:\/\/interamerica.org\/wp-content\/uploads\/2022\/01\/semu-pathfinders-group-oct2021-1536x1022.jpg 1536w, https:\/\/interamerica.org\/wp-content\/uploads\/2022\/01\/semu-pathfinders-group-oct2021.jpg 1596w\" sizes=\"(max-width: 810px) 100vw, 810px\" \/><p id=\"caption-attachment-80546\" class=\"wp-caption-text\">Les \u00e9claireurs se r\u00e9unissent \u00e0 l\u2019\u00e9glise adventiste de Colosio \u00e0 Playas del Carmen, dans le Quintana Roo, au Mexique, lors d\u2019un grand programme r\u00e9gional qui s\u2019est tenu le 23 octobre 2021. [Photo : Union Mexicaine du Sud-Est]<\/p><\/div>Un r\u00e9cent programme r\u00e9gional a r\u00e9uni plus de 700 \u00c9claireurs \u00e0 Playas del Carmen, dans le Quintana Roo. Les \u00e9claireurs ont pu louer, \u00e9tudier la Bible et r\u00e9fl\u00e9chir sur le grand d\u00e9sappointement de 1844 auquel les croyants adventistes du septi\u00e8me jour ont \u00e9t\u00e9 confront\u00e9s. Les \u00e9claireurs pr\u00e9sents ne repr\u00e9sentaient qu\u2019une fraction des quelque 3000 autres membres de la r\u00e9gion du Nord du Quintana Roo qui regardaient en ligne chez eux.<\/p>\n<p>Le pasteur Andr\u00e9s Peralta, directeur adjoint des minist\u00e8res de la jeunesse pour l\u2019\u00c9glise adventiste mondiale, s\u2019est adress\u00e9 aux jeunes en les invitant \u00e0 aller \u00e0 la recherche de leurs jeunes camarades qui avaient quitt\u00e9 leurs clubs. \u00ab Dieu veut restaurer la vie des \u00e9claireurs, il veut apporter le salut, les gu\u00e9rir et les transformer, \u00bb a dit pasteur Peralta.<\/p>\n<p>Le rassemblement \u00e9tait un \u00e9v\u00e9nement tr\u00e8s important visant \u00e0 faire savoir aux \u00c9claireurs dans le Quintana Roo et dans le reste du territoire de l\u2019union qu\u2019ils sont pr\u00e9cieux et forts quelles que soient les circonstances auxquelles ils ont \u00e9t\u00e9 confront\u00e9s, a dit Victor Mart\u00ednez.<\/p>\n<p><div id=\"attachment_80537\" style=\"width: 864px\" class=\"wp-caption aligncenter\"><img loading=\"lazy\" decoding=\"async\" aria-describedby=\"caption-attachment-80537\" class=\" wp-image-80537\" src=\"https:\/\/recursing-golick.147-182-135-0.plesk.page\/wp-content\/uploads\/2022\/01\/semu-andres-peralta-oct2021.jpg\" alt=\"\" width=\"854\" height=\"568\" srcset=\"https:\/\/interamerica.org\/wp-content\/uploads\/2022\/01\/semu-andres-peralta-oct2021.jpg 1000w, https:\/\/interamerica.org\/wp-content\/uploads\/2022\/01\/semu-andres-peralta-oct2021-300x200.jpg 300w, https:\/\/interamerica.org\/wp-content\/uploads\/2022\/01\/semu-andres-peralta-oct2021-768x511.jpg 768w\" sizes=\"(max-width: 854px) 100vw, 854px\" \/><p id=\"caption-attachment-80537\" class=\"wp-caption-text\">Pasteur Andr\u00e9s Peralta, directeur adjoint des minist\u00e8res de la jeunesse pour l\u2019\u00c9glise adventiste mondiale prie pour les jeunes lors d\u2019un programme des \u00c9claireurs \u00e0 l\u2019\u00e9glise adventiste de Colosio \u00e0 Playas del Carmen, dans le Quintana Roo, au Mexique, le 23 octobre 2021. [Photo : Union Mexicaine du Sud-Est]<\/p><\/div>Avant ce programme des \u00c9claireurs, plus de 600 enfants et \u00e9claireurs ont particip\u00e9 en donnant des \u00e9tudes bibliques et en pr\u00eachant dans leurs congr\u00e9gations locales \u00e0 travers l\u2019union. Suite \u00e0 cela, 437 \u00e9claireurs ont pris la d\u00e9cision de se faire baptiser lors du programme du sabbat en septembre. Le programme, baptis\u00e9 caravane des bapt\u00eames \u00e0 travers la r\u00e9gion du Sud-est du Mexique, a aid\u00e9 \u00e0 consolider les minist\u00e8res de la jeunesse, ont d\u00e9clar\u00e9 les dirigeants de l\u2019\u00e9glise.<\/p>\n<p>Des plans sont en cours pour les prochains mois afin d\u2019organiser plusieurs campor\u00e9es pour les \u00c9claireurs et les jeunes qui souhaitent se joindre aux clubs, a dit Victor Mart\u00ednez.<\/p>\n<p>De plus, les responsables des minist\u00e8res de la jeunesse \u00e9quipent et responsabilisent leurs jeunes missionnaires volontaires, les petits groupes de jeunes et les groupes de t\u00e9moignage afin qu\u2019ils soient plus actifs dans leurs \u00e9glises locales et leurs communaut\u00e9s chaque semaine.<\/p>\n<p><div id=\"attachment_80555\" style=\"width: 547px\" class=\"wp-caption aligncenter\"><img loading=\"lazy\" decoding=\"async\" aria-describedby=\"caption-attachment-80555\" class=\" wp-image-80555\" src=\"https:\/\/recursing-golick.147-182-135-0.plesk.page\/wp-content\/uploads\/2022\/01\/semu-pathfiners-oct-2021.jpg\" alt=\"\" width=\"537\" height=\"686\" srcset=\"https:\/\/interamerica.org\/wp-content\/uploads\/2022\/01\/semu-pathfiners-oct-2021.jpg 700w, https:\/\/interamerica.org\/wp-content\/uploads\/2022\/01\/semu-pathfiners-oct-2021-235x300.jpg 235w\" sizes=\"(max-width: 537px) 100vw, 537px\" \/><p id=\"caption-attachment-80555\" class=\"wp-caption-text\">Des \u00e9claireurs dans l\u2019\u00e9tat de Quintana Roo, au Mexique, participent \u00e0 un moment sp\u00e9cial lors du service du Sabbat le 23 octobre 2021. [Photo : Union Mexicaine du Sud-Est]<\/p><\/div>Il ne s\u2019agissait pas uniquement de d\u00e9fis n\u00e9gatifs que la pand\u00e9mie a provoqu\u00e9s, a d\u00e9clar\u00e9 Victor Mart\u00ednez.<\/p>\n<p>Le but n\u2019est pas seulement de rouvrir plus de clubs cette ann\u00e9e, mais de consolider les enfants et les jeunes avec un objectif renouvel\u00e9 pour la mission de l\u2019\u00e9glise, a-t-il expliqu\u00e9.<\/p>\n<p>\u00ab Nous avons appris que davantage d\u2019opportunit\u00e9s de consolider les minist\u00e8res de la jeunesse se pr\u00e9sentaient \u00e0 nous, \u00bb a d\u00e9clar\u00e9 Victor Mart\u00ednez. \u00ab Nous voyons comment Dieu b\u00e9nit encore nos jeunes avec de merveilleuses opportunit\u00e9s de les fortifier dans leur marche avec le Seigneur et dans leur engagement \u00e0 proclamer l\u2019\u00e9vangile. \u00bb<\/p>\n<p>Pour en savoir plus sur l\u2019\u00c9glise adventiste du septi\u00e8me jour dans le Sud-est du Mexique et sur ses initiatives dans le cadre des minist\u00e8res de la jeunesse, visitez le site <a href=\"https:\/\/unionsureste.org.mx\/\">unionsureste.org.mx<\/a><\/p>\n<p>&nbsp;<\/p>\n<p>&nbsp;<\/p>\n<p>Traduction: Patrick Luciathe<\/p>\n","protected":false},"excerpt":{"rendered":"<p>20 Janvier 2022 | M\u00e9rida, Yucat\u00e1n, Mexique | Libna Stevens Actualit\u00e9s de la Division Inter Am\u00e9ricaine Deux ans de pand\u00e9mie de COVID-19 ont amen\u00e9 de nombreux d\u00e9fis aux minist\u00e8res de&#8230;<\/p>\n","protected":false},"author":3,"featured_media":80540,"comment_status":"closed","ping_status":"closed","sticky":false,"template":"","format":"standard","meta":{"_acf_changed":false,"footnotes":""},"categories":[21,19],"tags":[],"class_list":["post-80620","post","type-post","status-publish","format-standard","has-post-thumbnail","hentry","category-nouvelles-du-territoire","category-rss-francais"],"acf":[],"yoast_head":"<!-- This site is optimized with the Yoast SEO plugin v27.3 - https:\/\/yoast.com\/product\/yoast-seo-wordpress\/ -->\n<title>Les dirigeants de jeunesse au Mexique agissent avec diligence pour r\u00e9cup\u00e9rer des centaines de clubs d\u2019\u00c9claireurs - \u00c9glise Adventiste Du Septieme Jour - Inter Am\u00e9rique Division<\/title>\n<meta name=\"robots\" content=\"index, follow, max-snippet:-1, max-image-preview:large, max-video-preview:-1\" \/>\n<link rel=\"canonical\" href=\"https:\/\/interamerica.org\/fr\/2022\/01\/les-dirigeants-de-jeunesse-au-mexique-agissent-avec-diligence-pour-recuperer-des-centaines-de-clubs-declaireurs\/\" \/>\n<meta property=\"og:locale\" content=\"fr_FR\" \/>\n<meta property=\"og:type\" content=\"article\" \/>\n<meta property=\"og:title\" content=\"Les dirigeants de jeunesse au Mexique agissent avec diligence pour r\u00e9cup\u00e9rer des centaines de clubs d\u2019\u00c9claireurs - \u00c9glise Adventiste Du Septieme Jour - Inter Am\u00e9rique Division\" \/>\n<meta property=\"og:description\" content=\"20 Janvier 2022 | M\u00e9rida, Yucat\u00e1n, Mexique | Libna Stevens Actualit\u00e9s de la Division Inter Am\u00e9ricaine Deux ans de pand\u00e9mie de COVID-19 ont amen\u00e9 de nombreux d\u00e9fis aux minist\u00e8res de...\" \/>\n<meta property=\"og:url\" content=\"https:\/\/interamerica.org\/fr\/2022\/01\/les-dirigeants-de-jeunesse-au-mexique-agissent-avec-diligence-pour-recuperer-des-centaines-de-clubs-declaireurs\/\" \/>\n<meta property=\"og:site_name\" content=\"\u00c9glise Adventiste Du Septieme Jour - Inter Am\u00e9rique Division\" \/>\n<meta property=\"article:published_time\" content=\"2022-01-21T03:42:32+00:00\" \/>\n<meta property=\"article:modified_time\" content=\"2022-01-22T00:32:18+00:00\" \/>\n<meta property=\"og:image\" content=\"https:\/\/interamerica.org\/wp-content\/uploads\/2022\/01\/semu-pathfinder-club-photo.jpg\" \/>\n\t<meta property=\"og:image:width\" content=\"1600\" \/>\n\t<meta property=\"og:image:height\" content=\"842\" \/>\n\t<meta property=\"og:image:type\" content=\"image\/jpeg\" \/>\n<meta name=\"author\" content=\"libna\" \/>\n<meta name=\"twitter:card\" content=\"summary_large_image\" \/>\n<meta name=\"twitter:label1\" content=\"\u00c9crit par\" \/>\n\t<meta name=\"twitter:data1\" content=\"libna\" \/>\n\t<meta name=\"twitter:label2\" content=\"Dur\u00e9e de lecture estim\u00e9e\" \/>\n\t<meta name=\"twitter:data2\" content=\"7 minutes\" \/>\n<script type=\"application\/ld+json\" class=\"yoast-schema-graph\">{\"@context\":\"https:\\\/\\\/schema.org\",\"@graph\":[{\"@type\":\"Article\",\"@id\":\"https:\\\/\\\/interamerica.org\\\/fr\\\/2022\\\/01\\\/les-dirigeants-de-jeunesse-au-mexique-agissent-avec-diligence-pour-recuperer-des-centaines-de-clubs-declaireurs\\\/#article\",\"isPartOf\":{\"@id\":\"https:\\\/\\\/interamerica.org\\\/fr\\\/2022\\\/01\\\/les-dirigeants-de-jeunesse-au-mexique-agissent-avec-diligence-pour-recuperer-des-centaines-de-clubs-declaireurs\\\/\"},\"author\":{\"name\":\"libna\",\"@id\":\"https:\\\/\\\/interamerica.org\\\/fr\\\/#\\\/schema\\\/person\\\/29998f2bc2d8bd0d38662909289b54f1\"},\"headline\":\"Les dirigeants de jeunesse au Mexique agissent avec diligence pour r\u00e9cup\u00e9rer des centaines de clubs d\u2019\u00c9claireurs\",\"datePublished\":\"2022-01-21T03:42:32+00:00\",\"dateModified\":\"2022-01-22T00:32:18+00:00\",\"mainEntityOfPage\":{\"@id\":\"https:\\\/\\\/interamerica.org\\\/fr\\\/2022\\\/01\\\/les-dirigeants-de-jeunesse-au-mexique-agissent-avec-diligence-pour-recuperer-des-centaines-de-clubs-declaireurs\\\/\"},\"wordCount\":1430,\"image\":{\"@id\":\"https:\\\/\\\/interamerica.org\\\/fr\\\/2022\\\/01\\\/les-dirigeants-de-jeunesse-au-mexique-agissent-avec-diligence-pour-recuperer-des-centaines-de-clubs-declaireurs\\\/#primaryimage\"},\"thumbnailUrl\":\"https:\\\/\\\/interamerica.org\\\/wp-content\\\/uploads\\\/2022\\\/01\\\/semu-pathfinder-club-photo.jpg\",\"articleSection\":[\"Nouvelles du territoire\",\"RSS Fran\u00e7ais\"],\"inLanguage\":\"fr-FR\"},{\"@type\":\"WebPage\",\"@id\":\"https:\\\/\\\/interamerica.org\\\/fr\\\/2022\\\/01\\\/les-dirigeants-de-jeunesse-au-mexique-agissent-avec-diligence-pour-recuperer-des-centaines-de-clubs-declaireurs\\\/\",\"url\":\"https:\\\/\\\/interamerica.org\\\/fr\\\/2022\\\/01\\\/les-dirigeants-de-jeunesse-au-mexique-agissent-avec-diligence-pour-recuperer-des-centaines-de-clubs-declaireurs\\\/\",\"name\":\"Les dirigeants de jeunesse au Mexique agissent avec diligence pour r\u00e9cup\u00e9rer des centaines de clubs d\u2019\u00c9claireurs - \u00c9glise Adventiste Du Septieme Jour - Inter Am\u00e9rique Division\",\"isPartOf\":{\"@id\":\"https:\\\/\\\/interamerica.org\\\/fr\\\/#website\"},\"primaryImageOfPage\":{\"@id\":\"https:\\\/\\\/interamerica.org\\\/fr\\\/2022\\\/01\\\/les-dirigeants-de-jeunesse-au-mexique-agissent-avec-diligence-pour-recuperer-des-centaines-de-clubs-declaireurs\\\/#primaryimage\"},\"image\":{\"@id\":\"https:\\\/\\\/interamerica.org\\\/fr\\\/2022\\\/01\\\/les-dirigeants-de-jeunesse-au-mexique-agissent-avec-diligence-pour-recuperer-des-centaines-de-clubs-declaireurs\\\/#primaryimage\"},\"thumbnailUrl\":\"https:\\\/\\\/interamerica.org\\\/wp-content\\\/uploads\\\/2022\\\/01\\\/semu-pathfinder-club-photo.jpg\",\"datePublished\":\"2022-01-21T03:42:32+00:00\",\"dateModified\":\"2022-01-22T00:32:18+00:00\",\"author\":{\"@id\":\"https:\\\/\\\/interamerica.org\\\/fr\\\/#\\\/schema\\\/person\\\/29998f2bc2d8bd0d38662909289b54f1\"},\"breadcrumb\":{\"@id\":\"https:\\\/\\\/interamerica.org\\\/fr\\\/2022\\\/01\\\/les-dirigeants-de-jeunesse-au-mexique-agissent-avec-diligence-pour-recuperer-des-centaines-de-clubs-declaireurs\\\/#breadcrumb\"},\"inLanguage\":\"fr-FR\",\"potentialAction\":[{\"@type\":\"ReadAction\",\"target\":[\"https:\\\/\\\/interamerica.org\\\/fr\\\/2022\\\/01\\\/les-dirigeants-de-jeunesse-au-mexique-agissent-avec-diligence-pour-recuperer-des-centaines-de-clubs-declaireurs\\\/\"]}]},{\"@type\":\"ImageObject\",\"inLanguage\":\"fr-FR\",\"@id\":\"https:\\\/\\\/interamerica.org\\\/fr\\\/2022\\\/01\\\/les-dirigeants-de-jeunesse-au-mexique-agissent-avec-diligence-pour-recuperer-des-centaines-de-clubs-declaireurs\\\/#primaryimage\",\"url\":\"https:\\\/\\\/interamerica.org\\\/wp-content\\\/uploads\\\/2022\\\/01\\\/semu-pathfinder-club-photo.jpg\",\"contentUrl\":\"https:\\\/\\\/interamerica.org\\\/wp-content\\\/uploads\\\/2022\\\/01\\\/semu-pathfinder-club-photo.jpg\",\"width\":1600,\"height\":842,\"caption\":\"[Photo : Union Mexicaine du Sud-Est]\"},{\"@type\":\"BreadcrumbList\",\"@id\":\"https:\\\/\\\/interamerica.org\\\/fr\\\/2022\\\/01\\\/les-dirigeants-de-jeunesse-au-mexique-agissent-avec-diligence-pour-recuperer-des-centaines-de-clubs-declaireurs\\\/#breadcrumb\",\"itemListElement\":[{\"@type\":\"ListItem\",\"position\":1,\"name\":\"Home\",\"item\":\"https:\\\/\\\/interamerica.org\\\/fr\\\/\"},{\"@type\":\"ListItem\",\"position\":2,\"name\":\"Les dirigeants de jeunesse au Mexique agissent avec diligence pour r\u00e9cup\u00e9rer des centaines de clubs d\u2019\u00c9claireurs\"}]},{\"@type\":\"WebSite\",\"@id\":\"https:\\\/\\\/interamerica.org\\\/fr\\\/#website\",\"url\":\"https:\\\/\\\/interamerica.org\\\/fr\\\/\",\"name\":\"\u00c9glise Adventiste Du Septieme Jour - Inter Am\u00e9rique Division\",\"description\":\"\",\"potentialAction\":[{\"@type\":\"SearchAction\",\"target\":{\"@type\":\"EntryPoint\",\"urlTemplate\":\"https:\\\/\\\/interamerica.org\\\/fr\\\/?s={search_term_string}\"},\"query-input\":{\"@type\":\"PropertyValueSpecification\",\"valueRequired\":true,\"valueName\":\"search_term_string\"}}],\"inLanguage\":\"fr-FR\"},{\"@type\":\"Person\",\"@id\":\"https:\\\/\\\/interamerica.org\\\/fr\\\/#\\\/schema\\\/person\\\/29998f2bc2d8bd0d38662909289b54f1\",\"name\":\"libna\",\"image\":{\"@type\":\"ImageObject\",\"inLanguage\":\"fr-FR\",\"@id\":\"https:\\\/\\\/secure.gravatar.com\\\/avatar\\\/7c5bd30ae4b47a9ba3c856590957fd1d96dc588bf3ac05719d247e126840331f?s=96&d=mm&r=g\",\"url\":\"https:\\\/\\\/secure.gravatar.com\\\/avatar\\\/7c5bd30ae4b47a9ba3c856590957fd1d96dc588bf3ac05719d247e126840331f?s=96&d=mm&r=g\",\"contentUrl\":\"https:\\\/\\\/secure.gravatar.com\\\/avatar\\\/7c5bd30ae4b47a9ba3c856590957fd1d96dc588bf3ac05719d247e126840331f?s=96&d=mm&r=g\",\"caption\":\"libna\"}}]}<\/script>\n<!-- \/ Yoast SEO plugin. -->","yoast_head_json":{"title":"Les dirigeants de jeunesse au Mexique agissent avec diligence pour r\u00e9cup\u00e9rer des centaines de clubs d\u2019\u00c9claireurs - \u00c9glise Adventiste Du Septieme Jour - Inter Am\u00e9rique Division","robots":{"index":"index","follow":"follow","max-snippet":"max-snippet:-1","max-image-preview":"max-image-preview:large","max-video-preview":"max-video-preview:-1"},"canonical":"https:\/\/interamerica.org\/fr\/2022\/01\/les-dirigeants-de-jeunesse-au-mexique-agissent-avec-diligence-pour-recuperer-des-centaines-de-clubs-declaireurs\/","og_locale":"fr_FR","og_type":"article","og_title":"Les dirigeants de jeunesse au Mexique agissent avec diligence pour r\u00e9cup\u00e9rer des centaines de clubs d\u2019\u00c9claireurs - \u00c9glise Adventiste Du Septieme Jour - Inter Am\u00e9rique Division","og_description":"20 Janvier 2022 | M\u00e9rida, Yucat\u00e1n, Mexique | Libna Stevens Actualit\u00e9s de la Division Inter Am\u00e9ricaine Deux ans de pand\u00e9mie de COVID-19 ont amen\u00e9 de nombreux d\u00e9fis aux minist\u00e8res de...","og_url":"https:\/\/interamerica.org\/fr\/2022\/01\/les-dirigeants-de-jeunesse-au-mexique-agissent-avec-diligence-pour-recuperer-des-centaines-de-clubs-declaireurs\/","og_site_name":"\u00c9glise Adventiste Du Septieme Jour - Inter Am\u00e9rique Division","article_published_time":"2022-01-21T03:42:32+00:00","article_modified_time":"2022-01-22T00:32:18+00:00","og_image":[{"width":1600,"height":842,"url":"https:\/\/interamerica.org\/wp-content\/uploads\/2022\/01\/semu-pathfinder-club-photo.jpg","type":"image\/jpeg"}],"author":"libna","twitter_card":"summary_large_image","twitter_misc":{"\u00c9crit par":"libna","Dur\u00e9e de lecture estim\u00e9e":"7 minutes"},"schema":{"@context":"https:\/\/schema.org","@graph":[{"@type":"Article","@id":"https:\/\/interamerica.org\/fr\/2022\/01\/les-dirigeants-de-jeunesse-au-mexique-agissent-avec-diligence-pour-recuperer-des-centaines-de-clubs-declaireurs\/#article","isPartOf":{"@id":"https:\/\/interamerica.org\/fr\/2022\/01\/les-dirigeants-de-jeunesse-au-mexique-agissent-avec-diligence-pour-recuperer-des-centaines-de-clubs-declaireurs\/"},"author":{"name":"libna","@id":"https:\/\/interamerica.org\/fr\/#\/schema\/person\/29998f2bc2d8bd0d38662909289b54f1"},"headline":"Les dirigeants de jeunesse au Mexique agissent avec diligence pour r\u00e9cup\u00e9rer des centaines de clubs d\u2019\u00c9claireurs","datePublished":"2022-01-21T03:42:32+00:00","dateModified":"2022-01-22T00:32:18+00:00","mainEntityOfPage":{"@id":"https:\/\/interamerica.org\/fr\/2022\/01\/les-dirigeants-de-jeunesse-au-mexique-agissent-avec-diligence-pour-recuperer-des-centaines-de-clubs-declaireurs\/"},"wordCount":1430,"image":{"@id":"https:\/\/interamerica.org\/fr\/2022\/01\/les-dirigeants-de-jeunesse-au-mexique-agissent-avec-diligence-pour-recuperer-des-centaines-de-clubs-declaireurs\/#primaryimage"},"thumbnailUrl":"https:\/\/interamerica.org\/wp-content\/uploads\/2022\/01\/semu-pathfinder-club-photo.jpg","articleSection":["Nouvelles du territoire","RSS Fran\u00e7ais"],"inLanguage":"fr-FR"},{"@type":"WebPage","@id":"https:\/\/interamerica.org\/fr\/2022\/01\/les-dirigeants-de-jeunesse-au-mexique-agissent-avec-diligence-pour-recuperer-des-centaines-de-clubs-declaireurs\/","url":"https:\/\/interamerica.org\/fr\/2022\/01\/les-dirigeants-de-jeunesse-au-mexique-agissent-avec-diligence-pour-recuperer-des-centaines-de-clubs-declaireurs\/","name":"Les dirigeants de jeunesse au Mexique agissent avec diligence pour r\u00e9cup\u00e9rer des centaines de clubs d\u2019\u00c9claireurs - \u00c9glise Adventiste Du Septieme Jour - Inter Am\u00e9rique Division","isPartOf":{"@id":"https:\/\/interamerica.org\/fr\/#website"},"primaryImageOfPage":{"@id":"https:\/\/interamerica.org\/fr\/2022\/01\/les-dirigeants-de-jeunesse-au-mexique-agissent-avec-diligence-pour-recuperer-des-centaines-de-clubs-declaireurs\/#primaryimage"},"image":{"@id":"https:\/\/interamerica.org\/fr\/2022\/01\/les-dirigeants-de-jeunesse-au-mexique-agissent-avec-diligence-pour-recuperer-des-centaines-de-clubs-declaireurs\/#primaryimage"},"thumbnailUrl":"https:\/\/interamerica.org\/wp-content\/uploads\/2022\/01\/semu-pathfinder-club-photo.jpg","datePublished":"2022-01-21T03:42:32+00:00","dateModified":"2022-01-22T00:32:18+00:00","author":{"@id":"https:\/\/interamerica.org\/fr\/#\/schema\/person\/29998f2bc2d8bd0d38662909289b54f1"},"breadcrumb":{"@id":"https:\/\/interamerica.org\/fr\/2022\/01\/les-dirigeants-de-jeunesse-au-mexique-agissent-avec-diligence-pour-recuperer-des-centaines-de-clubs-declaireurs\/#breadcrumb"},"inLanguage":"fr-FR","potentialAction":[{"@type":"ReadAction","target":["https:\/\/interamerica.org\/fr\/2022\/01\/les-dirigeants-de-jeunesse-au-mexique-agissent-avec-diligence-pour-recuperer-des-centaines-de-clubs-declaireurs\/"]}]},{"@type":"ImageObject","inLanguage":"fr-FR","@id":"https:\/\/interamerica.org\/fr\/2022\/01\/les-dirigeants-de-jeunesse-au-mexique-agissent-avec-diligence-pour-recuperer-des-centaines-de-clubs-declaireurs\/#primaryimage","url":"https:\/\/interamerica.org\/wp-content\/uploads\/2022\/01\/semu-pathfinder-club-photo.jpg","contentUrl":"https:\/\/interamerica.org\/wp-content\/uploads\/2022\/01\/semu-pathfinder-club-photo.jpg","width":1600,"height":842,"caption":"[Photo : Union Mexicaine du Sud-Est]"},{"@type":"BreadcrumbList","@id":"https:\/\/interamerica.org\/fr\/2022\/01\/les-dirigeants-de-jeunesse-au-mexique-agissent-avec-diligence-pour-recuperer-des-centaines-de-clubs-declaireurs\/#breadcrumb","itemListElement":[{"@type":"ListItem","position":1,"name":"Home","item":"https:\/\/interamerica.org\/fr\/"},{"@type":"ListItem","position":2,"name":"Les dirigeants de jeunesse au Mexique agissent avec diligence pour r\u00e9cup\u00e9rer des centaines de clubs d\u2019\u00c9claireurs"}]},{"@type":"WebSite","@id":"https:\/\/interamerica.org\/fr\/#website","url":"https:\/\/interamerica.org\/fr\/","name":"\u00c9glise Adventiste Du Septieme Jour - Inter Am\u00e9rique Division","description":"","potentialAction":[{"@type":"SearchAction","target":{"@type":"EntryPoint","urlTemplate":"https:\/\/interamerica.org\/fr\/?s={search_term_string}"},"query-input":{"@type":"PropertyValueSpecification","valueRequired":true,"valueName":"search_term_string"}}],"inLanguage":"fr-FR"},{"@type":"Person","@id":"https:\/\/interamerica.org\/fr\/#\/schema\/person\/29998f2bc2d8bd0d38662909289b54f1","name":"libna","image":{"@type":"ImageObject","inLanguage":"fr-FR","@id":"https:\/\/secure.gravatar.com\/avatar\/7c5bd30ae4b47a9ba3c856590957fd1d96dc588bf3ac05719d247e126840331f?s=96&d=mm&r=g","url":"https:\/\/secure.gravatar.com\/avatar\/7c5bd30ae4b47a9ba3c856590957fd1d96dc588bf3ac05719d247e126840331f?s=96&d=mm&r=g","contentUrl":"https:\/\/secure.gravatar.com\/avatar\/7c5bd30ae4b47a9ba3c856590957fd1d96dc588bf3ac05719d247e126840331f?s=96&d=mm&r=g","caption":"libna"}}]}},"_links":{"self":[{"href":"https:\/\/interamerica.org\/fr\/wp-json\/wp\/v2\/posts\/80620","targetHints":{"allow":["GET"]}}],"collection":[{"href":"https:\/\/interamerica.org\/fr\/wp-json\/wp\/v2\/posts"}],"about":[{"href":"https:\/\/interamerica.org\/fr\/wp-json\/wp\/v2\/types\/post"}],"author":[{"embeddable":true,"href":"https:\/\/interamerica.org\/fr\/wp-json\/wp\/v2\/users\/3"}],"replies":[{"embeddable":true,"href":"https:\/\/interamerica.org\/fr\/wp-json\/wp\/v2\/comments?post=80620"}],"version-history":[{"count":0,"href":"https:\/\/interamerica.org\/fr\/wp-json\/wp\/v2\/posts\/80620\/revisions"}],"wp:featuredmedia":[{"embeddable":true,"href":"https:\/\/interamerica.org\/fr\/wp-json\/wp\/v2\/media\/80540"}],"wp:attachment":[{"href":"https:\/\/interamerica.org\/fr\/wp-json\/wp\/v2\/media?parent=80620"}],"wp:term":[{"taxonomy":"category","embeddable":true,"href":"https:\/\/interamerica.org\/fr\/wp-json\/wp\/v2\/categories?post=80620"},{"taxonomy":"post_tag","embeddable":true,"href":"https:\/\/interamerica.org\/fr\/wp-json\/wp\/v2\/tags?post=80620"}],"curies":[{"name":"wp","href":"https:\/\/api.w.org\/{rel}","templated":true}]}}