{"id":81039,"date":"2022-02-02T14:04:51","date_gmt":"2022-02-02T18:04:51","guid":{"rendered":"https:\/\/recursing-golick.147-182-135-0.plesk.page\/?p=81039"},"modified":"2022-02-03T09:38:58","modified_gmt":"2022-02-03T13:38:58","slug":"des-professeurs-de-luniversite-de-loma-linda-prises-pour-leur-initiative-relative-au-vaccin-contre-la-covid-19","status":"publish","type":"post","link":"https:\/\/interamerica.org\/fr\/2022\/02\/des-professeurs-de-luniversite-de-loma-linda-prises-pour-leur-initiative-relative-au-vaccin-contre-la-covid-19\/","title":{"rendered":"Des professeurs de l\u2019Universit\u00e9 de Loma Linda pris\u00e9s pour leur initiative relative au vaccin contre la COVID-19"},"content":{"rendered":"<h3><strong>Des professeurs ont \u00e9t\u00e9 reconnus pour leur offre d\u2019un acc\u00e8s \u00e9quitable \u00e0 l\u2019immunisation dans la communaut\u00e9.<\/strong><\/h3>\n<p id=\"headline-6-7\" class=\"ct-headline\">Le 2 f\u00e9vrier 2022 | Loma Linda, Californie, \u00c9tats-Unis | DonaJayne Potts pour le Centre m\u00e9dical de l\u2019Universit\u00e9 de Loma Linda et <em>Adventist Review<\/em><\/p>\n<p>Plusieurs membres du corps professoral de l\u2019Universit\u00e9 de Loma Linda (ULL), un \u00e9tablissement scolaire adventiste du septi\u00e8me jour \u00e0 Loma Linda, dans l\u2019\u00c9tat am\u00e9ricain de la Californie, ont re\u00e7u le prix Dorothy Inghram Trailblazer des Inland Empire Concerned African American Churches (IECAAC, \u00ab\u00a0\u00e9glises afro-am\u00e9ricaines inqui\u00e8tes de l\u2019Inland Empire\u00a0\u00bb). En effet, ils ont r\u00e9cemment re\u00e7u ce prix pour leurs efforts d\u2019assurer un acc\u00e8s \u00e9quitable au vaccin contre la COVID-19 dans leur communaut\u00e9. Et c\u2019est le 17\u00a0janvier dernier, lors d\u2019une c\u00e9r\u00e9monie sp\u00e9ciale de remise de prix, que ce groupe de professeurs enseignant dans cinq facult\u00e9s de l\u2019ULL a \u00e9t\u00e9 reconnu.<\/p>\n<p>Parmi les laur\u00e9ats, on retrouve Richard H. Hart, recteur de l\u2019ULL; Ricardo Peverini, pr\u00e9sident du Groupe m\u00e9dical professoral (<em>Faculty Medical Group<\/em>) et Juan Carlos Belliard, de la facult\u00e9 de sant\u00e9 publique. On y retrouve aussi Jacinda Abdul-Mutakabbir et Michael Hogue, tous les deux de la facult\u00e9 de pharmacie; Bridgette Peteet, de la facult\u00e9 de sant\u00e9 comportementale et Jennifer Veltman, de la facult\u00e9 de m\u00e9decine. Kiema Jones, sp\u00e9cialiste en am\u00e9lioration des processus du Groupe m\u00e9dical professoral, a \u00e9galement re\u00e7u un prix.<\/p>\n<p>Le Centre m\u00e9dical de l\u2019Universit\u00e9 de Loma Linda (<em>Loma Linda University Health<\/em>) a men\u00e9 des efforts de vaccination contre la COVID-19 dans le comt\u00e9 de San Bernardino, et le corps professoral de l\u2019ULL a organis\u00e9 des cliniques mobiles \u00e9tudiantes dans les communaut\u00e9s d\u00e9favoris\u00e9es de tout le sud de la Californie.<\/p>\n<p>\u00ab\u00a0Le prix Dorothy Inghram Trailblazer est pr\u00e9sent\u00e9 \u00e0 ceux dont la t\u00e9nacit\u00e9 en d\u00e9pit de l\u2019opposition a permis de baliser de nouveaux sentiers de mani\u00e8re \u00e0 avoir un impact positif sur la communaut\u00e9, a expliqu\u00e9 le Bishop Kelvin Simmons, pr\u00e9sident des IECAAC. Nous avons choisi cette brillante \u00e9quipe de fervents esprits de l\u2019Universit\u00e9 de Loma Linda, et ce, le c\u0153ur rempli de gratitude, parce que leurs efforts d\u2019assurer l\u2019\u00e9quit\u00e9 en mati\u00e8re de vaccination ont \u00e9t\u00e9 v\u00e9ritablement novateurs (<em>trailblazing<\/em>) dans notre communaut\u00e9!\u00a0\u00bb<\/p>\n<p>Les IECAAC ont \u00e9t\u00e9 cr\u00e9\u00e9es en 2000 par un groupe de 22\u00a0pasteurs d\u2019\u00e9glises de la r\u00e9gion de l\u2019Inland Empire comme premi\u00e8re \u00e9tape pour aborder les sch\u00e9mas syst\u00e9matiques de mauvais traitements et de violence dans la communaut\u00e9. De nombreux groupes demandent \u00e0 l\u2019organisation d\u2019\u00eatre la voix des afro-am\u00e9ricains. D\u2019ailleurs, les politiciens locaux sont en constante communication avec elle pour des pr\u00e9sentations et du soutien.<\/p>\n<p>Dorothy Inghram \u00e9tait une enseignante et directrice d\u2019\u00e9cole, puis, en 1953, elle est devenue la premi\u00e8re surintendante afro-am\u00e9ricaine d\u2019un district scolaire de la Californie. Elle fut une pionni\u00e8re (<em>trailblazer<\/em>) qui a incarn\u00e9 l\u2019excellence dans la communaut\u00e9 \u00e0 une \u00e9poque o\u00f9 les in\u00e9galit\u00e9s raciales \u00e9taient \u00e9normes. Elle a v\u00e9cu jusqu\u2019\u00e0 106\u00a0ans et se passionnait, d\u2019apr\u00e8s les IECAAC, pour le mentorat d\u2019\u00e9tudiants et d\u2019enseignants de l\u2019Inland Empire.<\/p>\n<p>Pour la D<sup>re<\/sup>\u00a0Abdul-Mutakabbir, professeure adjointe \u00e0 la facult\u00e9 de pharmacie de l\u2019ULL, ce prix est d\u2019une immense importance. \u00ab\u00a0Ce fut un honneur de travailler avec les dirigeants de notre \u00c9glise pour d\u00e9montrer un \u00e9quilibre entre la foi et la science.\u00a0\u00bb<\/p>\n<p><em>La <a href=\"https:\/\/news.llu.edu\/community\/loma-linda-university-faculty-awarded-for-covid-19-vaccine-work-community\">version originale<\/a> de cet article a \u00e9t\u00e9 publi\u00e9e sur le <a href=\"https:\/\/news.llu.edu\/\">site d\u2019actualit\u00e9s<\/a> du Centre m\u00e9dical de l\u2019Universit\u00e9 de Loma Linda.<\/em><\/p>\n<p>Traduction\u00a0: Marie-Mich\u00e8le Robitaille<\/p>\n","protected":false},"excerpt":{"rendered":"<p>Des professeurs ont \u00e9t\u00e9 reconnus pour leur offre d\u2019un acc\u00e8s \u00e9quitable \u00e0 l\u2019immunisation dans la communaut\u00e9. Le 2 f\u00e9vrier 2022 | Loma Linda, Californie, \u00c9tats-Unis | DonaJayne Potts pour le&#8230;<\/p>\n","protected":false},"author":3,"featured_media":81008,"comment_status":"closed","ping_status":"closed","sticky":false,"template":"","format":"standard","meta":{"_acf_changed":false,"footnotes":""},"categories":[18,19],"tags":[],"class_list":["post-81039","post","type-post","status-publish","format-standard","has-post-thumbnail","hentry","category-nouvelles-de-leglise-mondiale","category-rss-francais"],"acf":[],"yoast_head":"<!-- This site is optimized with the Yoast SEO plugin v27.3 - https:\/\/yoast.com\/product\/yoast-seo-wordpress\/ -->\n<title>Des professeurs de l\u2019Universit\u00e9 de Loma Linda pris\u00e9s pour leur initiative relative au vaccin contre la COVID-19 - \u00c9glise Adventiste Du Septieme Jour - Inter Am\u00e9rique Division<\/title>\n<meta name=\"robots\" content=\"index, follow, max-snippet:-1, max-image-preview:large, max-video-preview:-1\" \/>\n<link rel=\"canonical\" href=\"https:\/\/interamerica.org\/fr\/2022\/02\/des-professeurs-de-luniversite-de-loma-linda-prises-pour-leur-initiative-relative-au-vaccin-contre-la-covid-19\/\" \/>\n<meta property=\"og:locale\" content=\"fr_FR\" \/>\n<meta property=\"og:type\" content=\"article\" \/>\n<meta property=\"og:title\" content=\"Des professeurs de l\u2019Universit\u00e9 de Loma Linda pris\u00e9s pour leur initiative relative au vaccin contre la COVID-19 - \u00c9glise Adventiste Du Septieme Jour - Inter Am\u00e9rique Division\" \/>\n<meta property=\"og:description\" content=\"Des professeurs ont \u00e9t\u00e9 reconnus pour leur offre d\u2019un acc\u00e8s \u00e9quitable \u00e0 l\u2019immunisation dans la communaut\u00e9. Le 2 f\u00e9vrier 2022 | Loma Linda, Californie, \u00c9tats-Unis | DonaJayne Potts pour le...\" \/>\n<meta property=\"og:url\" content=\"https:\/\/interamerica.org\/fr\/2022\/02\/des-professeurs-de-luniversite-de-loma-linda-prises-pour-leur-initiative-relative-au-vaccin-contre-la-covid-19\/\" \/>\n<meta property=\"og:site_name\" content=\"\u00c9glise Adventiste Du Septieme Jour - Inter Am\u00e9rique Division\" \/>\n<meta property=\"article:published_time\" content=\"2022-02-02T18:04:51+00:00\" \/>\n<meta property=\"article:modified_time\" content=\"2022-02-03T13:38:58+00:00\" \/>\n<meta property=\"og:image\" content=\"https:\/\/interamerica.org\/wp-content\/uploads\/2022\/02\/loma-linda-university-faculty-awarded-for-covid-19-vaccine-initiative1.jpeg\" \/>\n\t<meta property=\"og:image:width\" content=\"1000\" \/>\n\t<meta property=\"og:image:height\" content=\"500\" \/>\n\t<meta property=\"og:image:type\" content=\"image\/jpeg\" \/>\n<meta name=\"author\" content=\"libna\" \/>\n<meta name=\"twitter:card\" content=\"summary_large_image\" \/>\n<meta name=\"twitter:label1\" content=\"\u00c9crit par\" \/>\n\t<meta name=\"twitter:data1\" content=\"libna\" \/>\n\t<meta name=\"twitter:label2\" content=\"Dur\u00e9e de lecture estim\u00e9e\" \/>\n\t<meta name=\"twitter:data2\" content=\"3 minutes\" \/>\n<script type=\"application\/ld+json\" class=\"yoast-schema-graph\">{\"@context\":\"https:\\\/\\\/schema.org\",\"@graph\":[{\"@type\":\"Article\",\"@id\":\"https:\\\/\\\/interamerica.org\\\/fr\\\/2022\\\/02\\\/des-professeurs-de-luniversite-de-loma-linda-prises-pour-leur-initiative-relative-au-vaccin-contre-la-covid-19\\\/#article\",\"isPartOf\":{\"@id\":\"https:\\\/\\\/interamerica.org\\\/fr\\\/2022\\\/02\\\/des-professeurs-de-luniversite-de-loma-linda-prises-pour-leur-initiative-relative-au-vaccin-contre-la-covid-19\\\/\"},\"author\":{\"name\":\"libna\",\"@id\":\"https:\\\/\\\/interamerica.org\\\/fr\\\/#\\\/schema\\\/person\\\/29998f2bc2d8bd0d38662909289b54f1\"},\"headline\":\"Des professeurs de l\u2019Universit\u00e9 de Loma Linda pris\u00e9s pour leur initiative relative au vaccin contre la COVID-19\",\"datePublished\":\"2022-02-02T18:04:51+00:00\",\"dateModified\":\"2022-02-03T13:38:58+00:00\",\"mainEntityOfPage\":{\"@id\":\"https:\\\/\\\/interamerica.org\\\/fr\\\/2022\\\/02\\\/des-professeurs-de-luniversite-de-loma-linda-prises-pour-leur-initiative-relative-au-vaccin-contre-la-covid-19\\\/\"},\"wordCount\":635,\"image\":{\"@id\":\"https:\\\/\\\/interamerica.org\\\/fr\\\/2022\\\/02\\\/des-professeurs-de-luniversite-de-loma-linda-prises-pour-leur-initiative-relative-au-vaccin-contre-la-covid-19\\\/#primaryimage\"},\"thumbnailUrl\":\"https:\\\/\\\/interamerica.org\\\/wp-content\\\/uploads\\\/2022\\\/02\\\/loma-linda-university-faculty-awarded-for-covid-19-vaccine-initiative1.jpeg\",\"articleSection\":[\"Nouvelles de l'\u00c9glise mondiale\",\"RSS Fran\u00e7ais\"],\"inLanguage\":\"fr-FR\"},{\"@type\":\"WebPage\",\"@id\":\"https:\\\/\\\/interamerica.org\\\/fr\\\/2022\\\/02\\\/des-professeurs-de-luniversite-de-loma-linda-prises-pour-leur-initiative-relative-au-vaccin-contre-la-covid-19\\\/\",\"url\":\"https:\\\/\\\/interamerica.org\\\/fr\\\/2022\\\/02\\\/des-professeurs-de-luniversite-de-loma-linda-prises-pour-leur-initiative-relative-au-vaccin-contre-la-covid-19\\\/\",\"name\":\"Des professeurs de l\u2019Universit\u00e9 de Loma Linda pris\u00e9s pour leur initiative relative au vaccin contre la COVID-19 - \u00c9glise Adventiste Du Septieme Jour - Inter Am\u00e9rique Division\",\"isPartOf\":{\"@id\":\"https:\\\/\\\/interamerica.org\\\/fr\\\/#website\"},\"primaryImageOfPage\":{\"@id\":\"https:\\\/\\\/interamerica.org\\\/fr\\\/2022\\\/02\\\/des-professeurs-de-luniversite-de-loma-linda-prises-pour-leur-initiative-relative-au-vaccin-contre-la-covid-19\\\/#primaryimage\"},\"image\":{\"@id\":\"https:\\\/\\\/interamerica.org\\\/fr\\\/2022\\\/02\\\/des-professeurs-de-luniversite-de-loma-linda-prises-pour-leur-initiative-relative-au-vaccin-contre-la-covid-19\\\/#primaryimage\"},\"thumbnailUrl\":\"https:\\\/\\\/interamerica.org\\\/wp-content\\\/uploads\\\/2022\\\/02\\\/loma-linda-university-faculty-awarded-for-covid-19-vaccine-initiative1.jpeg\",\"datePublished\":\"2022-02-02T18:04:51+00:00\",\"dateModified\":\"2022-02-03T13:38:58+00:00\",\"author\":{\"@id\":\"https:\\\/\\\/interamerica.org\\\/fr\\\/#\\\/schema\\\/person\\\/29998f2bc2d8bd0d38662909289b54f1\"},\"breadcrumb\":{\"@id\":\"https:\\\/\\\/interamerica.org\\\/fr\\\/2022\\\/02\\\/des-professeurs-de-luniversite-de-loma-linda-prises-pour-leur-initiative-relative-au-vaccin-contre-la-covid-19\\\/#breadcrumb\"},\"inLanguage\":\"fr-FR\",\"potentialAction\":[{\"@type\":\"ReadAction\",\"target\":[\"https:\\\/\\\/interamerica.org\\\/fr\\\/2022\\\/02\\\/des-professeurs-de-luniversite-de-loma-linda-prises-pour-leur-initiative-relative-au-vaccin-contre-la-covid-19\\\/\"]}]},{\"@type\":\"ImageObject\",\"inLanguage\":\"fr-FR\",\"@id\":\"https:\\\/\\\/interamerica.org\\\/fr\\\/2022\\\/02\\\/des-professeurs-de-luniversite-de-loma-linda-prises-pour-leur-initiative-relative-au-vaccin-contre-la-covid-19\\\/#primaryimage\",\"url\":\"https:\\\/\\\/interamerica.org\\\/wp-content\\\/uploads\\\/2022\\\/02\\\/loma-linda-university-faculty-awarded-for-covid-19-vaccine-initiative1.jpeg\",\"contentUrl\":\"https:\\\/\\\/interamerica.org\\\/wp-content\\\/uploads\\\/2022\\\/02\\\/loma-linda-university-faculty-awarded-for-covid-19-vaccine-initiative1.jpeg\",\"width\":1000,\"height\":500},{\"@type\":\"BreadcrumbList\",\"@id\":\"https:\\\/\\\/interamerica.org\\\/fr\\\/2022\\\/02\\\/des-professeurs-de-luniversite-de-loma-linda-prises-pour-leur-initiative-relative-au-vaccin-contre-la-covid-19\\\/#breadcrumb\",\"itemListElement\":[{\"@type\":\"ListItem\",\"position\":1,\"name\":\"Home\",\"item\":\"https:\\\/\\\/interamerica.org\\\/fr\\\/\"},{\"@type\":\"ListItem\",\"position\":2,\"name\":\"Des professeurs de l\u2019Universit\u00e9 de Loma Linda pris\u00e9s pour leur initiative relative au vaccin contre la COVID-19\"}]},{\"@type\":\"WebSite\",\"@id\":\"https:\\\/\\\/interamerica.org\\\/fr\\\/#website\",\"url\":\"https:\\\/\\\/interamerica.org\\\/fr\\\/\",\"name\":\"\u00c9glise Adventiste Du Septieme Jour - Inter Am\u00e9rique Division\",\"description\":\"\",\"potentialAction\":[{\"@type\":\"SearchAction\",\"target\":{\"@type\":\"EntryPoint\",\"urlTemplate\":\"https:\\\/\\\/interamerica.org\\\/fr\\\/?s={search_term_string}\"},\"query-input\":{\"@type\":\"PropertyValueSpecification\",\"valueRequired\":true,\"valueName\":\"search_term_string\"}}],\"inLanguage\":\"fr-FR\"},{\"@type\":\"Person\",\"@id\":\"https:\\\/\\\/interamerica.org\\\/fr\\\/#\\\/schema\\\/person\\\/29998f2bc2d8bd0d38662909289b54f1\",\"name\":\"libna\",\"image\":{\"@type\":\"ImageObject\",\"inLanguage\":\"fr-FR\",\"@id\":\"https:\\\/\\\/secure.gravatar.com\\\/avatar\\\/7c5bd30ae4b47a9ba3c856590957fd1d96dc588bf3ac05719d247e126840331f?s=96&d=mm&r=g\",\"url\":\"https:\\\/\\\/secure.gravatar.com\\\/avatar\\\/7c5bd30ae4b47a9ba3c856590957fd1d96dc588bf3ac05719d247e126840331f?s=96&d=mm&r=g\",\"contentUrl\":\"https:\\\/\\\/secure.gravatar.com\\\/avatar\\\/7c5bd30ae4b47a9ba3c856590957fd1d96dc588bf3ac05719d247e126840331f?s=96&d=mm&r=g\",\"caption\":\"libna\"}}]}<\/script>\n<!-- \/ Yoast SEO plugin. -->","yoast_head_json":{"title":"Des professeurs de l\u2019Universit\u00e9 de Loma Linda pris\u00e9s pour leur initiative relative au vaccin contre la COVID-19 - \u00c9glise Adventiste Du Septieme Jour - Inter Am\u00e9rique Division","robots":{"index":"index","follow":"follow","max-snippet":"max-snippet:-1","max-image-preview":"max-image-preview:large","max-video-preview":"max-video-preview:-1"},"canonical":"https:\/\/interamerica.org\/fr\/2022\/02\/des-professeurs-de-luniversite-de-loma-linda-prises-pour-leur-initiative-relative-au-vaccin-contre-la-covid-19\/","og_locale":"fr_FR","og_type":"article","og_title":"Des professeurs de l\u2019Universit\u00e9 de Loma Linda pris\u00e9s pour leur initiative relative au vaccin contre la COVID-19 - \u00c9glise Adventiste Du Septieme Jour - Inter Am\u00e9rique Division","og_description":"Des professeurs ont \u00e9t\u00e9 reconnus pour leur offre d\u2019un acc\u00e8s \u00e9quitable \u00e0 l\u2019immunisation dans la communaut\u00e9. Le 2 f\u00e9vrier 2022 | Loma Linda, Californie, \u00c9tats-Unis | DonaJayne Potts pour le...","og_url":"https:\/\/interamerica.org\/fr\/2022\/02\/des-professeurs-de-luniversite-de-loma-linda-prises-pour-leur-initiative-relative-au-vaccin-contre-la-covid-19\/","og_site_name":"\u00c9glise Adventiste Du Septieme Jour - Inter Am\u00e9rique Division","article_published_time":"2022-02-02T18:04:51+00:00","article_modified_time":"2022-02-03T13:38:58+00:00","og_image":[{"width":1000,"height":500,"url":"https:\/\/interamerica.org\/wp-content\/uploads\/2022\/02\/loma-linda-university-faculty-awarded-for-covid-19-vaccine-initiative1.jpeg","type":"image\/jpeg"}],"author":"libna","twitter_card":"summary_large_image","twitter_misc":{"\u00c9crit par":"libna","Dur\u00e9e de lecture estim\u00e9e":"3 minutes"},"schema":{"@context":"https:\/\/schema.org","@graph":[{"@type":"Article","@id":"https:\/\/interamerica.org\/fr\/2022\/02\/des-professeurs-de-luniversite-de-loma-linda-prises-pour-leur-initiative-relative-au-vaccin-contre-la-covid-19\/#article","isPartOf":{"@id":"https:\/\/interamerica.org\/fr\/2022\/02\/des-professeurs-de-luniversite-de-loma-linda-prises-pour-leur-initiative-relative-au-vaccin-contre-la-covid-19\/"},"author":{"name":"libna","@id":"https:\/\/interamerica.org\/fr\/#\/schema\/person\/29998f2bc2d8bd0d38662909289b54f1"},"headline":"Des professeurs de l\u2019Universit\u00e9 de Loma Linda pris\u00e9s pour leur initiative relative au vaccin contre la COVID-19","datePublished":"2022-02-02T18:04:51+00:00","dateModified":"2022-02-03T13:38:58+00:00","mainEntityOfPage":{"@id":"https:\/\/interamerica.org\/fr\/2022\/02\/des-professeurs-de-luniversite-de-loma-linda-prises-pour-leur-initiative-relative-au-vaccin-contre-la-covid-19\/"},"wordCount":635,"image":{"@id":"https:\/\/interamerica.org\/fr\/2022\/02\/des-professeurs-de-luniversite-de-loma-linda-prises-pour-leur-initiative-relative-au-vaccin-contre-la-covid-19\/#primaryimage"},"thumbnailUrl":"https:\/\/interamerica.org\/wp-content\/uploads\/2022\/02\/loma-linda-university-faculty-awarded-for-covid-19-vaccine-initiative1.jpeg","articleSection":["Nouvelles de l'\u00c9glise mondiale","RSS Fran\u00e7ais"],"inLanguage":"fr-FR"},{"@type":"WebPage","@id":"https:\/\/interamerica.org\/fr\/2022\/02\/des-professeurs-de-luniversite-de-loma-linda-prises-pour-leur-initiative-relative-au-vaccin-contre-la-covid-19\/","url":"https:\/\/interamerica.org\/fr\/2022\/02\/des-professeurs-de-luniversite-de-loma-linda-prises-pour-leur-initiative-relative-au-vaccin-contre-la-covid-19\/","name":"Des professeurs de l\u2019Universit\u00e9 de Loma Linda pris\u00e9s pour leur initiative relative au vaccin contre la COVID-19 - \u00c9glise Adventiste Du Septieme Jour - Inter Am\u00e9rique Division","isPartOf":{"@id":"https:\/\/interamerica.org\/fr\/#website"},"primaryImageOfPage":{"@id":"https:\/\/interamerica.org\/fr\/2022\/02\/des-professeurs-de-luniversite-de-loma-linda-prises-pour-leur-initiative-relative-au-vaccin-contre-la-covid-19\/#primaryimage"},"image":{"@id":"https:\/\/interamerica.org\/fr\/2022\/02\/des-professeurs-de-luniversite-de-loma-linda-prises-pour-leur-initiative-relative-au-vaccin-contre-la-covid-19\/#primaryimage"},"thumbnailUrl":"https:\/\/interamerica.org\/wp-content\/uploads\/2022\/02\/loma-linda-university-faculty-awarded-for-covid-19-vaccine-initiative1.jpeg","datePublished":"2022-02-02T18:04:51+00:00","dateModified":"2022-02-03T13:38:58+00:00","author":{"@id":"https:\/\/interamerica.org\/fr\/#\/schema\/person\/29998f2bc2d8bd0d38662909289b54f1"},"breadcrumb":{"@id":"https:\/\/interamerica.org\/fr\/2022\/02\/des-professeurs-de-luniversite-de-loma-linda-prises-pour-leur-initiative-relative-au-vaccin-contre-la-covid-19\/#breadcrumb"},"inLanguage":"fr-FR","potentialAction":[{"@type":"ReadAction","target":["https:\/\/interamerica.org\/fr\/2022\/02\/des-professeurs-de-luniversite-de-loma-linda-prises-pour-leur-initiative-relative-au-vaccin-contre-la-covid-19\/"]}]},{"@type":"ImageObject","inLanguage":"fr-FR","@id":"https:\/\/interamerica.org\/fr\/2022\/02\/des-professeurs-de-luniversite-de-loma-linda-prises-pour-leur-initiative-relative-au-vaccin-contre-la-covid-19\/#primaryimage","url":"https:\/\/interamerica.org\/wp-content\/uploads\/2022\/02\/loma-linda-university-faculty-awarded-for-covid-19-vaccine-initiative1.jpeg","contentUrl":"https:\/\/interamerica.org\/wp-content\/uploads\/2022\/02\/loma-linda-university-faculty-awarded-for-covid-19-vaccine-initiative1.jpeg","width":1000,"height":500},{"@type":"BreadcrumbList","@id":"https:\/\/interamerica.org\/fr\/2022\/02\/des-professeurs-de-luniversite-de-loma-linda-prises-pour-leur-initiative-relative-au-vaccin-contre-la-covid-19\/#breadcrumb","itemListElement":[{"@type":"ListItem","position":1,"name":"Home","item":"https:\/\/interamerica.org\/fr\/"},{"@type":"ListItem","position":2,"name":"Des professeurs de l\u2019Universit\u00e9 de Loma Linda pris\u00e9s pour leur initiative relative au vaccin contre la COVID-19"}]},{"@type":"WebSite","@id":"https:\/\/interamerica.org\/fr\/#website","url":"https:\/\/interamerica.org\/fr\/","name":"\u00c9glise Adventiste Du Septieme Jour - Inter Am\u00e9rique Division","description":"","potentialAction":[{"@type":"SearchAction","target":{"@type":"EntryPoint","urlTemplate":"https:\/\/interamerica.org\/fr\/?s={search_term_string}"},"query-input":{"@type":"PropertyValueSpecification","valueRequired":true,"valueName":"search_term_string"}}],"inLanguage":"fr-FR"},{"@type":"Person","@id":"https:\/\/interamerica.org\/fr\/#\/schema\/person\/29998f2bc2d8bd0d38662909289b54f1","name":"libna","image":{"@type":"ImageObject","inLanguage":"fr-FR","@id":"https:\/\/secure.gravatar.com\/avatar\/7c5bd30ae4b47a9ba3c856590957fd1d96dc588bf3ac05719d247e126840331f?s=96&d=mm&r=g","url":"https:\/\/secure.gravatar.com\/avatar\/7c5bd30ae4b47a9ba3c856590957fd1d96dc588bf3ac05719d247e126840331f?s=96&d=mm&r=g","contentUrl":"https:\/\/secure.gravatar.com\/avatar\/7c5bd30ae4b47a9ba3c856590957fd1d96dc588bf3ac05719d247e126840331f?s=96&d=mm&r=g","caption":"libna"}}]}},"_links":{"self":[{"href":"https:\/\/interamerica.org\/fr\/wp-json\/wp\/v2\/posts\/81039","targetHints":{"allow":["GET"]}}],"collection":[{"href":"https:\/\/interamerica.org\/fr\/wp-json\/wp\/v2\/posts"}],"about":[{"href":"https:\/\/interamerica.org\/fr\/wp-json\/wp\/v2\/types\/post"}],"author":[{"embeddable":true,"href":"https:\/\/interamerica.org\/fr\/wp-json\/wp\/v2\/users\/3"}],"replies":[{"embeddable":true,"href":"https:\/\/interamerica.org\/fr\/wp-json\/wp\/v2\/comments?post=81039"}],"version-history":[{"count":0,"href":"https:\/\/interamerica.org\/fr\/wp-json\/wp\/v2\/posts\/81039\/revisions"}],"wp:featuredmedia":[{"embeddable":true,"href":"https:\/\/interamerica.org\/fr\/wp-json\/wp\/v2\/media\/81008"}],"wp:attachment":[{"href":"https:\/\/interamerica.org\/fr\/wp-json\/wp\/v2\/media?parent=81039"}],"wp:term":[{"taxonomy":"category","embeddable":true,"href":"https:\/\/interamerica.org\/fr\/wp-json\/wp\/v2\/categories?post=81039"},{"taxonomy":"post_tag","embeddable":true,"href":"https:\/\/interamerica.org\/fr\/wp-json\/wp\/v2\/tags?post=81039"}],"curies":[{"name":"wp","href":"https:\/\/api.w.org\/{rel}","templated":true}]}}