{"id":81144,"date":"2022-02-03T23:58:07","date_gmt":"2022-02-04T03:58:07","guid":{"rendered":"https:\/\/recursing-golick.147-182-135-0.plesk.page\/?p=81144"},"modified":"2022-02-04T12:50:57","modified_gmt":"2022-02-04T16:50:57","slug":"dans-le-nord-de-la-colombie-les-etudiants-duniversite-sengagent-a-faire-briller-leurs-lumieres-sur-les-campus-publics","status":"publish","type":"post","link":"https:\/\/interamerica.org\/fr\/2022\/02\/dans-le-nord-de-la-colombie-les-etudiants-duniversite-sengagent-a-faire-briller-leurs-lumieres-sur-les-campus-publics\/","title":{"rendered":"Dans le Nord de la Colombie, les \u00e9tudiants d\u2019universit\u00e9 s\u2019engagent \u00e0 \u00ab faire briller leurs lumi\u00e8res \u00bb sur les campus publics"},"content":{"rendered":"<p>3 F\u00e9vrier 2022 | Santa Marta, Magdalena, Colombie | Daniela Arrieta, Gabriel Moreno et Actualit\u00e9s de la Division Inter Am\u00e9ricaine<\/p>\n<p>Des centaines d\u2019\u00e9tudiants adventistes du septi\u00e8me jour inscrits sur les campus des universit\u00e9s publiques du Nord de la Colombie se sont r\u00e9unis lors d\u2019un r\u00e9cent Congr\u00e8s de trois jours organis\u00e9 par les Minist\u00e8res des Campus Publics (PCM) \u00e0 Santa Marta, dans le d\u00e9partement de Magdalena, en Colombie. A cause de la pand\u00e9mie, les \u00e9tudiants n\u2019avaient pas pu se r\u00e9unir depuis le dernier Congr\u00e8s des PCM en 2018.<\/p>\n<p>Lors du Congr\u00e8s de cette ann\u00e9e, qui s\u2019est tenu au Site de Camp de La Floresta, les plus de 400 \u00e9tudiants et jeunes professionnels pr\u00e9sents ont \u00e9t\u00e9 instruits, form\u00e9s, motiv\u00e9s et \u00e9quip\u00e9s \u00e0 travers des s\u00e9minaires, des pr\u00e9sentations, des moments de culte et de pri\u00e8re.<\/p>\n<p><div id=\"attachment_81078\" style=\"width: 825px\" class=\"wp-caption aligncenter\"><img fetchpriority=\"high\" decoding=\"async\" aria-describedby=\"caption-attachment-81078\" class=\" wp-image-81078\" src=\"https:\/\/recursing-golick.147-182-135-0.plesk.page\/wp-content\/uploads\/2022\/02\/nocu-pcm-candle-ceremony.jpg\" alt=\"\" width=\"815\" height=\"612\" srcset=\"https:\/\/interamerica.org\/wp-content\/uploads\/2022\/02\/nocu-pcm-candle-ceremony.jpg 900w, https:\/\/interamerica.org\/wp-content\/uploads\/2022\/02\/nocu-pcm-candle-ceremony-300x225.jpg 300w, https:\/\/interamerica.org\/wp-content\/uploads\/2022\/02\/nocu-pcm-candle-ceremony-768x576.jpg 768w\" sizes=\"(max-width: 815px) 100vw, 815px\" \/><p id=\"caption-attachment-81078\" class=\"wp-caption-text\">Un groupe d\u2019\u00e9tudiants d\u2019universit\u00e9 allument des bougies lors de la c\u00e9r\u00e9monie de cons\u00e9cration du Congr\u00e8s des Minist\u00e8res des Campus Publics qui s\u2019est tenu au site de camp adventiste de Floresta \u00e0 Santa Marta, dans le d\u00e9partement de Magdalena, dans le Nord de la Colombie, le 12 novembre 2021. Plus de 400 \u00e9tudiants se sont r\u00e9unis en groupes pour prier et s\u2019engager \u00e0 faire briller la lumi\u00e8re de l\u2019\u00e9vangile en tant qu\u2019ambassadeurs sur leurs campus, lors du programme de trois jours. [Photo : Union du Nord de la Colombie]<\/p><\/div>\u00ab Je suis vraiment reconnaissant envers Dieu pour la fa\u00e7on dont ce minist\u00e8re des PCM continue d\u2019\u00eatre b\u00e9ni avec tant de jeunes qui sont tr\u00e8s engag\u00e9s envers Dieu et envers son \u00e9glise, \u00bb a d\u00e9clar\u00e9 pasteur Mauricio Buitrago, directeur des minist\u00e8res des campus publics pour l\u2019\u00c9glise adventiste dans le Nord de la Colombie. L\u2019objectif du congr\u00e8s \u00e9tait d\u2019apporter des outils \u00e0 travers des activit\u00e9s spirituelles, psychologiques et universitaires pour consolider leur foi et les aider \u00e0 faire face \u00e0 de nombreux d\u00e9fis, a d\u00e9clar\u00e9 pasteur Buitrago.<\/p>\n<p>\u00ab Il est important qu\u2019ils \u00e9tablissent une relation plus \u00e9troite avec le Christ, qu\u2019ils restent fid\u00e8les dans leur environnement afin qu\u2019ils puissent \u00eatre des instruments de Dieu pour aider d\u2019autres jeunes et leurs professeurs \u00e0 conna\u00eetre Dieu et son plan de salut, \u00bb a d\u00e9clar\u00e9 pasteur Buitrago. Un des objectifs du congr\u00e8s \u00e9tait que les jeunes retournent sur leurs campus avec plus d\u2019assurance, de confiance et de diligence alors qu\u2019ils proclament l\u2019\u00e9vangile aux autres, a-t-il ajout\u00e9.<\/p>\n<p>Les \u00e9tudiants adventistes qui sont membres des 18 sections locales des PCM dans des universit\u00e9s publiques dans le Nord de la Colombie, ont eu l\u2019opportunit\u00e9 de pr\u00e9senter des rapports et de partager des t\u00e9moignages de ce que Dieu a fait dans leur vie, ainsi que de faire des avanc\u00e9es dans la libert\u00e9 d\u2019expression religieuse.<\/p>\n<p><div id=\"attachment_81072\" style=\"width: 820px\" class=\"wp-caption aligncenter\"><img decoding=\"async\" aria-describedby=\"caption-attachment-81072\" class=\" wp-image-81072\" src=\"https:\/\/recursing-golick.147-182-135-0.plesk.page\/wp-content\/uploads\/2022\/02\/nocu-pcm-hiram-ruiz-students.jpg\" alt=\"\" width=\"810\" height=\"456\" srcset=\"https:\/\/interamerica.org\/wp-content\/uploads\/2022\/02\/nocu-pcm-hiram-ruiz-students.jpg 1000w, https:\/\/interamerica.org\/wp-content\/uploads\/2022\/02\/nocu-pcm-hiram-ruiz-students-300x169.jpg 300w, https:\/\/interamerica.org\/wp-content\/uploads\/2022\/02\/nocu-pcm-hiram-ruiz-students-768x432.jpg 768w\" sizes=\"(max-width: 810px) 100vw, 810px\" \/><p id=\"caption-attachment-81072\" class=\"wp-caption-text\">Le pasteur Hiram Ruiz, directeur des PCM pour l\u2019\u00c9glise adventiste en Inter Am\u00e9rique, prie lors d\u2019un service de culte apr\u00e8s avoir invit\u00e9 les \u00e9tudiants universitaires \u00e0 \u00eatre le changement positif sur leurs campus chaque jour. [Photo : Union du Nord de la Colombie]<\/p><\/div>Laura Pardo, 20 ans, \u00e9tudie le droit \u00e0 l\u2019Universidad Pontificia Bolivariana, une universit\u00e9 catholique de Medellin. Laura Pardo, qui est dans sa quatri\u00e8me ann\u00e9e d\u2019\u00e9tudes, a d\u00e9clar\u00e9 que beaucoup de ses camarades adventistes ont d\u00fb faire face \u00e0 des id\u00e9es et des invitations \u00e0 adh\u00e9rer \u00e0 des religions contraires \u00e0 la Parole de Dieu.<\/p>\n<p>Laura Pardo a d\u00e9clar\u00e9 qu\u2019elle et trois de ses camarades adventistes avaient sugg\u00e9r\u00e9 \u00e0 l\u2019administration de l\u2019universit\u00e9 que cette derni\u00e8re organise une journ\u00e9e internationale des femmes ainsi que des programmes sp\u00e9ciaux au cours desquels des accolades gratuites et des pri\u00e8res pourraient \u00eatre offertes \u00e0 tous les \u00e9tudiants.<\/p>\n<p>\u00ab \u00c0 notre grande surprise, ils ont r\u00e9pondu que c\u2019\u00e9tait exactement ce dont l\u2019universit\u00e9 avait besoin, \u00bb a dit Laura Pardo. Ils ont convenu que les \u00e9tudiants adventistes et les autres devraient travailler ensemble lors des activit\u00e9s spirituelles, a-t-elle ajout\u00e9.<\/p>\n<p><div id=\"attachment_81069\" style=\"width: 822px\" class=\"wp-caption aligncenter\"><img decoding=\"async\" aria-describedby=\"caption-attachment-81069\" class=\" wp-image-81069\" src=\"https:\/\/recursing-golick.147-182-135-0.plesk.page\/wp-content\/uploads\/2022\/02\/nocu-pcm-group-shot-3.jpg\" alt=\"\" width=\"812\" height=\"509\" srcset=\"https:\/\/interamerica.org\/wp-content\/uploads\/2022\/02\/nocu-pcm-group-shot-3.jpg 1000w, https:\/\/interamerica.org\/wp-content\/uploads\/2022\/02\/nocu-pcm-group-shot-3-300x188.jpg 300w, https:\/\/interamerica.org\/wp-content\/uploads\/2022\/02\/nocu-pcm-group-shot-3-768x482.jpg 768w\" sizes=\"(max-width: 812px) 100vw, 812px\" \/><p id=\"caption-attachment-81069\" class=\"wp-caption-text\">Les responsables des \u00e9tudiants d\u2019universit\u00e9 adventistes posent pour une photo de groupe avec les dirigeants de la division et de l\u2019union pendant le programme. [Photo : Union du Nord de la Colombie]<\/p><\/div><br \/>\n\u00ab Nous avons appris que si Dieu am\u00e8ne des d\u00e9fis sur notre chemin, il ouvrira la voie et renversera les barri\u00e8res auxquelles nous sommes confront\u00e9s afin que nous puissions accomplir sa mission, \u00bb a d\u00e9clar\u00e9 Laura Pardo.<\/p>\n<p>Pasteur Hiram Ruiz, directeur des minist\u00e8res des campus publics pour l\u2019\u00c9glise adventiste en Inter Am\u00e9rique, a encourag\u00e9 les jeunes \u00e9tudiants d\u2019universit\u00e9 \u00e0 continuer d\u2019\u00eatre la g\u00e9n\u00e9ration qui devrait repr\u00e9senter le changement aujourd\u2019hui.<\/p>\n<p>\u00ab Nous vivons au sein d\u2019une soci\u00e9t\u00e9 qui a besoin de savoir qui est Dieu, \u00bb a dit Hiram Ruiz. Il les a invit\u00e9s \u00e0 \u00e9crire leur histoire tout comme Daniel l\u2019a fait et \u00e0 d\u00e9clarer que Dieu est au contr\u00f4le. \u00ab Dieu donne la sagesse et il veut que vous soyez le changement positif dans votre universit\u00e9. \u00bb<\/p>\n<p><div id=\"attachment_81075\" style=\"width: 819px\" class=\"wp-caption aligncenter\"><img loading=\"lazy\" decoding=\"async\" aria-describedby=\"caption-attachment-81075\" class=\" wp-image-81075\" src=\"https:\/\/recursing-golick.147-182-135-0.plesk.page\/wp-content\/uploads\/2022\/02\/nocu-pcm-congress-4.jpg\" alt=\"\" width=\"809\" height=\"608\" srcset=\"https:\/\/interamerica.org\/wp-content\/uploads\/2022\/02\/nocu-pcm-congress-4.jpg 900w, https:\/\/interamerica.org\/wp-content\/uploads\/2022\/02\/nocu-pcm-congress-4-300x225.jpg 300w, https:\/\/interamerica.org\/wp-content\/uploads\/2022\/02\/nocu-pcm-congress-4-768x576.jpg 768w\" sizes=\"(max-width: 809px) 100vw, 809px\" \/><p id=\"caption-attachment-81075\" class=\"wp-caption-text\">Un \u00e9tudiant d\u2019universit\u00e9 parle de ce que fait sa section locale et de la fa\u00e7on dont Dieu l\u2019a utilis\u00e9 sur le campus. [Photo : Union du Nord de la Colombie]<\/p><\/div>Pour en savoir plus sur l\u2019\u00c9glise adventiste du septi\u00e8me jour dans le Nord de la Colombie, sur ses initiatives et ses activit\u00e9s, visitez le site <a href=\"https:\/\/www.unioncolombiana.org.co\/\">unioncolombiana.org.co<\/a>.<\/p>\n<p>Traduction: Patrick Luciathe<\/p>\n","protected":false},"excerpt":{"rendered":"<p>3 F\u00e9vrier 2022 | Santa Marta, Magdalena, Colombie | Daniela Arrieta, Gabriel Moreno et Actualit\u00e9s de la Division Inter Am\u00e9ricaine Des centaines d\u2019\u00e9tudiants adventistes du septi\u00e8me jour inscrits sur les&#8230;<\/p>\n","protected":false},"author":3,"featured_media":81078,"comment_status":"closed","ping_status":"closed","sticky":false,"template":"","format":"standard","meta":{"_acf_changed":false,"footnotes":""},"categories":[21,19],"tags":[],"class_list":["post-81144","post","type-post","status-publish","format-standard","has-post-thumbnail","hentry","category-nouvelles-du-territoire","category-rss-francais"],"acf":[],"yoast_head":"<!-- This site is optimized with the Yoast SEO plugin v27.3 - https:\/\/yoast.com\/product\/yoast-seo-wordpress\/ -->\n<title>Dans le Nord de la Colombie, les \u00e9tudiants d\u2019universit\u00e9 s\u2019engagent \u00e0 \u00ab faire briller leurs lumi\u00e8res \u00bb sur les campus publics - \u00c9glise Adventiste Du Septieme Jour - Inter Am\u00e9rique Division<\/title>\n<meta name=\"robots\" content=\"index, follow, max-snippet:-1, max-image-preview:large, max-video-preview:-1\" \/>\n<link rel=\"canonical\" href=\"https:\/\/interamerica.org\/fr\/2022\/02\/dans-le-nord-de-la-colombie-les-etudiants-duniversite-sengagent-a-faire-briller-leurs-lumieres-sur-les-campus-publics\/\" \/>\n<meta property=\"og:locale\" content=\"fr_FR\" \/>\n<meta property=\"og:type\" content=\"article\" \/>\n<meta property=\"og:title\" content=\"Dans le Nord de la Colombie, les \u00e9tudiants d\u2019universit\u00e9 s\u2019engagent \u00e0 \u00ab faire briller leurs lumi\u00e8res \u00bb sur les campus publics - \u00c9glise Adventiste Du Septieme Jour - Inter Am\u00e9rique Division\" \/>\n<meta property=\"og:description\" content=\"3 F\u00e9vrier 2022 | Santa Marta, Magdalena, Colombie | Daniela Arrieta, Gabriel Moreno et Actualit\u00e9s de la Division Inter Am\u00e9ricaine Des centaines d\u2019\u00e9tudiants adventistes du septi\u00e8me jour inscrits sur les...\" \/>\n<meta property=\"og:url\" content=\"https:\/\/interamerica.org\/fr\/2022\/02\/dans-le-nord-de-la-colombie-les-etudiants-duniversite-sengagent-a-faire-briller-leurs-lumieres-sur-les-campus-publics\/\" \/>\n<meta property=\"og:site_name\" content=\"\u00c9glise Adventiste Du Septieme Jour - Inter Am\u00e9rique Division\" \/>\n<meta property=\"article:published_time\" content=\"2022-02-04T03:58:07+00:00\" \/>\n<meta property=\"article:modified_time\" content=\"2022-02-04T16:50:57+00:00\" \/>\n<meta property=\"og:image\" content=\"https:\/\/interamerica.org\/wp-content\/uploads\/2022\/02\/nocu-pcm-candle-ceremony.jpg\" \/>\n\t<meta property=\"og:image:width\" content=\"900\" \/>\n\t<meta property=\"og:image:height\" content=\"675\" \/>\n\t<meta property=\"og:image:type\" content=\"image\/jpeg\" \/>\n<meta name=\"author\" content=\"libna\" \/>\n<meta name=\"twitter:card\" content=\"summary_large_image\" \/>\n<meta name=\"twitter:label1\" content=\"\u00c9crit par\" \/>\n\t<meta name=\"twitter:data1\" content=\"libna\" \/>\n\t<meta name=\"twitter:label2\" content=\"Dur\u00e9e de lecture estim\u00e9e\" \/>\n\t<meta name=\"twitter:data2\" content=\"5 minutes\" \/>\n<script type=\"application\/ld+json\" class=\"yoast-schema-graph\">{\"@context\":\"https:\\\/\\\/schema.org\",\"@graph\":[{\"@type\":\"Article\",\"@id\":\"https:\\\/\\\/interamerica.org\\\/fr\\\/2022\\\/02\\\/dans-le-nord-de-la-colombie-les-etudiants-duniversite-sengagent-a-faire-briller-leurs-lumieres-sur-les-campus-publics\\\/#article\",\"isPartOf\":{\"@id\":\"https:\\\/\\\/interamerica.org\\\/fr\\\/2022\\\/02\\\/dans-le-nord-de-la-colombie-les-etudiants-duniversite-sengagent-a-faire-briller-leurs-lumieres-sur-les-campus-publics\\\/\"},\"author\":{\"name\":\"libna\",\"@id\":\"https:\\\/\\\/interamerica.org\\\/fr\\\/#\\\/schema\\\/person\\\/29998f2bc2d8bd0d38662909289b54f1\"},\"headline\":\"Dans le Nord de la Colombie, les \u00e9tudiants d\u2019universit\u00e9 s\u2019engagent \u00e0 \u00ab faire briller leurs lumi\u00e8res \u00bb sur les campus publics\",\"datePublished\":\"2022-02-04T03:58:07+00:00\",\"dateModified\":\"2022-02-04T16:50:57+00:00\",\"mainEntityOfPage\":{\"@id\":\"https:\\\/\\\/interamerica.org\\\/fr\\\/2022\\\/02\\\/dans-le-nord-de-la-colombie-les-etudiants-duniversite-sengagent-a-faire-briller-leurs-lumieres-sur-les-campus-publics\\\/\"},\"wordCount\":967,\"image\":{\"@id\":\"https:\\\/\\\/interamerica.org\\\/fr\\\/2022\\\/02\\\/dans-le-nord-de-la-colombie-les-etudiants-duniversite-sengagent-a-faire-briller-leurs-lumieres-sur-les-campus-publics\\\/#primaryimage\"},\"thumbnailUrl\":\"https:\\\/\\\/interamerica.org\\\/wp-content\\\/uploads\\\/2022\\\/02\\\/nocu-pcm-candle-ceremony.jpg\",\"articleSection\":[\"Nouvelles du territoire\",\"RSS Fran\u00e7ais\"],\"inLanguage\":\"fr-FR\"},{\"@type\":\"WebPage\",\"@id\":\"https:\\\/\\\/interamerica.org\\\/fr\\\/2022\\\/02\\\/dans-le-nord-de-la-colombie-les-etudiants-duniversite-sengagent-a-faire-briller-leurs-lumieres-sur-les-campus-publics\\\/\",\"url\":\"https:\\\/\\\/interamerica.org\\\/fr\\\/2022\\\/02\\\/dans-le-nord-de-la-colombie-les-etudiants-duniversite-sengagent-a-faire-briller-leurs-lumieres-sur-les-campus-publics\\\/\",\"name\":\"Dans le Nord de la Colombie, les \u00e9tudiants d\u2019universit\u00e9 s\u2019engagent \u00e0 \u00ab faire briller leurs lumi\u00e8res \u00bb sur les campus publics - \u00c9glise Adventiste Du Septieme Jour - Inter Am\u00e9rique Division\",\"isPartOf\":{\"@id\":\"https:\\\/\\\/interamerica.org\\\/fr\\\/#website\"},\"primaryImageOfPage\":{\"@id\":\"https:\\\/\\\/interamerica.org\\\/fr\\\/2022\\\/02\\\/dans-le-nord-de-la-colombie-les-etudiants-duniversite-sengagent-a-faire-briller-leurs-lumieres-sur-les-campus-publics\\\/#primaryimage\"},\"image\":{\"@id\":\"https:\\\/\\\/interamerica.org\\\/fr\\\/2022\\\/02\\\/dans-le-nord-de-la-colombie-les-etudiants-duniversite-sengagent-a-faire-briller-leurs-lumieres-sur-les-campus-publics\\\/#primaryimage\"},\"thumbnailUrl\":\"https:\\\/\\\/interamerica.org\\\/wp-content\\\/uploads\\\/2022\\\/02\\\/nocu-pcm-candle-ceremony.jpg\",\"datePublished\":\"2022-02-04T03:58:07+00:00\",\"dateModified\":\"2022-02-04T16:50:57+00:00\",\"author\":{\"@id\":\"https:\\\/\\\/interamerica.org\\\/fr\\\/#\\\/schema\\\/person\\\/29998f2bc2d8bd0d38662909289b54f1\"},\"breadcrumb\":{\"@id\":\"https:\\\/\\\/interamerica.org\\\/fr\\\/2022\\\/02\\\/dans-le-nord-de-la-colombie-les-etudiants-duniversite-sengagent-a-faire-briller-leurs-lumieres-sur-les-campus-publics\\\/#breadcrumb\"},\"inLanguage\":\"fr-FR\",\"potentialAction\":[{\"@type\":\"ReadAction\",\"target\":[\"https:\\\/\\\/interamerica.org\\\/fr\\\/2022\\\/02\\\/dans-le-nord-de-la-colombie-les-etudiants-duniversite-sengagent-a-faire-briller-leurs-lumieres-sur-les-campus-publics\\\/\"]}]},{\"@type\":\"ImageObject\",\"inLanguage\":\"fr-FR\",\"@id\":\"https:\\\/\\\/interamerica.org\\\/fr\\\/2022\\\/02\\\/dans-le-nord-de-la-colombie-les-etudiants-duniversite-sengagent-a-faire-briller-leurs-lumieres-sur-les-campus-publics\\\/#primaryimage\",\"url\":\"https:\\\/\\\/interamerica.org\\\/wp-content\\\/uploads\\\/2022\\\/02\\\/nocu-pcm-candle-ceremony.jpg\",\"contentUrl\":\"https:\\\/\\\/interamerica.org\\\/wp-content\\\/uploads\\\/2022\\\/02\\\/nocu-pcm-candle-ceremony.jpg\",\"width\":900,\"height\":675,\"caption\":\"[Photo : Union du Nord de la Colombie]\"},{\"@type\":\"BreadcrumbList\",\"@id\":\"https:\\\/\\\/interamerica.org\\\/fr\\\/2022\\\/02\\\/dans-le-nord-de-la-colombie-les-etudiants-duniversite-sengagent-a-faire-briller-leurs-lumieres-sur-les-campus-publics\\\/#breadcrumb\",\"itemListElement\":[{\"@type\":\"ListItem\",\"position\":1,\"name\":\"Home\",\"item\":\"https:\\\/\\\/interamerica.org\\\/fr\\\/\"},{\"@type\":\"ListItem\",\"position\":2,\"name\":\"Dans le Nord de la Colombie, les \u00e9tudiants d\u2019universit\u00e9 s\u2019engagent \u00e0 \u00ab faire briller leurs lumi\u00e8res \u00bb sur les campus publics\"}]},{\"@type\":\"WebSite\",\"@id\":\"https:\\\/\\\/interamerica.org\\\/fr\\\/#website\",\"url\":\"https:\\\/\\\/interamerica.org\\\/fr\\\/\",\"name\":\"\u00c9glise Adventiste Du Septieme Jour - Inter Am\u00e9rique Division\",\"description\":\"\",\"potentialAction\":[{\"@type\":\"SearchAction\",\"target\":{\"@type\":\"EntryPoint\",\"urlTemplate\":\"https:\\\/\\\/interamerica.org\\\/fr\\\/?s={search_term_string}\"},\"query-input\":{\"@type\":\"PropertyValueSpecification\",\"valueRequired\":true,\"valueName\":\"search_term_string\"}}],\"inLanguage\":\"fr-FR\"},{\"@type\":\"Person\",\"@id\":\"https:\\\/\\\/interamerica.org\\\/fr\\\/#\\\/schema\\\/person\\\/29998f2bc2d8bd0d38662909289b54f1\",\"name\":\"libna\",\"image\":{\"@type\":\"ImageObject\",\"inLanguage\":\"fr-FR\",\"@id\":\"https:\\\/\\\/secure.gravatar.com\\\/avatar\\\/7c5bd30ae4b47a9ba3c856590957fd1d96dc588bf3ac05719d247e126840331f?s=96&d=mm&r=g\",\"url\":\"https:\\\/\\\/secure.gravatar.com\\\/avatar\\\/7c5bd30ae4b47a9ba3c856590957fd1d96dc588bf3ac05719d247e126840331f?s=96&d=mm&r=g\",\"contentUrl\":\"https:\\\/\\\/secure.gravatar.com\\\/avatar\\\/7c5bd30ae4b47a9ba3c856590957fd1d96dc588bf3ac05719d247e126840331f?s=96&d=mm&r=g\",\"caption\":\"libna\"}}]}<\/script>\n<!-- \/ Yoast SEO plugin. -->","yoast_head_json":{"title":"Dans le Nord de la Colombie, les \u00e9tudiants d\u2019universit\u00e9 s\u2019engagent \u00e0 \u00ab faire briller leurs lumi\u00e8res \u00bb sur les campus publics - \u00c9glise Adventiste Du Septieme Jour - Inter Am\u00e9rique Division","robots":{"index":"index","follow":"follow","max-snippet":"max-snippet:-1","max-image-preview":"max-image-preview:large","max-video-preview":"max-video-preview:-1"},"canonical":"https:\/\/interamerica.org\/fr\/2022\/02\/dans-le-nord-de-la-colombie-les-etudiants-duniversite-sengagent-a-faire-briller-leurs-lumieres-sur-les-campus-publics\/","og_locale":"fr_FR","og_type":"article","og_title":"Dans le Nord de la Colombie, les \u00e9tudiants d\u2019universit\u00e9 s\u2019engagent \u00e0 \u00ab faire briller leurs lumi\u00e8res \u00bb sur les campus publics - \u00c9glise Adventiste Du Septieme Jour - Inter Am\u00e9rique Division","og_description":"3 F\u00e9vrier 2022 | Santa Marta, Magdalena, Colombie | Daniela Arrieta, Gabriel Moreno et Actualit\u00e9s de la Division Inter Am\u00e9ricaine Des centaines d\u2019\u00e9tudiants adventistes du septi\u00e8me jour inscrits sur les...","og_url":"https:\/\/interamerica.org\/fr\/2022\/02\/dans-le-nord-de-la-colombie-les-etudiants-duniversite-sengagent-a-faire-briller-leurs-lumieres-sur-les-campus-publics\/","og_site_name":"\u00c9glise Adventiste Du Septieme Jour - Inter Am\u00e9rique Division","article_published_time":"2022-02-04T03:58:07+00:00","article_modified_time":"2022-02-04T16:50:57+00:00","og_image":[{"width":900,"height":675,"url":"https:\/\/interamerica.org\/wp-content\/uploads\/2022\/02\/nocu-pcm-candle-ceremony.jpg","type":"image\/jpeg"}],"author":"libna","twitter_card":"summary_large_image","twitter_misc":{"\u00c9crit par":"libna","Dur\u00e9e de lecture estim\u00e9e":"5 minutes"},"schema":{"@context":"https:\/\/schema.org","@graph":[{"@type":"Article","@id":"https:\/\/interamerica.org\/fr\/2022\/02\/dans-le-nord-de-la-colombie-les-etudiants-duniversite-sengagent-a-faire-briller-leurs-lumieres-sur-les-campus-publics\/#article","isPartOf":{"@id":"https:\/\/interamerica.org\/fr\/2022\/02\/dans-le-nord-de-la-colombie-les-etudiants-duniversite-sengagent-a-faire-briller-leurs-lumieres-sur-les-campus-publics\/"},"author":{"name":"libna","@id":"https:\/\/interamerica.org\/fr\/#\/schema\/person\/29998f2bc2d8bd0d38662909289b54f1"},"headline":"Dans le Nord de la Colombie, les \u00e9tudiants d\u2019universit\u00e9 s\u2019engagent \u00e0 \u00ab faire briller leurs lumi\u00e8res \u00bb sur les campus publics","datePublished":"2022-02-04T03:58:07+00:00","dateModified":"2022-02-04T16:50:57+00:00","mainEntityOfPage":{"@id":"https:\/\/interamerica.org\/fr\/2022\/02\/dans-le-nord-de-la-colombie-les-etudiants-duniversite-sengagent-a-faire-briller-leurs-lumieres-sur-les-campus-publics\/"},"wordCount":967,"image":{"@id":"https:\/\/interamerica.org\/fr\/2022\/02\/dans-le-nord-de-la-colombie-les-etudiants-duniversite-sengagent-a-faire-briller-leurs-lumieres-sur-les-campus-publics\/#primaryimage"},"thumbnailUrl":"https:\/\/interamerica.org\/wp-content\/uploads\/2022\/02\/nocu-pcm-candle-ceremony.jpg","articleSection":["Nouvelles du territoire","RSS Fran\u00e7ais"],"inLanguage":"fr-FR"},{"@type":"WebPage","@id":"https:\/\/interamerica.org\/fr\/2022\/02\/dans-le-nord-de-la-colombie-les-etudiants-duniversite-sengagent-a-faire-briller-leurs-lumieres-sur-les-campus-publics\/","url":"https:\/\/interamerica.org\/fr\/2022\/02\/dans-le-nord-de-la-colombie-les-etudiants-duniversite-sengagent-a-faire-briller-leurs-lumieres-sur-les-campus-publics\/","name":"Dans le Nord de la Colombie, les \u00e9tudiants d\u2019universit\u00e9 s\u2019engagent \u00e0 \u00ab faire briller leurs lumi\u00e8res \u00bb sur les campus publics - \u00c9glise Adventiste Du Septieme Jour - Inter Am\u00e9rique Division","isPartOf":{"@id":"https:\/\/interamerica.org\/fr\/#website"},"primaryImageOfPage":{"@id":"https:\/\/interamerica.org\/fr\/2022\/02\/dans-le-nord-de-la-colombie-les-etudiants-duniversite-sengagent-a-faire-briller-leurs-lumieres-sur-les-campus-publics\/#primaryimage"},"image":{"@id":"https:\/\/interamerica.org\/fr\/2022\/02\/dans-le-nord-de-la-colombie-les-etudiants-duniversite-sengagent-a-faire-briller-leurs-lumieres-sur-les-campus-publics\/#primaryimage"},"thumbnailUrl":"https:\/\/interamerica.org\/wp-content\/uploads\/2022\/02\/nocu-pcm-candle-ceremony.jpg","datePublished":"2022-02-04T03:58:07+00:00","dateModified":"2022-02-04T16:50:57+00:00","author":{"@id":"https:\/\/interamerica.org\/fr\/#\/schema\/person\/29998f2bc2d8bd0d38662909289b54f1"},"breadcrumb":{"@id":"https:\/\/interamerica.org\/fr\/2022\/02\/dans-le-nord-de-la-colombie-les-etudiants-duniversite-sengagent-a-faire-briller-leurs-lumieres-sur-les-campus-publics\/#breadcrumb"},"inLanguage":"fr-FR","potentialAction":[{"@type":"ReadAction","target":["https:\/\/interamerica.org\/fr\/2022\/02\/dans-le-nord-de-la-colombie-les-etudiants-duniversite-sengagent-a-faire-briller-leurs-lumieres-sur-les-campus-publics\/"]}]},{"@type":"ImageObject","inLanguage":"fr-FR","@id":"https:\/\/interamerica.org\/fr\/2022\/02\/dans-le-nord-de-la-colombie-les-etudiants-duniversite-sengagent-a-faire-briller-leurs-lumieres-sur-les-campus-publics\/#primaryimage","url":"https:\/\/interamerica.org\/wp-content\/uploads\/2022\/02\/nocu-pcm-candle-ceremony.jpg","contentUrl":"https:\/\/interamerica.org\/wp-content\/uploads\/2022\/02\/nocu-pcm-candle-ceremony.jpg","width":900,"height":675,"caption":"[Photo : Union du Nord de la Colombie]"},{"@type":"BreadcrumbList","@id":"https:\/\/interamerica.org\/fr\/2022\/02\/dans-le-nord-de-la-colombie-les-etudiants-duniversite-sengagent-a-faire-briller-leurs-lumieres-sur-les-campus-publics\/#breadcrumb","itemListElement":[{"@type":"ListItem","position":1,"name":"Home","item":"https:\/\/interamerica.org\/fr\/"},{"@type":"ListItem","position":2,"name":"Dans le Nord de la Colombie, les \u00e9tudiants d\u2019universit\u00e9 s\u2019engagent \u00e0 \u00ab faire briller leurs lumi\u00e8res \u00bb sur les campus publics"}]},{"@type":"WebSite","@id":"https:\/\/interamerica.org\/fr\/#website","url":"https:\/\/interamerica.org\/fr\/","name":"\u00c9glise Adventiste Du Septieme Jour - Inter Am\u00e9rique Division","description":"","potentialAction":[{"@type":"SearchAction","target":{"@type":"EntryPoint","urlTemplate":"https:\/\/interamerica.org\/fr\/?s={search_term_string}"},"query-input":{"@type":"PropertyValueSpecification","valueRequired":true,"valueName":"search_term_string"}}],"inLanguage":"fr-FR"},{"@type":"Person","@id":"https:\/\/interamerica.org\/fr\/#\/schema\/person\/29998f2bc2d8bd0d38662909289b54f1","name":"libna","image":{"@type":"ImageObject","inLanguage":"fr-FR","@id":"https:\/\/secure.gravatar.com\/avatar\/7c5bd30ae4b47a9ba3c856590957fd1d96dc588bf3ac05719d247e126840331f?s=96&d=mm&r=g","url":"https:\/\/secure.gravatar.com\/avatar\/7c5bd30ae4b47a9ba3c856590957fd1d96dc588bf3ac05719d247e126840331f?s=96&d=mm&r=g","contentUrl":"https:\/\/secure.gravatar.com\/avatar\/7c5bd30ae4b47a9ba3c856590957fd1d96dc588bf3ac05719d247e126840331f?s=96&d=mm&r=g","caption":"libna"}}]}},"_links":{"self":[{"href":"https:\/\/interamerica.org\/fr\/wp-json\/wp\/v2\/posts\/81144","targetHints":{"allow":["GET"]}}],"collection":[{"href":"https:\/\/interamerica.org\/fr\/wp-json\/wp\/v2\/posts"}],"about":[{"href":"https:\/\/interamerica.org\/fr\/wp-json\/wp\/v2\/types\/post"}],"author":[{"embeddable":true,"href":"https:\/\/interamerica.org\/fr\/wp-json\/wp\/v2\/users\/3"}],"replies":[{"embeddable":true,"href":"https:\/\/interamerica.org\/fr\/wp-json\/wp\/v2\/comments?post=81144"}],"version-history":[{"count":0,"href":"https:\/\/interamerica.org\/fr\/wp-json\/wp\/v2\/posts\/81144\/revisions"}],"wp:featuredmedia":[{"embeddable":true,"href":"https:\/\/interamerica.org\/fr\/wp-json\/wp\/v2\/media\/81078"}],"wp:attachment":[{"href":"https:\/\/interamerica.org\/fr\/wp-json\/wp\/v2\/media?parent=81144"}],"wp:term":[{"taxonomy":"category","embeddable":true,"href":"https:\/\/interamerica.org\/fr\/wp-json\/wp\/v2\/categories?post=81144"},{"taxonomy":"post_tag","embeddable":true,"href":"https:\/\/interamerica.org\/fr\/wp-json\/wp\/v2\/tags?post=81144"}],"curies":[{"name":"wp","href":"https:\/\/api.w.org\/{rel}","templated":true}]}}