{"id":81330,"date":"2022-02-07T12:47:25","date_gmt":"2022-02-07T16:47:25","guid":{"rendered":"https:\/\/recursing-golick.147-182-135-0.plesk.page\/?p=81330"},"modified":"2022-02-09T20:13:15","modified_gmt":"2022-02-10T00:13:15","slug":"aux-philippines-des-adventistes-distribuent-de-la-nourriture-aux-familles-sinistrees","status":"publish","type":"post","link":"https:\/\/interamerica.org\/fr\/2022\/02\/aux-philippines-des-adventistes-distribuent-de-la-nourriture-aux-familles-sinistrees\/","title":{"rendered":"Aux Philippines, des adventistes distribuent de la nourriture aux familles sinistr\u00e9es"},"content":{"rendered":"<p>Des membres d\u2019\u00e9glise de la r\u00e9gion centrale se d\u00e9placent pour aider des r\u00e9sidents de Cebu.<\/p>\n<p id=\"headline-6-7\" class=\"ct-headline\">Le 7 f\u00e9vrier 2022 | Philippines | Nadeth Quinto pour l\u2019Union du centre des Philippines et la Division de l\u2019Asie-Pacifique du Sud<\/p>\n<p>Plusieurs semaines apr\u00e8s que le typhon Rai a d\u00e9vast\u00e9 de grandes villes du centre et du sud des Philippines, l\u2019\u00c9glise adventiste du septi\u00e8me jour, par l\u2019entremise de divers organismes du pays, continue de pr\u00eater main-forte aux familles durement affect\u00e9es par la catastrophe.<\/p>\n<p>En effet, le 31\u00a0janvier dernier, des milliers de familles ont re\u00e7u des sacs de nourriture au gymnase de l\u2019\u00e9cole adventiste de Cebu, suffisamment pour nourrir les sinistr\u00e9s durant les jours qui ont suivi.<\/p>\n<p>Cette initiative a \u00e9t\u00e9 rendue possible gr\u00e2ce aux dirigeants de la F\u00e9d\u00e9ration des Visayas centrales en collaboration avec les pasteurs de district et les Services communautaires adventistes (SCA) dirig\u00e9s par Donato P. Barcenas \u00e0 ladite F\u00e9d\u00e9ration et James B. Bubrico \u00e0 l\u2019Union du centre des Philippines.<\/p>\n<p>\u00ab\u00a0Les sacs de nourriture comprennent cinq kilogrammes de riz, cinq paquets de nouilles, cinq bo\u00eetes de sardines, un paquet de nouilles locales et un pain \u00e0 la cannelle\u00a0\u00bb, a dit M.\u00a0Barcenas.<\/p>\n<p><div id=\"attachment_81193\" style=\"width: 831px\" class=\"wp-caption aligncenter\"><img fetchpriority=\"high\" decoding=\"async\" aria-describedby=\"caption-attachment-81193\" class=\" wp-image-81193\" src=\"https:\/\/recursing-golick.147-182-135-0.plesk.page\/wp-content\/uploads\/2022\/02\/adra-philippines2-1024x683.jpg\" alt=\"\" width=\"821\" height=\"548\" srcset=\"https:\/\/interamerica.org\/wp-content\/uploads\/2022\/02\/adra-philippines2-1024x683.jpg 1024w, https:\/\/interamerica.org\/wp-content\/uploads\/2022\/02\/adra-philippines2-300x200.jpg 300w, https:\/\/interamerica.org\/wp-content\/uploads\/2022\/02\/adra-philippines2-768x512.jpg 768w, https:\/\/interamerica.org\/wp-content\/uploads\/2022\/02\/adra-philippines2-1536x1024.jpg 1536w, https:\/\/interamerica.org\/wp-content\/uploads\/2022\/02\/adra-philippines2.jpg 2048w\" sizes=\"(max-width: 821px) 100vw, 821px\" \/><p id=\"caption-attachment-81193\" class=\"wp-caption-text\">Le 31 janvier 2022, des milliers de familles ont re\u00e7u des sacs de nourriture au gymnase de l\u2019\u00e9cole adventiste de Cebu, assez pour nourrir les sinistr\u00e9s pendant quelques jours. [Une photo offerte par le d\u00e9partement des communications de l\u2019Union du centre des Philippines.]<\/p><\/div>\u00ab\u00a0Se remettre d\u2019une telle catastrophe est tout un d\u00e9fi, mais nous continuons de prier et de trouver des moyens d\u2019aider ces familles durant leur r\u00e9tablissement\u00a0\u00bb, a-t-il ajout\u00e9.<\/p>\n<p>Les dirigeants de la Division de l\u2019Asie-Pacifique du Sud et de l\u2019Union du centre des Philippines ont \u00e9galement assist\u00e9 et particip\u00e9 \u00e0 la distribution.<\/p>\n<p>Eliezer T. Barlizo Jr, pr\u00e9sident de l\u2019\u00c9glise adventiste au centre des Philippines, a remerci\u00e9 les dirigeants de la division pour leur pr\u00e9sence, leur amour et leur soutien. Il a \u00e9galement f\u00e9licit\u00e9 l\u2019administration, les directeurs et les pasteurs de district de la F\u00e9d\u00e9ration des Visayas centrales pour leur initiative et leurs efforts d\u2019unification.<\/p>\n<p>Charles L. Nogra, pr\u00e9sident de la F\u00e9d\u00e9ration des Visayas centrales, a \u00e9galement exprim\u00e9 sa gratitude envers Dieu pour l\u2019occasion de partager ces b\u00e9n\u00e9dictions ainsi qu\u2019envers les dirigeants des division, union et f\u00e9d\u00e9ration en question pour leur grand soutien.<\/p>\n<p>\u00ab\u00a0Si vous \u00eates pr\u00eats \u00e0 aider nos fr\u00e8res et s\u0153urs dans le besoin, merci de contacter les dirigeants de nos mission et union locales, a dit le pasteur Nogra. Les provinces de Cebu et de Bohol ont beaucoup souffert du typhon [Rai]. D\u2019apr\u00e8s un certain rapport, dans quatre districts de Bohol, 90\u00a0% de nos fr\u00e8res et s\u0153urs sont sans abri. Et la province est toujours sans \u00e9lectricit\u00e9. Alors, continuons de les aider et de prier pour eux.\u00a0\u00bb<\/p>\n<p>Saw Samuel, pr\u00e9sident de la Division de l\u2019Asie-Pacifique du Sud, a \u00e9galement communiqu\u00e9 sa reconnaissance envers Dieu pour le fait que personne n\u2019ait perdu la vie ainsi que l\u2019esprit de r\u00e9silience chez les membres d\u2019\u00e9glise.<\/p>\n<p>\u00ab\u00a0Je remercie Dieu pour cette occasion d\u2019\u00eatre avec nos dirigeants de l\u2019union et de la f\u00e9d\u00e9ration\u00a0afin de nous asseoir ensemble et de joindre nos efforts pour reconstruire nos \u00e9glises et nos autres \u00e9tablissements de mani\u00e8re \u00e0 ce que nous puissions poursuivre la mission que Dieu nous confi\u00e9e, a dit le pasteur Samuel. Continuons de r\u00e9clamer les b\u00e9n\u00e9dictions et la direction de notre fid\u00e8le et puissant Seigneur. Ensemble, nous reconstruirons cette ville. Ensemble, nous reconstruirons notre \u00c9glise. Ensemble, nous continuerons de faire avancer l\u2019\u0153uvre qu\u2019il nous a confi\u00e9e dans le centre des Philippines, et ensemble, nous h\u00e2terons le retour de J\u00e9sus. Que le Seigneur vous b\u00e9nisse.\u00a0\u00bb<\/p>\n<p>Les b\u00e9n\u00e9ficiaires se sont montr\u00e9s heureux et ont exprim\u00e9 leur reconnaissance envers Dieu pour sa fid\u00e9lit\u00e9, m\u00eame dans ces temps difficiles.<\/p>\n<p>\u00ab\u00a0Cette distribution de nourriture aide \u00e9norm\u00e9ment notre famille, car nous avons [maintenant] de quoi manger ce soir. Voil\u00e0 pourquoi nous remercions le Seigneur pour sa providence\u00a0\u00bb, a dit Liezelda Valiente apr\u00e8s avoir re\u00e7u des sacs de nourriture.<\/p>\n<p>Une autre b\u00e9n\u00e9ficiaire, Elaine Panoncia, de Talisay, s\u2019est dite surprise de recevoir ces sacs, mais Dieu a gracieusement pourvu \u00e0 ses besoins. \u00ab\u00a0Je suis reconnaissante envers [lui] pour les b\u00e9n\u00e9dictions. \u00c0 tous les commanditaires et organisateurs, un gros merci!\u00a0\u00bb<\/p>\n<p><em>La <a href=\"http:\/\/adventist.asia\/news\/adventist-church-in-central-philippines-facilitates-food-distribution-to-displaced-families-in-cebu\/\">version originale<\/a> de cet article a \u00e9t\u00e9 publi\u00e9e sur le <a href=\"http:\/\/adventist.asia\/news\/\">site d\u2019actualit\u00e9s<\/a> de la Division de l\u2019Asie-Pacifique du Sud.<\/em><\/p>\n<p>Traduction\u00a0: Marie-Mich\u00e8le Robitaille<\/p>\n","protected":false},"excerpt":{"rendered":"<p>Des membres d\u2019\u00e9glise de la r\u00e9gion centrale se d\u00e9placent pour aider des r\u00e9sidents de Cebu. Le 7 f\u00e9vrier 2022 | Philippines | Nadeth Quinto pour l\u2019Union du centre des Philippines&#8230;<\/p>\n","protected":false},"author":3,"featured_media":81199,"comment_status":"closed","ping_status":"closed","sticky":false,"template":"","format":"standard","meta":{"_acf_changed":false,"footnotes":""},"categories":[18,19],"tags":[],"class_list":["post-81330","post","type-post","status-publish","format-standard","has-post-thumbnail","hentry","category-nouvelles-de-leglise-mondiale","category-rss-francais"],"acf":[],"yoast_head":"<!-- This site is optimized with the Yoast SEO plugin v27.3 - https:\/\/yoast.com\/product\/yoast-seo-wordpress\/ -->\n<title>Aux Philippines, des adventistes distribuent de la nourriture aux familles sinistr\u00e9es - \u00c9glise Adventiste Du Septieme Jour - Inter Am\u00e9rique Division<\/title>\n<meta name=\"robots\" content=\"index, follow, max-snippet:-1, max-image-preview:large, max-video-preview:-1\" \/>\n<link rel=\"canonical\" href=\"https:\/\/interamerica.org\/fr\/2022\/02\/aux-philippines-des-adventistes-distribuent-de-la-nourriture-aux-familles-sinistrees\/\" \/>\n<meta property=\"og:locale\" content=\"fr_FR\" \/>\n<meta property=\"og:type\" content=\"article\" \/>\n<meta property=\"og:title\" content=\"Aux Philippines, des adventistes distribuent de la nourriture aux familles sinistr\u00e9es - \u00c9glise Adventiste Du Septieme Jour - Inter Am\u00e9rique Division\" \/>\n<meta property=\"og:description\" content=\"Des membres d\u2019\u00e9glise de la r\u00e9gion centrale se d\u00e9placent pour aider des r\u00e9sidents de Cebu. Le 7 f\u00e9vrier 2022 | Philippines | Nadeth Quinto pour l\u2019Union du centre des Philippines...\" \/>\n<meta property=\"og:url\" content=\"https:\/\/interamerica.org\/fr\/2022\/02\/aux-philippines-des-adventistes-distribuent-de-la-nourriture-aux-familles-sinistrees\/\" \/>\n<meta property=\"og:site_name\" content=\"\u00c9glise Adventiste Du Septieme Jour - Inter Am\u00e9rique Division\" \/>\n<meta property=\"article:published_time\" content=\"2022-02-07T16:47:25+00:00\" \/>\n<meta property=\"article:modified_time\" content=\"2022-02-10T00:13:15+00:00\" \/>\n<meta property=\"og:image\" content=\"https:\/\/interamerica.org\/wp-content\/uploads\/2022\/02\/philippines-adventists-support-food-distribution-to-displaced-families1.jpeg\" \/>\n\t<meta property=\"og:image:width\" content=\"1000\" \/>\n\t<meta property=\"og:image:height\" content=\"500\" \/>\n\t<meta property=\"og:image:type\" content=\"image\/jpeg\" \/>\n<meta name=\"author\" content=\"libna\" \/>\n<meta name=\"twitter:card\" content=\"summary_large_image\" \/>\n<meta name=\"twitter:label1\" content=\"\u00c9crit par\" \/>\n\t<meta name=\"twitter:data1\" content=\"libna\" \/>\n\t<meta name=\"twitter:label2\" content=\"Dur\u00e9e de lecture estim\u00e9e\" \/>\n\t<meta name=\"twitter:data2\" content=\"4 minutes\" \/>\n<script type=\"application\/ld+json\" class=\"yoast-schema-graph\">{\"@context\":\"https:\\\/\\\/schema.org\",\"@graph\":[{\"@type\":\"Article\",\"@id\":\"https:\\\/\\\/interamerica.org\\\/fr\\\/2022\\\/02\\\/aux-philippines-des-adventistes-distribuent-de-la-nourriture-aux-familles-sinistrees\\\/#article\",\"isPartOf\":{\"@id\":\"https:\\\/\\\/interamerica.org\\\/fr\\\/2022\\\/02\\\/aux-philippines-des-adventistes-distribuent-de-la-nourriture-aux-familles-sinistrees\\\/\"},\"author\":{\"name\":\"libna\",\"@id\":\"https:\\\/\\\/interamerica.org\\\/fr\\\/#\\\/schema\\\/person\\\/29998f2bc2d8bd0d38662909289b54f1\"},\"headline\":\"Aux Philippines, des adventistes distribuent de la nourriture aux familles sinistr\u00e9es\",\"datePublished\":\"2022-02-07T16:47:25+00:00\",\"dateModified\":\"2022-02-10T00:13:15+00:00\",\"mainEntityOfPage\":{\"@id\":\"https:\\\/\\\/interamerica.org\\\/fr\\\/2022\\\/02\\\/aux-philippines-des-adventistes-distribuent-de-la-nourriture-aux-familles-sinistrees\\\/\"},\"wordCount\":816,\"image\":{\"@id\":\"https:\\\/\\\/interamerica.org\\\/fr\\\/2022\\\/02\\\/aux-philippines-des-adventistes-distribuent-de-la-nourriture-aux-familles-sinistrees\\\/#primaryimage\"},\"thumbnailUrl\":\"https:\\\/\\\/interamerica.org\\\/wp-content\\\/uploads\\\/2022\\\/02\\\/philippines-adventists-support-food-distribution-to-displaced-families1.jpeg\",\"articleSection\":[\"Nouvelles de l'\u00c9glise mondiale\",\"RSS Fran\u00e7ais\"],\"inLanguage\":\"fr-FR\"},{\"@type\":\"WebPage\",\"@id\":\"https:\\\/\\\/interamerica.org\\\/fr\\\/2022\\\/02\\\/aux-philippines-des-adventistes-distribuent-de-la-nourriture-aux-familles-sinistrees\\\/\",\"url\":\"https:\\\/\\\/interamerica.org\\\/fr\\\/2022\\\/02\\\/aux-philippines-des-adventistes-distribuent-de-la-nourriture-aux-familles-sinistrees\\\/\",\"name\":\"Aux Philippines, des adventistes distribuent de la nourriture aux familles sinistr\u00e9es - \u00c9glise Adventiste Du Septieme Jour - Inter Am\u00e9rique Division\",\"isPartOf\":{\"@id\":\"https:\\\/\\\/interamerica.org\\\/fr\\\/#website\"},\"primaryImageOfPage\":{\"@id\":\"https:\\\/\\\/interamerica.org\\\/fr\\\/2022\\\/02\\\/aux-philippines-des-adventistes-distribuent-de-la-nourriture-aux-familles-sinistrees\\\/#primaryimage\"},\"image\":{\"@id\":\"https:\\\/\\\/interamerica.org\\\/fr\\\/2022\\\/02\\\/aux-philippines-des-adventistes-distribuent-de-la-nourriture-aux-familles-sinistrees\\\/#primaryimage\"},\"thumbnailUrl\":\"https:\\\/\\\/interamerica.org\\\/wp-content\\\/uploads\\\/2022\\\/02\\\/philippines-adventists-support-food-distribution-to-displaced-families1.jpeg\",\"datePublished\":\"2022-02-07T16:47:25+00:00\",\"dateModified\":\"2022-02-10T00:13:15+00:00\",\"author\":{\"@id\":\"https:\\\/\\\/interamerica.org\\\/fr\\\/#\\\/schema\\\/person\\\/29998f2bc2d8bd0d38662909289b54f1\"},\"breadcrumb\":{\"@id\":\"https:\\\/\\\/interamerica.org\\\/fr\\\/2022\\\/02\\\/aux-philippines-des-adventistes-distribuent-de-la-nourriture-aux-familles-sinistrees\\\/#breadcrumb\"},\"inLanguage\":\"fr-FR\",\"potentialAction\":[{\"@type\":\"ReadAction\",\"target\":[\"https:\\\/\\\/interamerica.org\\\/fr\\\/2022\\\/02\\\/aux-philippines-des-adventistes-distribuent-de-la-nourriture-aux-familles-sinistrees\\\/\"]}]},{\"@type\":\"ImageObject\",\"inLanguage\":\"fr-FR\",\"@id\":\"https:\\\/\\\/interamerica.org\\\/fr\\\/2022\\\/02\\\/aux-philippines-des-adventistes-distribuent-de-la-nourriture-aux-familles-sinistrees\\\/#primaryimage\",\"url\":\"https:\\\/\\\/interamerica.org\\\/wp-content\\\/uploads\\\/2022\\\/02\\\/philippines-adventists-support-food-distribution-to-displaced-families1.jpeg\",\"contentUrl\":\"https:\\\/\\\/interamerica.org\\\/wp-content\\\/uploads\\\/2022\\\/02\\\/philippines-adventists-support-food-distribution-to-displaced-families1.jpeg\",\"width\":1000,\"height\":500},{\"@type\":\"BreadcrumbList\",\"@id\":\"https:\\\/\\\/interamerica.org\\\/fr\\\/2022\\\/02\\\/aux-philippines-des-adventistes-distribuent-de-la-nourriture-aux-familles-sinistrees\\\/#breadcrumb\",\"itemListElement\":[{\"@type\":\"ListItem\",\"position\":1,\"name\":\"Home\",\"item\":\"https:\\\/\\\/interamerica.org\\\/fr\\\/\"},{\"@type\":\"ListItem\",\"position\":2,\"name\":\"Aux Philippines, des adventistes distribuent de la nourriture aux familles sinistr\u00e9es\"}]},{\"@type\":\"WebSite\",\"@id\":\"https:\\\/\\\/interamerica.org\\\/fr\\\/#website\",\"url\":\"https:\\\/\\\/interamerica.org\\\/fr\\\/\",\"name\":\"\u00c9glise Adventiste Du Septieme Jour - Inter Am\u00e9rique Division\",\"description\":\"\",\"potentialAction\":[{\"@type\":\"SearchAction\",\"target\":{\"@type\":\"EntryPoint\",\"urlTemplate\":\"https:\\\/\\\/interamerica.org\\\/fr\\\/?s={search_term_string}\"},\"query-input\":{\"@type\":\"PropertyValueSpecification\",\"valueRequired\":true,\"valueName\":\"search_term_string\"}}],\"inLanguage\":\"fr-FR\"},{\"@type\":\"Person\",\"@id\":\"https:\\\/\\\/interamerica.org\\\/fr\\\/#\\\/schema\\\/person\\\/29998f2bc2d8bd0d38662909289b54f1\",\"name\":\"libna\",\"image\":{\"@type\":\"ImageObject\",\"inLanguage\":\"fr-FR\",\"@id\":\"https:\\\/\\\/secure.gravatar.com\\\/avatar\\\/7c5bd30ae4b47a9ba3c856590957fd1d96dc588bf3ac05719d247e126840331f?s=96&d=mm&r=g\",\"url\":\"https:\\\/\\\/secure.gravatar.com\\\/avatar\\\/7c5bd30ae4b47a9ba3c856590957fd1d96dc588bf3ac05719d247e126840331f?s=96&d=mm&r=g\",\"contentUrl\":\"https:\\\/\\\/secure.gravatar.com\\\/avatar\\\/7c5bd30ae4b47a9ba3c856590957fd1d96dc588bf3ac05719d247e126840331f?s=96&d=mm&r=g\",\"caption\":\"libna\"}}]}<\/script>\n<!-- \/ Yoast SEO plugin. -->","yoast_head_json":{"title":"Aux Philippines, des adventistes distribuent de la nourriture aux familles sinistr\u00e9es - \u00c9glise Adventiste Du Septieme Jour - Inter Am\u00e9rique Division","robots":{"index":"index","follow":"follow","max-snippet":"max-snippet:-1","max-image-preview":"max-image-preview:large","max-video-preview":"max-video-preview:-1"},"canonical":"https:\/\/interamerica.org\/fr\/2022\/02\/aux-philippines-des-adventistes-distribuent-de-la-nourriture-aux-familles-sinistrees\/","og_locale":"fr_FR","og_type":"article","og_title":"Aux Philippines, des adventistes distribuent de la nourriture aux familles sinistr\u00e9es - \u00c9glise Adventiste Du Septieme Jour - Inter Am\u00e9rique Division","og_description":"Des membres d\u2019\u00e9glise de la r\u00e9gion centrale se d\u00e9placent pour aider des r\u00e9sidents de Cebu. Le 7 f\u00e9vrier 2022 | Philippines | Nadeth Quinto pour l\u2019Union du centre des Philippines...","og_url":"https:\/\/interamerica.org\/fr\/2022\/02\/aux-philippines-des-adventistes-distribuent-de-la-nourriture-aux-familles-sinistrees\/","og_site_name":"\u00c9glise Adventiste Du Septieme Jour - Inter Am\u00e9rique Division","article_published_time":"2022-02-07T16:47:25+00:00","article_modified_time":"2022-02-10T00:13:15+00:00","og_image":[{"width":1000,"height":500,"url":"https:\/\/interamerica.org\/wp-content\/uploads\/2022\/02\/philippines-adventists-support-food-distribution-to-displaced-families1.jpeg","type":"image\/jpeg"}],"author":"libna","twitter_card":"summary_large_image","twitter_misc":{"\u00c9crit par":"libna","Dur\u00e9e de lecture estim\u00e9e":"4 minutes"},"schema":{"@context":"https:\/\/schema.org","@graph":[{"@type":"Article","@id":"https:\/\/interamerica.org\/fr\/2022\/02\/aux-philippines-des-adventistes-distribuent-de-la-nourriture-aux-familles-sinistrees\/#article","isPartOf":{"@id":"https:\/\/interamerica.org\/fr\/2022\/02\/aux-philippines-des-adventistes-distribuent-de-la-nourriture-aux-familles-sinistrees\/"},"author":{"name":"libna","@id":"https:\/\/interamerica.org\/fr\/#\/schema\/person\/29998f2bc2d8bd0d38662909289b54f1"},"headline":"Aux Philippines, des adventistes distribuent de la nourriture aux familles sinistr\u00e9es","datePublished":"2022-02-07T16:47:25+00:00","dateModified":"2022-02-10T00:13:15+00:00","mainEntityOfPage":{"@id":"https:\/\/interamerica.org\/fr\/2022\/02\/aux-philippines-des-adventistes-distribuent-de-la-nourriture-aux-familles-sinistrees\/"},"wordCount":816,"image":{"@id":"https:\/\/interamerica.org\/fr\/2022\/02\/aux-philippines-des-adventistes-distribuent-de-la-nourriture-aux-familles-sinistrees\/#primaryimage"},"thumbnailUrl":"https:\/\/interamerica.org\/wp-content\/uploads\/2022\/02\/philippines-adventists-support-food-distribution-to-displaced-families1.jpeg","articleSection":["Nouvelles de l'\u00c9glise mondiale","RSS Fran\u00e7ais"],"inLanguage":"fr-FR"},{"@type":"WebPage","@id":"https:\/\/interamerica.org\/fr\/2022\/02\/aux-philippines-des-adventistes-distribuent-de-la-nourriture-aux-familles-sinistrees\/","url":"https:\/\/interamerica.org\/fr\/2022\/02\/aux-philippines-des-adventistes-distribuent-de-la-nourriture-aux-familles-sinistrees\/","name":"Aux Philippines, des adventistes distribuent de la nourriture aux familles sinistr\u00e9es - \u00c9glise Adventiste Du Septieme Jour - Inter Am\u00e9rique Division","isPartOf":{"@id":"https:\/\/interamerica.org\/fr\/#website"},"primaryImageOfPage":{"@id":"https:\/\/interamerica.org\/fr\/2022\/02\/aux-philippines-des-adventistes-distribuent-de-la-nourriture-aux-familles-sinistrees\/#primaryimage"},"image":{"@id":"https:\/\/interamerica.org\/fr\/2022\/02\/aux-philippines-des-adventistes-distribuent-de-la-nourriture-aux-familles-sinistrees\/#primaryimage"},"thumbnailUrl":"https:\/\/interamerica.org\/wp-content\/uploads\/2022\/02\/philippines-adventists-support-food-distribution-to-displaced-families1.jpeg","datePublished":"2022-02-07T16:47:25+00:00","dateModified":"2022-02-10T00:13:15+00:00","author":{"@id":"https:\/\/interamerica.org\/fr\/#\/schema\/person\/29998f2bc2d8bd0d38662909289b54f1"},"breadcrumb":{"@id":"https:\/\/interamerica.org\/fr\/2022\/02\/aux-philippines-des-adventistes-distribuent-de-la-nourriture-aux-familles-sinistrees\/#breadcrumb"},"inLanguage":"fr-FR","potentialAction":[{"@type":"ReadAction","target":["https:\/\/interamerica.org\/fr\/2022\/02\/aux-philippines-des-adventistes-distribuent-de-la-nourriture-aux-familles-sinistrees\/"]}]},{"@type":"ImageObject","inLanguage":"fr-FR","@id":"https:\/\/interamerica.org\/fr\/2022\/02\/aux-philippines-des-adventistes-distribuent-de-la-nourriture-aux-familles-sinistrees\/#primaryimage","url":"https:\/\/interamerica.org\/wp-content\/uploads\/2022\/02\/philippines-adventists-support-food-distribution-to-displaced-families1.jpeg","contentUrl":"https:\/\/interamerica.org\/wp-content\/uploads\/2022\/02\/philippines-adventists-support-food-distribution-to-displaced-families1.jpeg","width":1000,"height":500},{"@type":"BreadcrumbList","@id":"https:\/\/interamerica.org\/fr\/2022\/02\/aux-philippines-des-adventistes-distribuent-de-la-nourriture-aux-familles-sinistrees\/#breadcrumb","itemListElement":[{"@type":"ListItem","position":1,"name":"Home","item":"https:\/\/interamerica.org\/fr\/"},{"@type":"ListItem","position":2,"name":"Aux Philippines, des adventistes distribuent de la nourriture aux familles sinistr\u00e9es"}]},{"@type":"WebSite","@id":"https:\/\/interamerica.org\/fr\/#website","url":"https:\/\/interamerica.org\/fr\/","name":"\u00c9glise Adventiste Du Septieme Jour - Inter Am\u00e9rique Division","description":"","potentialAction":[{"@type":"SearchAction","target":{"@type":"EntryPoint","urlTemplate":"https:\/\/interamerica.org\/fr\/?s={search_term_string}"},"query-input":{"@type":"PropertyValueSpecification","valueRequired":true,"valueName":"search_term_string"}}],"inLanguage":"fr-FR"},{"@type":"Person","@id":"https:\/\/interamerica.org\/fr\/#\/schema\/person\/29998f2bc2d8bd0d38662909289b54f1","name":"libna","image":{"@type":"ImageObject","inLanguage":"fr-FR","@id":"https:\/\/secure.gravatar.com\/avatar\/7c5bd30ae4b47a9ba3c856590957fd1d96dc588bf3ac05719d247e126840331f?s=96&d=mm&r=g","url":"https:\/\/secure.gravatar.com\/avatar\/7c5bd30ae4b47a9ba3c856590957fd1d96dc588bf3ac05719d247e126840331f?s=96&d=mm&r=g","contentUrl":"https:\/\/secure.gravatar.com\/avatar\/7c5bd30ae4b47a9ba3c856590957fd1d96dc588bf3ac05719d247e126840331f?s=96&d=mm&r=g","caption":"libna"}}]}},"_links":{"self":[{"href":"https:\/\/interamerica.org\/fr\/wp-json\/wp\/v2\/posts\/81330","targetHints":{"allow":["GET"]}}],"collection":[{"href":"https:\/\/interamerica.org\/fr\/wp-json\/wp\/v2\/posts"}],"about":[{"href":"https:\/\/interamerica.org\/fr\/wp-json\/wp\/v2\/types\/post"}],"author":[{"embeddable":true,"href":"https:\/\/interamerica.org\/fr\/wp-json\/wp\/v2\/users\/3"}],"replies":[{"embeddable":true,"href":"https:\/\/interamerica.org\/fr\/wp-json\/wp\/v2\/comments?post=81330"}],"version-history":[{"count":0,"href":"https:\/\/interamerica.org\/fr\/wp-json\/wp\/v2\/posts\/81330\/revisions"}],"wp:featuredmedia":[{"embeddable":true,"href":"https:\/\/interamerica.org\/fr\/wp-json\/wp\/v2\/media\/81199"}],"wp:attachment":[{"href":"https:\/\/interamerica.org\/fr\/wp-json\/wp\/v2\/media?parent=81330"}],"wp:term":[{"taxonomy":"category","embeddable":true,"href":"https:\/\/interamerica.org\/fr\/wp-json\/wp\/v2\/categories?post=81330"},{"taxonomy":"post_tag","embeddable":true,"href":"https:\/\/interamerica.org\/fr\/wp-json\/wp\/v2\/tags?post=81330"}],"curies":[{"name":"wp","href":"https:\/\/api.w.org\/{rel}","templated":true}]}}