{"id":81456,"date":"2022-02-11T09:01:21","date_gmt":"2022-02-11T13:01:21","guid":{"rendered":"https:\/\/recursing-golick.147-182-135-0.plesk.page\/?p=81456"},"modified":"2022-02-15T09:19:31","modified_gmt":"2022-02-15T13:19:31","slug":"linter-amerique-continue-le-programme-de-certification-en-ligne-pour-les-anciens-le-19-fevrier","status":"publish","type":"post","link":"https:\/\/interamerica.org\/fr\/2022\/02\/linter-amerique-continue-le-programme-de-certification-en-ligne-pour-les-anciens-le-19-fevrier\/","title":{"rendered":"L\u2019Inter Am\u00e9rique continue le programme de certification en ligne pour les anciens le 19 f\u00e9vrier"},"content":{"rendered":"<p>11 F\u00e9vrier 2022 | Miami, Floride, \u00c9tats-Unis | Libna Stevens, Actualit\u00e9s de la Division Inter Am\u00e9ricaine<\/p>\n<p>Des milliers d\u2019anciens d\u2019\u00e9glise locale dans tout le territoire de l\u2019\u00c9glise Adventiste du Septi\u00e8me jour en Inter Am\u00e9rique termineront leur quatri\u00e8me ann\u00e9e d\u2019un programme sp\u00e9cial de certification \u00e0 l\u2019occasion d\u2019une c\u00e9r\u00e9monie sp\u00e9ciale qui aura lieu en ligne le sabbat 19 f\u00e9vrier 2022. Le programme de certification aidera les anciens d\u2019\u00e9glise \u00e0 s\u2019\u00e9quiper et \u00e0 mieux aider les pasteurs et \u00e0 exercer un minist\u00e8re aupr\u00e8s du nombre croissant de membres r\u00e9partis dans plus de 23000 congr\u00e9gations. Le programme de deux heures se d\u00e9roulera de 16h00 \u00e0 18h00, heure de Miami.<\/p>\n<p>Plus de 31000 anciens d\u2019\u00e9glise ont d\u00e9j\u00e0 pris part \u00e0 l\u2019exercice du minist\u00e8re aupr\u00e8s des congr\u00e9gations locales avec un programme complet de discipulat pour aider les membres \u00e0 grandir spirituellement, \u00e0 s\u2019assurer que leurs besoins soient satisfaits, \u00e0 faire face aux d\u00e9fis d\u2019aujourd&rsquo;hui et \u00e0 les motiver \u00e0 avoir un meilleur impact dans leurs communaut\u00e9s au moyen de l\u2019\u00e9vangile, a dit le pasteur Josney Rodr\u00edguez, secr\u00e9taire de l\u2019association pastorale pour l\u2019\u00c9glise adventiste en Inter-Am\u00e9rique.<\/p>\n<p>\u00ab Nous faisons en sorte de continuer \u00e0 apporter de nouvelles comp\u00e9tences aux anciens afin qu\u2019ils soient pr\u00e9par\u00e9s et \u00e9quip\u00e9s pour continuer \u00e0 enseigner, \u00e0 servir, \u00e0 pr\u00eacher et \u00e0 administrer aux c\u00f4t\u00e9s des pasteurs alors qu\u2019ils s\u2019adaptent aux d\u00e9fis auxquels l\u2019\u00e9glise est confront\u00e9e aujourd\u2019hui, \u00bb a d\u00e9clar\u00e9 pasteur Rodr\u00edguez.<\/p>\n<p>Le programme correspondra \u00e9galement au lancement du prochain niveau de certification cette ann\u00e9e avec une formation sous la direction de la Division Inter Am\u00e9ricaine (DIA) ainsi que celle de la direction de l\u2019union, a-t-il expliqu\u00e9. Cette ann\u00e9e, les conjoints des anciens se joindront \u00e9galement au programme de certification &#8211; une partie suppl\u00e9mentaire qui vise \u00e0 consolider la famille de l\u2019ancien d\u2019\u00e9glise dans son service d\u00e9vou\u00e9 chaque semaine.<\/p>\n<p>Le programme sera diffus\u00e9 en direct en ligne et sera l\u2019occasion pour des milliers de personnes de se connecter ou de se rassembler dans les f\u00e9d\u00e9rations et missions, dans les \u00e9glises et dans les petits groupes.<\/p>\n<p>Pasteur Jerry Page, secr\u00e9taire de l\u2019association pastorale pour l\u2019\u00c9glise adventiste mondiale sera l\u2019orateur principal ; pasteur Elie Henry, pr\u00e9sident de la DIA ainsi que d\u2019autres dirigeants de la DIA et des unions interviendront aussi lors du programme en ligne.<\/p>\n<p>Le programme en ligne se tiendra en espagnol, en anglais et en fran\u00e7ais et pr\u00e9sentera des \u00e9glises exceptionnelles qui ont certifi\u00e9 leurs anciens ; il comprendra \u00e9galement des rapports en provenance de tout le territoire de la DIA.<\/p>\n<p>Pour voir le programme de certification de l\u2019Inter Am\u00e9rique en ligne le sabbat 19 f\u00e9vrier 2022, de 16h00 \u00e0 18h00, heure de Miami, visitez la cha\u00eene en ligne IAD Connectivity <a href=\"https:\/\/www.youtube.com\/channel\/UCmmSViewmBZOIO4HVliq71A\">ICI<\/a><\/p>\n<p>&nbsp;<\/p>\n<p>Traduction: Patrick Luciathe<\/p>\n","protected":false},"excerpt":{"rendered":"<p>11 F\u00e9vrier 2022 | Miami, Floride, \u00c9tats-Unis | Libna Stevens, Actualit\u00e9s de la Division Inter Am\u00e9ricaine Des milliers d\u2019anciens d\u2019\u00e9glise locale dans tout le territoire de l\u2019\u00c9glise Adventiste du Septi\u00e8me&#8230;<\/p>\n","protected":false},"author":3,"featured_media":55309,"comment_status":"closed","ping_status":"closed","sticky":false,"template":"","format":"standard","meta":{"_acf_changed":false,"footnotes":""},"categories":[20,19],"tags":[],"class_list":["post-81456","post","type-post","status-publish","format-standard","has-post-thumbnail","hentry","category-nouvelles-du-siege-de-la-division","category-rss-francais"],"acf":[],"yoast_head":"<!-- This site is optimized with the Yoast SEO plugin v27.3 - https:\/\/yoast.com\/product\/yoast-seo-wordpress\/ -->\n<title>L\u2019Inter Am\u00e9rique continue le programme de certification en ligne pour les anciens le 19 f\u00e9vrier - \u00c9glise Adventiste Du Septieme Jour - Inter Am\u00e9rique Division<\/title>\n<meta name=\"robots\" content=\"index, follow, max-snippet:-1, max-image-preview:large, max-video-preview:-1\" \/>\n<link rel=\"canonical\" href=\"https:\/\/interamerica.org\/fr\/2022\/02\/linter-amerique-continue-le-programme-de-certification-en-ligne-pour-les-anciens-le-19-fevrier\/\" \/>\n<meta property=\"og:locale\" content=\"fr_FR\" \/>\n<meta property=\"og:type\" content=\"article\" \/>\n<meta property=\"og:title\" content=\"L\u2019Inter Am\u00e9rique continue le programme de certification en ligne pour les anciens le 19 f\u00e9vrier - \u00c9glise Adventiste Du Septieme Jour - Inter Am\u00e9rique Division\" \/>\n<meta property=\"og:description\" content=\"11 F\u00e9vrier 2022 | Miami, Floride, \u00c9tats-Unis | Libna Stevens, Actualit\u00e9s de la Division Inter Am\u00e9ricaine Des milliers d\u2019anciens d\u2019\u00e9glise locale dans tout le territoire de l\u2019\u00c9glise Adventiste du Septi\u00e8me...\" \/>\n<meta property=\"og:url\" content=\"https:\/\/interamerica.org\/fr\/2022\/02\/linter-amerique-continue-le-programme-de-certification-en-ligne-pour-les-anciens-le-19-fevrier\/\" \/>\n<meta property=\"og:site_name\" content=\"\u00c9glise Adventiste Du Septieme Jour - Inter Am\u00e9rique Division\" \/>\n<meta property=\"article:published_time\" content=\"2022-02-11T13:01:21+00:00\" \/>\n<meta property=\"article:modified_time\" content=\"2022-02-15T13:19:31+00:00\" \/>\n<meta property=\"og:image\" content=\"https:\/\/interamerica.org\/wp-content\/uploads\/2020\/02\/online-certification-1280.jpg\" \/>\n\t<meta property=\"og:image:width\" content=\"1280\" \/>\n\t<meta property=\"og:image:height\" content=\"800\" \/>\n\t<meta property=\"og:image:type\" content=\"image\/jpeg\" \/>\n<meta name=\"author\" content=\"libna\" \/>\n<meta name=\"twitter:card\" content=\"summary_large_image\" \/>\n<meta name=\"twitter:label1\" content=\"\u00c9crit par\" \/>\n\t<meta name=\"twitter:data1\" content=\"libna\" \/>\n\t<meta name=\"twitter:label2\" content=\"Dur\u00e9e de lecture estim\u00e9e\" \/>\n\t<meta name=\"twitter:data2\" content=\"2 minutes\" \/>\n<script type=\"application\/ld+json\" class=\"yoast-schema-graph\">{\"@context\":\"https:\\\/\\\/schema.org\",\"@graph\":[{\"@type\":\"Article\",\"@id\":\"https:\\\/\\\/interamerica.org\\\/fr\\\/2022\\\/02\\\/linter-amerique-continue-le-programme-de-certification-en-ligne-pour-les-anciens-le-19-fevrier\\\/#article\",\"isPartOf\":{\"@id\":\"https:\\\/\\\/interamerica.org\\\/fr\\\/2022\\\/02\\\/linter-amerique-continue-le-programme-de-certification-en-ligne-pour-les-anciens-le-19-fevrier\\\/\"},\"author\":{\"name\":\"libna\",\"@id\":\"https:\\\/\\\/interamerica.org\\\/fr\\\/#\\\/schema\\\/person\\\/29998f2bc2d8bd0d38662909289b54f1\"},\"headline\":\"L\u2019Inter Am\u00e9rique continue le programme de certification en ligne pour les anciens le 19 f\u00e9vrier\",\"datePublished\":\"2022-02-11T13:01:21+00:00\",\"dateModified\":\"2022-02-15T13:19:31+00:00\",\"mainEntityOfPage\":{\"@id\":\"https:\\\/\\\/interamerica.org\\\/fr\\\/2022\\\/02\\\/linter-amerique-continue-le-programme-de-certification-en-ligne-pour-les-anciens-le-19-fevrier\\\/\"},\"wordCount\":510,\"image\":{\"@id\":\"https:\\\/\\\/interamerica.org\\\/fr\\\/2022\\\/02\\\/linter-amerique-continue-le-programme-de-certification-en-ligne-pour-les-anciens-le-19-fevrier\\\/#primaryimage\"},\"thumbnailUrl\":\"https:\\\/\\\/interamerica.org\\\/wp-content\\\/uploads\\\/2020\\\/02\\\/online-certification-1280.jpg\",\"articleSection\":[\"Nouvelles du si\u00e8ge de la division\",\"RSS Fran\u00e7ais\"],\"inLanguage\":\"fr-FR\"},{\"@type\":\"WebPage\",\"@id\":\"https:\\\/\\\/interamerica.org\\\/fr\\\/2022\\\/02\\\/linter-amerique-continue-le-programme-de-certification-en-ligne-pour-les-anciens-le-19-fevrier\\\/\",\"url\":\"https:\\\/\\\/interamerica.org\\\/fr\\\/2022\\\/02\\\/linter-amerique-continue-le-programme-de-certification-en-ligne-pour-les-anciens-le-19-fevrier\\\/\",\"name\":\"L\u2019Inter Am\u00e9rique continue le programme de certification en ligne pour les anciens le 19 f\u00e9vrier - \u00c9glise Adventiste Du Septieme Jour - Inter Am\u00e9rique Division\",\"isPartOf\":{\"@id\":\"https:\\\/\\\/interamerica.org\\\/fr\\\/#website\"},\"primaryImageOfPage\":{\"@id\":\"https:\\\/\\\/interamerica.org\\\/fr\\\/2022\\\/02\\\/linter-amerique-continue-le-programme-de-certification-en-ligne-pour-les-anciens-le-19-fevrier\\\/#primaryimage\"},\"image\":{\"@id\":\"https:\\\/\\\/interamerica.org\\\/fr\\\/2022\\\/02\\\/linter-amerique-continue-le-programme-de-certification-en-ligne-pour-les-anciens-le-19-fevrier\\\/#primaryimage\"},\"thumbnailUrl\":\"https:\\\/\\\/interamerica.org\\\/wp-content\\\/uploads\\\/2020\\\/02\\\/online-certification-1280.jpg\",\"datePublished\":\"2022-02-11T13:01:21+00:00\",\"dateModified\":\"2022-02-15T13:19:31+00:00\",\"author\":{\"@id\":\"https:\\\/\\\/interamerica.org\\\/fr\\\/#\\\/schema\\\/person\\\/29998f2bc2d8bd0d38662909289b54f1\"},\"breadcrumb\":{\"@id\":\"https:\\\/\\\/interamerica.org\\\/fr\\\/2022\\\/02\\\/linter-amerique-continue-le-programme-de-certification-en-ligne-pour-les-anciens-le-19-fevrier\\\/#breadcrumb\"},\"inLanguage\":\"fr-FR\",\"potentialAction\":[{\"@type\":\"ReadAction\",\"target\":[\"https:\\\/\\\/interamerica.org\\\/fr\\\/2022\\\/02\\\/linter-amerique-continue-le-programme-de-certification-en-ligne-pour-les-anciens-le-19-fevrier\\\/\"]}]},{\"@type\":\"ImageObject\",\"inLanguage\":\"fr-FR\",\"@id\":\"https:\\\/\\\/interamerica.org\\\/fr\\\/2022\\\/02\\\/linter-amerique-continue-le-programme-de-certification-en-ligne-pour-les-anciens-le-19-fevrier\\\/#primaryimage\",\"url\":\"https:\\\/\\\/interamerica.org\\\/wp-content\\\/uploads\\\/2020\\\/02\\\/online-certification-1280.jpg\",\"contentUrl\":\"https:\\\/\\\/interamerica.org\\\/wp-content\\\/uploads\\\/2020\\\/02\\\/online-certification-1280.jpg\",\"width\":1280,\"height\":800},{\"@type\":\"BreadcrumbList\",\"@id\":\"https:\\\/\\\/interamerica.org\\\/fr\\\/2022\\\/02\\\/linter-amerique-continue-le-programme-de-certification-en-ligne-pour-les-anciens-le-19-fevrier\\\/#breadcrumb\",\"itemListElement\":[{\"@type\":\"ListItem\",\"position\":1,\"name\":\"Home\",\"item\":\"https:\\\/\\\/interamerica.org\\\/fr\\\/\"},{\"@type\":\"ListItem\",\"position\":2,\"name\":\"L\u2019Inter Am\u00e9rique continue le programme de certification en ligne pour les anciens le 19 f\u00e9vrier\"}]},{\"@type\":\"WebSite\",\"@id\":\"https:\\\/\\\/interamerica.org\\\/fr\\\/#website\",\"url\":\"https:\\\/\\\/interamerica.org\\\/fr\\\/\",\"name\":\"\u00c9glise Adventiste Du Septieme Jour - Inter Am\u00e9rique Division\",\"description\":\"\",\"potentialAction\":[{\"@type\":\"SearchAction\",\"target\":{\"@type\":\"EntryPoint\",\"urlTemplate\":\"https:\\\/\\\/interamerica.org\\\/fr\\\/?s={search_term_string}\"},\"query-input\":{\"@type\":\"PropertyValueSpecification\",\"valueRequired\":true,\"valueName\":\"search_term_string\"}}],\"inLanguage\":\"fr-FR\"},{\"@type\":\"Person\",\"@id\":\"https:\\\/\\\/interamerica.org\\\/fr\\\/#\\\/schema\\\/person\\\/29998f2bc2d8bd0d38662909289b54f1\",\"name\":\"libna\",\"image\":{\"@type\":\"ImageObject\",\"inLanguage\":\"fr-FR\",\"@id\":\"https:\\\/\\\/secure.gravatar.com\\\/avatar\\\/7c5bd30ae4b47a9ba3c856590957fd1d96dc588bf3ac05719d247e126840331f?s=96&d=mm&r=g\",\"url\":\"https:\\\/\\\/secure.gravatar.com\\\/avatar\\\/7c5bd30ae4b47a9ba3c856590957fd1d96dc588bf3ac05719d247e126840331f?s=96&d=mm&r=g\",\"contentUrl\":\"https:\\\/\\\/secure.gravatar.com\\\/avatar\\\/7c5bd30ae4b47a9ba3c856590957fd1d96dc588bf3ac05719d247e126840331f?s=96&d=mm&r=g\",\"caption\":\"libna\"}}]}<\/script>\n<!-- \/ Yoast SEO plugin. -->","yoast_head_json":{"title":"L\u2019Inter Am\u00e9rique continue le programme de certification en ligne pour les anciens le 19 f\u00e9vrier - \u00c9glise Adventiste Du Septieme Jour - Inter Am\u00e9rique Division","robots":{"index":"index","follow":"follow","max-snippet":"max-snippet:-1","max-image-preview":"max-image-preview:large","max-video-preview":"max-video-preview:-1"},"canonical":"https:\/\/interamerica.org\/fr\/2022\/02\/linter-amerique-continue-le-programme-de-certification-en-ligne-pour-les-anciens-le-19-fevrier\/","og_locale":"fr_FR","og_type":"article","og_title":"L\u2019Inter Am\u00e9rique continue le programme de certification en ligne pour les anciens le 19 f\u00e9vrier - \u00c9glise Adventiste Du Septieme Jour - Inter Am\u00e9rique Division","og_description":"11 F\u00e9vrier 2022 | Miami, Floride, \u00c9tats-Unis | Libna Stevens, Actualit\u00e9s de la Division Inter Am\u00e9ricaine Des milliers d\u2019anciens d\u2019\u00e9glise locale dans tout le territoire de l\u2019\u00c9glise Adventiste du Septi\u00e8me...","og_url":"https:\/\/interamerica.org\/fr\/2022\/02\/linter-amerique-continue-le-programme-de-certification-en-ligne-pour-les-anciens-le-19-fevrier\/","og_site_name":"\u00c9glise Adventiste Du Septieme Jour - Inter Am\u00e9rique Division","article_published_time":"2022-02-11T13:01:21+00:00","article_modified_time":"2022-02-15T13:19:31+00:00","og_image":[{"width":1280,"height":800,"url":"https:\/\/interamerica.org\/wp-content\/uploads\/2020\/02\/online-certification-1280.jpg","type":"image\/jpeg"}],"author":"libna","twitter_card":"summary_large_image","twitter_misc":{"\u00c9crit par":"libna","Dur\u00e9e de lecture estim\u00e9e":"2 minutes"},"schema":{"@context":"https:\/\/schema.org","@graph":[{"@type":"Article","@id":"https:\/\/interamerica.org\/fr\/2022\/02\/linter-amerique-continue-le-programme-de-certification-en-ligne-pour-les-anciens-le-19-fevrier\/#article","isPartOf":{"@id":"https:\/\/interamerica.org\/fr\/2022\/02\/linter-amerique-continue-le-programme-de-certification-en-ligne-pour-les-anciens-le-19-fevrier\/"},"author":{"name":"libna","@id":"https:\/\/interamerica.org\/fr\/#\/schema\/person\/29998f2bc2d8bd0d38662909289b54f1"},"headline":"L\u2019Inter Am\u00e9rique continue le programme de certification en ligne pour les anciens le 19 f\u00e9vrier","datePublished":"2022-02-11T13:01:21+00:00","dateModified":"2022-02-15T13:19:31+00:00","mainEntityOfPage":{"@id":"https:\/\/interamerica.org\/fr\/2022\/02\/linter-amerique-continue-le-programme-de-certification-en-ligne-pour-les-anciens-le-19-fevrier\/"},"wordCount":510,"image":{"@id":"https:\/\/interamerica.org\/fr\/2022\/02\/linter-amerique-continue-le-programme-de-certification-en-ligne-pour-les-anciens-le-19-fevrier\/#primaryimage"},"thumbnailUrl":"https:\/\/interamerica.org\/wp-content\/uploads\/2020\/02\/online-certification-1280.jpg","articleSection":["Nouvelles du si\u00e8ge de la division","RSS Fran\u00e7ais"],"inLanguage":"fr-FR"},{"@type":"WebPage","@id":"https:\/\/interamerica.org\/fr\/2022\/02\/linter-amerique-continue-le-programme-de-certification-en-ligne-pour-les-anciens-le-19-fevrier\/","url":"https:\/\/interamerica.org\/fr\/2022\/02\/linter-amerique-continue-le-programme-de-certification-en-ligne-pour-les-anciens-le-19-fevrier\/","name":"L\u2019Inter Am\u00e9rique continue le programme de certification en ligne pour les anciens le 19 f\u00e9vrier - \u00c9glise Adventiste Du Septieme Jour - Inter Am\u00e9rique Division","isPartOf":{"@id":"https:\/\/interamerica.org\/fr\/#website"},"primaryImageOfPage":{"@id":"https:\/\/interamerica.org\/fr\/2022\/02\/linter-amerique-continue-le-programme-de-certification-en-ligne-pour-les-anciens-le-19-fevrier\/#primaryimage"},"image":{"@id":"https:\/\/interamerica.org\/fr\/2022\/02\/linter-amerique-continue-le-programme-de-certification-en-ligne-pour-les-anciens-le-19-fevrier\/#primaryimage"},"thumbnailUrl":"https:\/\/interamerica.org\/wp-content\/uploads\/2020\/02\/online-certification-1280.jpg","datePublished":"2022-02-11T13:01:21+00:00","dateModified":"2022-02-15T13:19:31+00:00","author":{"@id":"https:\/\/interamerica.org\/fr\/#\/schema\/person\/29998f2bc2d8bd0d38662909289b54f1"},"breadcrumb":{"@id":"https:\/\/interamerica.org\/fr\/2022\/02\/linter-amerique-continue-le-programme-de-certification-en-ligne-pour-les-anciens-le-19-fevrier\/#breadcrumb"},"inLanguage":"fr-FR","potentialAction":[{"@type":"ReadAction","target":["https:\/\/interamerica.org\/fr\/2022\/02\/linter-amerique-continue-le-programme-de-certification-en-ligne-pour-les-anciens-le-19-fevrier\/"]}]},{"@type":"ImageObject","inLanguage":"fr-FR","@id":"https:\/\/interamerica.org\/fr\/2022\/02\/linter-amerique-continue-le-programme-de-certification-en-ligne-pour-les-anciens-le-19-fevrier\/#primaryimage","url":"https:\/\/interamerica.org\/wp-content\/uploads\/2020\/02\/online-certification-1280.jpg","contentUrl":"https:\/\/interamerica.org\/wp-content\/uploads\/2020\/02\/online-certification-1280.jpg","width":1280,"height":800},{"@type":"BreadcrumbList","@id":"https:\/\/interamerica.org\/fr\/2022\/02\/linter-amerique-continue-le-programme-de-certification-en-ligne-pour-les-anciens-le-19-fevrier\/#breadcrumb","itemListElement":[{"@type":"ListItem","position":1,"name":"Home","item":"https:\/\/interamerica.org\/fr\/"},{"@type":"ListItem","position":2,"name":"L\u2019Inter Am\u00e9rique continue le programme de certification en ligne pour les anciens le 19 f\u00e9vrier"}]},{"@type":"WebSite","@id":"https:\/\/interamerica.org\/fr\/#website","url":"https:\/\/interamerica.org\/fr\/","name":"\u00c9glise Adventiste Du Septieme Jour - Inter Am\u00e9rique Division","description":"","potentialAction":[{"@type":"SearchAction","target":{"@type":"EntryPoint","urlTemplate":"https:\/\/interamerica.org\/fr\/?s={search_term_string}"},"query-input":{"@type":"PropertyValueSpecification","valueRequired":true,"valueName":"search_term_string"}}],"inLanguage":"fr-FR"},{"@type":"Person","@id":"https:\/\/interamerica.org\/fr\/#\/schema\/person\/29998f2bc2d8bd0d38662909289b54f1","name":"libna","image":{"@type":"ImageObject","inLanguage":"fr-FR","@id":"https:\/\/secure.gravatar.com\/avatar\/7c5bd30ae4b47a9ba3c856590957fd1d96dc588bf3ac05719d247e126840331f?s=96&d=mm&r=g","url":"https:\/\/secure.gravatar.com\/avatar\/7c5bd30ae4b47a9ba3c856590957fd1d96dc588bf3ac05719d247e126840331f?s=96&d=mm&r=g","contentUrl":"https:\/\/secure.gravatar.com\/avatar\/7c5bd30ae4b47a9ba3c856590957fd1d96dc588bf3ac05719d247e126840331f?s=96&d=mm&r=g","caption":"libna"}}]}},"_links":{"self":[{"href":"https:\/\/interamerica.org\/fr\/wp-json\/wp\/v2\/posts\/81456","targetHints":{"allow":["GET"]}}],"collection":[{"href":"https:\/\/interamerica.org\/fr\/wp-json\/wp\/v2\/posts"}],"about":[{"href":"https:\/\/interamerica.org\/fr\/wp-json\/wp\/v2\/types\/post"}],"author":[{"embeddable":true,"href":"https:\/\/interamerica.org\/fr\/wp-json\/wp\/v2\/users\/3"}],"replies":[{"embeddable":true,"href":"https:\/\/interamerica.org\/fr\/wp-json\/wp\/v2\/comments?post=81456"}],"version-history":[{"count":0,"href":"https:\/\/interamerica.org\/fr\/wp-json\/wp\/v2\/posts\/81456\/revisions"}],"wp:featuredmedia":[{"embeddable":true,"href":"https:\/\/interamerica.org\/fr\/wp-json\/wp\/v2\/media\/55309"}],"wp:attachment":[{"href":"https:\/\/interamerica.org\/fr\/wp-json\/wp\/v2\/media?parent=81456"}],"wp:term":[{"taxonomy":"category","embeddable":true,"href":"https:\/\/interamerica.org\/fr\/wp-json\/wp\/v2\/categories?post=81456"},{"taxonomy":"post_tag","embeddable":true,"href":"https:\/\/interamerica.org\/fr\/wp-json\/wp\/v2\/tags?post=81456"}],"curies":[{"name":"wp","href":"https:\/\/api.w.org\/{rel}","templated":true}]}}