{"id":81527,"date":"2022-02-15T16:47:05","date_gmt":"2022-02-15T20:47:05","guid":{"rendered":"https:\/\/recursing-golick.147-182-135-0.plesk.page\/?p=81527"},"modified":"2022-02-16T10:48:41","modified_gmt":"2022-02-16T14:48:41","slug":"une-region-ecclesiale-aux-etats-unis-etablit-une-eglise-locale-entierement-virtuelle","status":"publish","type":"post","link":"https:\/\/interamerica.org\/fr\/2022\/02\/une-region-ecclesiale-aux-etats-unis-etablit-une-eglise-locale-entierement-virtuelle\/","title":{"rendered":"Une r\u00e9gion eccl\u00e9siale aux \u00c9tats-Unis \u00e9tablit une \u00e9glise locale enti\u00e8rement virtuelle"},"content":{"rendered":"<h4 id=\"headline-6-7\" class=\"ct-headline\"><span id=\"span-21-7\" class=\"ct-span\">Les dirigeants croient que l\u2019initiative ouvre une multitude de nouvelles possibilit\u00e9s pour l\u2019action dans la communaut\u00e9 et pour la mission.<\/span><\/h4>\n<p id=\"headline-7-7\" class=\"ct-headline\"><span id=\"span-20-7\" class=\"ct-span\">15 F\u00e9vrier 2022 | New York, \u00c9tats-Unis | Debra Cuadro, Actualit\u00e9s de l\u2019Union de F\u00e9d\u00e9rations de l\u2019Atlantique <\/span><\/p>\n<p>Le 1er f\u00e9vrier 2022, le Comit\u00e9 Ex\u00e9cutif de la F\u00e9d\u00e9ration du Nord-Est (NEC), bas\u00e9e \u00e0 Jamaica, \u00e0 New York, aux \u00c9tats-Unis, a marqu\u00e9 l\u2019histoire de la f\u00e9d\u00e9ration en \u00e9tablissant sa premi\u00e8re \u00e9glise virtuelle. Les membres ont vot\u00e9 l\u2019organisation de la premi\u00e8re \u00e9glise adventiste du septi\u00e8me jour en ligne, The Living Manna (La Manne Vivante) et ont annonc\u00e9 qu\u2019Ivor Myers en serait le pasteur. Ivor Myers \u00e9tait auparavant pasteur de l\u2019\u00e9glise adventiste du septi\u00e8me jour de Campbell \u00e0 Campbell, en Californie.<\/p>\n<p>Le pr\u00e9sident de la NEC, Abraham Jules, est enthousiasm\u00e9 par cette nouvelle initiative. \u00ab La pand\u00e9mie nous a appris \u00e0 tous quelques le\u00e7ons, l\u2019une d\u2019entre elles \u00e9tant que nous pouvons avoir des services religieux tout en \u00e9tant \u00e0 la maison. Il y a beaucoup de gens que nous atteindrons par le biais de cette congr\u00e9gation virtuelle que nous n\u2019aurions pas pu atteindre autrement, \u00bb a-t-il d\u00e9clar\u00e9.<\/p>\n<p><div id=\"attachment_81510\" style=\"width: 842px\" class=\"wp-caption aligncenter\"><img fetchpriority=\"high\" decoding=\"async\" aria-describedby=\"caption-attachment-81510\" class=\" wp-image-81510\" src=\"https:\/\/recursing-golick.147-182-135-0.plesk.page\/wp-content\/uploads\/2022\/02\/u-s-church-region-establishes-fully-virtual-local-church1.jpeg\" alt=\"\" width=\"832\" height=\"521\" srcset=\"https:\/\/interamerica.org\/wp-content\/uploads\/2022\/02\/u-s-church-region-establishes-fully-virtual-local-church1.jpeg 1000w, https:\/\/interamerica.org\/wp-content\/uploads\/2022\/02\/u-s-church-region-establishes-fully-virtual-local-church1-300x188.jpeg 300w, https:\/\/interamerica.org\/wp-content\/uploads\/2022\/02\/u-s-church-region-establishes-fully-virtual-local-church1-768x480.jpeg 768w\" sizes=\"(max-width: 832px) 100vw, 832px\" \/><p id=\"caption-attachment-81510\" class=\"wp-caption-text\">Si\u00e8ge de la F\u00e9d\u00e9ration du Nord-Est \u00e0 Jamaica, \u00e0 New York aux \u00c9tats-Unis. [Photo : F\u00e9d\u00e9ration du Nord-Est]<\/p><\/div>Pendant la pand\u00e9mie, alors que de nombreuses \u00e9glises passaient aux services en ligne, Ivor Myers a chang\u00e9 sa fa\u00e7on de faire les choses avec le public en ligne qui se connectait aux services hebdomadaires de l\u2019\u00e9glise de Campbell. Alors qu\u2019il \u00e9changeait avec les internautes en ligne lors de ses pr\u00e9sentations en direct, il a remarqu\u00e9 une augmentation significative de la port\u00e9e et de la taille de son public. \u00ab Nous communiquions directement avec eux. Nous recevions leurs commentaires et nous y r\u00e9pondions en temps r\u00e9el. Cela a fini par \u00eatre une vraie b\u00e9n\u00e9diction, \u00bb a-t-il d\u00e9clar\u00e9.<\/p>\n<p>Ivor Myers a pris contact avec la F\u00e9d\u00e9ration du Nord-Est leur soumettant l\u2019id\u00e9e de former une \u00e9glise virtuelle. \u00ab La diff\u00e9rence entre la diffusion en direct de services en ligne et l\u2019organisation d\u2019une \u00e9glise virtuelle est que les personnes en ligne ne sont pas \u00e0 l\u2019ext\u00e9rieur en train de regarder ce qui se passe \u00e0 l\u2019int\u00e9rieur; ils ne se joignent pas \u00e0 un service ; ils\u00a0<em>sont<\/em>\u00a0le service, \u00bb a expliqu\u00e9 pasteur Myers. \u00ab C\u2019est un nouveau concept, \u00bb a dit pasteur Jules. \u00ab J\u2019ai appris dans ma vie et mon minist\u00e8re que vous devez essayer de nouvelles choses afin de pouvoir rencontrer et atteindre [d\u2019autres] personnes pour Christ. \u00bb<\/p>\n<p>En tant qu\u2019\u00e9glise virtuelle, Living Manna pr\u00e9voit de fonctionner un peu comme une \u00e9glise traditionnelle avec des membres qui occupent un b\u00e2timent physique. \u00ab La seule diff\u00e9rence est que [les membres] viendront du monde entier, \u00bb a d\u00e9clar\u00e9 Abraham Jules. \u00ab Ils recevront l\u2019enseignement des doctrines de l\u2019\u00c9glise adventiste, et nous aurons des \u00e9lections comme n\u2019importe quelle autre \u00e9glise &#8211; tous les d\u00e9partements typiques seront repr\u00e9sent\u00e9s dans l\u2019\u00e9glise virtuelle. \u00bb Les membres de Living Manna utiliseront Adventist Giving en ligne pour retourner la d\u00eeme et remettre des offrandes. En tant qu\u2019\u00e9glise virtuelle, Living Manna fonctionnera \u00e9galement sept jours sur sept gr\u00e2ce \u00e0 une programmation en ligne vari\u00e9e traitant de la vie quotidienne, des finances, de la sant\u00e9 mentale, et bien plus encore.<\/p>\n<p><div id=\"attachment_81513\" style=\"width: 431px\" class=\"wp-caption aligncenter\"><img decoding=\"async\" aria-describedby=\"caption-attachment-81513\" class=\" wp-image-81513\" src=\"https:\/\/recursing-golick.147-182-135-0.plesk.page\/wp-content\/uploads\/2022\/02\/ivor-myers-500x547-274x300-1.jpeg\" alt=\"\" width=\"421\" height=\"461\" \/><p id=\"caption-attachment-81513\" class=\"wp-caption-text\">Ivor Myers, pasteur de la nouvelle \u00e9glise virtuelle dont l\u2019organisation a \u00e9t\u00e9 vot\u00e9e par la F\u00e9d\u00e9ration du Nord-Est. Ivor Myers sera bas\u00e9 \u00e0 l\u2019Universit\u00e9 d\u2019Oakwood \u00e0 Huntsville, en Alabama, tandis que l\u2019\u00e9glise virtuelle est une entit\u00e9 vot\u00e9e par la F\u00e9d\u00e9ration du Nord-Est, bas\u00e9e \u00e0 Jamaica, \u00e0 New York.[Photo: Atlantic Union\u00a0<em>Gleaner<\/em>]<\/p><\/div>\u00catre pasteur d\u2019une \u00e9glise en ligne permet \u00e9galement \u00e0 Ivor Myers et \u00e0 son \u00e9pouse Atonte, d\u2019exercer leur minist\u00e8re depuis une autre r\u00e9gion du pays. Bien que l\u2019\u00e9glise virtuelle d\u00e9pende de la F\u00e9d\u00e9ration du Nord-Est \u00e0 New York, les Myers vivent actuellement \u00e0 Huntsville, en Alabama, o\u00f9 leur minist\u00e8re comprend \u00e9galement le service \u00e0 l\u2019Universit\u00e9 d\u2019Oakwood. Atonte est une th\u00e9rapeute familiale agr\u00e9\u00e9e et interviendra en tant que th\u00e9rapeute agr\u00e9\u00e9e de l\u2019\u00e9tablissement en mati\u00e8re de sant\u00e9 mentale, et Ivor Myers sera le pr\u00e9cepteur principal du dortoir des gar\u00e7ons \u00e9tudiants de premi\u00e8re ann\u00e9e.<\/p>\n<p>Interrog\u00e9 sur les impacts possibles caus\u00e9s par des membres qui choisiraient de soutenir une \u00e9glise virtuelle et d\u2019abandonner leur \u00e9glise locale, pasteur Jules n\u2019\u00e9tait pas inquiet. \u00ab Je ne suis pas pr\u00e9occup\u00e9 par le fait que les gens quittent leurs \u00e9glises faites de briques et de mortier pour rejoindre une \u00e9glise virtuelle, \u00bb a dit Abraham Jules. \u00ab J\u2019ai toujours dit que si un pasteur a peur de perdre des membres au profit d\u2019une autre congr\u00e9gation, d\u2019un autre pr\u00e9dicateur ou de tout autre \u00e9tablissement dans la ville, vous devriez les perdre. Si vous faites ce qui est juste et que les gens partent encore\u2026, nous sommes dans un pays libre. Vous faites de votre mieux dans l\u2019exercice de votre minist\u00e8re. \u00bb<\/p>\n<p>Le secr\u00e9taire adjoint de la NEC, Nicardo Delahaye, est du m\u00eame avis. \u00ab L\u2019\u00e9glise en ligne s\u2019adresse \u00e0 un public diff\u00e9rent. Nous visons deux groupes d\u00e9mographiques diff\u00e9rents. \u00bb Il a ajout\u00e9 : \u00ab Je ne pense pas que [Living Manna] prendra des membres \u00e0 nos \u00e9glises de briques et de mortier. Ce qui peut se passer c\u2019est qu\u2019il [Myers] peut compl\u00e9menter leur contenu religieux et leur r\u00e9gime religieux, mais je ne pense pas qu\u2019il soustraira n\u00e9cessairement des membres. Je pense que certains de nos membres dans les \u00e9glises de briques et de mortier appr\u00e9cient l\u2019histoire de leur \u00e9glise, la fraternit\u00e9, les structures sociales qui les relient les uns aux autres. Le d\u00e9fi avec l\u2019\u00e9glise virtuelle sera d\u2019essayer d\u2019encourager la congr\u00e9gation \u00e0 se consid\u00e9rer comme un syst\u00e8me. \u00bb<\/p>\n<p>\u00ab L\u2019\u00e9glise en ligne n\u2019est pas pour tout le monde, mais elle est faite pour certaines personnes, et ces personnes repr\u00e9sentent un nombre assez important, \u00bb a d\u00e9clar\u00e9 pasteur Myers. \u00ab Il y a des personnes qui n\u2019entreront pas dans un lieu de culte, mais qui regarderont en ligne. Nous ne voulons pas appara\u00eetre comme une concurrence ou une menace pour une quelconque \u00e9glise. C\u2019est pourquoi nous ne mettons pas l\u2019accent sur le transfert de membres adventistes vers Living Manna, mais sur l\u2019obtention de nouveaux membres qui ne sont pas encore dans nos \u00e9glises. Nous esp\u00e9rons qu\u2019ainsi nous aiderons \u00e9galement \u00e0 remplir les autres \u00e9glises. \u00bb<\/p>\n<p><em>La\u00a0<\/em><a href=\"https:\/\/atlanticuniongleaner.org\/news\/northeastern\/2022\/northeastern-conference-establishes-a-virtual-church\/\" target=\"_blank\" rel=\"noopener\"><em>version originale<\/em><\/a><em>\u00a0de cet article a \u00e9t\u00e9 publi\u00e9e sur <\/em>\u00a0<a href=\"https:\/\/atlanticuniongleaner.org\/\" target=\"_blank\" rel=\"noopener\"><em>Atlantic Union<\/em>\u00a0Gleaner<\/a>.<\/p>\n<p>Traduction: Patrick Luciathe<\/p>\n","protected":false},"excerpt":{"rendered":"<p>Les dirigeants croient que l\u2019initiative ouvre une multitude de nouvelles possibilit\u00e9s pour l\u2019action dans la communaut\u00e9 et pour la mission. 15 F\u00e9vrier 2022 | New York, \u00c9tats-Unis | Debra Cuadro,&#8230;<\/p>\n","protected":false},"author":3,"featured_media":81510,"comment_status":"closed","ping_status":"closed","sticky":false,"template":"","format":"standard","meta":{"_acf_changed":false,"footnotes":""},"categories":[18,19],"tags":[],"class_list":["post-81527","post","type-post","status-publish","format-standard","has-post-thumbnail","hentry","category-nouvelles-de-leglise-mondiale","category-rss-francais"],"acf":[],"yoast_head":"<!-- This site is optimized with the Yoast SEO plugin v27.3 - https:\/\/yoast.com\/product\/yoast-seo-wordpress\/ -->\n<title>Une r\u00e9gion eccl\u00e9siale aux \u00c9tats-Unis \u00e9tablit une \u00e9glise locale enti\u00e8rement virtuelle - \u00c9glise Adventiste Du Septieme Jour - Inter Am\u00e9rique Division<\/title>\n<meta name=\"robots\" content=\"index, follow, max-snippet:-1, max-image-preview:large, max-video-preview:-1\" \/>\n<link rel=\"canonical\" href=\"https:\/\/interamerica.org\/fr\/2022\/02\/une-region-ecclesiale-aux-etats-unis-etablit-une-eglise-locale-entierement-virtuelle\/\" \/>\n<meta property=\"og:locale\" content=\"fr_FR\" \/>\n<meta property=\"og:type\" content=\"article\" \/>\n<meta property=\"og:title\" content=\"Une r\u00e9gion eccl\u00e9siale aux \u00c9tats-Unis \u00e9tablit une \u00e9glise locale enti\u00e8rement virtuelle - \u00c9glise Adventiste Du Septieme Jour - Inter Am\u00e9rique Division\" \/>\n<meta property=\"og:description\" content=\"Les dirigeants croient que l\u2019initiative ouvre une multitude de nouvelles possibilit\u00e9s pour l\u2019action dans la communaut\u00e9 et pour la mission. 15 F\u00e9vrier 2022 | New York, \u00c9tats-Unis | Debra Cuadro,...\" \/>\n<meta property=\"og:url\" content=\"https:\/\/interamerica.org\/fr\/2022\/02\/une-region-ecclesiale-aux-etats-unis-etablit-une-eglise-locale-entierement-virtuelle\/\" \/>\n<meta property=\"og:site_name\" content=\"\u00c9glise Adventiste Du Septieme Jour - Inter Am\u00e9rique Division\" \/>\n<meta property=\"article:published_time\" content=\"2022-02-15T20:47:05+00:00\" \/>\n<meta property=\"article:modified_time\" content=\"2022-02-16T14:48:41+00:00\" \/>\n<meta property=\"og:image\" content=\"https:\/\/interamerica.org\/wp-content\/uploads\/2022\/02\/u-s-church-region-establishes-fully-virtual-local-church1.jpeg\" \/>\n\t<meta property=\"og:image:width\" content=\"1000\" \/>\n\t<meta property=\"og:image:height\" content=\"625\" \/>\n\t<meta property=\"og:image:type\" content=\"image\/jpeg\" \/>\n<meta name=\"author\" content=\"libna\" \/>\n<meta name=\"twitter:card\" content=\"summary_large_image\" \/>\n<meta name=\"twitter:label1\" content=\"\u00c9crit par\" \/>\n\t<meta name=\"twitter:data1\" content=\"libna\" \/>\n\t<meta name=\"twitter:label2\" content=\"Dur\u00e9e de lecture estim\u00e9e\" \/>\n\t<meta name=\"twitter:data2\" content=\"6 minutes\" \/>\n<script type=\"application\/ld+json\" class=\"yoast-schema-graph\">{\"@context\":\"https:\\\/\\\/schema.org\",\"@graph\":[{\"@type\":\"Article\",\"@id\":\"https:\\\/\\\/interamerica.org\\\/fr\\\/2022\\\/02\\\/une-region-ecclesiale-aux-etats-unis-etablit-une-eglise-locale-entierement-virtuelle\\\/#article\",\"isPartOf\":{\"@id\":\"https:\\\/\\\/interamerica.org\\\/fr\\\/2022\\\/02\\\/une-region-ecclesiale-aux-etats-unis-etablit-une-eglise-locale-entierement-virtuelle\\\/\"},\"author\":{\"name\":\"libna\",\"@id\":\"https:\\\/\\\/interamerica.org\\\/fr\\\/#\\\/schema\\\/person\\\/29998f2bc2d8bd0d38662909289b54f1\"},\"headline\":\"Une r\u00e9gion eccl\u00e9siale aux \u00c9tats-Unis \u00e9tablit une \u00e9glise locale enti\u00e8rement virtuelle\",\"datePublished\":\"2022-02-15T20:47:05+00:00\",\"dateModified\":\"2022-02-16T14:48:41+00:00\",\"mainEntityOfPage\":{\"@id\":\"https:\\\/\\\/interamerica.org\\\/fr\\\/2022\\\/02\\\/une-region-ecclesiale-aux-etats-unis-etablit-une-eglise-locale-entierement-virtuelle\\\/\"},\"wordCount\":1169,\"image\":{\"@id\":\"https:\\\/\\\/interamerica.org\\\/fr\\\/2022\\\/02\\\/une-region-ecclesiale-aux-etats-unis-etablit-une-eglise-locale-entierement-virtuelle\\\/#primaryimage\"},\"thumbnailUrl\":\"https:\\\/\\\/interamerica.org\\\/wp-content\\\/uploads\\\/2022\\\/02\\\/u-s-church-region-establishes-fully-virtual-local-church1.jpeg\",\"articleSection\":[\"Nouvelles de l'\u00c9glise mondiale\",\"RSS Fran\u00e7ais\"],\"inLanguage\":\"fr-FR\"},{\"@type\":\"WebPage\",\"@id\":\"https:\\\/\\\/interamerica.org\\\/fr\\\/2022\\\/02\\\/une-region-ecclesiale-aux-etats-unis-etablit-une-eglise-locale-entierement-virtuelle\\\/\",\"url\":\"https:\\\/\\\/interamerica.org\\\/fr\\\/2022\\\/02\\\/une-region-ecclesiale-aux-etats-unis-etablit-une-eglise-locale-entierement-virtuelle\\\/\",\"name\":\"Une r\u00e9gion eccl\u00e9siale aux \u00c9tats-Unis \u00e9tablit une \u00e9glise locale enti\u00e8rement virtuelle - \u00c9glise Adventiste Du Septieme Jour - Inter Am\u00e9rique Division\",\"isPartOf\":{\"@id\":\"https:\\\/\\\/interamerica.org\\\/fr\\\/#website\"},\"primaryImageOfPage\":{\"@id\":\"https:\\\/\\\/interamerica.org\\\/fr\\\/2022\\\/02\\\/une-region-ecclesiale-aux-etats-unis-etablit-une-eglise-locale-entierement-virtuelle\\\/#primaryimage\"},\"image\":{\"@id\":\"https:\\\/\\\/interamerica.org\\\/fr\\\/2022\\\/02\\\/une-region-ecclesiale-aux-etats-unis-etablit-une-eglise-locale-entierement-virtuelle\\\/#primaryimage\"},\"thumbnailUrl\":\"https:\\\/\\\/interamerica.org\\\/wp-content\\\/uploads\\\/2022\\\/02\\\/u-s-church-region-establishes-fully-virtual-local-church1.jpeg\",\"datePublished\":\"2022-02-15T20:47:05+00:00\",\"dateModified\":\"2022-02-16T14:48:41+00:00\",\"author\":{\"@id\":\"https:\\\/\\\/interamerica.org\\\/fr\\\/#\\\/schema\\\/person\\\/29998f2bc2d8bd0d38662909289b54f1\"},\"breadcrumb\":{\"@id\":\"https:\\\/\\\/interamerica.org\\\/fr\\\/2022\\\/02\\\/une-region-ecclesiale-aux-etats-unis-etablit-une-eglise-locale-entierement-virtuelle\\\/#breadcrumb\"},\"inLanguage\":\"fr-FR\",\"potentialAction\":[{\"@type\":\"ReadAction\",\"target\":[\"https:\\\/\\\/interamerica.org\\\/fr\\\/2022\\\/02\\\/une-region-ecclesiale-aux-etats-unis-etablit-une-eglise-locale-entierement-virtuelle\\\/\"]}]},{\"@type\":\"ImageObject\",\"inLanguage\":\"fr-FR\",\"@id\":\"https:\\\/\\\/interamerica.org\\\/fr\\\/2022\\\/02\\\/une-region-ecclesiale-aux-etats-unis-etablit-une-eglise-locale-entierement-virtuelle\\\/#primaryimage\",\"url\":\"https:\\\/\\\/interamerica.org\\\/wp-content\\\/uploads\\\/2022\\\/02\\\/u-s-church-region-establishes-fully-virtual-local-church1.jpeg\",\"contentUrl\":\"https:\\\/\\\/interamerica.org\\\/wp-content\\\/uploads\\\/2022\\\/02\\\/u-s-church-region-establishes-fully-virtual-local-church1.jpeg\",\"width\":1000,\"height\":625,\"caption\":\"Si\u00e8ge de la F\u00e9d\u00e9ration du Nord-Est \u00e0 Jamaica, \u00e0 New York aux \u00c9tats-Unis. [Photo : F\u00e9d\u00e9ration du Nord-Est]\"},{\"@type\":\"BreadcrumbList\",\"@id\":\"https:\\\/\\\/interamerica.org\\\/fr\\\/2022\\\/02\\\/une-region-ecclesiale-aux-etats-unis-etablit-une-eglise-locale-entierement-virtuelle\\\/#breadcrumb\",\"itemListElement\":[{\"@type\":\"ListItem\",\"position\":1,\"name\":\"Home\",\"item\":\"https:\\\/\\\/interamerica.org\\\/fr\\\/\"},{\"@type\":\"ListItem\",\"position\":2,\"name\":\"Une r\u00e9gion eccl\u00e9siale aux \u00c9tats-Unis \u00e9tablit une \u00e9glise locale enti\u00e8rement virtuelle\"}]},{\"@type\":\"WebSite\",\"@id\":\"https:\\\/\\\/interamerica.org\\\/fr\\\/#website\",\"url\":\"https:\\\/\\\/interamerica.org\\\/fr\\\/\",\"name\":\"\u00c9glise Adventiste Du Septieme Jour - Inter Am\u00e9rique Division\",\"description\":\"\",\"potentialAction\":[{\"@type\":\"SearchAction\",\"target\":{\"@type\":\"EntryPoint\",\"urlTemplate\":\"https:\\\/\\\/interamerica.org\\\/fr\\\/?s={search_term_string}\"},\"query-input\":{\"@type\":\"PropertyValueSpecification\",\"valueRequired\":true,\"valueName\":\"search_term_string\"}}],\"inLanguage\":\"fr-FR\"},{\"@type\":\"Person\",\"@id\":\"https:\\\/\\\/interamerica.org\\\/fr\\\/#\\\/schema\\\/person\\\/29998f2bc2d8bd0d38662909289b54f1\",\"name\":\"libna\",\"image\":{\"@type\":\"ImageObject\",\"inLanguage\":\"fr-FR\",\"@id\":\"https:\\\/\\\/secure.gravatar.com\\\/avatar\\\/7c5bd30ae4b47a9ba3c856590957fd1d96dc588bf3ac05719d247e126840331f?s=96&d=mm&r=g\",\"url\":\"https:\\\/\\\/secure.gravatar.com\\\/avatar\\\/7c5bd30ae4b47a9ba3c856590957fd1d96dc588bf3ac05719d247e126840331f?s=96&d=mm&r=g\",\"contentUrl\":\"https:\\\/\\\/secure.gravatar.com\\\/avatar\\\/7c5bd30ae4b47a9ba3c856590957fd1d96dc588bf3ac05719d247e126840331f?s=96&d=mm&r=g\",\"caption\":\"libna\"}}]}<\/script>\n<!-- \/ Yoast SEO plugin. -->","yoast_head_json":{"title":"Une r\u00e9gion eccl\u00e9siale aux \u00c9tats-Unis \u00e9tablit une \u00e9glise locale enti\u00e8rement virtuelle - \u00c9glise Adventiste Du Septieme Jour - Inter Am\u00e9rique Division","robots":{"index":"index","follow":"follow","max-snippet":"max-snippet:-1","max-image-preview":"max-image-preview:large","max-video-preview":"max-video-preview:-1"},"canonical":"https:\/\/interamerica.org\/fr\/2022\/02\/une-region-ecclesiale-aux-etats-unis-etablit-une-eglise-locale-entierement-virtuelle\/","og_locale":"fr_FR","og_type":"article","og_title":"Une r\u00e9gion eccl\u00e9siale aux \u00c9tats-Unis \u00e9tablit une \u00e9glise locale enti\u00e8rement virtuelle - \u00c9glise Adventiste Du Septieme Jour - Inter Am\u00e9rique Division","og_description":"Les dirigeants croient que l\u2019initiative ouvre une multitude de nouvelles possibilit\u00e9s pour l\u2019action dans la communaut\u00e9 et pour la mission. 15 F\u00e9vrier 2022 | New York, \u00c9tats-Unis | Debra Cuadro,...","og_url":"https:\/\/interamerica.org\/fr\/2022\/02\/une-region-ecclesiale-aux-etats-unis-etablit-une-eglise-locale-entierement-virtuelle\/","og_site_name":"\u00c9glise Adventiste Du Septieme Jour - Inter Am\u00e9rique Division","article_published_time":"2022-02-15T20:47:05+00:00","article_modified_time":"2022-02-16T14:48:41+00:00","og_image":[{"width":1000,"height":625,"url":"https:\/\/interamerica.org\/wp-content\/uploads\/2022\/02\/u-s-church-region-establishes-fully-virtual-local-church1.jpeg","type":"image\/jpeg"}],"author":"libna","twitter_card":"summary_large_image","twitter_misc":{"\u00c9crit par":"libna","Dur\u00e9e de lecture estim\u00e9e":"6 minutes"},"schema":{"@context":"https:\/\/schema.org","@graph":[{"@type":"Article","@id":"https:\/\/interamerica.org\/fr\/2022\/02\/une-region-ecclesiale-aux-etats-unis-etablit-une-eglise-locale-entierement-virtuelle\/#article","isPartOf":{"@id":"https:\/\/interamerica.org\/fr\/2022\/02\/une-region-ecclesiale-aux-etats-unis-etablit-une-eglise-locale-entierement-virtuelle\/"},"author":{"name":"libna","@id":"https:\/\/interamerica.org\/fr\/#\/schema\/person\/29998f2bc2d8bd0d38662909289b54f1"},"headline":"Une r\u00e9gion eccl\u00e9siale aux \u00c9tats-Unis \u00e9tablit une \u00e9glise locale enti\u00e8rement virtuelle","datePublished":"2022-02-15T20:47:05+00:00","dateModified":"2022-02-16T14:48:41+00:00","mainEntityOfPage":{"@id":"https:\/\/interamerica.org\/fr\/2022\/02\/une-region-ecclesiale-aux-etats-unis-etablit-une-eglise-locale-entierement-virtuelle\/"},"wordCount":1169,"image":{"@id":"https:\/\/interamerica.org\/fr\/2022\/02\/une-region-ecclesiale-aux-etats-unis-etablit-une-eglise-locale-entierement-virtuelle\/#primaryimage"},"thumbnailUrl":"https:\/\/interamerica.org\/wp-content\/uploads\/2022\/02\/u-s-church-region-establishes-fully-virtual-local-church1.jpeg","articleSection":["Nouvelles de l'\u00c9glise mondiale","RSS Fran\u00e7ais"],"inLanguage":"fr-FR"},{"@type":"WebPage","@id":"https:\/\/interamerica.org\/fr\/2022\/02\/une-region-ecclesiale-aux-etats-unis-etablit-une-eglise-locale-entierement-virtuelle\/","url":"https:\/\/interamerica.org\/fr\/2022\/02\/une-region-ecclesiale-aux-etats-unis-etablit-une-eglise-locale-entierement-virtuelle\/","name":"Une r\u00e9gion eccl\u00e9siale aux \u00c9tats-Unis \u00e9tablit une \u00e9glise locale enti\u00e8rement virtuelle - \u00c9glise Adventiste Du Septieme Jour - Inter Am\u00e9rique Division","isPartOf":{"@id":"https:\/\/interamerica.org\/fr\/#website"},"primaryImageOfPage":{"@id":"https:\/\/interamerica.org\/fr\/2022\/02\/une-region-ecclesiale-aux-etats-unis-etablit-une-eglise-locale-entierement-virtuelle\/#primaryimage"},"image":{"@id":"https:\/\/interamerica.org\/fr\/2022\/02\/une-region-ecclesiale-aux-etats-unis-etablit-une-eglise-locale-entierement-virtuelle\/#primaryimage"},"thumbnailUrl":"https:\/\/interamerica.org\/wp-content\/uploads\/2022\/02\/u-s-church-region-establishes-fully-virtual-local-church1.jpeg","datePublished":"2022-02-15T20:47:05+00:00","dateModified":"2022-02-16T14:48:41+00:00","author":{"@id":"https:\/\/interamerica.org\/fr\/#\/schema\/person\/29998f2bc2d8bd0d38662909289b54f1"},"breadcrumb":{"@id":"https:\/\/interamerica.org\/fr\/2022\/02\/une-region-ecclesiale-aux-etats-unis-etablit-une-eglise-locale-entierement-virtuelle\/#breadcrumb"},"inLanguage":"fr-FR","potentialAction":[{"@type":"ReadAction","target":["https:\/\/interamerica.org\/fr\/2022\/02\/une-region-ecclesiale-aux-etats-unis-etablit-une-eglise-locale-entierement-virtuelle\/"]}]},{"@type":"ImageObject","inLanguage":"fr-FR","@id":"https:\/\/interamerica.org\/fr\/2022\/02\/une-region-ecclesiale-aux-etats-unis-etablit-une-eglise-locale-entierement-virtuelle\/#primaryimage","url":"https:\/\/interamerica.org\/wp-content\/uploads\/2022\/02\/u-s-church-region-establishes-fully-virtual-local-church1.jpeg","contentUrl":"https:\/\/interamerica.org\/wp-content\/uploads\/2022\/02\/u-s-church-region-establishes-fully-virtual-local-church1.jpeg","width":1000,"height":625,"caption":"Si\u00e8ge de la F\u00e9d\u00e9ration du Nord-Est \u00e0 Jamaica, \u00e0 New York aux \u00c9tats-Unis. [Photo : F\u00e9d\u00e9ration du Nord-Est]"},{"@type":"BreadcrumbList","@id":"https:\/\/interamerica.org\/fr\/2022\/02\/une-region-ecclesiale-aux-etats-unis-etablit-une-eglise-locale-entierement-virtuelle\/#breadcrumb","itemListElement":[{"@type":"ListItem","position":1,"name":"Home","item":"https:\/\/interamerica.org\/fr\/"},{"@type":"ListItem","position":2,"name":"Une r\u00e9gion eccl\u00e9siale aux \u00c9tats-Unis \u00e9tablit une \u00e9glise locale enti\u00e8rement virtuelle"}]},{"@type":"WebSite","@id":"https:\/\/interamerica.org\/fr\/#website","url":"https:\/\/interamerica.org\/fr\/","name":"\u00c9glise Adventiste Du Septieme Jour - Inter Am\u00e9rique Division","description":"","potentialAction":[{"@type":"SearchAction","target":{"@type":"EntryPoint","urlTemplate":"https:\/\/interamerica.org\/fr\/?s={search_term_string}"},"query-input":{"@type":"PropertyValueSpecification","valueRequired":true,"valueName":"search_term_string"}}],"inLanguage":"fr-FR"},{"@type":"Person","@id":"https:\/\/interamerica.org\/fr\/#\/schema\/person\/29998f2bc2d8bd0d38662909289b54f1","name":"libna","image":{"@type":"ImageObject","inLanguage":"fr-FR","@id":"https:\/\/secure.gravatar.com\/avatar\/7c5bd30ae4b47a9ba3c856590957fd1d96dc588bf3ac05719d247e126840331f?s=96&d=mm&r=g","url":"https:\/\/secure.gravatar.com\/avatar\/7c5bd30ae4b47a9ba3c856590957fd1d96dc588bf3ac05719d247e126840331f?s=96&d=mm&r=g","contentUrl":"https:\/\/secure.gravatar.com\/avatar\/7c5bd30ae4b47a9ba3c856590957fd1d96dc588bf3ac05719d247e126840331f?s=96&d=mm&r=g","caption":"libna"}}]}},"_links":{"self":[{"href":"https:\/\/interamerica.org\/fr\/wp-json\/wp\/v2\/posts\/81527","targetHints":{"allow":["GET"]}}],"collection":[{"href":"https:\/\/interamerica.org\/fr\/wp-json\/wp\/v2\/posts"}],"about":[{"href":"https:\/\/interamerica.org\/fr\/wp-json\/wp\/v2\/types\/post"}],"author":[{"embeddable":true,"href":"https:\/\/interamerica.org\/fr\/wp-json\/wp\/v2\/users\/3"}],"replies":[{"embeddable":true,"href":"https:\/\/interamerica.org\/fr\/wp-json\/wp\/v2\/comments?post=81527"}],"version-history":[{"count":0,"href":"https:\/\/interamerica.org\/fr\/wp-json\/wp\/v2\/posts\/81527\/revisions"}],"wp:featuredmedia":[{"embeddable":true,"href":"https:\/\/interamerica.org\/fr\/wp-json\/wp\/v2\/media\/81510"}],"wp:attachment":[{"href":"https:\/\/interamerica.org\/fr\/wp-json\/wp\/v2\/media?parent=81527"}],"wp:term":[{"taxonomy":"category","embeddable":true,"href":"https:\/\/interamerica.org\/fr\/wp-json\/wp\/v2\/categories?post=81527"},{"taxonomy":"post_tag","embeddable":true,"href":"https:\/\/interamerica.org\/fr\/wp-json\/wp\/v2\/tags?post=81527"}],"curies":[{"name":"wp","href":"https:\/\/api.w.org\/{rel}","templated":true}]}}