{"id":81598,"date":"2022-02-18T10:10:22","date_gmt":"2022-02-18T14:10:22","guid":{"rendered":"https:\/\/recursing-golick.147-182-135-0.plesk.page\/?p=81598"},"modified":"2022-02-18T16:53:18","modified_gmt":"2022-02-18T20:53:18","slug":"prendre-soin-et-nourrir-leglise","status":"publish","type":"post","link":"https:\/\/interamerica.org\/fr\/2022\/02\/prendre-soin-et-nourrir-leglise\/","title":{"rendered":"Prendre soin et nourrir l&rsquo;\u00e9glise"},"content":{"rendered":"<p><em>Ci-dessous, une retranscription d\u2019un message adress\u00e9 \u00e0 l\u2019\u00c9glise adventiste du septi\u00e8me jour par le pr\u00e9sident de la Division Inter Am\u00e9ricaine, Elie Henry \u2013 \u00c9quipe de Presse de la DIA<\/em><\/p>\n<p>18 f\u00e9vrier 2022 | Miami, Florida, \u00c9tats-Unis, | Elie Henry, pr\u00e9sident de l\u2019\u00c9glise Adventiste du Septi\u00e8me jour en Inter Am\u00e9rique<\/p>\n<p>&nbsp;<\/p>\n<p><span style=\"font-weight: 400;\">Bonjour bon Sabbat<\/span><\/p>\n<p><span style=\"font-weight: 400;\">Aujourd&rsquo;hui, <\/span><span style=\"font-weight: 400;\">se termine dans toute la division interam\u00e9ricaine<\/span><span style=\"font-weight: 400;\"> la semaine du foyer chr\u00e9tien et du mariage, qui s&rsquo;est concentr\u00e9e sur le th\u00e8me de la r\u00e9silience.<\/span><\/p>\n<p><span style=\"font-weight: 400;\">Au cours de ces jours, nous <\/span><span style=\"font-weight: 400;\">avons \u00e9cout\u00e9<\/span><span style=\"font-weight: 400;\"> de nombreux <\/span><span style=\"font-weight: 400;\">r\u00e9cits de <\/span><span style=\"font-weight: 400;\">miracles, nous<\/span><span style=\"font-weight: 400;\"> nous<\/span><span style=\"font-weight: 400;\"> sommes inspir\u00e9s par de nouvelles id\u00e9es, nous<\/span><span style=\"font-weight: 400;\"> avons<\/span><span style=\"font-weight: 400;\">renfor<\/span><span style=\"font-weight: 400;\">c\u00e9<\/span><span style=\"font-weight: 400;\"> nos relations de couple, en tant que parents, enfants, grands-parents, oncles, nous <\/span><span style=\"font-weight: 400;\">avons re\u00e7u de<\/span><span style=\"font-weight: 400;\"> nombreuses b\u00e9n\u00e9dictions sachant que Dieu nous fournit ce recours sp\u00e9cial pour aller de l&rsquo;avant, en particulier <\/span><span style=\"font-weight: 400;\">dans <\/span><span style=\"font-weight: 400;\">les <\/span><span style=\"font-weight: 400;\">circonstances<\/span><span style=\"font-weight: 400;\"> o\u00f9 nous vivons<\/span><span style=\"font-weight: 400;\"> aujourd\u2019hui<\/span><span style=\"font-weight: 400;\">. Et je suis s\u00fbr qu&rsquo;avant tout, nous nous<\/span><span style=\"font-weight: 400;\"> sommes rapproch\u00e9s <\/span><span style=\"font-weight: 400;\">de Dieu.<\/span><\/p>\n<p><span style=\"font-weight: 400;\">Dans ce contexte, je veux partager quelques versets que nous <\/span><span style=\"font-weight: 400;\">avons lu<\/span><span style=\"font-weight: 400;\"> dans l&rsquo;un des sujets <\/span><span style=\"font-weight: 400;\">de la semaine <\/span><span style=\"font-weight: 400;\">et qui s&rsquo;adaptent tr\u00e8s bien <\/span><span style=\"font-weight: 400;\">\u00e0 la fin de celle-ci , en m\u00eame temps mettent<\/span><span style=\"font-weight: 400;\"> l&rsquo;accent sur la journ\u00e9e des <\/span><span style=\"font-weight: 400;\">anciens d\u2019\u00e9glise<\/span><span style=\"font-weight: 400;\"> et de leurs familles, que nous c\u00e9l\u00e9brons aujourd&rsquo;hui tout au long de l&rsquo;Inter -Am\u00e9rique. Ce sont les versets 23 et 24 du Psaume 37 :<\/span><\/p>\n<p><span style=\"font-weight: 400;\">\u00a0\u00bb L&rsquo;\u00c9ternel affermit les pas de l&rsquo;homme, Et il prend plaisir \u00e0 sa voie; 24 S&rsquo;il tombe, il n&rsquo;est pas terrass\u00e9, Car l&rsquo;\u00c9ternel lui prend la main.\u00a0\u00bb<\/span><\/p>\n<p><span style=\"font-weight: 400;\">Quelle promesse encourageante ! L&rsquo;ancien d&rsquo;\u00e9glise dans son travail soutenant le minist\u00e8re du pasteur en prenant soin de l&rsquo;\u00e9glise, en passant du temps \u00e0 alimenter et \u00e0 nourrir les membres et les nouveaux membres, est \u00e9galement vuln\u00e9rable aux attaques de l&rsquo;ennemi<\/span><span style=\"font-weight: 400;\"> ;<\/span><span style=\"font-weight: 400;\"> mais en cultivant une relation quotidienne avec Dieu, il est tenu par Sa main et donc Dieu <\/span><span style=\"font-weight: 400;\">le soutient<\/span><span style=\"font-weight: 400;\">.<\/span><\/p>\n<p><span style=\"font-weight: 400;\">Aujourd&rsquo;hui, je vous invite \u00e0 penser aux anciens de votre \u00e9glise et \u00e0 leurs familles. Prenez un moment pour prier pour eux. Prenez un moment pour <\/span><span style=\"font-weight: 400;\">leur<\/span><span style=\"font-weight: 400;\"> montrer votre gratitude et votre appr\u00e9ciation pour <\/span><span style=\"font-weight: 400;\">leur<\/span><span style=\"font-weight: 400;\"> minist\u00e8re et <\/span><span style=\"font-weight: 400;\">leur<\/span><span style=\"font-weight: 400;\"> leadership dans votre \u00e9glise. Faites-<\/span><span style=\"font-weight: 400;\">leur <\/span><span style=\"font-weight: 400;\">savoir que vous priez <\/span><span style=\"font-weight: 400;\">pour eux <\/span><span style=\"font-weight: 400;\">et n&rsquo;oubliez pas qu&rsquo;il<\/span><span style=\"font-weight: 400;\">s<\/span> <span style=\"font-weight: 400;\">ont<\/span><span style=\"font-weight: 400;\"> \u00e9galement besoin du soutien de la famille de l&rsquo;\u00e9glise.<\/span><\/p>\n<p><span style=\"font-weight: 400;\">Merci beaucoup aux <\/span><span style=\"font-weight: 400;\">anciens, <\/span><span style=\"font-weight: 400;\">hommes et femmes de l&rsquo;\u00e9glise.\u00a0<\/span><\/p>\n<p><span style=\"font-weight: 400;\">Que Dieu vous b\u00e9nisse tous.<\/span><\/p>\n<p><iframe title=\"Alimenter et \u00e0 Nourrir l&#039;\u00e9glise \/ Pasteur Elie Henry\" width=\"500\" height=\"281\" src=\"https:\/\/www.youtube.com\/embed\/LLgf7uaofv4?feature=oembed\" frameborder=\"0\" allow=\"accelerometer; autoplay; clipboard-write; encrypted-media; gyroscope; picture-in-picture; web-share\" referrerpolicy=\"strict-origin-when-cross-origin\" allowfullscreen><\/iframe><\/p>\n","protected":false},"excerpt":{"rendered":"<p>Ci-dessous, une retranscription d\u2019un message adress\u00e9 \u00e0 l\u2019\u00c9glise adventiste du septi\u00e8me jour par le pr\u00e9sident de la Division Inter Am\u00e9ricaine, Elie Henry \u2013 \u00c9quipe de Presse de la DIA 18&#8230;<\/p>\n","protected":false},"author":3,"featured_media":81608,"comment_status":"closed","ping_status":"closed","sticky":false,"template":"","format":"standard","meta":{"_acf_changed":false,"footnotes":""},"categories":[20,19],"tags":[],"class_list":["post-81598","post","type-post","status-publish","format-standard","has-post-thumbnail","hentry","category-nouvelles-du-siege-de-la-division","category-rss-francais"],"acf":[],"yoast_head":"<!-- This site is optimized with the Yoast SEO plugin v27.3 - https:\/\/yoast.com\/product\/yoast-seo-wordpress\/ -->\n<title>Prendre soin et nourrir l&#039;\u00e9glise - \u00c9glise Adventiste Du Septieme Jour - Inter Am\u00e9rique Division<\/title>\n<meta name=\"robots\" content=\"index, follow, max-snippet:-1, max-image-preview:large, max-video-preview:-1\" \/>\n<link rel=\"canonical\" href=\"https:\/\/interamerica.org\/fr\/2022\/02\/prendre-soin-et-nourrir-leglise\/\" \/>\n<meta property=\"og:locale\" content=\"fr_FR\" \/>\n<meta property=\"og:type\" content=\"article\" \/>\n<meta property=\"og:title\" content=\"Prendre soin et nourrir l&#039;\u00e9glise - \u00c9glise Adventiste Du Septieme Jour - Inter Am\u00e9rique Division\" \/>\n<meta property=\"og:description\" content=\"Ci-dessous, une retranscription d\u2019un message adress\u00e9 \u00e0 l\u2019\u00c9glise adventiste du septi\u00e8me jour par le pr\u00e9sident de la Division Inter Am\u00e9ricaine, Elie Henry \u2013 \u00c9quipe de Presse de la DIA 18...\" \/>\n<meta property=\"og:url\" content=\"https:\/\/interamerica.org\/fr\/2022\/02\/prendre-soin-et-nourrir-leglise\/\" \/>\n<meta property=\"og:site_name\" content=\"\u00c9glise Adventiste Du Septieme Jour - Inter Am\u00e9rique Division\" \/>\n<meta property=\"article:published_time\" content=\"2022-02-18T14:10:22+00:00\" \/>\n<meta property=\"article:modified_time\" content=\"2022-02-18T20:53:18+00:00\" \/>\n<meta property=\"og:image\" content=\"https:\/\/interamerica.org\/wp-content\/uploads\/2022\/02\/elie-henry-feb18-1280.jpg\" \/>\n\t<meta property=\"og:image:width\" content=\"1280\" \/>\n\t<meta property=\"og:image:height\" content=\"800\" \/>\n\t<meta property=\"og:image:type\" content=\"image\/jpeg\" \/>\n<meta name=\"author\" content=\"libna\" \/>\n<meta name=\"twitter:card\" content=\"summary_large_image\" \/>\n<meta name=\"twitter:label1\" content=\"\u00c9crit par\" \/>\n\t<meta name=\"twitter:data1\" content=\"libna\" \/>\n\t<meta name=\"twitter:label2\" content=\"Dur\u00e9e de lecture estim\u00e9e\" \/>\n\t<meta name=\"twitter:data2\" content=\"2 minutes\" \/>\n<script type=\"application\/ld+json\" class=\"yoast-schema-graph\">{\"@context\":\"https:\\\/\\\/schema.org\",\"@graph\":[{\"@type\":\"Article\",\"@id\":\"https:\\\/\\\/interamerica.org\\\/fr\\\/2022\\\/02\\\/prendre-soin-et-nourrir-leglise\\\/#article\",\"isPartOf\":{\"@id\":\"https:\\\/\\\/interamerica.org\\\/fr\\\/2022\\\/02\\\/prendre-soin-et-nourrir-leglise\\\/\"},\"author\":{\"name\":\"libna\",\"@id\":\"https:\\\/\\\/interamerica.org\\\/fr\\\/#\\\/schema\\\/person\\\/29998f2bc2d8bd0d38662909289b54f1\"},\"headline\":\"Prendre soin et nourrir l&rsquo;\u00e9glise\",\"datePublished\":\"2022-02-18T14:10:22+00:00\",\"dateModified\":\"2022-02-18T20:53:18+00:00\",\"mainEntityOfPage\":{\"@id\":\"https:\\\/\\\/interamerica.org\\\/fr\\\/2022\\\/02\\\/prendre-soin-et-nourrir-leglise\\\/\"},\"wordCount\":439,\"image\":{\"@id\":\"https:\\\/\\\/interamerica.org\\\/fr\\\/2022\\\/02\\\/prendre-soin-et-nourrir-leglise\\\/#primaryimage\"},\"thumbnailUrl\":\"https:\\\/\\\/interamerica.org\\\/wp-content\\\/uploads\\\/2022\\\/02\\\/elie-henry-feb18-1280.jpg\",\"articleSection\":[\"Nouvelles du si\u00e8ge de la division\",\"RSS Fran\u00e7ais\"],\"inLanguage\":\"fr-FR\"},{\"@type\":\"WebPage\",\"@id\":\"https:\\\/\\\/interamerica.org\\\/fr\\\/2022\\\/02\\\/prendre-soin-et-nourrir-leglise\\\/\",\"url\":\"https:\\\/\\\/interamerica.org\\\/fr\\\/2022\\\/02\\\/prendre-soin-et-nourrir-leglise\\\/\",\"name\":\"Prendre soin et nourrir l'\u00e9glise - \u00c9glise Adventiste Du Septieme Jour - Inter Am\u00e9rique Division\",\"isPartOf\":{\"@id\":\"https:\\\/\\\/interamerica.org\\\/fr\\\/#website\"},\"primaryImageOfPage\":{\"@id\":\"https:\\\/\\\/interamerica.org\\\/fr\\\/2022\\\/02\\\/prendre-soin-et-nourrir-leglise\\\/#primaryimage\"},\"image\":{\"@id\":\"https:\\\/\\\/interamerica.org\\\/fr\\\/2022\\\/02\\\/prendre-soin-et-nourrir-leglise\\\/#primaryimage\"},\"thumbnailUrl\":\"https:\\\/\\\/interamerica.org\\\/wp-content\\\/uploads\\\/2022\\\/02\\\/elie-henry-feb18-1280.jpg\",\"datePublished\":\"2022-02-18T14:10:22+00:00\",\"dateModified\":\"2022-02-18T20:53:18+00:00\",\"author\":{\"@id\":\"https:\\\/\\\/interamerica.org\\\/fr\\\/#\\\/schema\\\/person\\\/29998f2bc2d8bd0d38662909289b54f1\"},\"breadcrumb\":{\"@id\":\"https:\\\/\\\/interamerica.org\\\/fr\\\/2022\\\/02\\\/prendre-soin-et-nourrir-leglise\\\/#breadcrumb\"},\"inLanguage\":\"fr-FR\",\"potentialAction\":[{\"@type\":\"ReadAction\",\"target\":[\"https:\\\/\\\/interamerica.org\\\/fr\\\/2022\\\/02\\\/prendre-soin-et-nourrir-leglise\\\/\"]}]},{\"@type\":\"ImageObject\",\"inLanguage\":\"fr-FR\",\"@id\":\"https:\\\/\\\/interamerica.org\\\/fr\\\/2022\\\/02\\\/prendre-soin-et-nourrir-leglise\\\/#primaryimage\",\"url\":\"https:\\\/\\\/interamerica.org\\\/wp-content\\\/uploads\\\/2022\\\/02\\\/elie-henry-feb18-1280.jpg\",\"contentUrl\":\"https:\\\/\\\/interamerica.org\\\/wp-content\\\/uploads\\\/2022\\\/02\\\/elie-henry-feb18-1280.jpg\",\"width\":1280,\"height\":800},{\"@type\":\"BreadcrumbList\",\"@id\":\"https:\\\/\\\/interamerica.org\\\/fr\\\/2022\\\/02\\\/prendre-soin-et-nourrir-leglise\\\/#breadcrumb\",\"itemListElement\":[{\"@type\":\"ListItem\",\"position\":1,\"name\":\"Home\",\"item\":\"https:\\\/\\\/interamerica.org\\\/fr\\\/\"},{\"@type\":\"ListItem\",\"position\":2,\"name\":\"Prendre soin et nourrir l&#8217;\u00e9glise\"}]},{\"@type\":\"WebSite\",\"@id\":\"https:\\\/\\\/interamerica.org\\\/fr\\\/#website\",\"url\":\"https:\\\/\\\/interamerica.org\\\/fr\\\/\",\"name\":\"\u00c9glise Adventiste Du Septieme Jour - Inter Am\u00e9rique Division\",\"description\":\"\",\"potentialAction\":[{\"@type\":\"SearchAction\",\"target\":{\"@type\":\"EntryPoint\",\"urlTemplate\":\"https:\\\/\\\/interamerica.org\\\/fr\\\/?s={search_term_string}\"},\"query-input\":{\"@type\":\"PropertyValueSpecification\",\"valueRequired\":true,\"valueName\":\"search_term_string\"}}],\"inLanguage\":\"fr-FR\"},{\"@type\":\"Person\",\"@id\":\"https:\\\/\\\/interamerica.org\\\/fr\\\/#\\\/schema\\\/person\\\/29998f2bc2d8bd0d38662909289b54f1\",\"name\":\"libna\",\"image\":{\"@type\":\"ImageObject\",\"inLanguage\":\"fr-FR\",\"@id\":\"https:\\\/\\\/secure.gravatar.com\\\/avatar\\\/7c5bd30ae4b47a9ba3c856590957fd1d96dc588bf3ac05719d247e126840331f?s=96&d=mm&r=g\",\"url\":\"https:\\\/\\\/secure.gravatar.com\\\/avatar\\\/7c5bd30ae4b47a9ba3c856590957fd1d96dc588bf3ac05719d247e126840331f?s=96&d=mm&r=g\",\"contentUrl\":\"https:\\\/\\\/secure.gravatar.com\\\/avatar\\\/7c5bd30ae4b47a9ba3c856590957fd1d96dc588bf3ac05719d247e126840331f?s=96&d=mm&r=g\",\"caption\":\"libna\"}}]}<\/script>\n<!-- \/ Yoast SEO plugin. -->","yoast_head_json":{"title":"Prendre soin et nourrir l'\u00e9glise - \u00c9glise Adventiste Du Septieme Jour - Inter Am\u00e9rique Division","robots":{"index":"index","follow":"follow","max-snippet":"max-snippet:-1","max-image-preview":"max-image-preview:large","max-video-preview":"max-video-preview:-1"},"canonical":"https:\/\/interamerica.org\/fr\/2022\/02\/prendre-soin-et-nourrir-leglise\/","og_locale":"fr_FR","og_type":"article","og_title":"Prendre soin et nourrir l'\u00e9glise - \u00c9glise Adventiste Du Septieme Jour - Inter Am\u00e9rique Division","og_description":"Ci-dessous, une retranscription d\u2019un message adress\u00e9 \u00e0 l\u2019\u00c9glise adventiste du septi\u00e8me jour par le pr\u00e9sident de la Division Inter Am\u00e9ricaine, Elie Henry \u2013 \u00c9quipe de Presse de la DIA 18...","og_url":"https:\/\/interamerica.org\/fr\/2022\/02\/prendre-soin-et-nourrir-leglise\/","og_site_name":"\u00c9glise Adventiste Du Septieme Jour - Inter Am\u00e9rique Division","article_published_time":"2022-02-18T14:10:22+00:00","article_modified_time":"2022-02-18T20:53:18+00:00","og_image":[{"width":1280,"height":800,"url":"https:\/\/interamerica.org\/wp-content\/uploads\/2022\/02\/elie-henry-feb18-1280.jpg","type":"image\/jpeg"}],"author":"libna","twitter_card":"summary_large_image","twitter_misc":{"\u00c9crit par":"libna","Dur\u00e9e de lecture estim\u00e9e":"2 minutes"},"schema":{"@context":"https:\/\/schema.org","@graph":[{"@type":"Article","@id":"https:\/\/interamerica.org\/fr\/2022\/02\/prendre-soin-et-nourrir-leglise\/#article","isPartOf":{"@id":"https:\/\/interamerica.org\/fr\/2022\/02\/prendre-soin-et-nourrir-leglise\/"},"author":{"name":"libna","@id":"https:\/\/interamerica.org\/fr\/#\/schema\/person\/29998f2bc2d8bd0d38662909289b54f1"},"headline":"Prendre soin et nourrir l&rsquo;\u00e9glise","datePublished":"2022-02-18T14:10:22+00:00","dateModified":"2022-02-18T20:53:18+00:00","mainEntityOfPage":{"@id":"https:\/\/interamerica.org\/fr\/2022\/02\/prendre-soin-et-nourrir-leglise\/"},"wordCount":439,"image":{"@id":"https:\/\/interamerica.org\/fr\/2022\/02\/prendre-soin-et-nourrir-leglise\/#primaryimage"},"thumbnailUrl":"https:\/\/interamerica.org\/wp-content\/uploads\/2022\/02\/elie-henry-feb18-1280.jpg","articleSection":["Nouvelles du si\u00e8ge de la division","RSS Fran\u00e7ais"],"inLanguage":"fr-FR"},{"@type":"WebPage","@id":"https:\/\/interamerica.org\/fr\/2022\/02\/prendre-soin-et-nourrir-leglise\/","url":"https:\/\/interamerica.org\/fr\/2022\/02\/prendre-soin-et-nourrir-leglise\/","name":"Prendre soin et nourrir l'\u00e9glise - \u00c9glise Adventiste Du Septieme Jour - Inter Am\u00e9rique Division","isPartOf":{"@id":"https:\/\/interamerica.org\/fr\/#website"},"primaryImageOfPage":{"@id":"https:\/\/interamerica.org\/fr\/2022\/02\/prendre-soin-et-nourrir-leglise\/#primaryimage"},"image":{"@id":"https:\/\/interamerica.org\/fr\/2022\/02\/prendre-soin-et-nourrir-leglise\/#primaryimage"},"thumbnailUrl":"https:\/\/interamerica.org\/wp-content\/uploads\/2022\/02\/elie-henry-feb18-1280.jpg","datePublished":"2022-02-18T14:10:22+00:00","dateModified":"2022-02-18T20:53:18+00:00","author":{"@id":"https:\/\/interamerica.org\/fr\/#\/schema\/person\/29998f2bc2d8bd0d38662909289b54f1"},"breadcrumb":{"@id":"https:\/\/interamerica.org\/fr\/2022\/02\/prendre-soin-et-nourrir-leglise\/#breadcrumb"},"inLanguage":"fr-FR","potentialAction":[{"@type":"ReadAction","target":["https:\/\/interamerica.org\/fr\/2022\/02\/prendre-soin-et-nourrir-leglise\/"]}]},{"@type":"ImageObject","inLanguage":"fr-FR","@id":"https:\/\/interamerica.org\/fr\/2022\/02\/prendre-soin-et-nourrir-leglise\/#primaryimage","url":"https:\/\/interamerica.org\/wp-content\/uploads\/2022\/02\/elie-henry-feb18-1280.jpg","contentUrl":"https:\/\/interamerica.org\/wp-content\/uploads\/2022\/02\/elie-henry-feb18-1280.jpg","width":1280,"height":800},{"@type":"BreadcrumbList","@id":"https:\/\/interamerica.org\/fr\/2022\/02\/prendre-soin-et-nourrir-leglise\/#breadcrumb","itemListElement":[{"@type":"ListItem","position":1,"name":"Home","item":"https:\/\/interamerica.org\/fr\/"},{"@type":"ListItem","position":2,"name":"Prendre soin et nourrir l&#8217;\u00e9glise"}]},{"@type":"WebSite","@id":"https:\/\/interamerica.org\/fr\/#website","url":"https:\/\/interamerica.org\/fr\/","name":"\u00c9glise Adventiste Du Septieme Jour - Inter Am\u00e9rique Division","description":"","potentialAction":[{"@type":"SearchAction","target":{"@type":"EntryPoint","urlTemplate":"https:\/\/interamerica.org\/fr\/?s={search_term_string}"},"query-input":{"@type":"PropertyValueSpecification","valueRequired":true,"valueName":"search_term_string"}}],"inLanguage":"fr-FR"},{"@type":"Person","@id":"https:\/\/interamerica.org\/fr\/#\/schema\/person\/29998f2bc2d8bd0d38662909289b54f1","name":"libna","image":{"@type":"ImageObject","inLanguage":"fr-FR","@id":"https:\/\/secure.gravatar.com\/avatar\/7c5bd30ae4b47a9ba3c856590957fd1d96dc588bf3ac05719d247e126840331f?s=96&d=mm&r=g","url":"https:\/\/secure.gravatar.com\/avatar\/7c5bd30ae4b47a9ba3c856590957fd1d96dc588bf3ac05719d247e126840331f?s=96&d=mm&r=g","contentUrl":"https:\/\/secure.gravatar.com\/avatar\/7c5bd30ae4b47a9ba3c856590957fd1d96dc588bf3ac05719d247e126840331f?s=96&d=mm&r=g","caption":"libna"}}]}},"_links":{"self":[{"href":"https:\/\/interamerica.org\/fr\/wp-json\/wp\/v2\/posts\/81598","targetHints":{"allow":["GET"]}}],"collection":[{"href":"https:\/\/interamerica.org\/fr\/wp-json\/wp\/v2\/posts"}],"about":[{"href":"https:\/\/interamerica.org\/fr\/wp-json\/wp\/v2\/types\/post"}],"author":[{"embeddable":true,"href":"https:\/\/interamerica.org\/fr\/wp-json\/wp\/v2\/users\/3"}],"replies":[{"embeddable":true,"href":"https:\/\/interamerica.org\/fr\/wp-json\/wp\/v2\/comments?post=81598"}],"version-history":[{"count":0,"href":"https:\/\/interamerica.org\/fr\/wp-json\/wp\/v2\/posts\/81598\/revisions"}],"wp:featuredmedia":[{"embeddable":true,"href":"https:\/\/interamerica.org\/fr\/wp-json\/wp\/v2\/media\/81608"}],"wp:attachment":[{"href":"https:\/\/interamerica.org\/fr\/wp-json\/wp\/v2\/media?parent=81598"}],"wp:term":[{"taxonomy":"category","embeddable":true,"href":"https:\/\/interamerica.org\/fr\/wp-json\/wp\/v2\/categories?post=81598"},{"taxonomy":"post_tag","embeddable":true,"href":"https:\/\/interamerica.org\/fr\/wp-json\/wp\/v2\/tags?post=81598"}],"curies":[{"name":"wp","href":"https:\/\/api.w.org\/{rel}","templated":true}]}}