{"id":81657,"date":"2022-02-17T21:52:24","date_gmt":"2022-02-18T01:52:24","guid":{"rendered":"https:\/\/recursing-golick.147-182-135-0.plesk.page\/?p=81657"},"modified":"2022-02-18T16:53:55","modified_gmt":"2022-02-18T20:53:55","slug":"leglise-adventiste-forme-des-centaines-de-laics-a-la-proclamation-de-levangile-dans-le-sud-de-la-colombie","status":"publish","type":"post","link":"https:\/\/interamerica.org\/fr\/2022\/02\/leglise-adventiste-forme-des-centaines-de-laics-a-la-proclamation-de-levangile-dans-le-sud-de-la-colombie\/","title":{"rendered":"L\u2019\u00c9glise adventiste forme des centaines de la\u00efcs \u00e0 la proclamation de l\u2019\u00e9vangile dans le Sud de la Colombie"},"content":{"rendered":"<p><div id=\"attachment_81630\" style=\"width: 831px\" class=\"wp-caption aligncenter\"><img fetchpriority=\"high\" decoding=\"async\" aria-describedby=\"caption-attachment-81630\" class=\"wp-image-81630 \" src=\"https:\/\/recursing-golick.147-182-135-0.plesk.page\/wp-content\/uploads\/2022\/02\/socu-llanos-laycongress-crowd.jpg\" alt=\"\" width=\"821\" height=\"462\" srcset=\"https:\/\/interamerica.org\/wp-content\/uploads\/2022\/02\/socu-llanos-laycongress-crowd.jpg 1000w, https:\/\/interamerica.org\/wp-content\/uploads\/2022\/02\/socu-llanos-laycongress-crowd-300x169.jpg 300w, https:\/\/interamerica.org\/wp-content\/uploads\/2022\/02\/socu-llanos-laycongress-crowd-768x432.jpg 768w\" sizes=\"(max-width: 821px) 100vw, 821px\" \/><p id=\"caption-attachment-81630\" class=\"wp-caption-text\">Plus de 1000 la\u00efcs se sont r\u00e9unis \u00e0 l\u2019occasion du Congr\u00e8s des La\u00efcs dont le th\u00e8me \u00e9tait \u00ab Esp\u00e9rance Ultime \u00bb \u00e0 Villacencio, dans la r\u00e9gion de l\u2019Est de Los Llanos dans le Sud de la Colombie, le 5 f\u00e9vrier 2022. Des centaines de pasteurs, de la\u00efcs et de nouveaux membres se sont r\u00e9unis pour \u00eatre \u00e9quip\u00e9s afin de consolider le minist\u00e8re des petits groupes et de proclamer le message de l\u2019\u00e9vangile dans leurs communaut\u00e9s. [Photo : Melchor Ferreyra]<\/p><\/div>17 F\u00e9vrier 2022 | Bogota, Colombie | Laura Acosta et Actualit\u00e9s de la Division Inter Am\u00e9ricaine<\/p>\n<p>Plus de 1000 la\u00efcs dans le Sud de la Colombie ont \u00e9t\u00e9 r\u00e9cemment form\u00e9s lors d\u2019un congr\u00e8s sp\u00e9cial visant \u00e0 consolider le minist\u00e8re des petits groupes dans la ville de Villavicencio, non loin de Bogota, en Colombie.<\/p>\n<p>Le congr\u00e8s des la\u00efcs, qui s\u2019est tenu le 5 f\u00e9vrier 2022, a rassembl\u00e9 des dirigeants r\u00e9gionaux et locaux de la F\u00e9d\u00e9ration de l\u2019Est de Los Llanos, afin de mieux \u00e9quiper les dirigeants de petits groupes et les membres actifs pour la proclamation de l\u2019\u00e9vangile l\u00e0 o\u00f9 ils vivent.<\/p>\n<p><div id=\"attachment_81618\" style=\"width: 805px\" class=\"wp-caption aligncenter\"><img decoding=\"async\" aria-describedby=\"caption-attachment-81618\" class=\" wp-image-81618\" src=\"https:\/\/recursing-golick.147-182-135-0.plesk.page\/wp-content\/uploads\/2022\/02\/socu-melchor-laycongress.jpg\" alt=\"\" width=\"795\" height=\"564\" srcset=\"https:\/\/interamerica.org\/wp-content\/uploads\/2022\/02\/socu-melchor-laycongress.jpg 746w, https:\/\/interamerica.org\/wp-content\/uploads\/2022\/02\/socu-melchor-laycongress-300x213.jpg 300w\" sizes=\"(max-width: 795px) 100vw, 795px\" \/><p id=\"caption-attachment-81618\" class=\"wp-caption-text\">Pasteur Melchor Ferreyra, directeur des minist\u00e8res personnels de l\u2019\u00c9glise adventiste en Inter Am\u00e9rique, intervient lors de son s\u00e9minaire sur la formation de disciples \u00e0 l\u2019occasion d\u2019un congr\u00e8s des la\u00efcs. [Photo : Mosi\u00e9s Prieto]<\/p><\/div>Avec pour th\u00e8me \u00ab Esperanza Definitiva \u00bb, ou Esp\u00e9rance Ultime, le congr\u00e8s visait \u00e9galement \u00e0 \u00ab soutenir les forces la\u00efques d\u00e9veloppant le discipulat, la r\u00e9tention, les nouveaux croyants et le minist\u00e8re des couples missionnaires \u00e9tabli dans chaque congr\u00e9gation avec pour objectif que l\u2019\u00e9vangile soit pr\u00each\u00e9 partout dans la r\u00e9gion, \u00bb a d\u00e9clar\u00e9 pasteur Moises Prieto, directeur des minist\u00e8res personnels pour l\u2019\u00c9glise adventiste dans l\u2019Union du Sud de la Colombie.<\/p>\n<p>L\u2019un des minist\u00e8res importants est celui des couples missionnaires, a dit pasteur Prieto. \u00ab \u00c9vang\u00e9liser est un principe absolument biblique et c\u2019est le plan de Dieu pour l\u2019\u00e9glise dans les temps o\u00f9 nous vivons, \u00bb a-t-il d\u00e9clar\u00e9. \u00ab Il est important que deux personnes travaillent ensemble, l\u2019une encourageant l\u2019autre et les deux priant et \u00e9tudiant les \u00c9critures ensemble. \u00bb<\/p>\n<p>Pasteur Melchor Ferreyra, responsable des minist\u00e8res personnels pour l\u2019\u00c9glise adventiste en Inter Am\u00e9rique, a motiv\u00e9 les centaines de la\u00efcs \u00e0 continuer \u00e0 travailler de toutes leurs forces pour faire croitre l\u2019\u00e9glise.<\/p>\n<p><div id=\"attachment_81621\" style=\"width: 819px\" class=\"wp-caption aligncenter\"><img decoding=\"async\" aria-describedby=\"caption-attachment-81621\" class=\" wp-image-81621\" src=\"https:\/\/recursing-golick.147-182-135-0.plesk.page\/wp-content\/uploads\/2022\/02\/socu-laycongress-kits.jpg\" alt=\"\" width=\"809\" height=\"520\" srcset=\"https:\/\/interamerica.org\/wp-content\/uploads\/2022\/02\/socu-laycongress-kits.jpg 1000w, https:\/\/interamerica.org\/wp-content\/uploads\/2022\/02\/socu-laycongress-kits-300x193.jpg 300w, https:\/\/interamerica.org\/wp-content\/uploads\/2022\/02\/socu-laycongress-kits-768x494.jpg 768w\" sizes=\"(max-width: 809px) 100vw, 809px\" \/><p id=\"caption-attachment-81621\" class=\"wp-caption-text\">Plus de 1000 kits, pour l\u2019action missionnaire et pour les nouveaux croyants, ont \u00e9t\u00e9 distribu\u00e9s aux d\u00e9l\u00e9gu\u00e9s lors du congr\u00e8s des la\u00efcs. [Photo : Mois\u00e9s Prieto]<\/p><\/div>\u00ab Nous avons plus de 2000 ans d\u2019exp\u00e9rience cumul\u00e9e avec les la\u00efcs, en effet l\u2019\u00c9glise Primitive s\u2019est d\u00e9velopp\u00e9e en s\u2019appuyant sur les la\u00efcs, les membres d\u2019\u00e9glise, \u00bb a d\u00e9clar\u00e9 pasteur Ferreyra. \u00ab Tr\u00e8s peu \u00e9taient des \u00e9vang\u00e9listes, mais les \u00e9glises se sont multipli\u00e9es et de nouvelles \u00e9glises ont \u00e9t\u00e9 implant\u00e9es gr\u00e2ce au travail de nombreux la\u00efcs anonymes qui ont travaill\u00e9 avec t\u00e9nacit\u00e9 et en faisant des efforts infatigables. \u00bb Le m\u00eame sc\u00e9nario se r\u00e9p\u00e8te \u00e0 travers l\u2019histoire et au 21\u00e8me si\u00e8cle, a-t-il dit.<\/p>\n<p>Il est tr\u00e8s clair, a d\u00e9clar\u00e9 pasteur Ferreyra, que le r\u00f4le du la\u00efc n\u2019est pas celui d\u2019un spectateur, mais celui d\u2019un protagoniste. \u00ab Le la\u00efc n\u2019applaudit pas depuis les si\u00e8ges de l\u2019auditorium, \u00bb a-t-il d\u00e9clar\u00e9. \u00ab Le la\u00efc est immerg\u00e9 dans toutes les activit\u00e9s de l\u2019\u00e9glise suite \u00e0 l\u2019initiative lanc\u00e9e par l\u2019\u00c9glise adventiste : \u00ab Implication Totale du Membre \u00bb et s\u2019engage \u00e0 \u00eatre impliqu\u00e9 dans l\u2019\u00e9vang\u00e9lisation dans son \u00e9glise locale ou dans son champ local, \u00bb a-t-il ajout\u00e9. Il s\u2019agit d\u2019\u00eatre totalement et compl\u00e8tement impliqu\u00e9 en utilisant ses dons et ses talents pour l\u2019\u00e9glise aujourd\u2019hui, a-t-il ajout\u00e9.<\/p>\n<p>Les dirigeants ont remis 1100 \u00ab Kits de Travail Missionnaire \u00bb pour les dirigeants d\u2019\u00e9glise, les pasteurs, ainsi que le Kit du Nouveau Croyant qui contient une bible, un cours d\u2019\u00e9tude biblique, un manuel d\u2019\u00e9tude trimestriel de l\u2019\u00e9cole du sabbat et plus encore.<\/p>\n<p><div id=\"attachment_81633\" style=\"width: 817px\" class=\"wp-caption aligncenter\"><img loading=\"lazy\" decoding=\"async\" aria-describedby=\"caption-attachment-81633\" class=\" wp-image-81633\" src=\"https:\/\/recursing-golick.147-182-135-0.plesk.page\/wp-content\/uploads\/2022\/02\/socu-small-group-leaders-honored.jpg\" alt=\"\" width=\"807\" height=\"510\" srcset=\"https:\/\/interamerica.org\/wp-content\/uploads\/2022\/02\/socu-small-group-leaders-honored.jpg 1000w, https:\/\/interamerica.org\/wp-content\/uploads\/2022\/02\/socu-small-group-leaders-honored-300x190.jpg 300w, https:\/\/interamerica.org\/wp-content\/uploads\/2022\/02\/socu-small-group-leaders-honored-768x485.jpg 768w\" sizes=\"(max-width: 807px) 100vw, 807px\" \/><p id=\"caption-attachment-81633\" class=\"wp-caption-text\">Les leaders de petits groupes ont \u00e9t\u00e9 honor\u00e9s en recevant une plaque sp\u00e9ciale pour leurs extraordinaires efforts d\u2019\u00e9vang\u00e9lisation qui ont amen\u00e9 la croissance de leurs groupes avec l\u2019arriv\u00e9e de nouveaux membres baptis\u00e9s en 2021. [Photo : Melchor Ferreyra]<\/p><\/div>\u00ab Les la\u00efcs de l\u2019Est de Los Llanos sont form\u00e9s pour r\u00e9pondre \u00e0 quatre besoins fondamentaux tels que la fid\u00e9lisation des nouveaux membres apr\u00e8s le bapt\u00eame; la formation de disciples et le gain d\u2019autres personnes pour Christ, ainsi que les couples missionnaires et les petits groupes ; c\u2019est ainsi que le nouveau membre sera int\u00e9gr\u00e9 \u00e0 travers de petits groupes dans l\u2019\u00e9glise et dans la classe de l\u2019\u00e9cole du sabbat, \u00bb a dit Daruwin Gonz\u00e1lez, directeur des minist\u00e8res personnels pour la F\u00e9d\u00e9ration de l\u2019Est de Los Llanos.<\/p>\n<p>Avec un effectif de plus de 20700 membres d\u2019\u00e9glise, et avec 400 petits groupes dans 17 districts pastoraux, l\u2019objectif est de mobiliser les membres pour atteindre 350 petits groupes, 700 couples missionnaires, 1288 instructeurs bibliques et parvenir \u00e0 1000 bapt\u00eames cette ann\u00e9e, a indiqu\u00e9 pasteur Joel Hern\u00e1ndez, pr\u00e9sident de l\u2019\u00c9glise adventiste de l\u2019Est de Los Llanos.<\/p>\n<p>Au cours du congr\u00e8s, les leaders de petits groupes et les pasteurs d\u2019\u00e9glise ayant obtenu le plus grand nombre de nouveaux membres baptis\u00e9s en 2021 ont \u00e9t\u00e9 honor\u00e9s pour leurs efforts extraordinaires.<\/p>\n<p><div id=\"attachment_81624\" style=\"width: 810px\" class=\"wp-caption aligncenter\"><img loading=\"lazy\" decoding=\"async\" aria-describedby=\"caption-attachment-81624\" class=\"size-full wp-image-81624\" src=\"https:\/\/recursing-golick.147-182-135-0.plesk.page\/wp-content\/uploads\/2022\/02\/socu-laycongress-newbeliever.jpg\" alt=\"\" width=\"800\" height=\"600\" srcset=\"https:\/\/interamerica.org\/wp-content\/uploads\/2022\/02\/socu-laycongress-newbeliever.jpg 800w, https:\/\/interamerica.org\/wp-content\/uploads\/2022\/02\/socu-laycongress-newbeliever-300x225.jpg 300w, https:\/\/interamerica.org\/wp-content\/uploads\/2022\/02\/socu-laycongress-newbeliever-768x576.jpg 768w\" sizes=\"(max-width: 800px) 100vw, 800px\" \/><p id=\"caption-attachment-81624\" class=\"wp-caption-text\">Le pasteur Joel Pascuas serre dans ses bras un membre r\u00e9cemment baptis\u00e9 qui a re\u00e7u un exemplaire sp\u00e9cial du Kit du Nouveau Membre lors du congr\u00e8s des la\u00efcs le 5 f\u00e9vrier 2022. [Photo : Mois\u00e9s Prieto]<\/p><\/div>Les dirigeants r\u00e9gionaux pr\u00e9voient d\u2019organiser un autre congr\u00e8s pour rassembler davantage de la\u00efcs et les \u00e9quiper pour des efforts d\u2019\u00e9vang\u00e9lisation coordonn\u00e9s cette ann\u00e9e.<\/p>\n<p>Les huit autres f\u00e9d\u00e9rations et missions r\u00e9gionales dans le Sud de la Colombie ont \u00e9galement commenc\u00e9 \u00e0 organiser des congr\u00e8s la\u00efcs ce mois-ci et en auront au cours des mois \u00e0 venir dans le cadre de la strat\u00e9gie d\u2019\u00e9vang\u00e9lisation en place pour cette ann\u00e9e et de la c\u00e9l\u00e9bration du centenaire de la Division Inter Am\u00e9ricaine en 2022, ont indiqu\u00e9 les dirigeants de l\u2019\u00e9glise.<\/p>\n<p>\u00ab Le d\u00e9fi que doivent relever nos fr\u00e8res la\u00efcs sur le territoire de l\u2019union est celui d\u2019\u00eatre des messagers d\u2019esp\u00e9rance partout o\u00f9 ils se trouvent pour proclamer le message de J\u00e9sus-Christ, \u00bb a d\u00e9clar\u00e9 pasteur Prieto. \u00ab Le monde est malade et nous devons porter le message d\u2019esp\u00e9rance. \u00bb<\/p>\n<p>Traduction: Patrick Luciathe<\/p>\n","protected":false},"excerpt":{"rendered":"<p>17 F\u00e9vrier 2022 | Bogota, Colombie | Laura Acosta et Actualit\u00e9s de la Division Inter Am\u00e9ricaine Plus de 1000 la\u00efcs dans le Sud de la Colombie ont \u00e9t\u00e9 r\u00e9cemment form\u00e9s&#8230;<\/p>\n","protected":false},"author":3,"featured_media":81630,"comment_status":"closed","ping_status":"closed","sticky":false,"template":"","format":"standard","meta":{"_acf_changed":false,"footnotes":""},"categories":[21,19],"tags":[],"class_list":["post-81657","post","type-post","status-publish","format-standard","has-post-thumbnail","hentry","category-nouvelles-du-territoire","category-rss-francais"],"acf":[],"yoast_head":"<!-- This site is optimized with the Yoast SEO plugin v27.3 - https:\/\/yoast.com\/product\/yoast-seo-wordpress\/ -->\n<title>L\u2019\u00c9glise adventiste forme des centaines de la\u00efcs \u00e0 la proclamation de l\u2019\u00e9vangile dans le Sud de la Colombie - \u00c9glise Adventiste Du Septieme Jour - Inter Am\u00e9rique Division<\/title>\n<meta name=\"robots\" content=\"index, follow, max-snippet:-1, max-image-preview:large, max-video-preview:-1\" \/>\n<link rel=\"canonical\" href=\"https:\/\/interamerica.org\/fr\/2022\/02\/leglise-adventiste-forme-des-centaines-de-laics-a-la-proclamation-de-levangile-dans-le-sud-de-la-colombie\/\" \/>\n<meta property=\"og:locale\" content=\"fr_FR\" \/>\n<meta property=\"og:type\" content=\"article\" \/>\n<meta property=\"og:title\" content=\"L\u2019\u00c9glise adventiste forme des centaines de la\u00efcs \u00e0 la proclamation de l\u2019\u00e9vangile dans le Sud de la Colombie - \u00c9glise Adventiste Du Septieme Jour - Inter Am\u00e9rique Division\" \/>\n<meta property=\"og:description\" content=\"17 F\u00e9vrier 2022 | Bogota, Colombie | Laura Acosta et Actualit\u00e9s de la Division Inter Am\u00e9ricaine Plus de 1000 la\u00efcs dans le Sud de la Colombie ont \u00e9t\u00e9 r\u00e9cemment form\u00e9s...\" \/>\n<meta property=\"og:url\" content=\"https:\/\/interamerica.org\/fr\/2022\/02\/leglise-adventiste-forme-des-centaines-de-laics-a-la-proclamation-de-levangile-dans-le-sud-de-la-colombie\/\" \/>\n<meta property=\"og:site_name\" content=\"\u00c9glise Adventiste Du Septieme Jour - Inter Am\u00e9rique Division\" \/>\n<meta property=\"article:published_time\" content=\"2022-02-18T01:52:24+00:00\" \/>\n<meta property=\"article:modified_time\" content=\"2022-02-18T20:53:55+00:00\" \/>\n<meta property=\"og:image\" content=\"https:\/\/interamerica.org\/wp-content\/uploads\/2022\/02\/socu-llanos-laycongress-crowd.jpg\" \/>\n\t<meta property=\"og:image:width\" content=\"1000\" \/>\n\t<meta property=\"og:image:height\" content=\"563\" \/>\n\t<meta property=\"og:image:type\" content=\"image\/jpeg\" \/>\n<meta name=\"author\" content=\"libna\" \/>\n<meta name=\"twitter:card\" content=\"summary_large_image\" \/>\n<meta name=\"twitter:label1\" content=\"\u00c9crit par\" \/>\n\t<meta name=\"twitter:data1\" content=\"libna\" \/>\n\t<meta name=\"twitter:label2\" content=\"Dur\u00e9e de lecture estim\u00e9e\" \/>\n\t<meta name=\"twitter:data2\" content=\"6 minutes\" \/>\n<script type=\"application\/ld+json\" class=\"yoast-schema-graph\">{\"@context\":\"https:\\\/\\\/schema.org\",\"@graph\":[{\"@type\":\"Article\",\"@id\":\"https:\\\/\\\/interamerica.org\\\/fr\\\/2022\\\/02\\\/leglise-adventiste-forme-des-centaines-de-laics-a-la-proclamation-de-levangile-dans-le-sud-de-la-colombie\\\/#article\",\"isPartOf\":{\"@id\":\"https:\\\/\\\/interamerica.org\\\/fr\\\/2022\\\/02\\\/leglise-adventiste-forme-des-centaines-de-laics-a-la-proclamation-de-levangile-dans-le-sud-de-la-colombie\\\/\"},\"author\":{\"name\":\"libna\",\"@id\":\"https:\\\/\\\/interamerica.org\\\/fr\\\/#\\\/schema\\\/person\\\/29998f2bc2d8bd0d38662909289b54f1\"},\"headline\":\"L\u2019\u00c9glise adventiste forme des centaines de la\u00efcs \u00e0 la proclamation de l\u2019\u00e9vangile dans le Sud de la Colombie\",\"datePublished\":\"2022-02-18T01:52:24+00:00\",\"dateModified\":\"2022-02-18T20:53:55+00:00\",\"mainEntityOfPage\":{\"@id\":\"https:\\\/\\\/interamerica.org\\\/fr\\\/2022\\\/02\\\/leglise-adventiste-forme-des-centaines-de-laics-a-la-proclamation-de-levangile-dans-le-sud-de-la-colombie\\\/\"},\"wordCount\":1200,\"image\":{\"@id\":\"https:\\\/\\\/interamerica.org\\\/fr\\\/2022\\\/02\\\/leglise-adventiste-forme-des-centaines-de-laics-a-la-proclamation-de-levangile-dans-le-sud-de-la-colombie\\\/#primaryimage\"},\"thumbnailUrl\":\"https:\\\/\\\/interamerica.org\\\/wp-content\\\/uploads\\\/2022\\\/02\\\/socu-llanos-laycongress-crowd.jpg\",\"articleSection\":[\"Nouvelles du territoire\",\"RSS Fran\u00e7ais\"],\"inLanguage\":\"fr-FR\"},{\"@type\":\"WebPage\",\"@id\":\"https:\\\/\\\/interamerica.org\\\/fr\\\/2022\\\/02\\\/leglise-adventiste-forme-des-centaines-de-laics-a-la-proclamation-de-levangile-dans-le-sud-de-la-colombie\\\/\",\"url\":\"https:\\\/\\\/interamerica.org\\\/fr\\\/2022\\\/02\\\/leglise-adventiste-forme-des-centaines-de-laics-a-la-proclamation-de-levangile-dans-le-sud-de-la-colombie\\\/\",\"name\":\"L\u2019\u00c9glise adventiste forme des centaines de la\u00efcs \u00e0 la proclamation de l\u2019\u00e9vangile dans le Sud de la Colombie - \u00c9glise Adventiste Du Septieme Jour - Inter Am\u00e9rique Division\",\"isPartOf\":{\"@id\":\"https:\\\/\\\/interamerica.org\\\/fr\\\/#website\"},\"primaryImageOfPage\":{\"@id\":\"https:\\\/\\\/interamerica.org\\\/fr\\\/2022\\\/02\\\/leglise-adventiste-forme-des-centaines-de-laics-a-la-proclamation-de-levangile-dans-le-sud-de-la-colombie\\\/#primaryimage\"},\"image\":{\"@id\":\"https:\\\/\\\/interamerica.org\\\/fr\\\/2022\\\/02\\\/leglise-adventiste-forme-des-centaines-de-laics-a-la-proclamation-de-levangile-dans-le-sud-de-la-colombie\\\/#primaryimage\"},\"thumbnailUrl\":\"https:\\\/\\\/interamerica.org\\\/wp-content\\\/uploads\\\/2022\\\/02\\\/socu-llanos-laycongress-crowd.jpg\",\"datePublished\":\"2022-02-18T01:52:24+00:00\",\"dateModified\":\"2022-02-18T20:53:55+00:00\",\"author\":{\"@id\":\"https:\\\/\\\/interamerica.org\\\/fr\\\/#\\\/schema\\\/person\\\/29998f2bc2d8bd0d38662909289b54f1\"},\"breadcrumb\":{\"@id\":\"https:\\\/\\\/interamerica.org\\\/fr\\\/2022\\\/02\\\/leglise-adventiste-forme-des-centaines-de-laics-a-la-proclamation-de-levangile-dans-le-sud-de-la-colombie\\\/#breadcrumb\"},\"inLanguage\":\"fr-FR\",\"potentialAction\":[{\"@type\":\"ReadAction\",\"target\":[\"https:\\\/\\\/interamerica.org\\\/fr\\\/2022\\\/02\\\/leglise-adventiste-forme-des-centaines-de-laics-a-la-proclamation-de-levangile-dans-le-sud-de-la-colombie\\\/\"]}]},{\"@type\":\"ImageObject\",\"inLanguage\":\"fr-FR\",\"@id\":\"https:\\\/\\\/interamerica.org\\\/fr\\\/2022\\\/02\\\/leglise-adventiste-forme-des-centaines-de-laics-a-la-proclamation-de-levangile-dans-le-sud-de-la-colombie\\\/#primaryimage\",\"url\":\"https:\\\/\\\/interamerica.org\\\/wp-content\\\/uploads\\\/2022\\\/02\\\/socu-llanos-laycongress-crowd.jpg\",\"contentUrl\":\"https:\\\/\\\/interamerica.org\\\/wp-content\\\/uploads\\\/2022\\\/02\\\/socu-llanos-laycongress-crowd.jpg\",\"width\":1000,\"height\":563},{\"@type\":\"BreadcrumbList\",\"@id\":\"https:\\\/\\\/interamerica.org\\\/fr\\\/2022\\\/02\\\/leglise-adventiste-forme-des-centaines-de-laics-a-la-proclamation-de-levangile-dans-le-sud-de-la-colombie\\\/#breadcrumb\",\"itemListElement\":[{\"@type\":\"ListItem\",\"position\":1,\"name\":\"Home\",\"item\":\"https:\\\/\\\/interamerica.org\\\/fr\\\/\"},{\"@type\":\"ListItem\",\"position\":2,\"name\":\"L\u2019\u00c9glise adventiste forme des centaines de la\u00efcs \u00e0 la proclamation de l\u2019\u00e9vangile dans le Sud de la Colombie\"}]},{\"@type\":\"WebSite\",\"@id\":\"https:\\\/\\\/interamerica.org\\\/fr\\\/#website\",\"url\":\"https:\\\/\\\/interamerica.org\\\/fr\\\/\",\"name\":\"\u00c9glise Adventiste Du Septieme Jour - Inter Am\u00e9rique Division\",\"description\":\"\",\"potentialAction\":[{\"@type\":\"SearchAction\",\"target\":{\"@type\":\"EntryPoint\",\"urlTemplate\":\"https:\\\/\\\/interamerica.org\\\/fr\\\/?s={search_term_string}\"},\"query-input\":{\"@type\":\"PropertyValueSpecification\",\"valueRequired\":true,\"valueName\":\"search_term_string\"}}],\"inLanguage\":\"fr-FR\"},{\"@type\":\"Person\",\"@id\":\"https:\\\/\\\/interamerica.org\\\/fr\\\/#\\\/schema\\\/person\\\/29998f2bc2d8bd0d38662909289b54f1\",\"name\":\"libna\",\"image\":{\"@type\":\"ImageObject\",\"inLanguage\":\"fr-FR\",\"@id\":\"https:\\\/\\\/secure.gravatar.com\\\/avatar\\\/7c5bd30ae4b47a9ba3c856590957fd1d96dc588bf3ac05719d247e126840331f?s=96&d=mm&r=g\",\"url\":\"https:\\\/\\\/secure.gravatar.com\\\/avatar\\\/7c5bd30ae4b47a9ba3c856590957fd1d96dc588bf3ac05719d247e126840331f?s=96&d=mm&r=g\",\"contentUrl\":\"https:\\\/\\\/secure.gravatar.com\\\/avatar\\\/7c5bd30ae4b47a9ba3c856590957fd1d96dc588bf3ac05719d247e126840331f?s=96&d=mm&r=g\",\"caption\":\"libna\"}}]}<\/script>\n<!-- \/ Yoast SEO plugin. -->","yoast_head_json":{"title":"L\u2019\u00c9glise adventiste forme des centaines de la\u00efcs \u00e0 la proclamation de l\u2019\u00e9vangile dans le Sud de la Colombie - \u00c9glise Adventiste Du Septieme Jour - Inter Am\u00e9rique Division","robots":{"index":"index","follow":"follow","max-snippet":"max-snippet:-1","max-image-preview":"max-image-preview:large","max-video-preview":"max-video-preview:-1"},"canonical":"https:\/\/interamerica.org\/fr\/2022\/02\/leglise-adventiste-forme-des-centaines-de-laics-a-la-proclamation-de-levangile-dans-le-sud-de-la-colombie\/","og_locale":"fr_FR","og_type":"article","og_title":"L\u2019\u00c9glise adventiste forme des centaines de la\u00efcs \u00e0 la proclamation de l\u2019\u00e9vangile dans le Sud de la Colombie - \u00c9glise Adventiste Du Septieme Jour - Inter Am\u00e9rique Division","og_description":"17 F\u00e9vrier 2022 | Bogota, Colombie | Laura Acosta et Actualit\u00e9s de la Division Inter Am\u00e9ricaine Plus de 1000 la\u00efcs dans le Sud de la Colombie ont \u00e9t\u00e9 r\u00e9cemment form\u00e9s...","og_url":"https:\/\/interamerica.org\/fr\/2022\/02\/leglise-adventiste-forme-des-centaines-de-laics-a-la-proclamation-de-levangile-dans-le-sud-de-la-colombie\/","og_site_name":"\u00c9glise Adventiste Du Septieme Jour - Inter Am\u00e9rique Division","article_published_time":"2022-02-18T01:52:24+00:00","article_modified_time":"2022-02-18T20:53:55+00:00","og_image":[{"width":1000,"height":563,"url":"https:\/\/interamerica.org\/wp-content\/uploads\/2022\/02\/socu-llanos-laycongress-crowd.jpg","type":"image\/jpeg"}],"author":"libna","twitter_card":"summary_large_image","twitter_misc":{"\u00c9crit par":"libna","Dur\u00e9e de lecture estim\u00e9e":"6 minutes"},"schema":{"@context":"https:\/\/schema.org","@graph":[{"@type":"Article","@id":"https:\/\/interamerica.org\/fr\/2022\/02\/leglise-adventiste-forme-des-centaines-de-laics-a-la-proclamation-de-levangile-dans-le-sud-de-la-colombie\/#article","isPartOf":{"@id":"https:\/\/interamerica.org\/fr\/2022\/02\/leglise-adventiste-forme-des-centaines-de-laics-a-la-proclamation-de-levangile-dans-le-sud-de-la-colombie\/"},"author":{"name":"libna","@id":"https:\/\/interamerica.org\/fr\/#\/schema\/person\/29998f2bc2d8bd0d38662909289b54f1"},"headline":"L\u2019\u00c9glise adventiste forme des centaines de la\u00efcs \u00e0 la proclamation de l\u2019\u00e9vangile dans le Sud de la Colombie","datePublished":"2022-02-18T01:52:24+00:00","dateModified":"2022-02-18T20:53:55+00:00","mainEntityOfPage":{"@id":"https:\/\/interamerica.org\/fr\/2022\/02\/leglise-adventiste-forme-des-centaines-de-laics-a-la-proclamation-de-levangile-dans-le-sud-de-la-colombie\/"},"wordCount":1200,"image":{"@id":"https:\/\/interamerica.org\/fr\/2022\/02\/leglise-adventiste-forme-des-centaines-de-laics-a-la-proclamation-de-levangile-dans-le-sud-de-la-colombie\/#primaryimage"},"thumbnailUrl":"https:\/\/interamerica.org\/wp-content\/uploads\/2022\/02\/socu-llanos-laycongress-crowd.jpg","articleSection":["Nouvelles du territoire","RSS Fran\u00e7ais"],"inLanguage":"fr-FR"},{"@type":"WebPage","@id":"https:\/\/interamerica.org\/fr\/2022\/02\/leglise-adventiste-forme-des-centaines-de-laics-a-la-proclamation-de-levangile-dans-le-sud-de-la-colombie\/","url":"https:\/\/interamerica.org\/fr\/2022\/02\/leglise-adventiste-forme-des-centaines-de-laics-a-la-proclamation-de-levangile-dans-le-sud-de-la-colombie\/","name":"L\u2019\u00c9glise adventiste forme des centaines de la\u00efcs \u00e0 la proclamation de l\u2019\u00e9vangile dans le Sud de la Colombie - \u00c9glise Adventiste Du Septieme Jour - Inter Am\u00e9rique Division","isPartOf":{"@id":"https:\/\/interamerica.org\/fr\/#website"},"primaryImageOfPage":{"@id":"https:\/\/interamerica.org\/fr\/2022\/02\/leglise-adventiste-forme-des-centaines-de-laics-a-la-proclamation-de-levangile-dans-le-sud-de-la-colombie\/#primaryimage"},"image":{"@id":"https:\/\/interamerica.org\/fr\/2022\/02\/leglise-adventiste-forme-des-centaines-de-laics-a-la-proclamation-de-levangile-dans-le-sud-de-la-colombie\/#primaryimage"},"thumbnailUrl":"https:\/\/interamerica.org\/wp-content\/uploads\/2022\/02\/socu-llanos-laycongress-crowd.jpg","datePublished":"2022-02-18T01:52:24+00:00","dateModified":"2022-02-18T20:53:55+00:00","author":{"@id":"https:\/\/interamerica.org\/fr\/#\/schema\/person\/29998f2bc2d8bd0d38662909289b54f1"},"breadcrumb":{"@id":"https:\/\/interamerica.org\/fr\/2022\/02\/leglise-adventiste-forme-des-centaines-de-laics-a-la-proclamation-de-levangile-dans-le-sud-de-la-colombie\/#breadcrumb"},"inLanguage":"fr-FR","potentialAction":[{"@type":"ReadAction","target":["https:\/\/interamerica.org\/fr\/2022\/02\/leglise-adventiste-forme-des-centaines-de-laics-a-la-proclamation-de-levangile-dans-le-sud-de-la-colombie\/"]}]},{"@type":"ImageObject","inLanguage":"fr-FR","@id":"https:\/\/interamerica.org\/fr\/2022\/02\/leglise-adventiste-forme-des-centaines-de-laics-a-la-proclamation-de-levangile-dans-le-sud-de-la-colombie\/#primaryimage","url":"https:\/\/interamerica.org\/wp-content\/uploads\/2022\/02\/socu-llanos-laycongress-crowd.jpg","contentUrl":"https:\/\/interamerica.org\/wp-content\/uploads\/2022\/02\/socu-llanos-laycongress-crowd.jpg","width":1000,"height":563},{"@type":"BreadcrumbList","@id":"https:\/\/interamerica.org\/fr\/2022\/02\/leglise-adventiste-forme-des-centaines-de-laics-a-la-proclamation-de-levangile-dans-le-sud-de-la-colombie\/#breadcrumb","itemListElement":[{"@type":"ListItem","position":1,"name":"Home","item":"https:\/\/interamerica.org\/fr\/"},{"@type":"ListItem","position":2,"name":"L\u2019\u00c9glise adventiste forme des centaines de la\u00efcs \u00e0 la proclamation de l\u2019\u00e9vangile dans le Sud de la Colombie"}]},{"@type":"WebSite","@id":"https:\/\/interamerica.org\/fr\/#website","url":"https:\/\/interamerica.org\/fr\/","name":"\u00c9glise Adventiste Du Septieme Jour - Inter Am\u00e9rique Division","description":"","potentialAction":[{"@type":"SearchAction","target":{"@type":"EntryPoint","urlTemplate":"https:\/\/interamerica.org\/fr\/?s={search_term_string}"},"query-input":{"@type":"PropertyValueSpecification","valueRequired":true,"valueName":"search_term_string"}}],"inLanguage":"fr-FR"},{"@type":"Person","@id":"https:\/\/interamerica.org\/fr\/#\/schema\/person\/29998f2bc2d8bd0d38662909289b54f1","name":"libna","image":{"@type":"ImageObject","inLanguage":"fr-FR","@id":"https:\/\/secure.gravatar.com\/avatar\/7c5bd30ae4b47a9ba3c856590957fd1d96dc588bf3ac05719d247e126840331f?s=96&d=mm&r=g","url":"https:\/\/secure.gravatar.com\/avatar\/7c5bd30ae4b47a9ba3c856590957fd1d96dc588bf3ac05719d247e126840331f?s=96&d=mm&r=g","contentUrl":"https:\/\/secure.gravatar.com\/avatar\/7c5bd30ae4b47a9ba3c856590957fd1d96dc588bf3ac05719d247e126840331f?s=96&d=mm&r=g","caption":"libna"}}]}},"_links":{"self":[{"href":"https:\/\/interamerica.org\/fr\/wp-json\/wp\/v2\/posts\/81657","targetHints":{"allow":["GET"]}}],"collection":[{"href":"https:\/\/interamerica.org\/fr\/wp-json\/wp\/v2\/posts"}],"about":[{"href":"https:\/\/interamerica.org\/fr\/wp-json\/wp\/v2\/types\/post"}],"author":[{"embeddable":true,"href":"https:\/\/interamerica.org\/fr\/wp-json\/wp\/v2\/users\/3"}],"replies":[{"embeddable":true,"href":"https:\/\/interamerica.org\/fr\/wp-json\/wp\/v2\/comments?post=81657"}],"version-history":[{"count":0,"href":"https:\/\/interamerica.org\/fr\/wp-json\/wp\/v2\/posts\/81657\/revisions"}],"wp:featuredmedia":[{"embeddable":true,"href":"https:\/\/interamerica.org\/fr\/wp-json\/wp\/v2\/media\/81630"}],"wp:attachment":[{"href":"https:\/\/interamerica.org\/fr\/wp-json\/wp\/v2\/media?parent=81657"}],"wp:term":[{"taxonomy":"category","embeddable":true,"href":"https:\/\/interamerica.org\/fr\/wp-json\/wp\/v2\/categories?post=81657"},{"taxonomy":"post_tag","embeddable":true,"href":"https:\/\/interamerica.org\/fr\/wp-json\/wp\/v2\/tags?post=81657"}],"curies":[{"name":"wp","href":"https:\/\/api.w.org\/{rel}","templated":true}]}}