{"id":81778,"date":"2022-02-23T11:11:58","date_gmt":"2022-02-23T15:11:58","guid":{"rendered":"https:\/\/recursing-golick.147-182-135-0.plesk.page\/?p=81778"},"modified":"2022-02-24T09:12:23","modified_gmt":"2022-02-24T13:12:23","slug":"nous-sommes-reconnaissants-pour-chaque-soldat-policier-infirmiere-medecin-et-fonctionnaire","status":"publish","type":"post","link":"https:\/\/interamerica.org\/fr\/2022\/02\/nous-sommes-reconnaissants-pour-chaque-soldat-policier-infirmiere-medecin-et-fonctionnaire\/","title":{"rendered":"\u00ab Nous sommes reconnaissants pour chaque soldat, policier, infirmi\u00e8re, m\u00e9decin et fonctionnaire \u00bb"},"content":{"rendered":"<p><strong>Aux Philippines, les adventistes reconnaissent le soutien gouvernemental des efforts humanitaires.<\/strong><\/p>\n<p id=\"headline-6-7\" class=\"ct-headline\">Le 22 f\u00e9vrier 2022 | Mindoro, Philippines | Edward Rodriguez pour la Division de l\u2019Asie-Pacifique du Sud et <em>Adventist Review<\/em><\/p>\n<p>L\u2019\u00c9glise adventiste du septi\u00e8me jour encourage diverses initiatives dans le monde, et les dirigeants de l\u2019\u00c9glise croient qu\u2019un soutien ind\u00e9fectible de l\u2019\u00c9glise et de la soci\u00e9t\u00e9 qui l\u2019entoure est essentiel pour assurer leur efficacit\u00e9 et leur influence au sein de la population. L\u2019\u00c9glise adventiste et les responsables gouvernementaux de l\u2019\u00eele de Mindoro, aux Philippines, ont collabor\u00e9 sur plusieurs efforts de l\u2019\u00c9glise. Et selon les dirigeants, cela a contribu\u00e9 au renforcement des programmes de l\u2019\u00c9glise et des causes qu\u2019elle d\u00e9fend relativement \u00e0 la spiritualit\u00e9, la sant\u00e9, la famille et l\u2019esp\u00e9rance.<\/p>\n<p>\u00ab\u00a0L\u2019\u0153uvre du Seigneur est un effort collaboratif. Nous ne pouvons l\u2019accomplir seuls. Le Seigneur nous permet de rencontrer des gens qui ont la m\u00eame passion, le m\u00eame c\u0153ur pour son \u0153uvre, qui consiste \u00e0 s\u2019assurer que le travail se fasse, a dit Saw Samuel, pr\u00e9sident de la Division de l\u2019Asie-Pacifique du Sud de l\u2019\u00c9glise adventiste du septi\u00e8me jour. Nous sommes reconnaissants pour chaque soldat, policier, infirmi\u00e8re, m\u00e9decin et fonctionnaire. Vous avez tous jou\u00e9 un r\u00f4le crucial en devenant un moyen de partage de l\u2019amour de Dieu dans ce lieu\u00a0\u00bb, a-t-il ajout\u00e9.<\/p>\n<p>L\u2019\u00eele de Mindoro, o\u00f9 se trouvent les bureaux gouvernementaux des provinces orientale et occidentale, a particip\u00e9 activement \u00e0 la mise en \u0153uvre de programmes d\u2019\u00e9glise sur l\u2019enti\u00e8ret\u00e9 de l\u2019\u00eele. Avec son approche holistique de partage du message d\u2019espoir de Dieu avec les gens, l\u2019\u00c9glise a organis\u00e9 une vari\u00e9t\u00e9 de programmes allant des missions m\u00e9dicales aux ateliers d\u2019enrichissement familial en passant par les r\u00e9unions d\u2019\u00e9conomat, les campagnes d\u2019\u00e9vang\u00e9lisation et les rassemblements sociaux.<\/p>\n<p>Lors d\u2019une r\u00e9cente c\u00e9r\u00e9monie, les dirigeants adventistes ont reconnu et remerci\u00e9 le gouvernement pour son soutien des efforts et des interventions de l\u2019\u00c9glise. Les responsables gouvernementaux ont \u00e9galement exprim\u00e9 leur profonde gratitude pour leur partenariat avec l\u2019\u00c9glise adventiste.<\/p>\n<p>\u00ab\u00a0En toute sinc\u00e9rit\u00e9, je suis reconnaissant envers l\u2019\u00c9glise adventiste. Il me reste encore beaucoup de choses \u00e0 faire aujourd\u2019hui, mais je rentre \u00e0 la maison le c\u0153ur b\u00e9ni. Paul nous a rappel\u00e9 d\u2019\u00eatre reconnaissants au nom de J\u00e9sus-Christ afin d\u2019avoir un c\u0153ur rempli de gratitude, a dit Humerlito \u201cBonz\u201d Dolor, gouverneur de Mindoro-Est. Je suis certain que, ce soir, nous avons tous le c\u0153ur rempli de l\u2019amour qui provient du Seigneur. Nous le remercions d\u2019ailleurs pour son amour <em>agape<\/em> que nous pouvons partager avec d\u2019autres personnes et avec tous ceux qui travaillent c\u00f4te \u00e0 c\u00f4te avec lui.\u00a0\u00bb<\/p>\n<p>En d\u00e9cembre 2021, l\u2019\u00c9glise adventiste et le gouvernement ont collabor\u00e9 pour atteindre les groupes minoritaires et les rebelles se trouvant en r\u00e9gion montagneuse \u00e9loign\u00e9e de Mindoro. Et c\u2019est Adventist World Radio, la station de radio officielle de l\u2019\u00c9glise adventiste, qui a conduit cette initiative, qui a men\u00e9 certains groupes minoritaires et rebelles \u00e0 accepter J\u00e9sus par le bapt\u00eame.<\/p>\n<p>Les dirigeants de l\u2019\u00c9glise adventiste ont expliqu\u00e9 que, par les pri\u00e8res ferventes et la coordination constante, les membres ax\u00e9s sur la mission ont particip\u00e9 \u00e0 l\u2019organisation d\u2019une campagne d\u2019\u00e9vang\u00e9lisation \u00e0 la grandeur de l\u2019\u00eele. \u00ab\u00a0Cela a men\u00e9 \u00e0 une belle collaboration entre l\u2019\u00e9glise et le gouvernement de Mindoro\u00a0\u00bb, ont-ils ajout\u00e9.<\/p>\n<p><em>La <a href=\"https:\/\/adventist.asia\/news\/adventists-church-recognizes-government-contributions-in-various-humanitarian-efforts-in-mindoro-philippines\/\">version originale<\/a> de cet article a \u00e9t\u00e9 publi\u00e9e sur le <a href=\"https:\/\/adventist.asia\/news\">site d\u2019actualit\u00e9s<\/a> de la Division de l\u2019Asie-Pacifique du Sud.<\/em><\/p>\n<p>Traduction\u00a0: Marie-Mich\u00e8le Robitaille<\/p>\n","protected":false},"excerpt":{"rendered":"<p>Aux Philippines, les adventistes reconnaissent le soutien gouvernemental des efforts humanitaires. Le 22 f\u00e9vrier 2022 | Mindoro, Philippines | Edward Rodriguez pour la Division de l\u2019Asie-Pacifique du Sud et Adventist&#8230;<\/p>\n","protected":false},"author":3,"featured_media":81678,"comment_status":"closed","ping_status":"closed","sticky":false,"template":"","format":"standard","meta":{"_acf_changed":false,"footnotes":""},"categories":[18,19],"tags":[],"class_list":["post-81778","post","type-post","status-publish","format-standard","has-post-thumbnail","hentry","category-nouvelles-de-leglise-mondiale","category-rss-francais"],"acf":[],"yoast_head":"<!-- This site is optimized with the Yoast SEO plugin v27.3 - https:\/\/yoast.com\/product\/yoast-seo-wordpress\/ -->\n<title>\u00ab Nous sommes reconnaissants pour chaque soldat, policier, infirmi\u00e8re, m\u00e9decin et fonctionnaire \u00bb - \u00c9glise Adventiste Du Septieme Jour - Inter Am\u00e9rique Division<\/title>\n<meta name=\"robots\" content=\"index, follow, max-snippet:-1, max-image-preview:large, max-video-preview:-1\" \/>\n<link rel=\"canonical\" href=\"https:\/\/interamerica.org\/fr\/2022\/02\/nous-sommes-reconnaissants-pour-chaque-soldat-policier-infirmiere-medecin-et-fonctionnaire\/\" \/>\n<meta property=\"og:locale\" content=\"fr_FR\" \/>\n<meta property=\"og:type\" content=\"article\" \/>\n<meta property=\"og:title\" content=\"\u00ab Nous sommes reconnaissants pour chaque soldat, policier, infirmi\u00e8re, m\u00e9decin et fonctionnaire \u00bb - \u00c9glise Adventiste Du Septieme Jour - Inter Am\u00e9rique Division\" \/>\n<meta property=\"og:description\" content=\"Aux Philippines, les adventistes reconnaissent le soutien gouvernemental des efforts humanitaires. Le 22 f\u00e9vrier 2022 | Mindoro, Philippines | Edward Rodriguez pour la Division de l\u2019Asie-Pacifique du Sud et Adventist...\" \/>\n<meta property=\"og:url\" content=\"https:\/\/interamerica.org\/fr\/2022\/02\/nous-sommes-reconnaissants-pour-chaque-soldat-policier-infirmiere-medecin-et-fonctionnaire\/\" \/>\n<meta property=\"og:site_name\" content=\"\u00c9glise Adventiste Du Septieme Jour - Inter Am\u00e9rique Division\" \/>\n<meta property=\"article:published_time\" content=\"2022-02-23T15:11:58+00:00\" \/>\n<meta property=\"article:modified_time\" content=\"2022-02-24T13:12:23+00:00\" \/>\n<meta property=\"og:image\" content=\"https:\/\/interamerica.org\/wp-content\/uploads\/2022\/02\/we-are-thankful-for-every-soldier-policeman-nurse-doctor-and-public-servant1.jpg\" \/>\n\t<meta property=\"og:image:width\" content=\"926\" \/>\n\t<meta property=\"og:image:height\" content=\"500\" \/>\n\t<meta property=\"og:image:type\" content=\"image\/jpeg\" \/>\n<meta name=\"author\" content=\"libna\" \/>\n<meta name=\"twitter:card\" content=\"summary_large_image\" \/>\n<meta name=\"twitter:label1\" content=\"\u00c9crit par\" \/>\n\t<meta name=\"twitter:data1\" content=\"libna\" \/>\n\t<meta name=\"twitter:label2\" content=\"Dur\u00e9e de lecture estim\u00e9e\" \/>\n\t<meta name=\"twitter:data2\" content=\"3 minutes\" \/>\n<script type=\"application\/ld+json\" class=\"yoast-schema-graph\">{\"@context\":\"https:\\\/\\\/schema.org\",\"@graph\":[{\"@type\":\"Article\",\"@id\":\"https:\\\/\\\/interamerica.org\\\/fr\\\/2022\\\/02\\\/nous-sommes-reconnaissants-pour-chaque-soldat-policier-infirmiere-medecin-et-fonctionnaire\\\/#article\",\"isPartOf\":{\"@id\":\"https:\\\/\\\/interamerica.org\\\/fr\\\/2022\\\/02\\\/nous-sommes-reconnaissants-pour-chaque-soldat-policier-infirmiere-medecin-et-fonctionnaire\\\/\"},\"author\":{\"name\":\"libna\",\"@id\":\"https:\\\/\\\/interamerica.org\\\/fr\\\/#\\\/schema\\\/person\\\/29998f2bc2d8bd0d38662909289b54f1\"},\"headline\":\"\u00ab Nous sommes reconnaissants pour chaque soldat, policier, infirmi\u00e8re, m\u00e9decin et fonctionnaire \u00bb\",\"datePublished\":\"2022-02-23T15:11:58+00:00\",\"dateModified\":\"2022-02-24T13:12:23+00:00\",\"mainEntityOfPage\":{\"@id\":\"https:\\\/\\\/interamerica.org\\\/fr\\\/2022\\\/02\\\/nous-sommes-reconnaissants-pour-chaque-soldat-policier-infirmiere-medecin-et-fonctionnaire\\\/\"},\"wordCount\":635,\"image\":{\"@id\":\"https:\\\/\\\/interamerica.org\\\/fr\\\/2022\\\/02\\\/nous-sommes-reconnaissants-pour-chaque-soldat-policier-infirmiere-medecin-et-fonctionnaire\\\/#primaryimage\"},\"thumbnailUrl\":\"https:\\\/\\\/interamerica.org\\\/wp-content\\\/uploads\\\/2022\\\/02\\\/we-are-thankful-for-every-soldier-policeman-nurse-doctor-and-public-servant1.jpg\",\"articleSection\":[\"Nouvelles de l'\u00c9glise mondiale\",\"RSS Fran\u00e7ais\"],\"inLanguage\":\"fr-FR\"},{\"@type\":\"WebPage\",\"@id\":\"https:\\\/\\\/interamerica.org\\\/fr\\\/2022\\\/02\\\/nous-sommes-reconnaissants-pour-chaque-soldat-policier-infirmiere-medecin-et-fonctionnaire\\\/\",\"url\":\"https:\\\/\\\/interamerica.org\\\/fr\\\/2022\\\/02\\\/nous-sommes-reconnaissants-pour-chaque-soldat-policier-infirmiere-medecin-et-fonctionnaire\\\/\",\"name\":\"\u00ab Nous sommes reconnaissants pour chaque soldat, policier, infirmi\u00e8re, m\u00e9decin et fonctionnaire \u00bb - \u00c9glise Adventiste Du Septieme Jour - Inter Am\u00e9rique Division\",\"isPartOf\":{\"@id\":\"https:\\\/\\\/interamerica.org\\\/fr\\\/#website\"},\"primaryImageOfPage\":{\"@id\":\"https:\\\/\\\/interamerica.org\\\/fr\\\/2022\\\/02\\\/nous-sommes-reconnaissants-pour-chaque-soldat-policier-infirmiere-medecin-et-fonctionnaire\\\/#primaryimage\"},\"image\":{\"@id\":\"https:\\\/\\\/interamerica.org\\\/fr\\\/2022\\\/02\\\/nous-sommes-reconnaissants-pour-chaque-soldat-policier-infirmiere-medecin-et-fonctionnaire\\\/#primaryimage\"},\"thumbnailUrl\":\"https:\\\/\\\/interamerica.org\\\/wp-content\\\/uploads\\\/2022\\\/02\\\/we-are-thankful-for-every-soldier-policeman-nurse-doctor-and-public-servant1.jpg\",\"datePublished\":\"2022-02-23T15:11:58+00:00\",\"dateModified\":\"2022-02-24T13:12:23+00:00\",\"author\":{\"@id\":\"https:\\\/\\\/interamerica.org\\\/fr\\\/#\\\/schema\\\/person\\\/29998f2bc2d8bd0d38662909289b54f1\"},\"breadcrumb\":{\"@id\":\"https:\\\/\\\/interamerica.org\\\/fr\\\/2022\\\/02\\\/nous-sommes-reconnaissants-pour-chaque-soldat-policier-infirmiere-medecin-et-fonctionnaire\\\/#breadcrumb\"},\"inLanguage\":\"fr-FR\",\"potentialAction\":[{\"@type\":\"ReadAction\",\"target\":[\"https:\\\/\\\/interamerica.org\\\/fr\\\/2022\\\/02\\\/nous-sommes-reconnaissants-pour-chaque-soldat-policier-infirmiere-medecin-et-fonctionnaire\\\/\"]}]},{\"@type\":\"ImageObject\",\"inLanguage\":\"fr-FR\",\"@id\":\"https:\\\/\\\/interamerica.org\\\/fr\\\/2022\\\/02\\\/nous-sommes-reconnaissants-pour-chaque-soldat-policier-infirmiere-medecin-et-fonctionnaire\\\/#primaryimage\",\"url\":\"https:\\\/\\\/interamerica.org\\\/wp-content\\\/uploads\\\/2022\\\/02\\\/we-are-thankful-for-every-soldier-policeman-nurse-doctor-and-public-servant1.jpg\",\"contentUrl\":\"https:\\\/\\\/interamerica.org\\\/wp-content\\\/uploads\\\/2022\\\/02\\\/we-are-thankful-for-every-soldier-policeman-nurse-doctor-and-public-servant1.jpg\",\"width\":926,\"height\":500},{\"@type\":\"BreadcrumbList\",\"@id\":\"https:\\\/\\\/interamerica.org\\\/fr\\\/2022\\\/02\\\/nous-sommes-reconnaissants-pour-chaque-soldat-policier-infirmiere-medecin-et-fonctionnaire\\\/#breadcrumb\",\"itemListElement\":[{\"@type\":\"ListItem\",\"position\":1,\"name\":\"Home\",\"item\":\"https:\\\/\\\/interamerica.org\\\/fr\\\/\"},{\"@type\":\"ListItem\",\"position\":2,\"name\":\"\u00ab Nous sommes reconnaissants pour chaque soldat, policier, infirmi\u00e8re, m\u00e9decin et fonctionnaire \u00bb\"}]},{\"@type\":\"WebSite\",\"@id\":\"https:\\\/\\\/interamerica.org\\\/fr\\\/#website\",\"url\":\"https:\\\/\\\/interamerica.org\\\/fr\\\/\",\"name\":\"\u00c9glise Adventiste Du Septieme Jour - Inter Am\u00e9rique Division\",\"description\":\"\",\"potentialAction\":[{\"@type\":\"SearchAction\",\"target\":{\"@type\":\"EntryPoint\",\"urlTemplate\":\"https:\\\/\\\/interamerica.org\\\/fr\\\/?s={search_term_string}\"},\"query-input\":{\"@type\":\"PropertyValueSpecification\",\"valueRequired\":true,\"valueName\":\"search_term_string\"}}],\"inLanguage\":\"fr-FR\"},{\"@type\":\"Person\",\"@id\":\"https:\\\/\\\/interamerica.org\\\/fr\\\/#\\\/schema\\\/person\\\/29998f2bc2d8bd0d38662909289b54f1\",\"name\":\"libna\",\"image\":{\"@type\":\"ImageObject\",\"inLanguage\":\"fr-FR\",\"@id\":\"https:\\\/\\\/secure.gravatar.com\\\/avatar\\\/7c5bd30ae4b47a9ba3c856590957fd1d96dc588bf3ac05719d247e126840331f?s=96&d=mm&r=g\",\"url\":\"https:\\\/\\\/secure.gravatar.com\\\/avatar\\\/7c5bd30ae4b47a9ba3c856590957fd1d96dc588bf3ac05719d247e126840331f?s=96&d=mm&r=g\",\"contentUrl\":\"https:\\\/\\\/secure.gravatar.com\\\/avatar\\\/7c5bd30ae4b47a9ba3c856590957fd1d96dc588bf3ac05719d247e126840331f?s=96&d=mm&r=g\",\"caption\":\"libna\"}}]}<\/script>\n<!-- \/ Yoast SEO plugin. -->","yoast_head_json":{"title":"\u00ab Nous sommes reconnaissants pour chaque soldat, policier, infirmi\u00e8re, m\u00e9decin et fonctionnaire \u00bb - \u00c9glise Adventiste Du Septieme Jour - Inter Am\u00e9rique Division","robots":{"index":"index","follow":"follow","max-snippet":"max-snippet:-1","max-image-preview":"max-image-preview:large","max-video-preview":"max-video-preview:-1"},"canonical":"https:\/\/interamerica.org\/fr\/2022\/02\/nous-sommes-reconnaissants-pour-chaque-soldat-policier-infirmiere-medecin-et-fonctionnaire\/","og_locale":"fr_FR","og_type":"article","og_title":"\u00ab Nous sommes reconnaissants pour chaque soldat, policier, infirmi\u00e8re, m\u00e9decin et fonctionnaire \u00bb - \u00c9glise Adventiste Du Septieme Jour - Inter Am\u00e9rique Division","og_description":"Aux Philippines, les adventistes reconnaissent le soutien gouvernemental des efforts humanitaires. Le 22 f\u00e9vrier 2022 | Mindoro, Philippines | Edward Rodriguez pour la Division de l\u2019Asie-Pacifique du Sud et Adventist...","og_url":"https:\/\/interamerica.org\/fr\/2022\/02\/nous-sommes-reconnaissants-pour-chaque-soldat-policier-infirmiere-medecin-et-fonctionnaire\/","og_site_name":"\u00c9glise Adventiste Du Septieme Jour - Inter Am\u00e9rique Division","article_published_time":"2022-02-23T15:11:58+00:00","article_modified_time":"2022-02-24T13:12:23+00:00","og_image":[{"width":926,"height":500,"url":"https:\/\/interamerica.org\/wp-content\/uploads\/2022\/02\/we-are-thankful-for-every-soldier-policeman-nurse-doctor-and-public-servant1.jpg","type":"image\/jpeg"}],"author":"libna","twitter_card":"summary_large_image","twitter_misc":{"\u00c9crit par":"libna","Dur\u00e9e de lecture estim\u00e9e":"3 minutes"},"schema":{"@context":"https:\/\/schema.org","@graph":[{"@type":"Article","@id":"https:\/\/interamerica.org\/fr\/2022\/02\/nous-sommes-reconnaissants-pour-chaque-soldat-policier-infirmiere-medecin-et-fonctionnaire\/#article","isPartOf":{"@id":"https:\/\/interamerica.org\/fr\/2022\/02\/nous-sommes-reconnaissants-pour-chaque-soldat-policier-infirmiere-medecin-et-fonctionnaire\/"},"author":{"name":"libna","@id":"https:\/\/interamerica.org\/fr\/#\/schema\/person\/29998f2bc2d8bd0d38662909289b54f1"},"headline":"\u00ab Nous sommes reconnaissants pour chaque soldat, policier, infirmi\u00e8re, m\u00e9decin et fonctionnaire \u00bb","datePublished":"2022-02-23T15:11:58+00:00","dateModified":"2022-02-24T13:12:23+00:00","mainEntityOfPage":{"@id":"https:\/\/interamerica.org\/fr\/2022\/02\/nous-sommes-reconnaissants-pour-chaque-soldat-policier-infirmiere-medecin-et-fonctionnaire\/"},"wordCount":635,"image":{"@id":"https:\/\/interamerica.org\/fr\/2022\/02\/nous-sommes-reconnaissants-pour-chaque-soldat-policier-infirmiere-medecin-et-fonctionnaire\/#primaryimage"},"thumbnailUrl":"https:\/\/interamerica.org\/wp-content\/uploads\/2022\/02\/we-are-thankful-for-every-soldier-policeman-nurse-doctor-and-public-servant1.jpg","articleSection":["Nouvelles de l'\u00c9glise mondiale","RSS Fran\u00e7ais"],"inLanguage":"fr-FR"},{"@type":"WebPage","@id":"https:\/\/interamerica.org\/fr\/2022\/02\/nous-sommes-reconnaissants-pour-chaque-soldat-policier-infirmiere-medecin-et-fonctionnaire\/","url":"https:\/\/interamerica.org\/fr\/2022\/02\/nous-sommes-reconnaissants-pour-chaque-soldat-policier-infirmiere-medecin-et-fonctionnaire\/","name":"\u00ab Nous sommes reconnaissants pour chaque soldat, policier, infirmi\u00e8re, m\u00e9decin et fonctionnaire \u00bb - \u00c9glise Adventiste Du Septieme Jour - Inter Am\u00e9rique Division","isPartOf":{"@id":"https:\/\/interamerica.org\/fr\/#website"},"primaryImageOfPage":{"@id":"https:\/\/interamerica.org\/fr\/2022\/02\/nous-sommes-reconnaissants-pour-chaque-soldat-policier-infirmiere-medecin-et-fonctionnaire\/#primaryimage"},"image":{"@id":"https:\/\/interamerica.org\/fr\/2022\/02\/nous-sommes-reconnaissants-pour-chaque-soldat-policier-infirmiere-medecin-et-fonctionnaire\/#primaryimage"},"thumbnailUrl":"https:\/\/interamerica.org\/wp-content\/uploads\/2022\/02\/we-are-thankful-for-every-soldier-policeman-nurse-doctor-and-public-servant1.jpg","datePublished":"2022-02-23T15:11:58+00:00","dateModified":"2022-02-24T13:12:23+00:00","author":{"@id":"https:\/\/interamerica.org\/fr\/#\/schema\/person\/29998f2bc2d8bd0d38662909289b54f1"},"breadcrumb":{"@id":"https:\/\/interamerica.org\/fr\/2022\/02\/nous-sommes-reconnaissants-pour-chaque-soldat-policier-infirmiere-medecin-et-fonctionnaire\/#breadcrumb"},"inLanguage":"fr-FR","potentialAction":[{"@type":"ReadAction","target":["https:\/\/interamerica.org\/fr\/2022\/02\/nous-sommes-reconnaissants-pour-chaque-soldat-policier-infirmiere-medecin-et-fonctionnaire\/"]}]},{"@type":"ImageObject","inLanguage":"fr-FR","@id":"https:\/\/interamerica.org\/fr\/2022\/02\/nous-sommes-reconnaissants-pour-chaque-soldat-policier-infirmiere-medecin-et-fonctionnaire\/#primaryimage","url":"https:\/\/interamerica.org\/wp-content\/uploads\/2022\/02\/we-are-thankful-for-every-soldier-policeman-nurse-doctor-and-public-servant1.jpg","contentUrl":"https:\/\/interamerica.org\/wp-content\/uploads\/2022\/02\/we-are-thankful-for-every-soldier-policeman-nurse-doctor-and-public-servant1.jpg","width":926,"height":500},{"@type":"BreadcrumbList","@id":"https:\/\/interamerica.org\/fr\/2022\/02\/nous-sommes-reconnaissants-pour-chaque-soldat-policier-infirmiere-medecin-et-fonctionnaire\/#breadcrumb","itemListElement":[{"@type":"ListItem","position":1,"name":"Home","item":"https:\/\/interamerica.org\/fr\/"},{"@type":"ListItem","position":2,"name":"\u00ab Nous sommes reconnaissants pour chaque soldat, policier, infirmi\u00e8re, m\u00e9decin et fonctionnaire \u00bb"}]},{"@type":"WebSite","@id":"https:\/\/interamerica.org\/fr\/#website","url":"https:\/\/interamerica.org\/fr\/","name":"\u00c9glise Adventiste Du Septieme Jour - Inter Am\u00e9rique Division","description":"","potentialAction":[{"@type":"SearchAction","target":{"@type":"EntryPoint","urlTemplate":"https:\/\/interamerica.org\/fr\/?s={search_term_string}"},"query-input":{"@type":"PropertyValueSpecification","valueRequired":true,"valueName":"search_term_string"}}],"inLanguage":"fr-FR"},{"@type":"Person","@id":"https:\/\/interamerica.org\/fr\/#\/schema\/person\/29998f2bc2d8bd0d38662909289b54f1","name":"libna","image":{"@type":"ImageObject","inLanguage":"fr-FR","@id":"https:\/\/secure.gravatar.com\/avatar\/7c5bd30ae4b47a9ba3c856590957fd1d96dc588bf3ac05719d247e126840331f?s=96&d=mm&r=g","url":"https:\/\/secure.gravatar.com\/avatar\/7c5bd30ae4b47a9ba3c856590957fd1d96dc588bf3ac05719d247e126840331f?s=96&d=mm&r=g","contentUrl":"https:\/\/secure.gravatar.com\/avatar\/7c5bd30ae4b47a9ba3c856590957fd1d96dc588bf3ac05719d247e126840331f?s=96&d=mm&r=g","caption":"libna"}}]}},"_links":{"self":[{"href":"https:\/\/interamerica.org\/fr\/wp-json\/wp\/v2\/posts\/81778","targetHints":{"allow":["GET"]}}],"collection":[{"href":"https:\/\/interamerica.org\/fr\/wp-json\/wp\/v2\/posts"}],"about":[{"href":"https:\/\/interamerica.org\/fr\/wp-json\/wp\/v2\/types\/post"}],"author":[{"embeddable":true,"href":"https:\/\/interamerica.org\/fr\/wp-json\/wp\/v2\/users\/3"}],"replies":[{"embeddable":true,"href":"https:\/\/interamerica.org\/fr\/wp-json\/wp\/v2\/comments?post=81778"}],"version-history":[{"count":0,"href":"https:\/\/interamerica.org\/fr\/wp-json\/wp\/v2\/posts\/81778\/revisions"}],"wp:featuredmedia":[{"embeddable":true,"href":"https:\/\/interamerica.org\/fr\/wp-json\/wp\/v2\/media\/81678"}],"wp:attachment":[{"href":"https:\/\/interamerica.org\/fr\/wp-json\/wp\/v2\/media?parent=81778"}],"wp:term":[{"taxonomy":"category","embeddable":true,"href":"https:\/\/interamerica.org\/fr\/wp-json\/wp\/v2\/categories?post=81778"},{"taxonomy":"post_tag","embeddable":true,"href":"https:\/\/interamerica.org\/fr\/wp-json\/wp\/v2\/tags?post=81778"}],"curies":[{"name":"wp","href":"https:\/\/api.w.org\/{rel}","templated":true}]}}