{"id":81797,"date":"2022-02-22T11:20:30","date_gmt":"2022-02-22T15:20:30","guid":{"rendered":"https:\/\/recursing-golick.147-182-135-0.plesk.page\/?p=81797"},"modified":"2022-02-24T11:24:57","modified_gmt":"2022-02-24T15:24:57","slug":"en-australie-les-ministeres-aupres-des-indigenes-lancent-des-presentations-illustrees-sur-la-bible","status":"publish","type":"post","link":"https:\/\/interamerica.org\/fr\/2022\/02\/en-australie-les-ministeres-aupres-des-indigenes-lancent-des-presentations-illustrees-sur-la-bible\/","title":{"rendered":"En Australie, les minist\u00e8res aupr\u00e8s des indig\u00e8nes lancent des pr\u00e9sentations illustr\u00e9es sur la Bible"},"content":{"rendered":"<p><strong>De nouveaux guides d\u2019\u00e9tude sur PowerPoint s\u2019adresseront aux besoins des populations indig\u00e8nes.<\/strong><\/p>\n<p>Le 22 f\u00e9vrier 2022 | Australie | Darren Garlett pour <em>Adventist Record<\/em><\/p>\n<p>Les minist\u00e8res aupr\u00e8s des indig\u00e8nes et des insulaires du d\u00e9troit de Torr\u00e8s (ATSIM pour <em>Aboriginal and Torres Strait Islander Ministries<\/em>) en Australie ont r\u00e9cemment lanc\u00e9 une s\u00e9rie de 30\u00a0\u00e9tudes PowerPoint sur la Bible dans un anglais de base, illustr\u00e9 sp\u00e9cifiquement pour des lecteurs indig\u00e8nes australiens.<\/p>\n<p>Intitul\u00e9e <em>The Bible says\u2026<\/em>\u00a0(\u00ab\u00a0La Bible dit\u2026\u00a0\u00bb), la s\u00e9rie PowerPoint a \u00e9t\u00e9 cr\u00e9\u00e9e comme ressource d\u2019\u00e9vang\u00e9lisation pour les communaut\u00e9s indig\u00e8nes.<\/p>\n<p>Selon Don Fehlberg, pasteur r\u00e9cemment retrait\u00e9 des r\u00e9gions \u00e9loign\u00e9es des ATSIM, \u00ab\u00a0Une image vaut mille mots. Ces nouvelles pr\u00e9sentations PowerPoint illustr\u00e9es seront tr\u00e8s attrayantes pour les lecteurs indig\u00e8nes pour qui l\u2019anglais n\u2019est pas la langue maternelle.\u00a0\u00bb<\/p>\n<p>La s\u00e9rie est le produit final de plusieurs ann\u00e9es de travail d\u2019\u00e9quipe entre les supporters des ATSIM. Les ouvriers bibliques Mancel et Jubilee Dougherty de Finke, sur le Territoire du Nord, ont d\u00e9marr\u00e9 le projet et d\u00e9velopp\u00e9 la s\u00e9rie initiale. Le pasteur Fehlberg et sa femme, Eileen, les ont aid\u00e9s \u00e0 traduire les le\u00e7ons d\u2019origine en anglais de base, puis le contenu a \u00e9t\u00e9 illustr\u00e9 par Graham et Dianne Weir, qui ont acquis de l\u2019exp\u00e9rience avec la cr\u00e9ation des illustrations de la s\u00e9rie PowerPoint <em>Search for Certainty<\/em> de Mark Finley.<\/p>\n<p><div id=\"attachment_81692\" style=\"width: 856px\" class=\"wp-caption aligncenter\"><img fetchpriority=\"high\" decoding=\"async\" aria-describedby=\"caption-attachment-81692\" class=\" wp-image-81692\" src=\"https:\/\/recursing-golick.147-182-135-0.plesk.page\/wp-content\/uploads\/2022\/02\/the-bible-says-sample-1024x575-1.jpeg\" alt=\"\" width=\"846\" height=\"476\" srcset=\"https:\/\/interamerica.org\/wp-content\/uploads\/2022\/02\/the-bible-says-sample-1024x575-1.jpeg 1024w, https:\/\/interamerica.org\/wp-content\/uploads\/2022\/02\/the-bible-says-sample-1024x575-1-300x168.jpeg 300w, https:\/\/interamerica.org\/wp-content\/uploads\/2022\/02\/the-bible-says-sample-1024x575-1-768x431.jpeg 768w\" sizes=\"(max-width: 846px) 100vw, 846px\" \/><p id=\"caption-attachment-81692\" class=\"wp-caption-text\">Un aper\u00e7u de la s\u00e9rie PowerPoint illustr\u00e9e s\u2019adressant particuli\u00e8rement aux besoins des populations indig\u00e8nes australiennes. \u00ab Comment vivre plus long et de mani\u00e8re plus heureuse. \u00bb [Une photo d\u2019Adventist Record.]<\/p><\/div>Pour rendre les illustrations r\u00e9alistes, des photos du pasteur Fehlberg de ces peuples de premi\u00e8res nations ont \u00e9t\u00e9 utilis\u00e9es en plus d\u2019\u0153uvres d\u2019art produites il y a quelques ann\u00e9es par l\u2019artiste adventiste du septi\u00e8me jour Phil McKay pour les ATSIM.<\/p>\n<p>\u00ab\u00a0Il s\u2019agit d\u2019une excellente ressource qui sera utile aux ATSIM partout en Australie. Les pr\u00e9sentations sont conviviales et efficaces dans la communication des v\u00e9rit\u00e9s de la Bible\u00a0\u00bb, a dit Darren Garlett, directeur des ATSIM de l\u2019Union des f\u00e9d\u00e9rations australiennes.<\/p>\n<p>Albert Gerry, ancien \u00e0 l\u2019\u00e9glise adventiste du septi\u00e8me jour de Port Hedland, dans l\u2019ouest de l\u2019Australie, utilise d\u00e9j\u00e0 cette nouvelle ressource pour diriger un groupe d\u2019\u00e9tude. Il recommande les guides d\u2019\u00e9tude \u00e0 quiconque d\u00e9sire diriger des \u00e9tudes bibliques. \u00ab\u00a0Elles sont tr\u00e8s faciles \u00e0 pr\u00e9senter, et les \u00e9l\u00e8ves les ont trouv\u00e9s faciles \u00e0 suivre, m\u00eame avec une compr\u00e9hension tr\u00e8s limit\u00e9e de la Bible. Il s\u2019agit d\u2019une grande ressource\u00a0\u00bb, a-t-il dit.<\/p>\n<p>Le pasteur Fehlberg souligne que, m\u00eame si la ressource a \u00e9t\u00e9 con\u00e7ue sp\u00e9cialement pour les indig\u00e8nes australiens, elle peut \u00eatre utile pour quiconque d\u00e9sire offrir des \u00e9tudes de la Bible avec des gens dont l\u2019anglais est une langue seconde.<\/p>\n<p>\u00ab\u00a0Quiconque est capable de lier un ordinateur \u00e0 une t\u00e9l\u00e9vision peut utiliser cette ressource gratuite pour gagner des \u00e2mes\u00a0\u00bb, a-t-il dit.<\/p>\n<p><em>La <a href=\"https:\/\/record.adventistchurch.com\/2022\/02\/17\/atsim-launches-new-illustrated-bible-study-presentations-as-free-resource\/\">version originale<\/a> de cet article a \u00e9t\u00e9 publi\u00e9e sur le site d\u2019<\/em><a href=\"https:\/\/record.adventistchurch.com\/\">Adventist Record<\/a>.<\/p>\n<p>Traduction\u00a0: Marie-Mich\u00e8le Robitaille<\/p>\n","protected":false},"excerpt":{"rendered":"<p>De nouveaux guides d\u2019\u00e9tude sur PowerPoint s\u2019adresseront aux besoins des populations indig\u00e8nes. Le 22 f\u00e9vrier 2022 | Australie | Darren Garlett pour Adventist Record Les minist\u00e8res aupr\u00e8s des indig\u00e8nes et&#8230;<\/p>\n","protected":false},"author":3,"featured_media":81689,"comment_status":"closed","ping_status":"closed","sticky":false,"template":"","format":"standard","meta":{"_acf_changed":false,"footnotes":""},"categories":[18,19],"tags":[],"class_list":["post-81797","post","type-post","status-publish","format-standard","has-post-thumbnail","hentry","category-nouvelles-de-leglise-mondiale","category-rss-francais"],"acf":[],"yoast_head":"<!-- This site is optimized with the Yoast SEO plugin v27.3 - https:\/\/yoast.com\/product\/yoast-seo-wordpress\/ -->\n<title>En Australie, les minist\u00e8res aupr\u00e8s des indig\u00e8nes lancent des pr\u00e9sentations illustr\u00e9es sur la Bible - \u00c9glise Adventiste Du Septieme Jour - Inter Am\u00e9rique Division<\/title>\n<meta name=\"robots\" content=\"index, follow, max-snippet:-1, max-image-preview:large, max-video-preview:-1\" \/>\n<link rel=\"canonical\" href=\"https:\/\/interamerica.org\/fr\/2022\/02\/en-australie-les-ministeres-aupres-des-indigenes-lancent-des-presentations-illustrees-sur-la-bible\/\" \/>\n<meta property=\"og:locale\" content=\"fr_FR\" \/>\n<meta property=\"og:type\" content=\"article\" \/>\n<meta property=\"og:title\" content=\"En Australie, les minist\u00e8res aupr\u00e8s des indig\u00e8nes lancent des pr\u00e9sentations illustr\u00e9es sur la Bible - \u00c9glise Adventiste Du Septieme Jour - Inter Am\u00e9rique Division\" \/>\n<meta property=\"og:description\" content=\"De nouveaux guides d\u2019\u00e9tude sur PowerPoint s\u2019adresseront aux besoins des populations indig\u00e8nes. Le 22 f\u00e9vrier 2022 | Australie | Darren Garlett pour Adventist Record Les minist\u00e8res aupr\u00e8s des indig\u00e8nes et...\" \/>\n<meta property=\"og:url\" content=\"https:\/\/interamerica.org\/fr\/2022\/02\/en-australie-les-ministeres-aupres-des-indigenes-lancent-des-presentations-illustrees-sur-la-bible\/\" \/>\n<meta property=\"og:site_name\" content=\"\u00c9glise Adventiste Du Septieme Jour - Inter Am\u00e9rique Division\" \/>\n<meta property=\"article:published_time\" content=\"2022-02-22T15:20:30+00:00\" \/>\n<meta property=\"article:modified_time\" content=\"2022-02-24T15:24:57+00:00\" \/>\n<meta property=\"og:image\" content=\"https:\/\/interamerica.org\/wp-content\/uploads\/2022\/02\/in-australia-indigenous-ministries-launches-illustrated-bible-presentations1.jpeg\" \/>\n\t<meta property=\"og:image:width\" content=\"1000\" \/>\n\t<meta property=\"og:image:height\" content=\"500\" \/>\n\t<meta property=\"og:image:type\" content=\"image\/jpeg\" \/>\n<meta name=\"author\" content=\"libna\" \/>\n<meta name=\"twitter:card\" content=\"summary_large_image\" \/>\n<meta name=\"twitter:label1\" content=\"\u00c9crit par\" \/>\n\t<meta name=\"twitter:data1\" content=\"libna\" \/>\n\t<meta name=\"twitter:label2\" content=\"Dur\u00e9e de lecture estim\u00e9e\" \/>\n\t<meta name=\"twitter:data2\" content=\"3 minutes\" \/>\n<script type=\"application\/ld+json\" class=\"yoast-schema-graph\">{\"@context\":\"https:\\\/\\\/schema.org\",\"@graph\":[{\"@type\":\"Article\",\"@id\":\"https:\\\/\\\/interamerica.org\\\/fr\\\/2022\\\/02\\\/en-australie-les-ministeres-aupres-des-indigenes-lancent-des-presentations-illustrees-sur-la-bible\\\/#article\",\"isPartOf\":{\"@id\":\"https:\\\/\\\/interamerica.org\\\/fr\\\/2022\\\/02\\\/en-australie-les-ministeres-aupres-des-indigenes-lancent-des-presentations-illustrees-sur-la-bible\\\/\"},\"author\":{\"name\":\"libna\",\"@id\":\"https:\\\/\\\/interamerica.org\\\/fr\\\/#\\\/schema\\\/person\\\/29998f2bc2d8bd0d38662909289b54f1\"},\"headline\":\"En Australie, les minist\u00e8res aupr\u00e8s des indig\u00e8nes lancent des pr\u00e9sentations illustr\u00e9es sur la Bible\",\"datePublished\":\"2022-02-22T15:20:30+00:00\",\"dateModified\":\"2022-02-24T15:24:57+00:00\",\"mainEntityOfPage\":{\"@id\":\"https:\\\/\\\/interamerica.org\\\/fr\\\/2022\\\/02\\\/en-australie-les-ministeres-aupres-des-indigenes-lancent-des-presentations-illustrees-sur-la-bible\\\/\"},\"wordCount\":579,\"image\":{\"@id\":\"https:\\\/\\\/interamerica.org\\\/fr\\\/2022\\\/02\\\/en-australie-les-ministeres-aupres-des-indigenes-lancent-des-presentations-illustrees-sur-la-bible\\\/#primaryimage\"},\"thumbnailUrl\":\"https:\\\/\\\/interamerica.org\\\/wp-content\\\/uploads\\\/2022\\\/02\\\/in-australia-indigenous-ministries-launches-illustrated-bible-presentations1.jpeg\",\"articleSection\":[\"Nouvelles de l'\u00c9glise mondiale\",\"RSS Fran\u00e7ais\"],\"inLanguage\":\"fr-FR\"},{\"@type\":\"WebPage\",\"@id\":\"https:\\\/\\\/interamerica.org\\\/fr\\\/2022\\\/02\\\/en-australie-les-ministeres-aupres-des-indigenes-lancent-des-presentations-illustrees-sur-la-bible\\\/\",\"url\":\"https:\\\/\\\/interamerica.org\\\/fr\\\/2022\\\/02\\\/en-australie-les-ministeres-aupres-des-indigenes-lancent-des-presentations-illustrees-sur-la-bible\\\/\",\"name\":\"En Australie, les minist\u00e8res aupr\u00e8s des indig\u00e8nes lancent des pr\u00e9sentations illustr\u00e9es sur la Bible - \u00c9glise Adventiste Du Septieme Jour - Inter Am\u00e9rique Division\",\"isPartOf\":{\"@id\":\"https:\\\/\\\/interamerica.org\\\/fr\\\/#website\"},\"primaryImageOfPage\":{\"@id\":\"https:\\\/\\\/interamerica.org\\\/fr\\\/2022\\\/02\\\/en-australie-les-ministeres-aupres-des-indigenes-lancent-des-presentations-illustrees-sur-la-bible\\\/#primaryimage\"},\"image\":{\"@id\":\"https:\\\/\\\/interamerica.org\\\/fr\\\/2022\\\/02\\\/en-australie-les-ministeres-aupres-des-indigenes-lancent-des-presentations-illustrees-sur-la-bible\\\/#primaryimage\"},\"thumbnailUrl\":\"https:\\\/\\\/interamerica.org\\\/wp-content\\\/uploads\\\/2022\\\/02\\\/in-australia-indigenous-ministries-launches-illustrated-bible-presentations1.jpeg\",\"datePublished\":\"2022-02-22T15:20:30+00:00\",\"dateModified\":\"2022-02-24T15:24:57+00:00\",\"author\":{\"@id\":\"https:\\\/\\\/interamerica.org\\\/fr\\\/#\\\/schema\\\/person\\\/29998f2bc2d8bd0d38662909289b54f1\"},\"breadcrumb\":{\"@id\":\"https:\\\/\\\/interamerica.org\\\/fr\\\/2022\\\/02\\\/en-australie-les-ministeres-aupres-des-indigenes-lancent-des-presentations-illustrees-sur-la-bible\\\/#breadcrumb\"},\"inLanguage\":\"fr-FR\",\"potentialAction\":[{\"@type\":\"ReadAction\",\"target\":[\"https:\\\/\\\/interamerica.org\\\/fr\\\/2022\\\/02\\\/en-australie-les-ministeres-aupres-des-indigenes-lancent-des-presentations-illustrees-sur-la-bible\\\/\"]}]},{\"@type\":\"ImageObject\",\"inLanguage\":\"fr-FR\",\"@id\":\"https:\\\/\\\/interamerica.org\\\/fr\\\/2022\\\/02\\\/en-australie-les-ministeres-aupres-des-indigenes-lancent-des-presentations-illustrees-sur-la-bible\\\/#primaryimage\",\"url\":\"https:\\\/\\\/interamerica.org\\\/wp-content\\\/uploads\\\/2022\\\/02\\\/in-australia-indigenous-ministries-launches-illustrated-bible-presentations1.jpeg\",\"contentUrl\":\"https:\\\/\\\/interamerica.org\\\/wp-content\\\/uploads\\\/2022\\\/02\\\/in-australia-indigenous-ministries-launches-illustrated-bible-presentations1.jpeg\",\"width\":1000,\"height\":500},{\"@type\":\"BreadcrumbList\",\"@id\":\"https:\\\/\\\/interamerica.org\\\/fr\\\/2022\\\/02\\\/en-australie-les-ministeres-aupres-des-indigenes-lancent-des-presentations-illustrees-sur-la-bible\\\/#breadcrumb\",\"itemListElement\":[{\"@type\":\"ListItem\",\"position\":1,\"name\":\"Home\",\"item\":\"https:\\\/\\\/interamerica.org\\\/fr\\\/\"},{\"@type\":\"ListItem\",\"position\":2,\"name\":\"En Australie, les minist\u00e8res aupr\u00e8s des indig\u00e8nes lancent des pr\u00e9sentations illustr\u00e9es sur la Bible\"}]},{\"@type\":\"WebSite\",\"@id\":\"https:\\\/\\\/interamerica.org\\\/fr\\\/#website\",\"url\":\"https:\\\/\\\/interamerica.org\\\/fr\\\/\",\"name\":\"\u00c9glise Adventiste Du Septieme Jour - Inter Am\u00e9rique Division\",\"description\":\"\",\"potentialAction\":[{\"@type\":\"SearchAction\",\"target\":{\"@type\":\"EntryPoint\",\"urlTemplate\":\"https:\\\/\\\/interamerica.org\\\/fr\\\/?s={search_term_string}\"},\"query-input\":{\"@type\":\"PropertyValueSpecification\",\"valueRequired\":true,\"valueName\":\"search_term_string\"}}],\"inLanguage\":\"fr-FR\"},{\"@type\":\"Person\",\"@id\":\"https:\\\/\\\/interamerica.org\\\/fr\\\/#\\\/schema\\\/person\\\/29998f2bc2d8bd0d38662909289b54f1\",\"name\":\"libna\",\"image\":{\"@type\":\"ImageObject\",\"inLanguage\":\"fr-FR\",\"@id\":\"https:\\\/\\\/secure.gravatar.com\\\/avatar\\\/7c5bd30ae4b47a9ba3c856590957fd1d96dc588bf3ac05719d247e126840331f?s=96&d=mm&r=g\",\"url\":\"https:\\\/\\\/secure.gravatar.com\\\/avatar\\\/7c5bd30ae4b47a9ba3c856590957fd1d96dc588bf3ac05719d247e126840331f?s=96&d=mm&r=g\",\"contentUrl\":\"https:\\\/\\\/secure.gravatar.com\\\/avatar\\\/7c5bd30ae4b47a9ba3c856590957fd1d96dc588bf3ac05719d247e126840331f?s=96&d=mm&r=g\",\"caption\":\"libna\"}}]}<\/script>\n<!-- \/ Yoast SEO plugin. -->","yoast_head_json":{"title":"En Australie, les minist\u00e8res aupr\u00e8s des indig\u00e8nes lancent des pr\u00e9sentations illustr\u00e9es sur la Bible - \u00c9glise Adventiste Du Septieme Jour - Inter Am\u00e9rique Division","robots":{"index":"index","follow":"follow","max-snippet":"max-snippet:-1","max-image-preview":"max-image-preview:large","max-video-preview":"max-video-preview:-1"},"canonical":"https:\/\/interamerica.org\/fr\/2022\/02\/en-australie-les-ministeres-aupres-des-indigenes-lancent-des-presentations-illustrees-sur-la-bible\/","og_locale":"fr_FR","og_type":"article","og_title":"En Australie, les minist\u00e8res aupr\u00e8s des indig\u00e8nes lancent des pr\u00e9sentations illustr\u00e9es sur la Bible - \u00c9glise Adventiste Du Septieme Jour - Inter Am\u00e9rique Division","og_description":"De nouveaux guides d\u2019\u00e9tude sur PowerPoint s\u2019adresseront aux besoins des populations indig\u00e8nes. Le 22 f\u00e9vrier 2022 | Australie | Darren Garlett pour Adventist Record Les minist\u00e8res aupr\u00e8s des indig\u00e8nes et...","og_url":"https:\/\/interamerica.org\/fr\/2022\/02\/en-australie-les-ministeres-aupres-des-indigenes-lancent-des-presentations-illustrees-sur-la-bible\/","og_site_name":"\u00c9glise Adventiste Du Septieme Jour - Inter Am\u00e9rique Division","article_published_time":"2022-02-22T15:20:30+00:00","article_modified_time":"2022-02-24T15:24:57+00:00","og_image":[{"width":1000,"height":500,"url":"https:\/\/interamerica.org\/wp-content\/uploads\/2022\/02\/in-australia-indigenous-ministries-launches-illustrated-bible-presentations1.jpeg","type":"image\/jpeg"}],"author":"libna","twitter_card":"summary_large_image","twitter_misc":{"\u00c9crit par":"libna","Dur\u00e9e de lecture estim\u00e9e":"3 minutes"},"schema":{"@context":"https:\/\/schema.org","@graph":[{"@type":"Article","@id":"https:\/\/interamerica.org\/fr\/2022\/02\/en-australie-les-ministeres-aupres-des-indigenes-lancent-des-presentations-illustrees-sur-la-bible\/#article","isPartOf":{"@id":"https:\/\/interamerica.org\/fr\/2022\/02\/en-australie-les-ministeres-aupres-des-indigenes-lancent-des-presentations-illustrees-sur-la-bible\/"},"author":{"name":"libna","@id":"https:\/\/interamerica.org\/fr\/#\/schema\/person\/29998f2bc2d8bd0d38662909289b54f1"},"headline":"En Australie, les minist\u00e8res aupr\u00e8s des indig\u00e8nes lancent des pr\u00e9sentations illustr\u00e9es sur la Bible","datePublished":"2022-02-22T15:20:30+00:00","dateModified":"2022-02-24T15:24:57+00:00","mainEntityOfPage":{"@id":"https:\/\/interamerica.org\/fr\/2022\/02\/en-australie-les-ministeres-aupres-des-indigenes-lancent-des-presentations-illustrees-sur-la-bible\/"},"wordCount":579,"image":{"@id":"https:\/\/interamerica.org\/fr\/2022\/02\/en-australie-les-ministeres-aupres-des-indigenes-lancent-des-presentations-illustrees-sur-la-bible\/#primaryimage"},"thumbnailUrl":"https:\/\/interamerica.org\/wp-content\/uploads\/2022\/02\/in-australia-indigenous-ministries-launches-illustrated-bible-presentations1.jpeg","articleSection":["Nouvelles de l'\u00c9glise mondiale","RSS Fran\u00e7ais"],"inLanguage":"fr-FR"},{"@type":"WebPage","@id":"https:\/\/interamerica.org\/fr\/2022\/02\/en-australie-les-ministeres-aupres-des-indigenes-lancent-des-presentations-illustrees-sur-la-bible\/","url":"https:\/\/interamerica.org\/fr\/2022\/02\/en-australie-les-ministeres-aupres-des-indigenes-lancent-des-presentations-illustrees-sur-la-bible\/","name":"En Australie, les minist\u00e8res aupr\u00e8s des indig\u00e8nes lancent des pr\u00e9sentations illustr\u00e9es sur la Bible - \u00c9glise Adventiste Du Septieme Jour - Inter Am\u00e9rique Division","isPartOf":{"@id":"https:\/\/interamerica.org\/fr\/#website"},"primaryImageOfPage":{"@id":"https:\/\/interamerica.org\/fr\/2022\/02\/en-australie-les-ministeres-aupres-des-indigenes-lancent-des-presentations-illustrees-sur-la-bible\/#primaryimage"},"image":{"@id":"https:\/\/interamerica.org\/fr\/2022\/02\/en-australie-les-ministeres-aupres-des-indigenes-lancent-des-presentations-illustrees-sur-la-bible\/#primaryimage"},"thumbnailUrl":"https:\/\/interamerica.org\/wp-content\/uploads\/2022\/02\/in-australia-indigenous-ministries-launches-illustrated-bible-presentations1.jpeg","datePublished":"2022-02-22T15:20:30+00:00","dateModified":"2022-02-24T15:24:57+00:00","author":{"@id":"https:\/\/interamerica.org\/fr\/#\/schema\/person\/29998f2bc2d8bd0d38662909289b54f1"},"breadcrumb":{"@id":"https:\/\/interamerica.org\/fr\/2022\/02\/en-australie-les-ministeres-aupres-des-indigenes-lancent-des-presentations-illustrees-sur-la-bible\/#breadcrumb"},"inLanguage":"fr-FR","potentialAction":[{"@type":"ReadAction","target":["https:\/\/interamerica.org\/fr\/2022\/02\/en-australie-les-ministeres-aupres-des-indigenes-lancent-des-presentations-illustrees-sur-la-bible\/"]}]},{"@type":"ImageObject","inLanguage":"fr-FR","@id":"https:\/\/interamerica.org\/fr\/2022\/02\/en-australie-les-ministeres-aupres-des-indigenes-lancent-des-presentations-illustrees-sur-la-bible\/#primaryimage","url":"https:\/\/interamerica.org\/wp-content\/uploads\/2022\/02\/in-australia-indigenous-ministries-launches-illustrated-bible-presentations1.jpeg","contentUrl":"https:\/\/interamerica.org\/wp-content\/uploads\/2022\/02\/in-australia-indigenous-ministries-launches-illustrated-bible-presentations1.jpeg","width":1000,"height":500},{"@type":"BreadcrumbList","@id":"https:\/\/interamerica.org\/fr\/2022\/02\/en-australie-les-ministeres-aupres-des-indigenes-lancent-des-presentations-illustrees-sur-la-bible\/#breadcrumb","itemListElement":[{"@type":"ListItem","position":1,"name":"Home","item":"https:\/\/interamerica.org\/fr\/"},{"@type":"ListItem","position":2,"name":"En Australie, les minist\u00e8res aupr\u00e8s des indig\u00e8nes lancent des pr\u00e9sentations illustr\u00e9es sur la Bible"}]},{"@type":"WebSite","@id":"https:\/\/interamerica.org\/fr\/#website","url":"https:\/\/interamerica.org\/fr\/","name":"\u00c9glise Adventiste Du Septieme Jour - Inter Am\u00e9rique Division","description":"","potentialAction":[{"@type":"SearchAction","target":{"@type":"EntryPoint","urlTemplate":"https:\/\/interamerica.org\/fr\/?s={search_term_string}"},"query-input":{"@type":"PropertyValueSpecification","valueRequired":true,"valueName":"search_term_string"}}],"inLanguage":"fr-FR"},{"@type":"Person","@id":"https:\/\/interamerica.org\/fr\/#\/schema\/person\/29998f2bc2d8bd0d38662909289b54f1","name":"libna","image":{"@type":"ImageObject","inLanguage":"fr-FR","@id":"https:\/\/secure.gravatar.com\/avatar\/7c5bd30ae4b47a9ba3c856590957fd1d96dc588bf3ac05719d247e126840331f?s=96&d=mm&r=g","url":"https:\/\/secure.gravatar.com\/avatar\/7c5bd30ae4b47a9ba3c856590957fd1d96dc588bf3ac05719d247e126840331f?s=96&d=mm&r=g","contentUrl":"https:\/\/secure.gravatar.com\/avatar\/7c5bd30ae4b47a9ba3c856590957fd1d96dc588bf3ac05719d247e126840331f?s=96&d=mm&r=g","caption":"libna"}}]}},"_links":{"self":[{"href":"https:\/\/interamerica.org\/fr\/wp-json\/wp\/v2\/posts\/81797","targetHints":{"allow":["GET"]}}],"collection":[{"href":"https:\/\/interamerica.org\/fr\/wp-json\/wp\/v2\/posts"}],"about":[{"href":"https:\/\/interamerica.org\/fr\/wp-json\/wp\/v2\/types\/post"}],"author":[{"embeddable":true,"href":"https:\/\/interamerica.org\/fr\/wp-json\/wp\/v2\/users\/3"}],"replies":[{"embeddable":true,"href":"https:\/\/interamerica.org\/fr\/wp-json\/wp\/v2\/comments?post=81797"}],"version-history":[{"count":0,"href":"https:\/\/interamerica.org\/fr\/wp-json\/wp\/v2\/posts\/81797\/revisions"}],"wp:featuredmedia":[{"embeddable":true,"href":"https:\/\/interamerica.org\/fr\/wp-json\/wp\/v2\/media\/81689"}],"wp:attachment":[{"href":"https:\/\/interamerica.org\/fr\/wp-json\/wp\/v2\/media?parent=81797"}],"wp:term":[{"taxonomy":"category","embeddable":true,"href":"https:\/\/interamerica.org\/fr\/wp-json\/wp\/v2\/categories?post=81797"},{"taxonomy":"post_tag","embeddable":true,"href":"https:\/\/interamerica.org\/fr\/wp-json\/wp\/v2\/tags?post=81797"}],"curies":[{"name":"wp","href":"https:\/\/api.w.org\/{rel}","templated":true}]}}