{"id":81810,"date":"2022-02-24T09:42:32","date_gmt":"2022-02-24T13:42:32","guid":{"rendered":"https:\/\/recursing-golick.147-182-135-0.plesk.page\/?p=81810"},"modified":"2022-02-24T12:42:47","modified_gmt":"2022-02-24T16:42:47","slug":"linter-amerique-devoilera-un-nouveau-programme-dexperience-biblique-de-vacances-le-27-fevrier","status":"publish","type":"post","link":"https:\/\/interamerica.org\/fr\/2022\/02\/linter-amerique-devoilera-un-nouveau-programme-dexperience-biblique-de-vacances-le-27-fevrier\/","title":{"rendered":"L\u2019Inter Am\u00e9rique d\u00e9voilera un nouveau programme d\u2019Exp\u00e9rience Biblique de Vacances le 27 f\u00e9vrier"},"content":{"rendered":"<p>23 F\u00e9vrier 2022 | Miami, Floride, \u00c9tats-Unis | Libna Stevens, Actualit\u00e9s de la Division Inter Am\u00e9ricaine<\/p>\n<p>L\u2019\u00c9glise Adventiste du Septi\u00e8me jour en Inter Am\u00e9rique d\u00e9voilera son dernier programme d\u2019\u00e9cole biblique de vacances pour cette ann\u00e9e lors d\u2019un atelier sp\u00e9cial en ligne le dimanche 27 f\u00e9vrier 2022. L\u2019atelier d\u2019une heure et demie pr\u00e9sentera le th\u00e8me, les personnages, les chansons et les ressources, tout en revalorisant des milliers de responsables des minist\u00e8res aupr\u00e8s des enfants et des adolescents dans les \u00e9glises locales, les groupes et les \u00e9coles, ainsi que leur engagement \u00e0 enseigner l\u2019amour de J\u00e9sus \u00e0 chaque enfant qui s\u2019inscrit pour participer \u00e0 cette initiative annuelle.<\/p>\n<p>Le programme complet d\u2019Exp\u00e9rience Biblique de Vacances (VBE) promet d\u2019avoir un impact sur la vie de plus de 300000 enfants et adolescents, ont indiqu\u00e9 les organisateurs.<\/p>\n<p>\u00ab Nous sommes tr\u00e8s heureux de partager le nouveau programme qui a amen\u00e9 la collaboration de plusieurs de nos directeurs r\u00e9gionaux qui ont tant de passion pour ce beau minist\u00e8re et cette initiative annuelle, \u00bb a d\u00e9clar\u00e9 Edith Ruiz Espinoza, directrice des minist\u00e8res aupr\u00e8s des enfants et des adolescents pour l\u2019\u00c9glise adventiste en Inter- Am\u00e9rique. \u00ab Notre objectif est d\u2019amener \u00e0 nos jeunes enfants et \u00e0 nos adolescents au sein de l\u2019\u00e9glise et de la communaut\u00e9 en Inter Am\u00e9rique, des le\u00e7ons pratiques tir\u00e9es des merveilleuses histoires de la Bible qui ont des effets positifs durables sur leur vie quotidienne. \u00bb<\/p>\n<p>Le programme complet, qui \u00e9tait attendu par les dirigeants des \u00e9glises locales dans toute la Division Inter Am\u00e9ricaine, sera expliqu\u00e9 \u00e9tape par \u00e9tape pendant le segment en ligne avec un \u00e9l\u00e9ment de surprise, a dit Edith Espinoza. \u00ab Nos directeurs d\u2019union sont tous ravis de ce que leurs homologues dirigeants dans chaque f\u00e9d\u00e9ration locale et chaque congr\u00e9gation locale regarderont l\u2019atelier en ligne en direct. \u00bb<\/p>\n<p>Le programme en ligne sera lanc\u00e9 en espagnol \u00e0 10h00, heure de Miami, le dimanche 27 f\u00e9vrier 2022. Vous pouvez voir l\u2019atelier en ligne pour l\u2019Inter Am\u00e9rique <a href=\"https:\/\/www.youtube.com\/c\/InterAmericanDivision\">ICI<\/a><\/p>\n<p>L\u2019atelier VBE en ligne sera disponible en anglais et en fran\u00e7ais le 13 mars 2022.<\/p>\n<p><iframe title=\"Taller de EBV 2022\" width=\"500\" height=\"281\" src=\"https:\/\/www.youtube.com\/embed\/asjlXcQacsw?feature=oembed\" frameborder=\"0\" allow=\"accelerometer; autoplay; clipboard-write; encrypted-media; gyroscope; picture-in-picture; web-share\" referrerpolicy=\"strict-origin-when-cross-origin\" allowfullscreen><\/iframe><\/p>\n<p>Traduction: Patrick Luciathe<\/p>\n","protected":false},"excerpt":{"rendered":"<p>23 F\u00e9vrier 2022 | Miami, Floride, \u00c9tats-Unis | Libna Stevens, Actualit\u00e9s de la Division Inter Am\u00e9ricaine L\u2019\u00c9glise Adventiste du Septi\u00e8me jour en Inter Am\u00e9rique d\u00e9voilera son dernier programme d\u2019\u00e9cole biblique&#8230;<\/p>\n","protected":false},"author":3,"featured_media":81791,"comment_status":"closed","ping_status":"closed","sticky":false,"template":"","format":"standard","meta":{"_acf_changed":false,"footnotes":""},"categories":[20,19],"tags":[],"class_list":["post-81810","post","type-post","status-publish","format-standard","has-post-thumbnail","hentry","category-nouvelles-du-siege-de-la-division","category-rss-francais"],"acf":[],"yoast_head":"<!-- This site is optimized with the Yoast SEO plugin v27.3 - https:\/\/yoast.com\/product\/yoast-seo-wordpress\/ -->\n<title>L\u2019Inter Am\u00e9rique d\u00e9voilera un nouveau programme d\u2019Exp\u00e9rience Biblique de Vacances le 27 f\u00e9vrier - \u00c9glise Adventiste Du Septieme Jour - Inter Am\u00e9rique Division<\/title>\n<meta name=\"robots\" content=\"index, follow, max-snippet:-1, max-image-preview:large, max-video-preview:-1\" \/>\n<link rel=\"canonical\" href=\"https:\/\/interamerica.org\/fr\/2022\/02\/linter-amerique-devoilera-un-nouveau-programme-dexperience-biblique-de-vacances-le-27-fevrier\/\" \/>\n<meta property=\"og:locale\" content=\"fr_FR\" \/>\n<meta property=\"og:type\" content=\"article\" \/>\n<meta property=\"og:title\" content=\"L\u2019Inter Am\u00e9rique d\u00e9voilera un nouveau programme d\u2019Exp\u00e9rience Biblique de Vacances le 27 f\u00e9vrier - \u00c9glise Adventiste Du Septieme Jour - Inter Am\u00e9rique Division\" \/>\n<meta property=\"og:description\" content=\"23 F\u00e9vrier 2022 | Miami, Floride, \u00c9tats-Unis | Libna Stevens, Actualit\u00e9s de la Division Inter Am\u00e9ricaine L\u2019\u00c9glise Adventiste du Septi\u00e8me jour en Inter Am\u00e9rique d\u00e9voilera son dernier programme d\u2019\u00e9cole biblique...\" \/>\n<meta property=\"og:url\" content=\"https:\/\/interamerica.org\/fr\/2022\/02\/linter-amerique-devoilera-un-nouveau-programme-dexperience-biblique-de-vacances-le-27-fevrier\/\" \/>\n<meta property=\"og:site_name\" content=\"\u00c9glise Adventiste Du Septieme Jour - Inter Am\u00e9rique Division\" \/>\n<meta property=\"article:published_time\" content=\"2022-02-24T13:42:32+00:00\" \/>\n<meta property=\"article:modified_time\" content=\"2022-02-24T16:42:47+00:00\" \/>\n<meta property=\"og:image\" content=\"https:\/\/interamerica.org\/wp-content\/uploads\/2022\/02\/children-erika-giraud-4efed-vtgu4-unsplash.jpg\" \/>\n\t<meta property=\"og:image:width\" content=\"1000\" \/>\n\t<meta property=\"og:image:height\" content=\"625\" \/>\n\t<meta property=\"og:image:type\" content=\"image\/jpeg\" \/>\n<meta name=\"author\" content=\"libna\" \/>\n<meta name=\"twitter:card\" content=\"summary_large_image\" \/>\n<meta name=\"twitter:label1\" content=\"\u00c9crit par\" \/>\n\t<meta name=\"twitter:data1\" content=\"libna\" \/>\n\t<meta name=\"twitter:label2\" content=\"Dur\u00e9e de lecture estim\u00e9e\" \/>\n\t<meta name=\"twitter:data2\" content=\"2 minutes\" \/>\n<script type=\"application\/ld+json\" class=\"yoast-schema-graph\">{\"@context\":\"https:\\\/\\\/schema.org\",\"@graph\":[{\"@type\":\"Article\",\"@id\":\"https:\\\/\\\/interamerica.org\\\/fr\\\/2022\\\/02\\\/linter-amerique-devoilera-un-nouveau-programme-dexperience-biblique-de-vacances-le-27-fevrier\\\/#article\",\"isPartOf\":{\"@id\":\"https:\\\/\\\/interamerica.org\\\/fr\\\/2022\\\/02\\\/linter-amerique-devoilera-un-nouveau-programme-dexperience-biblique-de-vacances-le-27-fevrier\\\/\"},\"author\":{\"name\":\"libna\",\"@id\":\"https:\\\/\\\/interamerica.org\\\/fr\\\/#\\\/schema\\\/person\\\/29998f2bc2d8bd0d38662909289b54f1\"},\"headline\":\"L\u2019Inter Am\u00e9rique d\u00e9voilera un nouveau programme d\u2019Exp\u00e9rience Biblique de Vacances le 27 f\u00e9vrier\",\"datePublished\":\"2022-02-24T13:42:32+00:00\",\"dateModified\":\"2022-02-24T16:42:47+00:00\",\"mainEntityOfPage\":{\"@id\":\"https:\\\/\\\/interamerica.org\\\/fr\\\/2022\\\/02\\\/linter-amerique-devoilera-un-nouveau-programme-dexperience-biblique-de-vacances-le-27-fevrier\\\/\"},\"wordCount\":394,\"image\":{\"@id\":\"https:\\\/\\\/interamerica.org\\\/fr\\\/2022\\\/02\\\/linter-amerique-devoilera-un-nouveau-programme-dexperience-biblique-de-vacances-le-27-fevrier\\\/#primaryimage\"},\"thumbnailUrl\":\"https:\\\/\\\/interamerica.org\\\/wp-content\\\/uploads\\\/2022\\\/02\\\/children-erika-giraud-4efed-vtgu4-unsplash.jpg\",\"articleSection\":[\"Nouvelles du si\u00e8ge de la division\",\"RSS Fran\u00e7ais\"],\"inLanguage\":\"fr-FR\"},{\"@type\":\"WebPage\",\"@id\":\"https:\\\/\\\/interamerica.org\\\/fr\\\/2022\\\/02\\\/linter-amerique-devoilera-un-nouveau-programme-dexperience-biblique-de-vacances-le-27-fevrier\\\/\",\"url\":\"https:\\\/\\\/interamerica.org\\\/fr\\\/2022\\\/02\\\/linter-amerique-devoilera-un-nouveau-programme-dexperience-biblique-de-vacances-le-27-fevrier\\\/\",\"name\":\"L\u2019Inter Am\u00e9rique d\u00e9voilera un nouveau programme d\u2019Exp\u00e9rience Biblique de Vacances le 27 f\u00e9vrier - \u00c9glise Adventiste Du Septieme Jour - Inter Am\u00e9rique Division\",\"isPartOf\":{\"@id\":\"https:\\\/\\\/interamerica.org\\\/fr\\\/#website\"},\"primaryImageOfPage\":{\"@id\":\"https:\\\/\\\/interamerica.org\\\/fr\\\/2022\\\/02\\\/linter-amerique-devoilera-un-nouveau-programme-dexperience-biblique-de-vacances-le-27-fevrier\\\/#primaryimage\"},\"image\":{\"@id\":\"https:\\\/\\\/interamerica.org\\\/fr\\\/2022\\\/02\\\/linter-amerique-devoilera-un-nouveau-programme-dexperience-biblique-de-vacances-le-27-fevrier\\\/#primaryimage\"},\"thumbnailUrl\":\"https:\\\/\\\/interamerica.org\\\/wp-content\\\/uploads\\\/2022\\\/02\\\/children-erika-giraud-4efed-vtgu4-unsplash.jpg\",\"datePublished\":\"2022-02-24T13:42:32+00:00\",\"dateModified\":\"2022-02-24T16:42:47+00:00\",\"author\":{\"@id\":\"https:\\\/\\\/interamerica.org\\\/fr\\\/#\\\/schema\\\/person\\\/29998f2bc2d8bd0d38662909289b54f1\"},\"breadcrumb\":{\"@id\":\"https:\\\/\\\/interamerica.org\\\/fr\\\/2022\\\/02\\\/linter-amerique-devoilera-un-nouveau-programme-dexperience-biblique-de-vacances-le-27-fevrier\\\/#breadcrumb\"},\"inLanguage\":\"fr-FR\",\"potentialAction\":[{\"@type\":\"ReadAction\",\"target\":[\"https:\\\/\\\/interamerica.org\\\/fr\\\/2022\\\/02\\\/linter-amerique-devoilera-un-nouveau-programme-dexperience-biblique-de-vacances-le-27-fevrier\\\/\"]}]},{\"@type\":\"ImageObject\",\"inLanguage\":\"fr-FR\",\"@id\":\"https:\\\/\\\/interamerica.org\\\/fr\\\/2022\\\/02\\\/linter-amerique-devoilera-un-nouveau-programme-dexperience-biblique-de-vacances-le-27-fevrier\\\/#primaryimage\",\"url\":\"https:\\\/\\\/interamerica.org\\\/wp-content\\\/uploads\\\/2022\\\/02\\\/children-erika-giraud-4efed-vtgu4-unsplash.jpg\",\"contentUrl\":\"https:\\\/\\\/interamerica.org\\\/wp-content\\\/uploads\\\/2022\\\/02\\\/children-erika-giraud-4efed-vtgu4-unsplash.jpg\",\"width\":1000,\"height\":625},{\"@type\":\"BreadcrumbList\",\"@id\":\"https:\\\/\\\/interamerica.org\\\/fr\\\/2022\\\/02\\\/linter-amerique-devoilera-un-nouveau-programme-dexperience-biblique-de-vacances-le-27-fevrier\\\/#breadcrumb\",\"itemListElement\":[{\"@type\":\"ListItem\",\"position\":1,\"name\":\"Home\",\"item\":\"https:\\\/\\\/interamerica.org\\\/fr\\\/\"},{\"@type\":\"ListItem\",\"position\":2,\"name\":\"L\u2019Inter Am\u00e9rique d\u00e9voilera un nouveau programme d\u2019Exp\u00e9rience Biblique de Vacances le 27 f\u00e9vrier\"}]},{\"@type\":\"WebSite\",\"@id\":\"https:\\\/\\\/interamerica.org\\\/fr\\\/#website\",\"url\":\"https:\\\/\\\/interamerica.org\\\/fr\\\/\",\"name\":\"\u00c9glise Adventiste Du Septieme Jour - Inter Am\u00e9rique Division\",\"description\":\"\",\"potentialAction\":[{\"@type\":\"SearchAction\",\"target\":{\"@type\":\"EntryPoint\",\"urlTemplate\":\"https:\\\/\\\/interamerica.org\\\/fr\\\/?s={search_term_string}\"},\"query-input\":{\"@type\":\"PropertyValueSpecification\",\"valueRequired\":true,\"valueName\":\"search_term_string\"}}],\"inLanguage\":\"fr-FR\"},{\"@type\":\"Person\",\"@id\":\"https:\\\/\\\/interamerica.org\\\/fr\\\/#\\\/schema\\\/person\\\/29998f2bc2d8bd0d38662909289b54f1\",\"name\":\"libna\",\"image\":{\"@type\":\"ImageObject\",\"inLanguage\":\"fr-FR\",\"@id\":\"https:\\\/\\\/secure.gravatar.com\\\/avatar\\\/7c5bd30ae4b47a9ba3c856590957fd1d96dc588bf3ac05719d247e126840331f?s=96&d=mm&r=g\",\"url\":\"https:\\\/\\\/secure.gravatar.com\\\/avatar\\\/7c5bd30ae4b47a9ba3c856590957fd1d96dc588bf3ac05719d247e126840331f?s=96&d=mm&r=g\",\"contentUrl\":\"https:\\\/\\\/secure.gravatar.com\\\/avatar\\\/7c5bd30ae4b47a9ba3c856590957fd1d96dc588bf3ac05719d247e126840331f?s=96&d=mm&r=g\",\"caption\":\"libna\"}}]}<\/script>\n<!-- \/ Yoast SEO plugin. -->","yoast_head_json":{"title":"L\u2019Inter Am\u00e9rique d\u00e9voilera un nouveau programme d\u2019Exp\u00e9rience Biblique de Vacances le 27 f\u00e9vrier - \u00c9glise Adventiste Du Septieme Jour - Inter Am\u00e9rique Division","robots":{"index":"index","follow":"follow","max-snippet":"max-snippet:-1","max-image-preview":"max-image-preview:large","max-video-preview":"max-video-preview:-1"},"canonical":"https:\/\/interamerica.org\/fr\/2022\/02\/linter-amerique-devoilera-un-nouveau-programme-dexperience-biblique-de-vacances-le-27-fevrier\/","og_locale":"fr_FR","og_type":"article","og_title":"L\u2019Inter Am\u00e9rique d\u00e9voilera un nouveau programme d\u2019Exp\u00e9rience Biblique de Vacances le 27 f\u00e9vrier - \u00c9glise Adventiste Du Septieme Jour - Inter Am\u00e9rique Division","og_description":"23 F\u00e9vrier 2022 | Miami, Floride, \u00c9tats-Unis | Libna Stevens, Actualit\u00e9s de la Division Inter Am\u00e9ricaine L\u2019\u00c9glise Adventiste du Septi\u00e8me jour en Inter Am\u00e9rique d\u00e9voilera son dernier programme d\u2019\u00e9cole biblique...","og_url":"https:\/\/interamerica.org\/fr\/2022\/02\/linter-amerique-devoilera-un-nouveau-programme-dexperience-biblique-de-vacances-le-27-fevrier\/","og_site_name":"\u00c9glise Adventiste Du Septieme Jour - Inter Am\u00e9rique Division","article_published_time":"2022-02-24T13:42:32+00:00","article_modified_time":"2022-02-24T16:42:47+00:00","og_image":[{"width":1000,"height":625,"url":"https:\/\/interamerica.org\/wp-content\/uploads\/2022\/02\/children-erika-giraud-4efed-vtgu4-unsplash.jpg","type":"image\/jpeg"}],"author":"libna","twitter_card":"summary_large_image","twitter_misc":{"\u00c9crit par":"libna","Dur\u00e9e de lecture estim\u00e9e":"2 minutes"},"schema":{"@context":"https:\/\/schema.org","@graph":[{"@type":"Article","@id":"https:\/\/interamerica.org\/fr\/2022\/02\/linter-amerique-devoilera-un-nouveau-programme-dexperience-biblique-de-vacances-le-27-fevrier\/#article","isPartOf":{"@id":"https:\/\/interamerica.org\/fr\/2022\/02\/linter-amerique-devoilera-un-nouveau-programme-dexperience-biblique-de-vacances-le-27-fevrier\/"},"author":{"name":"libna","@id":"https:\/\/interamerica.org\/fr\/#\/schema\/person\/29998f2bc2d8bd0d38662909289b54f1"},"headline":"L\u2019Inter Am\u00e9rique d\u00e9voilera un nouveau programme d\u2019Exp\u00e9rience Biblique de Vacances le 27 f\u00e9vrier","datePublished":"2022-02-24T13:42:32+00:00","dateModified":"2022-02-24T16:42:47+00:00","mainEntityOfPage":{"@id":"https:\/\/interamerica.org\/fr\/2022\/02\/linter-amerique-devoilera-un-nouveau-programme-dexperience-biblique-de-vacances-le-27-fevrier\/"},"wordCount":394,"image":{"@id":"https:\/\/interamerica.org\/fr\/2022\/02\/linter-amerique-devoilera-un-nouveau-programme-dexperience-biblique-de-vacances-le-27-fevrier\/#primaryimage"},"thumbnailUrl":"https:\/\/interamerica.org\/wp-content\/uploads\/2022\/02\/children-erika-giraud-4efed-vtgu4-unsplash.jpg","articleSection":["Nouvelles du si\u00e8ge de la division","RSS Fran\u00e7ais"],"inLanguage":"fr-FR"},{"@type":"WebPage","@id":"https:\/\/interamerica.org\/fr\/2022\/02\/linter-amerique-devoilera-un-nouveau-programme-dexperience-biblique-de-vacances-le-27-fevrier\/","url":"https:\/\/interamerica.org\/fr\/2022\/02\/linter-amerique-devoilera-un-nouveau-programme-dexperience-biblique-de-vacances-le-27-fevrier\/","name":"L\u2019Inter Am\u00e9rique d\u00e9voilera un nouveau programme d\u2019Exp\u00e9rience Biblique de Vacances le 27 f\u00e9vrier - \u00c9glise Adventiste Du Septieme Jour - Inter Am\u00e9rique Division","isPartOf":{"@id":"https:\/\/interamerica.org\/fr\/#website"},"primaryImageOfPage":{"@id":"https:\/\/interamerica.org\/fr\/2022\/02\/linter-amerique-devoilera-un-nouveau-programme-dexperience-biblique-de-vacances-le-27-fevrier\/#primaryimage"},"image":{"@id":"https:\/\/interamerica.org\/fr\/2022\/02\/linter-amerique-devoilera-un-nouveau-programme-dexperience-biblique-de-vacances-le-27-fevrier\/#primaryimage"},"thumbnailUrl":"https:\/\/interamerica.org\/wp-content\/uploads\/2022\/02\/children-erika-giraud-4efed-vtgu4-unsplash.jpg","datePublished":"2022-02-24T13:42:32+00:00","dateModified":"2022-02-24T16:42:47+00:00","author":{"@id":"https:\/\/interamerica.org\/fr\/#\/schema\/person\/29998f2bc2d8bd0d38662909289b54f1"},"breadcrumb":{"@id":"https:\/\/interamerica.org\/fr\/2022\/02\/linter-amerique-devoilera-un-nouveau-programme-dexperience-biblique-de-vacances-le-27-fevrier\/#breadcrumb"},"inLanguage":"fr-FR","potentialAction":[{"@type":"ReadAction","target":["https:\/\/interamerica.org\/fr\/2022\/02\/linter-amerique-devoilera-un-nouveau-programme-dexperience-biblique-de-vacances-le-27-fevrier\/"]}]},{"@type":"ImageObject","inLanguage":"fr-FR","@id":"https:\/\/interamerica.org\/fr\/2022\/02\/linter-amerique-devoilera-un-nouveau-programme-dexperience-biblique-de-vacances-le-27-fevrier\/#primaryimage","url":"https:\/\/interamerica.org\/wp-content\/uploads\/2022\/02\/children-erika-giraud-4efed-vtgu4-unsplash.jpg","contentUrl":"https:\/\/interamerica.org\/wp-content\/uploads\/2022\/02\/children-erika-giraud-4efed-vtgu4-unsplash.jpg","width":1000,"height":625},{"@type":"BreadcrumbList","@id":"https:\/\/interamerica.org\/fr\/2022\/02\/linter-amerique-devoilera-un-nouveau-programme-dexperience-biblique-de-vacances-le-27-fevrier\/#breadcrumb","itemListElement":[{"@type":"ListItem","position":1,"name":"Home","item":"https:\/\/interamerica.org\/fr\/"},{"@type":"ListItem","position":2,"name":"L\u2019Inter Am\u00e9rique d\u00e9voilera un nouveau programme d\u2019Exp\u00e9rience Biblique de Vacances le 27 f\u00e9vrier"}]},{"@type":"WebSite","@id":"https:\/\/interamerica.org\/fr\/#website","url":"https:\/\/interamerica.org\/fr\/","name":"\u00c9glise Adventiste Du Septieme Jour - Inter Am\u00e9rique Division","description":"","potentialAction":[{"@type":"SearchAction","target":{"@type":"EntryPoint","urlTemplate":"https:\/\/interamerica.org\/fr\/?s={search_term_string}"},"query-input":{"@type":"PropertyValueSpecification","valueRequired":true,"valueName":"search_term_string"}}],"inLanguage":"fr-FR"},{"@type":"Person","@id":"https:\/\/interamerica.org\/fr\/#\/schema\/person\/29998f2bc2d8bd0d38662909289b54f1","name":"libna","image":{"@type":"ImageObject","inLanguage":"fr-FR","@id":"https:\/\/secure.gravatar.com\/avatar\/7c5bd30ae4b47a9ba3c856590957fd1d96dc588bf3ac05719d247e126840331f?s=96&d=mm&r=g","url":"https:\/\/secure.gravatar.com\/avatar\/7c5bd30ae4b47a9ba3c856590957fd1d96dc588bf3ac05719d247e126840331f?s=96&d=mm&r=g","contentUrl":"https:\/\/secure.gravatar.com\/avatar\/7c5bd30ae4b47a9ba3c856590957fd1d96dc588bf3ac05719d247e126840331f?s=96&d=mm&r=g","caption":"libna"}}]}},"_links":{"self":[{"href":"https:\/\/interamerica.org\/fr\/wp-json\/wp\/v2\/posts\/81810","targetHints":{"allow":["GET"]}}],"collection":[{"href":"https:\/\/interamerica.org\/fr\/wp-json\/wp\/v2\/posts"}],"about":[{"href":"https:\/\/interamerica.org\/fr\/wp-json\/wp\/v2\/types\/post"}],"author":[{"embeddable":true,"href":"https:\/\/interamerica.org\/fr\/wp-json\/wp\/v2\/users\/3"}],"replies":[{"embeddable":true,"href":"https:\/\/interamerica.org\/fr\/wp-json\/wp\/v2\/comments?post=81810"}],"version-history":[{"count":0,"href":"https:\/\/interamerica.org\/fr\/wp-json\/wp\/v2\/posts\/81810\/revisions"}],"wp:featuredmedia":[{"embeddable":true,"href":"https:\/\/interamerica.org\/fr\/wp-json\/wp\/v2\/media\/81791"}],"wp:attachment":[{"href":"https:\/\/interamerica.org\/fr\/wp-json\/wp\/v2\/media?parent=81810"}],"wp:term":[{"taxonomy":"category","embeddable":true,"href":"https:\/\/interamerica.org\/fr\/wp-json\/wp\/v2\/categories?post=81810"},{"taxonomy":"post_tag","embeddable":true,"href":"https:\/\/interamerica.org\/fr\/wp-json\/wp\/v2\/tags?post=81810"}],"curies":[{"name":"wp","href":"https:\/\/api.w.org\/{rel}","templated":true}]}}