{"id":81885,"date":"2022-02-24T22:53:26","date_gmt":"2022-02-25T02:53:26","guid":{"rendered":"https:\/\/recursing-golick.147-182-135-0.plesk.page\/?p=81885"},"modified":"2022-02-25T17:21:24","modified_gmt":"2022-02-25T21:21:24","slug":"un-appel-urgent-a-la-priere","status":"publish","type":"post","link":"https:\/\/interamerica.org\/fr\/2022\/02\/un-appel-urgent-a-la-priere\/","title":{"rendered":"Un appel urgent \u00e0 la pri\u00e8re"},"content":{"rendered":"<h4 id=\"headline-6-7\" class=\"ct-headline\"><span id=\"span-21-7\" class=\"ct-span\">Le pr\u00e9sident de l\u2019\u00c9glise adventiste du septi\u00e8me jour au niveau mondial, Ted N.C. Wilson, exhorte tous les membres \u00e0 prier pour nos fr\u00e8res et s\u0153urs d\u2019Europe de l\u2019Est.<\/span><\/h4>\n<p>24 F\u00e9vrier 2022 | Silver Spring, Maryland, \u00c9tats-Unis | Ted N.C. Wilson, pr\u00e9sident, Conf\u00e9rence G\u00e9n\u00e9rale des adventistes du septi\u00e8me jour<\/p>\n<p>Chers amis,<\/p>\n<p>Vous suivez sans aucun doute les \u00e9v\u00e8nements qui se d\u00e9roulent actuellement sur la sc\u00e8ne internationale. Il est imp\u00e9ratif que nous priions pour nos chers fr\u00e8res et s\u0153urs d\u2019Europe de l\u2019Est, ceux qui sont en Ukraine et en Russie. Les difficult\u00e9s qui accompagnent un conflit ouvert sont horribles. Nous avons des milliers de membres dans cette r\u00e9gion du monde. Ils ont besoin de nos pri\u00e8res et de notre soutien de toutes les mani\u00e8res possibles. Veuillez les garder, eux et leurs familles, dans vos pri\u00e8res alors que nous prions pour la paix dans ce monde afin que les messages des trois anges puissent parvenir \u00e0 chaque foyer et \u00e0 chaque c\u0153ur en ces derniers jours de l\u2019histoire de la terre. Priez pour nos pasteurs, nos membres d\u2019\u00e9glise, nos dirigeants, nos \u00e9tudiants ainsi que pour les institutions qui se trouvent en Ukraine, y compris notre \u00e9tablissement d\u2019enseignement sup\u00e9rieur \u00e0 Bucha \u00e0 environ une heure de Kiev, notre merveilleuse clinique, un centre m\u00e9dical qui se trouve au centre-ville de Kiev, notre maison d\u2019\u00e9dition sur le site de l\u2019union, notre dynamique Centre Audiovisuel Adventiste, le si\u00e8ge de l\u2019Union Ukrainienne \u00e0 Kiev, les diff\u00e9rents si\u00e8ges de f\u00e9d\u00e9ration, les centaines d\u2019\u00e9glises et les nombreuses \u00e9coles.<\/p>\n<p>Ayant v\u00e9cu dans cette r\u00e9gion g\u00e9n\u00e9rale pendant quelques ann\u00e9es et ayant visit\u00e9 nos chers membres d\u2019\u00e9glise dans de nombreux endroits de la Division Eurasienne, y compris l\u2019Ukraine, je suis de tout c\u0153ur avec eux. Ce sont des adventistes du septi\u00e8me jour fid\u00e8les et d\u00e9vou\u00e9s. Merci de prier pour leur courage et leur t\u00e9moignage chr\u00e9tien en ces temps tr\u00e8s difficiles. Que la pr\u00e9sence et la puissance de Dieu soient palpables pour chacun d\u2019entre eux et leur accordent la paix alors qu\u2019il les conduit \u00e0 travers cette situation \u00e9prouvante. Ses pr\u00e9cieuses promesses comme celles contenues dans \u00c9sa\u00efe 26:3, \u00c9sa\u00efe 41:10, 13 et Josu\u00e9 1:9, sont toujours certaines.<\/p>\n<p>Aujourd\u2019hui, pr\u00e8s de 300 employ\u00e9s du si\u00e8ge mondial des adventistes du septi\u00e8me jour \u00e0 Silver Spring, dans le Maryland, se sont r\u00e9unis sur Zoom pour une session sp\u00e9ciale de pri\u00e8re. Nous sommes pr\u00eats \u00e0 apporter notre aide d\u2019une mani\u00e8re ou d\u2019une autre pour aider la Division Eurasienne, qui comprend l\u2019Ukraine. Nous apporterons un soutien moral, des conseils, des pri\u00e8res et une aide financi\u00e8re. ADRA \u00e9tudie actuellement les moyens d\u2019apporter une aide humanitaire dans le pays, ainsi qu\u2019une aide aux personnes qui font face au statut de r\u00e9fugi\u00e9.<\/p>\n<p>Bien entendu, l\u2019\u00e9glise n\u2019a pas le pouvoir, dans sa capacit\u00e9 humaine, d\u2019apporter des changements mesurables \u00e0 la situation actuelle, mais nous avons \u00e0 notre disposition la toute puissance par la pri\u00e8re, et nous nous appuyons enti\u00e8rement sur le Dieu Tout-Puissant pour qu\u2019il intervienne pour arr\u00eater l\u2019effusion de sang et r\u00e9tablir la paix.<\/p>\n<p>La Division Eurasienne a fait parvenir une annonce sp\u00e9ciale \u00e0 tous les membres d\u2019\u00e9glise sur l\u2019ensemble du territoire de la division, les invitant \u00e0 se r\u00e9unir dans une session de pri\u00e8re unie \u00e0 19 heures \u00e0 partir d\u2019aujourd\u2019hui 24 f\u00e9vrier jusqu\u2019au 4 mars. De plus, ce sabbat, le 26 f\u00e9vrier, sera un jour de je\u00fbne et de pri\u00e8re sur le vaste territoire de cette division. Je vous invite, en tant que famille de l\u2019\u00e9glise mondiale, \u00e0 vous joindre \u00e0 nos chers fr\u00e8res et s\u0153urs de la Division Eurasienne dans ce temps sp\u00e9cial de pri\u00e8re, alors que nous prions pour la paix et pour que l\u2019Esprit de Dieu contr\u00f4le la situation.<\/p>\n<p>D\u2019autre part, je vous invite \u00e0 \u00e9lever dans la pri\u00e8re notre peuple en Chine qui fait face \u00e0 des restrictions croissantes, nos membres en Birmanie qui font face \u00e0 la r\u00e9pression, nos milliers de membres au Soudan du Sud qui font face \u00e0 une famine imminente, nos milliers de membres en \u00c9thiopie qui font face \u00e0 des conflits et bien d\u2019autres endroits dans le monde qui sont confront\u00e9s \u00e0 des difficult\u00e9s. Certainement, ce sont des signes du retour prochain du Christ.<\/p>\n<p>Nous devons implorer le Seigneur par la pri\u00e8re pour la paix et pour que nos chers membres d\u2019\u00e9glise dans la Division Eurasienne et \u00e0 travers le monde soient encourag\u00e9s. Que le Seigneur apporte la gu\u00e9rison et la paix dans toutes les situations difficiles \u00e0 travers le monde. Nous savons que J\u00e9sus revient bient\u00f4t ! Quelle bienheureuse esp\u00e9rance nous avons alors que nous reposons en toute s\u00e9curit\u00e9 entre ses mains. Merci pour vos pri\u00e8res.<\/p>\n<p>Ted N.C. Wilson, pr\u00e9sident<\/p>\n<p>\u00c9glise adventiste du septi\u00e8me jour<\/p>\n<p>24 f\u00e9vrier 2022<\/p>\n<p>Traduction: Patrick Luciathe<\/p>\n","protected":false},"excerpt":{"rendered":"<p>Le pr\u00e9sident de l\u2019\u00c9glise adventiste du septi\u00e8me jour au niveau mondial, Ted N.C. Wilson, exhorte tous les membres \u00e0 prier pour nos fr\u00e8res et s\u0153urs d\u2019Europe de l\u2019Est. 24 F\u00e9vrier&#8230;<\/p>\n","protected":false},"author":3,"featured_media":81861,"comment_status":"closed","ping_status":"closed","sticky":false,"template":"","format":"standard","meta":{"_acf_changed":false,"footnotes":""},"categories":[18,19],"tags":[],"class_list":["post-81885","post","type-post","status-publish","format-standard","has-post-thumbnail","hentry","category-nouvelles-de-leglise-mondiale","category-rss-francais"],"acf":[],"yoast_head":"<!-- This site is optimized with the Yoast SEO plugin v27.3 - https:\/\/yoast.com\/product\/yoast-seo-wordpress\/ -->\n<title>Un appel urgent \u00e0 la pri\u00e8re - \u00c9glise Adventiste Du Septieme Jour - Inter Am\u00e9rique Division<\/title>\n<meta name=\"robots\" content=\"index, follow, max-snippet:-1, max-image-preview:large, max-video-preview:-1\" \/>\n<link rel=\"canonical\" href=\"https:\/\/interamerica.org\/fr\/2022\/02\/un-appel-urgent-a-la-priere\/\" \/>\n<meta property=\"og:locale\" content=\"fr_FR\" \/>\n<meta property=\"og:type\" content=\"article\" \/>\n<meta property=\"og:title\" content=\"Un appel urgent \u00e0 la pri\u00e8re - \u00c9glise Adventiste Du Septieme Jour - Inter Am\u00e9rique Division\" \/>\n<meta property=\"og:description\" content=\"Le pr\u00e9sident de l\u2019\u00c9glise adventiste du septi\u00e8me jour au niveau mondial, Ted N.C. Wilson, exhorte tous les membres \u00e0 prier pour nos fr\u00e8res et s\u0153urs d\u2019Europe de l\u2019Est. 24 F\u00e9vrier...\" \/>\n<meta property=\"og:url\" content=\"https:\/\/interamerica.org\/fr\/2022\/02\/un-appel-urgent-a-la-priere\/\" \/>\n<meta property=\"og:site_name\" content=\"\u00c9glise Adventiste Du Septieme Jour - Inter Am\u00e9rique Division\" \/>\n<meta property=\"article:published_time\" content=\"2022-02-25T02:53:26+00:00\" \/>\n<meta property=\"article:modified_time\" content=\"2022-02-25T21:21:24+00:00\" \/>\n<meta property=\"og:image\" content=\"https:\/\/interamerica.org\/wp-content\/uploads\/2022\/02\/prayer-1024x640-rev2.jpg\" \/>\n\t<meta property=\"og:image:width\" content=\"1280\" \/>\n\t<meta property=\"og:image:height\" content=\"800\" \/>\n\t<meta property=\"og:image:type\" content=\"image\/jpeg\" \/>\n<meta name=\"author\" content=\"libna\" \/>\n<meta name=\"twitter:card\" content=\"summary_large_image\" \/>\n<meta name=\"twitter:label1\" content=\"\u00c9crit par\" \/>\n\t<meta name=\"twitter:data1\" content=\"libna\" \/>\n\t<meta name=\"twitter:label2\" content=\"Dur\u00e9e de lecture estim\u00e9e\" \/>\n\t<meta name=\"twitter:data2\" content=\"4 minutes\" \/>\n<script type=\"application\/ld+json\" class=\"yoast-schema-graph\">{\"@context\":\"https:\\\/\\\/schema.org\",\"@graph\":[{\"@type\":\"Article\",\"@id\":\"https:\\\/\\\/interamerica.org\\\/fr\\\/2022\\\/02\\\/un-appel-urgent-a-la-priere\\\/#article\",\"isPartOf\":{\"@id\":\"https:\\\/\\\/interamerica.org\\\/fr\\\/2022\\\/02\\\/un-appel-urgent-a-la-priere\\\/\"},\"author\":{\"name\":\"libna\",\"@id\":\"https:\\\/\\\/interamerica.org\\\/fr\\\/#\\\/schema\\\/person\\\/29998f2bc2d8bd0d38662909289b54f1\"},\"headline\":\"Un appel urgent \u00e0 la pri\u00e8re\",\"datePublished\":\"2022-02-25T02:53:26+00:00\",\"dateModified\":\"2022-02-25T21:21:24+00:00\",\"mainEntityOfPage\":{\"@id\":\"https:\\\/\\\/interamerica.org\\\/fr\\\/2022\\\/02\\\/un-appel-urgent-a-la-priere\\\/\"},\"wordCount\":865,\"image\":{\"@id\":\"https:\\\/\\\/interamerica.org\\\/fr\\\/2022\\\/02\\\/un-appel-urgent-a-la-priere\\\/#primaryimage\"},\"thumbnailUrl\":\"https:\\\/\\\/interamerica.org\\\/wp-content\\\/uploads\\\/2022\\\/02\\\/prayer-1024x640-rev2.jpg\",\"articleSection\":[\"Nouvelles de l'\u00c9glise mondiale\",\"RSS Fran\u00e7ais\"],\"inLanguage\":\"fr-FR\"},{\"@type\":\"WebPage\",\"@id\":\"https:\\\/\\\/interamerica.org\\\/fr\\\/2022\\\/02\\\/un-appel-urgent-a-la-priere\\\/\",\"url\":\"https:\\\/\\\/interamerica.org\\\/fr\\\/2022\\\/02\\\/un-appel-urgent-a-la-priere\\\/\",\"name\":\"Un appel urgent \u00e0 la pri\u00e8re - \u00c9glise Adventiste Du Septieme Jour - Inter Am\u00e9rique Division\",\"isPartOf\":{\"@id\":\"https:\\\/\\\/interamerica.org\\\/fr\\\/#website\"},\"primaryImageOfPage\":{\"@id\":\"https:\\\/\\\/interamerica.org\\\/fr\\\/2022\\\/02\\\/un-appel-urgent-a-la-priere\\\/#primaryimage\"},\"image\":{\"@id\":\"https:\\\/\\\/interamerica.org\\\/fr\\\/2022\\\/02\\\/un-appel-urgent-a-la-priere\\\/#primaryimage\"},\"thumbnailUrl\":\"https:\\\/\\\/interamerica.org\\\/wp-content\\\/uploads\\\/2022\\\/02\\\/prayer-1024x640-rev2.jpg\",\"datePublished\":\"2022-02-25T02:53:26+00:00\",\"dateModified\":\"2022-02-25T21:21:24+00:00\",\"author\":{\"@id\":\"https:\\\/\\\/interamerica.org\\\/fr\\\/#\\\/schema\\\/person\\\/29998f2bc2d8bd0d38662909289b54f1\"},\"breadcrumb\":{\"@id\":\"https:\\\/\\\/interamerica.org\\\/fr\\\/2022\\\/02\\\/un-appel-urgent-a-la-priere\\\/#breadcrumb\"},\"inLanguage\":\"fr-FR\",\"potentialAction\":[{\"@type\":\"ReadAction\",\"target\":[\"https:\\\/\\\/interamerica.org\\\/fr\\\/2022\\\/02\\\/un-appel-urgent-a-la-priere\\\/\"]}]},{\"@type\":\"ImageObject\",\"inLanguage\":\"fr-FR\",\"@id\":\"https:\\\/\\\/interamerica.org\\\/fr\\\/2022\\\/02\\\/un-appel-urgent-a-la-priere\\\/#primaryimage\",\"url\":\"https:\\\/\\\/interamerica.org\\\/wp-content\\\/uploads\\\/2022\\\/02\\\/prayer-1024x640-rev2.jpg\",\"contentUrl\":\"https:\\\/\\\/interamerica.org\\\/wp-content\\\/uploads\\\/2022\\\/02\\\/prayer-1024x640-rev2.jpg\",\"width\":1280,\"height\":800},{\"@type\":\"BreadcrumbList\",\"@id\":\"https:\\\/\\\/interamerica.org\\\/fr\\\/2022\\\/02\\\/un-appel-urgent-a-la-priere\\\/#breadcrumb\",\"itemListElement\":[{\"@type\":\"ListItem\",\"position\":1,\"name\":\"Home\",\"item\":\"https:\\\/\\\/interamerica.org\\\/fr\\\/\"},{\"@type\":\"ListItem\",\"position\":2,\"name\":\"Un appel urgent \u00e0 la pri\u00e8re\"}]},{\"@type\":\"WebSite\",\"@id\":\"https:\\\/\\\/interamerica.org\\\/fr\\\/#website\",\"url\":\"https:\\\/\\\/interamerica.org\\\/fr\\\/\",\"name\":\"\u00c9glise Adventiste Du Septieme Jour - Inter Am\u00e9rique Division\",\"description\":\"\",\"potentialAction\":[{\"@type\":\"SearchAction\",\"target\":{\"@type\":\"EntryPoint\",\"urlTemplate\":\"https:\\\/\\\/interamerica.org\\\/fr\\\/?s={search_term_string}\"},\"query-input\":{\"@type\":\"PropertyValueSpecification\",\"valueRequired\":true,\"valueName\":\"search_term_string\"}}],\"inLanguage\":\"fr-FR\"},{\"@type\":\"Person\",\"@id\":\"https:\\\/\\\/interamerica.org\\\/fr\\\/#\\\/schema\\\/person\\\/29998f2bc2d8bd0d38662909289b54f1\",\"name\":\"libna\",\"image\":{\"@type\":\"ImageObject\",\"inLanguage\":\"fr-FR\",\"@id\":\"https:\\\/\\\/secure.gravatar.com\\\/avatar\\\/7c5bd30ae4b47a9ba3c856590957fd1d96dc588bf3ac05719d247e126840331f?s=96&d=mm&r=g\",\"url\":\"https:\\\/\\\/secure.gravatar.com\\\/avatar\\\/7c5bd30ae4b47a9ba3c856590957fd1d96dc588bf3ac05719d247e126840331f?s=96&d=mm&r=g\",\"contentUrl\":\"https:\\\/\\\/secure.gravatar.com\\\/avatar\\\/7c5bd30ae4b47a9ba3c856590957fd1d96dc588bf3ac05719d247e126840331f?s=96&d=mm&r=g\",\"caption\":\"libna\"}}]}<\/script>\n<!-- \/ Yoast SEO plugin. -->","yoast_head_json":{"title":"Un appel urgent \u00e0 la pri\u00e8re - \u00c9glise Adventiste Du Septieme Jour - Inter Am\u00e9rique Division","robots":{"index":"index","follow":"follow","max-snippet":"max-snippet:-1","max-image-preview":"max-image-preview:large","max-video-preview":"max-video-preview:-1"},"canonical":"https:\/\/interamerica.org\/fr\/2022\/02\/un-appel-urgent-a-la-priere\/","og_locale":"fr_FR","og_type":"article","og_title":"Un appel urgent \u00e0 la pri\u00e8re - \u00c9glise Adventiste Du Septieme Jour - Inter Am\u00e9rique Division","og_description":"Le pr\u00e9sident de l\u2019\u00c9glise adventiste du septi\u00e8me jour au niveau mondial, Ted N.C. Wilson, exhorte tous les membres \u00e0 prier pour nos fr\u00e8res et s\u0153urs d\u2019Europe de l\u2019Est. 24 F\u00e9vrier...","og_url":"https:\/\/interamerica.org\/fr\/2022\/02\/un-appel-urgent-a-la-priere\/","og_site_name":"\u00c9glise Adventiste Du Septieme Jour - Inter Am\u00e9rique Division","article_published_time":"2022-02-25T02:53:26+00:00","article_modified_time":"2022-02-25T21:21:24+00:00","og_image":[{"width":1280,"height":800,"url":"https:\/\/interamerica.org\/wp-content\/uploads\/2022\/02\/prayer-1024x640-rev2.jpg","type":"image\/jpeg"}],"author":"libna","twitter_card":"summary_large_image","twitter_misc":{"\u00c9crit par":"libna","Dur\u00e9e de lecture estim\u00e9e":"4 minutes"},"schema":{"@context":"https:\/\/schema.org","@graph":[{"@type":"Article","@id":"https:\/\/interamerica.org\/fr\/2022\/02\/un-appel-urgent-a-la-priere\/#article","isPartOf":{"@id":"https:\/\/interamerica.org\/fr\/2022\/02\/un-appel-urgent-a-la-priere\/"},"author":{"name":"libna","@id":"https:\/\/interamerica.org\/fr\/#\/schema\/person\/29998f2bc2d8bd0d38662909289b54f1"},"headline":"Un appel urgent \u00e0 la pri\u00e8re","datePublished":"2022-02-25T02:53:26+00:00","dateModified":"2022-02-25T21:21:24+00:00","mainEntityOfPage":{"@id":"https:\/\/interamerica.org\/fr\/2022\/02\/un-appel-urgent-a-la-priere\/"},"wordCount":865,"image":{"@id":"https:\/\/interamerica.org\/fr\/2022\/02\/un-appel-urgent-a-la-priere\/#primaryimage"},"thumbnailUrl":"https:\/\/interamerica.org\/wp-content\/uploads\/2022\/02\/prayer-1024x640-rev2.jpg","articleSection":["Nouvelles de l'\u00c9glise mondiale","RSS Fran\u00e7ais"],"inLanguage":"fr-FR"},{"@type":"WebPage","@id":"https:\/\/interamerica.org\/fr\/2022\/02\/un-appel-urgent-a-la-priere\/","url":"https:\/\/interamerica.org\/fr\/2022\/02\/un-appel-urgent-a-la-priere\/","name":"Un appel urgent \u00e0 la pri\u00e8re - \u00c9glise Adventiste Du Septieme Jour - Inter Am\u00e9rique Division","isPartOf":{"@id":"https:\/\/interamerica.org\/fr\/#website"},"primaryImageOfPage":{"@id":"https:\/\/interamerica.org\/fr\/2022\/02\/un-appel-urgent-a-la-priere\/#primaryimage"},"image":{"@id":"https:\/\/interamerica.org\/fr\/2022\/02\/un-appel-urgent-a-la-priere\/#primaryimage"},"thumbnailUrl":"https:\/\/interamerica.org\/wp-content\/uploads\/2022\/02\/prayer-1024x640-rev2.jpg","datePublished":"2022-02-25T02:53:26+00:00","dateModified":"2022-02-25T21:21:24+00:00","author":{"@id":"https:\/\/interamerica.org\/fr\/#\/schema\/person\/29998f2bc2d8bd0d38662909289b54f1"},"breadcrumb":{"@id":"https:\/\/interamerica.org\/fr\/2022\/02\/un-appel-urgent-a-la-priere\/#breadcrumb"},"inLanguage":"fr-FR","potentialAction":[{"@type":"ReadAction","target":["https:\/\/interamerica.org\/fr\/2022\/02\/un-appel-urgent-a-la-priere\/"]}]},{"@type":"ImageObject","inLanguage":"fr-FR","@id":"https:\/\/interamerica.org\/fr\/2022\/02\/un-appel-urgent-a-la-priere\/#primaryimage","url":"https:\/\/interamerica.org\/wp-content\/uploads\/2022\/02\/prayer-1024x640-rev2.jpg","contentUrl":"https:\/\/interamerica.org\/wp-content\/uploads\/2022\/02\/prayer-1024x640-rev2.jpg","width":1280,"height":800},{"@type":"BreadcrumbList","@id":"https:\/\/interamerica.org\/fr\/2022\/02\/un-appel-urgent-a-la-priere\/#breadcrumb","itemListElement":[{"@type":"ListItem","position":1,"name":"Home","item":"https:\/\/interamerica.org\/fr\/"},{"@type":"ListItem","position":2,"name":"Un appel urgent \u00e0 la pri\u00e8re"}]},{"@type":"WebSite","@id":"https:\/\/interamerica.org\/fr\/#website","url":"https:\/\/interamerica.org\/fr\/","name":"\u00c9glise Adventiste Du Septieme Jour - Inter Am\u00e9rique Division","description":"","potentialAction":[{"@type":"SearchAction","target":{"@type":"EntryPoint","urlTemplate":"https:\/\/interamerica.org\/fr\/?s={search_term_string}"},"query-input":{"@type":"PropertyValueSpecification","valueRequired":true,"valueName":"search_term_string"}}],"inLanguage":"fr-FR"},{"@type":"Person","@id":"https:\/\/interamerica.org\/fr\/#\/schema\/person\/29998f2bc2d8bd0d38662909289b54f1","name":"libna","image":{"@type":"ImageObject","inLanguage":"fr-FR","@id":"https:\/\/secure.gravatar.com\/avatar\/7c5bd30ae4b47a9ba3c856590957fd1d96dc588bf3ac05719d247e126840331f?s=96&d=mm&r=g","url":"https:\/\/secure.gravatar.com\/avatar\/7c5bd30ae4b47a9ba3c856590957fd1d96dc588bf3ac05719d247e126840331f?s=96&d=mm&r=g","contentUrl":"https:\/\/secure.gravatar.com\/avatar\/7c5bd30ae4b47a9ba3c856590957fd1d96dc588bf3ac05719d247e126840331f?s=96&d=mm&r=g","caption":"libna"}}]}},"_links":{"self":[{"href":"https:\/\/interamerica.org\/fr\/wp-json\/wp\/v2\/posts\/81885","targetHints":{"allow":["GET"]}}],"collection":[{"href":"https:\/\/interamerica.org\/fr\/wp-json\/wp\/v2\/posts"}],"about":[{"href":"https:\/\/interamerica.org\/fr\/wp-json\/wp\/v2\/types\/post"}],"author":[{"embeddable":true,"href":"https:\/\/interamerica.org\/fr\/wp-json\/wp\/v2\/users\/3"}],"replies":[{"embeddable":true,"href":"https:\/\/interamerica.org\/fr\/wp-json\/wp\/v2\/comments?post=81885"}],"version-history":[{"count":0,"href":"https:\/\/interamerica.org\/fr\/wp-json\/wp\/v2\/posts\/81885\/revisions"}],"wp:featuredmedia":[{"embeddable":true,"href":"https:\/\/interamerica.org\/fr\/wp-json\/wp\/v2\/media\/81861"}],"wp:attachment":[{"href":"https:\/\/interamerica.org\/fr\/wp-json\/wp\/v2\/media?parent=81885"}],"wp:term":[{"taxonomy":"category","embeddable":true,"href":"https:\/\/interamerica.org\/fr\/wp-json\/wp\/v2\/categories?post=81885"},{"taxonomy":"post_tag","embeddable":true,"href":"https:\/\/interamerica.org\/fr\/wp-json\/wp\/v2\/tags?post=81885"}],"curies":[{"name":"wp","href":"https:\/\/api.w.org\/{rel}","templated":true}]}}