{"id":81914,"date":"2022-02-27T10:45:36","date_gmt":"2022-02-27T14:45:36","guid":{"rendered":"https:\/\/recursing-golick.147-182-135-0.plesk.page\/?p=81914"},"modified":"2022-02-28T11:20:47","modified_gmt":"2022-02-28T15:20:47","slug":"adra-appelle-a-la-paix-en-ukraine-et-se-mobilise-pour-secourir-les-millions-de-personnes-affectees-par-la-guerre","status":"publish","type":"post","link":"https:\/\/interamerica.org\/fr\/2022\/02\/adra-appelle-a-la-paix-en-ukraine-et-se-mobilise-pour-secourir-les-millions-de-personnes-affectees-par-la-guerre\/","title":{"rendered":"ADRA appelle \u00e0 la paix en Ukraine et se mobilise pour secourir les millions de personnes affect\u00e9es par la guerre"},"content":{"rendered":"<p><strong>L\u2019Agence humanitaire lance une campagne de soutien aux r\u00e9fugi\u00e9s.<\/strong><\/p>\n<p>Le 26 f\u00e9vrier 2022 | Silver Spring, Maryland, \u00c9tats-Unis | Iris Argueta pour ADRA International<\/p>\n<p>L\u2019Agence de d\u00e9veloppement et de secours adventiste (ADRA) est en train d\u2019augmenter son volume d\u2019op\u00e9rations pour offrir de l\u2019aide humanitaire aux familles et aux enfants d\u00e9plac\u00e9s par la guerre en Ukraine. L\u2019Agence de secours a donc lanc\u00e9 une campagne de financement pour bonifier ses programmes pour les r\u00e9fugi\u00e9s ukrainiens et d\u2019autres communaut\u00e9s \u00e0 l\u2019\u00e9chelle mondiale.<\/p>\n<p>D\u2019apr\u00e8s l\u2019Organisation des Nations Unies, quelque 100\u00a0000\u00a0Ukrainiens ont \u00e9t\u00e9 forc\u00e9s de fuir leur foyer. Et on s\u2019attend \u00e0 ce que plus de 5\u00a0millions de personnes cherchent refuge dans d\u2019autres pays, dont les \u00c9tats-Unis.<\/p>\n<p>\u00ab\u00a0ADRA appelle \u00e0 la paix et \u00e0 la protection de millions de personnes affect\u00e9es par la crise en Ukraine. Joignez-vous \u00e0 nous en pri\u00e8re pour la s\u00e9curit\u00e9 et le bien-\u00eatre de dizaines de milliers d\u2019enfants et de familles qui sont en danger, qui sont ou seront d\u00e9plac\u00e9s, a demand\u00e9 Michael Kruger, pr\u00e9sident d\u2019ADRA. Nous prenons des mesures pour prot\u00e9ger notre personnel sur le terrain et travaillons avec des partenaires de confiance de l\u2019\u00c9glise adventiste pour nous assurer que notre aide humanitaire atteigne rapidement les gens dans le besoin.\u00a0\u00bb<\/p>\n<p>\u00ab\u00a0ADRA surveille la situation de pr\u00e8s sur le terrain. Il y a des r\u00e9fugi\u00e9s en d\u00e9placement au sein de l\u2019Ukraine qui quittent les villes sous attaque. Ils sont nombreux \u00e0 avoir d\u00e9j\u00e0 travers\u00e9 la fronti\u00e8re avec la Pologne ou \u00e0 se d\u00e9placer vers la Slovaquie, la Hongrie et d\u2019autres pays voisins, a dit Mario Oliveira, directeur de la gestion des urgences d\u2019ADRA. Les b\u00e9n\u00e9voles de l\u2019\u00c9glise adventiste de ces r\u00e9gions nous aident \u00e0 distribuer de la nourriture, de l\u2019eau et des fournitures d\u2019hygi\u00e8ne. En Roumanie, nous h\u00e9bergeons d\u00e9j\u00e0 des r\u00e9fugi\u00e9s dans nos centres jeunesse et nos b\u00e2timents d\u2019\u00e9glise, et nous attendons \u00e0 accueillir des centaines de familles.\u00a0\u00bb<\/p>\n<p>ADRA offrira \u00e9galement des trousses de bienvenue avec des v\u00eatements, des articles de base et des bons d\u2019achat \u00e9tant donn\u00e9 que les banques ukrainiennes ont suspendu leurs op\u00e9rations. ADRA compte \u00e9galement fournir du soutien psychologique et d\u2019autres services de soins de sant\u00e9 aux populations vuln\u00e9rables qui vivent dans des installations isol\u00e9es.<\/p>\n<p>Pour en apprendre davantage sur l\u2019intervention d\u2019ADRA ou pour faire un don afin de soutenir les efforts de secours en Ukraine et ailleurs dans le monde, visitez <a href=\"https:\/\/adra.org\/\">ADRA.org<\/a>.<\/p>\n<p>Traduction\u00a0: Marie-Mich\u00e8le Robitaille<\/p>\n","protected":false},"excerpt":{"rendered":"<p>L\u2019Agence humanitaire lance une campagne de soutien aux r\u00e9fugi\u00e9s. Le 26 f\u00e9vrier 2022 | Silver Spring, Maryland, \u00c9tats-Unis | Iris Argueta pour ADRA International L\u2019Agence de d\u00e9veloppement et de secours&#8230;<\/p>\n","protected":false},"author":3,"featured_media":81894,"comment_status":"closed","ping_status":"closed","sticky":false,"template":"","format":"standard","meta":{"_acf_changed":false,"footnotes":""},"categories":[18,19],"tags":[],"class_list":["post-81914","post","type-post","status-publish","format-standard","has-post-thumbnail","hentry","category-nouvelles-de-leglise-mondiale","category-rss-francais"],"acf":[],"yoast_head":"<!-- This site is optimized with the Yoast SEO plugin v27.3 - https:\/\/yoast.com\/product\/yoast-seo-wordpress\/ -->\n<title>ADRA appelle \u00e0 la paix en Ukraine et se mobilise pour secourir les millions de personnes affect\u00e9es par la guerre - \u00c9glise Adventiste Du Septieme Jour - Inter Am\u00e9rique Division<\/title>\n<meta name=\"robots\" content=\"index, follow, max-snippet:-1, max-image-preview:large, max-video-preview:-1\" \/>\n<link rel=\"canonical\" href=\"https:\/\/interamerica.org\/fr\/2022\/02\/adra-appelle-a-la-paix-en-ukraine-et-se-mobilise-pour-secourir-les-millions-de-personnes-affectees-par-la-guerre\/\" \/>\n<meta property=\"og:locale\" content=\"fr_FR\" \/>\n<meta property=\"og:type\" content=\"article\" \/>\n<meta property=\"og:title\" content=\"ADRA appelle \u00e0 la paix en Ukraine et se mobilise pour secourir les millions de personnes affect\u00e9es par la guerre - \u00c9glise Adventiste Du Septieme Jour - Inter Am\u00e9rique Division\" \/>\n<meta property=\"og:description\" content=\"L\u2019Agence humanitaire lance une campagne de soutien aux r\u00e9fugi\u00e9s. Le 26 f\u00e9vrier 2022 | Silver Spring, Maryland, \u00c9tats-Unis | Iris Argueta pour ADRA International L\u2019Agence de d\u00e9veloppement et de secours...\" \/>\n<meta property=\"og:url\" content=\"https:\/\/interamerica.org\/fr\/2022\/02\/adra-appelle-a-la-paix-en-ukraine-et-se-mobilise-pour-secourir-les-millions-de-personnes-affectees-par-la-guerre\/\" \/>\n<meta property=\"og:site_name\" content=\"\u00c9glise Adventiste Du Septieme Jour - Inter Am\u00e9rique Division\" \/>\n<meta property=\"article:published_time\" content=\"2022-02-27T14:45:36+00:00\" \/>\n<meta property=\"article:modified_time\" content=\"2022-02-28T15:20:47+00:00\" \/>\n<meta property=\"og:image\" content=\"https:\/\/interamerica.org\/wp-content\/uploads\/2022\/02\/adra-international-ukraine1280.jpg\" \/>\n\t<meta property=\"og:image:width\" content=\"1280\" \/>\n\t<meta property=\"og:image:height\" content=\"800\" \/>\n\t<meta property=\"og:image:type\" content=\"image\/jpeg\" \/>\n<meta name=\"author\" content=\"libna\" \/>\n<meta name=\"twitter:card\" content=\"summary_large_image\" \/>\n<meta name=\"twitter:label1\" content=\"\u00c9crit par\" \/>\n\t<meta name=\"twitter:data1\" content=\"libna\" \/>\n\t<meta name=\"twitter:label2\" content=\"Dur\u00e9e de lecture estim\u00e9e\" \/>\n\t<meta name=\"twitter:data2\" content=\"2 minutes\" \/>\n<script type=\"application\/ld+json\" class=\"yoast-schema-graph\">{\"@context\":\"https:\\\/\\\/schema.org\",\"@graph\":[{\"@type\":\"Article\",\"@id\":\"https:\\\/\\\/interamerica.org\\\/fr\\\/2022\\\/02\\\/adra-appelle-a-la-paix-en-ukraine-et-se-mobilise-pour-secourir-les-millions-de-personnes-affectees-par-la-guerre\\\/#article\",\"isPartOf\":{\"@id\":\"https:\\\/\\\/interamerica.org\\\/fr\\\/2022\\\/02\\\/adra-appelle-a-la-paix-en-ukraine-et-se-mobilise-pour-secourir-les-millions-de-personnes-affectees-par-la-guerre\\\/\"},\"author\":{\"name\":\"libna\",\"@id\":\"https:\\\/\\\/interamerica.org\\\/fr\\\/#\\\/schema\\\/person\\\/29998f2bc2d8bd0d38662909289b54f1\"},\"headline\":\"ADRA appelle \u00e0 la paix en Ukraine et se mobilise pour secourir les millions de personnes affect\u00e9es par la guerre\",\"datePublished\":\"2022-02-27T14:45:36+00:00\",\"dateModified\":\"2022-02-28T15:20:47+00:00\",\"mainEntityOfPage\":{\"@id\":\"https:\\\/\\\/interamerica.org\\\/fr\\\/2022\\\/02\\\/adra-appelle-a-la-paix-en-ukraine-et-se-mobilise-pour-secourir-les-millions-de-personnes-affectees-par-la-guerre\\\/\"},\"wordCount\":464,\"image\":{\"@id\":\"https:\\\/\\\/interamerica.org\\\/fr\\\/2022\\\/02\\\/adra-appelle-a-la-paix-en-ukraine-et-se-mobilise-pour-secourir-les-millions-de-personnes-affectees-par-la-guerre\\\/#primaryimage\"},\"thumbnailUrl\":\"https:\\\/\\\/interamerica.org\\\/wp-content\\\/uploads\\\/2022\\\/02\\\/adra-international-ukraine1280.jpg\",\"articleSection\":[\"Nouvelles de l'\u00c9glise mondiale\",\"RSS Fran\u00e7ais\"],\"inLanguage\":\"fr-FR\"},{\"@type\":\"WebPage\",\"@id\":\"https:\\\/\\\/interamerica.org\\\/fr\\\/2022\\\/02\\\/adra-appelle-a-la-paix-en-ukraine-et-se-mobilise-pour-secourir-les-millions-de-personnes-affectees-par-la-guerre\\\/\",\"url\":\"https:\\\/\\\/interamerica.org\\\/fr\\\/2022\\\/02\\\/adra-appelle-a-la-paix-en-ukraine-et-se-mobilise-pour-secourir-les-millions-de-personnes-affectees-par-la-guerre\\\/\",\"name\":\"ADRA appelle \u00e0 la paix en Ukraine et se mobilise pour secourir les millions de personnes affect\u00e9es par la guerre - \u00c9glise Adventiste Du Septieme Jour - Inter Am\u00e9rique Division\",\"isPartOf\":{\"@id\":\"https:\\\/\\\/interamerica.org\\\/fr\\\/#website\"},\"primaryImageOfPage\":{\"@id\":\"https:\\\/\\\/interamerica.org\\\/fr\\\/2022\\\/02\\\/adra-appelle-a-la-paix-en-ukraine-et-se-mobilise-pour-secourir-les-millions-de-personnes-affectees-par-la-guerre\\\/#primaryimage\"},\"image\":{\"@id\":\"https:\\\/\\\/interamerica.org\\\/fr\\\/2022\\\/02\\\/adra-appelle-a-la-paix-en-ukraine-et-se-mobilise-pour-secourir-les-millions-de-personnes-affectees-par-la-guerre\\\/#primaryimage\"},\"thumbnailUrl\":\"https:\\\/\\\/interamerica.org\\\/wp-content\\\/uploads\\\/2022\\\/02\\\/adra-international-ukraine1280.jpg\",\"datePublished\":\"2022-02-27T14:45:36+00:00\",\"dateModified\":\"2022-02-28T15:20:47+00:00\",\"author\":{\"@id\":\"https:\\\/\\\/interamerica.org\\\/fr\\\/#\\\/schema\\\/person\\\/29998f2bc2d8bd0d38662909289b54f1\"},\"breadcrumb\":{\"@id\":\"https:\\\/\\\/interamerica.org\\\/fr\\\/2022\\\/02\\\/adra-appelle-a-la-paix-en-ukraine-et-se-mobilise-pour-secourir-les-millions-de-personnes-affectees-par-la-guerre\\\/#breadcrumb\"},\"inLanguage\":\"fr-FR\",\"potentialAction\":[{\"@type\":\"ReadAction\",\"target\":[\"https:\\\/\\\/interamerica.org\\\/fr\\\/2022\\\/02\\\/adra-appelle-a-la-paix-en-ukraine-et-se-mobilise-pour-secourir-les-millions-de-personnes-affectees-par-la-guerre\\\/\"]}]},{\"@type\":\"ImageObject\",\"inLanguage\":\"fr-FR\",\"@id\":\"https:\\\/\\\/interamerica.org\\\/fr\\\/2022\\\/02\\\/adra-appelle-a-la-paix-en-ukraine-et-se-mobilise-pour-secourir-les-millions-de-personnes-affectees-par-la-guerre\\\/#primaryimage\",\"url\":\"https:\\\/\\\/interamerica.org\\\/wp-content\\\/uploads\\\/2022\\\/02\\\/adra-international-ukraine1280.jpg\",\"contentUrl\":\"https:\\\/\\\/interamerica.org\\\/wp-content\\\/uploads\\\/2022\\\/02\\\/adra-international-ukraine1280.jpg\",\"width\":1280,\"height\":800,\"caption\":\"[Une photo d\u2019ADRA International.]\"},{\"@type\":\"BreadcrumbList\",\"@id\":\"https:\\\/\\\/interamerica.org\\\/fr\\\/2022\\\/02\\\/adra-appelle-a-la-paix-en-ukraine-et-se-mobilise-pour-secourir-les-millions-de-personnes-affectees-par-la-guerre\\\/#breadcrumb\",\"itemListElement\":[{\"@type\":\"ListItem\",\"position\":1,\"name\":\"Home\",\"item\":\"https:\\\/\\\/interamerica.org\\\/fr\\\/\"},{\"@type\":\"ListItem\",\"position\":2,\"name\":\"ADRA appelle \u00e0 la paix en Ukraine et se mobilise pour secourir les millions de personnes affect\u00e9es par la guerre\"}]},{\"@type\":\"WebSite\",\"@id\":\"https:\\\/\\\/interamerica.org\\\/fr\\\/#website\",\"url\":\"https:\\\/\\\/interamerica.org\\\/fr\\\/\",\"name\":\"\u00c9glise Adventiste Du Septieme Jour - Inter Am\u00e9rique Division\",\"description\":\"\",\"potentialAction\":[{\"@type\":\"SearchAction\",\"target\":{\"@type\":\"EntryPoint\",\"urlTemplate\":\"https:\\\/\\\/interamerica.org\\\/fr\\\/?s={search_term_string}\"},\"query-input\":{\"@type\":\"PropertyValueSpecification\",\"valueRequired\":true,\"valueName\":\"search_term_string\"}}],\"inLanguage\":\"fr-FR\"},{\"@type\":\"Person\",\"@id\":\"https:\\\/\\\/interamerica.org\\\/fr\\\/#\\\/schema\\\/person\\\/29998f2bc2d8bd0d38662909289b54f1\",\"name\":\"libna\",\"image\":{\"@type\":\"ImageObject\",\"inLanguage\":\"fr-FR\",\"@id\":\"https:\\\/\\\/secure.gravatar.com\\\/avatar\\\/7c5bd30ae4b47a9ba3c856590957fd1d96dc588bf3ac05719d247e126840331f?s=96&d=mm&r=g\",\"url\":\"https:\\\/\\\/secure.gravatar.com\\\/avatar\\\/7c5bd30ae4b47a9ba3c856590957fd1d96dc588bf3ac05719d247e126840331f?s=96&d=mm&r=g\",\"contentUrl\":\"https:\\\/\\\/secure.gravatar.com\\\/avatar\\\/7c5bd30ae4b47a9ba3c856590957fd1d96dc588bf3ac05719d247e126840331f?s=96&d=mm&r=g\",\"caption\":\"libna\"}}]}<\/script>\n<!-- \/ Yoast SEO plugin. -->","yoast_head_json":{"title":"ADRA appelle \u00e0 la paix en Ukraine et se mobilise pour secourir les millions de personnes affect\u00e9es par la guerre - \u00c9glise Adventiste Du Septieme Jour - Inter Am\u00e9rique Division","robots":{"index":"index","follow":"follow","max-snippet":"max-snippet:-1","max-image-preview":"max-image-preview:large","max-video-preview":"max-video-preview:-1"},"canonical":"https:\/\/interamerica.org\/fr\/2022\/02\/adra-appelle-a-la-paix-en-ukraine-et-se-mobilise-pour-secourir-les-millions-de-personnes-affectees-par-la-guerre\/","og_locale":"fr_FR","og_type":"article","og_title":"ADRA appelle \u00e0 la paix en Ukraine et se mobilise pour secourir les millions de personnes affect\u00e9es par la guerre - \u00c9glise Adventiste Du Septieme Jour - Inter Am\u00e9rique Division","og_description":"L\u2019Agence humanitaire lance une campagne de soutien aux r\u00e9fugi\u00e9s. Le 26 f\u00e9vrier 2022 | Silver Spring, Maryland, \u00c9tats-Unis | Iris Argueta pour ADRA International L\u2019Agence de d\u00e9veloppement et de secours...","og_url":"https:\/\/interamerica.org\/fr\/2022\/02\/adra-appelle-a-la-paix-en-ukraine-et-se-mobilise-pour-secourir-les-millions-de-personnes-affectees-par-la-guerre\/","og_site_name":"\u00c9glise Adventiste Du Septieme Jour - Inter Am\u00e9rique Division","article_published_time":"2022-02-27T14:45:36+00:00","article_modified_time":"2022-02-28T15:20:47+00:00","og_image":[{"width":1280,"height":800,"url":"https:\/\/interamerica.org\/wp-content\/uploads\/2022\/02\/adra-international-ukraine1280.jpg","type":"image\/jpeg"}],"author":"libna","twitter_card":"summary_large_image","twitter_misc":{"\u00c9crit par":"libna","Dur\u00e9e de lecture estim\u00e9e":"2 minutes"},"schema":{"@context":"https:\/\/schema.org","@graph":[{"@type":"Article","@id":"https:\/\/interamerica.org\/fr\/2022\/02\/adra-appelle-a-la-paix-en-ukraine-et-se-mobilise-pour-secourir-les-millions-de-personnes-affectees-par-la-guerre\/#article","isPartOf":{"@id":"https:\/\/interamerica.org\/fr\/2022\/02\/adra-appelle-a-la-paix-en-ukraine-et-se-mobilise-pour-secourir-les-millions-de-personnes-affectees-par-la-guerre\/"},"author":{"name":"libna","@id":"https:\/\/interamerica.org\/fr\/#\/schema\/person\/29998f2bc2d8bd0d38662909289b54f1"},"headline":"ADRA appelle \u00e0 la paix en Ukraine et se mobilise pour secourir les millions de personnes affect\u00e9es par la guerre","datePublished":"2022-02-27T14:45:36+00:00","dateModified":"2022-02-28T15:20:47+00:00","mainEntityOfPage":{"@id":"https:\/\/interamerica.org\/fr\/2022\/02\/adra-appelle-a-la-paix-en-ukraine-et-se-mobilise-pour-secourir-les-millions-de-personnes-affectees-par-la-guerre\/"},"wordCount":464,"image":{"@id":"https:\/\/interamerica.org\/fr\/2022\/02\/adra-appelle-a-la-paix-en-ukraine-et-se-mobilise-pour-secourir-les-millions-de-personnes-affectees-par-la-guerre\/#primaryimage"},"thumbnailUrl":"https:\/\/interamerica.org\/wp-content\/uploads\/2022\/02\/adra-international-ukraine1280.jpg","articleSection":["Nouvelles de l'\u00c9glise mondiale","RSS Fran\u00e7ais"],"inLanguage":"fr-FR"},{"@type":"WebPage","@id":"https:\/\/interamerica.org\/fr\/2022\/02\/adra-appelle-a-la-paix-en-ukraine-et-se-mobilise-pour-secourir-les-millions-de-personnes-affectees-par-la-guerre\/","url":"https:\/\/interamerica.org\/fr\/2022\/02\/adra-appelle-a-la-paix-en-ukraine-et-se-mobilise-pour-secourir-les-millions-de-personnes-affectees-par-la-guerre\/","name":"ADRA appelle \u00e0 la paix en Ukraine et se mobilise pour secourir les millions de personnes affect\u00e9es par la guerre - \u00c9glise Adventiste Du Septieme Jour - Inter Am\u00e9rique Division","isPartOf":{"@id":"https:\/\/interamerica.org\/fr\/#website"},"primaryImageOfPage":{"@id":"https:\/\/interamerica.org\/fr\/2022\/02\/adra-appelle-a-la-paix-en-ukraine-et-se-mobilise-pour-secourir-les-millions-de-personnes-affectees-par-la-guerre\/#primaryimage"},"image":{"@id":"https:\/\/interamerica.org\/fr\/2022\/02\/adra-appelle-a-la-paix-en-ukraine-et-se-mobilise-pour-secourir-les-millions-de-personnes-affectees-par-la-guerre\/#primaryimage"},"thumbnailUrl":"https:\/\/interamerica.org\/wp-content\/uploads\/2022\/02\/adra-international-ukraine1280.jpg","datePublished":"2022-02-27T14:45:36+00:00","dateModified":"2022-02-28T15:20:47+00:00","author":{"@id":"https:\/\/interamerica.org\/fr\/#\/schema\/person\/29998f2bc2d8bd0d38662909289b54f1"},"breadcrumb":{"@id":"https:\/\/interamerica.org\/fr\/2022\/02\/adra-appelle-a-la-paix-en-ukraine-et-se-mobilise-pour-secourir-les-millions-de-personnes-affectees-par-la-guerre\/#breadcrumb"},"inLanguage":"fr-FR","potentialAction":[{"@type":"ReadAction","target":["https:\/\/interamerica.org\/fr\/2022\/02\/adra-appelle-a-la-paix-en-ukraine-et-se-mobilise-pour-secourir-les-millions-de-personnes-affectees-par-la-guerre\/"]}]},{"@type":"ImageObject","inLanguage":"fr-FR","@id":"https:\/\/interamerica.org\/fr\/2022\/02\/adra-appelle-a-la-paix-en-ukraine-et-se-mobilise-pour-secourir-les-millions-de-personnes-affectees-par-la-guerre\/#primaryimage","url":"https:\/\/interamerica.org\/wp-content\/uploads\/2022\/02\/adra-international-ukraine1280.jpg","contentUrl":"https:\/\/interamerica.org\/wp-content\/uploads\/2022\/02\/adra-international-ukraine1280.jpg","width":1280,"height":800,"caption":"[Une photo d\u2019ADRA International.]"},{"@type":"BreadcrumbList","@id":"https:\/\/interamerica.org\/fr\/2022\/02\/adra-appelle-a-la-paix-en-ukraine-et-se-mobilise-pour-secourir-les-millions-de-personnes-affectees-par-la-guerre\/#breadcrumb","itemListElement":[{"@type":"ListItem","position":1,"name":"Home","item":"https:\/\/interamerica.org\/fr\/"},{"@type":"ListItem","position":2,"name":"ADRA appelle \u00e0 la paix en Ukraine et se mobilise pour secourir les millions de personnes affect\u00e9es par la guerre"}]},{"@type":"WebSite","@id":"https:\/\/interamerica.org\/fr\/#website","url":"https:\/\/interamerica.org\/fr\/","name":"\u00c9glise Adventiste Du Septieme Jour - Inter Am\u00e9rique Division","description":"","potentialAction":[{"@type":"SearchAction","target":{"@type":"EntryPoint","urlTemplate":"https:\/\/interamerica.org\/fr\/?s={search_term_string}"},"query-input":{"@type":"PropertyValueSpecification","valueRequired":true,"valueName":"search_term_string"}}],"inLanguage":"fr-FR"},{"@type":"Person","@id":"https:\/\/interamerica.org\/fr\/#\/schema\/person\/29998f2bc2d8bd0d38662909289b54f1","name":"libna","image":{"@type":"ImageObject","inLanguage":"fr-FR","@id":"https:\/\/secure.gravatar.com\/avatar\/7c5bd30ae4b47a9ba3c856590957fd1d96dc588bf3ac05719d247e126840331f?s=96&d=mm&r=g","url":"https:\/\/secure.gravatar.com\/avatar\/7c5bd30ae4b47a9ba3c856590957fd1d96dc588bf3ac05719d247e126840331f?s=96&d=mm&r=g","contentUrl":"https:\/\/secure.gravatar.com\/avatar\/7c5bd30ae4b47a9ba3c856590957fd1d96dc588bf3ac05719d247e126840331f?s=96&d=mm&r=g","caption":"libna"}}]}},"_links":{"self":[{"href":"https:\/\/interamerica.org\/fr\/wp-json\/wp\/v2\/posts\/81914","targetHints":{"allow":["GET"]}}],"collection":[{"href":"https:\/\/interamerica.org\/fr\/wp-json\/wp\/v2\/posts"}],"about":[{"href":"https:\/\/interamerica.org\/fr\/wp-json\/wp\/v2\/types\/post"}],"author":[{"embeddable":true,"href":"https:\/\/interamerica.org\/fr\/wp-json\/wp\/v2\/users\/3"}],"replies":[{"embeddable":true,"href":"https:\/\/interamerica.org\/fr\/wp-json\/wp\/v2\/comments?post=81914"}],"version-history":[{"count":0,"href":"https:\/\/interamerica.org\/fr\/wp-json\/wp\/v2\/posts\/81914\/revisions"}],"wp:featuredmedia":[{"embeddable":true,"href":"https:\/\/interamerica.org\/fr\/wp-json\/wp\/v2\/media\/81894"}],"wp:attachment":[{"href":"https:\/\/interamerica.org\/fr\/wp-json\/wp\/v2\/media?parent=81914"}],"wp:term":[{"taxonomy":"category","embeddable":true,"href":"https:\/\/interamerica.org\/fr\/wp-json\/wp\/v2\/categories?post=81914"},{"taxonomy":"post_tag","embeddable":true,"href":"https:\/\/interamerica.org\/fr\/wp-json\/wp\/v2\/tags?post=81914"}],"curies":[{"name":"wp","href":"https:\/\/api.w.org\/{rel}","templated":true}]}}