{"id":81967,"date":"2022-02-28T21:39:31","date_gmt":"2022-03-01T01:39:31","guid":{"rendered":"https:\/\/recursing-golick.147-182-135-0.plesk.page\/?p=81967"},"modified":"2022-03-02T13:33:23","modified_gmt":"2022-03-02T17:33:23","slug":"les-administrateurs-repondent-aux-questions-lors-dune-session-du-programme-discussions-sur-le-leadership","status":"publish","type":"post","link":"https:\/\/interamerica.org\/fr\/2022\/02\/les-administrateurs-repondent-aux-questions-lors-dune-session-du-programme-discussions-sur-le-leadership\/","title":{"rendered":"Les administrateurs r\u00e9pondent aux questions lors d&rsquo;une session du programme \u00ab\u00a0Discussions sur le Leadership\u00a0\u00bb"},"content":{"rendered":"<div><span lang=\"FR-CA\">Le 28 f\u00e9vrier 2022 | Miami, Floride, \u00c9tats-Unis | Libna Stevens, d\u00e9partement des actualit\u00e9s de la Division interam\u00e9ricaine<\/span><\/div>\n<p>La premi\u00e8re d\u2019une s\u00e9rie de s\u00e9ances de questions et r\u00e9ponses sur le leadership a r\u00e9cemment eu lieu avec les principaux administrateurs de la Division interam\u00e9ricaine de l\u2019\u00c9glise adventiste du septi\u00e8me jour. Lors du programme en ligne d\u2019une heure du 24 f\u00e9vrier dernier intitul\u00e9 <em>Discussions sur le leadership<\/em>, les dirigeants de l\u2019\u00c9glise ont abord\u00e9 des questions importantes pour les membres d\u2019\u00e9glise de notre territoire.<\/p>\n<p>\u00ab\u00a0Nous sommes ici pour r\u00e9pondre \u00e0 vos questions et pour accompagner la direction des \u00e9glises et des autres \u00e9tablissements [adventistes] locaux\u00a0\u00bb, a dit le pasteur Balvin Braham, vice-pr\u00e9sident de l\u2019\u00c9glise interam\u00e9ricaine et animateur de la s\u00e9ance.<\/p>\n<p><div id=\"attachment_81921\" style=\"width: 862px\" class=\"wp-caption aligncenter\"><img fetchpriority=\"high\" decoding=\"async\" aria-describedby=\"caption-attachment-81921\" class=\" wp-image-81921\" src=\"https:\/\/recursing-golick.147-182-135-0.plesk.page\/wp-content\/uploads\/2022\/02\/leadership-talk-1024x572.png\" alt=\"\" width=\"852\" height=\"476\" srcset=\"https:\/\/interamerica.org\/wp-content\/uploads\/2022\/02\/leadership-talk-1024x572.png 1024w, https:\/\/interamerica.org\/wp-content\/uploads\/2022\/02\/leadership-talk-300x167.png 300w, https:\/\/interamerica.org\/wp-content\/uploads\/2022\/02\/leadership-talk-768x429.png 768w, https:\/\/interamerica.org\/wp-content\/uploads\/2022\/02\/leadership-talk.png 1075w\" sizes=\"(max-width: 852px) 100vw, 852px\" \/><p id=\"caption-attachment-81921\" class=\"wp-caption-text\"><span lang=\"FR-CA\">Le pasteur Balvin Braham (\u00e0 gauche), vice-pr\u00e9sident de la Division interam\u00e9ricaine (DIA), a anim\u00e9 la premi\u00e8re s\u00e9ance de questions et r\u00e9ponses <em>Discussions sur le leadership<\/em>\u00a0avec les administrateurs de la DIA (de gauche \u00e0 droite\u00a0: les pasteurs Filiberto Verduzco, tr\u00e9sorier, Elie Henry et Leonard Johnson). Lors de la s\u00e9ance en ligne d\u2019une heure, on a abord\u00e9 des questions importantes pour les dirigeants, les employ\u00e9s, les \u00e9tablissements et les membres de l\u2019\u00c9glise. [Une capture d\u2019\u00e9cran de la DIA.]<\/span><\/p><\/div>La s\u00e9ance sur le leadership consistait \u00e0 offrir aux dirigeants, aux employ\u00e9s et aux membres de l\u2019\u00c9glise un forum pour exprimer leurs pr\u00e9occupations relatives au leadership et pour recevoir des r\u00e9ponses qui offriraient de nouvelles perspectives, a expliqu\u00e9 le pasteur Braham. \u00ab\u00a0Il est question d\u2019encourager et d\u2019afficher la transparence dans nos pratiques de leadership \u00e0 tous les niveaux au sein du territoire tout en offrant les meilleures solutions pratiques aux probl\u00e8mes r\u00e9currents de leadership organisationnel sur tout le territoire de la division.\u00a0\u00bb<\/p>\n<p>Des questions ont \u00e9t\u00e9 pos\u00e9es sur les raisons pour lesquelles les anciens d\u2019\u00e9glise ne re\u00e7oivent pas de salaire, sur la fa\u00e7on dont les \u00e9glises locales peuvent recevoir des fonds pour la construction ou la r\u00e9novation de leur b\u00e2timent, sur la profession de foi, sur les transferts de membres, sur la question des bijoux selon la Bible, etc.<\/p>\n<p>Une autre question a \u00e9t\u00e9 pos\u00e9e\u00a0: \u00ab\u00a0Quelles r\u00e9f\u00e9rences bibliques ainsi qu\u2019issues de l\u2019Esprit de proph\u00e9tie avons-nous pour soutenir la cons\u00e9cration des femmes?\u00a0\u00bb<\/p>\n<p>\u00ab\u00a0Voil\u00e0 une question tr\u00e8s d\u00e9licate\u00a0\u00bb, a dit le pasteur Elie Henry, pr\u00e9sident de l\u2019\u00c9glise interam\u00e9ricaine. La cons\u00e9cration des femmes est une question d\u00e9battue dans l\u2019\u00c9glise depuis tellement d\u2019ann\u00e9es maintenant.<\/p>\n<p><div id=\"attachment_81918\" style=\"width: 861px\" class=\"wp-caption aligncenter\"><img decoding=\"async\" aria-describedby=\"caption-attachment-81918\" class=\" wp-image-81918\" src=\"https:\/\/recursing-golick.147-182-135-0.plesk.page\/wp-content\/uploads\/2022\/02\/elie-henry-leadershiptalk-feb2022.png\" alt=\"\" width=\"851\" height=\"532\" srcset=\"https:\/\/interamerica.org\/wp-content\/uploads\/2022\/02\/elie-henry-leadershiptalk-feb2022.png 1000w, https:\/\/interamerica.org\/wp-content\/uploads\/2022\/02\/elie-henry-leadershiptalk-feb2022-300x188.png 300w, https:\/\/interamerica.org\/wp-content\/uploads\/2022\/02\/elie-henry-leadershiptalk-feb2022-768x480.png 768w\" sizes=\"(max-width: 851px) 100vw, 851px\" \/><p id=\"caption-attachment-81918\" class=\"wp-caption-text\"><span lang=\"FR-CA\">Le pasteur Elie Henry, pr\u00e9sident de la DIA, parle de la position de l\u2019\u00c9glise sur la cons\u00e9cration des femmes. [Une capture d\u2019\u00e9cran de la DIA.]<\/span><\/p><\/div>\u00ab\u00a0La Bible ne contient aucune directive claire concernant la cons\u00e9cration des femmes ou des hommes. Elle ne contient pas d\u2019interdiction \u00e0 ce sujet non plus, a expliqu\u00e9 le pasteur Henry. C\u2019est la raison pour laquelle nous avons de la difficult\u00e9, dans notre \u00c9glise, \u00e0 trouver la solution \u00e0 ce dilemme bien pr\u00e9cis.\u00a0\u00bb<\/p>\n<p>\u00ab\u00a0Ce que nous devons reconna\u00eetre, c\u2019est que Dieu a donn\u00e9 aux membres de l\u2019\u00c9glise de nombreux dons pour le service et qu\u2019il les a donn\u00e9s aux femmes comme aux hommes\u00a0\u00bb, a-t-il ajout\u00e9.<\/p>\n<p>Il y a certains minist\u00e8res, comme celui des diacres et des diaconesses, au sein desquels tous peuvent \u00eatre consacr\u00e9s. C\u2019est le cas des anciens [d\u2019\u00e9glise] \u00e9galement, a-t-il dit. \u00ab\u00a0Nous comprenons que la cons\u00e9cration sert \u00e0 mettre certaines personnes \u00e0 part pour un travail particulier pour Dieu ainsi que le minist\u00e8re.\u00a0\u00bb<\/p>\n<p>Mais lorsqu\u2019il est question du pastorat, toujours selon le pasteur Henry, \u00ab\u00a0nous allons avec ce que la Conf\u00e9rence g\u00e9n\u00e9rale a accept\u00e9 comme position la derni\u00e8re fois, c\u2019est-\u00e0-dire qu\u2019il n\u2019est pas appropri\u00e9 de consacrer des femmes au minist\u00e8re pastoral.\u00a0\u00bb<\/p>\n<p>Autre question soulev\u00e9e\u00a0: \u00ab\u00a0Que pouvons-nous faire pour motiver plus de jeunes \u00e0 participer davantage \u00e0 la vie d\u2019\u00e9glise?\u00a0\u00bb<\/p>\n<p><div id=\"attachment_81928\" style=\"width: 842px\" class=\"wp-caption aligncenter\"><img decoding=\"async\" aria-describedby=\"caption-attachment-81928\" class=\" wp-image-81928\" src=\"https:\/\/recursing-golick.147-182-135-0.plesk.page\/wp-content\/uploads\/2022\/02\/leonard-johnson-leadershiptalk-feb2022.png\" alt=\"\" width=\"832\" height=\"521\" srcset=\"https:\/\/interamerica.org\/wp-content\/uploads\/2022\/02\/leonard-johnson-leadershiptalk-feb2022.png 1000w, https:\/\/interamerica.org\/wp-content\/uploads\/2022\/02\/leonard-johnson-leadershiptalk-feb2022-300x188.png 300w, https:\/\/interamerica.org\/wp-content\/uploads\/2022\/02\/leonard-johnson-leadershiptalk-feb2022-768x480.png 768w\" sizes=\"(max-width: 832px) 100vw, 832px\" \/><p id=\"caption-attachment-81928\" class=\"wp-caption-text\"><span lang=\"FR-CA\">Le pasteur Leonard Johnson, secr\u00e9taire ex\u00e9cutif de la DIA, a encourag\u00e9 les dirigeants et les membres \u00e0 demeurer en contact avec les jeunes, \u00e0 les \u00e9couter, \u00e0 discuter avec eux et \u00e0 s\u2019assurer qu\u2019ils sont impliqu\u00e9s dans la vie et la mission de leur \u00e9glise. [Une capture d\u2019\u00e9cran de la DIA.]<\/span><\/p><\/div>Dans sa r\u00e9ponse aux participants en ligne, le pasteur Leonard Johnson, secr\u00e9taire ex\u00e9cutif de la Division interam\u00e9ricaine, a dit que les dirigeants et les membres se doivent de prendre le temps d\u2019\u00e9tablir des liens avec eux. \u00ab\u00a0Passez du temps avec les jeunes, parlez-leur et \u00e9coutez-les, a-t-il dit. Organisez plus d\u2019activit\u00e9s juste pour eux afin de les garder dans l\u2019\u00c9glise.\u00a0\u00bb<\/p>\n<p>Le pasteur Johnson a encourag\u00e9 les dirigeants et les membres \u00e0 ne pas parler n\u00e9gativement de l\u2019\u00c9glise. \u00ab\u00a0Par exemple, il faut que je montre \u00e0 mes enfants mon enthousiasme par rapport \u00e0 l\u2019\u00e9glise.\u00a0\u00bb Il est important de trouver des moyens de motiver nos jeunes \u00e0 participer \u00e0 la vie d\u2019\u00e9glise, a-t-il ajout\u00e9.<\/p>\n<p>D\u2019autres questions, notamment, sur la fa\u00e7on de se v\u00eatir, la fa\u00e7on d\u2019aborder, dans l\u2019\u00c9glise, l\u2019union \u00ab\u00a0de fait\u00a0\u00bb, qui est reconnu comme mariage l\u00e9gal dans certains pays du territoire, et les activit\u00e9s d\u2019\u00e9vang\u00e9lisation communautaire auxquelles peut participer chaque \u00e9glise locale toutes les semaines ont aussi \u00e9t\u00e9 abord\u00e9es.<\/p>\n<p>Les s\u00e9ances <span lang=\"FR-CA\"><em>Discussions sur le leadership <\/em><\/span>traiteront entre autres \u00e9galement des questions de l\u2019emploi au sein de l\u2019\u00c9glise, des probl\u00e8mes organisationnels, des politiques organisationnelles et de la r\u00e9solution de conflits. Ces s\u00e9ances de discussion font partie du plan strat\u00e9gique de la Division. Les questions adress\u00e9es au panel de dirigeants peuvent \u00eatre soumises par les membres d\u2019\u00e9glise, les pasteurs, les dirigeants d\u00e9partementaux, les administrateurs, les employ\u00e9s et les superviseurs en visitant le <a href=\"https:\/\/seld.interamerica.org\/\">leadership.interamerica.org<\/a>.<\/p>\n<p>La prochaine s\u00e9ance de <span lang=\"FR-CA\"><em>Discussions sur le leadership<\/em><\/span>\u00a0de la DIA est pr\u00e9vue pour le 31 mars 2022 \u00e0 20\u00a0h au <a href=\"https:\/\/www.youtube.com\/c\/InterAmericanDivision\">webcast.interamerica.org<\/a>.<\/p>\n<p>Pour visionner la s\u00e9ance de <span lang=\"FR-CA\"><em>Discussions sur le leadership<\/em><\/span>\u00a0du 24 f\u00e9vrier dernier\u2026<\/p>\n<p>En anglais, cliquez <a href=\"https:\/\/www.youtube.com\/watch?v=_2b2t9t-STM\">ICI<\/a>;<\/p>\n<p>En espagnol, cliquez <a href=\"https:\/\/www.youtube.com\/watch?v=z51EUGmJsTk\">ICI<\/a>;<\/p>\n<p>En fran\u00e7ais, cliquez\u00a0<a href=\"https:\/\/www.youtube.com\/watch?v=uw8i4DtsW0k\">ICI<\/a>.<\/p>\n<p>Traduction\u00a0: Marie-Mich\u00e8le Robitaille<\/p>\n<p>&nbsp;<\/p>\n","protected":false},"excerpt":{"rendered":"<p>Le 28 f\u00e9vrier 2022 | Miami, Floride, \u00c9tats-Unis | Libna Stevens, d\u00e9partement des actualit\u00e9s de la Division interam\u00e9ricaine La premi\u00e8re d\u2019une s\u00e9rie de s\u00e9ances de questions et r\u00e9ponses sur le&#8230;<\/p>\n","protected":false},"author":3,"featured_media":81938,"comment_status":"closed","ping_status":"closed","sticky":false,"template":"","format":"standard","meta":{"_acf_changed":false,"footnotes":""},"categories":[20,19],"tags":[],"class_list":["post-81967","post","type-post","status-publish","format-standard","has-post-thumbnail","hentry","category-nouvelles-du-siege-de-la-division","category-rss-francais"],"acf":[],"yoast_head":"<!-- This site is optimized with the Yoast SEO plugin v27.3 - https:\/\/yoast.com\/product\/yoast-seo-wordpress\/ -->\n<title>Les administrateurs r\u00e9pondent aux questions lors d&#039;une session du programme &quot;Discussions sur le Leadership&quot; - \u00c9glise Adventiste Du Septieme Jour - Inter Am\u00e9rique Division<\/title>\n<meta name=\"robots\" content=\"index, follow, max-snippet:-1, max-image-preview:large, max-video-preview:-1\" \/>\n<link rel=\"canonical\" href=\"https:\/\/interamerica.org\/fr\/2022\/02\/les-administrateurs-repondent-aux-questions-lors-dune-session-du-programme-discussions-sur-le-leadership\/\" \/>\n<meta property=\"og:locale\" content=\"fr_FR\" \/>\n<meta property=\"og:type\" content=\"article\" \/>\n<meta property=\"og:title\" content=\"Les administrateurs r\u00e9pondent aux questions lors d&#039;une session du programme &quot;Discussions sur le Leadership&quot; - \u00c9glise Adventiste Du Septieme Jour - Inter Am\u00e9rique Division\" \/>\n<meta property=\"og:description\" content=\"Le 28 f\u00e9vrier 2022 | Miami, Floride, \u00c9tats-Unis | Libna Stevens, d\u00e9partement des actualit\u00e9s de la Division interam\u00e9ricaine La premi\u00e8re d\u2019une s\u00e9rie de s\u00e9ances de questions et r\u00e9ponses sur le...\" \/>\n<meta property=\"og:url\" content=\"https:\/\/interamerica.org\/fr\/2022\/02\/les-administrateurs-repondent-aux-questions-lors-dune-session-du-programme-discussions-sur-le-leadership\/\" \/>\n<meta property=\"og:site_name\" content=\"\u00c9glise Adventiste Du Septieme Jour - Inter Am\u00e9rique Division\" \/>\n<meta property=\"article:published_time\" content=\"2022-03-01T01:39:31+00:00\" \/>\n<meta property=\"article:modified_time\" content=\"2022-03-02T17:33:23+00:00\" \/>\n<meta property=\"og:image\" content=\"https:\/\/interamerica.org\/wp-content\/uploads\/2022\/02\/iad-entrance-wide-yem21-16.jpg\" \/>\n\t<meta property=\"og:image:width\" content=\"1000\" \/>\n\t<meta property=\"og:image:height\" content=\"625\" \/>\n\t<meta property=\"og:image:type\" content=\"image\/jpeg\" \/>\n<meta name=\"author\" content=\"libna\" \/>\n<meta name=\"twitter:card\" content=\"summary_large_image\" \/>\n<meta name=\"twitter:label1\" content=\"\u00c9crit par\" \/>\n\t<meta name=\"twitter:data1\" content=\"libna\" \/>\n\t<meta name=\"twitter:label2\" content=\"Dur\u00e9e de lecture estim\u00e9e\" \/>\n\t<meta name=\"twitter:data2\" content=\"5 minutes\" \/>\n<script type=\"application\/ld+json\" class=\"yoast-schema-graph\">{\"@context\":\"https:\\\/\\\/schema.org\",\"@graph\":[{\"@type\":\"Article\",\"@id\":\"https:\\\/\\\/interamerica.org\\\/fr\\\/2022\\\/02\\\/les-administrateurs-repondent-aux-questions-lors-dune-session-du-programme-discussions-sur-le-leadership\\\/#article\",\"isPartOf\":{\"@id\":\"https:\\\/\\\/interamerica.org\\\/fr\\\/2022\\\/02\\\/les-administrateurs-repondent-aux-questions-lors-dune-session-du-programme-discussions-sur-le-leadership\\\/\"},\"author\":{\"name\":\"libna\",\"@id\":\"https:\\\/\\\/interamerica.org\\\/fr\\\/#\\\/schema\\\/person\\\/29998f2bc2d8bd0d38662909289b54f1\"},\"headline\":\"Les administrateurs r\u00e9pondent aux questions lors d&rsquo;une session du programme \u00ab\u00a0Discussions sur le Leadership\u00a0\u00bb\",\"datePublished\":\"2022-03-01T01:39:31+00:00\",\"dateModified\":\"2022-03-02T17:33:23+00:00\",\"mainEntityOfPage\":{\"@id\":\"https:\\\/\\\/interamerica.org\\\/fr\\\/2022\\\/02\\\/les-administrateurs-repondent-aux-questions-lors-dune-session-du-programme-discussions-sur-le-leadership\\\/\"},\"wordCount\":1084,\"image\":{\"@id\":\"https:\\\/\\\/interamerica.org\\\/fr\\\/2022\\\/02\\\/les-administrateurs-repondent-aux-questions-lors-dune-session-du-programme-discussions-sur-le-leadership\\\/#primaryimage\"},\"thumbnailUrl\":\"https:\\\/\\\/interamerica.org\\\/wp-content\\\/uploads\\\/2022\\\/02\\\/iad-entrance-wide-yem21-16.jpg\",\"articleSection\":[\"Nouvelles du si\u00e8ge de la division\",\"RSS Fran\u00e7ais\"],\"inLanguage\":\"fr-FR\"},{\"@type\":\"WebPage\",\"@id\":\"https:\\\/\\\/interamerica.org\\\/fr\\\/2022\\\/02\\\/les-administrateurs-repondent-aux-questions-lors-dune-session-du-programme-discussions-sur-le-leadership\\\/\",\"url\":\"https:\\\/\\\/interamerica.org\\\/fr\\\/2022\\\/02\\\/les-administrateurs-repondent-aux-questions-lors-dune-session-du-programme-discussions-sur-le-leadership\\\/\",\"name\":\"Les administrateurs r\u00e9pondent aux questions lors d'une session du programme \\\"Discussions sur le Leadership\\\" - \u00c9glise Adventiste Du Septieme Jour - Inter Am\u00e9rique Division\",\"isPartOf\":{\"@id\":\"https:\\\/\\\/interamerica.org\\\/fr\\\/#website\"},\"primaryImageOfPage\":{\"@id\":\"https:\\\/\\\/interamerica.org\\\/fr\\\/2022\\\/02\\\/les-administrateurs-repondent-aux-questions-lors-dune-session-du-programme-discussions-sur-le-leadership\\\/#primaryimage\"},\"image\":{\"@id\":\"https:\\\/\\\/interamerica.org\\\/fr\\\/2022\\\/02\\\/les-administrateurs-repondent-aux-questions-lors-dune-session-du-programme-discussions-sur-le-leadership\\\/#primaryimage\"},\"thumbnailUrl\":\"https:\\\/\\\/interamerica.org\\\/wp-content\\\/uploads\\\/2022\\\/02\\\/iad-entrance-wide-yem21-16.jpg\",\"datePublished\":\"2022-03-01T01:39:31+00:00\",\"dateModified\":\"2022-03-02T17:33:23+00:00\",\"author\":{\"@id\":\"https:\\\/\\\/interamerica.org\\\/fr\\\/#\\\/schema\\\/person\\\/29998f2bc2d8bd0d38662909289b54f1\"},\"breadcrumb\":{\"@id\":\"https:\\\/\\\/interamerica.org\\\/fr\\\/2022\\\/02\\\/les-administrateurs-repondent-aux-questions-lors-dune-session-du-programme-discussions-sur-le-leadership\\\/#breadcrumb\"},\"inLanguage\":\"fr-FR\",\"potentialAction\":[{\"@type\":\"ReadAction\",\"target\":[\"https:\\\/\\\/interamerica.org\\\/fr\\\/2022\\\/02\\\/les-administrateurs-repondent-aux-questions-lors-dune-session-du-programme-discussions-sur-le-leadership\\\/\"]}]},{\"@type\":\"ImageObject\",\"inLanguage\":\"fr-FR\",\"@id\":\"https:\\\/\\\/interamerica.org\\\/fr\\\/2022\\\/02\\\/les-administrateurs-repondent-aux-questions-lors-dune-session-du-programme-discussions-sur-le-leadership\\\/#primaryimage\",\"url\":\"https:\\\/\\\/interamerica.org\\\/wp-content\\\/uploads\\\/2022\\\/02\\\/iad-entrance-wide-yem21-16.jpg\",\"contentUrl\":\"https:\\\/\\\/interamerica.org\\\/wp-content\\\/uploads\\\/2022\\\/02\\\/iad-entrance-wide-yem21-16.jpg\",\"width\":1000,\"height\":625,\"caption\":\"[Une photo de Keila Trejo\\\/DIA.]\"},{\"@type\":\"BreadcrumbList\",\"@id\":\"https:\\\/\\\/interamerica.org\\\/fr\\\/2022\\\/02\\\/les-administrateurs-repondent-aux-questions-lors-dune-session-du-programme-discussions-sur-le-leadership\\\/#breadcrumb\",\"itemListElement\":[{\"@type\":\"ListItem\",\"position\":1,\"name\":\"Home\",\"item\":\"https:\\\/\\\/interamerica.org\\\/fr\\\/\"},{\"@type\":\"ListItem\",\"position\":2,\"name\":\"Les administrateurs r\u00e9pondent aux questions lors d&rsquo;une session du programme \u00ab\u00a0Discussions sur le Leadership\u00a0\u00bb\"}]},{\"@type\":\"WebSite\",\"@id\":\"https:\\\/\\\/interamerica.org\\\/fr\\\/#website\",\"url\":\"https:\\\/\\\/interamerica.org\\\/fr\\\/\",\"name\":\"\u00c9glise Adventiste Du Septieme Jour - Inter Am\u00e9rique Division\",\"description\":\"\",\"potentialAction\":[{\"@type\":\"SearchAction\",\"target\":{\"@type\":\"EntryPoint\",\"urlTemplate\":\"https:\\\/\\\/interamerica.org\\\/fr\\\/?s={search_term_string}\"},\"query-input\":{\"@type\":\"PropertyValueSpecification\",\"valueRequired\":true,\"valueName\":\"search_term_string\"}}],\"inLanguage\":\"fr-FR\"},{\"@type\":\"Person\",\"@id\":\"https:\\\/\\\/interamerica.org\\\/fr\\\/#\\\/schema\\\/person\\\/29998f2bc2d8bd0d38662909289b54f1\",\"name\":\"libna\",\"image\":{\"@type\":\"ImageObject\",\"inLanguage\":\"fr-FR\",\"@id\":\"https:\\\/\\\/secure.gravatar.com\\\/avatar\\\/7c5bd30ae4b47a9ba3c856590957fd1d96dc588bf3ac05719d247e126840331f?s=96&d=mm&r=g\",\"url\":\"https:\\\/\\\/secure.gravatar.com\\\/avatar\\\/7c5bd30ae4b47a9ba3c856590957fd1d96dc588bf3ac05719d247e126840331f?s=96&d=mm&r=g\",\"contentUrl\":\"https:\\\/\\\/secure.gravatar.com\\\/avatar\\\/7c5bd30ae4b47a9ba3c856590957fd1d96dc588bf3ac05719d247e126840331f?s=96&d=mm&r=g\",\"caption\":\"libna\"}}]}<\/script>\n<!-- \/ Yoast SEO plugin. -->","yoast_head_json":{"title":"Les administrateurs r\u00e9pondent aux questions lors d'une session du programme \"Discussions sur le Leadership\" - \u00c9glise Adventiste Du Septieme Jour - Inter Am\u00e9rique Division","robots":{"index":"index","follow":"follow","max-snippet":"max-snippet:-1","max-image-preview":"max-image-preview:large","max-video-preview":"max-video-preview:-1"},"canonical":"https:\/\/interamerica.org\/fr\/2022\/02\/les-administrateurs-repondent-aux-questions-lors-dune-session-du-programme-discussions-sur-le-leadership\/","og_locale":"fr_FR","og_type":"article","og_title":"Les administrateurs r\u00e9pondent aux questions lors d'une session du programme \"Discussions sur le Leadership\" - \u00c9glise Adventiste Du Septieme Jour - Inter Am\u00e9rique Division","og_description":"Le 28 f\u00e9vrier 2022 | Miami, Floride, \u00c9tats-Unis | Libna Stevens, d\u00e9partement des actualit\u00e9s de la Division interam\u00e9ricaine La premi\u00e8re d\u2019une s\u00e9rie de s\u00e9ances de questions et r\u00e9ponses sur le...","og_url":"https:\/\/interamerica.org\/fr\/2022\/02\/les-administrateurs-repondent-aux-questions-lors-dune-session-du-programme-discussions-sur-le-leadership\/","og_site_name":"\u00c9glise Adventiste Du Septieme Jour - Inter Am\u00e9rique Division","article_published_time":"2022-03-01T01:39:31+00:00","article_modified_time":"2022-03-02T17:33:23+00:00","og_image":[{"width":1000,"height":625,"url":"https:\/\/interamerica.org\/wp-content\/uploads\/2022\/02\/iad-entrance-wide-yem21-16.jpg","type":"image\/jpeg"}],"author":"libna","twitter_card":"summary_large_image","twitter_misc":{"\u00c9crit par":"libna","Dur\u00e9e de lecture estim\u00e9e":"5 minutes"},"schema":{"@context":"https:\/\/schema.org","@graph":[{"@type":"Article","@id":"https:\/\/interamerica.org\/fr\/2022\/02\/les-administrateurs-repondent-aux-questions-lors-dune-session-du-programme-discussions-sur-le-leadership\/#article","isPartOf":{"@id":"https:\/\/interamerica.org\/fr\/2022\/02\/les-administrateurs-repondent-aux-questions-lors-dune-session-du-programme-discussions-sur-le-leadership\/"},"author":{"name":"libna","@id":"https:\/\/interamerica.org\/fr\/#\/schema\/person\/29998f2bc2d8bd0d38662909289b54f1"},"headline":"Les administrateurs r\u00e9pondent aux questions lors d&rsquo;une session du programme \u00ab\u00a0Discussions sur le Leadership\u00a0\u00bb","datePublished":"2022-03-01T01:39:31+00:00","dateModified":"2022-03-02T17:33:23+00:00","mainEntityOfPage":{"@id":"https:\/\/interamerica.org\/fr\/2022\/02\/les-administrateurs-repondent-aux-questions-lors-dune-session-du-programme-discussions-sur-le-leadership\/"},"wordCount":1084,"image":{"@id":"https:\/\/interamerica.org\/fr\/2022\/02\/les-administrateurs-repondent-aux-questions-lors-dune-session-du-programme-discussions-sur-le-leadership\/#primaryimage"},"thumbnailUrl":"https:\/\/interamerica.org\/wp-content\/uploads\/2022\/02\/iad-entrance-wide-yem21-16.jpg","articleSection":["Nouvelles du si\u00e8ge de la division","RSS Fran\u00e7ais"],"inLanguage":"fr-FR"},{"@type":"WebPage","@id":"https:\/\/interamerica.org\/fr\/2022\/02\/les-administrateurs-repondent-aux-questions-lors-dune-session-du-programme-discussions-sur-le-leadership\/","url":"https:\/\/interamerica.org\/fr\/2022\/02\/les-administrateurs-repondent-aux-questions-lors-dune-session-du-programme-discussions-sur-le-leadership\/","name":"Les administrateurs r\u00e9pondent aux questions lors d'une session du programme \"Discussions sur le Leadership\" - \u00c9glise Adventiste Du Septieme Jour - Inter Am\u00e9rique Division","isPartOf":{"@id":"https:\/\/interamerica.org\/fr\/#website"},"primaryImageOfPage":{"@id":"https:\/\/interamerica.org\/fr\/2022\/02\/les-administrateurs-repondent-aux-questions-lors-dune-session-du-programme-discussions-sur-le-leadership\/#primaryimage"},"image":{"@id":"https:\/\/interamerica.org\/fr\/2022\/02\/les-administrateurs-repondent-aux-questions-lors-dune-session-du-programme-discussions-sur-le-leadership\/#primaryimage"},"thumbnailUrl":"https:\/\/interamerica.org\/wp-content\/uploads\/2022\/02\/iad-entrance-wide-yem21-16.jpg","datePublished":"2022-03-01T01:39:31+00:00","dateModified":"2022-03-02T17:33:23+00:00","author":{"@id":"https:\/\/interamerica.org\/fr\/#\/schema\/person\/29998f2bc2d8bd0d38662909289b54f1"},"breadcrumb":{"@id":"https:\/\/interamerica.org\/fr\/2022\/02\/les-administrateurs-repondent-aux-questions-lors-dune-session-du-programme-discussions-sur-le-leadership\/#breadcrumb"},"inLanguage":"fr-FR","potentialAction":[{"@type":"ReadAction","target":["https:\/\/interamerica.org\/fr\/2022\/02\/les-administrateurs-repondent-aux-questions-lors-dune-session-du-programme-discussions-sur-le-leadership\/"]}]},{"@type":"ImageObject","inLanguage":"fr-FR","@id":"https:\/\/interamerica.org\/fr\/2022\/02\/les-administrateurs-repondent-aux-questions-lors-dune-session-du-programme-discussions-sur-le-leadership\/#primaryimage","url":"https:\/\/interamerica.org\/wp-content\/uploads\/2022\/02\/iad-entrance-wide-yem21-16.jpg","contentUrl":"https:\/\/interamerica.org\/wp-content\/uploads\/2022\/02\/iad-entrance-wide-yem21-16.jpg","width":1000,"height":625,"caption":"[Une photo de Keila Trejo\/DIA.]"},{"@type":"BreadcrumbList","@id":"https:\/\/interamerica.org\/fr\/2022\/02\/les-administrateurs-repondent-aux-questions-lors-dune-session-du-programme-discussions-sur-le-leadership\/#breadcrumb","itemListElement":[{"@type":"ListItem","position":1,"name":"Home","item":"https:\/\/interamerica.org\/fr\/"},{"@type":"ListItem","position":2,"name":"Les administrateurs r\u00e9pondent aux questions lors d&rsquo;une session du programme \u00ab\u00a0Discussions sur le Leadership\u00a0\u00bb"}]},{"@type":"WebSite","@id":"https:\/\/interamerica.org\/fr\/#website","url":"https:\/\/interamerica.org\/fr\/","name":"\u00c9glise Adventiste Du Septieme Jour - Inter Am\u00e9rique Division","description":"","potentialAction":[{"@type":"SearchAction","target":{"@type":"EntryPoint","urlTemplate":"https:\/\/interamerica.org\/fr\/?s={search_term_string}"},"query-input":{"@type":"PropertyValueSpecification","valueRequired":true,"valueName":"search_term_string"}}],"inLanguage":"fr-FR"},{"@type":"Person","@id":"https:\/\/interamerica.org\/fr\/#\/schema\/person\/29998f2bc2d8bd0d38662909289b54f1","name":"libna","image":{"@type":"ImageObject","inLanguage":"fr-FR","@id":"https:\/\/secure.gravatar.com\/avatar\/7c5bd30ae4b47a9ba3c856590957fd1d96dc588bf3ac05719d247e126840331f?s=96&d=mm&r=g","url":"https:\/\/secure.gravatar.com\/avatar\/7c5bd30ae4b47a9ba3c856590957fd1d96dc588bf3ac05719d247e126840331f?s=96&d=mm&r=g","contentUrl":"https:\/\/secure.gravatar.com\/avatar\/7c5bd30ae4b47a9ba3c856590957fd1d96dc588bf3ac05719d247e126840331f?s=96&d=mm&r=g","caption":"libna"}}]}},"_links":{"self":[{"href":"https:\/\/interamerica.org\/fr\/wp-json\/wp\/v2\/posts\/81967","targetHints":{"allow":["GET"]}}],"collection":[{"href":"https:\/\/interamerica.org\/fr\/wp-json\/wp\/v2\/posts"}],"about":[{"href":"https:\/\/interamerica.org\/fr\/wp-json\/wp\/v2\/types\/post"}],"author":[{"embeddable":true,"href":"https:\/\/interamerica.org\/fr\/wp-json\/wp\/v2\/users\/3"}],"replies":[{"embeddable":true,"href":"https:\/\/interamerica.org\/fr\/wp-json\/wp\/v2\/comments?post=81967"}],"version-history":[{"count":0,"href":"https:\/\/interamerica.org\/fr\/wp-json\/wp\/v2\/posts\/81967\/revisions"}],"wp:featuredmedia":[{"embeddable":true,"href":"https:\/\/interamerica.org\/fr\/wp-json\/wp\/v2\/media\/81938"}],"wp:attachment":[{"href":"https:\/\/interamerica.org\/fr\/wp-json\/wp\/v2\/media?parent=81967"}],"wp:term":[{"taxonomy":"category","embeddable":true,"href":"https:\/\/interamerica.org\/fr\/wp-json\/wp\/v2\/categories?post=81967"},{"taxonomy":"post_tag","embeddable":true,"href":"https:\/\/interamerica.org\/fr\/wp-json\/wp\/v2\/tags?post=81967"}],"curies":[{"name":"wp","href":"https:\/\/api.w.org\/{rel}","templated":true}]}}