{"id":81994,"date":"2022-03-01T21:59:41","date_gmt":"2022-03-02T01:59:41","guid":{"rendered":"https:\/\/recursing-golick.147-182-135-0.plesk.page\/?p=81994"},"modified":"2022-03-02T11:12:19","modified_gmt":"2022-03-02T15:12:19","slug":"les-ecoles-adventistes-en-ukraine-deviennent-des-lieux-de-refuge-au-milieu-des-attaques","status":"publish","type":"post","link":"https:\/\/interamerica.org\/fr\/2022\/03\/les-ecoles-adventistes-en-ukraine-deviennent-des-lieux-de-refuge-au-milieu-des-attaques\/","title":{"rendered":"Les \u00e9coles adventistes en Ukraine deviennent des lieux de refuge au milieu des attaques"},"content":{"rendered":"<p><strong><span id=\"span-21-7\" class=\"ct-span\">Les enseignants aident les personnes d\u00e9plac\u00e9es en leur fournissant de la nourriture, un abri et un soutien spirituel.<\/span><\/strong><\/p>\n<p id=\"headline-7-7\" class=\"ct-headline\"><span id=\"span-20-7\" class=\"ct-span\">1er mars 2022 | Silver Spring, Maryland, \u00c9tats-Unis | Marcos Paseggi, Adventist Review <\/span><\/p>\n<p>Les institutions \u00e9ducatives adventistes du septi\u00e8me jour en Ukraine deviennent aussi des lieux de refuge apr\u00e8s l\u2019invasion russe du 24 f\u00e9vrier 2022.<\/p>\n<p>Dans un r\u00e9cent message adress\u00e9 aux dirigeants adventistes du septi\u00e8me jour, le directeur de l\u2019\u00e9ducation de l\u2019Union de F\u00e9d\u00e9rations Ukrainienne, Kostiantyn S. Kampen, a d\u00e9crit l\u2019\u00e9volution de la situation des \u00e9coles adventistes en Ukraine.<\/p>\n<p>Kostiantyn Kampen a \u00e9crit que de nombreux ukrainiens ont \u00e9t\u00e9 r\u00e9veill\u00e9s par des attaques \u00e0 la roquette et par des explosions t\u00f4t le 24 f\u00e9vrier. Ces explosions ont marqu\u00e9 le d\u00e9but de l\u2019attaque de la Russie contre le pays.<\/p>\n<p><div id=\"attachment_81976\" style=\"width: 817px\" class=\"wp-caption aligncenter\"><img fetchpriority=\"high\" decoding=\"async\" aria-describedby=\"caption-attachment-81976\" class=\" wp-image-81976\" src=\"https:\/\/recursing-golick.147-182-135-0.plesk.page\/wp-content\/uploads\/2022\/03\/ukraine-conf-1img-20220301-wa0000-1024x768.jpeg\" alt=\"\" width=\"807\" height=\"605\" srcset=\"https:\/\/interamerica.org\/wp-content\/uploads\/2022\/03\/ukraine-conf-1img-20220301-wa0000-1024x768.jpeg 1024w, https:\/\/interamerica.org\/wp-content\/uploads\/2022\/03\/ukraine-conf-1img-20220301-wa0000-300x225.jpeg 300w, https:\/\/interamerica.org\/wp-content\/uploads\/2022\/03\/ukraine-conf-1img-20220301-wa0000-768x576.jpeg 768w, https:\/\/interamerica.org\/wp-content\/uploads\/2022\/03\/ukraine-conf-1img-20220301-wa0000.jpeg 1280w\" sizes=\"(max-width: 807px) 100vw, 807px\" \/><p id=\"caption-attachment-81976\" class=\"wp-caption-text\">Une famille d\u2019ukrainiens d\u00e9plac\u00e9s dort dans une salle de classe de l\u2019une des \u00e9coles adventistes du pays. En quelques heures seulement, les \u00e9coles sont pass\u00e9es de lieux de cours en pr\u00e9sentiel \u00e0 lieux de refuge pour les ukrainiens d\u00e9plac\u00e9s. [Photo : Union de F\u00e9d\u00e9rations Ukrainienne]<\/p><\/div>Ce jour-l\u00e0, a indiqu\u00e9 Kostiantyn Kampen, une seule des 24 \u00e9coles adventistes en Ukraine a organis\u00e9 des cours en pr\u00e9sentiel. Les autres ont demand\u00e9 aux \u00e9tudiants et aux professeurs de ne pas venir, car des combats avaient lieu dans les rues de la ville et dans les banlieues de la ville o\u00f9 se trouvent au moins cinq \u00e9coles adventistes.<\/p>\n<p>Les enseignants adventistes, cependant, ont fait de grands efforts pour continuer \u00e0 prodiguer un enseignement \u00e0 leurs \u00e9l\u00e8ves. \u00ab Malgr\u00e9 le d\u00e9cret du Minist\u00e8re Ukrainien de l\u2019\u00c9ducation d\u00e9clarant une tr\u00eave de deux semaines, certaines \u00e9coles adventistes continuent d\u2019assurer l\u2019enseignement via Zoom, \u00bb a \u00e9crit Kostiantyn Kampen. Et il a expliqu\u00e9 : \u00ab L\u2019enseignement en ligne aide les enfants, au moins dans une certaine mesure, \u00e0 remplir leur vie d\u2019autre chose que d\u2019informations au sujet de la guerre. \u00bb<\/p>\n<p>N\u00e9anmoins, Kostiantyn Kampen a indiqu\u00e9 que lorsque les enfants qui fr\u00e9quentent les \u00e9coles adventistes passaient \u00e0 l\u2019enseignement en ligne ou partaient pour une tr\u00eave, les b\u00e2timents scolaires ne restaient pas vides. Au contraire, ils \u00e9taient transform\u00e9s en lieux de refuge.<\/p>\n<p>\u00ab Les salles de classe des \u00e9coles ont commenc\u00e9 \u00e0 se remplir de monde, \u00bb a-t-il \u00e9crit. \u00ab Dans les villes touch\u00e9es par les combats, les b\u00e2timents des \u00e9coles sont utilis\u00e9s pour abriter les gens des bombardements. Dans les villes plus \u00e9loign\u00e9es de la zone active de combat, les \u00e9coles servent d\u2019abris aux personnes d\u00e9plac\u00e9es en provenance d\u2019autres villes. \u00bb<\/p>\n<p><div id=\"attachment_81979\" style=\"width: 593px\" class=\"wp-caption aligncenter\"><img decoding=\"async\" aria-describedby=\"caption-attachment-81979\" class=\" wp-image-81979\" src=\"https:\/\/recursing-golick.147-182-135-0.plesk.page\/wp-content\/uploads\/2022\/03\/ukraine-confce2-img-20220301-wa0003-768x1024.jpeg\" alt=\"\" width=\"583\" height=\"777\" srcset=\"https:\/\/interamerica.org\/wp-content\/uploads\/2022\/03\/ukraine-confce2-img-20220301-wa0003-768x1024.jpeg 768w, https:\/\/interamerica.org\/wp-content\/uploads\/2022\/03\/ukraine-confce2-img-20220301-wa0003-225x300.jpeg 225w, https:\/\/interamerica.org\/wp-content\/uploads\/2022\/03\/ukraine-confce2-img-20220301-wa0003.jpeg 960w\" sizes=\"(max-width: 583px) 100vw, 583px\" \/><p id=\"caption-attachment-81979\" class=\"wp-caption-text\">Une famille d\u00e9plac\u00e9e sourit apr\u00e8s une bonne nuit de sommeil, dans une salle de classe de l\u2019une des \u00e9coles adventistes en Ukraine. Les professeurs et le personnel ont agi rapidement pour abriter autant de familles d\u00e9plac\u00e9es que possible. [Photo : Union de F\u00e9d\u00e9rations Ukrainienne]<\/p><\/div>Kostiantyn Kampen a \u00e9galement indiqu\u00e9 que le sabbat [samedi] 26 f\u00e9vrier, c\u2019\u00e9tait la premi\u00e8re fois que certaines des personnes d\u00e9plac\u00e9es assistaient \u00e0 un service du sabbat. \u00ab Si les \u00e9coles doivent d\u00e9placer les bureaux et les matelas hors des salles de classe, si les directeurs d\u2019\u00e9cole doivent organiser des repas pour les r\u00e9fugi\u00e9s au lieu de programmer des cours, et si les aum\u00f4niers doivent organiser des services de culte pour les adultes plut\u00f4t que pour les enfants&#8230; nous sommes d\u00e9sireux de faire toutes ces choses pour sauver les gens et accomplir notre mission, \u00bb a-t-il \u00e9crit.<\/p>\n<p>Ivan Ryapolov, directeur de l\u2019\u00e9ducation pour la Division Eurasienne, a comment\u00e9 la crise actuelle : \u00ab Dieu est notre refuge. Il ne nous abandonne pas et continue de diriger. Il nous guidera \u00e0 travers cette situation. \u00bb<\/p>\n<p><strong>Soutien adventiste dans toute la r\u00e9gion <\/strong><\/p>\n<p>Selon des sources de la Division Transeurop\u00e9enne (TED) de l\u2019\u00c9glise adventiste, une r\u00e9gion qui comprend plusieurs pays adjacents \u00e0 l\u2019Ukraine, les dirigeants et les membres adventistes agissent rapidement pour apporter soutien et aide aux milliers d\u2019ukrainiens qui traversent chaque jour en masse leurs fronti\u00e8res \u00e0 l\u2019Est.<\/p>\n<p>Des sources du d\u00e9partement de la Communication de la TED ont indiqu\u00e9 que l\u2019Union de F\u00e9d\u00e9rations Polonaise (PUC) ouvrait des maisons et des \u00e9glises pour accueillir des personnes arrivant d\u2019Ukraine. \u00ab J\u2019ai lanc\u00e9 un appel sp\u00e9cial \u00e0 toutes les \u00e9glises, \u00bb a d\u00e9clar\u00e9 Ryszard Jankowski, pr\u00e9sident de la PUC. \u00ab [Nous] demandons aux gens d\u2019ouvrir leur c\u0153ur, leurs maisons et leur portefeuille \u00e0 nos amis ukrainiens. \u00bb<\/p>\n<p>PUC a cr\u00e9\u00e9 un comit\u00e9 sp\u00e9cial pour aider les personnes d\u00e9plac\u00e9es pendant cette crise. \u00ab Nous devons encore faire face \u00e0 de nombreuses difficult\u00e9s, mais par la gr\u00e2ce de Dieu, nous les surmonterons. Ce sabbat \u00e0 venir, pendant nos services, nous passerons du temps \u00e0 prier pour l\u2019Ukraine, et nous prierons \u00e9galement pendant la semaine, \u00bb a d\u00e9clar\u00e9 Ryszard Jankowski.<\/p>\n<p><div id=\"attachment_81982\" style=\"width: 810px\" class=\"wp-caption aligncenter\"><img decoding=\"async\" aria-describedby=\"caption-attachment-81982\" class=\" wp-image-81982\" src=\"https:\/\/recursing-golick.147-182-135-0.plesk.page\/wp-content\/uploads\/2022\/03\/ukraine-conference3-thumbnail-img-20220301-wa0002-1024x768.jpeg\" alt=\"\" width=\"800\" height=\"600\" srcset=\"https:\/\/interamerica.org\/wp-content\/uploads\/2022\/03\/ukraine-conference3-thumbnail-img-20220301-wa0002-1024x768.jpeg 1024w, https:\/\/interamerica.org\/wp-content\/uploads\/2022\/03\/ukraine-conference3-thumbnail-img-20220301-wa0002-300x225.jpeg 300w, https:\/\/interamerica.org\/wp-content\/uploads\/2022\/03\/ukraine-conference3-thumbnail-img-20220301-wa0002-768x576.jpeg 768w, https:\/\/interamerica.org\/wp-content\/uploads\/2022\/03\/ukraine-conference3-thumbnail-img-20220301-wa0002.jpeg 1280w\" sizes=\"(max-width: 800px) 100vw, 800px\" \/><p id=\"caption-attachment-81982\" class=\"wp-caption-text\">Les familles d\u00e9plac\u00e9es h\u00e9berg\u00e9es dans des \u00e9coles adventistes \u00e0 travers l\u2019Ukraine re\u00e7oivent des repas chauds, un endroit pour dormir et d\u2019autres articles de base en attendant la fin de l\u2019invasion. [Photo : Union de F\u00e9d\u00e9rations Ukrainienne]<\/p><\/div>L\u2019Agence Adventiste de D\u00e9veloppement et de Secours (ADRA) en Hongrie est \u00e9galement pr\u00eate \u00e0 recevoir des r\u00e9fugi\u00e9s, a indiqu\u00e9 le d\u00e9partement de la communication de la TED. \u00ab Les \u00e9glises locales sont ouvertes ; nous avons un site de camp biblique \u00e0 80 kilom\u00e8tres de la fronti\u00e8re ukrainienne. Il a une capacit\u00e9 d\u2019accueil d\u2019au moins 50 personnes. Il y a le chauffage, une cuisine et des salles de bains, \u00bb ont indiqu\u00e9 les dirigeants d\u2019ADRA.<\/p>\n<p>Le si\u00e8ge de l\u2019Union de F\u00e9d\u00e9rations Hongroise sera \u00e9galement ouvert pour recevoir des r\u00e9fugi\u00e9s, ont d\u00e9clar\u00e9 les dirigeants de l\u2019\u00e9glise.<\/p>\n<p>Les bureaux d\u2019ADRA Europe ont lanc\u00e9 une collecte de fonds le 25 f\u00e9vrier, \u00e0 peine 24 heures apr\u00e8s le d\u00e9but de l\u2019invasion. Les dirigeants de la branche humanitaire de l\u2019\u00c9glise adventiste en Europe ont indiqu\u00e9 qu\u2019en plus d\u2019accueillir des r\u00e9fugi\u00e9s, l\u2019agence cherche des moyens de travailler \u00e0 l\u2019int\u00e9rieur de l\u2019Ukraine en d\u00e9pit de difficult\u00e9s majeures. \u00ab Du personnel suppl\u00e9mentaire est d\u00e9j\u00e0 en route pour renforcer la capacit\u00e9 d\u2019intervenir, \u00bb a pr\u00e9cis\u00e9 ADRA Europe. \u00ab Il y aura une grande op\u00e9ration pour les soutenir d\u00e8s que ce sera possible.<\/p>\n<p><em>Lisa Beardsley-Hardy et Vanessa Pizzuto ont apport\u00e9 leur contribution \u00e0 cet article.<\/em><\/p>\n","protected":false},"excerpt":{"rendered":"<p>Les enseignants aident les personnes d\u00e9plac\u00e9es en leur fournissant de la nourriture, un abri et un soutien spirituel. 1er mars 2022 | Silver Spring, Maryland, \u00c9tats-Unis | Marcos Paseggi, Adventist&#8230;<\/p>\n","protected":false},"author":3,"featured_media":81985,"comment_status":"closed","ping_status":"closed","sticky":false,"template":"","format":"standard","meta":{"_acf_changed":false,"footnotes":""},"categories":[18,19],"tags":[],"class_list":["post-81994","post","type-post","status-publish","format-standard","has-post-thumbnail","hentry","category-nouvelles-de-leglise-mondiale","category-rss-francais"],"acf":[],"yoast_head":"<!-- This site is optimized with the Yoast SEO plugin v27.3 - https:\/\/yoast.com\/product\/yoast-seo-wordpress\/ -->\n<title>Les \u00e9coles adventistes en Ukraine deviennent des lieux de refuge au milieu des attaques - \u00c9glise Adventiste Du Septieme Jour - Inter Am\u00e9rique Division<\/title>\n<meta name=\"robots\" content=\"index, follow, max-snippet:-1, max-image-preview:large, max-video-preview:-1\" \/>\n<link rel=\"canonical\" href=\"https:\/\/interamerica.org\/fr\/2022\/03\/les-ecoles-adventistes-en-ukraine-deviennent-des-lieux-de-refuge-au-milieu-des-attaques\/\" \/>\n<meta property=\"og:locale\" content=\"fr_FR\" \/>\n<meta property=\"og:type\" content=\"article\" \/>\n<meta property=\"og:title\" content=\"Les \u00e9coles adventistes en Ukraine deviennent des lieux de refuge au milieu des attaques - \u00c9glise Adventiste Du Septieme Jour - Inter Am\u00e9rique Division\" \/>\n<meta property=\"og:description\" content=\"Les enseignants aident les personnes d\u00e9plac\u00e9es en leur fournissant de la nourriture, un abri et un soutien spirituel. 1er mars 2022 | Silver Spring, Maryland, \u00c9tats-Unis | Marcos Paseggi, Adventist...\" \/>\n<meta property=\"og:url\" content=\"https:\/\/interamerica.org\/fr\/2022\/03\/les-ecoles-adventistes-en-ukraine-deviennent-des-lieux-de-refuge-au-milieu-des-attaques\/\" \/>\n<meta property=\"og:site_name\" content=\"\u00c9glise Adventiste Du Septieme Jour - Inter Am\u00e9rique Division\" \/>\n<meta property=\"article:published_time\" content=\"2022-03-02T01:59:41+00:00\" \/>\n<meta property=\"article:modified_time\" content=\"2022-03-02T15:12:19+00:00\" \/>\n<meta property=\"og:image\" content=\"https:\/\/interamerica.org\/wp-content\/uploads\/2022\/03\/adventist-schools-in-ukraine-are-doubling-as-places-of-refuge-amid-attacks1.png\" \/>\n\t<meta property=\"og:image:width\" content=\"1000\" \/>\n\t<meta property=\"og:image:height\" content=\"500\" \/>\n\t<meta property=\"og:image:type\" content=\"image\/png\" \/>\n<meta name=\"author\" content=\"libna\" \/>\n<meta name=\"twitter:card\" content=\"summary_large_image\" \/>\n<meta name=\"twitter:label1\" content=\"\u00c9crit par\" \/>\n\t<meta name=\"twitter:data1\" content=\"libna\" \/>\n\t<meta name=\"twitter:label2\" content=\"Dur\u00e9e de lecture estim\u00e9e\" \/>\n\t<meta name=\"twitter:data2\" content=\"5 minutes\" \/>\n<script type=\"application\/ld+json\" class=\"yoast-schema-graph\">{\"@context\":\"https:\\\/\\\/schema.org\",\"@graph\":[{\"@type\":\"Article\",\"@id\":\"https:\\\/\\\/interamerica.org\\\/fr\\\/2022\\\/03\\\/les-ecoles-adventistes-en-ukraine-deviennent-des-lieux-de-refuge-au-milieu-des-attaques\\\/#article\",\"isPartOf\":{\"@id\":\"https:\\\/\\\/interamerica.org\\\/fr\\\/2022\\\/03\\\/les-ecoles-adventistes-en-ukraine-deviennent-des-lieux-de-refuge-au-milieu-des-attaques\\\/\"},\"author\":{\"name\":\"libna\",\"@id\":\"https:\\\/\\\/interamerica.org\\\/fr\\\/#\\\/schema\\\/person\\\/29998f2bc2d8bd0d38662909289b54f1\"},\"headline\":\"Les \u00e9coles adventistes en Ukraine deviennent des lieux de refuge au milieu des attaques\",\"datePublished\":\"2022-03-02T01:59:41+00:00\",\"dateModified\":\"2022-03-02T15:12:19+00:00\",\"mainEntityOfPage\":{\"@id\":\"https:\\\/\\\/interamerica.org\\\/fr\\\/2022\\\/03\\\/les-ecoles-adventistes-en-ukraine-deviennent-des-lieux-de-refuge-au-milieu-des-attaques\\\/\"},\"wordCount\":1121,\"image\":{\"@id\":\"https:\\\/\\\/interamerica.org\\\/fr\\\/2022\\\/03\\\/les-ecoles-adventistes-en-ukraine-deviennent-des-lieux-de-refuge-au-milieu-des-attaques\\\/#primaryimage\"},\"thumbnailUrl\":\"https:\\\/\\\/interamerica.org\\\/wp-content\\\/uploads\\\/2022\\\/03\\\/adventist-schools-in-ukraine-are-doubling-as-places-of-refuge-amid-attacks1.png\",\"articleSection\":[\"Nouvelles de l'\u00c9glise mondiale\",\"RSS Fran\u00e7ais\"],\"inLanguage\":\"fr-FR\"},{\"@type\":\"WebPage\",\"@id\":\"https:\\\/\\\/interamerica.org\\\/fr\\\/2022\\\/03\\\/les-ecoles-adventistes-en-ukraine-deviennent-des-lieux-de-refuge-au-milieu-des-attaques\\\/\",\"url\":\"https:\\\/\\\/interamerica.org\\\/fr\\\/2022\\\/03\\\/les-ecoles-adventistes-en-ukraine-deviennent-des-lieux-de-refuge-au-milieu-des-attaques\\\/\",\"name\":\"Les \u00e9coles adventistes en Ukraine deviennent des lieux de refuge au milieu des attaques - \u00c9glise Adventiste Du Septieme Jour - Inter Am\u00e9rique Division\",\"isPartOf\":{\"@id\":\"https:\\\/\\\/interamerica.org\\\/fr\\\/#website\"},\"primaryImageOfPage\":{\"@id\":\"https:\\\/\\\/interamerica.org\\\/fr\\\/2022\\\/03\\\/les-ecoles-adventistes-en-ukraine-deviennent-des-lieux-de-refuge-au-milieu-des-attaques\\\/#primaryimage\"},\"image\":{\"@id\":\"https:\\\/\\\/interamerica.org\\\/fr\\\/2022\\\/03\\\/les-ecoles-adventistes-en-ukraine-deviennent-des-lieux-de-refuge-au-milieu-des-attaques\\\/#primaryimage\"},\"thumbnailUrl\":\"https:\\\/\\\/interamerica.org\\\/wp-content\\\/uploads\\\/2022\\\/03\\\/adventist-schools-in-ukraine-are-doubling-as-places-of-refuge-amid-attacks1.png\",\"datePublished\":\"2022-03-02T01:59:41+00:00\",\"dateModified\":\"2022-03-02T15:12:19+00:00\",\"author\":{\"@id\":\"https:\\\/\\\/interamerica.org\\\/fr\\\/#\\\/schema\\\/person\\\/29998f2bc2d8bd0d38662909289b54f1\"},\"breadcrumb\":{\"@id\":\"https:\\\/\\\/interamerica.org\\\/fr\\\/2022\\\/03\\\/les-ecoles-adventistes-en-ukraine-deviennent-des-lieux-de-refuge-au-milieu-des-attaques\\\/#breadcrumb\"},\"inLanguage\":\"fr-FR\",\"potentialAction\":[{\"@type\":\"ReadAction\",\"target\":[\"https:\\\/\\\/interamerica.org\\\/fr\\\/2022\\\/03\\\/les-ecoles-adventistes-en-ukraine-deviennent-des-lieux-de-refuge-au-milieu-des-attaques\\\/\"]}]},{\"@type\":\"ImageObject\",\"inLanguage\":\"fr-FR\",\"@id\":\"https:\\\/\\\/interamerica.org\\\/fr\\\/2022\\\/03\\\/les-ecoles-adventistes-en-ukraine-deviennent-des-lieux-de-refuge-au-milieu-des-attaques\\\/#primaryimage\",\"url\":\"https:\\\/\\\/interamerica.org\\\/wp-content\\\/uploads\\\/2022\\\/03\\\/adventist-schools-in-ukraine-are-doubling-as-places-of-refuge-amid-attacks1.png\",\"contentUrl\":\"https:\\\/\\\/interamerica.org\\\/wp-content\\\/uploads\\\/2022\\\/03\\\/adventist-schools-in-ukraine-are-doubling-as-places-of-refuge-amid-attacks1.png\",\"width\":1000,\"height\":500},{\"@type\":\"BreadcrumbList\",\"@id\":\"https:\\\/\\\/interamerica.org\\\/fr\\\/2022\\\/03\\\/les-ecoles-adventistes-en-ukraine-deviennent-des-lieux-de-refuge-au-milieu-des-attaques\\\/#breadcrumb\",\"itemListElement\":[{\"@type\":\"ListItem\",\"position\":1,\"name\":\"Home\",\"item\":\"https:\\\/\\\/interamerica.org\\\/fr\\\/\"},{\"@type\":\"ListItem\",\"position\":2,\"name\":\"Les \u00e9coles adventistes en Ukraine deviennent des lieux de refuge au milieu des attaques\"}]},{\"@type\":\"WebSite\",\"@id\":\"https:\\\/\\\/interamerica.org\\\/fr\\\/#website\",\"url\":\"https:\\\/\\\/interamerica.org\\\/fr\\\/\",\"name\":\"\u00c9glise Adventiste Du Septieme Jour - Inter Am\u00e9rique Division\",\"description\":\"\",\"potentialAction\":[{\"@type\":\"SearchAction\",\"target\":{\"@type\":\"EntryPoint\",\"urlTemplate\":\"https:\\\/\\\/interamerica.org\\\/fr\\\/?s={search_term_string}\"},\"query-input\":{\"@type\":\"PropertyValueSpecification\",\"valueRequired\":true,\"valueName\":\"search_term_string\"}}],\"inLanguage\":\"fr-FR\"},{\"@type\":\"Person\",\"@id\":\"https:\\\/\\\/interamerica.org\\\/fr\\\/#\\\/schema\\\/person\\\/29998f2bc2d8bd0d38662909289b54f1\",\"name\":\"libna\",\"image\":{\"@type\":\"ImageObject\",\"inLanguage\":\"fr-FR\",\"@id\":\"https:\\\/\\\/secure.gravatar.com\\\/avatar\\\/7c5bd30ae4b47a9ba3c856590957fd1d96dc588bf3ac05719d247e126840331f?s=96&d=mm&r=g\",\"url\":\"https:\\\/\\\/secure.gravatar.com\\\/avatar\\\/7c5bd30ae4b47a9ba3c856590957fd1d96dc588bf3ac05719d247e126840331f?s=96&d=mm&r=g\",\"contentUrl\":\"https:\\\/\\\/secure.gravatar.com\\\/avatar\\\/7c5bd30ae4b47a9ba3c856590957fd1d96dc588bf3ac05719d247e126840331f?s=96&d=mm&r=g\",\"caption\":\"libna\"}}]}<\/script>\n<!-- \/ Yoast SEO plugin. -->","yoast_head_json":{"title":"Les \u00e9coles adventistes en Ukraine deviennent des lieux de refuge au milieu des attaques - \u00c9glise Adventiste Du Septieme Jour - Inter Am\u00e9rique Division","robots":{"index":"index","follow":"follow","max-snippet":"max-snippet:-1","max-image-preview":"max-image-preview:large","max-video-preview":"max-video-preview:-1"},"canonical":"https:\/\/interamerica.org\/fr\/2022\/03\/les-ecoles-adventistes-en-ukraine-deviennent-des-lieux-de-refuge-au-milieu-des-attaques\/","og_locale":"fr_FR","og_type":"article","og_title":"Les \u00e9coles adventistes en Ukraine deviennent des lieux de refuge au milieu des attaques - \u00c9glise Adventiste Du Septieme Jour - Inter Am\u00e9rique Division","og_description":"Les enseignants aident les personnes d\u00e9plac\u00e9es en leur fournissant de la nourriture, un abri et un soutien spirituel. 1er mars 2022 | Silver Spring, Maryland, \u00c9tats-Unis | Marcos Paseggi, Adventist...","og_url":"https:\/\/interamerica.org\/fr\/2022\/03\/les-ecoles-adventistes-en-ukraine-deviennent-des-lieux-de-refuge-au-milieu-des-attaques\/","og_site_name":"\u00c9glise Adventiste Du Septieme Jour - Inter Am\u00e9rique Division","article_published_time":"2022-03-02T01:59:41+00:00","article_modified_time":"2022-03-02T15:12:19+00:00","og_image":[{"width":1000,"height":500,"url":"https:\/\/interamerica.org\/wp-content\/uploads\/2022\/03\/adventist-schools-in-ukraine-are-doubling-as-places-of-refuge-amid-attacks1.png","type":"image\/png"}],"author":"libna","twitter_card":"summary_large_image","twitter_misc":{"\u00c9crit par":"libna","Dur\u00e9e de lecture estim\u00e9e":"5 minutes"},"schema":{"@context":"https:\/\/schema.org","@graph":[{"@type":"Article","@id":"https:\/\/interamerica.org\/fr\/2022\/03\/les-ecoles-adventistes-en-ukraine-deviennent-des-lieux-de-refuge-au-milieu-des-attaques\/#article","isPartOf":{"@id":"https:\/\/interamerica.org\/fr\/2022\/03\/les-ecoles-adventistes-en-ukraine-deviennent-des-lieux-de-refuge-au-milieu-des-attaques\/"},"author":{"name":"libna","@id":"https:\/\/interamerica.org\/fr\/#\/schema\/person\/29998f2bc2d8bd0d38662909289b54f1"},"headline":"Les \u00e9coles adventistes en Ukraine deviennent des lieux de refuge au milieu des attaques","datePublished":"2022-03-02T01:59:41+00:00","dateModified":"2022-03-02T15:12:19+00:00","mainEntityOfPage":{"@id":"https:\/\/interamerica.org\/fr\/2022\/03\/les-ecoles-adventistes-en-ukraine-deviennent-des-lieux-de-refuge-au-milieu-des-attaques\/"},"wordCount":1121,"image":{"@id":"https:\/\/interamerica.org\/fr\/2022\/03\/les-ecoles-adventistes-en-ukraine-deviennent-des-lieux-de-refuge-au-milieu-des-attaques\/#primaryimage"},"thumbnailUrl":"https:\/\/interamerica.org\/wp-content\/uploads\/2022\/03\/adventist-schools-in-ukraine-are-doubling-as-places-of-refuge-amid-attacks1.png","articleSection":["Nouvelles de l'\u00c9glise mondiale","RSS Fran\u00e7ais"],"inLanguage":"fr-FR"},{"@type":"WebPage","@id":"https:\/\/interamerica.org\/fr\/2022\/03\/les-ecoles-adventistes-en-ukraine-deviennent-des-lieux-de-refuge-au-milieu-des-attaques\/","url":"https:\/\/interamerica.org\/fr\/2022\/03\/les-ecoles-adventistes-en-ukraine-deviennent-des-lieux-de-refuge-au-milieu-des-attaques\/","name":"Les \u00e9coles adventistes en Ukraine deviennent des lieux de refuge au milieu des attaques - \u00c9glise Adventiste Du Septieme Jour - Inter Am\u00e9rique Division","isPartOf":{"@id":"https:\/\/interamerica.org\/fr\/#website"},"primaryImageOfPage":{"@id":"https:\/\/interamerica.org\/fr\/2022\/03\/les-ecoles-adventistes-en-ukraine-deviennent-des-lieux-de-refuge-au-milieu-des-attaques\/#primaryimage"},"image":{"@id":"https:\/\/interamerica.org\/fr\/2022\/03\/les-ecoles-adventistes-en-ukraine-deviennent-des-lieux-de-refuge-au-milieu-des-attaques\/#primaryimage"},"thumbnailUrl":"https:\/\/interamerica.org\/wp-content\/uploads\/2022\/03\/adventist-schools-in-ukraine-are-doubling-as-places-of-refuge-amid-attacks1.png","datePublished":"2022-03-02T01:59:41+00:00","dateModified":"2022-03-02T15:12:19+00:00","author":{"@id":"https:\/\/interamerica.org\/fr\/#\/schema\/person\/29998f2bc2d8bd0d38662909289b54f1"},"breadcrumb":{"@id":"https:\/\/interamerica.org\/fr\/2022\/03\/les-ecoles-adventistes-en-ukraine-deviennent-des-lieux-de-refuge-au-milieu-des-attaques\/#breadcrumb"},"inLanguage":"fr-FR","potentialAction":[{"@type":"ReadAction","target":["https:\/\/interamerica.org\/fr\/2022\/03\/les-ecoles-adventistes-en-ukraine-deviennent-des-lieux-de-refuge-au-milieu-des-attaques\/"]}]},{"@type":"ImageObject","inLanguage":"fr-FR","@id":"https:\/\/interamerica.org\/fr\/2022\/03\/les-ecoles-adventistes-en-ukraine-deviennent-des-lieux-de-refuge-au-milieu-des-attaques\/#primaryimage","url":"https:\/\/interamerica.org\/wp-content\/uploads\/2022\/03\/adventist-schools-in-ukraine-are-doubling-as-places-of-refuge-amid-attacks1.png","contentUrl":"https:\/\/interamerica.org\/wp-content\/uploads\/2022\/03\/adventist-schools-in-ukraine-are-doubling-as-places-of-refuge-amid-attacks1.png","width":1000,"height":500},{"@type":"BreadcrumbList","@id":"https:\/\/interamerica.org\/fr\/2022\/03\/les-ecoles-adventistes-en-ukraine-deviennent-des-lieux-de-refuge-au-milieu-des-attaques\/#breadcrumb","itemListElement":[{"@type":"ListItem","position":1,"name":"Home","item":"https:\/\/interamerica.org\/fr\/"},{"@type":"ListItem","position":2,"name":"Les \u00e9coles adventistes en Ukraine deviennent des lieux de refuge au milieu des attaques"}]},{"@type":"WebSite","@id":"https:\/\/interamerica.org\/fr\/#website","url":"https:\/\/interamerica.org\/fr\/","name":"\u00c9glise Adventiste Du Septieme Jour - Inter Am\u00e9rique Division","description":"","potentialAction":[{"@type":"SearchAction","target":{"@type":"EntryPoint","urlTemplate":"https:\/\/interamerica.org\/fr\/?s={search_term_string}"},"query-input":{"@type":"PropertyValueSpecification","valueRequired":true,"valueName":"search_term_string"}}],"inLanguage":"fr-FR"},{"@type":"Person","@id":"https:\/\/interamerica.org\/fr\/#\/schema\/person\/29998f2bc2d8bd0d38662909289b54f1","name":"libna","image":{"@type":"ImageObject","inLanguage":"fr-FR","@id":"https:\/\/secure.gravatar.com\/avatar\/7c5bd30ae4b47a9ba3c856590957fd1d96dc588bf3ac05719d247e126840331f?s=96&d=mm&r=g","url":"https:\/\/secure.gravatar.com\/avatar\/7c5bd30ae4b47a9ba3c856590957fd1d96dc588bf3ac05719d247e126840331f?s=96&d=mm&r=g","contentUrl":"https:\/\/secure.gravatar.com\/avatar\/7c5bd30ae4b47a9ba3c856590957fd1d96dc588bf3ac05719d247e126840331f?s=96&d=mm&r=g","caption":"libna"}}]}},"_links":{"self":[{"href":"https:\/\/interamerica.org\/fr\/wp-json\/wp\/v2\/posts\/81994","targetHints":{"allow":["GET"]}}],"collection":[{"href":"https:\/\/interamerica.org\/fr\/wp-json\/wp\/v2\/posts"}],"about":[{"href":"https:\/\/interamerica.org\/fr\/wp-json\/wp\/v2\/types\/post"}],"author":[{"embeddable":true,"href":"https:\/\/interamerica.org\/fr\/wp-json\/wp\/v2\/users\/3"}],"replies":[{"embeddable":true,"href":"https:\/\/interamerica.org\/fr\/wp-json\/wp\/v2\/comments?post=81994"}],"version-history":[{"count":0,"href":"https:\/\/interamerica.org\/fr\/wp-json\/wp\/v2\/posts\/81994\/revisions"}],"wp:featuredmedia":[{"embeddable":true,"href":"https:\/\/interamerica.org\/fr\/wp-json\/wp\/v2\/media\/81985"}],"wp:attachment":[{"href":"https:\/\/interamerica.org\/fr\/wp-json\/wp\/v2\/media?parent=81994"}],"wp:term":[{"taxonomy":"category","embeddable":true,"href":"https:\/\/interamerica.org\/fr\/wp-json\/wp\/v2\/categories?post=81994"},{"taxonomy":"post_tag","embeddable":true,"href":"https:\/\/interamerica.org\/fr\/wp-json\/wp\/v2\/tags?post=81994"}],"curies":[{"name":"wp","href":"https:\/\/api.w.org\/{rel}","templated":true}]}}