{"id":82054,"date":"2022-03-04T11:00:13","date_gmt":"2022-03-04T15:00:13","guid":{"rendered":"https:\/\/recursing-golick.147-182-135-0.plesk.page\/?p=82054"},"modified":"2022-03-04T11:47:16","modified_gmt":"2022-03-04T15:47:16","slug":"prier-dans-les-derniers-jours","status":"publish","type":"post","link":"https:\/\/interamerica.org\/fr\/2022\/03\/prier-dans-les-derniers-jours\/","title":{"rendered":"Prier dans les derniers jours"},"content":{"rendered":"<p><em>Ci-dessous, une retranscription d\u2019un message adress\u00e9 \u00e0 l\u2019\u00c9glise adventiste du septi\u00e8me jour par le pr\u00e9sident de la Division Inter Am\u00e9ricaine, Elie Henry \u2013 \u00c9quipe de Presse de la DIA<\/em><\/p>\n<p>4 mars 2022 | Miami, Florida, \u00c9tats-Unis, | Elie Henry, pr\u00e9sident de l\u2019\u00c9glise Adventiste du Septi\u00e8me jour en Inter Am\u00e9rique<\/p>\n<p>&nbsp;<\/p>\n<p><span style=\"font-weight: 400;\">Bonjour, bon sabbat.<\/span><span style=\"font-weight: 400;\">\u00a0<\/span><\/p>\n<p><span style=\"font-weight: 400;\">Aujourd&rsquo;hui je vous salue en compagnie de mon \u00e9pouse K\u00e9tlie, avec qui je suis tr\u00e8s heureuse de participer \u00e0 la journ\u00e9e de pri\u00e8re du Minist\u00e8re de la femme. Bonjour K\u00e9tlie.<\/span><\/p>\n<p><strong><i>KETLIE :<\/i><\/strong><\/p>\n<p><i><span style=\"font-weight: 400;\">Bonjour et bon sabbat. Je suis heureuse de vous saluer aussi. Aujourd&rsquo;hui, nous voulons nous souvenir avec vous d&rsquo;une dame qui est reconnue dans la Bible comme une femme de foi. Je fais r\u00e9f\u00e9rence \u00e0 Sarah, la femme d&rsquo;Abraham.<\/span><\/i><\/p>\n<p><i><span style=\"font-weight: 400;\">Quand on lit son histoire dans le livre de la Gen\u00e8se, on peut s\u2019imaginer tout ce qu&rsquo;elle a v\u00e9cu en tant qu\u2019immigrante, voyageant avec son mari d&rsquo;un endroit \u00e0 l&rsquo;autre, traversant des \u00e9preuves, des menaces, traversant l&rsquo;incertitude&#8230; Et quand elle fut plus avanc\u00e9e en \u00e2ge, en ce qui semblait \u00eatre la fin de ses jours, Dieu l&rsquo;a fait rire quand il lui a dit qu&rsquo;elle aurait un b\u00e9b\u00e9.<\/span><\/i><\/p>\n<p><b>PASTEUR HENRY :<\/b><\/p>\n<p><span style=\"font-weight: 400;\">Dans l&rsquo;\u00e9p\u00eetre aux <\/span><b>H\u00e9breux, chapitre 11 et verset 11<\/b><span style=\"font-weight: 400;\">, l&rsquo;ap\u00f4tre Paul y fait r\u00e9f\u00e9rence comme suit :<\/span><\/p>\n<p><b>\u00ab C&rsquo;est par la foi que Sara elle-m\u00eame, malgr\u00e9 son \u00e2ge avanc\u00e9, fut rendue capable d&rsquo;avoir une post\u00e9rit\u00e9, parce qu&rsquo;elle crut \u00e0 la fid\u00e9lit\u00e9 de celui qui avait fait la promesse. \u00bb<\/b><\/p>\n<p><span style=\"font-weight: 400;\">K\u00e9tlie, et s\u0153urs et fr\u00e8res, vous savez ? notre histoire n&rsquo;est pas tr\u00e8s diff\u00e9rente de celle de Sara : nous sommes aussi des migrants dans ce monde, vivant dans l&rsquo;incertitude, entour\u00e9s de beaucoup de probl\u00e8mes dans la phase finale de l&rsquo;histoire.<\/span><span style=\"font-weight: 400;\">\u00a0<\/span><\/p>\n<p><span style=\"font-weight: 400;\">Mais peut-\u00eatre que Dieu veut aussi nous faire rire, en assurant que ses promesses s&rsquo;accompliront en nous.<\/span><\/p>\n<p><span style=\"font-weight: 400;\">Aujourd&rsquo;hui, les dames se joignent \u00e0 la pri\u00e8re, mais en tant que famille de foi, nous les rejoignons toutes aussi. Consid\u00e9rant le th\u00e8me que le minist\u00e8re de la femme a choisi pour aujourd&rsquo;hui : \u00ab Prier dans les derniers jours \u00bb, je vous invite \u00e0 le faire en remerciant Dieu pour sa fid\u00e9lit\u00e9 et en lui demandant de fortifier notre foi et de nous donner la force, car nous aspirons \u00e0 le rencontrer tr\u00e8s bient\u00f4t, face \u00e0 face.<\/span><\/p>\n<p><span style=\"font-weight: 400;\">Dieu vous b\u00e9nisse.<\/span><\/p>\n<p>&nbsp;<\/p>\n<p><iframe title=\"Prier dans les derniers jours\" width=\"500\" height=\"281\" src=\"https:\/\/www.youtube.com\/embed\/8CsFGbduGRw?feature=oembed\" frameborder=\"0\" allow=\"accelerometer; autoplay; clipboard-write; encrypted-media; gyroscope; picture-in-picture; web-share\" referrerpolicy=\"strict-origin-when-cross-origin\" allowfullscreen><\/iframe><\/p>\n","protected":false},"excerpt":{"rendered":"<p>Ci-dessous, une retranscription d\u2019un message adress\u00e9 \u00e0 l\u2019\u00c9glise adventiste du septi\u00e8me jour par le pr\u00e9sident de la Division Inter Am\u00e9ricaine, Elie Henry \u2013 \u00c9quipe de Presse de la DIA 4&#8230;<\/p>\n","protected":false},"author":3,"featured_media":82091,"comment_status":"closed","ping_status":"closed","sticky":false,"template":"","format":"standard","meta":{"_acf_changed":false,"footnotes":""},"categories":[20,19],"tags":[],"class_list":["post-82054","post","type-post","status-publish","format-standard","has-post-thumbnail","hentry","category-nouvelles-du-siege-de-la-division","category-rss-francais"],"acf":[],"yoast_head":"<!-- This site is optimized with the Yoast SEO plugin v27.3 - https:\/\/yoast.com\/product\/yoast-seo-wordpress\/ -->\n<title>Prier dans les derniers jours - \u00c9glise Adventiste Du Septieme Jour - Inter Am\u00e9rique Division<\/title>\n<meta name=\"robots\" content=\"index, follow, max-snippet:-1, max-image-preview:large, max-video-preview:-1\" \/>\n<link rel=\"canonical\" href=\"https:\/\/interamerica.org\/fr\/2022\/03\/prier-dans-les-derniers-jours\/\" \/>\n<meta property=\"og:locale\" content=\"fr_FR\" \/>\n<meta property=\"og:type\" content=\"article\" \/>\n<meta property=\"og:title\" content=\"Prier dans les derniers jours - \u00c9glise Adventiste Du Septieme Jour - Inter Am\u00e9rique Division\" \/>\n<meta property=\"og:description\" content=\"Ci-dessous, une retranscription d\u2019un message adress\u00e9 \u00e0 l\u2019\u00c9glise adventiste du septi\u00e8me jour par le pr\u00e9sident de la Division Inter Am\u00e9ricaine, Elie Henry \u2013 \u00c9quipe de Presse de la DIA 4...\" \/>\n<meta property=\"og:url\" content=\"https:\/\/interamerica.org\/fr\/2022\/03\/prier-dans-les-derniers-jours\/\" \/>\n<meta property=\"og:site_name\" content=\"\u00c9glise Adventiste Du Septieme Jour - Inter Am\u00e9rique Division\" \/>\n<meta property=\"article:published_time\" content=\"2022-03-04T15:00:13+00:00\" \/>\n<meta property=\"article:modified_time\" content=\"2022-03-04T15:47:16+00:00\" \/>\n<meta property=\"og:image\" content=\"https:\/\/interamerica.org\/wp-content\/uploads\/2022\/03\/elie-henry-mar4-thumb-fr.png\" \/>\n\t<meta property=\"og:image:width\" content=\"1000\" \/>\n\t<meta property=\"og:image:height\" content=\"562\" \/>\n\t<meta property=\"og:image:type\" content=\"image\/png\" \/>\n<meta name=\"author\" content=\"libna\" \/>\n<meta name=\"twitter:card\" content=\"summary_large_image\" \/>\n<meta name=\"twitter:label1\" content=\"\u00c9crit par\" \/>\n\t<meta name=\"twitter:data1\" content=\"libna\" \/>\n\t<meta name=\"twitter:label2\" content=\"Dur\u00e9e de lecture estim\u00e9e\" \/>\n\t<meta name=\"twitter:data2\" content=\"2 minutes\" \/>\n<script type=\"application\/ld+json\" class=\"yoast-schema-graph\">{\"@context\":\"https:\\\/\\\/schema.org\",\"@graph\":[{\"@type\":\"Article\",\"@id\":\"https:\\\/\\\/interamerica.org\\\/fr\\\/2022\\\/03\\\/prier-dans-les-derniers-jours\\\/#article\",\"isPartOf\":{\"@id\":\"https:\\\/\\\/interamerica.org\\\/fr\\\/2022\\\/03\\\/prier-dans-les-derniers-jours\\\/\"},\"author\":{\"name\":\"libna\",\"@id\":\"https:\\\/\\\/interamerica.org\\\/fr\\\/#\\\/schema\\\/person\\\/29998f2bc2d8bd0d38662909289b54f1\"},\"headline\":\"Prier dans les derniers jours\",\"datePublished\":\"2022-03-04T15:00:13+00:00\",\"dateModified\":\"2022-03-04T15:47:16+00:00\",\"mainEntityOfPage\":{\"@id\":\"https:\\\/\\\/interamerica.org\\\/fr\\\/2022\\\/03\\\/prier-dans-les-derniers-jours\\\/\"},\"wordCount\":438,\"image\":{\"@id\":\"https:\\\/\\\/interamerica.org\\\/fr\\\/2022\\\/03\\\/prier-dans-les-derniers-jours\\\/#primaryimage\"},\"thumbnailUrl\":\"https:\\\/\\\/interamerica.org\\\/wp-content\\\/uploads\\\/2022\\\/03\\\/elie-henry-mar4-thumb-fr.png\",\"articleSection\":[\"Nouvelles du si\u00e8ge de la division\",\"RSS Fran\u00e7ais\"],\"inLanguage\":\"fr-FR\"},{\"@type\":\"WebPage\",\"@id\":\"https:\\\/\\\/interamerica.org\\\/fr\\\/2022\\\/03\\\/prier-dans-les-derniers-jours\\\/\",\"url\":\"https:\\\/\\\/interamerica.org\\\/fr\\\/2022\\\/03\\\/prier-dans-les-derniers-jours\\\/\",\"name\":\"Prier dans les derniers jours - \u00c9glise Adventiste Du Septieme Jour - Inter Am\u00e9rique Division\",\"isPartOf\":{\"@id\":\"https:\\\/\\\/interamerica.org\\\/fr\\\/#website\"},\"primaryImageOfPage\":{\"@id\":\"https:\\\/\\\/interamerica.org\\\/fr\\\/2022\\\/03\\\/prier-dans-les-derniers-jours\\\/#primaryimage\"},\"image\":{\"@id\":\"https:\\\/\\\/interamerica.org\\\/fr\\\/2022\\\/03\\\/prier-dans-les-derniers-jours\\\/#primaryimage\"},\"thumbnailUrl\":\"https:\\\/\\\/interamerica.org\\\/wp-content\\\/uploads\\\/2022\\\/03\\\/elie-henry-mar4-thumb-fr.png\",\"datePublished\":\"2022-03-04T15:00:13+00:00\",\"dateModified\":\"2022-03-04T15:47:16+00:00\",\"author\":{\"@id\":\"https:\\\/\\\/interamerica.org\\\/fr\\\/#\\\/schema\\\/person\\\/29998f2bc2d8bd0d38662909289b54f1\"},\"breadcrumb\":{\"@id\":\"https:\\\/\\\/interamerica.org\\\/fr\\\/2022\\\/03\\\/prier-dans-les-derniers-jours\\\/#breadcrumb\"},\"inLanguage\":\"fr-FR\",\"potentialAction\":[{\"@type\":\"ReadAction\",\"target\":[\"https:\\\/\\\/interamerica.org\\\/fr\\\/2022\\\/03\\\/prier-dans-les-derniers-jours\\\/\"]}]},{\"@type\":\"ImageObject\",\"inLanguage\":\"fr-FR\",\"@id\":\"https:\\\/\\\/interamerica.org\\\/fr\\\/2022\\\/03\\\/prier-dans-les-derniers-jours\\\/#primaryimage\",\"url\":\"https:\\\/\\\/interamerica.org\\\/wp-content\\\/uploads\\\/2022\\\/03\\\/elie-henry-mar4-thumb-fr.png\",\"contentUrl\":\"https:\\\/\\\/interamerica.org\\\/wp-content\\\/uploads\\\/2022\\\/03\\\/elie-henry-mar4-thumb-fr.png\",\"width\":1000,\"height\":562},{\"@type\":\"BreadcrumbList\",\"@id\":\"https:\\\/\\\/interamerica.org\\\/fr\\\/2022\\\/03\\\/prier-dans-les-derniers-jours\\\/#breadcrumb\",\"itemListElement\":[{\"@type\":\"ListItem\",\"position\":1,\"name\":\"Home\",\"item\":\"https:\\\/\\\/interamerica.org\\\/fr\\\/\"},{\"@type\":\"ListItem\",\"position\":2,\"name\":\"Prier dans les derniers jours\"}]},{\"@type\":\"WebSite\",\"@id\":\"https:\\\/\\\/interamerica.org\\\/fr\\\/#website\",\"url\":\"https:\\\/\\\/interamerica.org\\\/fr\\\/\",\"name\":\"\u00c9glise Adventiste Du Septieme Jour - Inter Am\u00e9rique Division\",\"description\":\"\",\"potentialAction\":[{\"@type\":\"SearchAction\",\"target\":{\"@type\":\"EntryPoint\",\"urlTemplate\":\"https:\\\/\\\/interamerica.org\\\/fr\\\/?s={search_term_string}\"},\"query-input\":{\"@type\":\"PropertyValueSpecification\",\"valueRequired\":true,\"valueName\":\"search_term_string\"}}],\"inLanguage\":\"fr-FR\"},{\"@type\":\"Person\",\"@id\":\"https:\\\/\\\/interamerica.org\\\/fr\\\/#\\\/schema\\\/person\\\/29998f2bc2d8bd0d38662909289b54f1\",\"name\":\"libna\",\"image\":{\"@type\":\"ImageObject\",\"inLanguage\":\"fr-FR\",\"@id\":\"https:\\\/\\\/secure.gravatar.com\\\/avatar\\\/7c5bd30ae4b47a9ba3c856590957fd1d96dc588bf3ac05719d247e126840331f?s=96&d=mm&r=g\",\"url\":\"https:\\\/\\\/secure.gravatar.com\\\/avatar\\\/7c5bd30ae4b47a9ba3c856590957fd1d96dc588bf3ac05719d247e126840331f?s=96&d=mm&r=g\",\"contentUrl\":\"https:\\\/\\\/secure.gravatar.com\\\/avatar\\\/7c5bd30ae4b47a9ba3c856590957fd1d96dc588bf3ac05719d247e126840331f?s=96&d=mm&r=g\",\"caption\":\"libna\"}}]}<\/script>\n<!-- \/ Yoast SEO plugin. -->","yoast_head_json":{"title":"Prier dans les derniers jours - \u00c9glise Adventiste Du Septieme Jour - Inter Am\u00e9rique Division","robots":{"index":"index","follow":"follow","max-snippet":"max-snippet:-1","max-image-preview":"max-image-preview:large","max-video-preview":"max-video-preview:-1"},"canonical":"https:\/\/interamerica.org\/fr\/2022\/03\/prier-dans-les-derniers-jours\/","og_locale":"fr_FR","og_type":"article","og_title":"Prier dans les derniers jours - \u00c9glise Adventiste Du Septieme Jour - Inter Am\u00e9rique Division","og_description":"Ci-dessous, une retranscription d\u2019un message adress\u00e9 \u00e0 l\u2019\u00c9glise adventiste du septi\u00e8me jour par le pr\u00e9sident de la Division Inter Am\u00e9ricaine, Elie Henry \u2013 \u00c9quipe de Presse de la DIA 4...","og_url":"https:\/\/interamerica.org\/fr\/2022\/03\/prier-dans-les-derniers-jours\/","og_site_name":"\u00c9glise Adventiste Du Septieme Jour - Inter Am\u00e9rique Division","article_published_time":"2022-03-04T15:00:13+00:00","article_modified_time":"2022-03-04T15:47:16+00:00","og_image":[{"width":1000,"height":562,"url":"https:\/\/interamerica.org\/wp-content\/uploads\/2022\/03\/elie-henry-mar4-thumb-fr.png","type":"image\/png"}],"author":"libna","twitter_card":"summary_large_image","twitter_misc":{"\u00c9crit par":"libna","Dur\u00e9e de lecture estim\u00e9e":"2 minutes"},"schema":{"@context":"https:\/\/schema.org","@graph":[{"@type":"Article","@id":"https:\/\/interamerica.org\/fr\/2022\/03\/prier-dans-les-derniers-jours\/#article","isPartOf":{"@id":"https:\/\/interamerica.org\/fr\/2022\/03\/prier-dans-les-derniers-jours\/"},"author":{"name":"libna","@id":"https:\/\/interamerica.org\/fr\/#\/schema\/person\/29998f2bc2d8bd0d38662909289b54f1"},"headline":"Prier dans les derniers jours","datePublished":"2022-03-04T15:00:13+00:00","dateModified":"2022-03-04T15:47:16+00:00","mainEntityOfPage":{"@id":"https:\/\/interamerica.org\/fr\/2022\/03\/prier-dans-les-derniers-jours\/"},"wordCount":438,"image":{"@id":"https:\/\/interamerica.org\/fr\/2022\/03\/prier-dans-les-derniers-jours\/#primaryimage"},"thumbnailUrl":"https:\/\/interamerica.org\/wp-content\/uploads\/2022\/03\/elie-henry-mar4-thumb-fr.png","articleSection":["Nouvelles du si\u00e8ge de la division","RSS Fran\u00e7ais"],"inLanguage":"fr-FR"},{"@type":"WebPage","@id":"https:\/\/interamerica.org\/fr\/2022\/03\/prier-dans-les-derniers-jours\/","url":"https:\/\/interamerica.org\/fr\/2022\/03\/prier-dans-les-derniers-jours\/","name":"Prier dans les derniers jours - \u00c9glise Adventiste Du Septieme Jour - Inter Am\u00e9rique Division","isPartOf":{"@id":"https:\/\/interamerica.org\/fr\/#website"},"primaryImageOfPage":{"@id":"https:\/\/interamerica.org\/fr\/2022\/03\/prier-dans-les-derniers-jours\/#primaryimage"},"image":{"@id":"https:\/\/interamerica.org\/fr\/2022\/03\/prier-dans-les-derniers-jours\/#primaryimage"},"thumbnailUrl":"https:\/\/interamerica.org\/wp-content\/uploads\/2022\/03\/elie-henry-mar4-thumb-fr.png","datePublished":"2022-03-04T15:00:13+00:00","dateModified":"2022-03-04T15:47:16+00:00","author":{"@id":"https:\/\/interamerica.org\/fr\/#\/schema\/person\/29998f2bc2d8bd0d38662909289b54f1"},"breadcrumb":{"@id":"https:\/\/interamerica.org\/fr\/2022\/03\/prier-dans-les-derniers-jours\/#breadcrumb"},"inLanguage":"fr-FR","potentialAction":[{"@type":"ReadAction","target":["https:\/\/interamerica.org\/fr\/2022\/03\/prier-dans-les-derniers-jours\/"]}]},{"@type":"ImageObject","inLanguage":"fr-FR","@id":"https:\/\/interamerica.org\/fr\/2022\/03\/prier-dans-les-derniers-jours\/#primaryimage","url":"https:\/\/interamerica.org\/wp-content\/uploads\/2022\/03\/elie-henry-mar4-thumb-fr.png","contentUrl":"https:\/\/interamerica.org\/wp-content\/uploads\/2022\/03\/elie-henry-mar4-thumb-fr.png","width":1000,"height":562},{"@type":"BreadcrumbList","@id":"https:\/\/interamerica.org\/fr\/2022\/03\/prier-dans-les-derniers-jours\/#breadcrumb","itemListElement":[{"@type":"ListItem","position":1,"name":"Home","item":"https:\/\/interamerica.org\/fr\/"},{"@type":"ListItem","position":2,"name":"Prier dans les derniers jours"}]},{"@type":"WebSite","@id":"https:\/\/interamerica.org\/fr\/#website","url":"https:\/\/interamerica.org\/fr\/","name":"\u00c9glise Adventiste Du Septieme Jour - Inter Am\u00e9rique Division","description":"","potentialAction":[{"@type":"SearchAction","target":{"@type":"EntryPoint","urlTemplate":"https:\/\/interamerica.org\/fr\/?s={search_term_string}"},"query-input":{"@type":"PropertyValueSpecification","valueRequired":true,"valueName":"search_term_string"}}],"inLanguage":"fr-FR"},{"@type":"Person","@id":"https:\/\/interamerica.org\/fr\/#\/schema\/person\/29998f2bc2d8bd0d38662909289b54f1","name":"libna","image":{"@type":"ImageObject","inLanguage":"fr-FR","@id":"https:\/\/secure.gravatar.com\/avatar\/7c5bd30ae4b47a9ba3c856590957fd1d96dc588bf3ac05719d247e126840331f?s=96&d=mm&r=g","url":"https:\/\/secure.gravatar.com\/avatar\/7c5bd30ae4b47a9ba3c856590957fd1d96dc588bf3ac05719d247e126840331f?s=96&d=mm&r=g","contentUrl":"https:\/\/secure.gravatar.com\/avatar\/7c5bd30ae4b47a9ba3c856590957fd1d96dc588bf3ac05719d247e126840331f?s=96&d=mm&r=g","caption":"libna"}}]}},"_links":{"self":[{"href":"https:\/\/interamerica.org\/fr\/wp-json\/wp\/v2\/posts\/82054","targetHints":{"allow":["GET"]}}],"collection":[{"href":"https:\/\/interamerica.org\/fr\/wp-json\/wp\/v2\/posts"}],"about":[{"href":"https:\/\/interamerica.org\/fr\/wp-json\/wp\/v2\/types\/post"}],"author":[{"embeddable":true,"href":"https:\/\/interamerica.org\/fr\/wp-json\/wp\/v2\/users\/3"}],"replies":[{"embeddable":true,"href":"https:\/\/interamerica.org\/fr\/wp-json\/wp\/v2\/comments?post=82054"}],"version-history":[{"count":0,"href":"https:\/\/interamerica.org\/fr\/wp-json\/wp\/v2\/posts\/82054\/revisions"}],"wp:featuredmedia":[{"embeddable":true,"href":"https:\/\/interamerica.org\/fr\/wp-json\/wp\/v2\/media\/82091"}],"wp:attachment":[{"href":"https:\/\/interamerica.org\/fr\/wp-json\/wp\/v2\/media?parent=82054"}],"wp:term":[{"taxonomy":"category","embeddable":true,"href":"https:\/\/interamerica.org\/fr\/wp-json\/wp\/v2\/categories?post=82054"},{"taxonomy":"post_tag","embeddable":true,"href":"https:\/\/interamerica.org\/fr\/wp-json\/wp\/v2\/tags?post=82054"}],"curies":[{"name":"wp","href":"https:\/\/api.w.org\/{rel}","templated":true}]}}