{"id":82060,"date":"2022-03-02T15:25:38","date_gmt":"2022-03-02T19:25:38","guid":{"rendered":"https:\/\/recursing-golick.147-182-135-0.plesk.page\/?p=82060"},"modified":"2022-03-03T23:29:35","modified_gmt":"2022-03-04T03:29:35","slug":"des-eglises-et-des-ecoles-adventistes-affectees-par-les-inondations-historiques-en-australie","status":"publish","type":"post","link":"https:\/\/interamerica.org\/fr\/2022\/03\/des-eglises-et-des-ecoles-adventistes-affectees-par-les-inondations-historiques-en-australie\/","title":{"rendered":"Des \u00e9glises et des \u00e9coles adventistes affect\u00e9es par les inondations historiques en Australie"},"content":{"rendered":"<h3><strong>Des entit\u00e9s et des b\u00e9n\u00e9voles de l\u2019\u00c9glise adventiste mettent la main \u00e0 la p\u00e2te pour aider les groupes affect\u00e9s.<\/strong><\/h3>\n<p>Le 2 mars 2022 | Australie | Juliana Muniz pour <em>Adventist Record<\/em> et <em>Adventist Review<\/em><\/p>\n<p>D\u2019apr\u00e8s les dirigeants, des pluies extr\u00eames sur tout le territoire des F\u00e9d\u00e9rations du sud du Queensland (SQC pour <em>South Queensland Conference<\/em>) et du nord de la Nouvelle-Galles du Sud (NNSW pour <em>North New South Wales<\/em>) en Australie ont forc\u00e9 l\u2019\u00e9vacuation d\u2019\u00e9glises et d\u2019\u00e9coles adventistes du septi\u00e8me jour et de milliers de foyers inond\u00e9s durant les derniers jours de f\u00e9vrier 2022.<\/p>\n<p><strong>Dans le nord de la Nouvelle-Galles du Sud<\/strong><\/p>\n<p>Plusieurs b\u00e2timents de l\u2019\u00c9glise adventiste ont \u00e9t\u00e9 affect\u00e9s par ces inondations sans pr\u00e9c\u00e9dent dans la r\u00e9gion des rivi\u00e8res du Nord de la Nouvelle-Galles du Sud.<\/p>\n<p>Selon Adrian Raethel, pr\u00e9sident de l\u2019\u00c9glise adventiste du NNSW, l\u2019\u00e9glise adventiste du septi\u00e8me jour de Murwillumbah, le coll\u00e8ge adventiste de Tweed Valley et l\u2019\u00e9glise adventiste du septi\u00e8me jour de Mullumbimby sont submerg\u00e9s en partie ou en totalit\u00e9. Le coll\u00e8ge adventiste de Blue Hills a \u00e9galement \u00e9t\u00e9 ferm\u00e9.<\/p>\n<p><div id=\"attachment_82010\" style=\"width: 810px\" class=\"wp-caption aligncenter\"><img fetchpriority=\"high\" decoding=\"async\" aria-describedby=\"caption-attachment-82010\" class=\" wp-image-82010\" src=\"https:\/\/recursing-golick.147-182-135-0.plesk.page\/wp-content\/uploads\/2022\/03\/australia-floods-1.jpg\" alt=\"\" width=\"800\" height=\"530\" srcset=\"https:\/\/interamerica.org\/wp-content\/uploads\/2022\/03\/australia-floods-1.jpg 743w, https:\/\/interamerica.org\/wp-content\/uploads\/2022\/03\/australia-floods-1-300x199.jpg 300w\" sizes=\"(max-width: 800px) 100vw, 800px\" \/><p id=\"caption-attachment-82010\" class=\"wp-caption-text\">\u00c0 l\u2019\u00e9glise adventiste de Lismore, des sinistr\u00e9s ont re\u00e7u de la soupe ainsi que des boissons chaudes et ont pu recharger leur t\u00e9l\u00e9phone \u00e0 l\u2019aide d\u2019une g\u00e9n\u00e9ratrice. [Une photo d\u2019Adventist Record.]<\/p><\/div>\u00c0 Lismore, la rivi\u00e8re Wilsons a atteint plus de quatorze m\u00e8tres, surpassant par plus de deux m\u00e8tres le niveau de r\u00e9f\u00e9rence \u00e9tabli en 1954. L\u2019\u00e9glise adventiste du septi\u00e8me jour de Lismore a rapport\u00e9 qu\u2019en d\u00e9pit des eaux \u00e9lev\u00e9es dans la r\u00e9gion, le b\u00e2timent de l\u2019\u00e9glise, situ\u00e9 sur une colline, n\u2019a pas encore \u00e9t\u00e9 atteint, mais que l\u2019eau clapote jusqu\u2019\u00e0 son magasin caritatif exploit\u00e9 par ADRA sur la partie inf\u00e9rieure de la propri\u00e9t\u00e9.<\/p>\n<p>Selon Tim Merritt, pasteur de Lismore, l\u2019\u00e9glise fait tout ce qu\u2019elle peut pour aider la communaut\u00e9. \u00ab\u00a0Nous sommes l\u00e0, ici \u00e0 Lismore, o\u00f9 la plupart des bateaux am\u00e8nent des gens qui sont ensuite conduits dans des centres pour sinistr\u00e9s. Nous avons pu offrir de la soupe et des boissons chaudes\u00a0\u00bb, a-t-il expliqu\u00e9. Le bateau de l\u2019\u00e9glise a \u00e9galement \u00e9t\u00e9 mis \u00e0 la disposition du Service de l\u2019\u00e9tat d\u2019urgence de la Nouvelle-Galles du Sud pour contribuer aux efforts de secours.<\/p>\n<p><div id=\"attachment_82013\" style=\"width: 745px\" class=\"wp-caption aligncenter\"><img decoding=\"async\" aria-describedby=\"caption-attachment-82013\" class=\" wp-image-82013\" src=\"https:\/\/recursing-golick.147-182-135-0.plesk.page\/wp-content\/uploads\/2022\/03\/australia-floods-2.jpg\" alt=\"\" width=\"735\" height=\"551\" srcset=\"https:\/\/interamerica.org\/wp-content\/uploads\/2022\/03\/australia-floods-2.jpg 512w, https:\/\/interamerica.org\/wp-content\/uploads\/2022\/03\/australia-floods-2-300x225.jpg 300w\" sizes=\"(max-width: 735px) 100vw, 735px\" \/><p id=\"caption-attachment-82013\" class=\"wp-caption-text\">Deux r\u00e9gions australiennes sont victimes d\u2019inondations historiques. L\u2019\u00c9glise adventiste du septi\u00e8me jour met la main \u00e0 la p\u00e2te pour aider les personnes affect\u00e9es. [Une photo d\u2019Adventist Record.]<\/p><\/div>La F\u00e9d\u00e9ration du NNSW travaille au d\u00e9gagement d\u2019un montant initial de 30\u00a0000\u00a0dollars australiens (environ 21\u00a0900\u00a0dollars am\u00e9ricains) pour le secours imm\u00e9diat des victimes de l\u2019inondation. D\u2019apr\u00e8s le pasteur Raethel, l\u2019Union australienne \u00ab\u00a0\u00e9galera le don de la f\u00e9d\u00e9ration\u00a0\u00bb.<\/p>\n<p>Il a soulign\u00e9 que ce montant \u00ab\u00a0s\u2019ajoute \u00e0 tout le soutien du gouvernement de l\u2019\u00c9tat, d\u2019ADRA et de toute autre entit\u00e9\u00a0\u00bb et que la f\u00e9d\u00e9ration pr\u00e9voit \u00e9galement de faire un appel sur tout le territoire de la f\u00e9d\u00e9ration pour la r\u00e9gion des rivi\u00e8res du Nord.<\/p>\n<p><strong>Des inondations historiques affectent des \u00e9glises et des \u00e9coles adventistes en Australie<\/strong><\/p>\n<p><strong>Au Queensland du Sud<\/strong><\/p>\n<p>Le matin du 28\u00a0f\u00e9vrier, jusqu\u2019\u00e0 18\u00a0000\u00a0foyers \u00e9taient inond\u00e9s dans le sud-est du Queensland. \u00c0 Brisbane, la capitale de l\u2019\u00c9tat, le fleuve Brisbane a atteint 3,41\u00a0m\u00e8tres vers 21\u00a0h ce jour-l\u00e0. De plus, les niveaux d\u2019inondation de Gympie ont atteint les 23\u00a0m\u00e8tres. La ville \u00e9tant actuellement entour\u00e9e d\u2019eau, on ne s\u2019attend pas \u00e0 ce qu\u2019elle baisse avant le 3 ou le 4\u00a0mars.<\/p>\n<p><div id=\"attachment_82016\" style=\"width: 681px\" class=\"wp-caption aligncenter\"><img decoding=\"async\" aria-describedby=\"caption-attachment-82016\" class=\" wp-image-82016\" src=\"https:\/\/recursing-golick.147-182-135-0.plesk.page\/wp-content\/uploads\/2022\/03\/australia-floods-4.jpg\" alt=\"\" width=\"671\" height=\"503\" srcset=\"https:\/\/interamerica.org\/wp-content\/uploads\/2022\/03\/australia-floods-4.jpg 512w, https:\/\/interamerica.org\/wp-content\/uploads\/2022\/03\/australia-floods-4-300x225.jpg 300w\" sizes=\"(max-width: 671px) 100vw, 671px\" \/><p id=\"caption-attachment-82016\" class=\"wp-caption-text\">Plusieurs \u00e9glises et \u00e9coles adventistes du septi\u00e8me jour ont \u00e9galement \u00e9t\u00e9 affect\u00e9es par les inondations. Des membres d\u2019\u00e9glise et d\u2019autres personnes se sont port\u00e9s volontaires pour aider. [Une photo d\u2019Adventist Record.]<\/p><\/div>D\u2019apr\u00e8s Irena Pule, directrice d\u2019ADRA de la SQC, ADRA compte actuellement intervenir pour aider Gympie, l\u2019une des r\u00e9gions les plus durement touch\u00e9es. \u00ab\u00a0En plus, nous avons une \u00e9quipe \u00e0 Toowoomba qui se pr\u00e9pare pour une intervention de reconstruction.\u00a0\u00bb<\/p>\n<p>M<sup>me<\/sup>\u00a0Pule a incit\u00e9 les membres de l\u2019\u00c9glise et de la population qui ont besoin d\u2019aide \u00e0 la contacter. \u00ab\u00a0Notre \u00c9glise r\u00e9pond toujours aux besoins des sinistr\u00e9s de Gatton et de Lockyer Valley. Cependant, nous n\u2019avons pas encore r\u00e9ussi \u00e0 rejoindre toutes les r\u00e9gions affect\u00e9es\u00a0\u00bb, a-t-elle dit.<\/p>\n<p><em>La <a href=\"https:\/\/record.adventistchurch.com\/2022\/03\/01\/unprecedented-floods-impact-adventist-churches-and-schools-in-new-south-wales-and-queensland\/\">version originale<\/a> de cet article a \u00e9t\u00e9 publi\u00e9e sur le site d\u2019<\/em><a href=\"https:\/\/record.adventistchurch.com\/\">Adventist Record<\/a>.<\/p>\n<p>Traduction\u00a0: Marie-Mich\u00e8le Robitaille<\/p>\n","protected":false},"excerpt":{"rendered":"<p>Des entit\u00e9s et des b\u00e9n\u00e9voles de l\u2019\u00c9glise adventiste mettent la main \u00e0 la p\u00e2te pour aider les groupes affect\u00e9s. Le 2 mars 2022 | Australie | Juliana Muniz pour Adventist&#8230;<\/p>\n","protected":false},"author":3,"featured_media":82022,"comment_status":"closed","ping_status":"closed","sticky":false,"template":"","format":"standard","meta":{"_acf_changed":false,"footnotes":""},"categories":[18,19],"tags":[],"class_list":["post-82060","post","type-post","status-publish","format-standard","has-post-thumbnail","hentry","category-nouvelles-de-leglise-mondiale","category-rss-francais"],"acf":[],"yoast_head":"<!-- This site is optimized with the Yoast SEO plugin v27.3 - https:\/\/yoast.com\/product\/yoast-seo-wordpress\/ -->\n<title>Des \u00e9glises et des \u00e9coles adventistes affect\u00e9es par les inondations historiques en Australie - \u00c9glise Adventiste Du Septieme Jour - Inter Am\u00e9rique Division<\/title>\n<meta name=\"robots\" content=\"index, follow, max-snippet:-1, max-image-preview:large, max-video-preview:-1\" \/>\n<link rel=\"canonical\" href=\"https:\/\/interamerica.org\/fr\/2022\/03\/des-eglises-et-des-ecoles-adventistes-affectees-par-les-inondations-historiques-en-australie\/\" \/>\n<meta property=\"og:locale\" content=\"fr_FR\" \/>\n<meta property=\"og:type\" content=\"article\" \/>\n<meta property=\"og:title\" content=\"Des \u00e9glises et des \u00e9coles adventistes affect\u00e9es par les inondations historiques en Australie - \u00c9glise Adventiste Du Septieme Jour - Inter Am\u00e9rique Division\" \/>\n<meta property=\"og:description\" content=\"Des entit\u00e9s et des b\u00e9n\u00e9voles de l\u2019\u00c9glise adventiste mettent la main \u00e0 la p\u00e2te pour aider les groupes affect\u00e9s. Le 2 mars 2022 | Australie | Juliana Muniz pour Adventist...\" \/>\n<meta property=\"og:url\" content=\"https:\/\/interamerica.org\/fr\/2022\/03\/des-eglises-et-des-ecoles-adventistes-affectees-par-les-inondations-historiques-en-australie\/\" \/>\n<meta property=\"og:site_name\" content=\"\u00c9glise Adventiste Du Septieme Jour - Inter Am\u00e9rique Division\" \/>\n<meta property=\"article:published_time\" content=\"2022-03-02T19:25:38+00:00\" \/>\n<meta property=\"article:modified_time\" content=\"2022-03-04T03:29:35+00:00\" \/>\n<meta property=\"og:image\" content=\"https:\/\/interamerica.org\/wp-content\/uploads\/2022\/03\/unprecedented-floods-impact-adventist-churches-and-schools-in-australia1.png\" \/>\n\t<meta property=\"og:image:width\" content=\"1000\" \/>\n\t<meta property=\"og:image:height\" content=\"500\" \/>\n\t<meta property=\"og:image:type\" content=\"image\/png\" \/>\n<meta name=\"author\" content=\"libna\" \/>\n<meta name=\"twitter:card\" content=\"summary_large_image\" \/>\n<meta name=\"twitter:label1\" content=\"\u00c9crit par\" \/>\n\t<meta name=\"twitter:data1\" content=\"libna\" \/>\n\t<meta name=\"twitter:label2\" content=\"Dur\u00e9e de lecture estim\u00e9e\" \/>\n\t<meta name=\"twitter:data2\" content=\"4 minutes\" \/>\n<script type=\"application\/ld+json\" class=\"yoast-schema-graph\">{\"@context\":\"https:\\\/\\\/schema.org\",\"@graph\":[{\"@type\":\"Article\",\"@id\":\"https:\\\/\\\/interamerica.org\\\/fr\\\/2022\\\/03\\\/des-eglises-et-des-ecoles-adventistes-affectees-par-les-inondations-historiques-en-australie\\\/#article\",\"isPartOf\":{\"@id\":\"https:\\\/\\\/interamerica.org\\\/fr\\\/2022\\\/03\\\/des-eglises-et-des-ecoles-adventistes-affectees-par-les-inondations-historiques-en-australie\\\/\"},\"author\":{\"name\":\"libna\",\"@id\":\"https:\\\/\\\/interamerica.org\\\/fr\\\/#\\\/schema\\\/person\\\/29998f2bc2d8bd0d38662909289b54f1\"},\"headline\":\"Des \u00e9glises et des \u00e9coles adventistes affect\u00e9es par les inondations historiques en Australie\",\"datePublished\":\"2022-03-02T19:25:38+00:00\",\"dateModified\":\"2022-03-04T03:29:35+00:00\",\"mainEntityOfPage\":{\"@id\":\"https:\\\/\\\/interamerica.org\\\/fr\\\/2022\\\/03\\\/des-eglises-et-des-ecoles-adventistes-affectees-par-les-inondations-historiques-en-australie\\\/\"},\"wordCount\":818,\"image\":{\"@id\":\"https:\\\/\\\/interamerica.org\\\/fr\\\/2022\\\/03\\\/des-eglises-et-des-ecoles-adventistes-affectees-par-les-inondations-historiques-en-australie\\\/#primaryimage\"},\"thumbnailUrl\":\"https:\\\/\\\/interamerica.org\\\/wp-content\\\/uploads\\\/2022\\\/03\\\/unprecedented-floods-impact-adventist-churches-and-schools-in-australia1.png\",\"articleSection\":[\"Nouvelles de l'\u00c9glise mondiale\",\"RSS Fran\u00e7ais\"],\"inLanguage\":\"fr-FR\"},{\"@type\":\"WebPage\",\"@id\":\"https:\\\/\\\/interamerica.org\\\/fr\\\/2022\\\/03\\\/des-eglises-et-des-ecoles-adventistes-affectees-par-les-inondations-historiques-en-australie\\\/\",\"url\":\"https:\\\/\\\/interamerica.org\\\/fr\\\/2022\\\/03\\\/des-eglises-et-des-ecoles-adventistes-affectees-par-les-inondations-historiques-en-australie\\\/\",\"name\":\"Des \u00e9glises et des \u00e9coles adventistes affect\u00e9es par les inondations historiques en Australie - \u00c9glise Adventiste Du Septieme Jour - Inter Am\u00e9rique Division\",\"isPartOf\":{\"@id\":\"https:\\\/\\\/interamerica.org\\\/fr\\\/#website\"},\"primaryImageOfPage\":{\"@id\":\"https:\\\/\\\/interamerica.org\\\/fr\\\/2022\\\/03\\\/des-eglises-et-des-ecoles-adventistes-affectees-par-les-inondations-historiques-en-australie\\\/#primaryimage\"},\"image\":{\"@id\":\"https:\\\/\\\/interamerica.org\\\/fr\\\/2022\\\/03\\\/des-eglises-et-des-ecoles-adventistes-affectees-par-les-inondations-historiques-en-australie\\\/#primaryimage\"},\"thumbnailUrl\":\"https:\\\/\\\/interamerica.org\\\/wp-content\\\/uploads\\\/2022\\\/03\\\/unprecedented-floods-impact-adventist-churches-and-schools-in-australia1.png\",\"datePublished\":\"2022-03-02T19:25:38+00:00\",\"dateModified\":\"2022-03-04T03:29:35+00:00\",\"author\":{\"@id\":\"https:\\\/\\\/interamerica.org\\\/fr\\\/#\\\/schema\\\/person\\\/29998f2bc2d8bd0d38662909289b54f1\"},\"breadcrumb\":{\"@id\":\"https:\\\/\\\/interamerica.org\\\/fr\\\/2022\\\/03\\\/des-eglises-et-des-ecoles-adventistes-affectees-par-les-inondations-historiques-en-australie\\\/#breadcrumb\"},\"inLanguage\":\"fr-FR\",\"potentialAction\":[{\"@type\":\"ReadAction\",\"target\":[\"https:\\\/\\\/interamerica.org\\\/fr\\\/2022\\\/03\\\/des-eglises-et-des-ecoles-adventistes-affectees-par-les-inondations-historiques-en-australie\\\/\"]}]},{\"@type\":\"ImageObject\",\"inLanguage\":\"fr-FR\",\"@id\":\"https:\\\/\\\/interamerica.org\\\/fr\\\/2022\\\/03\\\/des-eglises-et-des-ecoles-adventistes-affectees-par-les-inondations-historiques-en-australie\\\/#primaryimage\",\"url\":\"https:\\\/\\\/interamerica.org\\\/wp-content\\\/uploads\\\/2022\\\/03\\\/unprecedented-floods-impact-adventist-churches-and-schools-in-australia1.png\",\"contentUrl\":\"https:\\\/\\\/interamerica.org\\\/wp-content\\\/uploads\\\/2022\\\/03\\\/unprecedented-floods-impact-adventist-churches-and-schools-in-australia1.png\",\"width\":1000,\"height\":500},{\"@type\":\"BreadcrumbList\",\"@id\":\"https:\\\/\\\/interamerica.org\\\/fr\\\/2022\\\/03\\\/des-eglises-et-des-ecoles-adventistes-affectees-par-les-inondations-historiques-en-australie\\\/#breadcrumb\",\"itemListElement\":[{\"@type\":\"ListItem\",\"position\":1,\"name\":\"Home\",\"item\":\"https:\\\/\\\/interamerica.org\\\/fr\\\/\"},{\"@type\":\"ListItem\",\"position\":2,\"name\":\"Des \u00e9glises et des \u00e9coles adventistes affect\u00e9es par les inondations historiques en Australie\"}]},{\"@type\":\"WebSite\",\"@id\":\"https:\\\/\\\/interamerica.org\\\/fr\\\/#website\",\"url\":\"https:\\\/\\\/interamerica.org\\\/fr\\\/\",\"name\":\"\u00c9glise Adventiste Du Septieme Jour - Inter Am\u00e9rique Division\",\"description\":\"\",\"potentialAction\":[{\"@type\":\"SearchAction\",\"target\":{\"@type\":\"EntryPoint\",\"urlTemplate\":\"https:\\\/\\\/interamerica.org\\\/fr\\\/?s={search_term_string}\"},\"query-input\":{\"@type\":\"PropertyValueSpecification\",\"valueRequired\":true,\"valueName\":\"search_term_string\"}}],\"inLanguage\":\"fr-FR\"},{\"@type\":\"Person\",\"@id\":\"https:\\\/\\\/interamerica.org\\\/fr\\\/#\\\/schema\\\/person\\\/29998f2bc2d8bd0d38662909289b54f1\",\"name\":\"libna\",\"image\":{\"@type\":\"ImageObject\",\"inLanguage\":\"fr-FR\",\"@id\":\"https:\\\/\\\/secure.gravatar.com\\\/avatar\\\/7c5bd30ae4b47a9ba3c856590957fd1d96dc588bf3ac05719d247e126840331f?s=96&d=mm&r=g\",\"url\":\"https:\\\/\\\/secure.gravatar.com\\\/avatar\\\/7c5bd30ae4b47a9ba3c856590957fd1d96dc588bf3ac05719d247e126840331f?s=96&d=mm&r=g\",\"contentUrl\":\"https:\\\/\\\/secure.gravatar.com\\\/avatar\\\/7c5bd30ae4b47a9ba3c856590957fd1d96dc588bf3ac05719d247e126840331f?s=96&d=mm&r=g\",\"caption\":\"libna\"}}]}<\/script>\n<!-- \/ Yoast SEO plugin. -->","yoast_head_json":{"title":"Des \u00e9glises et des \u00e9coles adventistes affect\u00e9es par les inondations historiques en Australie - \u00c9glise Adventiste Du Septieme Jour - Inter Am\u00e9rique Division","robots":{"index":"index","follow":"follow","max-snippet":"max-snippet:-1","max-image-preview":"max-image-preview:large","max-video-preview":"max-video-preview:-1"},"canonical":"https:\/\/interamerica.org\/fr\/2022\/03\/des-eglises-et-des-ecoles-adventistes-affectees-par-les-inondations-historiques-en-australie\/","og_locale":"fr_FR","og_type":"article","og_title":"Des \u00e9glises et des \u00e9coles adventistes affect\u00e9es par les inondations historiques en Australie - \u00c9glise Adventiste Du Septieme Jour - Inter Am\u00e9rique Division","og_description":"Des entit\u00e9s et des b\u00e9n\u00e9voles de l\u2019\u00c9glise adventiste mettent la main \u00e0 la p\u00e2te pour aider les groupes affect\u00e9s. Le 2 mars 2022 | Australie | Juliana Muniz pour Adventist...","og_url":"https:\/\/interamerica.org\/fr\/2022\/03\/des-eglises-et-des-ecoles-adventistes-affectees-par-les-inondations-historiques-en-australie\/","og_site_name":"\u00c9glise Adventiste Du Septieme Jour - Inter Am\u00e9rique Division","article_published_time":"2022-03-02T19:25:38+00:00","article_modified_time":"2022-03-04T03:29:35+00:00","og_image":[{"width":1000,"height":500,"url":"https:\/\/interamerica.org\/wp-content\/uploads\/2022\/03\/unprecedented-floods-impact-adventist-churches-and-schools-in-australia1.png","type":"image\/png"}],"author":"libna","twitter_card":"summary_large_image","twitter_misc":{"\u00c9crit par":"libna","Dur\u00e9e de lecture estim\u00e9e":"4 minutes"},"schema":{"@context":"https:\/\/schema.org","@graph":[{"@type":"Article","@id":"https:\/\/interamerica.org\/fr\/2022\/03\/des-eglises-et-des-ecoles-adventistes-affectees-par-les-inondations-historiques-en-australie\/#article","isPartOf":{"@id":"https:\/\/interamerica.org\/fr\/2022\/03\/des-eglises-et-des-ecoles-adventistes-affectees-par-les-inondations-historiques-en-australie\/"},"author":{"name":"libna","@id":"https:\/\/interamerica.org\/fr\/#\/schema\/person\/29998f2bc2d8bd0d38662909289b54f1"},"headline":"Des \u00e9glises et des \u00e9coles adventistes affect\u00e9es par les inondations historiques en Australie","datePublished":"2022-03-02T19:25:38+00:00","dateModified":"2022-03-04T03:29:35+00:00","mainEntityOfPage":{"@id":"https:\/\/interamerica.org\/fr\/2022\/03\/des-eglises-et-des-ecoles-adventistes-affectees-par-les-inondations-historiques-en-australie\/"},"wordCount":818,"image":{"@id":"https:\/\/interamerica.org\/fr\/2022\/03\/des-eglises-et-des-ecoles-adventistes-affectees-par-les-inondations-historiques-en-australie\/#primaryimage"},"thumbnailUrl":"https:\/\/interamerica.org\/wp-content\/uploads\/2022\/03\/unprecedented-floods-impact-adventist-churches-and-schools-in-australia1.png","articleSection":["Nouvelles de l'\u00c9glise mondiale","RSS Fran\u00e7ais"],"inLanguage":"fr-FR"},{"@type":"WebPage","@id":"https:\/\/interamerica.org\/fr\/2022\/03\/des-eglises-et-des-ecoles-adventistes-affectees-par-les-inondations-historiques-en-australie\/","url":"https:\/\/interamerica.org\/fr\/2022\/03\/des-eglises-et-des-ecoles-adventistes-affectees-par-les-inondations-historiques-en-australie\/","name":"Des \u00e9glises et des \u00e9coles adventistes affect\u00e9es par les inondations historiques en Australie - \u00c9glise Adventiste Du Septieme Jour - Inter Am\u00e9rique Division","isPartOf":{"@id":"https:\/\/interamerica.org\/fr\/#website"},"primaryImageOfPage":{"@id":"https:\/\/interamerica.org\/fr\/2022\/03\/des-eglises-et-des-ecoles-adventistes-affectees-par-les-inondations-historiques-en-australie\/#primaryimage"},"image":{"@id":"https:\/\/interamerica.org\/fr\/2022\/03\/des-eglises-et-des-ecoles-adventistes-affectees-par-les-inondations-historiques-en-australie\/#primaryimage"},"thumbnailUrl":"https:\/\/interamerica.org\/wp-content\/uploads\/2022\/03\/unprecedented-floods-impact-adventist-churches-and-schools-in-australia1.png","datePublished":"2022-03-02T19:25:38+00:00","dateModified":"2022-03-04T03:29:35+00:00","author":{"@id":"https:\/\/interamerica.org\/fr\/#\/schema\/person\/29998f2bc2d8bd0d38662909289b54f1"},"breadcrumb":{"@id":"https:\/\/interamerica.org\/fr\/2022\/03\/des-eglises-et-des-ecoles-adventistes-affectees-par-les-inondations-historiques-en-australie\/#breadcrumb"},"inLanguage":"fr-FR","potentialAction":[{"@type":"ReadAction","target":["https:\/\/interamerica.org\/fr\/2022\/03\/des-eglises-et-des-ecoles-adventistes-affectees-par-les-inondations-historiques-en-australie\/"]}]},{"@type":"ImageObject","inLanguage":"fr-FR","@id":"https:\/\/interamerica.org\/fr\/2022\/03\/des-eglises-et-des-ecoles-adventistes-affectees-par-les-inondations-historiques-en-australie\/#primaryimage","url":"https:\/\/interamerica.org\/wp-content\/uploads\/2022\/03\/unprecedented-floods-impact-adventist-churches-and-schools-in-australia1.png","contentUrl":"https:\/\/interamerica.org\/wp-content\/uploads\/2022\/03\/unprecedented-floods-impact-adventist-churches-and-schools-in-australia1.png","width":1000,"height":500},{"@type":"BreadcrumbList","@id":"https:\/\/interamerica.org\/fr\/2022\/03\/des-eglises-et-des-ecoles-adventistes-affectees-par-les-inondations-historiques-en-australie\/#breadcrumb","itemListElement":[{"@type":"ListItem","position":1,"name":"Home","item":"https:\/\/interamerica.org\/fr\/"},{"@type":"ListItem","position":2,"name":"Des \u00e9glises et des \u00e9coles adventistes affect\u00e9es par les inondations historiques en Australie"}]},{"@type":"WebSite","@id":"https:\/\/interamerica.org\/fr\/#website","url":"https:\/\/interamerica.org\/fr\/","name":"\u00c9glise Adventiste Du Septieme Jour - Inter Am\u00e9rique Division","description":"","potentialAction":[{"@type":"SearchAction","target":{"@type":"EntryPoint","urlTemplate":"https:\/\/interamerica.org\/fr\/?s={search_term_string}"},"query-input":{"@type":"PropertyValueSpecification","valueRequired":true,"valueName":"search_term_string"}}],"inLanguage":"fr-FR"},{"@type":"Person","@id":"https:\/\/interamerica.org\/fr\/#\/schema\/person\/29998f2bc2d8bd0d38662909289b54f1","name":"libna","image":{"@type":"ImageObject","inLanguage":"fr-FR","@id":"https:\/\/secure.gravatar.com\/avatar\/7c5bd30ae4b47a9ba3c856590957fd1d96dc588bf3ac05719d247e126840331f?s=96&d=mm&r=g","url":"https:\/\/secure.gravatar.com\/avatar\/7c5bd30ae4b47a9ba3c856590957fd1d96dc588bf3ac05719d247e126840331f?s=96&d=mm&r=g","contentUrl":"https:\/\/secure.gravatar.com\/avatar\/7c5bd30ae4b47a9ba3c856590957fd1d96dc588bf3ac05719d247e126840331f?s=96&d=mm&r=g","caption":"libna"}}]}},"_links":{"self":[{"href":"https:\/\/interamerica.org\/fr\/wp-json\/wp\/v2\/posts\/82060","targetHints":{"allow":["GET"]}}],"collection":[{"href":"https:\/\/interamerica.org\/fr\/wp-json\/wp\/v2\/posts"}],"about":[{"href":"https:\/\/interamerica.org\/fr\/wp-json\/wp\/v2\/types\/post"}],"author":[{"embeddable":true,"href":"https:\/\/interamerica.org\/fr\/wp-json\/wp\/v2\/users\/3"}],"replies":[{"embeddable":true,"href":"https:\/\/interamerica.org\/fr\/wp-json\/wp\/v2\/comments?post=82060"}],"version-history":[{"count":0,"href":"https:\/\/interamerica.org\/fr\/wp-json\/wp\/v2\/posts\/82060\/revisions"}],"wp:featuredmedia":[{"embeddable":true,"href":"https:\/\/interamerica.org\/fr\/wp-json\/wp\/v2\/media\/82022"}],"wp:attachment":[{"href":"https:\/\/interamerica.org\/fr\/wp-json\/wp\/v2\/media?parent=82060"}],"wp:term":[{"taxonomy":"category","embeddable":true,"href":"https:\/\/interamerica.org\/fr\/wp-json\/wp\/v2\/categories?post=82060"},{"taxonomy":"post_tag","embeddable":true,"href":"https:\/\/interamerica.org\/fr\/wp-json\/wp\/v2\/tags?post=82060"}],"curies":[{"name":"wp","href":"https:\/\/api.w.org\/{rel}","templated":true}]}}