{"id":82177,"date":"2022-03-03T16:50:07","date_gmt":"2022-03-03T20:50:07","guid":{"rendered":"https:\/\/recursing-golick.147-182-135-0.plesk.page\/?p=82177"},"modified":"2022-03-04T14:24:28","modified_gmt":"2022-03-04T18:24:28","slug":"dernieres-informations-au-sujet-de-la-session-de-la-conference-generale","status":"publish","type":"post","link":"https:\/\/interamerica.org\/fr\/2022\/03\/dernieres-informations-au-sujet-de-la-session-de-la-conference-generale\/","title":{"rendered":"Derni\u00e8res informations au sujet de la Session de la Conf\u00e9rence G\u00e9n\u00e9rale"},"content":{"rendered":"<h4>Les organisateurs de la Session ouvrent le programme au public<\/h4>\n<p>3 Mars 2022 | Silver Spring, Maryland, \u00c9tats-Unis | Adventist News Network et Adventist Review<\/p>\n<p>L\u2019\u00c9glise adventiste du septi\u00e8me jour est heureuse d\u2019annoncer que la Session de la Conf\u00e9rence G\u00e9n\u00e9rale ouvrira ses portes au public. Tous seront les bienvenus \u00e0 la session administrative ainsi qu\u2019aux programmes du soir. La Session de la Conf\u00e9rence G\u00e9n\u00e9rale est la rencontre quinquennale du comit\u00e9 ex\u00e9cutif de l\u2019\u00c9glise adventiste, son plus important organe directeur, elle se tiendra \u00e0 St. Louis, dans le Missouri, du 6 au 11 juin 2022.<\/p>\n<p>La sant\u00e9 et la s\u00e9curit\u00e9 de tous les participants sont notre priorit\u00e9 absolue. Par cons\u00e9quent, nous aurons des mesures d\u2019hygi\u00e8ne plus intenses, suffisamment d\u2019espace pour permettre la distanciation sociale, ainsi que d\u2019autres mesures de s\u00e9curit\u00e9 et des directives recommand\u00e9es par les Centres pour le Contr\u00f4le et la Pr\u00e9vention des Maladies (CDC). Nous continuerons de surveiller l\u2019\u00e9volution de la situation en mati\u00e8re de coronavirus, nous ferons une \u00e9valuation et des ajustements si n\u00e9cessaire pour assurer la s\u00e9curit\u00e9 de tous.<\/p>\n<p>La session de la Conf\u00e9rence G\u00e9n\u00e9rale se tiendra au Complexe du Centre de l\u2019Am\u00e9rique \u00e0 Saint-Louis. Vous pouvez acc\u00e9der aux informations les plus r\u00e9centes sur notre site web\u00a0<a href=\"http:\/\/www.gcsession.org\/\" target=\"_blank\" rel=\"noopener\">www.gcsession.org<\/a>.<\/p>\n<p>Lorsque vous planifierez votre s\u00e9jour, visitez ce site web [<a href=\"https:\/\/book.passkey.com\/event\/50229177\/owner\/1418\/home\" target=\"_blank\" rel=\"noopener\">https:\/\/book.passkey.com\/event\/50229177\/owner\/1418\/home<\/a>] pour localiser un h\u00f4tel \u00e0 distance de marche du complexe du Centre de l\u2019Am\u00e9rique. Des tickets repas sont \u00e9galement disponibles \u00e0 la vente. Cliquez simplement ici. [<a href=\"https:\/\/external.adventist.org\/SessionMeals\" target=\"_blank\" rel=\"noopener\">https:\/\/external.adventist.org\/SessionMeals<\/a>]<\/p>\n<p>Nous avons h\u00e2te de vous voir \u00e0 Saint-Louis !<\/p>\n<p>Traduction: Patrick Luciathe<\/p>\n","protected":false},"excerpt":{"rendered":"<p>Les organisateurs de la Session ouvrent le programme au public 3 Mars 2022 | Silver Spring, Maryland, \u00c9tats-Unis | Adventist News Network et Adventist Review L\u2019\u00c9glise adventiste du septi\u00e8me jour&#8230;<\/p>\n","protected":false},"author":3,"featured_media":82120,"comment_status":"closed","ping_status":"closed","sticky":false,"template":"","format":"standard","meta":{"_acf_changed":false,"footnotes":""},"categories":[18,19],"tags":[],"class_list":["post-82177","post","type-post","status-publish","format-standard","has-post-thumbnail","hentry","category-nouvelles-de-leglise-mondiale","category-rss-francais"],"acf":[],"yoast_head":"<!-- This site is optimized with the Yoast SEO plugin v27.3 - https:\/\/yoast.com\/product\/yoast-seo-wordpress\/ -->\n<title>Derni\u00e8res informations au sujet de la Session de la Conf\u00e9rence G\u00e9n\u00e9rale - \u00c9glise Adventiste Du Septieme Jour - Inter Am\u00e9rique Division<\/title>\n<meta name=\"robots\" content=\"index, follow, max-snippet:-1, max-image-preview:large, max-video-preview:-1\" \/>\n<link rel=\"canonical\" href=\"https:\/\/interamerica.org\/fr\/2022\/03\/dernieres-informations-au-sujet-de-la-session-de-la-conference-generale\/\" \/>\n<meta property=\"og:locale\" content=\"fr_FR\" \/>\n<meta property=\"og:type\" content=\"article\" \/>\n<meta property=\"og:title\" content=\"Derni\u00e8res informations au sujet de la Session de la Conf\u00e9rence G\u00e9n\u00e9rale - \u00c9glise Adventiste Du Septieme Jour - Inter Am\u00e9rique Division\" \/>\n<meta property=\"og:description\" content=\"Les organisateurs de la Session ouvrent le programme au public 3 Mars 2022 | Silver Spring, Maryland, \u00c9tats-Unis | Adventist News Network et Adventist Review L\u2019\u00c9glise adventiste du septi\u00e8me jour...\" \/>\n<meta property=\"og:url\" content=\"https:\/\/interamerica.org\/fr\/2022\/03\/dernieres-informations-au-sujet-de-la-session-de-la-conference-generale\/\" \/>\n<meta property=\"og:site_name\" content=\"\u00c9glise Adventiste Du Septieme Jour - Inter Am\u00e9rique Division\" \/>\n<meta property=\"article:published_time\" content=\"2022-03-03T20:50:07+00:00\" \/>\n<meta property=\"article:modified_time\" content=\"2022-03-04T18:24:28+00:00\" \/>\n<meta property=\"og:image\" content=\"https:\/\/interamerica.org\/wp-content\/uploads\/2022\/03\/st-louis-gcsession.jpg\" \/>\n\t<meta property=\"og:image:width\" content=\"1280\" \/>\n\t<meta property=\"og:image:height\" content=\"800\" \/>\n\t<meta property=\"og:image:type\" content=\"image\/jpeg\" \/>\n<meta name=\"author\" content=\"libna\" \/>\n<meta name=\"twitter:card\" content=\"summary_large_image\" \/>\n<meta name=\"twitter:label1\" content=\"\u00c9crit par\" \/>\n\t<meta name=\"twitter:data1\" content=\"libna\" \/>\n\t<meta name=\"twitter:label2\" content=\"Dur\u00e9e de lecture estim\u00e9e\" \/>\n\t<meta name=\"twitter:data2\" content=\"1 minute\" \/>\n<script type=\"application\/ld+json\" class=\"yoast-schema-graph\">{\"@context\":\"https:\\\/\\\/schema.org\",\"@graph\":[{\"@type\":\"Article\",\"@id\":\"https:\\\/\\\/interamerica.org\\\/fr\\\/2022\\\/03\\\/dernieres-informations-au-sujet-de-la-session-de-la-conference-generale\\\/#article\",\"isPartOf\":{\"@id\":\"https:\\\/\\\/interamerica.org\\\/fr\\\/2022\\\/03\\\/dernieres-informations-au-sujet-de-la-session-de-la-conference-generale\\\/\"},\"author\":{\"name\":\"libna\",\"@id\":\"https:\\\/\\\/interamerica.org\\\/fr\\\/#\\\/schema\\\/person\\\/29998f2bc2d8bd0d38662909289b54f1\"},\"headline\":\"Derni\u00e8res informations au sujet de la Session de la Conf\u00e9rence G\u00e9n\u00e9rale\",\"datePublished\":\"2022-03-03T20:50:07+00:00\",\"dateModified\":\"2022-03-04T18:24:28+00:00\",\"mainEntityOfPage\":{\"@id\":\"https:\\\/\\\/interamerica.org\\\/fr\\\/2022\\\/03\\\/dernieres-informations-au-sujet-de-la-session-de-la-conference-generale\\\/\"},\"wordCount\":301,\"image\":{\"@id\":\"https:\\\/\\\/interamerica.org\\\/fr\\\/2022\\\/03\\\/dernieres-informations-au-sujet-de-la-session-de-la-conference-generale\\\/#primaryimage\"},\"thumbnailUrl\":\"https:\\\/\\\/interamerica.org\\\/wp-content\\\/uploads\\\/2022\\\/03\\\/st-louis-gcsession.jpg\",\"articleSection\":[\"Nouvelles de l'\u00c9glise mondiale\",\"RSS Fran\u00e7ais\"],\"inLanguage\":\"fr-FR\"},{\"@type\":\"WebPage\",\"@id\":\"https:\\\/\\\/interamerica.org\\\/fr\\\/2022\\\/03\\\/dernieres-informations-au-sujet-de-la-session-de-la-conference-generale\\\/\",\"url\":\"https:\\\/\\\/interamerica.org\\\/fr\\\/2022\\\/03\\\/dernieres-informations-au-sujet-de-la-session-de-la-conference-generale\\\/\",\"name\":\"Derni\u00e8res informations au sujet de la Session de la Conf\u00e9rence G\u00e9n\u00e9rale - \u00c9glise Adventiste Du Septieme Jour - Inter Am\u00e9rique Division\",\"isPartOf\":{\"@id\":\"https:\\\/\\\/interamerica.org\\\/fr\\\/#website\"},\"primaryImageOfPage\":{\"@id\":\"https:\\\/\\\/interamerica.org\\\/fr\\\/2022\\\/03\\\/dernieres-informations-au-sujet-de-la-session-de-la-conference-generale\\\/#primaryimage\"},\"image\":{\"@id\":\"https:\\\/\\\/interamerica.org\\\/fr\\\/2022\\\/03\\\/dernieres-informations-au-sujet-de-la-session-de-la-conference-generale\\\/#primaryimage\"},\"thumbnailUrl\":\"https:\\\/\\\/interamerica.org\\\/wp-content\\\/uploads\\\/2022\\\/03\\\/st-louis-gcsession.jpg\",\"datePublished\":\"2022-03-03T20:50:07+00:00\",\"dateModified\":\"2022-03-04T18:24:28+00:00\",\"author\":{\"@id\":\"https:\\\/\\\/interamerica.org\\\/fr\\\/#\\\/schema\\\/person\\\/29998f2bc2d8bd0d38662909289b54f1\"},\"breadcrumb\":{\"@id\":\"https:\\\/\\\/interamerica.org\\\/fr\\\/2022\\\/03\\\/dernieres-informations-au-sujet-de-la-session-de-la-conference-generale\\\/#breadcrumb\"},\"inLanguage\":\"fr-FR\",\"potentialAction\":[{\"@type\":\"ReadAction\",\"target\":[\"https:\\\/\\\/interamerica.org\\\/fr\\\/2022\\\/03\\\/dernieres-informations-au-sujet-de-la-session-de-la-conference-generale\\\/\"]}]},{\"@type\":\"ImageObject\",\"inLanguage\":\"fr-FR\",\"@id\":\"https:\\\/\\\/interamerica.org\\\/fr\\\/2022\\\/03\\\/dernieres-informations-au-sujet-de-la-session-de-la-conference-generale\\\/#primaryimage\",\"url\":\"https:\\\/\\\/interamerica.org\\\/wp-content\\\/uploads\\\/2022\\\/03\\\/st-louis-gcsession.jpg\",\"contentUrl\":\"https:\\\/\\\/interamerica.org\\\/wp-content\\\/uploads\\\/2022\\\/03\\\/st-louis-gcsession.jpg\",\"width\":1280,\"height\":800,\"caption\":\"[Photo : avec l'aimable autorisation de la Conf\u00e9rence G\u00e9n\u00e9rale des adventistes du septi\u00e8me jour]\"},{\"@type\":\"BreadcrumbList\",\"@id\":\"https:\\\/\\\/interamerica.org\\\/fr\\\/2022\\\/03\\\/dernieres-informations-au-sujet-de-la-session-de-la-conference-generale\\\/#breadcrumb\",\"itemListElement\":[{\"@type\":\"ListItem\",\"position\":1,\"name\":\"Home\",\"item\":\"https:\\\/\\\/interamerica.org\\\/fr\\\/\"},{\"@type\":\"ListItem\",\"position\":2,\"name\":\"Derni\u00e8res informations au sujet de la Session de la Conf\u00e9rence G\u00e9n\u00e9rale\"}]},{\"@type\":\"WebSite\",\"@id\":\"https:\\\/\\\/interamerica.org\\\/fr\\\/#website\",\"url\":\"https:\\\/\\\/interamerica.org\\\/fr\\\/\",\"name\":\"\u00c9glise Adventiste Du Septieme Jour - Inter Am\u00e9rique Division\",\"description\":\"\",\"potentialAction\":[{\"@type\":\"SearchAction\",\"target\":{\"@type\":\"EntryPoint\",\"urlTemplate\":\"https:\\\/\\\/interamerica.org\\\/fr\\\/?s={search_term_string}\"},\"query-input\":{\"@type\":\"PropertyValueSpecification\",\"valueRequired\":true,\"valueName\":\"search_term_string\"}}],\"inLanguage\":\"fr-FR\"},{\"@type\":\"Person\",\"@id\":\"https:\\\/\\\/interamerica.org\\\/fr\\\/#\\\/schema\\\/person\\\/29998f2bc2d8bd0d38662909289b54f1\",\"name\":\"libna\",\"image\":{\"@type\":\"ImageObject\",\"inLanguage\":\"fr-FR\",\"@id\":\"https:\\\/\\\/secure.gravatar.com\\\/avatar\\\/7c5bd30ae4b47a9ba3c856590957fd1d96dc588bf3ac05719d247e126840331f?s=96&d=mm&r=g\",\"url\":\"https:\\\/\\\/secure.gravatar.com\\\/avatar\\\/7c5bd30ae4b47a9ba3c856590957fd1d96dc588bf3ac05719d247e126840331f?s=96&d=mm&r=g\",\"contentUrl\":\"https:\\\/\\\/secure.gravatar.com\\\/avatar\\\/7c5bd30ae4b47a9ba3c856590957fd1d96dc588bf3ac05719d247e126840331f?s=96&d=mm&r=g\",\"caption\":\"libna\"}}]}<\/script>\n<!-- \/ Yoast SEO plugin. -->","yoast_head_json":{"title":"Derni\u00e8res informations au sujet de la Session de la Conf\u00e9rence G\u00e9n\u00e9rale - \u00c9glise Adventiste Du Septieme Jour - Inter Am\u00e9rique Division","robots":{"index":"index","follow":"follow","max-snippet":"max-snippet:-1","max-image-preview":"max-image-preview:large","max-video-preview":"max-video-preview:-1"},"canonical":"https:\/\/interamerica.org\/fr\/2022\/03\/dernieres-informations-au-sujet-de-la-session-de-la-conference-generale\/","og_locale":"fr_FR","og_type":"article","og_title":"Derni\u00e8res informations au sujet de la Session de la Conf\u00e9rence G\u00e9n\u00e9rale - \u00c9glise Adventiste Du Septieme Jour - Inter Am\u00e9rique Division","og_description":"Les organisateurs de la Session ouvrent le programme au public 3 Mars 2022 | Silver Spring, Maryland, \u00c9tats-Unis | Adventist News Network et Adventist Review L\u2019\u00c9glise adventiste du septi\u00e8me jour...","og_url":"https:\/\/interamerica.org\/fr\/2022\/03\/dernieres-informations-au-sujet-de-la-session-de-la-conference-generale\/","og_site_name":"\u00c9glise Adventiste Du Septieme Jour - Inter Am\u00e9rique Division","article_published_time":"2022-03-03T20:50:07+00:00","article_modified_time":"2022-03-04T18:24:28+00:00","og_image":[{"width":1280,"height":800,"url":"https:\/\/interamerica.org\/wp-content\/uploads\/2022\/03\/st-louis-gcsession.jpg","type":"image\/jpeg"}],"author":"libna","twitter_card":"summary_large_image","twitter_misc":{"\u00c9crit par":"libna","Dur\u00e9e de lecture estim\u00e9e":"1 minute"},"schema":{"@context":"https:\/\/schema.org","@graph":[{"@type":"Article","@id":"https:\/\/interamerica.org\/fr\/2022\/03\/dernieres-informations-au-sujet-de-la-session-de-la-conference-generale\/#article","isPartOf":{"@id":"https:\/\/interamerica.org\/fr\/2022\/03\/dernieres-informations-au-sujet-de-la-session-de-la-conference-generale\/"},"author":{"name":"libna","@id":"https:\/\/interamerica.org\/fr\/#\/schema\/person\/29998f2bc2d8bd0d38662909289b54f1"},"headline":"Derni\u00e8res informations au sujet de la Session de la Conf\u00e9rence G\u00e9n\u00e9rale","datePublished":"2022-03-03T20:50:07+00:00","dateModified":"2022-03-04T18:24:28+00:00","mainEntityOfPage":{"@id":"https:\/\/interamerica.org\/fr\/2022\/03\/dernieres-informations-au-sujet-de-la-session-de-la-conference-generale\/"},"wordCount":301,"image":{"@id":"https:\/\/interamerica.org\/fr\/2022\/03\/dernieres-informations-au-sujet-de-la-session-de-la-conference-generale\/#primaryimage"},"thumbnailUrl":"https:\/\/interamerica.org\/wp-content\/uploads\/2022\/03\/st-louis-gcsession.jpg","articleSection":["Nouvelles de l'\u00c9glise mondiale","RSS Fran\u00e7ais"],"inLanguage":"fr-FR"},{"@type":"WebPage","@id":"https:\/\/interamerica.org\/fr\/2022\/03\/dernieres-informations-au-sujet-de-la-session-de-la-conference-generale\/","url":"https:\/\/interamerica.org\/fr\/2022\/03\/dernieres-informations-au-sujet-de-la-session-de-la-conference-generale\/","name":"Derni\u00e8res informations au sujet de la Session de la Conf\u00e9rence G\u00e9n\u00e9rale - \u00c9glise Adventiste Du Septieme Jour - Inter Am\u00e9rique Division","isPartOf":{"@id":"https:\/\/interamerica.org\/fr\/#website"},"primaryImageOfPage":{"@id":"https:\/\/interamerica.org\/fr\/2022\/03\/dernieres-informations-au-sujet-de-la-session-de-la-conference-generale\/#primaryimage"},"image":{"@id":"https:\/\/interamerica.org\/fr\/2022\/03\/dernieres-informations-au-sujet-de-la-session-de-la-conference-generale\/#primaryimage"},"thumbnailUrl":"https:\/\/interamerica.org\/wp-content\/uploads\/2022\/03\/st-louis-gcsession.jpg","datePublished":"2022-03-03T20:50:07+00:00","dateModified":"2022-03-04T18:24:28+00:00","author":{"@id":"https:\/\/interamerica.org\/fr\/#\/schema\/person\/29998f2bc2d8bd0d38662909289b54f1"},"breadcrumb":{"@id":"https:\/\/interamerica.org\/fr\/2022\/03\/dernieres-informations-au-sujet-de-la-session-de-la-conference-generale\/#breadcrumb"},"inLanguage":"fr-FR","potentialAction":[{"@type":"ReadAction","target":["https:\/\/interamerica.org\/fr\/2022\/03\/dernieres-informations-au-sujet-de-la-session-de-la-conference-generale\/"]}]},{"@type":"ImageObject","inLanguage":"fr-FR","@id":"https:\/\/interamerica.org\/fr\/2022\/03\/dernieres-informations-au-sujet-de-la-session-de-la-conference-generale\/#primaryimage","url":"https:\/\/interamerica.org\/wp-content\/uploads\/2022\/03\/st-louis-gcsession.jpg","contentUrl":"https:\/\/interamerica.org\/wp-content\/uploads\/2022\/03\/st-louis-gcsession.jpg","width":1280,"height":800,"caption":"[Photo : avec l'aimable autorisation de la Conf\u00e9rence G\u00e9n\u00e9rale des adventistes du septi\u00e8me jour]"},{"@type":"BreadcrumbList","@id":"https:\/\/interamerica.org\/fr\/2022\/03\/dernieres-informations-au-sujet-de-la-session-de-la-conference-generale\/#breadcrumb","itemListElement":[{"@type":"ListItem","position":1,"name":"Home","item":"https:\/\/interamerica.org\/fr\/"},{"@type":"ListItem","position":2,"name":"Derni\u00e8res informations au sujet de la Session de la Conf\u00e9rence G\u00e9n\u00e9rale"}]},{"@type":"WebSite","@id":"https:\/\/interamerica.org\/fr\/#website","url":"https:\/\/interamerica.org\/fr\/","name":"\u00c9glise Adventiste Du Septieme Jour - Inter Am\u00e9rique Division","description":"","potentialAction":[{"@type":"SearchAction","target":{"@type":"EntryPoint","urlTemplate":"https:\/\/interamerica.org\/fr\/?s={search_term_string}"},"query-input":{"@type":"PropertyValueSpecification","valueRequired":true,"valueName":"search_term_string"}}],"inLanguage":"fr-FR"},{"@type":"Person","@id":"https:\/\/interamerica.org\/fr\/#\/schema\/person\/29998f2bc2d8bd0d38662909289b54f1","name":"libna","image":{"@type":"ImageObject","inLanguage":"fr-FR","@id":"https:\/\/secure.gravatar.com\/avatar\/7c5bd30ae4b47a9ba3c856590957fd1d96dc588bf3ac05719d247e126840331f?s=96&d=mm&r=g","url":"https:\/\/secure.gravatar.com\/avatar\/7c5bd30ae4b47a9ba3c856590957fd1d96dc588bf3ac05719d247e126840331f?s=96&d=mm&r=g","contentUrl":"https:\/\/secure.gravatar.com\/avatar\/7c5bd30ae4b47a9ba3c856590957fd1d96dc588bf3ac05719d247e126840331f?s=96&d=mm&r=g","caption":"libna"}}]}},"_links":{"self":[{"href":"https:\/\/interamerica.org\/fr\/wp-json\/wp\/v2\/posts\/82177","targetHints":{"allow":["GET"]}}],"collection":[{"href":"https:\/\/interamerica.org\/fr\/wp-json\/wp\/v2\/posts"}],"about":[{"href":"https:\/\/interamerica.org\/fr\/wp-json\/wp\/v2\/types\/post"}],"author":[{"embeddable":true,"href":"https:\/\/interamerica.org\/fr\/wp-json\/wp\/v2\/users\/3"}],"replies":[{"embeddable":true,"href":"https:\/\/interamerica.org\/fr\/wp-json\/wp\/v2\/comments?post=82177"}],"version-history":[{"count":0,"href":"https:\/\/interamerica.org\/fr\/wp-json\/wp\/v2\/posts\/82177\/revisions"}],"wp:featuredmedia":[{"embeddable":true,"href":"https:\/\/interamerica.org\/fr\/wp-json\/wp\/v2\/media\/82120"}],"wp:attachment":[{"href":"https:\/\/interamerica.org\/fr\/wp-json\/wp\/v2\/media?parent=82177"}],"wp:term":[{"taxonomy":"category","embeddable":true,"href":"https:\/\/interamerica.org\/fr\/wp-json\/wp\/v2\/categories?post=82177"},{"taxonomy":"post_tag","embeddable":true,"href":"https:\/\/interamerica.org\/fr\/wp-json\/wp\/v2\/tags?post=82177"}],"curies":[{"name":"wp","href":"https:\/\/api.w.org\/{rel}","templated":true}]}}