{"id":82179,"date":"2022-03-03T22:00:59","date_gmt":"2022-03-04T02:00:59","guid":{"rendered":"https:\/\/recursing-golick.147-182-135-0.plesk.page\/?p=82179"},"modified":"2022-03-04T20:19:40","modified_gmt":"2022-03-05T00:19:40","slug":"leglise-adventiste-devoile-son-programme-dexperience-biblique-de-vacances-baptise-boucliers-et-rois","status":"publish","type":"post","link":"https:\/\/interamerica.org\/fr\/2022\/03\/leglise-adventiste-devoile-son-programme-dexperience-biblique-de-vacances-baptise-boucliers-et-rois\/","title":{"rendered":"L\u2019\u00c9glise adventiste d\u00e9voile son programme d\u2019Exp\u00e9rience Biblique de Vacances baptis\u00e9 \u00ab Boucliers et Rois \u00bb"},"content":{"rendered":"<p>3 Mars 2022 | Miami, Floride, \u00c9tats-Unis | Libna Stevens, Actualit\u00e9s de la Division Inter- Am\u00e9ricaine<\/p>\n<p>Un tout nouveau programme d\u2019Exp\u00e9rience Biblique de Vacances (EBV) a \u00e9t\u00e9 d\u00e9voil\u00e9 par l\u2019\u00c9glise Adventiste du Septi\u00e8me jour en Inter Am\u00e9rique cette semaine lors d\u2019un atelier en ligne. La session de formation d\u2019une heure et demie a permis de donner une orientation \u00e0 des milliers d\u2019enseignants, de directeurs, de responsables et de b\u00e9n\u00e9voles de l\u2019exp\u00e9rience biblique de vacances, qui t\u00e9moignent avec enthousiasme aupr\u00e8s de plus de 300000 enfants et adolescents \u00e0 travers l\u2019ensemble du territoire de la Division Inter Am\u00e9ricaine (DIA) dans le cadre de l\u2019initiative annuelle.<\/p>\n<p>Le programme d\u2019EBV, dont le th\u00e8me est\u00a0<em>Boucliers et Rois,<\/em>\u00a0met en lumi\u00e8re les le\u00e7ons et les valeurs apprises en \u00e9tudiant l\u2019histoire biblique d\u2019hommes et de femmes de Dieu qui ont pu accomplir beaucoup sous la direction de Dieu.<\/p>\n<p><div id=\"attachment_82155\" style=\"width: 836px\" class=\"wp-caption aligncenter\"><img fetchpriority=\"high\" decoding=\"async\" aria-describedby=\"caption-attachment-82155\" class=\" wp-image-82155\" src=\"https:\/\/recursing-golick.147-182-135-0.plesk.page\/wp-content\/uploads\/2022\/03\/vbe-theme-edith-ruiz.png\" alt=\"\" width=\"826\" height=\"516\" srcset=\"https:\/\/interamerica.org\/wp-content\/uploads\/2022\/03\/vbe-theme-edith-ruiz.png 1000w, https:\/\/interamerica.org\/wp-content\/uploads\/2022\/03\/vbe-theme-edith-ruiz-300x188.png 300w, https:\/\/interamerica.org\/wp-content\/uploads\/2022\/03\/vbe-theme-edith-ruiz-768x480.png 768w\" sizes=\"(max-width: 826px) 100vw, 826px\" \/><p id=\"caption-attachment-82155\" class=\"wp-caption-text\">Edith Ruiz Espinoza, directrice des minist\u00e8res aupr\u00e8s des enfants et des adolescents pour l\u2019\u00c9glise adventiste en Inter Am\u00e9rique, anime un atelier sp\u00e9cial pour la pr\u00e9sentation du nouveau programme d\u2019Exp\u00e9rience Biblique de Vacances le 27 f\u00e9vrier 2022, qui sera utilis\u00e9 dans des milliers d\u2019\u00e9glises et d\u2019\u00e9coles dans toute l\u2019Inter-Am\u00e9rique cette ann\u00e9e. [Photo : Capture d\u2019\u00e9cran de la DIA]<\/p><\/div>\u00ab Nos enfants sont influenc\u00e9s par un grand nombre de choses promues dans les m\u00e9dias, les appareils mobiles ou de nombreux autres canaux en relation avec les super-h\u00e9ros, et en tant que responsables des minist\u00e8res aupr\u00e8s des enfants et des adolescents, nous voulons qu\u2019ils en apprennent davantage sur les vrais h\u00e9ros bibliques et non sur les h\u00e9ros des fictions, \u00bb a d\u00e9clar\u00e9 Edith Ruiz Espinoza, responsable des minist\u00e8res aupr\u00e8s des enfants et des adolescents pour l\u2019\u00c9glise adventiste en Inter Am\u00e9rique.<\/p>\n<p>\u00ab Nous sommes vraiment contents de ce que nos enfants puissent connaitre ce que Dieu nous a donn\u00e9 ici sur la terre, de vivre sous sa protection, en utilisant ses boucliers et ses valeurs. \u00bb<\/p>\n<p>Le nouveau programme d\u2019EBV intervient \u00e0 la suite d\u2019une pand\u00e9mie mondiale persistante qui a vu les responsables du minist\u00e8re aupr\u00e8s des enfants et des adolescents se r\u00e9signer \u00e0 utiliser ou adopter des programmes d\u2019EBV pr\u00e9c\u00e9demment publi\u00e9s en 2021, a-t-elle d\u00e9clar\u00e9.<\/p>\n<p>Le programme de lancement comprenait des chansons, des histoires, du travail manuel, des outils, des segments anim\u00e9s, des conseils et des ressources qui r\u00e9affirmeront l\u2019amour de J\u00e9sus \u00e0 travers l\u2019histoire de h\u00e9ros exceptionnels dans la Bible.<\/p>\n<p><div id=\"attachment_82151\" style=\"width: 818px\" class=\"wp-caption aligncenter\"><img decoding=\"async\" aria-describedby=\"caption-attachment-82151\" class=\" wp-image-82151\" src=\"https:\/\/recursing-golick.147-182-135-0.plesk.page\/wp-content\/uploads\/2022\/03\/vbe-2022-themesong.png\" alt=\"\" width=\"808\" height=\"506\" srcset=\"https:\/\/interamerica.org\/wp-content\/uploads\/2022\/03\/vbe-2022-themesong.png 1000w, https:\/\/interamerica.org\/wp-content\/uploads\/2022\/03\/vbe-2022-themesong-300x188.png 300w, https:\/\/interamerica.org\/wp-content\/uploads\/2022\/03\/vbe-2022-themesong-768x480.png 768w\" sizes=\"(max-width: 808px) 100vw, 808px\" \/><p id=\"caption-attachment-82151\" class=\"wp-caption-text\">Les enfants qui ont rev\u00eatu des costumes en lien avec le th\u00e8me chantent l\u2019un des deux chants-th\u00e8mes du programme EBV de cette ann\u00e9e. [Photo : Capture d\u2019\u00e9cran de la DIA]<\/p><\/div>Le programme quotidien d\u2019une semaine donnera aux responsables de VBE l\u2019occasion d\u2019enseigner au sujet de David et de son bouclier de foi, d\u2019Esther avec son bouclier de courage, d\u2019Ez\u00e9chiel avec son bouclier de protection, de Salomon avec son bouclier de sagesse et de J\u00e9sus avec son bouclier de salut.<\/p>\n<p>Le programme d\u2019EBV comprend un manuel avec des activit\u00e9s d\u00e9taill\u00e9es de travaux manuels et de jeux, des recettes, des conseils de d\u00e9coration et davantage de ressources pour les directeurs, les animateurs et les responsables d\u2019EBV qui seront impliqu\u00e9s dans l\u2019initiative annuelle d\u2019\u00e9vang\u00e9lisation, a d\u00e9clar\u00e9 Edith Espinoza.<\/p>\n<p>\u00ab Donnez tout ce que vous avez, le meilleur de vous-m\u00eame alors que vous d\u00e9veloppez ce programme avec enthousiasme pour cr\u00e9er un impact sur les enfants et les adolescents dans l\u2019\u00e9glise et aussi dans la communaut\u00e9, \u00bb a ajout\u00e9 Edith Espinoza. \u00ab Nous voulons qu\u2019ils connaissent J\u00e9sus et en apprennent davantage sur les rois\u00a0<span style=\"text-decoration: line-through;\">of<\/span>\u00a0dont nous lisons l\u2019histoire dans la Bible et sur les boucliers qu\u2019ils ont utilis\u00e9s, \u00bb a dit Edith Espinoza.<\/p>\n<p>\u00ab Je veux que nous soyons unis comme une \u00e9quipe solide, c\u00f4te \u00e0 c\u00f4te pour le bien des enfants et que nous soyons pr\u00eats \u00e0 aller, d\u00e9termin\u00e9s \u00e0 atteindre chaque enfant et chaque adolescent dans l\u2019\u00e9glise et dans la communaut\u00e9 cette ann\u00e9e, \u00bb a-t-elle d\u00e9clar\u00e9.<\/p>\n<p><div id=\"attachment_82134\" style=\"width: 810px\" class=\"wp-caption aligncenter\"><img decoding=\"async\" aria-describedby=\"caption-attachment-82134\" class=\" wp-image-82134\" src=\"https:\/\/recursing-golick.147-182-135-0.plesk.page\/wp-content\/uploads\/2022\/03\/magda-salinas-vbe-2022.png\" alt=\"\" width=\"800\" height=\"501\" srcset=\"https:\/\/interamerica.org\/wp-content\/uploads\/2022\/03\/magda-salinas-vbe-2022.png 1000w, https:\/\/interamerica.org\/wp-content\/uploads\/2022\/03\/magda-salinas-vbe-2022-300x188.png 300w, https:\/\/interamerica.org\/wp-content\/uploads\/2022\/03\/magda-salinas-vbe-2022-768x480.png 768w\" sizes=\"(max-width: 800px) 100vw, 800px\" \/><p id=\"caption-attachment-82134\" class=\"wp-caption-text\">Magda Salinas du personnel de la Division Inter Am\u00e9ricaine montre comment fabriquer diff\u00e9rents boucliers lors d\u2019une s\u00e9ance de travail manuel lors de l\u2019atelier en ligne. [Photo : Capture d\u2019\u00e9cran de la DIA]<\/p><\/div>Le programme d\u2019EBV en ligne a bri\u00e8vement mis en lumi\u00e8re les ressources \u00e0 venir pour le Club de l\u2019Amiti\u00e9 &#8211; un programme qui invite les enfants \u00e0 participer \u00e0 des activit\u00e9s d\u2019apprentissage hebdomadaires une fois le programme d\u2019EBV termin\u00e9. Le manuel du Club de l\u2019Amiti\u00e9 va plus loin dans le th\u00e8me du programme d\u2019EBV de cette ann\u00e9e avec des activit\u00e9s suppl\u00e9mentaires.<\/p>\n<p>Les unions de l\u2019Inter Am\u00e9rique, c\u2019est \u00e0 dire les grandes r\u00e9gions eccl\u00e9siales, ont d\u00e9j\u00e0 pass\u00e9 leurs commandes pour le programme d\u2019EBV de cette ann\u00e9e pour leurs congr\u00e9gations et leurs \u00e9coles, et recevront bient\u00f4t le mat\u00e9riel, a dit Edith Espinoza.<\/p>\n<p>Le pr\u00e9sident de la Division Inter Am\u00e9ricaine, le pasteur Elie Henry, a remerci\u00e9 les responsable d\u2019EBV pour leur d\u00e9vouement dans le service gr\u00e2ce auquel ils touchent de nombreux enfants de Dieu par le biais de l\u2019initiative qui a lieu pendant l\u2019\u00e9t\u00e9. \u00ab Merci pour votre soutien, vos efforts et votre d\u00e9vouement alors que vous irez, remplis du Saint-Esprit lorsque vous enseignerez chaque le\u00e7on, chaque classe et chaque activit\u00e9 aux gar\u00e7ons et aux filles \u00e0 travers l\u2019EBV cette ann\u00e9e, \u00bb a dit pasteur Henry.<\/p>\n<p><div id=\"attachment_82137\" style=\"width: 817px\" class=\"wp-caption aligncenter\"><img loading=\"lazy\" decoding=\"async\" aria-describedby=\"caption-attachment-82137\" class=\" wp-image-82137\" src=\"https:\/\/recursing-golick.147-182-135-0.plesk.page\/wp-content\/uploads\/2022\/03\/elie-henry-vbe-2022-1024x640.png\" alt=\"\" width=\"807\" height=\"504\" srcset=\"https:\/\/interamerica.org\/wp-content\/uploads\/2022\/03\/elie-henry-vbe-2022-1024x640.png 1024w, https:\/\/interamerica.org\/wp-content\/uploads\/2022\/03\/elie-henry-vbe-2022-300x188.png 300w, https:\/\/interamerica.org\/wp-content\/uploads\/2022\/03\/elie-henry-vbe-2022-768x480.png 768w, https:\/\/interamerica.org\/wp-content\/uploads\/2022\/03\/elie-henry-vbe-2022.png 1280w\" sizes=\"(max-width: 807px) 100vw, 807px\" \/><p id=\"caption-attachment-82137\" class=\"wp-caption-text\">Pasteur Elie Henry, pr\u00e9sident de l\u2019\u00c9glise adventiste en Inter Am\u00e9rique, remercie pour leur travail d\u00e9vou\u00e9, les milliers de responsables, de b\u00e9n\u00e9voles et de directeurs de minist\u00e8res aupr\u00e8s des enfants et des adolescents qui r\u00e9affirment les valeurs bibliques aux enfants dans tout le territoire. [Photo : Capture d\u2019\u00e9cran de la DIA]<\/p><\/div>Le programme d\u2019EBV de l\u2019Inter Am\u00e9rique cette ann\u00e9e a \u00e9t\u00e9 lanc\u00e9 en espagnol, le 27 f\u00e9vrier 2022, et les versions du programme en anglais et en fran\u00e7ais seront diffus\u00e9es le 13 mars 2022, sur\u00a0<a href=\"https:\/\/urldefense.proofpoint.com\/v2\/url?u=https-3A__www.youtube.com_c_InterAmericanDivision&amp;d=DwMFaQ&amp;c=tjPg1sbLxZ1bjgTYa5hhdyzvrRQ5lIm-1PubXARxg7w&amp;r=QRxhZ6zzWfakIxmZLcYU5ZN_w8zIA8rJMh2h-7AoibY&amp;m=EVw2AOEesTrA9POOECTdvckFx2vi38VSFdBaMqAQ05vdqAY_TBsMhETxzBQyIM6g&amp;s=EyalJrqUyw6oLeJrA7QhEG0I3SDzMwYVDTF9YE74oJs&amp;e=\" data-saferedirecturl=\"https:\/\/www.google.com\/url?q=https:\/\/urldefense.proofpoint.com\/v2\/url?u%3Dhttps-3A__www.youtube.com_c_InterAmericanDivision%26d%3DDwMFaQ%26c%3DtjPg1sbLxZ1bjgTYa5hhdyzvrRQ5lIm-1PubXARxg7w%26r%3DQRxhZ6zzWfakIxmZLcYU5ZN_w8zIA8rJMh2h-7AoibY%26m%3DEVw2AOEesTrA9POOECTdvckFx2vi38VSFdBaMqAQ05vdqAY_TBsMhETxzBQyIM6g%26s%3DEyalJrqUyw6oLeJrA7QhEG0I3SDzMwYVDTF9YE74oJs%26e%3D&amp;source=gmail&amp;ust=1646425432300000&amp;usg=AOvVaw3ZwnxcpSIOtNl7ugh3lU4j\">webcast.interamerica.org<\/a><\/p>\n<p>Pour regarder le lancement du programme de VBE de cette ann\u00e9e en espagnol, cliquez <a href=\"https:\/\/urldefense.proofpoint.com\/v2\/url?u=https-3A__www.youtube.com_watch-3Fv-3DPzQtgfC8VuY&amp;d=DwMFaQ&amp;c=tjPg1sbLxZ1bjgTYa5hhdyzvrRQ5lIm-1PubXARxg7w&amp;r=QRxhZ6zzWfakIxmZLcYU5ZN_w8zIA8rJMh2h-7AoibY&amp;m=EVw2AOEesTrA9POOECTdvckFx2vi38VSFdBaMqAQ05vdqAY_TBsMhETxzBQyIM6g&amp;s=xtmnlH_PY4KvkUOLYyPLsOYP0E_hjIKnMqMg4DQn9XU&amp;e=\" data-saferedirecturl=\"https:\/\/www.google.com\/url?q=https:\/\/urldefense.proofpoint.com\/v2\/url?u%3Dhttps-3A__www.youtube.com_watch-3Fv-3DPzQtgfC8VuY%26d%3DDwMFaQ%26c%3DtjPg1sbLxZ1bjgTYa5hhdyzvrRQ5lIm-1PubXARxg7w%26r%3DQRxhZ6zzWfakIxmZLcYU5ZN_w8zIA8rJMh2h-7AoibY%26m%3DEVw2AOEesTrA9POOECTdvckFx2vi38VSFdBaMqAQ05vdqAY_TBsMhETxzBQyIM6g%26s%3DxtmnlH_PY4KvkUOLYyPLsOYP0E_hjIKnMqMg4DQn9XU%26e%3D&amp;source=gmail&amp;ust=1646425432300000&amp;usg=AOvVaw2wVjVzMwzHq6Iq1IszlTuM\">ICI<\/a><\/p>\n<p>Traduction: Patrick Luciathe<\/p>\n","protected":false},"excerpt":{"rendered":"<p>3 Mars 2022 | Miami, Floride, \u00c9tats-Unis | Libna Stevens, Actualit\u00e9s de la Division Inter- Am\u00e9ricaine Un tout nouveau programme d\u2019Exp\u00e9rience Biblique de Vacances (EBV) a \u00e9t\u00e9 d\u00e9voil\u00e9 par l\u2019\u00c9glise&#8230;<\/p>\n","protected":false},"author":3,"featured_media":82155,"comment_status":"closed","ping_status":"closed","sticky":false,"template":"","format":"standard","meta":{"_acf_changed":false,"footnotes":""},"categories":[20,19],"tags":[],"class_list":["post-82179","post","type-post","status-publish","format-standard","has-post-thumbnail","hentry","category-nouvelles-du-siege-de-la-division","category-rss-francais"],"acf":[],"yoast_head":"<!-- This site is optimized with the Yoast SEO plugin v27.3 - https:\/\/yoast.com\/product\/yoast-seo-wordpress\/ -->\n<title>L\u2019\u00c9glise adventiste d\u00e9voile son programme d\u2019Exp\u00e9rience Biblique de Vacances baptis\u00e9 \u00ab Boucliers et Rois \u00bb - \u00c9glise Adventiste Du Septieme Jour - Inter Am\u00e9rique Division<\/title>\n<meta name=\"robots\" content=\"index, follow, max-snippet:-1, max-image-preview:large, max-video-preview:-1\" \/>\n<link rel=\"canonical\" href=\"https:\/\/interamerica.org\/fr\/2022\/03\/leglise-adventiste-devoile-son-programme-dexperience-biblique-de-vacances-baptise-boucliers-et-rois\/\" \/>\n<meta property=\"og:locale\" content=\"fr_FR\" \/>\n<meta property=\"og:type\" content=\"article\" \/>\n<meta property=\"og:title\" content=\"L\u2019\u00c9glise adventiste d\u00e9voile son programme d\u2019Exp\u00e9rience Biblique de Vacances baptis\u00e9 \u00ab Boucliers et Rois \u00bb - \u00c9glise Adventiste Du Septieme Jour - Inter Am\u00e9rique Division\" \/>\n<meta property=\"og:description\" content=\"3 Mars 2022 | Miami, Floride, \u00c9tats-Unis | Libna Stevens, Actualit\u00e9s de la Division Inter- Am\u00e9ricaine Un tout nouveau programme d\u2019Exp\u00e9rience Biblique de Vacances (EBV) a \u00e9t\u00e9 d\u00e9voil\u00e9 par l\u2019\u00c9glise...\" \/>\n<meta property=\"og:url\" content=\"https:\/\/interamerica.org\/fr\/2022\/03\/leglise-adventiste-devoile-son-programme-dexperience-biblique-de-vacances-baptise-boucliers-et-rois\/\" \/>\n<meta property=\"og:site_name\" content=\"\u00c9glise Adventiste Du Septieme Jour - Inter Am\u00e9rique Division\" \/>\n<meta property=\"article:published_time\" content=\"2022-03-04T02:00:59+00:00\" \/>\n<meta property=\"article:modified_time\" content=\"2022-03-05T00:19:40+00:00\" \/>\n<meta property=\"og:image\" content=\"https:\/\/interamerica.org\/wp-content\/uploads\/2022\/03\/vbe-theme-edith-ruiz.png\" \/>\n\t<meta property=\"og:image:width\" content=\"1000\" \/>\n\t<meta property=\"og:image:height\" content=\"625\" \/>\n\t<meta property=\"og:image:type\" content=\"image\/png\" \/>\n<meta name=\"author\" content=\"libna\" \/>\n<meta name=\"twitter:card\" content=\"summary_large_image\" \/>\n<meta name=\"twitter:label1\" content=\"\u00c9crit par\" \/>\n\t<meta name=\"twitter:data1\" content=\"libna\" \/>\n\t<meta name=\"twitter:label2\" content=\"Dur\u00e9e de lecture estim\u00e9e\" \/>\n\t<meta name=\"twitter:data2\" content=\"6 minutes\" \/>\n<script type=\"application\/ld+json\" class=\"yoast-schema-graph\">{\"@context\":\"https:\\\/\\\/schema.org\",\"@graph\":[{\"@type\":\"Article\",\"@id\":\"https:\\\/\\\/interamerica.org\\\/fr\\\/2022\\\/03\\\/leglise-adventiste-devoile-son-programme-dexperience-biblique-de-vacances-baptise-boucliers-et-rois\\\/#article\",\"isPartOf\":{\"@id\":\"https:\\\/\\\/interamerica.org\\\/fr\\\/2022\\\/03\\\/leglise-adventiste-devoile-son-programme-dexperience-biblique-de-vacances-baptise-boucliers-et-rois\\\/\"},\"author\":{\"name\":\"libna\",\"@id\":\"https:\\\/\\\/interamerica.org\\\/fr\\\/#\\\/schema\\\/person\\\/29998f2bc2d8bd0d38662909289b54f1\"},\"headline\":\"L\u2019\u00c9glise adventiste d\u00e9voile son programme d\u2019Exp\u00e9rience Biblique de Vacances baptis\u00e9 \u00ab Boucliers et Rois \u00bb\",\"datePublished\":\"2022-03-04T02:00:59+00:00\",\"dateModified\":\"2022-03-05T00:19:40+00:00\",\"mainEntityOfPage\":{\"@id\":\"https:\\\/\\\/interamerica.org\\\/fr\\\/2022\\\/03\\\/leglise-adventiste-devoile-son-programme-dexperience-biblique-de-vacances-baptise-boucliers-et-rois\\\/\"},\"wordCount\":1130,\"image\":{\"@id\":\"https:\\\/\\\/interamerica.org\\\/fr\\\/2022\\\/03\\\/leglise-adventiste-devoile-son-programme-dexperience-biblique-de-vacances-baptise-boucliers-et-rois\\\/#primaryimage\"},\"thumbnailUrl\":\"https:\\\/\\\/interamerica.org\\\/wp-content\\\/uploads\\\/2022\\\/03\\\/vbe-theme-edith-ruiz.png\",\"articleSection\":[\"Nouvelles du si\u00e8ge de la division\",\"RSS Fran\u00e7ais\"],\"inLanguage\":\"fr-FR\"},{\"@type\":\"WebPage\",\"@id\":\"https:\\\/\\\/interamerica.org\\\/fr\\\/2022\\\/03\\\/leglise-adventiste-devoile-son-programme-dexperience-biblique-de-vacances-baptise-boucliers-et-rois\\\/\",\"url\":\"https:\\\/\\\/interamerica.org\\\/fr\\\/2022\\\/03\\\/leglise-adventiste-devoile-son-programme-dexperience-biblique-de-vacances-baptise-boucliers-et-rois\\\/\",\"name\":\"L\u2019\u00c9glise adventiste d\u00e9voile son programme d\u2019Exp\u00e9rience Biblique de Vacances baptis\u00e9 \u00ab Boucliers et Rois \u00bb - \u00c9glise Adventiste Du Septieme Jour - Inter Am\u00e9rique Division\",\"isPartOf\":{\"@id\":\"https:\\\/\\\/interamerica.org\\\/fr\\\/#website\"},\"primaryImageOfPage\":{\"@id\":\"https:\\\/\\\/interamerica.org\\\/fr\\\/2022\\\/03\\\/leglise-adventiste-devoile-son-programme-dexperience-biblique-de-vacances-baptise-boucliers-et-rois\\\/#primaryimage\"},\"image\":{\"@id\":\"https:\\\/\\\/interamerica.org\\\/fr\\\/2022\\\/03\\\/leglise-adventiste-devoile-son-programme-dexperience-biblique-de-vacances-baptise-boucliers-et-rois\\\/#primaryimage\"},\"thumbnailUrl\":\"https:\\\/\\\/interamerica.org\\\/wp-content\\\/uploads\\\/2022\\\/03\\\/vbe-theme-edith-ruiz.png\",\"datePublished\":\"2022-03-04T02:00:59+00:00\",\"dateModified\":\"2022-03-05T00:19:40+00:00\",\"author\":{\"@id\":\"https:\\\/\\\/interamerica.org\\\/fr\\\/#\\\/schema\\\/person\\\/29998f2bc2d8bd0d38662909289b54f1\"},\"breadcrumb\":{\"@id\":\"https:\\\/\\\/interamerica.org\\\/fr\\\/2022\\\/03\\\/leglise-adventiste-devoile-son-programme-dexperience-biblique-de-vacances-baptise-boucliers-et-rois\\\/#breadcrumb\"},\"inLanguage\":\"fr-FR\",\"potentialAction\":[{\"@type\":\"ReadAction\",\"target\":[\"https:\\\/\\\/interamerica.org\\\/fr\\\/2022\\\/03\\\/leglise-adventiste-devoile-son-programme-dexperience-biblique-de-vacances-baptise-boucliers-et-rois\\\/\"]}]},{\"@type\":\"ImageObject\",\"inLanguage\":\"fr-FR\",\"@id\":\"https:\\\/\\\/interamerica.org\\\/fr\\\/2022\\\/03\\\/leglise-adventiste-devoile-son-programme-dexperience-biblique-de-vacances-baptise-boucliers-et-rois\\\/#primaryimage\",\"url\":\"https:\\\/\\\/interamerica.org\\\/wp-content\\\/uploads\\\/2022\\\/03\\\/vbe-theme-edith-ruiz.png\",\"contentUrl\":\"https:\\\/\\\/interamerica.org\\\/wp-content\\\/uploads\\\/2022\\\/03\\\/vbe-theme-edith-ruiz.png\",\"width\":1000,\"height\":625,\"caption\":\"[Photo: Capture d'\u00e9cran de la DIA]\"},{\"@type\":\"BreadcrumbList\",\"@id\":\"https:\\\/\\\/interamerica.org\\\/fr\\\/2022\\\/03\\\/leglise-adventiste-devoile-son-programme-dexperience-biblique-de-vacances-baptise-boucliers-et-rois\\\/#breadcrumb\",\"itemListElement\":[{\"@type\":\"ListItem\",\"position\":1,\"name\":\"Home\",\"item\":\"https:\\\/\\\/interamerica.org\\\/fr\\\/\"},{\"@type\":\"ListItem\",\"position\":2,\"name\":\"L\u2019\u00c9glise adventiste d\u00e9voile son programme d\u2019Exp\u00e9rience Biblique de Vacances baptis\u00e9 \u00ab Boucliers et Rois \u00bb\"}]},{\"@type\":\"WebSite\",\"@id\":\"https:\\\/\\\/interamerica.org\\\/fr\\\/#website\",\"url\":\"https:\\\/\\\/interamerica.org\\\/fr\\\/\",\"name\":\"\u00c9glise Adventiste Du Septieme Jour - Inter Am\u00e9rique Division\",\"description\":\"\",\"potentialAction\":[{\"@type\":\"SearchAction\",\"target\":{\"@type\":\"EntryPoint\",\"urlTemplate\":\"https:\\\/\\\/interamerica.org\\\/fr\\\/?s={search_term_string}\"},\"query-input\":{\"@type\":\"PropertyValueSpecification\",\"valueRequired\":true,\"valueName\":\"search_term_string\"}}],\"inLanguage\":\"fr-FR\"},{\"@type\":\"Person\",\"@id\":\"https:\\\/\\\/interamerica.org\\\/fr\\\/#\\\/schema\\\/person\\\/29998f2bc2d8bd0d38662909289b54f1\",\"name\":\"libna\",\"image\":{\"@type\":\"ImageObject\",\"inLanguage\":\"fr-FR\",\"@id\":\"https:\\\/\\\/secure.gravatar.com\\\/avatar\\\/7c5bd30ae4b47a9ba3c856590957fd1d96dc588bf3ac05719d247e126840331f?s=96&d=mm&r=g\",\"url\":\"https:\\\/\\\/secure.gravatar.com\\\/avatar\\\/7c5bd30ae4b47a9ba3c856590957fd1d96dc588bf3ac05719d247e126840331f?s=96&d=mm&r=g\",\"contentUrl\":\"https:\\\/\\\/secure.gravatar.com\\\/avatar\\\/7c5bd30ae4b47a9ba3c856590957fd1d96dc588bf3ac05719d247e126840331f?s=96&d=mm&r=g\",\"caption\":\"libna\"}}]}<\/script>\n<!-- \/ Yoast SEO plugin. -->","yoast_head_json":{"title":"L\u2019\u00c9glise adventiste d\u00e9voile son programme d\u2019Exp\u00e9rience Biblique de Vacances baptis\u00e9 \u00ab Boucliers et Rois \u00bb - \u00c9glise Adventiste Du Septieme Jour - Inter Am\u00e9rique Division","robots":{"index":"index","follow":"follow","max-snippet":"max-snippet:-1","max-image-preview":"max-image-preview:large","max-video-preview":"max-video-preview:-1"},"canonical":"https:\/\/interamerica.org\/fr\/2022\/03\/leglise-adventiste-devoile-son-programme-dexperience-biblique-de-vacances-baptise-boucliers-et-rois\/","og_locale":"fr_FR","og_type":"article","og_title":"L\u2019\u00c9glise adventiste d\u00e9voile son programme d\u2019Exp\u00e9rience Biblique de Vacances baptis\u00e9 \u00ab Boucliers et Rois \u00bb - \u00c9glise Adventiste Du Septieme Jour - Inter Am\u00e9rique Division","og_description":"3 Mars 2022 | Miami, Floride, \u00c9tats-Unis | Libna Stevens, Actualit\u00e9s de la Division Inter- Am\u00e9ricaine Un tout nouveau programme d\u2019Exp\u00e9rience Biblique de Vacances (EBV) a \u00e9t\u00e9 d\u00e9voil\u00e9 par l\u2019\u00c9glise...","og_url":"https:\/\/interamerica.org\/fr\/2022\/03\/leglise-adventiste-devoile-son-programme-dexperience-biblique-de-vacances-baptise-boucliers-et-rois\/","og_site_name":"\u00c9glise Adventiste Du Septieme Jour - Inter Am\u00e9rique Division","article_published_time":"2022-03-04T02:00:59+00:00","article_modified_time":"2022-03-05T00:19:40+00:00","og_image":[{"width":1000,"height":625,"url":"https:\/\/interamerica.org\/wp-content\/uploads\/2022\/03\/vbe-theme-edith-ruiz.png","type":"image\/png"}],"author":"libna","twitter_card":"summary_large_image","twitter_misc":{"\u00c9crit par":"libna","Dur\u00e9e de lecture estim\u00e9e":"6 minutes"},"schema":{"@context":"https:\/\/schema.org","@graph":[{"@type":"Article","@id":"https:\/\/interamerica.org\/fr\/2022\/03\/leglise-adventiste-devoile-son-programme-dexperience-biblique-de-vacances-baptise-boucliers-et-rois\/#article","isPartOf":{"@id":"https:\/\/interamerica.org\/fr\/2022\/03\/leglise-adventiste-devoile-son-programme-dexperience-biblique-de-vacances-baptise-boucliers-et-rois\/"},"author":{"name":"libna","@id":"https:\/\/interamerica.org\/fr\/#\/schema\/person\/29998f2bc2d8bd0d38662909289b54f1"},"headline":"L\u2019\u00c9glise adventiste d\u00e9voile son programme d\u2019Exp\u00e9rience Biblique de Vacances baptis\u00e9 \u00ab Boucliers et Rois \u00bb","datePublished":"2022-03-04T02:00:59+00:00","dateModified":"2022-03-05T00:19:40+00:00","mainEntityOfPage":{"@id":"https:\/\/interamerica.org\/fr\/2022\/03\/leglise-adventiste-devoile-son-programme-dexperience-biblique-de-vacances-baptise-boucliers-et-rois\/"},"wordCount":1130,"image":{"@id":"https:\/\/interamerica.org\/fr\/2022\/03\/leglise-adventiste-devoile-son-programme-dexperience-biblique-de-vacances-baptise-boucliers-et-rois\/#primaryimage"},"thumbnailUrl":"https:\/\/interamerica.org\/wp-content\/uploads\/2022\/03\/vbe-theme-edith-ruiz.png","articleSection":["Nouvelles du si\u00e8ge de la division","RSS Fran\u00e7ais"],"inLanguage":"fr-FR"},{"@type":"WebPage","@id":"https:\/\/interamerica.org\/fr\/2022\/03\/leglise-adventiste-devoile-son-programme-dexperience-biblique-de-vacances-baptise-boucliers-et-rois\/","url":"https:\/\/interamerica.org\/fr\/2022\/03\/leglise-adventiste-devoile-son-programme-dexperience-biblique-de-vacances-baptise-boucliers-et-rois\/","name":"L\u2019\u00c9glise adventiste d\u00e9voile son programme d\u2019Exp\u00e9rience Biblique de Vacances baptis\u00e9 \u00ab Boucliers et Rois \u00bb - \u00c9glise Adventiste Du Septieme Jour - Inter Am\u00e9rique Division","isPartOf":{"@id":"https:\/\/interamerica.org\/fr\/#website"},"primaryImageOfPage":{"@id":"https:\/\/interamerica.org\/fr\/2022\/03\/leglise-adventiste-devoile-son-programme-dexperience-biblique-de-vacances-baptise-boucliers-et-rois\/#primaryimage"},"image":{"@id":"https:\/\/interamerica.org\/fr\/2022\/03\/leglise-adventiste-devoile-son-programme-dexperience-biblique-de-vacances-baptise-boucliers-et-rois\/#primaryimage"},"thumbnailUrl":"https:\/\/interamerica.org\/wp-content\/uploads\/2022\/03\/vbe-theme-edith-ruiz.png","datePublished":"2022-03-04T02:00:59+00:00","dateModified":"2022-03-05T00:19:40+00:00","author":{"@id":"https:\/\/interamerica.org\/fr\/#\/schema\/person\/29998f2bc2d8bd0d38662909289b54f1"},"breadcrumb":{"@id":"https:\/\/interamerica.org\/fr\/2022\/03\/leglise-adventiste-devoile-son-programme-dexperience-biblique-de-vacances-baptise-boucliers-et-rois\/#breadcrumb"},"inLanguage":"fr-FR","potentialAction":[{"@type":"ReadAction","target":["https:\/\/interamerica.org\/fr\/2022\/03\/leglise-adventiste-devoile-son-programme-dexperience-biblique-de-vacances-baptise-boucliers-et-rois\/"]}]},{"@type":"ImageObject","inLanguage":"fr-FR","@id":"https:\/\/interamerica.org\/fr\/2022\/03\/leglise-adventiste-devoile-son-programme-dexperience-biblique-de-vacances-baptise-boucliers-et-rois\/#primaryimage","url":"https:\/\/interamerica.org\/wp-content\/uploads\/2022\/03\/vbe-theme-edith-ruiz.png","contentUrl":"https:\/\/interamerica.org\/wp-content\/uploads\/2022\/03\/vbe-theme-edith-ruiz.png","width":1000,"height":625,"caption":"[Photo: Capture d'\u00e9cran de la DIA]"},{"@type":"BreadcrumbList","@id":"https:\/\/interamerica.org\/fr\/2022\/03\/leglise-adventiste-devoile-son-programme-dexperience-biblique-de-vacances-baptise-boucliers-et-rois\/#breadcrumb","itemListElement":[{"@type":"ListItem","position":1,"name":"Home","item":"https:\/\/interamerica.org\/fr\/"},{"@type":"ListItem","position":2,"name":"L\u2019\u00c9glise adventiste d\u00e9voile son programme d\u2019Exp\u00e9rience Biblique de Vacances baptis\u00e9 \u00ab Boucliers et Rois \u00bb"}]},{"@type":"WebSite","@id":"https:\/\/interamerica.org\/fr\/#website","url":"https:\/\/interamerica.org\/fr\/","name":"\u00c9glise Adventiste Du Septieme Jour - Inter Am\u00e9rique Division","description":"","potentialAction":[{"@type":"SearchAction","target":{"@type":"EntryPoint","urlTemplate":"https:\/\/interamerica.org\/fr\/?s={search_term_string}"},"query-input":{"@type":"PropertyValueSpecification","valueRequired":true,"valueName":"search_term_string"}}],"inLanguage":"fr-FR"},{"@type":"Person","@id":"https:\/\/interamerica.org\/fr\/#\/schema\/person\/29998f2bc2d8bd0d38662909289b54f1","name":"libna","image":{"@type":"ImageObject","inLanguage":"fr-FR","@id":"https:\/\/secure.gravatar.com\/avatar\/7c5bd30ae4b47a9ba3c856590957fd1d96dc588bf3ac05719d247e126840331f?s=96&d=mm&r=g","url":"https:\/\/secure.gravatar.com\/avatar\/7c5bd30ae4b47a9ba3c856590957fd1d96dc588bf3ac05719d247e126840331f?s=96&d=mm&r=g","contentUrl":"https:\/\/secure.gravatar.com\/avatar\/7c5bd30ae4b47a9ba3c856590957fd1d96dc588bf3ac05719d247e126840331f?s=96&d=mm&r=g","caption":"libna"}}]}},"_links":{"self":[{"href":"https:\/\/interamerica.org\/fr\/wp-json\/wp\/v2\/posts\/82179","targetHints":{"allow":["GET"]}}],"collection":[{"href":"https:\/\/interamerica.org\/fr\/wp-json\/wp\/v2\/posts"}],"about":[{"href":"https:\/\/interamerica.org\/fr\/wp-json\/wp\/v2\/types\/post"}],"author":[{"embeddable":true,"href":"https:\/\/interamerica.org\/fr\/wp-json\/wp\/v2\/users\/3"}],"replies":[{"embeddable":true,"href":"https:\/\/interamerica.org\/fr\/wp-json\/wp\/v2\/comments?post=82179"}],"version-history":[{"count":0,"href":"https:\/\/interamerica.org\/fr\/wp-json\/wp\/v2\/posts\/82179\/revisions"}],"wp:featuredmedia":[{"embeddable":true,"href":"https:\/\/interamerica.org\/fr\/wp-json\/wp\/v2\/media\/82155"}],"wp:attachment":[{"href":"https:\/\/interamerica.org\/fr\/wp-json\/wp\/v2\/media?parent=82179"}],"wp:term":[{"taxonomy":"category","embeddable":true,"href":"https:\/\/interamerica.org\/fr\/wp-json\/wp\/v2\/categories?post=82179"},{"taxonomy":"post_tag","embeddable":true,"href":"https:\/\/interamerica.org\/fr\/wp-json\/wp\/v2\/tags?post=82179"}],"curies":[{"name":"wp","href":"https:\/\/api.w.org\/{rel}","templated":true}]}}