{"id":82252,"date":"2022-03-07T11:56:27","date_gmt":"2022-03-07T15:56:27","guid":{"rendered":"https:\/\/recursing-golick.147-182-135-0.plesk.page\/?p=82252"},"modified":"2022-03-07T22:08:12","modified_gmt":"2022-03-08T02:08:12","slug":"au-bresil-des-benevoles-tentent-dameliorer-la-vie-dimmigrants-venezueliens","status":"publish","type":"post","link":"https:\/\/interamerica.org\/fr\/2022\/03\/au-bresil-des-benevoles-tentent-dameliorer-la-vie-dimmigrants-venezueliens\/","title":{"rendered":"Au Br\u00e9sil, des b\u00e9n\u00e9voles tentent d\u2019am\u00e9liorer la vie d\u2019immigrants v\u00e9n\u00e9zu\u00e9liens"},"content":{"rendered":"<p><strong>Les r\u00e9sidents recueillent des dons afin d\u2019am\u00e9liorer les conditions de vie des nouveaux arrivants.<\/strong><\/p>\n<p id=\"headline-6-7\" class=\"ct-headline\"><span style=\"font-size: 16px;\">Le 7 mars 2022 | Jackeline Farah pour la Division sud-am\u00e9ricaine et <em>Adventist Review<\/em><\/span><\/p>\n<p>Selon un bureau local consacr\u00e9 \u00e0 l\u2019aide sociale et aux droits de la personne \u00e0 Manaus, dans l\u2019\u00c9tat br\u00e9silien de l\u2019Amazonas, au cours des deux derni\u00e8res ann\u00e9es, ce sont 7\u00a0980\u00a0V\u00e9n\u00e9zu\u00e9liens qui ont trouv\u00e9 refuge dans l\u2019un des asiles municipaux du Br\u00e9sil. La derni\u00e8re caravane d\u2019immigrants \u00e0 \u00eatre pass\u00e9e du Venezuela au nord du Br\u00e9sil est arriv\u00e9e le 27\u00a0novembre 2021. Elle comptait 89\u00a0personnes avec quelques sacs et de nombreux r\u00eaves de reconstruire leur vie apr\u00e8s des ann\u00e9es de d\u00e9clin \u00e9conomique et d\u2019agitation sociale.<\/p>\n<p class=\"ct-headline\">\u00ab\u00a0Je veux entamer une nouvelle vie, a dit l\u2019un des nouveaux arrivants v\u00e9n\u00e9zu\u00e9liens. Nous avons beaucoup souffert dans notre pays.\u00a0\u00bb La m\u00eame personne a racont\u00e9 qu\u2019au d\u00e9but, lorsqu\u2019ils ont travers\u00e9 la fronti\u00e8re pour entrer au Br\u00e9sil, leur situation \u00e9tait d\u00e9sesp\u00e9r\u00e9e. \u00ab\u00a0Nous avons march\u00e9 jusqu\u2019\u00e0 Pacaraima et avons dormi dans la rue. C\u2019\u00e9tait difficile; on aurait dit que nous \u00e9tions toujours au Venezuela. C\u2019est seulement lorsque nous sommes arriv\u00e9s ici, au refuge de Manaus, que les choses ont commenc\u00e9 \u00e0 s\u2019am\u00e9liorer.\u00a0\u00bb<\/p>\n<p><div id=\"attachment_82185\" style=\"width: 824px\" class=\"wp-caption aligncenter\"><img fetchpriority=\"high\" decoding=\"async\" aria-describedby=\"caption-attachment-82185\" class=\" wp-image-82185\" src=\"https:\/\/recursing-golick.147-182-135-0.plesk.page\/wp-content\/uploads\/2022\/03\/brazil-venezuela-refugees2.jpeg\" alt=\"\" width=\"814\" height=\"458\" srcset=\"https:\/\/interamerica.org\/wp-content\/uploads\/2022\/03\/brazil-venezuela-refugees2.jpeg 960w, https:\/\/interamerica.org\/wp-content\/uploads\/2022\/03\/brazil-venezuela-refugees2-300x169.jpeg 300w, https:\/\/interamerica.org\/wp-content\/uploads\/2022\/03\/brazil-venezuela-refugees2-768x432.jpeg 768w\" sizes=\"(max-width: 814px) 100vw, 814px\" \/><p id=\"caption-attachment-82185\" class=\"wp-caption-text\">Des familles ayant re\u00e7u l\u2019aide de b\u00e9n\u00e9voles de l\u2019\u00c9glise adventiste ont \u00e9galement re\u00e7u un livre missionnaire ainsi qu\u2019une Bible. [Une photo du d\u00e9partement des actualit\u00e9s de la Division sud-am\u00e9ricaine.]<\/p><\/div>Les r\u00e9fugi\u00e9s, qui ont fui la famine et l\u2019instabilit\u00e9, vivent dans un \u00e9tat de vuln\u00e9rabilit\u00e9 et arrivent au Br\u00e9sil avec des taux \u00e9lev\u00e9s de malnutrition, surtout les enfants. D\u2019apr\u00e8s certaines \u00e9tudes, 26\u00a0enfants sur 30 montrent des signes de ralentissement de croissance. Ils souffrent \u00e9galement de maladies cutan\u00e9es et leur syst\u00e8me immunitaire est compromis.<\/p>\n<p>Une autre r\u00e9fugi\u00e9e v\u00e9n\u00e9zu\u00e9lienne est arriv\u00e9e avec ses trois enfants, un oncle et un cousin. \u00ab\u00a0Nous croyons en Dieu, a-t-elle racont\u00e9, et nous prions beaucoup pour \u00eatre lib\u00e9r\u00e9s de notre vie d\u2019avant [au Venezuela]. Nous pouvons enfin recommencer \u00e0 r\u00eaver.\u00a0\u00bb<\/p>\n<p><strong>Une aide g\u00e9n\u00e9reuse<\/strong><\/p>\n<p>Les r\u00e9fugi\u00e9s ont, pendant longtemps, d\u00e9pendu de l\u2019aide des r\u00e9sidents de la r\u00e9gion, qui ont d\u00e9j\u00e0 accueilli tellement d\u2019immigrants. Et c\u2019est l\u00e0 que le travail des b\u00e9n\u00e9voles adventistes du septi\u00e8me jour, d\u00e9vou\u00e9s \u00e0 rendre les nouvelles r\u00e9sidences de ces familles plus belles et confortables, entre en ligne de compte. \u00ab\u00a0Voir les enfants heureux, les familles recevoir des cadeaux les yeux brillants nous procure beaucoup de joie, a exprim\u00e9 Meiryanne Rezzuto, directrice r\u00e9gionale des minist\u00e8res des femmes. Nous mettons l\u2019amour de J\u00e9sus en pratique.\u00a0\u00bb<\/p>\n<p><div id=\"attachment_82188\" style=\"width: 812px\" class=\"wp-caption aligncenter\"><img decoding=\"async\" aria-describedby=\"caption-attachment-82188\" class=\" wp-image-82188\" src=\"https:\/\/recursing-golick.147-182-135-0.plesk.page\/wp-content\/uploads\/2022\/03\/brazil-venezuela-refugees3.jpeg\" alt=\"\" width=\"802\" height=\"451\" srcset=\"https:\/\/interamerica.org\/wp-content\/uploads\/2022\/03\/brazil-venezuela-refugees3.jpeg 1024w, https:\/\/interamerica.org\/wp-content\/uploads\/2022\/03\/brazil-venezuela-refugees3-300x169.jpeg 300w, https:\/\/interamerica.org\/wp-content\/uploads\/2022\/03\/brazil-venezuela-refugees3-768x432.jpeg 768w\" sizes=\"(max-width: 802px) 100vw, 802px\" \/><p id=\"caption-attachment-82188\" class=\"wp-caption-text\">Les dirigeants de l\u2019\u00c9glise r\u00e9gionale ont pass\u00e9 une journ\u00e9e \u00e0 peindre et \u00e0 apporter d\u2019autres am\u00e9liorations \u00e0 l\u2019un des refuges de Manaus, o\u00f9 r\u00e9sident des r\u00e9fugi\u00e9s v\u00e9n\u00e9zu\u00e9liens. [Une photo du d\u00e9partement des actualit\u00e9s de la Division sud-am\u00e9ricaine.]<\/p><\/div>L\u2019un des refuges comprend cinq gros b\u00e2timents. Et r\u00e9cemment, des b\u00e9n\u00e9voles adventistes, y compris certains qui travaillent au bureau de l\u2019\u00c9glise r\u00e9gionale, ont pass\u00e9 une journ\u00e9e \u00e0 peindre les murs du site. \u00ab\u00a0Des \u00e9v\u00e9nements comme les 10\u00a0jours de pri\u00e8re nous permettent de nous concentrer sur [ce type] d\u2019activit\u00e9, a dit Mark Wallace Ribeiro, pr\u00e9sident de la F\u00e9d\u00e9ration d\u2019Amazonas-Roraima. Ces initiatives sont des occasions, pour les pasteurs, d\u2019\u00eatre \u00e0 la hauteur de la vie de service que J\u00e9sus nous a enseign\u00e9e.\u00a0\u00bb<\/p>\n<p>Tous ceux qui r\u00e9sident dans le refuge ont re\u00e7u une Bible, une trousse d\u2019\u00e9tudes bibliques, des accessoires de toilette, une trousse de nettoyage et un panier contenant d\u2019autres articles de base. \u00ab\u00a0Ils ont besoin de plus que des articles, a dit Janete Oliveira, coordonnatrice de l\u2019activit\u00e9. Ils ont besoin de conna\u00eetre Dieu afin de pouvoir r\u00eaver \u00e0 nouveau; ils ont besoin d\u2019une raison de continuer \u00e0 vivre et de chercher une nouvelle vie.\u00a0\u00bb<\/p>\n<p><em>La <a href=\"https:\/\/noticias.adventistas.org\/pt\/noticia\/projetos-sociais\/acoes-solidarias-impactam-abrigo-de-imigrantes-venezuelanos-em-manaus\/\">version originale<\/a> de cet article a \u00e9t\u00e9 publi\u00e9e sur le <a href=\"https:\/\/noticias.adventistas.org\/pt\/\">site d\u2019actualit\u00e9s<\/a> en portugais de la Division sud-am\u00e9ricaine.<\/em><\/p>\n<p>Traduction\u00a0: Marie-Mich\u00e8le Robitaille<\/p>\n","protected":false},"excerpt":{"rendered":"<p>Les r\u00e9sidents recueillent des dons afin d\u2019am\u00e9liorer les conditions de vie des nouveaux arrivants. Le 7 mars 2022 | Jackeline Farah pour la Division sud-am\u00e9ricaine et Adventist Review Selon un&#8230;<\/p>\n","protected":false},"author":3,"featured_media":82192,"comment_status":"closed","ping_status":"closed","sticky":false,"template":"","format":"standard","meta":{"_acf_changed":false,"footnotes":""},"categories":[18,19],"tags":[],"class_list":["post-82252","post","type-post","status-publish","format-standard","has-post-thumbnail","hentry","category-nouvelles-de-leglise-mondiale","category-rss-francais"],"acf":[],"yoast_head":"<!-- This site is optimized with the Yoast SEO plugin v27.3 - https:\/\/yoast.com\/product\/yoast-seo-wordpress\/ -->\n<title>Au Br\u00e9sil, des b\u00e9n\u00e9voles tentent d\u2019am\u00e9liorer la vie d\u2019immigrants v\u00e9n\u00e9zu\u00e9liens - \u00c9glise Adventiste Du Septieme Jour - Inter Am\u00e9rique Division<\/title>\n<meta name=\"robots\" content=\"index, follow, max-snippet:-1, max-image-preview:large, max-video-preview:-1\" \/>\n<link rel=\"canonical\" href=\"https:\/\/interamerica.org\/fr\/2022\/03\/au-bresil-des-benevoles-tentent-dameliorer-la-vie-dimmigrants-venezueliens\/\" \/>\n<meta property=\"og:locale\" content=\"fr_FR\" \/>\n<meta property=\"og:type\" content=\"article\" \/>\n<meta property=\"og:title\" content=\"Au Br\u00e9sil, des b\u00e9n\u00e9voles tentent d\u2019am\u00e9liorer la vie d\u2019immigrants v\u00e9n\u00e9zu\u00e9liens - \u00c9glise Adventiste Du Septieme Jour - Inter Am\u00e9rique Division\" \/>\n<meta property=\"og:description\" content=\"Les r\u00e9sidents recueillent des dons afin d\u2019am\u00e9liorer les conditions de vie des nouveaux arrivants. Le 7 mars 2022 | Jackeline Farah pour la Division sud-am\u00e9ricaine et Adventist Review Selon un...\" \/>\n<meta property=\"og:url\" content=\"https:\/\/interamerica.org\/fr\/2022\/03\/au-bresil-des-benevoles-tentent-dameliorer-la-vie-dimmigrants-venezueliens\/\" \/>\n<meta property=\"og:site_name\" content=\"\u00c9glise Adventiste Du Septieme Jour - Inter Am\u00e9rique Division\" \/>\n<meta property=\"article:published_time\" content=\"2022-03-07T15:56:27+00:00\" \/>\n<meta property=\"article:modified_time\" content=\"2022-03-08T02:08:12+00:00\" \/>\n<meta property=\"og:image\" content=\"https:\/\/interamerica.org\/wp-content\/uploads\/2022\/03\/in-brazil-volunteers-work-to-improve-the-lives-of-venezuelan-immigrants1.png\" \/>\n\t<meta property=\"og:image:width\" content=\"1000\" \/>\n\t<meta property=\"og:image:height\" content=\"500\" \/>\n\t<meta property=\"og:image:type\" content=\"image\/png\" \/>\n<meta name=\"author\" content=\"libna\" \/>\n<meta name=\"twitter:card\" content=\"summary_large_image\" \/>\n<meta name=\"twitter:label1\" content=\"\u00c9crit par\" \/>\n\t<meta name=\"twitter:data1\" content=\"libna\" \/>\n\t<meta name=\"twitter:label2\" content=\"Dur\u00e9e de lecture estim\u00e9e\" \/>\n\t<meta name=\"twitter:data2\" content=\"4 minutes\" \/>\n<script type=\"application\/ld+json\" class=\"yoast-schema-graph\">{\"@context\":\"https:\\\/\\\/schema.org\",\"@graph\":[{\"@type\":\"Article\",\"@id\":\"https:\\\/\\\/interamerica.org\\\/fr\\\/2022\\\/03\\\/au-bresil-des-benevoles-tentent-dameliorer-la-vie-dimmigrants-venezueliens\\\/#article\",\"isPartOf\":{\"@id\":\"https:\\\/\\\/interamerica.org\\\/fr\\\/2022\\\/03\\\/au-bresil-des-benevoles-tentent-dameliorer-la-vie-dimmigrants-venezueliens\\\/\"},\"author\":{\"name\":\"libna\",\"@id\":\"https:\\\/\\\/interamerica.org\\\/fr\\\/#\\\/schema\\\/person\\\/29998f2bc2d8bd0d38662909289b54f1\"},\"headline\":\"Au Br\u00e9sil, des b\u00e9n\u00e9voles tentent d\u2019am\u00e9liorer la vie d\u2019immigrants v\u00e9n\u00e9zu\u00e9liens\",\"datePublished\":\"2022-03-07T15:56:27+00:00\",\"dateModified\":\"2022-03-08T02:08:12+00:00\",\"mainEntityOfPage\":{\"@id\":\"https:\\\/\\\/interamerica.org\\\/fr\\\/2022\\\/03\\\/au-bresil-des-benevoles-tentent-dameliorer-la-vie-dimmigrants-venezueliens\\\/\"},\"wordCount\":765,\"image\":{\"@id\":\"https:\\\/\\\/interamerica.org\\\/fr\\\/2022\\\/03\\\/au-bresil-des-benevoles-tentent-dameliorer-la-vie-dimmigrants-venezueliens\\\/#primaryimage\"},\"thumbnailUrl\":\"https:\\\/\\\/interamerica.org\\\/wp-content\\\/uploads\\\/2022\\\/03\\\/in-brazil-volunteers-work-to-improve-the-lives-of-venezuelan-immigrants1.png\",\"articleSection\":[\"Nouvelles de l'\u00c9glise mondiale\",\"RSS Fran\u00e7ais\"],\"inLanguage\":\"fr-FR\"},{\"@type\":\"WebPage\",\"@id\":\"https:\\\/\\\/interamerica.org\\\/fr\\\/2022\\\/03\\\/au-bresil-des-benevoles-tentent-dameliorer-la-vie-dimmigrants-venezueliens\\\/\",\"url\":\"https:\\\/\\\/interamerica.org\\\/fr\\\/2022\\\/03\\\/au-bresil-des-benevoles-tentent-dameliorer-la-vie-dimmigrants-venezueliens\\\/\",\"name\":\"Au Br\u00e9sil, des b\u00e9n\u00e9voles tentent d\u2019am\u00e9liorer la vie d\u2019immigrants v\u00e9n\u00e9zu\u00e9liens - \u00c9glise Adventiste Du Septieme Jour - Inter Am\u00e9rique Division\",\"isPartOf\":{\"@id\":\"https:\\\/\\\/interamerica.org\\\/fr\\\/#website\"},\"primaryImageOfPage\":{\"@id\":\"https:\\\/\\\/interamerica.org\\\/fr\\\/2022\\\/03\\\/au-bresil-des-benevoles-tentent-dameliorer-la-vie-dimmigrants-venezueliens\\\/#primaryimage\"},\"image\":{\"@id\":\"https:\\\/\\\/interamerica.org\\\/fr\\\/2022\\\/03\\\/au-bresil-des-benevoles-tentent-dameliorer-la-vie-dimmigrants-venezueliens\\\/#primaryimage\"},\"thumbnailUrl\":\"https:\\\/\\\/interamerica.org\\\/wp-content\\\/uploads\\\/2022\\\/03\\\/in-brazil-volunteers-work-to-improve-the-lives-of-venezuelan-immigrants1.png\",\"datePublished\":\"2022-03-07T15:56:27+00:00\",\"dateModified\":\"2022-03-08T02:08:12+00:00\",\"author\":{\"@id\":\"https:\\\/\\\/interamerica.org\\\/fr\\\/#\\\/schema\\\/person\\\/29998f2bc2d8bd0d38662909289b54f1\"},\"breadcrumb\":{\"@id\":\"https:\\\/\\\/interamerica.org\\\/fr\\\/2022\\\/03\\\/au-bresil-des-benevoles-tentent-dameliorer-la-vie-dimmigrants-venezueliens\\\/#breadcrumb\"},\"inLanguage\":\"fr-FR\",\"potentialAction\":[{\"@type\":\"ReadAction\",\"target\":[\"https:\\\/\\\/interamerica.org\\\/fr\\\/2022\\\/03\\\/au-bresil-des-benevoles-tentent-dameliorer-la-vie-dimmigrants-venezueliens\\\/\"]}]},{\"@type\":\"ImageObject\",\"inLanguage\":\"fr-FR\",\"@id\":\"https:\\\/\\\/interamerica.org\\\/fr\\\/2022\\\/03\\\/au-bresil-des-benevoles-tentent-dameliorer-la-vie-dimmigrants-venezueliens\\\/#primaryimage\",\"url\":\"https:\\\/\\\/interamerica.org\\\/wp-content\\\/uploads\\\/2022\\\/03\\\/in-brazil-volunteers-work-to-improve-the-lives-of-venezuelan-immigrants1.png\",\"contentUrl\":\"https:\\\/\\\/interamerica.org\\\/wp-content\\\/uploads\\\/2022\\\/03\\\/in-brazil-volunteers-work-to-improve-the-lives-of-venezuelan-immigrants1.png\",\"width\":1000,\"height\":500},{\"@type\":\"BreadcrumbList\",\"@id\":\"https:\\\/\\\/interamerica.org\\\/fr\\\/2022\\\/03\\\/au-bresil-des-benevoles-tentent-dameliorer-la-vie-dimmigrants-venezueliens\\\/#breadcrumb\",\"itemListElement\":[{\"@type\":\"ListItem\",\"position\":1,\"name\":\"Home\",\"item\":\"https:\\\/\\\/interamerica.org\\\/fr\\\/\"},{\"@type\":\"ListItem\",\"position\":2,\"name\":\"Au Br\u00e9sil, des b\u00e9n\u00e9voles tentent d\u2019am\u00e9liorer la vie d\u2019immigrants v\u00e9n\u00e9zu\u00e9liens\"}]},{\"@type\":\"WebSite\",\"@id\":\"https:\\\/\\\/interamerica.org\\\/fr\\\/#website\",\"url\":\"https:\\\/\\\/interamerica.org\\\/fr\\\/\",\"name\":\"\u00c9glise Adventiste Du Septieme Jour - Inter Am\u00e9rique Division\",\"description\":\"\",\"potentialAction\":[{\"@type\":\"SearchAction\",\"target\":{\"@type\":\"EntryPoint\",\"urlTemplate\":\"https:\\\/\\\/interamerica.org\\\/fr\\\/?s={search_term_string}\"},\"query-input\":{\"@type\":\"PropertyValueSpecification\",\"valueRequired\":true,\"valueName\":\"search_term_string\"}}],\"inLanguage\":\"fr-FR\"},{\"@type\":\"Person\",\"@id\":\"https:\\\/\\\/interamerica.org\\\/fr\\\/#\\\/schema\\\/person\\\/29998f2bc2d8bd0d38662909289b54f1\",\"name\":\"libna\",\"image\":{\"@type\":\"ImageObject\",\"inLanguage\":\"fr-FR\",\"@id\":\"https:\\\/\\\/secure.gravatar.com\\\/avatar\\\/7c5bd30ae4b47a9ba3c856590957fd1d96dc588bf3ac05719d247e126840331f?s=96&d=mm&r=g\",\"url\":\"https:\\\/\\\/secure.gravatar.com\\\/avatar\\\/7c5bd30ae4b47a9ba3c856590957fd1d96dc588bf3ac05719d247e126840331f?s=96&d=mm&r=g\",\"contentUrl\":\"https:\\\/\\\/secure.gravatar.com\\\/avatar\\\/7c5bd30ae4b47a9ba3c856590957fd1d96dc588bf3ac05719d247e126840331f?s=96&d=mm&r=g\",\"caption\":\"libna\"}}]}<\/script>\n<!-- \/ Yoast SEO plugin. -->","yoast_head_json":{"title":"Au Br\u00e9sil, des b\u00e9n\u00e9voles tentent d\u2019am\u00e9liorer la vie d\u2019immigrants v\u00e9n\u00e9zu\u00e9liens - \u00c9glise Adventiste Du Septieme Jour - Inter Am\u00e9rique Division","robots":{"index":"index","follow":"follow","max-snippet":"max-snippet:-1","max-image-preview":"max-image-preview:large","max-video-preview":"max-video-preview:-1"},"canonical":"https:\/\/interamerica.org\/fr\/2022\/03\/au-bresil-des-benevoles-tentent-dameliorer-la-vie-dimmigrants-venezueliens\/","og_locale":"fr_FR","og_type":"article","og_title":"Au Br\u00e9sil, des b\u00e9n\u00e9voles tentent d\u2019am\u00e9liorer la vie d\u2019immigrants v\u00e9n\u00e9zu\u00e9liens - \u00c9glise Adventiste Du Septieme Jour - Inter Am\u00e9rique Division","og_description":"Les r\u00e9sidents recueillent des dons afin d\u2019am\u00e9liorer les conditions de vie des nouveaux arrivants. Le 7 mars 2022 | Jackeline Farah pour la Division sud-am\u00e9ricaine et Adventist Review Selon un...","og_url":"https:\/\/interamerica.org\/fr\/2022\/03\/au-bresil-des-benevoles-tentent-dameliorer-la-vie-dimmigrants-venezueliens\/","og_site_name":"\u00c9glise Adventiste Du Septieme Jour - Inter Am\u00e9rique Division","article_published_time":"2022-03-07T15:56:27+00:00","article_modified_time":"2022-03-08T02:08:12+00:00","og_image":[{"width":1000,"height":500,"url":"https:\/\/interamerica.org\/wp-content\/uploads\/2022\/03\/in-brazil-volunteers-work-to-improve-the-lives-of-venezuelan-immigrants1.png","type":"image\/png"}],"author":"libna","twitter_card":"summary_large_image","twitter_misc":{"\u00c9crit par":"libna","Dur\u00e9e de lecture estim\u00e9e":"4 minutes"},"schema":{"@context":"https:\/\/schema.org","@graph":[{"@type":"Article","@id":"https:\/\/interamerica.org\/fr\/2022\/03\/au-bresil-des-benevoles-tentent-dameliorer-la-vie-dimmigrants-venezueliens\/#article","isPartOf":{"@id":"https:\/\/interamerica.org\/fr\/2022\/03\/au-bresil-des-benevoles-tentent-dameliorer-la-vie-dimmigrants-venezueliens\/"},"author":{"name":"libna","@id":"https:\/\/interamerica.org\/fr\/#\/schema\/person\/29998f2bc2d8bd0d38662909289b54f1"},"headline":"Au Br\u00e9sil, des b\u00e9n\u00e9voles tentent d\u2019am\u00e9liorer la vie d\u2019immigrants v\u00e9n\u00e9zu\u00e9liens","datePublished":"2022-03-07T15:56:27+00:00","dateModified":"2022-03-08T02:08:12+00:00","mainEntityOfPage":{"@id":"https:\/\/interamerica.org\/fr\/2022\/03\/au-bresil-des-benevoles-tentent-dameliorer-la-vie-dimmigrants-venezueliens\/"},"wordCount":765,"image":{"@id":"https:\/\/interamerica.org\/fr\/2022\/03\/au-bresil-des-benevoles-tentent-dameliorer-la-vie-dimmigrants-venezueliens\/#primaryimage"},"thumbnailUrl":"https:\/\/interamerica.org\/wp-content\/uploads\/2022\/03\/in-brazil-volunteers-work-to-improve-the-lives-of-venezuelan-immigrants1.png","articleSection":["Nouvelles de l'\u00c9glise mondiale","RSS Fran\u00e7ais"],"inLanguage":"fr-FR"},{"@type":"WebPage","@id":"https:\/\/interamerica.org\/fr\/2022\/03\/au-bresil-des-benevoles-tentent-dameliorer-la-vie-dimmigrants-venezueliens\/","url":"https:\/\/interamerica.org\/fr\/2022\/03\/au-bresil-des-benevoles-tentent-dameliorer-la-vie-dimmigrants-venezueliens\/","name":"Au Br\u00e9sil, des b\u00e9n\u00e9voles tentent d\u2019am\u00e9liorer la vie d\u2019immigrants v\u00e9n\u00e9zu\u00e9liens - \u00c9glise Adventiste Du Septieme Jour - Inter Am\u00e9rique Division","isPartOf":{"@id":"https:\/\/interamerica.org\/fr\/#website"},"primaryImageOfPage":{"@id":"https:\/\/interamerica.org\/fr\/2022\/03\/au-bresil-des-benevoles-tentent-dameliorer-la-vie-dimmigrants-venezueliens\/#primaryimage"},"image":{"@id":"https:\/\/interamerica.org\/fr\/2022\/03\/au-bresil-des-benevoles-tentent-dameliorer-la-vie-dimmigrants-venezueliens\/#primaryimage"},"thumbnailUrl":"https:\/\/interamerica.org\/wp-content\/uploads\/2022\/03\/in-brazil-volunteers-work-to-improve-the-lives-of-venezuelan-immigrants1.png","datePublished":"2022-03-07T15:56:27+00:00","dateModified":"2022-03-08T02:08:12+00:00","author":{"@id":"https:\/\/interamerica.org\/fr\/#\/schema\/person\/29998f2bc2d8bd0d38662909289b54f1"},"breadcrumb":{"@id":"https:\/\/interamerica.org\/fr\/2022\/03\/au-bresil-des-benevoles-tentent-dameliorer-la-vie-dimmigrants-venezueliens\/#breadcrumb"},"inLanguage":"fr-FR","potentialAction":[{"@type":"ReadAction","target":["https:\/\/interamerica.org\/fr\/2022\/03\/au-bresil-des-benevoles-tentent-dameliorer-la-vie-dimmigrants-venezueliens\/"]}]},{"@type":"ImageObject","inLanguage":"fr-FR","@id":"https:\/\/interamerica.org\/fr\/2022\/03\/au-bresil-des-benevoles-tentent-dameliorer-la-vie-dimmigrants-venezueliens\/#primaryimage","url":"https:\/\/interamerica.org\/wp-content\/uploads\/2022\/03\/in-brazil-volunteers-work-to-improve-the-lives-of-venezuelan-immigrants1.png","contentUrl":"https:\/\/interamerica.org\/wp-content\/uploads\/2022\/03\/in-brazil-volunteers-work-to-improve-the-lives-of-venezuelan-immigrants1.png","width":1000,"height":500},{"@type":"BreadcrumbList","@id":"https:\/\/interamerica.org\/fr\/2022\/03\/au-bresil-des-benevoles-tentent-dameliorer-la-vie-dimmigrants-venezueliens\/#breadcrumb","itemListElement":[{"@type":"ListItem","position":1,"name":"Home","item":"https:\/\/interamerica.org\/fr\/"},{"@type":"ListItem","position":2,"name":"Au Br\u00e9sil, des b\u00e9n\u00e9voles tentent d\u2019am\u00e9liorer la vie d\u2019immigrants v\u00e9n\u00e9zu\u00e9liens"}]},{"@type":"WebSite","@id":"https:\/\/interamerica.org\/fr\/#website","url":"https:\/\/interamerica.org\/fr\/","name":"\u00c9glise Adventiste Du Septieme Jour - Inter Am\u00e9rique Division","description":"","potentialAction":[{"@type":"SearchAction","target":{"@type":"EntryPoint","urlTemplate":"https:\/\/interamerica.org\/fr\/?s={search_term_string}"},"query-input":{"@type":"PropertyValueSpecification","valueRequired":true,"valueName":"search_term_string"}}],"inLanguage":"fr-FR"},{"@type":"Person","@id":"https:\/\/interamerica.org\/fr\/#\/schema\/person\/29998f2bc2d8bd0d38662909289b54f1","name":"libna","image":{"@type":"ImageObject","inLanguage":"fr-FR","@id":"https:\/\/secure.gravatar.com\/avatar\/7c5bd30ae4b47a9ba3c856590957fd1d96dc588bf3ac05719d247e126840331f?s=96&d=mm&r=g","url":"https:\/\/secure.gravatar.com\/avatar\/7c5bd30ae4b47a9ba3c856590957fd1d96dc588bf3ac05719d247e126840331f?s=96&d=mm&r=g","contentUrl":"https:\/\/secure.gravatar.com\/avatar\/7c5bd30ae4b47a9ba3c856590957fd1d96dc588bf3ac05719d247e126840331f?s=96&d=mm&r=g","caption":"libna"}}]}},"_links":{"self":[{"href":"https:\/\/interamerica.org\/fr\/wp-json\/wp\/v2\/posts\/82252","targetHints":{"allow":["GET"]}}],"collection":[{"href":"https:\/\/interamerica.org\/fr\/wp-json\/wp\/v2\/posts"}],"about":[{"href":"https:\/\/interamerica.org\/fr\/wp-json\/wp\/v2\/types\/post"}],"author":[{"embeddable":true,"href":"https:\/\/interamerica.org\/fr\/wp-json\/wp\/v2\/users\/3"}],"replies":[{"embeddable":true,"href":"https:\/\/interamerica.org\/fr\/wp-json\/wp\/v2\/comments?post=82252"}],"version-history":[{"count":0,"href":"https:\/\/interamerica.org\/fr\/wp-json\/wp\/v2\/posts\/82252\/revisions"}],"wp:featuredmedia":[{"embeddable":true,"href":"https:\/\/interamerica.org\/fr\/wp-json\/wp\/v2\/media\/82192"}],"wp:attachment":[{"href":"https:\/\/interamerica.org\/fr\/wp-json\/wp\/v2\/media?parent=82252"}],"wp:term":[{"taxonomy":"category","embeddable":true,"href":"https:\/\/interamerica.org\/fr\/wp-json\/wp\/v2\/categories?post=82252"},{"taxonomy":"post_tag","embeddable":true,"href":"https:\/\/interamerica.org\/fr\/wp-json\/wp\/v2\/tags?post=82252"}],"curies":[{"name":"wp","href":"https:\/\/api.w.org\/{rel}","templated":true}]}}