{"id":82253,"date":"2022-03-07T08:11:20","date_gmt":"2022-03-07T12:11:20","guid":{"rendered":"https:\/\/recursing-golick.147-182-135-0.plesk.page\/?p=82253"},"modified":"2022-03-07T22:07:33","modified_gmt":"2022-03-08T02:07:33","slug":"un-nouvel-appel-a-la-priere","status":"publish","type":"post","link":"https:\/\/interamerica.org\/fr\/2022\/03\/un-nouvel-appel-a-la-priere\/","title":{"rendered":"Un nouvel appel \u00e0 la pri\u00e8re"},"content":{"rendered":"<div class=\"u-width--100p u-spacing\">\n<p><strong>Ted N. C. Wilson, pr\u00e9sident de l\u2019\u00c9glise adventiste du septi\u00e8me jour mondiale, appelle tous les adventistes \u00e0 continuer de prier pour le conflit qui s\u00e9vit en Europe de l\u2019Est.<\/strong><\/p>\n<p>Le 4 mars 2022 | Silver Spring, Maryland, \u00c9tats-Unis |\u00a0Ted N. C. Wilson, pr\u00e9sident, Conf\u00e9rence g\u00e9n\u00e9rale des adventistes du septi\u00e8me jour<\/p>\n<\/div>\n<div class=\"c-block__meta\">\n<div>\n<p>Chers membres de l\u2019\u00c9glise adventiste du septi\u00e8me jour mondiale,<\/p>\n<p>Je renouvelle mon appel \u00e0 la pri\u00e8re sp\u00e9ciale pour nos membres d\u2019\u00e9glise et tous les r\u00e9sidents de l\u2019Ukraine, de la Russie et de l\u2019Europe de l\u2019Est ainsi que pour les Divisions eurasienne, intereurop\u00e9enne et transeurop\u00e9enne. Merci d\u2019avoir pri\u00e9 pour cette crise extr\u00eamement difficile qui se d\u00e9roule sous nos yeux. Veuillez prier de mani\u00e8re fervente pour les milliers de personnes affect\u00e9es. Demandez, s\u2019il vous pla\u00eet, \u00e0 Dieu d\u2019intervenir dans la crise afin que la paix l\u2019emporte.<\/p>\n<p>Veuillez prier pour le merveilleux travail que nos membres d\u2019\u00e9glise font pour aider les r\u00e9fugi\u00e9s en Pologne, en Slovaquie, en Hongrie, en Roumanie, en Moldavie et en Russie\u2026 en plus de l\u2019aide humanitaire extraordinaire en Ukraine. Gloire \u00e0 Dieu pour les efforts d\u2019ADRA International, d\u2019ADRA Europe et des bureaux d\u2019ADRA dans les diff\u00e9rents pays d\u2019Europe de l\u2019Est qui travaillent avec les membres et les dirigeants de notre \u00c9glise dans cette r\u00e9gion europ\u00e9enne. Nous remercions les Divisions eurasienne, intereurop\u00e9enne et transeurop\u00e9enne pour ce qu\u2019elles font afin de soulager la souffrance, suivant les traces de J\u00e9sus.<\/p>\n<p>Priez pour leurs efforts continus alors que la crise des r\u00e9fugi\u00e9s s\u2019intensifie de jour en jour. Que Dieu s\u2019approche de tous ceux qui sont affect\u00e9s par cette horrible crise. Reposons-nous sur Christ en tout temps et dans toutes les circonstances tandis que son retour approche \u00e0 grands pas.<\/p>\n<p>Les signes nous montrent que nous vivons les derniers jours de l\u2019histoire du monde. \u00ab\u00a0J\u00e9sus revient, mettons la main \u00e0 la p\u00e2te!\u00a0\u00bb<\/p>\n<p>&nbsp;<\/p>\n<p>Ted N. C. Wilson, pr\u00e9sident<br \/>\n\u00c9glise adventiste du septi\u00e8me jour mondiale<\/p>\n<\/div>\n<p>Traduction : Marie-Mich\u00e8le Robitaille<\/p>\n<\/div>\n","protected":false},"excerpt":{"rendered":"<p>Ted N. C. Wilson, pr\u00e9sident de l\u2019\u00c9glise adventiste du septi\u00e8me jour mondiale, appelle tous les adventistes \u00e0 continuer de prier pour le conflit qui s\u00e9vit en Europe de l\u2019Est. Le&#8230;<\/p>\n","protected":false},"author":3,"featured_media":82239,"comment_status":"closed","ping_status":"closed","sticky":false,"template":"","format":"standard","meta":{"_acf_changed":false,"footnotes":""},"categories":[18,19],"tags":[],"class_list":["post-82253","post","type-post","status-publish","format-standard","has-post-thumbnail","hentry","category-nouvelles-de-leglise-mondiale","category-rss-francais"],"acf":[],"yoast_head":"<!-- This site is optimized with the Yoast SEO plugin v27.3 - https:\/\/yoast.com\/product\/yoast-seo-wordpress\/ -->\n<title>Un nouvel appel \u00e0 la pri\u00e8re - \u00c9glise Adventiste Du Septieme Jour - Inter Am\u00e9rique Division<\/title>\n<meta name=\"robots\" content=\"index, follow, max-snippet:-1, max-image-preview:large, max-video-preview:-1\" \/>\n<link rel=\"canonical\" href=\"https:\/\/interamerica.org\/fr\/2022\/03\/un-nouvel-appel-a-la-priere\/\" \/>\n<meta property=\"og:locale\" content=\"fr_FR\" \/>\n<meta property=\"og:type\" content=\"article\" \/>\n<meta property=\"og:title\" content=\"Un nouvel appel \u00e0 la pri\u00e8re - \u00c9glise Adventiste Du Septieme Jour - Inter Am\u00e9rique Division\" \/>\n<meta property=\"og:description\" content=\"Ted N. C. Wilson, pr\u00e9sident de l\u2019\u00c9glise adventiste du septi\u00e8me jour mondiale, appelle tous les adventistes \u00e0 continuer de prier pour le conflit qui s\u00e9vit en Europe de l\u2019Est. Le...\" \/>\n<meta property=\"og:url\" content=\"https:\/\/interamerica.org\/fr\/2022\/03\/un-nouvel-appel-a-la-priere\/\" \/>\n<meta property=\"og:site_name\" content=\"\u00c9glise Adventiste Du Septieme Jour - Inter Am\u00e9rique Division\" \/>\n<meta property=\"article:published_time\" content=\"2022-03-07T12:11:20+00:00\" \/>\n<meta property=\"article:modified_time\" content=\"2022-03-08T02:07:33+00:00\" \/>\n<meta property=\"og:image\" content=\"https:\/\/interamerica.org\/wp-content\/uploads\/2022\/03\/patrick-fore-b-shpu5m3nk-unsplash-1280.jpg\" \/>\n\t<meta property=\"og:image:width\" content=\"1280\" \/>\n\t<meta property=\"og:image:height\" content=\"800\" \/>\n\t<meta property=\"og:image:type\" content=\"image\/jpeg\" \/>\n<meta name=\"author\" content=\"libna\" \/>\n<meta name=\"twitter:card\" content=\"summary_large_image\" \/>\n<meta name=\"twitter:label1\" content=\"\u00c9crit par\" \/>\n\t<meta name=\"twitter:data1\" content=\"libna\" \/>\n\t<meta name=\"twitter:label2\" content=\"Dur\u00e9e de lecture estim\u00e9e\" \/>\n\t<meta name=\"twitter:data2\" content=\"2 minutes\" \/>\n<script type=\"application\/ld+json\" class=\"yoast-schema-graph\">{\"@context\":\"https:\\\/\\\/schema.org\",\"@graph\":[{\"@type\":\"Article\",\"@id\":\"https:\\\/\\\/interamerica.org\\\/fr\\\/2022\\\/03\\\/un-nouvel-appel-a-la-priere\\\/#article\",\"isPartOf\":{\"@id\":\"https:\\\/\\\/interamerica.org\\\/fr\\\/2022\\\/03\\\/un-nouvel-appel-a-la-priere\\\/\"},\"author\":{\"name\":\"libna\",\"@id\":\"https:\\\/\\\/interamerica.org\\\/fr\\\/#\\\/schema\\\/person\\\/29998f2bc2d8bd0d38662909289b54f1\"},\"headline\":\"Un nouvel appel \u00e0 la pri\u00e8re\",\"datePublished\":\"2022-03-07T12:11:20+00:00\",\"dateModified\":\"2022-03-08T02:07:33+00:00\",\"mainEntityOfPage\":{\"@id\":\"https:\\\/\\\/interamerica.org\\\/fr\\\/2022\\\/03\\\/un-nouvel-appel-a-la-priere\\\/\"},\"wordCount\":367,\"image\":{\"@id\":\"https:\\\/\\\/interamerica.org\\\/fr\\\/2022\\\/03\\\/un-nouvel-appel-a-la-priere\\\/#primaryimage\"},\"thumbnailUrl\":\"https:\\\/\\\/interamerica.org\\\/wp-content\\\/uploads\\\/2022\\\/03\\\/patrick-fore-b-shpu5m3nk-unsplash-1280.jpg\",\"articleSection\":[\"Nouvelles de l'\u00c9glise mondiale\",\"RSS Fran\u00e7ais\"],\"inLanguage\":\"fr-FR\"},{\"@type\":\"WebPage\",\"@id\":\"https:\\\/\\\/interamerica.org\\\/fr\\\/2022\\\/03\\\/un-nouvel-appel-a-la-priere\\\/\",\"url\":\"https:\\\/\\\/interamerica.org\\\/fr\\\/2022\\\/03\\\/un-nouvel-appel-a-la-priere\\\/\",\"name\":\"Un nouvel appel \u00e0 la pri\u00e8re - \u00c9glise Adventiste Du Septieme Jour - Inter Am\u00e9rique Division\",\"isPartOf\":{\"@id\":\"https:\\\/\\\/interamerica.org\\\/fr\\\/#website\"},\"primaryImageOfPage\":{\"@id\":\"https:\\\/\\\/interamerica.org\\\/fr\\\/2022\\\/03\\\/un-nouvel-appel-a-la-priere\\\/#primaryimage\"},\"image\":{\"@id\":\"https:\\\/\\\/interamerica.org\\\/fr\\\/2022\\\/03\\\/un-nouvel-appel-a-la-priere\\\/#primaryimage\"},\"thumbnailUrl\":\"https:\\\/\\\/interamerica.org\\\/wp-content\\\/uploads\\\/2022\\\/03\\\/patrick-fore-b-shpu5m3nk-unsplash-1280.jpg\",\"datePublished\":\"2022-03-07T12:11:20+00:00\",\"dateModified\":\"2022-03-08T02:07:33+00:00\",\"author\":{\"@id\":\"https:\\\/\\\/interamerica.org\\\/fr\\\/#\\\/schema\\\/person\\\/29998f2bc2d8bd0d38662909289b54f1\"},\"breadcrumb\":{\"@id\":\"https:\\\/\\\/interamerica.org\\\/fr\\\/2022\\\/03\\\/un-nouvel-appel-a-la-priere\\\/#breadcrumb\"},\"inLanguage\":\"fr-FR\",\"potentialAction\":[{\"@type\":\"ReadAction\",\"target\":[\"https:\\\/\\\/interamerica.org\\\/fr\\\/2022\\\/03\\\/un-nouvel-appel-a-la-priere\\\/\"]}]},{\"@type\":\"ImageObject\",\"inLanguage\":\"fr-FR\",\"@id\":\"https:\\\/\\\/interamerica.org\\\/fr\\\/2022\\\/03\\\/un-nouvel-appel-a-la-priere\\\/#primaryimage\",\"url\":\"https:\\\/\\\/interamerica.org\\\/wp-content\\\/uploads\\\/2022\\\/03\\\/patrick-fore-b-shpu5m3nk-unsplash-1280.jpg\",\"contentUrl\":\"https:\\\/\\\/interamerica.org\\\/wp-content\\\/uploads\\\/2022\\\/03\\\/patrick-fore-b-shpu5m3nk-unsplash-1280.jpg\",\"width\":1280,\"height\":800,\"caption\":\"[Une photo de Patrick Fore\\\/Unsplash.]\"},{\"@type\":\"BreadcrumbList\",\"@id\":\"https:\\\/\\\/interamerica.org\\\/fr\\\/2022\\\/03\\\/un-nouvel-appel-a-la-priere\\\/#breadcrumb\",\"itemListElement\":[{\"@type\":\"ListItem\",\"position\":1,\"name\":\"Home\",\"item\":\"https:\\\/\\\/interamerica.org\\\/fr\\\/\"},{\"@type\":\"ListItem\",\"position\":2,\"name\":\"Un nouvel appel \u00e0 la pri\u00e8re\"}]},{\"@type\":\"WebSite\",\"@id\":\"https:\\\/\\\/interamerica.org\\\/fr\\\/#website\",\"url\":\"https:\\\/\\\/interamerica.org\\\/fr\\\/\",\"name\":\"\u00c9glise Adventiste Du Septieme Jour - Inter Am\u00e9rique Division\",\"description\":\"\",\"potentialAction\":[{\"@type\":\"SearchAction\",\"target\":{\"@type\":\"EntryPoint\",\"urlTemplate\":\"https:\\\/\\\/interamerica.org\\\/fr\\\/?s={search_term_string}\"},\"query-input\":{\"@type\":\"PropertyValueSpecification\",\"valueRequired\":true,\"valueName\":\"search_term_string\"}}],\"inLanguage\":\"fr-FR\"},{\"@type\":\"Person\",\"@id\":\"https:\\\/\\\/interamerica.org\\\/fr\\\/#\\\/schema\\\/person\\\/29998f2bc2d8bd0d38662909289b54f1\",\"name\":\"libna\",\"image\":{\"@type\":\"ImageObject\",\"inLanguage\":\"fr-FR\",\"@id\":\"https:\\\/\\\/secure.gravatar.com\\\/avatar\\\/7c5bd30ae4b47a9ba3c856590957fd1d96dc588bf3ac05719d247e126840331f?s=96&d=mm&r=g\",\"url\":\"https:\\\/\\\/secure.gravatar.com\\\/avatar\\\/7c5bd30ae4b47a9ba3c856590957fd1d96dc588bf3ac05719d247e126840331f?s=96&d=mm&r=g\",\"contentUrl\":\"https:\\\/\\\/secure.gravatar.com\\\/avatar\\\/7c5bd30ae4b47a9ba3c856590957fd1d96dc588bf3ac05719d247e126840331f?s=96&d=mm&r=g\",\"caption\":\"libna\"}}]}<\/script>\n<!-- \/ Yoast SEO plugin. -->","yoast_head_json":{"title":"Un nouvel appel \u00e0 la pri\u00e8re - \u00c9glise Adventiste Du Septieme Jour - Inter Am\u00e9rique Division","robots":{"index":"index","follow":"follow","max-snippet":"max-snippet:-1","max-image-preview":"max-image-preview:large","max-video-preview":"max-video-preview:-1"},"canonical":"https:\/\/interamerica.org\/fr\/2022\/03\/un-nouvel-appel-a-la-priere\/","og_locale":"fr_FR","og_type":"article","og_title":"Un nouvel appel \u00e0 la pri\u00e8re - \u00c9glise Adventiste Du Septieme Jour - Inter Am\u00e9rique Division","og_description":"Ted N. C. Wilson, pr\u00e9sident de l\u2019\u00c9glise adventiste du septi\u00e8me jour mondiale, appelle tous les adventistes \u00e0 continuer de prier pour le conflit qui s\u00e9vit en Europe de l\u2019Est. Le...","og_url":"https:\/\/interamerica.org\/fr\/2022\/03\/un-nouvel-appel-a-la-priere\/","og_site_name":"\u00c9glise Adventiste Du Septieme Jour - Inter Am\u00e9rique Division","article_published_time":"2022-03-07T12:11:20+00:00","article_modified_time":"2022-03-08T02:07:33+00:00","og_image":[{"width":1280,"height":800,"url":"https:\/\/interamerica.org\/wp-content\/uploads\/2022\/03\/patrick-fore-b-shpu5m3nk-unsplash-1280.jpg","type":"image\/jpeg"}],"author":"libna","twitter_card":"summary_large_image","twitter_misc":{"\u00c9crit par":"libna","Dur\u00e9e de lecture estim\u00e9e":"2 minutes"},"schema":{"@context":"https:\/\/schema.org","@graph":[{"@type":"Article","@id":"https:\/\/interamerica.org\/fr\/2022\/03\/un-nouvel-appel-a-la-priere\/#article","isPartOf":{"@id":"https:\/\/interamerica.org\/fr\/2022\/03\/un-nouvel-appel-a-la-priere\/"},"author":{"name":"libna","@id":"https:\/\/interamerica.org\/fr\/#\/schema\/person\/29998f2bc2d8bd0d38662909289b54f1"},"headline":"Un nouvel appel \u00e0 la pri\u00e8re","datePublished":"2022-03-07T12:11:20+00:00","dateModified":"2022-03-08T02:07:33+00:00","mainEntityOfPage":{"@id":"https:\/\/interamerica.org\/fr\/2022\/03\/un-nouvel-appel-a-la-priere\/"},"wordCount":367,"image":{"@id":"https:\/\/interamerica.org\/fr\/2022\/03\/un-nouvel-appel-a-la-priere\/#primaryimage"},"thumbnailUrl":"https:\/\/interamerica.org\/wp-content\/uploads\/2022\/03\/patrick-fore-b-shpu5m3nk-unsplash-1280.jpg","articleSection":["Nouvelles de l'\u00c9glise mondiale","RSS Fran\u00e7ais"],"inLanguage":"fr-FR"},{"@type":"WebPage","@id":"https:\/\/interamerica.org\/fr\/2022\/03\/un-nouvel-appel-a-la-priere\/","url":"https:\/\/interamerica.org\/fr\/2022\/03\/un-nouvel-appel-a-la-priere\/","name":"Un nouvel appel \u00e0 la pri\u00e8re - \u00c9glise Adventiste Du Septieme Jour - Inter Am\u00e9rique Division","isPartOf":{"@id":"https:\/\/interamerica.org\/fr\/#website"},"primaryImageOfPage":{"@id":"https:\/\/interamerica.org\/fr\/2022\/03\/un-nouvel-appel-a-la-priere\/#primaryimage"},"image":{"@id":"https:\/\/interamerica.org\/fr\/2022\/03\/un-nouvel-appel-a-la-priere\/#primaryimage"},"thumbnailUrl":"https:\/\/interamerica.org\/wp-content\/uploads\/2022\/03\/patrick-fore-b-shpu5m3nk-unsplash-1280.jpg","datePublished":"2022-03-07T12:11:20+00:00","dateModified":"2022-03-08T02:07:33+00:00","author":{"@id":"https:\/\/interamerica.org\/fr\/#\/schema\/person\/29998f2bc2d8bd0d38662909289b54f1"},"breadcrumb":{"@id":"https:\/\/interamerica.org\/fr\/2022\/03\/un-nouvel-appel-a-la-priere\/#breadcrumb"},"inLanguage":"fr-FR","potentialAction":[{"@type":"ReadAction","target":["https:\/\/interamerica.org\/fr\/2022\/03\/un-nouvel-appel-a-la-priere\/"]}]},{"@type":"ImageObject","inLanguage":"fr-FR","@id":"https:\/\/interamerica.org\/fr\/2022\/03\/un-nouvel-appel-a-la-priere\/#primaryimage","url":"https:\/\/interamerica.org\/wp-content\/uploads\/2022\/03\/patrick-fore-b-shpu5m3nk-unsplash-1280.jpg","contentUrl":"https:\/\/interamerica.org\/wp-content\/uploads\/2022\/03\/patrick-fore-b-shpu5m3nk-unsplash-1280.jpg","width":1280,"height":800,"caption":"[Une photo de Patrick Fore\/Unsplash.]"},{"@type":"BreadcrumbList","@id":"https:\/\/interamerica.org\/fr\/2022\/03\/un-nouvel-appel-a-la-priere\/#breadcrumb","itemListElement":[{"@type":"ListItem","position":1,"name":"Home","item":"https:\/\/interamerica.org\/fr\/"},{"@type":"ListItem","position":2,"name":"Un nouvel appel \u00e0 la pri\u00e8re"}]},{"@type":"WebSite","@id":"https:\/\/interamerica.org\/fr\/#website","url":"https:\/\/interamerica.org\/fr\/","name":"\u00c9glise Adventiste Du Septieme Jour - Inter Am\u00e9rique Division","description":"","potentialAction":[{"@type":"SearchAction","target":{"@type":"EntryPoint","urlTemplate":"https:\/\/interamerica.org\/fr\/?s={search_term_string}"},"query-input":{"@type":"PropertyValueSpecification","valueRequired":true,"valueName":"search_term_string"}}],"inLanguage":"fr-FR"},{"@type":"Person","@id":"https:\/\/interamerica.org\/fr\/#\/schema\/person\/29998f2bc2d8bd0d38662909289b54f1","name":"libna","image":{"@type":"ImageObject","inLanguage":"fr-FR","@id":"https:\/\/secure.gravatar.com\/avatar\/7c5bd30ae4b47a9ba3c856590957fd1d96dc588bf3ac05719d247e126840331f?s=96&d=mm&r=g","url":"https:\/\/secure.gravatar.com\/avatar\/7c5bd30ae4b47a9ba3c856590957fd1d96dc588bf3ac05719d247e126840331f?s=96&d=mm&r=g","contentUrl":"https:\/\/secure.gravatar.com\/avatar\/7c5bd30ae4b47a9ba3c856590957fd1d96dc588bf3ac05719d247e126840331f?s=96&d=mm&r=g","caption":"libna"}}]}},"_links":{"self":[{"href":"https:\/\/interamerica.org\/fr\/wp-json\/wp\/v2\/posts\/82253","targetHints":{"allow":["GET"]}}],"collection":[{"href":"https:\/\/interamerica.org\/fr\/wp-json\/wp\/v2\/posts"}],"about":[{"href":"https:\/\/interamerica.org\/fr\/wp-json\/wp\/v2\/types\/post"}],"author":[{"embeddable":true,"href":"https:\/\/interamerica.org\/fr\/wp-json\/wp\/v2\/users\/3"}],"replies":[{"embeddable":true,"href":"https:\/\/interamerica.org\/fr\/wp-json\/wp\/v2\/comments?post=82253"}],"version-history":[{"count":0,"href":"https:\/\/interamerica.org\/fr\/wp-json\/wp\/v2\/posts\/82253\/revisions"}],"wp:featuredmedia":[{"embeddable":true,"href":"https:\/\/interamerica.org\/fr\/wp-json\/wp\/v2\/media\/82239"}],"wp:attachment":[{"href":"https:\/\/interamerica.org\/fr\/wp-json\/wp\/v2\/media?parent=82253"}],"wp:term":[{"taxonomy":"category","embeddable":true,"href":"https:\/\/interamerica.org\/fr\/wp-json\/wp\/v2\/categories?post=82253"},{"taxonomy":"post_tag","embeddable":true,"href":"https:\/\/interamerica.org\/fr\/wp-json\/wp\/v2\/tags?post=82253"}],"curies":[{"name":"wp","href":"https:\/\/api.w.org\/{rel}","templated":true}]}}