{"id":82316,"date":"2022-03-08T17:00:21","date_gmt":"2022-03-08T21:00:21","guid":{"rendered":"https:\/\/recursing-golick.147-182-135-0.plesk.page\/?p=82316"},"modified":"2022-03-09T14:40:47","modified_gmt":"2022-03-09T18:40:47","slug":"les-eleves-dune-ecole-adventiste-de-tortola-ont-un-impact-sur-leur-communaute-grace-a-des-cours-dagriculture","status":"publish","type":"post","link":"https:\/\/interamerica.org\/fr\/2022\/03\/les-eleves-dune-ecole-adventiste-de-tortola-ont-un-impact-sur-leur-communaute-grace-a-des-cours-dagriculture\/","title":{"rendered":"Les \u00e9l\u00e8ves d\u2019une \u00e9cole adventiste de Tortola ont un impact sur leur communaut\u00e9 gr\u00e2ce \u00e0 des cours d\u2019agriculture"},"content":{"rendered":"<div><span lang=\"FR-CA\">Le 7 mars 2022 | Tortola, \u00celes Vierges britanniques | Royston Philbert et le d\u00e9partement des actualit\u00e9s de la Division interam\u00e9ricaine<\/span><\/div>\n<p>Des centaines d\u2019\u00e9l\u00e8ves de l\u2019\u00e9cole adventiste du septi\u00e8me jour des \u00celes Vierges britanniques, \u00e0 Tortola, continuent de profiter \u00e0 leur communaut\u00e9 et de financer leur \u00e9cole gr\u00e2ce \u00e0 des cours en science agricole lors desquels ils en apprennent sur les choix de vie sains et font la promotion d\u2019un mode de vie durable.<\/p>\n<p>En effet, les \u00e9l\u00e8ves du primaire participent \u00e0 la semence de l\u00e9gumes alors que les \u00e9l\u00e8ves de la 8<sup>e<\/sup> \u00e0 la 12<sup>e<\/sup>\u00a0ann\u00e9e s\u2019occupent eux aussi de la semence en plus d\u2019\u00e9tudier une vari\u00e9t\u00e9 de graines en effectuant des exp\u00e9riences. Ils \u00e9l\u00e8vent \u00e9galement des poules dans le cadre d\u2019un cours \u00e0 option.<\/p>\n<p><div id=\"attachment_82269\" style=\"width: 827px\" class=\"wp-caption aligncenter\"><img fetchpriority=\"high\" decoding=\"async\" aria-describedby=\"caption-attachment-82269\" class=\" wp-image-82269\" src=\"https:\/\/recursing-golick.147-182-135-0.plesk.page\/wp-content\/uploads\/2022\/03\/bvi-sda-school-students-scallions.jpg\" alt=\"\" width=\"817\" height=\"448\" srcset=\"https:\/\/interamerica.org\/wp-content\/uploads\/2022\/03\/bvi-sda-school-students-scallions.jpg 1000w, https:\/\/interamerica.org\/wp-content\/uploads\/2022\/03\/bvi-sda-school-students-scallions-300x164.jpg 300w, https:\/\/interamerica.org\/wp-content\/uploads\/2022\/03\/bvi-sda-school-students-scallions-768x421.jpg 768w\" sizes=\"(max-width: 817px) 100vw, 817px\" \/><p id=\"caption-attachment-82269\" class=\"wp-caption-text\">Un groupe d\u2019\u00e9l\u00e8ves du secondaire montrent les oignons verts qui ont pouss\u00e9 \u00e0 l\u2019\u00e9cole adventiste du septi\u00e8me jour des \u00celes Vierges britanniques, sur l\u2019\u00eele de Tortola. L\u2019\u00e9cole adventiste a mis sur pied des activit\u00e9s de semence pour les \u00e9l\u00e8ves du primaire et un cours en science agricole pour les \u00e9l\u00e8ves de la 7e \u00e0 la 12e ann\u00e9e dans le but de vendre leurs produits dans la communaut\u00e9 et de recueillir des fonds pour le programme. [Une photo de l\u2019\u00e9cole adventiste du septi\u00e8me jour des \u00celes Vierges britanniques.]<\/p><\/div>D\u2019apr\u00e8s Lisa Peters-Powell, l\u2019enseignante de science agricole, l\u2019\u00e9cole en entier est tr\u00e8s enthousiaste par rapport \u00e0 l\u2019initiative et \u00e0 la fa\u00e7on dont l\u2019\u00e9ducation des \u00e9l\u00e8ves a atteint un niveau sup\u00e9rieur. \u00ab\u00a0Le programme d\u2019agriculture vise \u00e0 d\u00e9velopper les comp\u00e9tences dont ils auront besoin dans leur profession future et \u00e0 mettre en pratique ce qu\u2019ils apprennent en classe.\u00a0\u00bb<\/p>\n<p>Lors des r\u00e9coltes, les \u00e9l\u00e8ves ont le droit de prendre un \u00e9chantillon de leur dur labeur, puis tout le reste est vendu et les profits reviennent \u00e0 l\u2019\u00e9cole, a-t-elle expliqu\u00e9. Les \u00e9l\u00e8ves apprennent \u00e0 semer et \u00e0 r\u00e9colter, \u00e0 partir des semis et \u00e0 pr\u00e9server des graines, a-t-elle ajout\u00e9. \u00ab\u00a0Ils conserveront ces connaissances et cette exp\u00e9rience tout au long de leur vie, ils les enseigneront m\u00eame \u00e0 leurs enfants.\u00a0\u00bb L\u2019exp\u00e9rience leur permet \u00e9galement d\u2019\u00e9tablir des liens avec la population locale.<\/p>\n<p>\u00ab\u00a0Les \u00e9l\u00e8ves du secondaire se sont rapproch\u00e9s de la population, car ils ont commercialis\u00e9 leurs produits, comme les poules et les l\u00e9gumes, dans plusieurs quartiers. Ils prennent contact avec les parents et d\u2019autres personnes, et des annonces sont \u00e9galement faites au sein de la communaut\u00e9 adventiste quant aux produits agricoles \u00e0 vendre, a expliqu\u00e9 M<sup>me<\/sup>\u00a0Peters-Powell. Il s\u2019agit d\u2019une grande b\u00e9n\u00e9diction tant pour la population en g\u00e9n\u00e9ral que pour l\u2019\u00e9cole. Il s\u2019agit vraiment d\u2019une exp\u00e9rience transformatrice.\u00a0\u00bb<\/p>\n<p>Les sourires sur le visage de ses \u00e9l\u00e8ves qui participent en disent long, a-t-elle \u00e9galement soulign\u00e9.<\/p>\n<p><div id=\"attachment_82272\" style=\"width: 829px\" class=\"wp-caption aligncenter\"><img decoding=\"async\" aria-describedby=\"caption-attachment-82272\" class=\" wp-image-82272\" src=\"https:\/\/recursing-golick.147-182-135-0.plesk.page\/wp-content\/uploads\/2022\/03\/bvi-school-lettuce-ckup-1024x698.jpg\" alt=\"\" width=\"819\" height=\"558\" srcset=\"https:\/\/interamerica.org\/wp-content\/uploads\/2022\/03\/bvi-school-lettuce-ckup-1024x698.jpg 1024w, https:\/\/interamerica.org\/wp-content\/uploads\/2022\/03\/bvi-school-lettuce-ckup-300x205.jpg 300w, https:\/\/interamerica.org\/wp-content\/uploads\/2022\/03\/bvi-school-lettuce-ckup-768x524.jpg 768w, https:\/\/interamerica.org\/wp-content\/uploads\/2022\/03\/bvi-school-lettuce-ckup.jpg 1063w\" sizes=\"(max-width: 819px) 100vw, 819px\" \/><p id=\"caption-attachment-82272\" class=\"wp-caption-text\">Un \u00e9l\u00e8ve v\u00e9rifie la laitue qui pousse dans des bacs. [Une photo de l\u2019\u00e9cole adventiste du septi\u00e8me jour des \u00celes Vierges britanniques.]<\/p><\/div>L\u2019enthousiasme de Jade Smith \u00e9tait \u00e9vident. \u00c9l\u00e8ve du secondaire inscrite au cours, elle a dit ceci\u00a0: \u00ab\u00a0Les deux le\u00e7ons dont je me souviendrai sont la production animale et l\u2019agriculture, les m\u00e9thodes biologiques et non biologiques.\u00a0\u00bb<\/p>\n<p>Les \u00e9valuations pratiques li\u00e9es \u00e0 des sujets scientifiques \u00e9taient les plus utiles selon Jada Barnwell, une autre \u00e9l\u00e8ve du secondaire qui s\u2019est dite impressionn\u00e9e par les techniques d\u2019\u00e9levage de volaille et sa nouvelle capacit\u00e9 \u00e0 identifier toutes sortes de plantes.<\/p>\n<p>Delory Prince, \u00e9l\u00e8ve de terminale, a \u00e9t\u00e9 inspir\u00e9 par le c\u00f4t\u00e9 pratique des enseignements puis a ajout\u00e9, \u00ab\u00a0J\u2019ai beaucoup appris sur la vente de produits agricoles, ce qui m\u2019a fascin\u00e9, parce que je n\u2019\u00e9tais pas conscient que les comptes et les diff\u00e9rentes mati\u00e8res ont tous un lien avec l\u2019agriculture.\u00a0\u00bb<\/p>\n<p>Shadae Brewley, \u00e9galement finissante, a dit avoir appr\u00e9ci\u00e9 la cr\u00e9ativit\u00e9 de l\u2019enseignante ainsi que le lien essentiel entre l\u2019agriculture et la consommation. \u00ab\u00a0J\u2019ai appris comment \u00e9lever des poules et \u00e0 quel point l\u2019agriculture est importante.\u00a0\u00bb<\/p>\n<p><div id=\"attachment_82266\" style=\"width: 830px\" class=\"wp-caption aligncenter\"><img decoding=\"async\" aria-describedby=\"caption-attachment-82266\" class=\" wp-image-82266\" src=\"https:\/\/recursing-golick.147-182-135-0.plesk.page\/wp-content\/uploads\/2022\/03\/bvi-school-chinese-cabbage.png\" alt=\"\" width=\"820\" height=\"610\" srcset=\"https:\/\/interamerica.org\/wp-content\/uploads\/2022\/03\/bvi-school-chinese-cabbage.png 800w, https:\/\/interamerica.org\/wp-content\/uploads\/2022\/03\/bvi-school-chinese-cabbage-300x223.png 300w, https:\/\/interamerica.org\/wp-content\/uploads\/2022\/03\/bvi-school-chinese-cabbage-768x571.png 768w\" sizes=\"(max-width: 820px) 100vw, 820px\" \/><p id=\"caption-attachment-82266\" class=\"wp-caption-text\">L\u2019hydroponie est utilis\u00e9e pour cultiver des l\u00e9gumes-feuilles dans le cadre du cours en science agricole. [Une photo de l\u2019\u00e9cole adventiste du septi\u00e8me jour des \u00celes Vierges britanniques.]<\/p><\/div>Selon M<sup>me<\/sup>\u00a0Peters-Powell, la classe de terminale a r\u00e9cemment compar\u00e9 le taux de croissance des oignons verts avec du fumier de vache et un engrais synth\u00e9tique. Les r\u00e9sultats de leur \u00e9tude font partie des crit\u00e8res d\u2019\u00e9valuation de leur examen pour l\u2019ann\u00e9e scolaire\u00a02022-2023. L\u2019\u00e9tude men\u00e9e par les \u00e9l\u00e8ves de terminale servira principalement pour le Caribbean Secondary Examination Council (CSEC), a-t-elle dit. \u00ab\u00a0L\u2019\u00e9cole utilisera aussi les r\u00e9sultats pour guider ses pratiques futures en agriculture et en \u00e9levage animal.<\/p>\n<p>La science agricole fait partie des examens de fin d\u2019\u00e9tudes offerts par le CSEC, et l\u2019\u00e9cole adventiste des \u00celes Vierges britanniques obtient un taux de r\u00e9ussite de 100\u00a0% de ses \u00e9l\u00e8ves depuis 2014\u00a0\u00bb, a rapport\u00e9 l\u2019enseignante de science agricole. Elle a affirm\u00e9 que les r\u00e9ussites de l\u2019\u00e9cole sont attribuables \u00e0 la direction infaillible de Dieu et aux m\u00e9thodes d\u2019enseignement pr\u00e9sent\u00e9es dans la Bible, car elles lui ont permis d\u2019aider les \u00e9l\u00e8ves \u00e0 atteindre leurs objectifs individuels.<\/p>\n<p>Le programme de science r\u00e9pond aux exigences du CSEC que le gouvernement des \u00celes Vierges britanniques a mis en place pour les \u00e9tablissements \u00e9ducatifs qui y participent afin de maintenir un jardin bien vivant dans chaque centre d\u2019apprentissage, a expliqu\u00e9 M<sup>me<\/sup>\u00a0Peters-Powell.<\/p>\n<p>Les connaissances et les comp\u00e9tences transmises dans le programme continuent d\u2019avoir un impact positif dans la vie des enseignants, des \u00e9l\u00e8ves et de la population, ont dit les responsables de l\u2019\u00e9cole.<\/p>\n<p><div id=\"attachment_82263\" style=\"width: 857px\" class=\"wp-caption aligncenter\"><img loading=\"lazy\" decoding=\"async\" aria-describedby=\"caption-attachment-82263\" class=\" wp-image-82263\" src=\"https:\/\/recursing-golick.147-182-135-0.plesk.page\/wp-content\/uploads\/2022\/03\/bvi-school-chicks.png\" alt=\"\" width=\"847\" height=\"635\" srcset=\"https:\/\/interamerica.org\/wp-content\/uploads\/2022\/03\/bvi-school-chicks.png 664w, https:\/\/interamerica.org\/wp-content\/uploads\/2022\/03\/bvi-school-chicks-300x225.png 300w\" sizes=\"(max-width: 847px) 100vw, 847px\" \/><p id=\"caption-attachment-82263\" class=\"wp-caption-text\"><span lang=\"FR-CA\">Une \u00e9l\u00e8ve jette un coup d\u2019\u0153il aux poussins et en introduit un nouveau dans la poussini\u00e8re de l\u2019\u00e9cole. [Une photo de l\u2019\u00e9cole adventiste du septi\u00e8me jour des \u00celes Vierges britanniques.]<\/span><\/p><\/div>\u00ab\u00a0Nous sommes heureux des possibilit\u00e9s \u00e9ducatives qu\u2019offre le programme, mais aussi de la chance de pr\u00e9server notre h\u00e9ritage agricole, a dit Wade Tobin, directeur de l\u2019\u00e9cole adventiste du septi\u00e8me jour des \u00celes Vierges britanniques. Nous faisons partie d\u2019une communaut\u00e9 agricole et c\u2019est un honneur de poursuivre la tradition de nos anc\u00eatres.\u00a0\u00bb<\/p>\n<p>L\u2019\u00e9cole adventiste du septi\u00e8me jour des \u00celes Vierges britanniques \u00e0 Tortola compte 300\u00a0\u00e9l\u00e8ves de la maternelle \u00e0 la 12<sup>e<\/sup>\u00a0ann\u00e9e. \u00c9tablie en 1954 en tant qu\u2019\u00e9cole primaire, elle a ajout\u00e9 les niveaux secondaires en 2007.<\/p>\n<p>Pour en apprendre davantage sur l\u2019\u00e9cole, ses programmes et ses activit\u00e9s, cliquez <a href=\"https:\/\/www.facebook.com\/bvisdaschool\/\">ICI<\/a>.<\/p>\n<p>Traduction\u00a0: Marie-Mich\u00e8le Robitaille<\/p>\n","protected":false},"excerpt":{"rendered":"<p>Le 7 mars 2022 | Tortola, \u00celes Vierges britanniques | Royston Philbert et le d\u00e9partement des actualit\u00e9s de la Division interam\u00e9ricaine Des centaines d\u2019\u00e9l\u00e8ves de l\u2019\u00e9cole adventiste du septi\u00e8me jour&#8230;<\/p>\n","protected":false},"author":3,"featured_media":82269,"comment_status":"closed","ping_status":"closed","sticky":false,"template":"","format":"standard","meta":{"_acf_changed":false,"footnotes":""},"categories":[21,19],"tags":[],"class_list":["post-82316","post","type-post","status-publish","format-standard","has-post-thumbnail","hentry","category-nouvelles-du-territoire","category-rss-francais"],"acf":[],"yoast_head":"<!-- This site is optimized with the Yoast SEO plugin v27.3 - https:\/\/yoast.com\/product\/yoast-seo-wordpress\/ -->\n<title>Les \u00e9l\u00e8ves d\u2019une \u00e9cole adventiste de Tortola ont un impact sur leur communaut\u00e9 gr\u00e2ce \u00e0 des cours d\u2019agriculture - \u00c9glise Adventiste Du Septieme Jour - Inter Am\u00e9rique Division<\/title>\n<meta name=\"robots\" content=\"index, follow, max-snippet:-1, max-image-preview:large, max-video-preview:-1\" \/>\n<link rel=\"canonical\" href=\"https:\/\/interamerica.org\/fr\/2022\/03\/les-eleves-dune-ecole-adventiste-de-tortola-ont-un-impact-sur-leur-communaute-grace-a-des-cours-dagriculture\/\" \/>\n<meta property=\"og:locale\" content=\"fr_FR\" \/>\n<meta property=\"og:type\" content=\"article\" \/>\n<meta property=\"og:title\" content=\"Les \u00e9l\u00e8ves d\u2019une \u00e9cole adventiste de Tortola ont un impact sur leur communaut\u00e9 gr\u00e2ce \u00e0 des cours d\u2019agriculture - \u00c9glise Adventiste Du Septieme Jour - Inter Am\u00e9rique Division\" \/>\n<meta property=\"og:description\" content=\"Le 7 mars 2022 | Tortola, \u00celes Vierges britanniques | Royston Philbert et le d\u00e9partement des actualit\u00e9s de la Division interam\u00e9ricaine Des centaines d\u2019\u00e9l\u00e8ves de l\u2019\u00e9cole adventiste du septi\u00e8me jour...\" \/>\n<meta property=\"og:url\" content=\"https:\/\/interamerica.org\/fr\/2022\/03\/les-eleves-dune-ecole-adventiste-de-tortola-ont-un-impact-sur-leur-communaute-grace-a-des-cours-dagriculture\/\" \/>\n<meta property=\"og:site_name\" content=\"\u00c9glise Adventiste Du Septieme Jour - Inter Am\u00e9rique Division\" \/>\n<meta property=\"article:published_time\" content=\"2022-03-08T21:00:21+00:00\" \/>\n<meta property=\"article:modified_time\" content=\"2022-03-09T18:40:47+00:00\" \/>\n<meta property=\"og:image\" content=\"https:\/\/interamerica.org\/wp-content\/uploads\/2022\/03\/bvi-sda-school-students-scallions.jpg\" \/>\n\t<meta property=\"og:image:width\" content=\"1000\" \/>\n\t<meta property=\"og:image:height\" content=\"548\" \/>\n\t<meta property=\"og:image:type\" content=\"image\/jpeg\" \/>\n<meta name=\"author\" content=\"libna\" \/>\n<meta name=\"twitter:card\" content=\"summary_large_image\" \/>\n<meta name=\"twitter:label1\" content=\"\u00c9crit par\" \/>\n\t<meta name=\"twitter:data1\" content=\"libna\" \/>\n\t<meta name=\"twitter:label2\" content=\"Dur\u00e9e de lecture estim\u00e9e\" \/>\n\t<meta name=\"twitter:data2\" content=\"6 minutes\" \/>\n<script type=\"application\/ld+json\" class=\"yoast-schema-graph\">{\"@context\":\"https:\\\/\\\/schema.org\",\"@graph\":[{\"@type\":\"Article\",\"@id\":\"https:\\\/\\\/interamerica.org\\\/fr\\\/2022\\\/03\\\/les-eleves-dune-ecole-adventiste-de-tortola-ont-un-impact-sur-leur-communaute-grace-a-des-cours-dagriculture\\\/#article\",\"isPartOf\":{\"@id\":\"https:\\\/\\\/interamerica.org\\\/fr\\\/2022\\\/03\\\/les-eleves-dune-ecole-adventiste-de-tortola-ont-un-impact-sur-leur-communaute-grace-a-des-cours-dagriculture\\\/\"},\"author\":{\"name\":\"libna\",\"@id\":\"https:\\\/\\\/interamerica.org\\\/fr\\\/#\\\/schema\\\/person\\\/29998f2bc2d8bd0d38662909289b54f1\"},\"headline\":\"Les \u00e9l\u00e8ves d\u2019une \u00e9cole adventiste de Tortola ont un impact sur leur communaut\u00e9 gr\u00e2ce \u00e0 des cours d\u2019agriculture\",\"datePublished\":\"2022-03-08T21:00:21+00:00\",\"dateModified\":\"2022-03-09T18:40:47+00:00\",\"mainEntityOfPage\":{\"@id\":\"https:\\\/\\\/interamerica.org\\\/fr\\\/2022\\\/03\\\/les-eleves-dune-ecole-adventiste-de-tortola-ont-un-impact-sur-leur-communaute-grace-a-des-cours-dagriculture\\\/\"},\"wordCount\":1180,\"image\":{\"@id\":\"https:\\\/\\\/interamerica.org\\\/fr\\\/2022\\\/03\\\/les-eleves-dune-ecole-adventiste-de-tortola-ont-un-impact-sur-leur-communaute-grace-a-des-cours-dagriculture\\\/#primaryimage\"},\"thumbnailUrl\":\"https:\\\/\\\/interamerica.org\\\/wp-content\\\/uploads\\\/2022\\\/03\\\/bvi-sda-school-students-scallions.jpg\",\"articleSection\":[\"Nouvelles du territoire\",\"RSS Fran\u00e7ais\"],\"inLanguage\":\"fr-FR\"},{\"@type\":\"WebPage\",\"@id\":\"https:\\\/\\\/interamerica.org\\\/fr\\\/2022\\\/03\\\/les-eleves-dune-ecole-adventiste-de-tortola-ont-un-impact-sur-leur-communaute-grace-a-des-cours-dagriculture\\\/\",\"url\":\"https:\\\/\\\/interamerica.org\\\/fr\\\/2022\\\/03\\\/les-eleves-dune-ecole-adventiste-de-tortola-ont-un-impact-sur-leur-communaute-grace-a-des-cours-dagriculture\\\/\",\"name\":\"Les \u00e9l\u00e8ves d\u2019une \u00e9cole adventiste de Tortola ont un impact sur leur communaut\u00e9 gr\u00e2ce \u00e0 des cours d\u2019agriculture - \u00c9glise Adventiste Du Septieme Jour - Inter Am\u00e9rique Division\",\"isPartOf\":{\"@id\":\"https:\\\/\\\/interamerica.org\\\/fr\\\/#website\"},\"primaryImageOfPage\":{\"@id\":\"https:\\\/\\\/interamerica.org\\\/fr\\\/2022\\\/03\\\/les-eleves-dune-ecole-adventiste-de-tortola-ont-un-impact-sur-leur-communaute-grace-a-des-cours-dagriculture\\\/#primaryimage\"},\"image\":{\"@id\":\"https:\\\/\\\/interamerica.org\\\/fr\\\/2022\\\/03\\\/les-eleves-dune-ecole-adventiste-de-tortola-ont-un-impact-sur-leur-communaute-grace-a-des-cours-dagriculture\\\/#primaryimage\"},\"thumbnailUrl\":\"https:\\\/\\\/interamerica.org\\\/wp-content\\\/uploads\\\/2022\\\/03\\\/bvi-sda-school-students-scallions.jpg\",\"datePublished\":\"2022-03-08T21:00:21+00:00\",\"dateModified\":\"2022-03-09T18:40:47+00:00\",\"author\":{\"@id\":\"https:\\\/\\\/interamerica.org\\\/fr\\\/#\\\/schema\\\/person\\\/29998f2bc2d8bd0d38662909289b54f1\"},\"breadcrumb\":{\"@id\":\"https:\\\/\\\/interamerica.org\\\/fr\\\/2022\\\/03\\\/les-eleves-dune-ecole-adventiste-de-tortola-ont-un-impact-sur-leur-communaute-grace-a-des-cours-dagriculture\\\/#breadcrumb\"},\"inLanguage\":\"fr-FR\",\"potentialAction\":[{\"@type\":\"ReadAction\",\"target\":[\"https:\\\/\\\/interamerica.org\\\/fr\\\/2022\\\/03\\\/les-eleves-dune-ecole-adventiste-de-tortola-ont-un-impact-sur-leur-communaute-grace-a-des-cours-dagriculture\\\/\"]}]},{\"@type\":\"ImageObject\",\"inLanguage\":\"fr-FR\",\"@id\":\"https:\\\/\\\/interamerica.org\\\/fr\\\/2022\\\/03\\\/les-eleves-dune-ecole-adventiste-de-tortola-ont-un-impact-sur-leur-communaute-grace-a-des-cours-dagriculture\\\/#primaryimage\",\"url\":\"https:\\\/\\\/interamerica.org\\\/wp-content\\\/uploads\\\/2022\\\/03\\\/bvi-sda-school-students-scallions.jpg\",\"contentUrl\":\"https:\\\/\\\/interamerica.org\\\/wp-content\\\/uploads\\\/2022\\\/03\\\/bvi-sda-school-students-scallions.jpg\",\"width\":1000,\"height\":548,\"caption\":\"Un groupe d\u2019\u00e9l\u00e8ves du secondaire montrent les oignons verts qui ont pouss\u00e9 \u00e0 l\u2019\u00e9cole adventiste du septi\u00e8me jour des \u00celes Vierges britanniques, sur l\u2019\u00eele de Tortola. L\u2019\u00e9cole adventiste a mis sur pied des activit\u00e9s de semence pour les \u00e9l\u00e8ves du primaire et un cours en science agricole pour les \u00e9l\u00e8ves de la 7e \u00e0 la 12e ann\u00e9e dans le but de vendre leurs produits dans la communaut\u00e9 et de recueillir des fonds pour le programme. [Une photo de l\u2019\u00e9cole adventiste du septi\u00e8me jour des \u00celes Vierges britanniques.]\"},{\"@type\":\"BreadcrumbList\",\"@id\":\"https:\\\/\\\/interamerica.org\\\/fr\\\/2022\\\/03\\\/les-eleves-dune-ecole-adventiste-de-tortola-ont-un-impact-sur-leur-communaute-grace-a-des-cours-dagriculture\\\/#breadcrumb\",\"itemListElement\":[{\"@type\":\"ListItem\",\"position\":1,\"name\":\"Home\",\"item\":\"https:\\\/\\\/interamerica.org\\\/fr\\\/\"},{\"@type\":\"ListItem\",\"position\":2,\"name\":\"Les \u00e9l\u00e8ves d\u2019une \u00e9cole adventiste de Tortola ont un impact sur leur communaut\u00e9 gr\u00e2ce \u00e0 des cours d\u2019agriculture\"}]},{\"@type\":\"WebSite\",\"@id\":\"https:\\\/\\\/interamerica.org\\\/fr\\\/#website\",\"url\":\"https:\\\/\\\/interamerica.org\\\/fr\\\/\",\"name\":\"\u00c9glise Adventiste Du Septieme Jour - Inter Am\u00e9rique Division\",\"description\":\"\",\"potentialAction\":[{\"@type\":\"SearchAction\",\"target\":{\"@type\":\"EntryPoint\",\"urlTemplate\":\"https:\\\/\\\/interamerica.org\\\/fr\\\/?s={search_term_string}\"},\"query-input\":{\"@type\":\"PropertyValueSpecification\",\"valueRequired\":true,\"valueName\":\"search_term_string\"}}],\"inLanguage\":\"fr-FR\"},{\"@type\":\"Person\",\"@id\":\"https:\\\/\\\/interamerica.org\\\/fr\\\/#\\\/schema\\\/person\\\/29998f2bc2d8bd0d38662909289b54f1\",\"name\":\"libna\",\"image\":{\"@type\":\"ImageObject\",\"inLanguage\":\"fr-FR\",\"@id\":\"https:\\\/\\\/secure.gravatar.com\\\/avatar\\\/7c5bd30ae4b47a9ba3c856590957fd1d96dc588bf3ac05719d247e126840331f?s=96&d=mm&r=g\",\"url\":\"https:\\\/\\\/secure.gravatar.com\\\/avatar\\\/7c5bd30ae4b47a9ba3c856590957fd1d96dc588bf3ac05719d247e126840331f?s=96&d=mm&r=g\",\"contentUrl\":\"https:\\\/\\\/secure.gravatar.com\\\/avatar\\\/7c5bd30ae4b47a9ba3c856590957fd1d96dc588bf3ac05719d247e126840331f?s=96&d=mm&r=g\",\"caption\":\"libna\"}}]}<\/script>\n<!-- \/ Yoast SEO plugin. -->","yoast_head_json":{"title":"Les \u00e9l\u00e8ves d\u2019une \u00e9cole adventiste de Tortola ont un impact sur leur communaut\u00e9 gr\u00e2ce \u00e0 des cours d\u2019agriculture - \u00c9glise Adventiste Du Septieme Jour - Inter Am\u00e9rique Division","robots":{"index":"index","follow":"follow","max-snippet":"max-snippet:-1","max-image-preview":"max-image-preview:large","max-video-preview":"max-video-preview:-1"},"canonical":"https:\/\/interamerica.org\/fr\/2022\/03\/les-eleves-dune-ecole-adventiste-de-tortola-ont-un-impact-sur-leur-communaute-grace-a-des-cours-dagriculture\/","og_locale":"fr_FR","og_type":"article","og_title":"Les \u00e9l\u00e8ves d\u2019une \u00e9cole adventiste de Tortola ont un impact sur leur communaut\u00e9 gr\u00e2ce \u00e0 des cours d\u2019agriculture - \u00c9glise Adventiste Du Septieme Jour - Inter Am\u00e9rique Division","og_description":"Le 7 mars 2022 | Tortola, \u00celes Vierges britanniques | Royston Philbert et le d\u00e9partement des actualit\u00e9s de la Division interam\u00e9ricaine Des centaines d\u2019\u00e9l\u00e8ves de l\u2019\u00e9cole adventiste du septi\u00e8me jour...","og_url":"https:\/\/interamerica.org\/fr\/2022\/03\/les-eleves-dune-ecole-adventiste-de-tortola-ont-un-impact-sur-leur-communaute-grace-a-des-cours-dagriculture\/","og_site_name":"\u00c9glise Adventiste Du Septieme Jour - Inter Am\u00e9rique Division","article_published_time":"2022-03-08T21:00:21+00:00","article_modified_time":"2022-03-09T18:40:47+00:00","og_image":[{"width":1000,"height":548,"url":"https:\/\/interamerica.org\/wp-content\/uploads\/2022\/03\/bvi-sda-school-students-scallions.jpg","type":"image\/jpeg"}],"author":"libna","twitter_card":"summary_large_image","twitter_misc":{"\u00c9crit par":"libna","Dur\u00e9e de lecture estim\u00e9e":"6 minutes"},"schema":{"@context":"https:\/\/schema.org","@graph":[{"@type":"Article","@id":"https:\/\/interamerica.org\/fr\/2022\/03\/les-eleves-dune-ecole-adventiste-de-tortola-ont-un-impact-sur-leur-communaute-grace-a-des-cours-dagriculture\/#article","isPartOf":{"@id":"https:\/\/interamerica.org\/fr\/2022\/03\/les-eleves-dune-ecole-adventiste-de-tortola-ont-un-impact-sur-leur-communaute-grace-a-des-cours-dagriculture\/"},"author":{"name":"libna","@id":"https:\/\/interamerica.org\/fr\/#\/schema\/person\/29998f2bc2d8bd0d38662909289b54f1"},"headline":"Les \u00e9l\u00e8ves d\u2019une \u00e9cole adventiste de Tortola ont un impact sur leur communaut\u00e9 gr\u00e2ce \u00e0 des cours d\u2019agriculture","datePublished":"2022-03-08T21:00:21+00:00","dateModified":"2022-03-09T18:40:47+00:00","mainEntityOfPage":{"@id":"https:\/\/interamerica.org\/fr\/2022\/03\/les-eleves-dune-ecole-adventiste-de-tortola-ont-un-impact-sur-leur-communaute-grace-a-des-cours-dagriculture\/"},"wordCount":1180,"image":{"@id":"https:\/\/interamerica.org\/fr\/2022\/03\/les-eleves-dune-ecole-adventiste-de-tortola-ont-un-impact-sur-leur-communaute-grace-a-des-cours-dagriculture\/#primaryimage"},"thumbnailUrl":"https:\/\/interamerica.org\/wp-content\/uploads\/2022\/03\/bvi-sda-school-students-scallions.jpg","articleSection":["Nouvelles du territoire","RSS Fran\u00e7ais"],"inLanguage":"fr-FR"},{"@type":"WebPage","@id":"https:\/\/interamerica.org\/fr\/2022\/03\/les-eleves-dune-ecole-adventiste-de-tortola-ont-un-impact-sur-leur-communaute-grace-a-des-cours-dagriculture\/","url":"https:\/\/interamerica.org\/fr\/2022\/03\/les-eleves-dune-ecole-adventiste-de-tortola-ont-un-impact-sur-leur-communaute-grace-a-des-cours-dagriculture\/","name":"Les \u00e9l\u00e8ves d\u2019une \u00e9cole adventiste de Tortola ont un impact sur leur communaut\u00e9 gr\u00e2ce \u00e0 des cours d\u2019agriculture - \u00c9glise Adventiste Du Septieme Jour - Inter Am\u00e9rique Division","isPartOf":{"@id":"https:\/\/interamerica.org\/fr\/#website"},"primaryImageOfPage":{"@id":"https:\/\/interamerica.org\/fr\/2022\/03\/les-eleves-dune-ecole-adventiste-de-tortola-ont-un-impact-sur-leur-communaute-grace-a-des-cours-dagriculture\/#primaryimage"},"image":{"@id":"https:\/\/interamerica.org\/fr\/2022\/03\/les-eleves-dune-ecole-adventiste-de-tortola-ont-un-impact-sur-leur-communaute-grace-a-des-cours-dagriculture\/#primaryimage"},"thumbnailUrl":"https:\/\/interamerica.org\/wp-content\/uploads\/2022\/03\/bvi-sda-school-students-scallions.jpg","datePublished":"2022-03-08T21:00:21+00:00","dateModified":"2022-03-09T18:40:47+00:00","author":{"@id":"https:\/\/interamerica.org\/fr\/#\/schema\/person\/29998f2bc2d8bd0d38662909289b54f1"},"breadcrumb":{"@id":"https:\/\/interamerica.org\/fr\/2022\/03\/les-eleves-dune-ecole-adventiste-de-tortola-ont-un-impact-sur-leur-communaute-grace-a-des-cours-dagriculture\/#breadcrumb"},"inLanguage":"fr-FR","potentialAction":[{"@type":"ReadAction","target":["https:\/\/interamerica.org\/fr\/2022\/03\/les-eleves-dune-ecole-adventiste-de-tortola-ont-un-impact-sur-leur-communaute-grace-a-des-cours-dagriculture\/"]}]},{"@type":"ImageObject","inLanguage":"fr-FR","@id":"https:\/\/interamerica.org\/fr\/2022\/03\/les-eleves-dune-ecole-adventiste-de-tortola-ont-un-impact-sur-leur-communaute-grace-a-des-cours-dagriculture\/#primaryimage","url":"https:\/\/interamerica.org\/wp-content\/uploads\/2022\/03\/bvi-sda-school-students-scallions.jpg","contentUrl":"https:\/\/interamerica.org\/wp-content\/uploads\/2022\/03\/bvi-sda-school-students-scallions.jpg","width":1000,"height":548,"caption":"Un groupe d\u2019\u00e9l\u00e8ves du secondaire montrent les oignons verts qui ont pouss\u00e9 \u00e0 l\u2019\u00e9cole adventiste du septi\u00e8me jour des \u00celes Vierges britanniques, sur l\u2019\u00eele de Tortola. L\u2019\u00e9cole adventiste a mis sur pied des activit\u00e9s de semence pour les \u00e9l\u00e8ves du primaire et un cours en science agricole pour les \u00e9l\u00e8ves de la 7e \u00e0 la 12e ann\u00e9e dans le but de vendre leurs produits dans la communaut\u00e9 et de recueillir des fonds pour le programme. [Une photo de l\u2019\u00e9cole adventiste du septi\u00e8me jour des \u00celes Vierges britanniques.]"},{"@type":"BreadcrumbList","@id":"https:\/\/interamerica.org\/fr\/2022\/03\/les-eleves-dune-ecole-adventiste-de-tortola-ont-un-impact-sur-leur-communaute-grace-a-des-cours-dagriculture\/#breadcrumb","itemListElement":[{"@type":"ListItem","position":1,"name":"Home","item":"https:\/\/interamerica.org\/fr\/"},{"@type":"ListItem","position":2,"name":"Les \u00e9l\u00e8ves d\u2019une \u00e9cole adventiste de Tortola ont un impact sur leur communaut\u00e9 gr\u00e2ce \u00e0 des cours d\u2019agriculture"}]},{"@type":"WebSite","@id":"https:\/\/interamerica.org\/fr\/#website","url":"https:\/\/interamerica.org\/fr\/","name":"\u00c9glise Adventiste Du Septieme Jour - Inter Am\u00e9rique Division","description":"","potentialAction":[{"@type":"SearchAction","target":{"@type":"EntryPoint","urlTemplate":"https:\/\/interamerica.org\/fr\/?s={search_term_string}"},"query-input":{"@type":"PropertyValueSpecification","valueRequired":true,"valueName":"search_term_string"}}],"inLanguage":"fr-FR"},{"@type":"Person","@id":"https:\/\/interamerica.org\/fr\/#\/schema\/person\/29998f2bc2d8bd0d38662909289b54f1","name":"libna","image":{"@type":"ImageObject","inLanguage":"fr-FR","@id":"https:\/\/secure.gravatar.com\/avatar\/7c5bd30ae4b47a9ba3c856590957fd1d96dc588bf3ac05719d247e126840331f?s=96&d=mm&r=g","url":"https:\/\/secure.gravatar.com\/avatar\/7c5bd30ae4b47a9ba3c856590957fd1d96dc588bf3ac05719d247e126840331f?s=96&d=mm&r=g","contentUrl":"https:\/\/secure.gravatar.com\/avatar\/7c5bd30ae4b47a9ba3c856590957fd1d96dc588bf3ac05719d247e126840331f?s=96&d=mm&r=g","caption":"libna"}}]}},"_links":{"self":[{"href":"https:\/\/interamerica.org\/fr\/wp-json\/wp\/v2\/posts\/82316","targetHints":{"allow":["GET"]}}],"collection":[{"href":"https:\/\/interamerica.org\/fr\/wp-json\/wp\/v2\/posts"}],"about":[{"href":"https:\/\/interamerica.org\/fr\/wp-json\/wp\/v2\/types\/post"}],"author":[{"embeddable":true,"href":"https:\/\/interamerica.org\/fr\/wp-json\/wp\/v2\/users\/3"}],"replies":[{"embeddable":true,"href":"https:\/\/interamerica.org\/fr\/wp-json\/wp\/v2\/comments?post=82316"}],"version-history":[{"count":0,"href":"https:\/\/interamerica.org\/fr\/wp-json\/wp\/v2\/posts\/82316\/revisions"}],"wp:featuredmedia":[{"embeddable":true,"href":"https:\/\/interamerica.org\/fr\/wp-json\/wp\/v2\/media\/82269"}],"wp:attachment":[{"href":"https:\/\/interamerica.org\/fr\/wp-json\/wp\/v2\/media?parent=82316"}],"wp:term":[{"taxonomy":"category","embeddable":true,"href":"https:\/\/interamerica.org\/fr\/wp-json\/wp\/v2\/categories?post=82316"},{"taxonomy":"post_tag","embeddable":true,"href":"https:\/\/interamerica.org\/fr\/wp-json\/wp\/v2\/tags?post=82316"}],"curies":[{"name":"wp","href":"https:\/\/api.w.org\/{rel}","templated":true}]}}