{"id":82318,"date":"2022-03-09T20:42:12","date_gmt":"2022-03-10T00:42:12","guid":{"rendered":"https:\/\/recursing-golick.147-182-135-0.plesk.page\/?p=82318"},"modified":"2022-03-10T11:06:43","modified_gmt":"2022-03-10T15:06:43","slug":"la-journee-mondiale-de-la-jeunesse-de-cette-annee-est-axee-sur-lamour-des-oublies","status":"publish","type":"post","link":"https:\/\/interamerica.org\/fr\/2022\/03\/la-journee-mondiale-de-la-jeunesse-de-cette-annee-est-axee-sur-lamour-des-oublies\/","title":{"rendered":"La Journ\u00e9e mondiale de la jeunesse de cette ann\u00e9e est ax\u00e9e sur \u00ab l\u2019amour des oubli\u00e9s \u00bb"},"content":{"rendered":"<p>March 9, 2022 | Miami, Florida, United States | Libna Stevens, Inter-American Division News<\/p>\n<p>Le 19\u00a0mars prochain, Journ\u00e9e mondiale de la jeunesse (JMJ ou GYD pour <em>Global Youth Day<\/em>), une initiative du d\u00e9partement des minist\u00e8res de la jeunesse de l\u2019\u00c9glise adventiste du septi\u00e8me jour mondiale, des milliers de jeunes participeront \u00e0 des projets de service \u00e0 la communaut\u00e9.<\/p>\n<p>L\u2019activit\u00e9 annuelle encourage les jeunes \u00e0 unir leurs forces et \u00e0 sortir de leur zone de confort pour \u00ab\u00a0\u00eatre le sermon\u00a0\u00bb, ce qu\u2019ils font en montrant l\u2019amour de J\u00e9sus par des actes de bienveillance, o\u00f9 qu\u2019ils aillent.<\/p>\n<p>Le th\u00e8me g\u00e9n\u00e9ral de cette ann\u00e9e\u00a0: \u00ab\u00a0Aimer les oubli\u00e9s\u00a0\u00bb. Qu\u2019il s\u2019agisse d\u2019un membre d\u2019\u00e9glise qui a \u00e9t\u00e9 n\u00e9glig\u00e9 ou d\u2019un membre de la communaut\u00e9 qui a des besoins urgents, ont expliqu\u00e9 les dirigeants de jeunesse, les jeunes auront l\u2019occasion de partir \u00e0 leur recherche et d\u2019avoir un r\u00e9el impact dans leur vie.<\/p>\n<p><div id=\"attachment_82285\" style=\"width: 1032px\" class=\"wp-caption aligncenter\"><img fetchpriority=\"high\" decoding=\"async\" aria-describedby=\"caption-attachment-82285\" class=\" wp-image-82285\" src=\"https:\/\/recursing-golick.147-182-135-0.plesk.page\/wp-content\/uploads\/2022\/03\/gyd-2022-header-banner-1024x375.png\" alt=\"\" width=\"1022\" height=\"374\" srcset=\"https:\/\/interamerica.org\/wp-content\/uploads\/2022\/03\/gyd-2022-header-banner-1024x375.png 1024w, https:\/\/interamerica.org\/wp-content\/uploads\/2022\/03\/gyd-2022-header-banner-300x110.png 300w, https:\/\/interamerica.org\/wp-content\/uploads\/2022\/03\/gyd-2022-header-banner-768x281.png 768w, https:\/\/interamerica.org\/wp-content\/uploads\/2022\/03\/gyd-2022-header-banner.png 1300w\" sizes=\"(max-width: 1022px) 100vw, 1022px\" \/><p id=\"caption-attachment-82285\" class=\"wp-caption-text\">[Une image des minist\u00e8res de la jeunesse de la Conf\u00e9rence G\u00e9n\u00e9rale.]<\/p><\/div>C\u2019est le temps de sortir des bancs d\u2019\u00e9glise pour b\u00e9nir la population de mani\u00e8re r\u00e9solue et passionn\u00e9e, a expliqu\u00e9 le pasteur Al Powell, directeur des minist\u00e8res de la jeunesse de la Division interam\u00e9ricaine (DIA). Ayant coordonn\u00e9 les efforts relatifs \u00e0 la JMJ dans les 24\u00a0unions, ou r\u00e9gions de l\u2019\u00c9glise, il a exprim\u00e9 combien l\u2019enthousiasme est grand parmi les jeunes et les dirigeants de jeunesse.<\/p>\n<p>\u00ab\u00a0Les jeunes sont impatients de servir en d\u00e9pit d\u2019une pand\u00e9mie qui a limit\u00e9 de nombreuses activit\u00e9s d\u2019impact [depuis] 2020, a-t-il dit. Nous sommes tr\u00e8s heureux qu\u2019il soit toujours possible pour eux de servir et de t\u00e9moigner d\u2019une mani\u00e8re plus collective cette ann\u00e9e, offrant plus de b\u00e9n\u00e9dictions dans les populations locales.\u00a0\u00bb<\/p>\n<p>Dans le cadre des activit\u00e9s pr\u00e9vues sur le territoire de la DIA lors de la JMJ, les jeunes apporteront de la nourriture \u00e0 des personnes et iront prier pour elles dans leur foyer, leur ville ou leur communaut\u00e9 rurale. Ils iront nettoyer des parcs et y effectuer des r\u00e9parations; ils r\u00e9pandront des messages d\u2019espoir par le partage de livres, sur les m\u00e9dias sociaux et par textos; ils visiteront des malades dans des h\u00f4pitaux, des enfants dans des orphelinats, des personnes \u00e2g\u00e9es dans des maisons de retraite ainsi que des prisonniers; ils tendront la main \u00e0 d\u2019anciens membres d\u2019\u00e9glise, etc., toujours selon le pasteur Powell.<\/p>\n<p>Pour plus de renseignements et de d\u00e9tails sur la diffusion en direct de la Journ\u00e9e mondiale de la jeunesse du 19\u00a0mars 2022, veuillez visiter le <a href=\"https:\/\/urldefense.proofpoint.com\/v2\/url?u=https-3A__www.globalyouthday.org_&amp;d=DwMFaQ&amp;c=tjPg1sbLxZ1bjgTYa5hhdw&amp;r=QRxhZ6zzWfakIxmZLcYU5ZN_w8zIA8rJMh2h-7AoibY&amp;m=jpMPI8b78PAg1L-85gpiDjvItFluwnkMevtHIS6a6Og&amp;s=Xz8PKD_Oq1DMYFmzuHUKu1ZBzuLi5VeAliailqyfE8w&amp;e=\">globalyouthday.org<\/a>.<\/p>\n<p>Le d\u00e9partement des minist\u00e8res de la jeunesse de la DIA y pr\u00e9sentera un rapport de 30\u00a0minutes de ses 24\u00a0unions lors du programme de la JMJ du 19\u00a0mars, de 17\u00a0h\u00a030 \u00e0 18\u00a0h, heure de Miami.<\/p>\n<p>De plus, la JMJ lancera la semaine de pri\u00e8re des jeunes ax\u00e9e sur les messages des trois anges ainsi que la c\u00e9l\u00e9bration du sabbat sur le \u00ab\u00a0retour \u00e0 la maison\u00a0\u00bb du 26\u00a0mars 2022.<\/p>\n<p>Pour trouver des ressources en anglais, en espagnol et en fran\u00e7ais sur la JMJ de cette ann\u00e9e, cliquez <a href=\"https:\/\/recursing-golick.147-182-135-0.plesk.page\/department\/youth-ministries\/\">ICI<\/a>.<\/p>\n<p>Utilisez le mot-clic (hashtag) #GYD22.<\/p>\n<p>Sites du JMJ\u00a0:\u00a0<a href=\"https:\/\/www.globalyouthday.org\/\">globalyouthday.org<\/a>\u00a0 et\u00a0<a href=\"https:\/\/www.gcyouthministries.org\/events-and-projects\/global-youth-day-gyd\/\">gcyouthministries.org<\/a>.<\/p>\n<p>Traduction\u00a0: Marie-Mich\u00e8le Robitaille<\/p>\n<p>&nbsp;<\/p>\n","protected":false},"excerpt":{"rendered":"<p>March 9, 2022 | Miami, Florida, United States | Libna Stevens, Inter-American Division News Le 19\u00a0mars prochain, Journ\u00e9e mondiale de la jeunesse (JMJ ou GYD pour Global Youth Day), une&#8230;<\/p>\n","protected":false},"author":3,"featured_media":82288,"comment_status":"closed","ping_status":"closed","sticky":false,"template":"","format":"standard","meta":{"_acf_changed":false,"footnotes":""},"categories":[20,19],"tags":[],"class_list":["post-82318","post","type-post","status-publish","format-standard","has-post-thumbnail","hentry","category-nouvelles-du-siege-de-la-division","category-rss-francais"],"acf":[],"yoast_head":"<!-- This site is optimized with the Yoast SEO plugin v27.3 - https:\/\/yoast.com\/product\/yoast-seo-wordpress\/ -->\n<title>La Journ\u00e9e mondiale de la jeunesse de cette ann\u00e9e est ax\u00e9e sur \u00ab l\u2019amour des oubli\u00e9s \u00bb - \u00c9glise Adventiste Du Septieme Jour - Inter Am\u00e9rique Division<\/title>\n<meta name=\"robots\" content=\"index, follow, max-snippet:-1, max-image-preview:large, max-video-preview:-1\" \/>\n<link rel=\"canonical\" href=\"https:\/\/interamerica.org\/fr\/2022\/03\/la-journee-mondiale-de-la-jeunesse-de-cette-annee-est-axee-sur-lamour-des-oublies\/\" \/>\n<meta property=\"og:locale\" content=\"fr_FR\" \/>\n<meta property=\"og:type\" content=\"article\" \/>\n<meta property=\"og:title\" content=\"La Journ\u00e9e mondiale de la jeunesse de cette ann\u00e9e est ax\u00e9e sur \u00ab l\u2019amour des oubli\u00e9s \u00bb - \u00c9glise Adventiste Du Septieme Jour - Inter Am\u00e9rique Division\" \/>\n<meta property=\"og:description\" content=\"March 9, 2022 | Miami, Florida, United States | Libna Stevens, Inter-American Division News Le 19\u00a0mars prochain, Journ\u00e9e mondiale de la jeunesse (JMJ ou GYD pour Global Youth Day), une...\" \/>\n<meta property=\"og:url\" content=\"https:\/\/interamerica.org\/fr\/2022\/03\/la-journee-mondiale-de-la-jeunesse-de-cette-annee-est-axee-sur-lamour-des-oublies\/\" \/>\n<meta property=\"og:site_name\" content=\"\u00c9glise Adventiste Du Septieme Jour - Inter Am\u00e9rique Division\" \/>\n<meta property=\"article:published_time\" content=\"2022-03-10T00:42:12+00:00\" \/>\n<meta property=\"article:modified_time\" content=\"2022-03-10T15:06:43+00:00\" \/>\n<meta property=\"og:image\" content=\"https:\/\/interamerica.org\/wp-content\/uploads\/2022\/03\/gyd-2022-banner1280.jpg\" \/>\n\t<meta property=\"og:image:width\" content=\"1280\" \/>\n\t<meta property=\"og:image:height\" content=\"800\" \/>\n\t<meta property=\"og:image:type\" content=\"image\/jpeg\" \/>\n<meta name=\"author\" content=\"libna\" \/>\n<meta name=\"twitter:card\" content=\"summary_large_image\" \/>\n<meta name=\"twitter:label1\" content=\"\u00c9crit par\" \/>\n\t<meta name=\"twitter:data1\" content=\"libna\" \/>\n\t<meta name=\"twitter:label2\" content=\"Dur\u00e9e de lecture estim\u00e9e\" \/>\n\t<meta name=\"twitter:data2\" content=\"3 minutes\" \/>\n<script type=\"application\/ld+json\" class=\"yoast-schema-graph\">{\"@context\":\"https:\\\/\\\/schema.org\",\"@graph\":[{\"@type\":\"Article\",\"@id\":\"https:\\\/\\\/interamerica.org\\\/fr\\\/2022\\\/03\\\/la-journee-mondiale-de-la-jeunesse-de-cette-annee-est-axee-sur-lamour-des-oublies\\\/#article\",\"isPartOf\":{\"@id\":\"https:\\\/\\\/interamerica.org\\\/fr\\\/2022\\\/03\\\/la-journee-mondiale-de-la-jeunesse-de-cette-annee-est-axee-sur-lamour-des-oublies\\\/\"},\"author\":{\"name\":\"libna\",\"@id\":\"https:\\\/\\\/interamerica.org\\\/fr\\\/#\\\/schema\\\/person\\\/29998f2bc2d8bd0d38662909289b54f1\"},\"headline\":\"La Journ\u00e9e mondiale de la jeunesse de cette ann\u00e9e est ax\u00e9e sur \u00ab l\u2019amour des oubli\u00e9s \u00bb\",\"datePublished\":\"2022-03-10T00:42:12+00:00\",\"dateModified\":\"2022-03-10T15:06:43+00:00\",\"mainEntityOfPage\":{\"@id\":\"https:\\\/\\\/interamerica.org\\\/fr\\\/2022\\\/03\\\/la-journee-mondiale-de-la-jeunesse-de-cette-annee-est-axee-sur-lamour-des-oublies\\\/\"},\"wordCount\":590,\"image\":{\"@id\":\"https:\\\/\\\/interamerica.org\\\/fr\\\/2022\\\/03\\\/la-journee-mondiale-de-la-jeunesse-de-cette-annee-est-axee-sur-lamour-des-oublies\\\/#primaryimage\"},\"thumbnailUrl\":\"https:\\\/\\\/interamerica.org\\\/wp-content\\\/uploads\\\/2022\\\/03\\\/gyd-2022-banner1280.jpg\",\"articleSection\":[\"Nouvelles du si\u00e8ge de la division\",\"RSS Fran\u00e7ais\"],\"inLanguage\":\"fr-FR\"},{\"@type\":\"WebPage\",\"@id\":\"https:\\\/\\\/interamerica.org\\\/fr\\\/2022\\\/03\\\/la-journee-mondiale-de-la-jeunesse-de-cette-annee-est-axee-sur-lamour-des-oublies\\\/\",\"url\":\"https:\\\/\\\/interamerica.org\\\/fr\\\/2022\\\/03\\\/la-journee-mondiale-de-la-jeunesse-de-cette-annee-est-axee-sur-lamour-des-oublies\\\/\",\"name\":\"La Journ\u00e9e mondiale de la jeunesse de cette ann\u00e9e est ax\u00e9e sur \u00ab l\u2019amour des oubli\u00e9s \u00bb - \u00c9glise Adventiste Du Septieme Jour - Inter Am\u00e9rique Division\",\"isPartOf\":{\"@id\":\"https:\\\/\\\/interamerica.org\\\/fr\\\/#website\"},\"primaryImageOfPage\":{\"@id\":\"https:\\\/\\\/interamerica.org\\\/fr\\\/2022\\\/03\\\/la-journee-mondiale-de-la-jeunesse-de-cette-annee-est-axee-sur-lamour-des-oublies\\\/#primaryimage\"},\"image\":{\"@id\":\"https:\\\/\\\/interamerica.org\\\/fr\\\/2022\\\/03\\\/la-journee-mondiale-de-la-jeunesse-de-cette-annee-est-axee-sur-lamour-des-oublies\\\/#primaryimage\"},\"thumbnailUrl\":\"https:\\\/\\\/interamerica.org\\\/wp-content\\\/uploads\\\/2022\\\/03\\\/gyd-2022-banner1280.jpg\",\"datePublished\":\"2022-03-10T00:42:12+00:00\",\"dateModified\":\"2022-03-10T15:06:43+00:00\",\"author\":{\"@id\":\"https:\\\/\\\/interamerica.org\\\/fr\\\/#\\\/schema\\\/person\\\/29998f2bc2d8bd0d38662909289b54f1\"},\"breadcrumb\":{\"@id\":\"https:\\\/\\\/interamerica.org\\\/fr\\\/2022\\\/03\\\/la-journee-mondiale-de-la-jeunesse-de-cette-annee-est-axee-sur-lamour-des-oublies\\\/#breadcrumb\"},\"inLanguage\":\"fr-FR\",\"potentialAction\":[{\"@type\":\"ReadAction\",\"target\":[\"https:\\\/\\\/interamerica.org\\\/fr\\\/2022\\\/03\\\/la-journee-mondiale-de-la-jeunesse-de-cette-annee-est-axee-sur-lamour-des-oublies\\\/\"]}]},{\"@type\":\"ImageObject\",\"inLanguage\":\"fr-FR\",\"@id\":\"https:\\\/\\\/interamerica.org\\\/fr\\\/2022\\\/03\\\/la-journee-mondiale-de-la-jeunesse-de-cette-annee-est-axee-sur-lamour-des-oublies\\\/#primaryimage\",\"url\":\"https:\\\/\\\/interamerica.org\\\/wp-content\\\/uploads\\\/2022\\\/03\\\/gyd-2022-banner1280.jpg\",\"contentUrl\":\"https:\\\/\\\/interamerica.org\\\/wp-content\\\/uploads\\\/2022\\\/03\\\/gyd-2022-banner1280.jpg\",\"width\":1280,\"height\":800},{\"@type\":\"BreadcrumbList\",\"@id\":\"https:\\\/\\\/interamerica.org\\\/fr\\\/2022\\\/03\\\/la-journee-mondiale-de-la-jeunesse-de-cette-annee-est-axee-sur-lamour-des-oublies\\\/#breadcrumb\",\"itemListElement\":[{\"@type\":\"ListItem\",\"position\":1,\"name\":\"Home\",\"item\":\"https:\\\/\\\/interamerica.org\\\/fr\\\/\"},{\"@type\":\"ListItem\",\"position\":2,\"name\":\"La Journ\u00e9e mondiale de la jeunesse de cette ann\u00e9e est ax\u00e9e sur \u00ab l\u2019amour des oubli\u00e9s \u00bb\"}]},{\"@type\":\"WebSite\",\"@id\":\"https:\\\/\\\/interamerica.org\\\/fr\\\/#website\",\"url\":\"https:\\\/\\\/interamerica.org\\\/fr\\\/\",\"name\":\"\u00c9glise Adventiste Du Septieme Jour - Inter Am\u00e9rique Division\",\"description\":\"\",\"potentialAction\":[{\"@type\":\"SearchAction\",\"target\":{\"@type\":\"EntryPoint\",\"urlTemplate\":\"https:\\\/\\\/interamerica.org\\\/fr\\\/?s={search_term_string}\"},\"query-input\":{\"@type\":\"PropertyValueSpecification\",\"valueRequired\":true,\"valueName\":\"search_term_string\"}}],\"inLanguage\":\"fr-FR\"},{\"@type\":\"Person\",\"@id\":\"https:\\\/\\\/interamerica.org\\\/fr\\\/#\\\/schema\\\/person\\\/29998f2bc2d8bd0d38662909289b54f1\",\"name\":\"libna\",\"image\":{\"@type\":\"ImageObject\",\"inLanguage\":\"fr-FR\",\"@id\":\"https:\\\/\\\/secure.gravatar.com\\\/avatar\\\/7c5bd30ae4b47a9ba3c856590957fd1d96dc588bf3ac05719d247e126840331f?s=96&d=mm&r=g\",\"url\":\"https:\\\/\\\/secure.gravatar.com\\\/avatar\\\/7c5bd30ae4b47a9ba3c856590957fd1d96dc588bf3ac05719d247e126840331f?s=96&d=mm&r=g\",\"contentUrl\":\"https:\\\/\\\/secure.gravatar.com\\\/avatar\\\/7c5bd30ae4b47a9ba3c856590957fd1d96dc588bf3ac05719d247e126840331f?s=96&d=mm&r=g\",\"caption\":\"libna\"}}]}<\/script>\n<!-- \/ Yoast SEO plugin. -->","yoast_head_json":{"title":"La Journ\u00e9e mondiale de la jeunesse de cette ann\u00e9e est ax\u00e9e sur \u00ab l\u2019amour des oubli\u00e9s \u00bb - \u00c9glise Adventiste Du Septieme Jour - Inter Am\u00e9rique Division","robots":{"index":"index","follow":"follow","max-snippet":"max-snippet:-1","max-image-preview":"max-image-preview:large","max-video-preview":"max-video-preview:-1"},"canonical":"https:\/\/interamerica.org\/fr\/2022\/03\/la-journee-mondiale-de-la-jeunesse-de-cette-annee-est-axee-sur-lamour-des-oublies\/","og_locale":"fr_FR","og_type":"article","og_title":"La Journ\u00e9e mondiale de la jeunesse de cette ann\u00e9e est ax\u00e9e sur \u00ab l\u2019amour des oubli\u00e9s \u00bb - \u00c9glise Adventiste Du Septieme Jour - Inter Am\u00e9rique Division","og_description":"March 9, 2022 | Miami, Florida, United States | Libna Stevens, Inter-American Division News Le 19\u00a0mars prochain, Journ\u00e9e mondiale de la jeunesse (JMJ ou GYD pour Global Youth Day), une...","og_url":"https:\/\/interamerica.org\/fr\/2022\/03\/la-journee-mondiale-de-la-jeunesse-de-cette-annee-est-axee-sur-lamour-des-oublies\/","og_site_name":"\u00c9glise Adventiste Du Septieme Jour - Inter Am\u00e9rique Division","article_published_time":"2022-03-10T00:42:12+00:00","article_modified_time":"2022-03-10T15:06:43+00:00","og_image":[{"width":1280,"height":800,"url":"https:\/\/interamerica.org\/wp-content\/uploads\/2022\/03\/gyd-2022-banner1280.jpg","type":"image\/jpeg"}],"author":"libna","twitter_card":"summary_large_image","twitter_misc":{"\u00c9crit par":"libna","Dur\u00e9e de lecture estim\u00e9e":"3 minutes"},"schema":{"@context":"https:\/\/schema.org","@graph":[{"@type":"Article","@id":"https:\/\/interamerica.org\/fr\/2022\/03\/la-journee-mondiale-de-la-jeunesse-de-cette-annee-est-axee-sur-lamour-des-oublies\/#article","isPartOf":{"@id":"https:\/\/interamerica.org\/fr\/2022\/03\/la-journee-mondiale-de-la-jeunesse-de-cette-annee-est-axee-sur-lamour-des-oublies\/"},"author":{"name":"libna","@id":"https:\/\/interamerica.org\/fr\/#\/schema\/person\/29998f2bc2d8bd0d38662909289b54f1"},"headline":"La Journ\u00e9e mondiale de la jeunesse de cette ann\u00e9e est ax\u00e9e sur \u00ab l\u2019amour des oubli\u00e9s \u00bb","datePublished":"2022-03-10T00:42:12+00:00","dateModified":"2022-03-10T15:06:43+00:00","mainEntityOfPage":{"@id":"https:\/\/interamerica.org\/fr\/2022\/03\/la-journee-mondiale-de-la-jeunesse-de-cette-annee-est-axee-sur-lamour-des-oublies\/"},"wordCount":590,"image":{"@id":"https:\/\/interamerica.org\/fr\/2022\/03\/la-journee-mondiale-de-la-jeunesse-de-cette-annee-est-axee-sur-lamour-des-oublies\/#primaryimage"},"thumbnailUrl":"https:\/\/interamerica.org\/wp-content\/uploads\/2022\/03\/gyd-2022-banner1280.jpg","articleSection":["Nouvelles du si\u00e8ge de la division","RSS Fran\u00e7ais"],"inLanguage":"fr-FR"},{"@type":"WebPage","@id":"https:\/\/interamerica.org\/fr\/2022\/03\/la-journee-mondiale-de-la-jeunesse-de-cette-annee-est-axee-sur-lamour-des-oublies\/","url":"https:\/\/interamerica.org\/fr\/2022\/03\/la-journee-mondiale-de-la-jeunesse-de-cette-annee-est-axee-sur-lamour-des-oublies\/","name":"La Journ\u00e9e mondiale de la jeunesse de cette ann\u00e9e est ax\u00e9e sur \u00ab l\u2019amour des oubli\u00e9s \u00bb - \u00c9glise Adventiste Du Septieme Jour - Inter Am\u00e9rique Division","isPartOf":{"@id":"https:\/\/interamerica.org\/fr\/#website"},"primaryImageOfPage":{"@id":"https:\/\/interamerica.org\/fr\/2022\/03\/la-journee-mondiale-de-la-jeunesse-de-cette-annee-est-axee-sur-lamour-des-oublies\/#primaryimage"},"image":{"@id":"https:\/\/interamerica.org\/fr\/2022\/03\/la-journee-mondiale-de-la-jeunesse-de-cette-annee-est-axee-sur-lamour-des-oublies\/#primaryimage"},"thumbnailUrl":"https:\/\/interamerica.org\/wp-content\/uploads\/2022\/03\/gyd-2022-banner1280.jpg","datePublished":"2022-03-10T00:42:12+00:00","dateModified":"2022-03-10T15:06:43+00:00","author":{"@id":"https:\/\/interamerica.org\/fr\/#\/schema\/person\/29998f2bc2d8bd0d38662909289b54f1"},"breadcrumb":{"@id":"https:\/\/interamerica.org\/fr\/2022\/03\/la-journee-mondiale-de-la-jeunesse-de-cette-annee-est-axee-sur-lamour-des-oublies\/#breadcrumb"},"inLanguage":"fr-FR","potentialAction":[{"@type":"ReadAction","target":["https:\/\/interamerica.org\/fr\/2022\/03\/la-journee-mondiale-de-la-jeunesse-de-cette-annee-est-axee-sur-lamour-des-oublies\/"]}]},{"@type":"ImageObject","inLanguage":"fr-FR","@id":"https:\/\/interamerica.org\/fr\/2022\/03\/la-journee-mondiale-de-la-jeunesse-de-cette-annee-est-axee-sur-lamour-des-oublies\/#primaryimage","url":"https:\/\/interamerica.org\/wp-content\/uploads\/2022\/03\/gyd-2022-banner1280.jpg","contentUrl":"https:\/\/interamerica.org\/wp-content\/uploads\/2022\/03\/gyd-2022-banner1280.jpg","width":1280,"height":800},{"@type":"BreadcrumbList","@id":"https:\/\/interamerica.org\/fr\/2022\/03\/la-journee-mondiale-de-la-jeunesse-de-cette-annee-est-axee-sur-lamour-des-oublies\/#breadcrumb","itemListElement":[{"@type":"ListItem","position":1,"name":"Home","item":"https:\/\/interamerica.org\/fr\/"},{"@type":"ListItem","position":2,"name":"La Journ\u00e9e mondiale de la jeunesse de cette ann\u00e9e est ax\u00e9e sur \u00ab l\u2019amour des oubli\u00e9s \u00bb"}]},{"@type":"WebSite","@id":"https:\/\/interamerica.org\/fr\/#website","url":"https:\/\/interamerica.org\/fr\/","name":"\u00c9glise Adventiste Du Septieme Jour - Inter Am\u00e9rique Division","description":"","potentialAction":[{"@type":"SearchAction","target":{"@type":"EntryPoint","urlTemplate":"https:\/\/interamerica.org\/fr\/?s={search_term_string}"},"query-input":{"@type":"PropertyValueSpecification","valueRequired":true,"valueName":"search_term_string"}}],"inLanguage":"fr-FR"},{"@type":"Person","@id":"https:\/\/interamerica.org\/fr\/#\/schema\/person\/29998f2bc2d8bd0d38662909289b54f1","name":"libna","image":{"@type":"ImageObject","inLanguage":"fr-FR","@id":"https:\/\/secure.gravatar.com\/avatar\/7c5bd30ae4b47a9ba3c856590957fd1d96dc588bf3ac05719d247e126840331f?s=96&d=mm&r=g","url":"https:\/\/secure.gravatar.com\/avatar\/7c5bd30ae4b47a9ba3c856590957fd1d96dc588bf3ac05719d247e126840331f?s=96&d=mm&r=g","contentUrl":"https:\/\/secure.gravatar.com\/avatar\/7c5bd30ae4b47a9ba3c856590957fd1d96dc588bf3ac05719d247e126840331f?s=96&d=mm&r=g","caption":"libna"}}]}},"_links":{"self":[{"href":"https:\/\/interamerica.org\/fr\/wp-json\/wp\/v2\/posts\/82318","targetHints":{"allow":["GET"]}}],"collection":[{"href":"https:\/\/interamerica.org\/fr\/wp-json\/wp\/v2\/posts"}],"about":[{"href":"https:\/\/interamerica.org\/fr\/wp-json\/wp\/v2\/types\/post"}],"author":[{"embeddable":true,"href":"https:\/\/interamerica.org\/fr\/wp-json\/wp\/v2\/users\/3"}],"replies":[{"embeddable":true,"href":"https:\/\/interamerica.org\/fr\/wp-json\/wp\/v2\/comments?post=82318"}],"version-history":[{"count":0,"href":"https:\/\/interamerica.org\/fr\/wp-json\/wp\/v2\/posts\/82318\/revisions"}],"wp:featuredmedia":[{"embeddable":true,"href":"https:\/\/interamerica.org\/fr\/wp-json\/wp\/v2\/media\/82288"}],"wp:attachment":[{"href":"https:\/\/interamerica.org\/fr\/wp-json\/wp\/v2\/media?parent=82318"}],"wp:term":[{"taxonomy":"category","embeddable":true,"href":"https:\/\/interamerica.org\/fr\/wp-json\/wp\/v2\/categories?post=82318"},{"taxonomy":"post_tag","embeddable":true,"href":"https:\/\/interamerica.org\/fr\/wp-json\/wp\/v2\/tags?post=82318"}],"curies":[{"name":"wp","href":"https:\/\/api.w.org\/{rel}","templated":true}]}}