{"id":82330,"date":"2022-03-09T16:33:41","date_gmt":"2022-03-09T20:33:41","guid":{"rendered":"https:\/\/recursing-golick.147-182-135-0.plesk.page\/?p=82330"},"modified":"2022-03-10T09:32:57","modified_gmt":"2022-03-10T13:32:57","slug":"compassion-sans-limites","status":"publish","type":"post","link":"https:\/\/interamerica.org\/fr\/2022\/03\/compassion-sans-limites\/","title":{"rendered":"Compassion sans limites"},"content":{"rendered":"<h4 id=\"headline-6-7\" class=\"ct-headline\"><span id=\"span-21-7\" class=\"ct-span\">Les membres adventistes ouvrent leurs maisons et leurs c\u0153urs aux r\u00e9fugi\u00e9s ukrainiens.<\/span><\/h4>\n<p id=\"headline-7-7\" class=\"ct-headline\"><span id=\"span-20-7\" class=\"ct-span\">9 Mars 2022 | Pologne | Daniel Kluska, Union de F\u00e9d\u00e9rations Polonaise et Adventist Review<\/span><\/p>\n<p>Au cours des 12 premiers jours de la guerre en Ukraine, plus de 1,2 million de r\u00e9fugi\u00e9s ont travers\u00e9 la fronti\u00e8re polonaise pour \u00e9chapper \u00e0 l\u2019agression russe. Le peuple polonais, sans aucune h\u00e9sitation, a ouvert non seulement son c\u0153ur mais aussi ses maisons aux r\u00e9fugi\u00e9s qui traversent la fronti\u00e8re pour entrer dans le pays.<\/p>\n<p>L\u2019\u00c9glise adventiste du septi\u00e8me jour en Pologne a \u00e9galement offert son aide. La communaut\u00e9 adventiste qui compte environ 6000 membres a pr\u00e9par\u00e9 plus de 1200 abris sur les sites de l\u2019\u00e9glise et dans des maisons priv\u00e9es. A la date du 4 mars, pr\u00e8s de 400 personnes ont b\u00e9n\u00e9fici\u00e9 de leur aide, ont indiqu\u00e9 les dirigeants.<\/p>\n<p><div id=\"attachment_82309\" style=\"width: 814px\" class=\"wp-caption aligncenter\"><img fetchpriority=\"high\" decoding=\"async\" aria-describedby=\"caption-attachment-82309\" class=\" wp-image-82309\" src=\"https:\/\/recursing-golick.147-182-135-0.plesk.page\/wp-content\/uploads\/2022\/03\/poland-2022-03-puc-ua-help-2-1024x768-1.jpeg\" alt=\"\" width=\"804\" height=\"603\" srcset=\"https:\/\/interamerica.org\/wp-content\/uploads\/2022\/03\/poland-2022-03-puc-ua-help-2-1024x768-1.jpeg 1024w, https:\/\/interamerica.org\/wp-content\/uploads\/2022\/03\/poland-2022-03-puc-ua-help-2-1024x768-1-300x225.jpeg 300w, https:\/\/interamerica.org\/wp-content\/uploads\/2022\/03\/poland-2022-03-puc-ua-help-2-1024x768-1-768x576.jpeg 768w\" sizes=\"(max-width: 804px) 100vw, 804px\" \/><p id=\"caption-attachment-82309\" class=\"wp-caption-text\">Des \u00e9glises locales et d\u2019autres salles sont devenues des sites servant d\u2019entrep\u00f4ts pour les dons que collectent les membres pour les r\u00e9fugi\u00e9s ukrainiens. [Photo : Union de F\u00e9d\u00e9rations Polonaise]<\/p><\/div>Les organisations humanitaires adventistes sont \u00e9galement impliqu\u00e9es. Des b\u00e9n\u00e9voles de l\u2019Agence Adventiste de D\u00e9veloppement et de Secours (ADRA) en Pologne ont visit\u00e9 plusieurs points de passage frontaliers et d\u2019accueil, o\u00f9 ils ont distribu\u00e9 des paquets et organis\u00e9 un h\u00e9bergement tout en recensant les besoins les plus urgents des personnes qui fuient la guerre. ADRA a pr\u00e9par\u00e9 et distribu\u00e9 des \u00ab Start Packages \u00bb &#8211; un ensemble d\u2019articles d\u2019hygi\u00e8ne personnelle de base pour les personnes qui traversent la fronti\u00e8re. ADRA est \u00e9galement impliqu\u00e9e dans le transport humanitaire vers l\u2019Ukraine.<\/p>\n<p>L\u2019association caritative chr\u00e9tienne \u00ab Blisko Serca \u00bb (Pr\u00e8s du C\u0153ur) a affect\u00e9 deux de ses centres \u00e0 la r\u00e9ception des r\u00e9fugi\u00e9s en provenance d\u2019Ukraine. Au total, le centre Orion \u00e0 Wis\u0142a et le centre Polubie \u00e0 Zatonie sont pr\u00eats \u00e0 accueillir plus de 70 personnes.<\/p>\n<p><div id=\"attachment_82312\" style=\"width: 856px\" class=\"wp-caption aligncenter\"><img decoding=\"async\" aria-describedby=\"caption-attachment-82312\" class=\" wp-image-82312\" src=\"https:\/\/recursing-golick.147-182-135-0.plesk.page\/wp-content\/uploads\/2022\/03\/poland-22022-03-puc-ua-help-4-1024x768-1.jpeg\" alt=\"\" width=\"846\" height=\"634\" srcset=\"https:\/\/interamerica.org\/wp-content\/uploads\/2022\/03\/poland-22022-03-puc-ua-help-4-1024x768-1.jpeg 1024w, https:\/\/interamerica.org\/wp-content\/uploads\/2022\/03\/poland-22022-03-puc-ua-help-4-1024x768-1-300x225.jpeg 300w, https:\/\/interamerica.org\/wp-content\/uploads\/2022\/03\/poland-22022-03-puc-ua-help-4-1024x768-1-768x576.jpeg 768w\" sizes=\"(max-width: 846px) 100vw, 846px\" \/><p id=\"caption-attachment-82312\" class=\"wp-caption-text\">Les centres adventistes ont \u00e9t\u00e9 adapt\u00e9s en quelques heures seulement pour h\u00e9berger les ukrainiens qui se dirigent vers l\u2019ouest alors qu\u2019ils fuient leur pays et se rendent en Pologne. [Photo : Union de F\u00e9d\u00e9rations Polonaise]<\/p><\/div>Le Coll\u00e8ge Sup\u00e9rieur Polonais de Th\u00e9ologie et de Sciences Humaines de Podkowa Le\u015bna a d\u00e9j\u00e0 accueilli plus de 30 personnes. Des plans sont en cours pour mettre \u00e0 disposition d\u2019autres b\u00e2timents et d\u2019autres sites, augmentant ainsi le nombre de personnes pouvant \u00eatre h\u00e9berg\u00e9es. Une section maternelle pour les enfants r\u00e9fugi\u00e9s, g\u00e9r\u00e9e par des b\u00e9n\u00e9voles de l\u2019\u00e9glise locale, ouvrira \u00e9galement sur le campus dans les prochains jours.<\/p>\n<p>Les jeunes membres de l\u2019\u00e9glise sont \u00e9galement engag\u00e9s dans l\u2019effort humanitaire. L\u2019Association Adventiste de Scoutisme (ZHA) et les \u00c9claireurs ont organis\u00e9 des collectes de charit\u00e9 dans toute la Pologne. La r\u00e9ponse a \u00e9t\u00e9 \u00e9norme. Sacs de couchage, nattes, couvertures, oreillers, couettes, produits d\u2019hygi\u00e8ne, denr\u00e9es non p\u00e9rissables, lampes de poche, piles, couches, m\u00e9dicaments, aides m\u00e9dicales et r\u00e9chauds sont d\u00e9j\u00e0 en route. Les dons ont \u00e9t\u00e9 achemin\u00e9s vers la partie occidentale de l\u2019Ukraine, en tenant compte de la migration des personnes venant de la partie orientale du pays.<\/p>\n<p><div id=\"attachment_82300\" style=\"width: 879px\" class=\"wp-caption aligncenter\"><img decoding=\"async\" aria-describedby=\"caption-attachment-82300\" class=\" wp-image-82300\" src=\"https:\/\/recursing-golick.147-182-135-0.plesk.page\/wp-content\/uploads\/2022\/03\/poland-pathfinders-2022-03-puc-ua-help-6-1024x768-1.jpeg\" alt=\"\" width=\"869\" height=\"652\" srcset=\"https:\/\/interamerica.org\/wp-content\/uploads\/2022\/03\/poland-pathfinders-2022-03-puc-ua-help-6-1024x768-1.jpeg 1024w, https:\/\/interamerica.org\/wp-content\/uploads\/2022\/03\/poland-pathfinders-2022-03-puc-ua-help-6-1024x768-1-300x225.jpeg 300w, https:\/\/interamerica.org\/wp-content\/uploads\/2022\/03\/poland-pathfinders-2022-03-puc-ua-help-6-1024x768-1-768x576.jpeg 768w\" sizes=\"(max-width: 869px) 100vw, 869px\" \/><p id=\"caption-attachment-82300\" class=\"wp-caption-text\">Les \u00e9claireurs de toute la Pologne collectent des quantit\u00e9s impressionnantes de provisions pour aider les ukrainiens fuyant leur pays. [Photo : Union de F\u00e9d\u00e9rations Polonaise]<\/p><\/div>Ryszard Jankowski, pr\u00e9sident de l\u2019Union de F\u00e9d\u00e9rations des \u00c9glises Adventistes de Pologne, ainsi que Tomasz \u017belazko, un autre pasteur, ont visit\u00e9 l\u2019un des passages frontaliers et, sur le chemin du retour vers Varsovie, les hommes ont propos\u00e9 \u00e0 un groupe de r\u00e9fugi\u00e9s de les transporter dans leur v\u00e9hicule.<\/p>\n<p>\u00ab Il est impossible de d\u00e9crire l\u2019ampleur des activit\u00e9s qui sont men\u00e9es non seulement par l\u2019\u00c9glise adventiste \u00e0 travers ses institutions, mais surtout par des membres individuels de la communaut\u00e9 et des \u00e9glises locales, \u00bb ont d\u00e9clar\u00e9 les dirigeants de l\u2019\u00e9glise. \u00ab De nombreuses \u00e9glises locales ont suspendu l\u2019organisation des services du sabbat car leurs sites servent actuellement de lieux d\u2019h\u00e9bergement. Beaucoup de gens sacrifient non seulement leurs finances, mais surtout, ouvrent leurs propres maisons et accueillent ceux qui sont dans le besoin.<\/p>\n<p>Traduction: Patrick Luciathe<\/p>\n","protected":false},"excerpt":{"rendered":"<p>Les membres adventistes ouvrent leurs maisons et leurs c\u0153urs aux r\u00e9fugi\u00e9s ukrainiens. 9 Mars 2022 | Pologne | Daniel Kluska, Union de F\u00e9d\u00e9rations Polonaise et Adventist Review Au cours des&#8230;<\/p>\n","protected":false},"author":3,"featured_media":82303,"comment_status":"closed","ping_status":"closed","sticky":false,"template":"","format":"standard","meta":{"_acf_changed":false,"footnotes":""},"categories":[18,19],"tags":[],"class_list":["post-82330","post","type-post","status-publish","format-standard","has-post-thumbnail","hentry","category-nouvelles-de-leglise-mondiale","category-rss-francais"],"acf":[],"yoast_head":"<!-- This site is optimized with the Yoast SEO plugin v27.3 - https:\/\/yoast.com\/product\/yoast-seo-wordpress\/ -->\n<title>Compassion sans limites - \u00c9glise Adventiste Du Septieme Jour - Inter Am\u00e9rique Division<\/title>\n<meta name=\"robots\" content=\"index, follow, max-snippet:-1, max-image-preview:large, max-video-preview:-1\" \/>\n<link rel=\"canonical\" href=\"https:\/\/interamerica.org\/fr\/2022\/03\/compassion-sans-limites\/\" \/>\n<meta property=\"og:locale\" content=\"fr_FR\" \/>\n<meta property=\"og:type\" content=\"article\" \/>\n<meta property=\"og:title\" content=\"Compassion sans limites - \u00c9glise Adventiste Du Septieme Jour - Inter Am\u00e9rique Division\" \/>\n<meta property=\"og:description\" content=\"Les membres adventistes ouvrent leurs maisons et leurs c\u0153urs aux r\u00e9fugi\u00e9s ukrainiens. 9 Mars 2022 | Pologne | Daniel Kluska, Union de F\u00e9d\u00e9rations Polonaise et Adventist Review Au cours des...\" \/>\n<meta property=\"og:url\" content=\"https:\/\/interamerica.org\/fr\/2022\/03\/compassion-sans-limites\/\" \/>\n<meta property=\"og:site_name\" content=\"\u00c9glise Adventiste Du Septieme Jour - Inter Am\u00e9rique Division\" \/>\n<meta property=\"article:published_time\" content=\"2022-03-09T20:33:41+00:00\" \/>\n<meta property=\"article:modified_time\" content=\"2022-03-10T13:32:57+00:00\" \/>\n<meta property=\"og:image\" content=\"https:\/\/interamerica.org\/wp-content\/uploads\/2022\/03\/compassion-without-limits1-1280.jpg\" \/>\n\t<meta property=\"og:image:width\" content=\"1280\" \/>\n\t<meta property=\"og:image:height\" content=\"800\" \/>\n\t<meta property=\"og:image:type\" content=\"image\/jpeg\" \/>\n<meta name=\"author\" content=\"libna\" \/>\n<meta name=\"twitter:card\" content=\"summary_large_image\" \/>\n<meta name=\"twitter:label1\" content=\"\u00c9crit par\" \/>\n\t<meta name=\"twitter:data1\" content=\"libna\" \/>\n\t<meta name=\"twitter:label2\" content=\"Dur\u00e9e de lecture estim\u00e9e\" \/>\n\t<meta name=\"twitter:data2\" content=\"4 minutes\" \/>\n<script type=\"application\/ld+json\" class=\"yoast-schema-graph\">{\"@context\":\"https:\\\/\\\/schema.org\",\"@graph\":[{\"@type\":\"Article\",\"@id\":\"https:\\\/\\\/interamerica.org\\\/fr\\\/2022\\\/03\\\/compassion-sans-limites\\\/#article\",\"isPartOf\":{\"@id\":\"https:\\\/\\\/interamerica.org\\\/fr\\\/2022\\\/03\\\/compassion-sans-limites\\\/\"},\"author\":{\"name\":\"libna\",\"@id\":\"https:\\\/\\\/interamerica.org\\\/fr\\\/#\\\/schema\\\/person\\\/29998f2bc2d8bd0d38662909289b54f1\"},\"headline\":\"Compassion sans limites\",\"datePublished\":\"2022-03-09T20:33:41+00:00\",\"dateModified\":\"2022-03-10T13:32:57+00:00\",\"mainEntityOfPage\":{\"@id\":\"https:\\\/\\\/interamerica.org\\\/fr\\\/2022\\\/03\\\/compassion-sans-limites\\\/\"},\"wordCount\":750,\"image\":{\"@id\":\"https:\\\/\\\/interamerica.org\\\/fr\\\/2022\\\/03\\\/compassion-sans-limites\\\/#primaryimage\"},\"thumbnailUrl\":\"https:\\\/\\\/interamerica.org\\\/wp-content\\\/uploads\\\/2022\\\/03\\\/compassion-without-limits1-1280.jpg\",\"articleSection\":[\"Nouvelles de l'\u00c9glise mondiale\",\"RSS Fran\u00e7ais\"],\"inLanguage\":\"fr-FR\"},{\"@type\":\"WebPage\",\"@id\":\"https:\\\/\\\/interamerica.org\\\/fr\\\/2022\\\/03\\\/compassion-sans-limites\\\/\",\"url\":\"https:\\\/\\\/interamerica.org\\\/fr\\\/2022\\\/03\\\/compassion-sans-limites\\\/\",\"name\":\"Compassion sans limites - \u00c9glise Adventiste Du Septieme Jour - Inter Am\u00e9rique Division\",\"isPartOf\":{\"@id\":\"https:\\\/\\\/interamerica.org\\\/fr\\\/#website\"},\"primaryImageOfPage\":{\"@id\":\"https:\\\/\\\/interamerica.org\\\/fr\\\/2022\\\/03\\\/compassion-sans-limites\\\/#primaryimage\"},\"image\":{\"@id\":\"https:\\\/\\\/interamerica.org\\\/fr\\\/2022\\\/03\\\/compassion-sans-limites\\\/#primaryimage\"},\"thumbnailUrl\":\"https:\\\/\\\/interamerica.org\\\/wp-content\\\/uploads\\\/2022\\\/03\\\/compassion-without-limits1-1280.jpg\",\"datePublished\":\"2022-03-09T20:33:41+00:00\",\"dateModified\":\"2022-03-10T13:32:57+00:00\",\"author\":{\"@id\":\"https:\\\/\\\/interamerica.org\\\/fr\\\/#\\\/schema\\\/person\\\/29998f2bc2d8bd0d38662909289b54f1\"},\"breadcrumb\":{\"@id\":\"https:\\\/\\\/interamerica.org\\\/fr\\\/2022\\\/03\\\/compassion-sans-limites\\\/#breadcrumb\"},\"inLanguage\":\"fr-FR\",\"potentialAction\":[{\"@type\":\"ReadAction\",\"target\":[\"https:\\\/\\\/interamerica.org\\\/fr\\\/2022\\\/03\\\/compassion-sans-limites\\\/\"]}]},{\"@type\":\"ImageObject\",\"inLanguage\":\"fr-FR\",\"@id\":\"https:\\\/\\\/interamerica.org\\\/fr\\\/2022\\\/03\\\/compassion-sans-limites\\\/#primaryimage\",\"url\":\"https:\\\/\\\/interamerica.org\\\/wp-content\\\/uploads\\\/2022\\\/03\\\/compassion-without-limits1-1280.jpg\",\"contentUrl\":\"https:\\\/\\\/interamerica.org\\\/wp-content\\\/uploads\\\/2022\\\/03\\\/compassion-without-limits1-1280.jpg\",\"width\":1280,\"height\":800},{\"@type\":\"BreadcrumbList\",\"@id\":\"https:\\\/\\\/interamerica.org\\\/fr\\\/2022\\\/03\\\/compassion-sans-limites\\\/#breadcrumb\",\"itemListElement\":[{\"@type\":\"ListItem\",\"position\":1,\"name\":\"Home\",\"item\":\"https:\\\/\\\/interamerica.org\\\/fr\\\/\"},{\"@type\":\"ListItem\",\"position\":2,\"name\":\"Compassion sans limites\"}]},{\"@type\":\"WebSite\",\"@id\":\"https:\\\/\\\/interamerica.org\\\/fr\\\/#website\",\"url\":\"https:\\\/\\\/interamerica.org\\\/fr\\\/\",\"name\":\"\u00c9glise Adventiste Du Septieme Jour - Inter Am\u00e9rique Division\",\"description\":\"\",\"potentialAction\":[{\"@type\":\"SearchAction\",\"target\":{\"@type\":\"EntryPoint\",\"urlTemplate\":\"https:\\\/\\\/interamerica.org\\\/fr\\\/?s={search_term_string}\"},\"query-input\":{\"@type\":\"PropertyValueSpecification\",\"valueRequired\":true,\"valueName\":\"search_term_string\"}}],\"inLanguage\":\"fr-FR\"},{\"@type\":\"Person\",\"@id\":\"https:\\\/\\\/interamerica.org\\\/fr\\\/#\\\/schema\\\/person\\\/29998f2bc2d8bd0d38662909289b54f1\",\"name\":\"libna\",\"image\":{\"@type\":\"ImageObject\",\"inLanguage\":\"fr-FR\",\"@id\":\"https:\\\/\\\/secure.gravatar.com\\\/avatar\\\/7c5bd30ae4b47a9ba3c856590957fd1d96dc588bf3ac05719d247e126840331f?s=96&d=mm&r=g\",\"url\":\"https:\\\/\\\/secure.gravatar.com\\\/avatar\\\/7c5bd30ae4b47a9ba3c856590957fd1d96dc588bf3ac05719d247e126840331f?s=96&d=mm&r=g\",\"contentUrl\":\"https:\\\/\\\/secure.gravatar.com\\\/avatar\\\/7c5bd30ae4b47a9ba3c856590957fd1d96dc588bf3ac05719d247e126840331f?s=96&d=mm&r=g\",\"caption\":\"libna\"}}]}<\/script>\n<!-- \/ Yoast SEO plugin. -->","yoast_head_json":{"title":"Compassion sans limites - \u00c9glise Adventiste Du Septieme Jour - Inter Am\u00e9rique Division","robots":{"index":"index","follow":"follow","max-snippet":"max-snippet:-1","max-image-preview":"max-image-preview:large","max-video-preview":"max-video-preview:-1"},"canonical":"https:\/\/interamerica.org\/fr\/2022\/03\/compassion-sans-limites\/","og_locale":"fr_FR","og_type":"article","og_title":"Compassion sans limites - \u00c9glise Adventiste Du Septieme Jour - Inter Am\u00e9rique Division","og_description":"Les membres adventistes ouvrent leurs maisons et leurs c\u0153urs aux r\u00e9fugi\u00e9s ukrainiens. 9 Mars 2022 | Pologne | Daniel Kluska, Union de F\u00e9d\u00e9rations Polonaise et Adventist Review Au cours des...","og_url":"https:\/\/interamerica.org\/fr\/2022\/03\/compassion-sans-limites\/","og_site_name":"\u00c9glise Adventiste Du Septieme Jour - Inter Am\u00e9rique Division","article_published_time":"2022-03-09T20:33:41+00:00","article_modified_time":"2022-03-10T13:32:57+00:00","og_image":[{"width":1280,"height":800,"url":"https:\/\/interamerica.org\/wp-content\/uploads\/2022\/03\/compassion-without-limits1-1280.jpg","type":"image\/jpeg"}],"author":"libna","twitter_card":"summary_large_image","twitter_misc":{"\u00c9crit par":"libna","Dur\u00e9e de lecture estim\u00e9e":"4 minutes"},"schema":{"@context":"https:\/\/schema.org","@graph":[{"@type":"Article","@id":"https:\/\/interamerica.org\/fr\/2022\/03\/compassion-sans-limites\/#article","isPartOf":{"@id":"https:\/\/interamerica.org\/fr\/2022\/03\/compassion-sans-limites\/"},"author":{"name":"libna","@id":"https:\/\/interamerica.org\/fr\/#\/schema\/person\/29998f2bc2d8bd0d38662909289b54f1"},"headline":"Compassion sans limites","datePublished":"2022-03-09T20:33:41+00:00","dateModified":"2022-03-10T13:32:57+00:00","mainEntityOfPage":{"@id":"https:\/\/interamerica.org\/fr\/2022\/03\/compassion-sans-limites\/"},"wordCount":750,"image":{"@id":"https:\/\/interamerica.org\/fr\/2022\/03\/compassion-sans-limites\/#primaryimage"},"thumbnailUrl":"https:\/\/interamerica.org\/wp-content\/uploads\/2022\/03\/compassion-without-limits1-1280.jpg","articleSection":["Nouvelles de l'\u00c9glise mondiale","RSS Fran\u00e7ais"],"inLanguage":"fr-FR"},{"@type":"WebPage","@id":"https:\/\/interamerica.org\/fr\/2022\/03\/compassion-sans-limites\/","url":"https:\/\/interamerica.org\/fr\/2022\/03\/compassion-sans-limites\/","name":"Compassion sans limites - \u00c9glise Adventiste Du Septieme Jour - Inter Am\u00e9rique Division","isPartOf":{"@id":"https:\/\/interamerica.org\/fr\/#website"},"primaryImageOfPage":{"@id":"https:\/\/interamerica.org\/fr\/2022\/03\/compassion-sans-limites\/#primaryimage"},"image":{"@id":"https:\/\/interamerica.org\/fr\/2022\/03\/compassion-sans-limites\/#primaryimage"},"thumbnailUrl":"https:\/\/interamerica.org\/wp-content\/uploads\/2022\/03\/compassion-without-limits1-1280.jpg","datePublished":"2022-03-09T20:33:41+00:00","dateModified":"2022-03-10T13:32:57+00:00","author":{"@id":"https:\/\/interamerica.org\/fr\/#\/schema\/person\/29998f2bc2d8bd0d38662909289b54f1"},"breadcrumb":{"@id":"https:\/\/interamerica.org\/fr\/2022\/03\/compassion-sans-limites\/#breadcrumb"},"inLanguage":"fr-FR","potentialAction":[{"@type":"ReadAction","target":["https:\/\/interamerica.org\/fr\/2022\/03\/compassion-sans-limites\/"]}]},{"@type":"ImageObject","inLanguage":"fr-FR","@id":"https:\/\/interamerica.org\/fr\/2022\/03\/compassion-sans-limites\/#primaryimage","url":"https:\/\/interamerica.org\/wp-content\/uploads\/2022\/03\/compassion-without-limits1-1280.jpg","contentUrl":"https:\/\/interamerica.org\/wp-content\/uploads\/2022\/03\/compassion-without-limits1-1280.jpg","width":1280,"height":800},{"@type":"BreadcrumbList","@id":"https:\/\/interamerica.org\/fr\/2022\/03\/compassion-sans-limites\/#breadcrumb","itemListElement":[{"@type":"ListItem","position":1,"name":"Home","item":"https:\/\/interamerica.org\/fr\/"},{"@type":"ListItem","position":2,"name":"Compassion sans limites"}]},{"@type":"WebSite","@id":"https:\/\/interamerica.org\/fr\/#website","url":"https:\/\/interamerica.org\/fr\/","name":"\u00c9glise Adventiste Du Septieme Jour - Inter Am\u00e9rique Division","description":"","potentialAction":[{"@type":"SearchAction","target":{"@type":"EntryPoint","urlTemplate":"https:\/\/interamerica.org\/fr\/?s={search_term_string}"},"query-input":{"@type":"PropertyValueSpecification","valueRequired":true,"valueName":"search_term_string"}}],"inLanguage":"fr-FR"},{"@type":"Person","@id":"https:\/\/interamerica.org\/fr\/#\/schema\/person\/29998f2bc2d8bd0d38662909289b54f1","name":"libna","image":{"@type":"ImageObject","inLanguage":"fr-FR","@id":"https:\/\/secure.gravatar.com\/avatar\/7c5bd30ae4b47a9ba3c856590957fd1d96dc588bf3ac05719d247e126840331f?s=96&d=mm&r=g","url":"https:\/\/secure.gravatar.com\/avatar\/7c5bd30ae4b47a9ba3c856590957fd1d96dc588bf3ac05719d247e126840331f?s=96&d=mm&r=g","contentUrl":"https:\/\/secure.gravatar.com\/avatar\/7c5bd30ae4b47a9ba3c856590957fd1d96dc588bf3ac05719d247e126840331f?s=96&d=mm&r=g","caption":"libna"}}]}},"_links":{"self":[{"href":"https:\/\/interamerica.org\/fr\/wp-json\/wp\/v2\/posts\/82330","targetHints":{"allow":["GET"]}}],"collection":[{"href":"https:\/\/interamerica.org\/fr\/wp-json\/wp\/v2\/posts"}],"about":[{"href":"https:\/\/interamerica.org\/fr\/wp-json\/wp\/v2\/types\/post"}],"author":[{"embeddable":true,"href":"https:\/\/interamerica.org\/fr\/wp-json\/wp\/v2\/users\/3"}],"replies":[{"embeddable":true,"href":"https:\/\/interamerica.org\/fr\/wp-json\/wp\/v2\/comments?post=82330"}],"version-history":[{"count":0,"href":"https:\/\/interamerica.org\/fr\/wp-json\/wp\/v2\/posts\/82330\/revisions"}],"wp:featuredmedia":[{"embeddable":true,"href":"https:\/\/interamerica.org\/fr\/wp-json\/wp\/v2\/media\/82303"}],"wp:attachment":[{"href":"https:\/\/interamerica.org\/fr\/wp-json\/wp\/v2\/media?parent=82330"}],"wp:term":[{"taxonomy":"category","embeddable":true,"href":"https:\/\/interamerica.org\/fr\/wp-json\/wp\/v2\/categories?post=82330"},{"taxonomy":"post_tag","embeddable":true,"href":"https:\/\/interamerica.org\/fr\/wp-json\/wp\/v2\/tags?post=82330"}],"curies":[{"name":"wp","href":"https:\/\/api.w.org\/{rel}","templated":true}]}}