{"id":82332,"date":"2022-03-10T10:45:48","date_gmt":"2022-03-10T14:45:48","guid":{"rendered":"https:\/\/recursing-golick.147-182-135-0.plesk.page\/?p=82332"},"modified":"2022-03-10T16:10:43","modified_gmt":"2022-03-10T20:10:43","slug":"apprendre-de-nos-epreuves","status":"publish","type":"post","link":"https:\/\/interamerica.org\/fr\/2022\/03\/apprendre-de-nos-epreuves\/","title":{"rendered":"Apprendre de nos \u00e9preuves"},"content":{"rendered":"<div>\n<div><span lang=\"FR-CA\">Le 10 mars 2022 | Miami, Floride, \u00c9tats-Unis |\u00a0Roberto Herrera<\/span><\/div>\n<\/div>\n<div>\n<p><span lang=\"FR-CA\">Chacun de nous a sans doute v\u00e9cu, \u00e0 un moment ou \u00e0 un autre (et probablement nous tous au cours des deux derni\u00e8res ann\u00e9es), des situations qui nous ont aid\u00e9s \u00e0 compatir avec les paroles que l\u2019ap\u00f4tre Paul a choisies pour remercier Dieu lorsqu\u2019il a parl\u00e9 aux membres de l\u2019\u00c9glise de Corinthe\u00a0: \u00ab\u00a0Nous ne voulons pas, en effet, vous laisser ignorer, fr\u00e8res, au sujet de la tribulation qui nous est survenue en Asie, que nous avons \u00e9t\u00e9 excessivement accabl\u00e9s, au-del\u00e0 de nos forces, de telle sorte que nous d\u00e9sesp\u00e9rions m\u00eame de conserver la vie. Et nous regardions comme certain notre arr\u00eat de mort, afin de ne pas placer notre confiance en nous-m\u00eames, mais de la placer en Dieu, qui ressuscite les morts. C\u2019est lui qui nous a d\u00e9livr\u00e9s et qui nous d\u00e9livrera d\u2019une telle mort, lui de qui nous esp\u00e9rons qu\u2019il nous d\u00e9livrera encore\u00a0\u00bb (2 Corinthiens\u00a01.8-10).<\/span><\/p>\n<\/div>\n<div>\n<p><span lang=\"FR-CA\">Dans ces versets, Paul affirme des v\u00e9rit\u00e9s tr\u00e8s importantes. Selon l\u2019une d\u2019elles, croire, voire servir Dieu fid\u00e8lement, ne nous prot\u00e8ge ni des probl\u00e8mes, ni des \u00e9preuves, ni m\u00eame des trag\u00e9dies insens\u00e9es. Mais d\u2019une mani\u00e8re ou d\u2019une autre, voir un homme comme Paul parler de moments o\u00f9 il a cru ne pas se sortir vivant de ces difficult\u00e9s nous rappelle que nous ne sommes pas seuls lorsque nous faisons face \u00e0 des jours p\u00e9rilleux ou lorsque nous arrivons \u00e0 un point o\u00f9 nous n\u2019avons plus d\u2019espoir.<\/span><\/p>\n<\/div>\n<div>\n<p><span lang=\"FR-CA\">Nous devrions m\u00eame le remercier, car apr\u00e8s avoir travers\u00e9 des calamit\u00e9s qui l\u2019ont rendu impuissant, d\u00e9sesp\u00e9r\u00e9 et perdu, il a r\u00e9fl\u00e9chi \u00e0 son exp\u00e9rience et, sous l\u2019inspiration divine, il nous a laiss\u00e9 des v\u00e9rit\u00e9s essentielles pour les moments o\u00f9 nous tentons de r\u00e9ussir notre vie chr\u00e9tienne.<\/span><\/p>\n<\/div>\n<div>\n<p><span lang=\"FR-CA\">Paul parle d\u2019un point de vue d\u2019exp\u00e9rience et de foi lorsqu\u2019il nous dit que ce qui lui est arriv\u00e9 l\u2019a aid\u00e9 \u00e0 apprendre \u00e0 faire confiance \u00e0 Dieu plut\u00f4t qu\u2019\u00e0 compter sur lui-m\u00eame. La raison qu\u2019il donne pour expliquer pourquoi il se concentre sur Dieu plut\u00f4t que sur les circonstances\u00a0: le Seigneur a le pouvoir de r\u00e9soudre m\u00eame la situation la plus extr\u00eame de ce monde, \u00e0 savoir, la mort. Si la mort devient r\u00e9elle, Dieu a le pouvoir de nous ressusciter.<\/span><\/p>\n<\/div>\n<div>\n<p><span lang=\"FR-CA\">Mais dans ce passage des \u00e9crits de Paul, peut-\u00eatre n\u2019y a-t-il pas d\u2019\u00e9nonc\u00e9s plus puissants que cette id\u00e9e selon laquelle notre Dieu ex\u00e9cute sa puissance et fait preuve de mis\u00e9ricorde envers nous d\u2019une mani\u00e8re qui r\u00e9ponde \u00e0 nos besoins pass\u00e9s, pr\u00e9sents et futurs. Ainsi, l\u2019\u0153uvre de Dieu en nous est compl\u00e8te et parfaite. Le Seigneur nous a d\u00e9livr\u00e9s, il nous d\u00e9livre et nous d\u00e9livrera! <\/span>Gloire \u00e0 Dieu! <span lang=\"FR-CA\">Nous ne pouvons demander mieux, car aucun mode de vie ne transcende ce que Dieu nous offre par sa gr\u00e2ce et sa puissance.<\/span><\/p>\n<\/div>\n<div>\n<p><span lang=\"FR-CA\">Paul tente de nous dire qu\u2019au travers de ces \u00e9preuves, Dieu lui a enseign\u00e9 que, m\u00eame quand arrive le jour o\u00f9 nous croyons que c\u2019est la fin, c\u2019est plut\u00f4t le moment de nous souvenir qu\u2019il nous a montr\u00e9 son amour et sa puissance par le pass\u00e9, nous d\u00e9livrant de situations qui \u00e9taient alors tr\u00e8s stressantes ou traumatisantes. En ce sens, il est bon pour les chr\u00e9tiens de se souvenir de la fa\u00e7on dont Dieu a agi envers nous par le pass\u00e9 afin que nous puissions affronter le pr\u00e9sent et l\u2019avenir dans la foi et l\u2019esp\u00e9rance. Ces paroles bien connues d\u2019Ellen G. White en disent long\u00a0: \u00ab\u00a0Lorsque je constate tout ce que le Seigneur a accompli, je suis remplie d\u2019\u00e9tonnement, et de confiance dans le Christ, notre chef. Nous n\u2019avons rien \u00e0 craindre de l\u2019avenir, si ce n\u2019est d\u2019oublier la fa\u00e7on dont le Seigneur nous a conduits, et ses enseignements du pass\u00e9.\u00a0\u00bb (<i>Life Sketches of Ellen G. White<\/i>, 196 [1915] dans <i>\u00c9v\u00e9nements des derniers jours<\/i>, 59)<\/span><\/p>\n<\/div>\n<div>\n<p><span lang=\"FR-CA\">Comme l\u2019a dit Paul lui-m\u00eame dans Romains\u00a08.1, nous n\u2019avons, par le pass\u00e9, re\u00e7u de plus grande d\u00e9livrance de Dieu que sa d\u00e9livrance de la terrible condamnation de nos p\u00e9ch\u00e9s.<\/span><\/p>\n<\/div>\n<div>\n<p><span lang=\"FR-CA\">Mais Dieu nous d\u00e9livre aussi aujourd\u2019hui et chaque jour de notre vie. Sa relation avec nous est constante. Comme nous faisons partie de sa cr\u00e9ation, il ne nous d\u00e9laisse ni ne nous abandonne jamais. Au contraire, il nous soutient et, par sa providence, il tient notre vie et notre histoire entre ses mains. Tous les jours, il nous aide afin que le p\u00e9ch\u00e9 ne puisse nous dominer (voir Romains\u00a06.14).<\/span><\/p>\n<\/div>\n<div>\n<p><span lang=\"FR-CA\">Enfin, l\u2019ap\u00f4tre Paul nous encourage \u00e0 regarder vers l\u2019avant avec optimisme et esp\u00e9rance, non pas d\u2019apr\u00e8s les plans que nous pouvons avoir \u00e9labor\u00e9s ou d\u2019apr\u00e8s l\u2019aide que d\u2019autres nous ont promise, mais parce que notre Dieu nous d\u00e9livrera assur\u00e9ment. Nous sommes des gens en qui Dieu ne cessera de travailler jusqu\u2019\u00e0 ce que son \u0153uvre en nous soit achev\u00e9e. C\u2019est ce que Paul a lui-m\u00eame dit dans Philippiens\u00a01.6, soit que Dieu terminerait cette \u0153uvre qu\u2019il a commenc\u00e9e en nous. Gr\u00e2ce \u00e0 cette promesse et ind\u00e9pendamment des circonstances qui nous entourent, notre avenir est brillant et notre triomphe en J\u00e9sus-Christ est certain.<\/span><\/p>\n<\/div>\n<div>\n<p><span lang=\"FR-CA\">En effet, \u00e0 travers l\u2019histoire, Dieu a d\u00e9montr\u00e9 sa capacit\u00e9 de d\u00e9livrer ses enfants des \u00e9preuves les plus intenses, de la fournaise ardente et des menaces et attaques de ceux qui se consid\u00e9raient comme puissants (voir Daniel\u00a03.17). Aujourd\u2019hui, nous n\u2019avons aucune raison ni aucun mobile d\u2019abandonner notre foi au Seigneur, lui qui nous a d\u00e9livr\u00e9s, qui nous d\u00e9livre et qui nous d\u00e9livrera pour l\u2019\u00e9ternit\u00e9.<\/span><\/p>\n<\/div>\n<div>\n<p><em><span lang=\"FR-CA\">Roberto Herrera est le directeur du d\u00e9partement de la Gestion chr\u00e9tienne de la vie de la Division interam\u00e9ricaine des adventistes du septi\u00e8me jour.<\/span><\/em><\/p>\n<\/div>\n<div><span lang=\"FR-CA\">Traduction\u00a0: Marie-Mich\u00e8le Robitaille<\/span><\/div>\n","protected":false},"excerpt":{"rendered":"<p>Le 10 mars 2022 | Miami, Floride, \u00c9tats-Unis |\u00a0Roberto Herrera Chacun de nous a sans doute v\u00e9cu, \u00e0 un moment ou \u00e0 un autre (et probablement nous tous au cours&#8230;<\/p>\n","protected":false},"author":3,"featured_media":82322,"comment_status":"closed","ping_status":"closed","sticky":false,"template":"","format":"standard","meta":{"_acf_changed":false,"footnotes":""},"categories":[20,19],"tags":[],"class_list":["post-82332","post","type-post","status-publish","format-standard","has-post-thumbnail","hentry","category-nouvelles-du-siege-de-la-division","category-rss-francais"],"acf":[],"yoast_head":"<!-- This site is optimized with the Yoast SEO plugin v27.3 - https:\/\/yoast.com\/product\/yoast-seo-wordpress\/ -->\n<title>Apprendre de nos \u00e9preuves - \u00c9glise Adventiste Du Septieme Jour - Inter Am\u00e9rique Division<\/title>\n<meta name=\"robots\" content=\"index, follow, max-snippet:-1, max-image-preview:large, max-video-preview:-1\" \/>\n<link rel=\"canonical\" href=\"https:\/\/interamerica.org\/fr\/2022\/03\/apprendre-de-nos-epreuves\/\" \/>\n<meta property=\"og:locale\" content=\"fr_FR\" \/>\n<meta property=\"og:type\" content=\"article\" \/>\n<meta property=\"og:title\" content=\"Apprendre de nos \u00e9preuves - \u00c9glise Adventiste Du Septieme Jour - Inter Am\u00e9rique Division\" \/>\n<meta property=\"og:description\" content=\"Le 10 mars 2022 | Miami, Floride, \u00c9tats-Unis |\u00a0Roberto Herrera Chacun de nous a sans doute v\u00e9cu, \u00e0 un moment ou \u00e0 un autre (et probablement nous tous au cours...\" \/>\n<meta property=\"og:url\" content=\"https:\/\/interamerica.org\/fr\/2022\/03\/apprendre-de-nos-epreuves\/\" \/>\n<meta property=\"og:site_name\" content=\"\u00c9glise Adventiste Du Septieme Jour - Inter Am\u00e9rique Division\" \/>\n<meta property=\"article:published_time\" content=\"2022-03-10T14:45:48+00:00\" \/>\n<meta property=\"article:modified_time\" content=\"2022-03-10T20:10:43+00:00\" \/>\n<meta property=\"og:image\" content=\"https:\/\/interamerica.org\/wp-content\/uploads\/2022\/03\/mountain-peak-elijah-hiett-ww0buxttumu-unsplash-1.jpg\" \/>\n\t<meta property=\"og:image:width\" content=\"1280\" \/>\n\t<meta property=\"og:image:height\" content=\"800\" \/>\n\t<meta property=\"og:image:type\" content=\"image\/jpeg\" \/>\n<meta name=\"author\" content=\"libna\" \/>\n<meta name=\"twitter:card\" content=\"summary_large_image\" \/>\n<meta name=\"twitter:label1\" content=\"\u00c9crit par\" \/>\n\t<meta name=\"twitter:data1\" content=\"libna\" \/>\n\t<meta name=\"twitter:label2\" content=\"Dur\u00e9e de lecture estim\u00e9e\" \/>\n\t<meta name=\"twitter:data2\" content=\"5 minutes\" \/>\n<script type=\"application\/ld+json\" class=\"yoast-schema-graph\">{\"@context\":\"https:\\\/\\\/schema.org\",\"@graph\":[{\"@type\":\"Article\",\"@id\":\"https:\\\/\\\/interamerica.org\\\/fr\\\/2022\\\/03\\\/apprendre-de-nos-epreuves\\\/#article\",\"isPartOf\":{\"@id\":\"https:\\\/\\\/interamerica.org\\\/fr\\\/2022\\\/03\\\/apprendre-de-nos-epreuves\\\/\"},\"author\":{\"name\":\"libna\",\"@id\":\"https:\\\/\\\/interamerica.org\\\/fr\\\/#\\\/schema\\\/person\\\/29998f2bc2d8bd0d38662909289b54f1\"},\"headline\":\"Apprendre de nos \u00e9preuves\",\"datePublished\":\"2022-03-10T14:45:48+00:00\",\"dateModified\":\"2022-03-10T20:10:43+00:00\",\"mainEntityOfPage\":{\"@id\":\"https:\\\/\\\/interamerica.org\\\/fr\\\/2022\\\/03\\\/apprendre-de-nos-epreuves\\\/\"},\"wordCount\":1055,\"image\":{\"@id\":\"https:\\\/\\\/interamerica.org\\\/fr\\\/2022\\\/03\\\/apprendre-de-nos-epreuves\\\/#primaryimage\"},\"thumbnailUrl\":\"https:\\\/\\\/interamerica.org\\\/wp-content\\\/uploads\\\/2022\\\/03\\\/mountain-peak-elijah-hiett-ww0buxttumu-unsplash-1.jpg\",\"articleSection\":[\"Nouvelles du si\u00e8ge de la division\",\"RSS Fran\u00e7ais\"],\"inLanguage\":\"fr-FR\"},{\"@type\":\"WebPage\",\"@id\":\"https:\\\/\\\/interamerica.org\\\/fr\\\/2022\\\/03\\\/apprendre-de-nos-epreuves\\\/\",\"url\":\"https:\\\/\\\/interamerica.org\\\/fr\\\/2022\\\/03\\\/apprendre-de-nos-epreuves\\\/\",\"name\":\"Apprendre de nos \u00e9preuves - \u00c9glise Adventiste Du Septieme Jour - Inter Am\u00e9rique Division\",\"isPartOf\":{\"@id\":\"https:\\\/\\\/interamerica.org\\\/fr\\\/#website\"},\"primaryImageOfPage\":{\"@id\":\"https:\\\/\\\/interamerica.org\\\/fr\\\/2022\\\/03\\\/apprendre-de-nos-epreuves\\\/#primaryimage\"},\"image\":{\"@id\":\"https:\\\/\\\/interamerica.org\\\/fr\\\/2022\\\/03\\\/apprendre-de-nos-epreuves\\\/#primaryimage\"},\"thumbnailUrl\":\"https:\\\/\\\/interamerica.org\\\/wp-content\\\/uploads\\\/2022\\\/03\\\/mountain-peak-elijah-hiett-ww0buxttumu-unsplash-1.jpg\",\"datePublished\":\"2022-03-10T14:45:48+00:00\",\"dateModified\":\"2022-03-10T20:10:43+00:00\",\"author\":{\"@id\":\"https:\\\/\\\/interamerica.org\\\/fr\\\/#\\\/schema\\\/person\\\/29998f2bc2d8bd0d38662909289b54f1\"},\"breadcrumb\":{\"@id\":\"https:\\\/\\\/interamerica.org\\\/fr\\\/2022\\\/03\\\/apprendre-de-nos-epreuves\\\/#breadcrumb\"},\"inLanguage\":\"fr-FR\",\"potentialAction\":[{\"@type\":\"ReadAction\",\"target\":[\"https:\\\/\\\/interamerica.org\\\/fr\\\/2022\\\/03\\\/apprendre-de-nos-epreuves\\\/\"]}]},{\"@type\":\"ImageObject\",\"inLanguage\":\"fr-FR\",\"@id\":\"https:\\\/\\\/interamerica.org\\\/fr\\\/2022\\\/03\\\/apprendre-de-nos-epreuves\\\/#primaryimage\",\"url\":\"https:\\\/\\\/interamerica.org\\\/wp-content\\\/uploads\\\/2022\\\/03\\\/mountain-peak-elijah-hiett-ww0buxttumu-unsplash-1.jpg\",\"contentUrl\":\"https:\\\/\\\/interamerica.org\\\/wp-content\\\/uploads\\\/2022\\\/03\\\/mountain-peak-elijah-hiett-ww0buxttumu-unsplash-1.jpg\",\"width\":1280,\"height\":800,\"caption\":\"[Une photo d\u2019Elijah Hiett\\\/Unsplansh.]\"},{\"@type\":\"BreadcrumbList\",\"@id\":\"https:\\\/\\\/interamerica.org\\\/fr\\\/2022\\\/03\\\/apprendre-de-nos-epreuves\\\/#breadcrumb\",\"itemListElement\":[{\"@type\":\"ListItem\",\"position\":1,\"name\":\"Home\",\"item\":\"https:\\\/\\\/interamerica.org\\\/fr\\\/\"},{\"@type\":\"ListItem\",\"position\":2,\"name\":\"Apprendre de nos \u00e9preuves\"}]},{\"@type\":\"WebSite\",\"@id\":\"https:\\\/\\\/interamerica.org\\\/fr\\\/#website\",\"url\":\"https:\\\/\\\/interamerica.org\\\/fr\\\/\",\"name\":\"\u00c9glise Adventiste Du Septieme Jour - Inter Am\u00e9rique Division\",\"description\":\"\",\"potentialAction\":[{\"@type\":\"SearchAction\",\"target\":{\"@type\":\"EntryPoint\",\"urlTemplate\":\"https:\\\/\\\/interamerica.org\\\/fr\\\/?s={search_term_string}\"},\"query-input\":{\"@type\":\"PropertyValueSpecification\",\"valueRequired\":true,\"valueName\":\"search_term_string\"}}],\"inLanguage\":\"fr-FR\"},{\"@type\":\"Person\",\"@id\":\"https:\\\/\\\/interamerica.org\\\/fr\\\/#\\\/schema\\\/person\\\/29998f2bc2d8bd0d38662909289b54f1\",\"name\":\"libna\",\"image\":{\"@type\":\"ImageObject\",\"inLanguage\":\"fr-FR\",\"@id\":\"https:\\\/\\\/secure.gravatar.com\\\/avatar\\\/7c5bd30ae4b47a9ba3c856590957fd1d96dc588bf3ac05719d247e126840331f?s=96&d=mm&r=g\",\"url\":\"https:\\\/\\\/secure.gravatar.com\\\/avatar\\\/7c5bd30ae4b47a9ba3c856590957fd1d96dc588bf3ac05719d247e126840331f?s=96&d=mm&r=g\",\"contentUrl\":\"https:\\\/\\\/secure.gravatar.com\\\/avatar\\\/7c5bd30ae4b47a9ba3c856590957fd1d96dc588bf3ac05719d247e126840331f?s=96&d=mm&r=g\",\"caption\":\"libna\"}}]}<\/script>\n<!-- \/ Yoast SEO plugin. -->","yoast_head_json":{"title":"Apprendre de nos \u00e9preuves - \u00c9glise Adventiste Du Septieme Jour - Inter Am\u00e9rique Division","robots":{"index":"index","follow":"follow","max-snippet":"max-snippet:-1","max-image-preview":"max-image-preview:large","max-video-preview":"max-video-preview:-1"},"canonical":"https:\/\/interamerica.org\/fr\/2022\/03\/apprendre-de-nos-epreuves\/","og_locale":"fr_FR","og_type":"article","og_title":"Apprendre de nos \u00e9preuves - \u00c9glise Adventiste Du Septieme Jour - Inter Am\u00e9rique Division","og_description":"Le 10 mars 2022 | Miami, Floride, \u00c9tats-Unis |\u00a0Roberto Herrera Chacun de nous a sans doute v\u00e9cu, \u00e0 un moment ou \u00e0 un autre (et probablement nous tous au cours...","og_url":"https:\/\/interamerica.org\/fr\/2022\/03\/apprendre-de-nos-epreuves\/","og_site_name":"\u00c9glise Adventiste Du Septieme Jour - Inter Am\u00e9rique Division","article_published_time":"2022-03-10T14:45:48+00:00","article_modified_time":"2022-03-10T20:10:43+00:00","og_image":[{"width":1280,"height":800,"url":"https:\/\/interamerica.org\/wp-content\/uploads\/2022\/03\/mountain-peak-elijah-hiett-ww0buxttumu-unsplash-1.jpg","type":"image\/jpeg"}],"author":"libna","twitter_card":"summary_large_image","twitter_misc":{"\u00c9crit par":"libna","Dur\u00e9e de lecture estim\u00e9e":"5 minutes"},"schema":{"@context":"https:\/\/schema.org","@graph":[{"@type":"Article","@id":"https:\/\/interamerica.org\/fr\/2022\/03\/apprendre-de-nos-epreuves\/#article","isPartOf":{"@id":"https:\/\/interamerica.org\/fr\/2022\/03\/apprendre-de-nos-epreuves\/"},"author":{"name":"libna","@id":"https:\/\/interamerica.org\/fr\/#\/schema\/person\/29998f2bc2d8bd0d38662909289b54f1"},"headline":"Apprendre de nos \u00e9preuves","datePublished":"2022-03-10T14:45:48+00:00","dateModified":"2022-03-10T20:10:43+00:00","mainEntityOfPage":{"@id":"https:\/\/interamerica.org\/fr\/2022\/03\/apprendre-de-nos-epreuves\/"},"wordCount":1055,"image":{"@id":"https:\/\/interamerica.org\/fr\/2022\/03\/apprendre-de-nos-epreuves\/#primaryimage"},"thumbnailUrl":"https:\/\/interamerica.org\/wp-content\/uploads\/2022\/03\/mountain-peak-elijah-hiett-ww0buxttumu-unsplash-1.jpg","articleSection":["Nouvelles du si\u00e8ge de la division","RSS Fran\u00e7ais"],"inLanguage":"fr-FR"},{"@type":"WebPage","@id":"https:\/\/interamerica.org\/fr\/2022\/03\/apprendre-de-nos-epreuves\/","url":"https:\/\/interamerica.org\/fr\/2022\/03\/apprendre-de-nos-epreuves\/","name":"Apprendre de nos \u00e9preuves - \u00c9glise Adventiste Du Septieme Jour - Inter Am\u00e9rique Division","isPartOf":{"@id":"https:\/\/interamerica.org\/fr\/#website"},"primaryImageOfPage":{"@id":"https:\/\/interamerica.org\/fr\/2022\/03\/apprendre-de-nos-epreuves\/#primaryimage"},"image":{"@id":"https:\/\/interamerica.org\/fr\/2022\/03\/apprendre-de-nos-epreuves\/#primaryimage"},"thumbnailUrl":"https:\/\/interamerica.org\/wp-content\/uploads\/2022\/03\/mountain-peak-elijah-hiett-ww0buxttumu-unsplash-1.jpg","datePublished":"2022-03-10T14:45:48+00:00","dateModified":"2022-03-10T20:10:43+00:00","author":{"@id":"https:\/\/interamerica.org\/fr\/#\/schema\/person\/29998f2bc2d8bd0d38662909289b54f1"},"breadcrumb":{"@id":"https:\/\/interamerica.org\/fr\/2022\/03\/apprendre-de-nos-epreuves\/#breadcrumb"},"inLanguage":"fr-FR","potentialAction":[{"@type":"ReadAction","target":["https:\/\/interamerica.org\/fr\/2022\/03\/apprendre-de-nos-epreuves\/"]}]},{"@type":"ImageObject","inLanguage":"fr-FR","@id":"https:\/\/interamerica.org\/fr\/2022\/03\/apprendre-de-nos-epreuves\/#primaryimage","url":"https:\/\/interamerica.org\/wp-content\/uploads\/2022\/03\/mountain-peak-elijah-hiett-ww0buxttumu-unsplash-1.jpg","contentUrl":"https:\/\/interamerica.org\/wp-content\/uploads\/2022\/03\/mountain-peak-elijah-hiett-ww0buxttumu-unsplash-1.jpg","width":1280,"height":800,"caption":"[Une photo d\u2019Elijah Hiett\/Unsplansh.]"},{"@type":"BreadcrumbList","@id":"https:\/\/interamerica.org\/fr\/2022\/03\/apprendre-de-nos-epreuves\/#breadcrumb","itemListElement":[{"@type":"ListItem","position":1,"name":"Home","item":"https:\/\/interamerica.org\/fr\/"},{"@type":"ListItem","position":2,"name":"Apprendre de nos \u00e9preuves"}]},{"@type":"WebSite","@id":"https:\/\/interamerica.org\/fr\/#website","url":"https:\/\/interamerica.org\/fr\/","name":"\u00c9glise Adventiste Du Septieme Jour - Inter Am\u00e9rique Division","description":"","potentialAction":[{"@type":"SearchAction","target":{"@type":"EntryPoint","urlTemplate":"https:\/\/interamerica.org\/fr\/?s={search_term_string}"},"query-input":{"@type":"PropertyValueSpecification","valueRequired":true,"valueName":"search_term_string"}}],"inLanguage":"fr-FR"},{"@type":"Person","@id":"https:\/\/interamerica.org\/fr\/#\/schema\/person\/29998f2bc2d8bd0d38662909289b54f1","name":"libna","image":{"@type":"ImageObject","inLanguage":"fr-FR","@id":"https:\/\/secure.gravatar.com\/avatar\/7c5bd30ae4b47a9ba3c856590957fd1d96dc588bf3ac05719d247e126840331f?s=96&d=mm&r=g","url":"https:\/\/secure.gravatar.com\/avatar\/7c5bd30ae4b47a9ba3c856590957fd1d96dc588bf3ac05719d247e126840331f?s=96&d=mm&r=g","contentUrl":"https:\/\/secure.gravatar.com\/avatar\/7c5bd30ae4b47a9ba3c856590957fd1d96dc588bf3ac05719d247e126840331f?s=96&d=mm&r=g","caption":"libna"}}]}},"_links":{"self":[{"href":"https:\/\/interamerica.org\/fr\/wp-json\/wp\/v2\/posts\/82332","targetHints":{"allow":["GET"]}}],"collection":[{"href":"https:\/\/interamerica.org\/fr\/wp-json\/wp\/v2\/posts"}],"about":[{"href":"https:\/\/interamerica.org\/fr\/wp-json\/wp\/v2\/types\/post"}],"author":[{"embeddable":true,"href":"https:\/\/interamerica.org\/fr\/wp-json\/wp\/v2\/users\/3"}],"replies":[{"embeddable":true,"href":"https:\/\/interamerica.org\/fr\/wp-json\/wp\/v2\/comments?post=82332"}],"version-history":[{"count":0,"href":"https:\/\/interamerica.org\/fr\/wp-json\/wp\/v2\/posts\/82332\/revisions"}],"wp:featuredmedia":[{"embeddable":true,"href":"https:\/\/interamerica.org\/fr\/wp-json\/wp\/v2\/media\/82322"}],"wp:attachment":[{"href":"https:\/\/interamerica.org\/fr\/wp-json\/wp\/v2\/media?parent=82332"}],"wp:term":[{"taxonomy":"category","embeddable":true,"href":"https:\/\/interamerica.org\/fr\/wp-json\/wp\/v2\/categories?post=82332"},{"taxonomy":"post_tag","embeddable":true,"href":"https:\/\/interamerica.org\/fr\/wp-json\/wp\/v2\/tags?post=82332"}],"curies":[{"name":"wp","href":"https:\/\/api.w.org\/{rel}","templated":true}]}}