{"id":82380,"date":"2022-03-10T14:00:43","date_gmt":"2022-03-10T18:00:43","guid":{"rendered":"https:\/\/recursing-golick.147-182-135-0.plesk.page\/?p=82380"},"modified":"2022-03-10T16:10:25","modified_gmt":"2022-03-10T20:10:25","slug":"la-chorale-de-lecole-adventiste-dhiroshima-prie-pour-lukraine-a-travers-une-chanson","status":"publish","type":"post","link":"https:\/\/interamerica.org\/fr\/2022\/03\/la-chorale-de-lecole-adventiste-dhiroshima-prie-pour-lukraine-a-travers-une-chanson\/","title":{"rendered":"La chorale de l\u2019\u00c9cole adventiste d\u2019Hiroshima prie pour l\u2019Ukraine \u00e0 travers une chanson"},"content":{"rendered":"<h4 id=\"headline-6-7\" class=\"ct-headline\"><span id=\"span-21-7\" class=\"ct-span\">\u00ab Nous prions toujours pour que beaucoup soient encourag\u00e9s \u00e0 travers nos louanges, \u00bb dit un dirigeant.<\/span><\/h4>\n<p id=\"headline-7-7\" class=\"ct-headline\"><span id=\"span-20-7\" class=\"ct-span\">10 Mars 2022 | Silver Spring, Maryland, \u00c9tats-Unis | Marcos Paseggi, Adventist Review<\/span><\/p>\n<p>La chorale de l\u2019\u00c9cole Adventiste d\u2019Hiroshima au Japon prie au sujet du conflit en Ukraine en faisant ce qu\u2019elle fait le mieux : louer le Seigneur par le chant. Une <a href=\"https:\/\/youtu.be\/ST0q2WE1esY\" target=\"_blank\" rel=\"noopener\">vid\u00e9o YouTube<\/a>\u00a0publi\u00e9e le 8 mars 2022 a re\u00e7u pr\u00e8s de 5000 vues au cours des 24 premi\u00e8res heures.<\/p>\n<p>La vid\u00e9o enregistr\u00e9e montre la chorale, dont l\u2019uniforme comporte par co\u00efncidence des couleurs qui sont similaires \u00e0 celles du drapeau ukrainien, le bleu et le jaune, alors qu\u2019elle interpr\u00e8te une reprise du chant \u00ab Still, We Sing Alleluia, \u00bb du compositeur philippin Paulo K. Tir\u00f3l.* La vid\u00e9o s\u2019ouvre sur un message des \u00e9tudiants et des dirigeants, \u00e9crit en anglais et en japonais, disant ceci : \u00ab Nous prions pour la situation actuelle en Ukraine. Que Dieu soit avec eux dans cette p\u00e9riode difficile et leur donne la paix. Nous envoyons nos pri\u00e8res par la louange. \u00bb<\/p>\n<p>Paulo Tir\u00f3l a \u00e9crit la musique et les paroles de la chanson lorsqu\u2019ont d\u00e9but\u00e9 les confinements provoqu\u00e9s par la pand\u00e9mie au d\u00e9but de l\u2019ann\u00e9e 2020. \u00ab Au milieu des larmes qui coulent, All\u00e9luia ; Au milieu des peurs qui montent, All\u00e9luia, \u00bb disent les premi\u00e8res paroles de la chanson. Ce sont aussi des paroles profond\u00e9ment appropri\u00e9es pour un moment comme celui-ci, selon les responsables de l\u2019\u00e9cole. La chanson anticipe le triomphe ultime de l\u2019amour de Dieu, garanti par J\u00e9sus : \u00ab Car le Seigneur est ressuscit\u00e9 et a vaincu le p\u00e9ch\u00e9 ; En lui, nous savons que la lumi\u00e8re, la vie et l\u2019amour triompheront, \u00bb proclame le chant.<\/p>\n<p><div id=\"attachment_82345\" style=\"width: 866px\" class=\"wp-caption aligncenter\"><img fetchpriority=\"high\" decoding=\"async\" aria-describedby=\"caption-attachment-82345\" class=\" wp-image-82345\" src=\"https:\/\/recursing-golick.147-182-135-0.plesk.page\/wp-content\/uploads\/2022\/03\/hiroshima-adventist-academy-choir-prays-for-ukraine-through-song1.jpeg\" alt=\"\" width=\"856\" height=\"428\" srcset=\"https:\/\/interamerica.org\/wp-content\/uploads\/2022\/03\/hiroshima-adventist-academy-choir-prays-for-ukraine-through-song1.jpeg 1000w, https:\/\/interamerica.org\/wp-content\/uploads\/2022\/03\/hiroshima-adventist-academy-choir-prays-for-ukraine-through-song1-300x150.jpeg 300w, https:\/\/interamerica.org\/wp-content\/uploads\/2022\/03\/hiroshima-adventist-academy-choir-prays-for-ukraine-through-song1-768x384.jpeg 768w\" sizes=\"(max-width: 856px) 100vw, 856px\" \/><p id=\"caption-attachment-82345\" class=\"wp-caption-text\">La Chorale de l\u2019\u00c9cole Adventiste d\u2019Hiroshima interpr\u00e8te une chanson sp\u00e9ciale intitul\u00e9e \u00ab Still, We Sing Alleluia, \u00bb du compositeur philippin Paulo K. Trir\u00f3l, pour la population ukrainienne dans la situation actuelle que connait le pays. [Photo : Capture d\u2019\u00e9cran Youtube]<\/p><\/div><strong>Un lieu significatif<\/strong><\/p>\n<p>Satoshi Kitabayashi est le principal de l\u2019\u00c9cole Adventiste d\u2019Hiroshima. Il a fait remarquer que l\u2019\u00e9cole se trouve pr\u00e8s du site o\u00f9, il y a 76 ans, une bombe atomique a \u00e9t\u00e9 largu\u00e9e. C\u2019est quelque chose qui a laiss\u00e9 une douleur \u00e9norme, a-t-il dit. \u00ab De nombreuses personnes vivant \u00e0 Hiroshima souhaitent depuis longtemps un monde pacifique et expriment constamment le souhait de voir la paix dans le monde, \u00bb a dit Satoshi Kitabayashi.<\/p>\n<p>Il a rappel\u00e9 les paroles que le proph\u00e8te biblique J\u00e9r\u00e9mie a \u00e9crites, telles qu\u2019elles ont \u00e9t\u00e9 donn\u00e9es par Dieu : \u00ab Car je connais les projets que j\u2019ai form\u00e9s sur vous, dit l&rsquo;\u00c9ternel, projets de paix et non de malheur, afin de vous donner un avenir et de l&rsquo;esp\u00e9rance, \u00bb (J\u00e9r\u00e9mie 29:11, LSG).<\/p>\n<p>Satoshi Kitabayashi, qui est un arri\u00e8re-petit-fils de Terushiko Okohira, le premier membre de l\u2019\u00c9glise adventiste du septi\u00e8me jour au Japon, a soulign\u00e9 le r\u00f4le missionnaire de l\u2019\u00e9cole. Il a expliqu\u00e9 que les professeurs et les \u00e9tudiants proclament le message de l\u2019\u00e9vangile, ce qui aide beaucoup de personnes \u00e0 trouver de l\u2019esp\u00e9rance.<\/p>\n<p>\u00ab Depuis que la pand\u00e9mie de COVID-19 a frapp\u00e9, la chorale de notre \u00e9cole a produit de nombreuses vid\u00e9os et plusieurs t\u00e9moignages sur la cha\u00eene YouTube de notre \u00e9cole et sur d\u2019autres plateformes audiovisuelles. Nous avons donc r\u00e9alis\u00e9 un clip vid\u00e9o sp\u00e9cialement pour les personnes qui souffrent \u00e0 cause de la situation actuelle en Ukraine, souhaitant que cette derni\u00e8re se termine bient\u00f4t et qu\u2019elles trouvent la paix, \u00bb a d\u00e9clar\u00e9 Satoshi Kitabayashi.<\/p>\n<p>Il a ajout\u00e9 que pour prot\u00e9ger la vie scolaire de leurs \u00e9l\u00e8ves dans le contexte de la pand\u00e9mie en cours, les activit\u00e9s scolaires ont \u00e9t\u00e9 limit\u00e9es. \u00ab Mais nous prions toujours pour que de nombreuses personnes soient encourag\u00e9es et qu\u2019elles rencontrent Dieu \u00e0 travers les chants de louange que nos \u00e9tudiants aiment chanter, \u00bb a dit Satoshi Kitabayashi. \u00ab Nous voulons \u00e9galement encourager nos \u00e9tudiants \u00e0 consacrer leur vie \u00e0 Dieu et aux autres par le biais de l\u2019\u00e9ducation adventiste.<\/p>\n<p><strong>\u00c0 propos de l\u2019\u00c9cole Adventiste d\u2019Hiroshima<\/strong><\/p>\n<p>L\u2019\u00c9cole adventiste d\u2019Hiroshima (Hiroshima Saniku Gakuin) est une institution \u00e9ducative secondaire mixte avec internat au Japon. Fond\u00e9e en avril 1977, l\u2019\u00e9tablissement est compos\u00e9 d\u2019un lyc\u00e9e, d\u2019un coll\u00e8ge et d\u2019une \u00e9cole primaire. Il est situ\u00e9 dans la pr\u00e9fecture d\u2019Hiroshima pr\u00e8s de la petite ville de Daiwa.<\/p>\n<p>D\u2019apr\u00e8s Satoshi Kitabayashi, l\u2019\u00e9cole offre un style de vie \u00e9tudiant unique, en partie parce qu\u2019il s\u2019agit d\u2019un internat avec des \u00e9tudiants venant de tout le Japon \u2013 d\u2019Hokkaido \u00e0 Okinawa, et en partie parce qu\u2019elle est demeur\u00e9e suffisamment petite pour conserver une atmosph\u00e8re familiale.<\/p>\n<p>\u00ab Nous, les adventistes du Japon, sommes fiers de l\u2019\u00c9cole Adventiste d\u2019Hiroshima, \u00bb a d\u00e9clar\u00e9 Yutaka Inada, pr\u00e9sident de l\u2019Union de F\u00e9d\u00e9rations du Japon. \u00ab Ils veulent faire quelque chose pour montrer qu\u2019ils sont de tout c\u0153ur avec les personnes qui souffrent et ils veulent leur faire savoir que tous les \u00e9l\u00e8ves et les enseignants prient pour que le Seigneur leur donne la paix m\u00eame en cette p\u00e9riode difficile. Les \u00e9glises adventistes au Japon continuent de prier pour la protection sp\u00e9ciale de Dieu pour les personnes qui souffrent et sont pr\u00eates \u00e0 les soutenir autant que possible, \u00bb a dit Yutaka Inada.<\/p>\n<p>La directrice de l\u2019\u00e9ducation pour l\u2019\u00c9glise adventiste, Lisa Beardsley-Hardy, a fait \u00e9cho aux propos de Yutaka Inada, en soulignant \u00e9galement l\u2019\u00e9tendue et la port\u00e9e du r\u00e9seau \u00e9ducatif adventiste. \u00ab Au total, l\u2019\u00c9glise adventiste du septi\u00e8me jour g\u00e8re 9429 \u00e9coles, emploie 113640 enseignants et \u00e9duque 2023844 \u00e9tudiants dans le monde, \u00bb a-t-elle d\u00e9clar\u00e9. \u00ab Ces \u00e9tablissements ont en commun le m\u00eame objectif de promouvoir le d\u00e9veloppement du corps, de l\u2019esprit et de l\u2019\u00e2me afin de servir Dieu et l\u2019humanit\u00e9 pleinement et avec joie. \u00bb<\/p>\n<p>Dans ce contexte, a d\u00e9clar\u00e9 Lisa Beardsley-Hardy, les \u00e9tudiants de l\u2019\u00c9cole Adventiste d\u2019Hiroshima \u00ab sont sp\u00e9cialement qualifi\u00e9s pour parler de la puissance de l\u2019amour et de la foi en Dieu \u00e0 chaque \u00e9tape et exp\u00e9rience de la vie avec leur message clair.<\/p>\n<p><em>*Publi\u00e9 par Oregon Catholic Press (2020), disponible sur https:\/\/www.ocp.org\/en-us\/songs\/90327\/still-we-sing-alleluia.<\/em><\/p>\n<p><em>Richard Sabuin a contribu\u00e9 \u00e0 la r\u00e9daction de cet article.<\/em><\/p>\n<p>Traduction: Patrick Luciathe<\/p>\n","protected":false},"excerpt":{"rendered":"<p>\u00ab Nous prions toujours pour que beaucoup soient encourag\u00e9s \u00e0 travers nos louanges, \u00bb dit un dirigeant. 10 Mars 2022 | Silver Spring, Maryland, \u00c9tats-Unis | Marcos Paseggi, Adventist Review&#8230;<\/p>\n","protected":false},"author":3,"featured_media":82345,"comment_status":"closed","ping_status":"closed","sticky":false,"template":"","format":"standard","meta":{"_acf_changed":false,"footnotes":""},"categories":[18,19],"tags":[],"class_list":["post-82380","post","type-post","status-publish","format-standard","has-post-thumbnail","hentry","category-nouvelles-de-leglise-mondiale","category-rss-francais"],"acf":[],"yoast_head":"<!-- This site is optimized with the Yoast SEO plugin v27.3 - https:\/\/yoast.com\/product\/yoast-seo-wordpress\/ -->\n<title>La chorale de l\u2019\u00c9cole adventiste d\u2019Hiroshima prie pour l\u2019Ukraine \u00e0 travers une chanson - \u00c9glise Adventiste Du Septieme Jour - Inter Am\u00e9rique Division<\/title>\n<meta name=\"robots\" content=\"index, follow, max-snippet:-1, max-image-preview:large, max-video-preview:-1\" \/>\n<link rel=\"canonical\" href=\"https:\/\/interamerica.org\/fr\/2022\/03\/la-chorale-de-lecole-adventiste-dhiroshima-prie-pour-lukraine-a-travers-une-chanson\/\" \/>\n<meta property=\"og:locale\" content=\"fr_FR\" \/>\n<meta property=\"og:type\" content=\"article\" \/>\n<meta property=\"og:title\" content=\"La chorale de l\u2019\u00c9cole adventiste d\u2019Hiroshima prie pour l\u2019Ukraine \u00e0 travers une chanson - \u00c9glise Adventiste Du Septieme Jour - Inter Am\u00e9rique Division\" \/>\n<meta property=\"og:description\" content=\"\u00ab Nous prions toujours pour que beaucoup soient encourag\u00e9s \u00e0 travers nos louanges, \u00bb dit un dirigeant. 10 Mars 2022 | Silver Spring, Maryland, \u00c9tats-Unis | Marcos Paseggi, Adventist Review...\" \/>\n<meta property=\"og:url\" content=\"https:\/\/interamerica.org\/fr\/2022\/03\/la-chorale-de-lecole-adventiste-dhiroshima-prie-pour-lukraine-a-travers-une-chanson\/\" \/>\n<meta property=\"og:site_name\" content=\"\u00c9glise Adventiste Du Septieme Jour - Inter Am\u00e9rique Division\" \/>\n<meta property=\"article:published_time\" content=\"2022-03-10T18:00:43+00:00\" \/>\n<meta property=\"article:modified_time\" content=\"2022-03-10T20:10:25+00:00\" \/>\n<meta property=\"og:image\" content=\"https:\/\/interamerica.org\/wp-content\/uploads\/2022\/03\/hiroshima-adventist-academy-choir-prays-for-ukraine-through-song1.jpeg\" \/>\n\t<meta property=\"og:image:width\" content=\"1000\" \/>\n\t<meta property=\"og:image:height\" content=\"500\" \/>\n\t<meta property=\"og:image:type\" content=\"image\/jpeg\" \/>\n<meta name=\"author\" content=\"libna\" \/>\n<meta name=\"twitter:card\" content=\"summary_large_image\" \/>\n<meta name=\"twitter:label1\" content=\"\u00c9crit par\" \/>\n\t<meta name=\"twitter:data1\" content=\"libna\" \/>\n\t<meta name=\"twitter:label2\" content=\"Dur\u00e9e de lecture estim\u00e9e\" \/>\n\t<meta name=\"twitter:data2\" content=\"5 minutes\" \/>\n<script type=\"application\/ld+json\" class=\"yoast-schema-graph\">{\"@context\":\"https:\\\/\\\/schema.org\",\"@graph\":[{\"@type\":\"Article\",\"@id\":\"https:\\\/\\\/interamerica.org\\\/fr\\\/2022\\\/03\\\/la-chorale-de-lecole-adventiste-dhiroshima-prie-pour-lukraine-a-travers-une-chanson\\\/#article\",\"isPartOf\":{\"@id\":\"https:\\\/\\\/interamerica.org\\\/fr\\\/2022\\\/03\\\/la-chorale-de-lecole-adventiste-dhiroshima-prie-pour-lukraine-a-travers-une-chanson\\\/\"},\"author\":{\"name\":\"libna\",\"@id\":\"https:\\\/\\\/interamerica.org\\\/fr\\\/#\\\/schema\\\/person\\\/29998f2bc2d8bd0d38662909289b54f1\"},\"headline\":\"La chorale de l\u2019\u00c9cole adventiste d\u2019Hiroshima prie pour l\u2019Ukraine \u00e0 travers une chanson\",\"datePublished\":\"2022-03-10T18:00:43+00:00\",\"dateModified\":\"2022-03-10T20:10:25+00:00\",\"mainEntityOfPage\":{\"@id\":\"https:\\\/\\\/interamerica.org\\\/fr\\\/2022\\\/03\\\/la-chorale-de-lecole-adventiste-dhiroshima-prie-pour-lukraine-a-travers-une-chanson\\\/\"},\"wordCount\":1112,\"image\":{\"@id\":\"https:\\\/\\\/interamerica.org\\\/fr\\\/2022\\\/03\\\/la-chorale-de-lecole-adventiste-dhiroshima-prie-pour-lukraine-a-travers-une-chanson\\\/#primaryimage\"},\"thumbnailUrl\":\"https:\\\/\\\/interamerica.org\\\/wp-content\\\/uploads\\\/2022\\\/03\\\/hiroshima-adventist-academy-choir-prays-for-ukraine-through-song1.jpeg\",\"articleSection\":[\"Nouvelles de l'\u00c9glise mondiale\",\"RSS Fran\u00e7ais\"],\"inLanguage\":\"fr-FR\"},{\"@type\":\"WebPage\",\"@id\":\"https:\\\/\\\/interamerica.org\\\/fr\\\/2022\\\/03\\\/la-chorale-de-lecole-adventiste-dhiroshima-prie-pour-lukraine-a-travers-une-chanson\\\/\",\"url\":\"https:\\\/\\\/interamerica.org\\\/fr\\\/2022\\\/03\\\/la-chorale-de-lecole-adventiste-dhiroshima-prie-pour-lukraine-a-travers-une-chanson\\\/\",\"name\":\"La chorale de l\u2019\u00c9cole adventiste d\u2019Hiroshima prie pour l\u2019Ukraine \u00e0 travers une chanson - \u00c9glise Adventiste Du Septieme Jour - Inter Am\u00e9rique Division\",\"isPartOf\":{\"@id\":\"https:\\\/\\\/interamerica.org\\\/fr\\\/#website\"},\"primaryImageOfPage\":{\"@id\":\"https:\\\/\\\/interamerica.org\\\/fr\\\/2022\\\/03\\\/la-chorale-de-lecole-adventiste-dhiroshima-prie-pour-lukraine-a-travers-une-chanson\\\/#primaryimage\"},\"image\":{\"@id\":\"https:\\\/\\\/interamerica.org\\\/fr\\\/2022\\\/03\\\/la-chorale-de-lecole-adventiste-dhiroshima-prie-pour-lukraine-a-travers-une-chanson\\\/#primaryimage\"},\"thumbnailUrl\":\"https:\\\/\\\/interamerica.org\\\/wp-content\\\/uploads\\\/2022\\\/03\\\/hiroshima-adventist-academy-choir-prays-for-ukraine-through-song1.jpeg\",\"datePublished\":\"2022-03-10T18:00:43+00:00\",\"dateModified\":\"2022-03-10T20:10:25+00:00\",\"author\":{\"@id\":\"https:\\\/\\\/interamerica.org\\\/fr\\\/#\\\/schema\\\/person\\\/29998f2bc2d8bd0d38662909289b54f1\"},\"breadcrumb\":{\"@id\":\"https:\\\/\\\/interamerica.org\\\/fr\\\/2022\\\/03\\\/la-chorale-de-lecole-adventiste-dhiroshima-prie-pour-lukraine-a-travers-une-chanson\\\/#breadcrumb\"},\"inLanguage\":\"fr-FR\",\"potentialAction\":[{\"@type\":\"ReadAction\",\"target\":[\"https:\\\/\\\/interamerica.org\\\/fr\\\/2022\\\/03\\\/la-chorale-de-lecole-adventiste-dhiroshima-prie-pour-lukraine-a-travers-une-chanson\\\/\"]}]},{\"@type\":\"ImageObject\",\"inLanguage\":\"fr-FR\",\"@id\":\"https:\\\/\\\/interamerica.org\\\/fr\\\/2022\\\/03\\\/la-chorale-de-lecole-adventiste-dhiroshima-prie-pour-lukraine-a-travers-une-chanson\\\/#primaryimage\",\"url\":\"https:\\\/\\\/interamerica.org\\\/wp-content\\\/uploads\\\/2022\\\/03\\\/hiroshima-adventist-academy-choir-prays-for-ukraine-through-song1.jpeg\",\"contentUrl\":\"https:\\\/\\\/interamerica.org\\\/wp-content\\\/uploads\\\/2022\\\/03\\\/hiroshima-adventist-academy-choir-prays-for-ukraine-through-song1.jpeg\",\"width\":1000,\"height\":500,\"caption\":\"La Chorale de l\u2019\u00c9cole Adventiste d\u2019Hiroshima interpr\u00e8te la chanson sp\u00e9ciale pour la population ukrainienne. [Photo : Capture d\u2019\u00e9cran Youtube]\"},{\"@type\":\"BreadcrumbList\",\"@id\":\"https:\\\/\\\/interamerica.org\\\/fr\\\/2022\\\/03\\\/la-chorale-de-lecole-adventiste-dhiroshima-prie-pour-lukraine-a-travers-une-chanson\\\/#breadcrumb\",\"itemListElement\":[{\"@type\":\"ListItem\",\"position\":1,\"name\":\"Home\",\"item\":\"https:\\\/\\\/interamerica.org\\\/fr\\\/\"},{\"@type\":\"ListItem\",\"position\":2,\"name\":\"La chorale de l\u2019\u00c9cole adventiste d\u2019Hiroshima prie pour l\u2019Ukraine \u00e0 travers une chanson\"}]},{\"@type\":\"WebSite\",\"@id\":\"https:\\\/\\\/interamerica.org\\\/fr\\\/#website\",\"url\":\"https:\\\/\\\/interamerica.org\\\/fr\\\/\",\"name\":\"\u00c9glise Adventiste Du Septieme Jour - Inter Am\u00e9rique Division\",\"description\":\"\",\"potentialAction\":[{\"@type\":\"SearchAction\",\"target\":{\"@type\":\"EntryPoint\",\"urlTemplate\":\"https:\\\/\\\/interamerica.org\\\/fr\\\/?s={search_term_string}\"},\"query-input\":{\"@type\":\"PropertyValueSpecification\",\"valueRequired\":true,\"valueName\":\"search_term_string\"}}],\"inLanguage\":\"fr-FR\"},{\"@type\":\"Person\",\"@id\":\"https:\\\/\\\/interamerica.org\\\/fr\\\/#\\\/schema\\\/person\\\/29998f2bc2d8bd0d38662909289b54f1\",\"name\":\"libna\",\"image\":{\"@type\":\"ImageObject\",\"inLanguage\":\"fr-FR\",\"@id\":\"https:\\\/\\\/secure.gravatar.com\\\/avatar\\\/7c5bd30ae4b47a9ba3c856590957fd1d96dc588bf3ac05719d247e126840331f?s=96&d=mm&r=g\",\"url\":\"https:\\\/\\\/secure.gravatar.com\\\/avatar\\\/7c5bd30ae4b47a9ba3c856590957fd1d96dc588bf3ac05719d247e126840331f?s=96&d=mm&r=g\",\"contentUrl\":\"https:\\\/\\\/secure.gravatar.com\\\/avatar\\\/7c5bd30ae4b47a9ba3c856590957fd1d96dc588bf3ac05719d247e126840331f?s=96&d=mm&r=g\",\"caption\":\"libna\"}}]}<\/script>\n<!-- \/ Yoast SEO plugin. -->","yoast_head_json":{"title":"La chorale de l\u2019\u00c9cole adventiste d\u2019Hiroshima prie pour l\u2019Ukraine \u00e0 travers une chanson - \u00c9glise Adventiste Du Septieme Jour - Inter Am\u00e9rique Division","robots":{"index":"index","follow":"follow","max-snippet":"max-snippet:-1","max-image-preview":"max-image-preview:large","max-video-preview":"max-video-preview:-1"},"canonical":"https:\/\/interamerica.org\/fr\/2022\/03\/la-chorale-de-lecole-adventiste-dhiroshima-prie-pour-lukraine-a-travers-une-chanson\/","og_locale":"fr_FR","og_type":"article","og_title":"La chorale de l\u2019\u00c9cole adventiste d\u2019Hiroshima prie pour l\u2019Ukraine \u00e0 travers une chanson - \u00c9glise Adventiste Du Septieme Jour - Inter Am\u00e9rique Division","og_description":"\u00ab Nous prions toujours pour que beaucoup soient encourag\u00e9s \u00e0 travers nos louanges, \u00bb dit un dirigeant. 10 Mars 2022 | Silver Spring, Maryland, \u00c9tats-Unis | Marcos Paseggi, Adventist Review...","og_url":"https:\/\/interamerica.org\/fr\/2022\/03\/la-chorale-de-lecole-adventiste-dhiroshima-prie-pour-lukraine-a-travers-une-chanson\/","og_site_name":"\u00c9glise Adventiste Du Septieme Jour - Inter Am\u00e9rique Division","article_published_time":"2022-03-10T18:00:43+00:00","article_modified_time":"2022-03-10T20:10:25+00:00","og_image":[{"width":1000,"height":500,"url":"https:\/\/interamerica.org\/wp-content\/uploads\/2022\/03\/hiroshima-adventist-academy-choir-prays-for-ukraine-through-song1.jpeg","type":"image\/jpeg"}],"author":"libna","twitter_card":"summary_large_image","twitter_misc":{"\u00c9crit par":"libna","Dur\u00e9e de lecture estim\u00e9e":"5 minutes"},"schema":{"@context":"https:\/\/schema.org","@graph":[{"@type":"Article","@id":"https:\/\/interamerica.org\/fr\/2022\/03\/la-chorale-de-lecole-adventiste-dhiroshima-prie-pour-lukraine-a-travers-une-chanson\/#article","isPartOf":{"@id":"https:\/\/interamerica.org\/fr\/2022\/03\/la-chorale-de-lecole-adventiste-dhiroshima-prie-pour-lukraine-a-travers-une-chanson\/"},"author":{"name":"libna","@id":"https:\/\/interamerica.org\/fr\/#\/schema\/person\/29998f2bc2d8bd0d38662909289b54f1"},"headline":"La chorale de l\u2019\u00c9cole adventiste d\u2019Hiroshima prie pour l\u2019Ukraine \u00e0 travers une chanson","datePublished":"2022-03-10T18:00:43+00:00","dateModified":"2022-03-10T20:10:25+00:00","mainEntityOfPage":{"@id":"https:\/\/interamerica.org\/fr\/2022\/03\/la-chorale-de-lecole-adventiste-dhiroshima-prie-pour-lukraine-a-travers-une-chanson\/"},"wordCount":1112,"image":{"@id":"https:\/\/interamerica.org\/fr\/2022\/03\/la-chorale-de-lecole-adventiste-dhiroshima-prie-pour-lukraine-a-travers-une-chanson\/#primaryimage"},"thumbnailUrl":"https:\/\/interamerica.org\/wp-content\/uploads\/2022\/03\/hiroshima-adventist-academy-choir-prays-for-ukraine-through-song1.jpeg","articleSection":["Nouvelles de l'\u00c9glise mondiale","RSS Fran\u00e7ais"],"inLanguage":"fr-FR"},{"@type":"WebPage","@id":"https:\/\/interamerica.org\/fr\/2022\/03\/la-chorale-de-lecole-adventiste-dhiroshima-prie-pour-lukraine-a-travers-une-chanson\/","url":"https:\/\/interamerica.org\/fr\/2022\/03\/la-chorale-de-lecole-adventiste-dhiroshima-prie-pour-lukraine-a-travers-une-chanson\/","name":"La chorale de l\u2019\u00c9cole adventiste d\u2019Hiroshima prie pour l\u2019Ukraine \u00e0 travers une chanson - \u00c9glise Adventiste Du Septieme Jour - Inter Am\u00e9rique Division","isPartOf":{"@id":"https:\/\/interamerica.org\/fr\/#website"},"primaryImageOfPage":{"@id":"https:\/\/interamerica.org\/fr\/2022\/03\/la-chorale-de-lecole-adventiste-dhiroshima-prie-pour-lukraine-a-travers-une-chanson\/#primaryimage"},"image":{"@id":"https:\/\/interamerica.org\/fr\/2022\/03\/la-chorale-de-lecole-adventiste-dhiroshima-prie-pour-lukraine-a-travers-une-chanson\/#primaryimage"},"thumbnailUrl":"https:\/\/interamerica.org\/wp-content\/uploads\/2022\/03\/hiroshima-adventist-academy-choir-prays-for-ukraine-through-song1.jpeg","datePublished":"2022-03-10T18:00:43+00:00","dateModified":"2022-03-10T20:10:25+00:00","author":{"@id":"https:\/\/interamerica.org\/fr\/#\/schema\/person\/29998f2bc2d8bd0d38662909289b54f1"},"breadcrumb":{"@id":"https:\/\/interamerica.org\/fr\/2022\/03\/la-chorale-de-lecole-adventiste-dhiroshima-prie-pour-lukraine-a-travers-une-chanson\/#breadcrumb"},"inLanguage":"fr-FR","potentialAction":[{"@type":"ReadAction","target":["https:\/\/interamerica.org\/fr\/2022\/03\/la-chorale-de-lecole-adventiste-dhiroshima-prie-pour-lukraine-a-travers-une-chanson\/"]}]},{"@type":"ImageObject","inLanguage":"fr-FR","@id":"https:\/\/interamerica.org\/fr\/2022\/03\/la-chorale-de-lecole-adventiste-dhiroshima-prie-pour-lukraine-a-travers-une-chanson\/#primaryimage","url":"https:\/\/interamerica.org\/wp-content\/uploads\/2022\/03\/hiroshima-adventist-academy-choir-prays-for-ukraine-through-song1.jpeg","contentUrl":"https:\/\/interamerica.org\/wp-content\/uploads\/2022\/03\/hiroshima-adventist-academy-choir-prays-for-ukraine-through-song1.jpeg","width":1000,"height":500,"caption":"La Chorale de l\u2019\u00c9cole Adventiste d\u2019Hiroshima interpr\u00e8te la chanson sp\u00e9ciale pour la population ukrainienne. [Photo : Capture d\u2019\u00e9cran Youtube]"},{"@type":"BreadcrumbList","@id":"https:\/\/interamerica.org\/fr\/2022\/03\/la-chorale-de-lecole-adventiste-dhiroshima-prie-pour-lukraine-a-travers-une-chanson\/#breadcrumb","itemListElement":[{"@type":"ListItem","position":1,"name":"Home","item":"https:\/\/interamerica.org\/fr\/"},{"@type":"ListItem","position":2,"name":"La chorale de l\u2019\u00c9cole adventiste d\u2019Hiroshima prie pour l\u2019Ukraine \u00e0 travers une chanson"}]},{"@type":"WebSite","@id":"https:\/\/interamerica.org\/fr\/#website","url":"https:\/\/interamerica.org\/fr\/","name":"\u00c9glise Adventiste Du Septieme Jour - Inter Am\u00e9rique Division","description":"","potentialAction":[{"@type":"SearchAction","target":{"@type":"EntryPoint","urlTemplate":"https:\/\/interamerica.org\/fr\/?s={search_term_string}"},"query-input":{"@type":"PropertyValueSpecification","valueRequired":true,"valueName":"search_term_string"}}],"inLanguage":"fr-FR"},{"@type":"Person","@id":"https:\/\/interamerica.org\/fr\/#\/schema\/person\/29998f2bc2d8bd0d38662909289b54f1","name":"libna","image":{"@type":"ImageObject","inLanguage":"fr-FR","@id":"https:\/\/secure.gravatar.com\/avatar\/7c5bd30ae4b47a9ba3c856590957fd1d96dc588bf3ac05719d247e126840331f?s=96&d=mm&r=g","url":"https:\/\/secure.gravatar.com\/avatar\/7c5bd30ae4b47a9ba3c856590957fd1d96dc588bf3ac05719d247e126840331f?s=96&d=mm&r=g","contentUrl":"https:\/\/secure.gravatar.com\/avatar\/7c5bd30ae4b47a9ba3c856590957fd1d96dc588bf3ac05719d247e126840331f?s=96&d=mm&r=g","caption":"libna"}}]}},"_links":{"self":[{"href":"https:\/\/interamerica.org\/fr\/wp-json\/wp\/v2\/posts\/82380","targetHints":{"allow":["GET"]}}],"collection":[{"href":"https:\/\/interamerica.org\/fr\/wp-json\/wp\/v2\/posts"}],"about":[{"href":"https:\/\/interamerica.org\/fr\/wp-json\/wp\/v2\/types\/post"}],"author":[{"embeddable":true,"href":"https:\/\/interamerica.org\/fr\/wp-json\/wp\/v2\/users\/3"}],"replies":[{"embeddable":true,"href":"https:\/\/interamerica.org\/fr\/wp-json\/wp\/v2\/comments?post=82380"}],"version-history":[{"count":0,"href":"https:\/\/interamerica.org\/fr\/wp-json\/wp\/v2\/posts\/82380\/revisions"}],"wp:featuredmedia":[{"embeddable":true,"href":"https:\/\/interamerica.org\/fr\/wp-json\/wp\/v2\/media\/82345"}],"wp:attachment":[{"href":"https:\/\/interamerica.org\/fr\/wp-json\/wp\/v2\/media?parent=82380"}],"wp:term":[{"taxonomy":"category","embeddable":true,"href":"https:\/\/interamerica.org\/fr\/wp-json\/wp\/v2\/categories?post=82380"},{"taxonomy":"post_tag","embeddable":true,"href":"https:\/\/interamerica.org\/fr\/wp-json\/wp\/v2\/tags?post=82380"}],"curies":[{"name":"wp","href":"https:\/\/api.w.org\/{rel}","templated":true}]}}