{"id":82432,"date":"2022-03-10T23:50:26","date_gmt":"2022-03-11T03:50:26","guid":{"rendered":"https:\/\/recursing-golick.147-182-135-0.plesk.page\/?p=82432"},"modified":"2022-03-11T14:47:43","modified_gmt":"2022-03-11T18:47:43","slug":"dans-le-sud-de-la-colombie-plus-de-200-cyclistes-adventistes-traversent-bogota","status":"publish","type":"post","link":"https:\/\/interamerica.org\/fr\/2022\/03\/dans-le-sud-de-la-colombie-plus-de-200-cyclistes-adventistes-traversent-bogota\/","title":{"rendered":"Dans le sud de la Colombie, plus de 200 cyclistes adventistes traversent Bogota"},"content":{"rendered":"<p><div id=\"attachment_82396\" style=\"width: 854px\" class=\"wp-caption aligncenter\"><img fetchpriority=\"high\" decoding=\"async\" aria-describedby=\"caption-attachment-82396\" class=\" wp-image-82396\" src=\"https:\/\/recursing-golick.147-182-135-0.plesk.page\/wp-content\/uploads\/2022\/03\/socu-cyclist-group.jpg\" alt=\"\" width=\"844\" height=\"475\" srcset=\"https:\/\/interamerica.org\/wp-content\/uploads\/2022\/03\/socu-cyclist-group.jpg 1000w, https:\/\/interamerica.org\/wp-content\/uploads\/2022\/03\/socu-cyclist-group-300x169.jpg 300w, https:\/\/interamerica.org\/wp-content\/uploads\/2022\/03\/socu-cyclist-group-768x432.jpg 768w\" sizes=\"(max-width: 844px) 100vw, 844px\" \/><p id=\"caption-attachment-82396\" class=\"wp-caption-text\">Une partie du groupe de cyclistes adventistes du septi\u00e8me jour se pr\u00e9pare \u00e0 p\u00e9daler \u00e0 travers Bogota, la capitale de la Colombie, pour un parcours de 40 kilom\u00e8tres afin de promouvoir l\u2019initiative \u00ab Je Veux Vivre en Bonne Sant\u00e9 \u00bb dans les rues et avenues principales de la ville et aussi pour c\u00e9l\u00e9brer les 100 ans de pr\u00e9sence de l\u2019\u00c9glise Adventiste dans la ville. Plus de 200 personnes ont travers\u00e9 Bogota \u00e0 v\u00e9lo, et 80 autres du d\u00e9partement de Boyaca, \u00e9tat situ\u00e9 au centre, dans la r\u00e9gion montagneuse, ont particip\u00e9 \u00e0 l\u2019activit\u00e9 le 27 f\u00e9vrier 2022. [Photo : Juan Alvis]<\/p><\/div>10 Mars 2022 | Bogota, Colombie | Laura Acosta et Actualit\u00e9s de la Division Inter Am\u00e9ricaine<\/p>\n<p>Plus de 200 cyclistes ont parcouru 40 kilom\u00e8tres \u00e0 travers la capitale colombienne pour lancer des dizaines d\u2019initiatives et d\u2019activit\u00e9s visant \u00e0 comm\u00e9morer les 100 ans de pr\u00e9sence de l\u2019\u00c9glise adventiste du septi\u00e8me jour dans la ville. Des enfants, des jeunes et des adultes ont p\u00e9dal\u00e9 dans les principales rues et avenues de Bogota, le 27 f\u00e9vrier 2022, afin de promouvoir un mode de vie sain aupr\u00e8s des passants et des chefs d\u2019entreprise.<\/p>\n<p>V\u00eatus de chemises portant le logo <em>Je Veux Vivre en Bonne Sant\u00e9<\/em>&#8211;une initiative de l\u2019\u00c9glise adventiste sur le territoire de la Division Inter Am\u00e9ricaine (DIA), qui a pour objectif de promouvoir les huit rem\u00e8des naturels, ou habitudes saines, les cyclistes professionnels et amateurs ont partag\u00e9 sourires et espoir.<\/p>\n<p><div id=\"attachment_82399\" style=\"width: 863px\" class=\"wp-caption aligncenter\"><img decoding=\"async\" aria-describedby=\"caption-attachment-82399\" class=\" wp-image-82399\" src=\"https:\/\/recursing-golick.147-182-135-0.plesk.page\/wp-content\/uploads\/2022\/03\/socu-cyclist-alvaro-nino-1024x640.jpg\" alt=\"\" width=\"853\" height=\"533\" srcset=\"https:\/\/interamerica.org\/wp-content\/uploads\/2022\/03\/socu-cyclist-alvaro-nino-1024x640.jpg 1024w, https:\/\/interamerica.org\/wp-content\/uploads\/2022\/03\/socu-cyclist-alvaro-nino-300x188.jpg 300w, https:\/\/interamerica.org\/wp-content\/uploads\/2022\/03\/socu-cyclist-alvaro-nino-768x480.jpg 768w, https:\/\/interamerica.org\/wp-content\/uploads\/2022\/03\/socu-cyclist-alvaro-nino.jpg 1280w\" sizes=\"(max-width: 853px) 100vw, 853px\" \/><p id=\"caption-attachment-82399\" class=\"wp-caption-text\">Pasteur Alvaro Ni\u00f1o (\u00e0 droite), pr\u00e9sident de l\u2019\u00c9glise adventiste dans l\u2019Union du Sud de la Colombie, et pasteur Leonel Preciado (\u00e0 gauche), directeur des minist\u00e8res de la sant\u00e9 de l\u2019union se donnent une accolade avant de p\u00e9daler 40 kilom\u00e8tres \u00e0 travers Bogota, en Colombie. [Photo : Juan Alvis]<\/p><\/div>Un autre groupe de 80 cyclistes adventistes \u00e0 Boyac\u00e1, un \u00e9tat situ\u00e9 au centre dans la r\u00e9gion montagneuse du pays, est all\u00e9 sur les routes principales ayant rev\u00eatu leurs maillots arborant le message <em>Je Veux Vivre en Bonne Sant\u00e9<\/em>.<\/p>\n<p>\u00ab Cette [activit\u00e9] intervient dans le cadre de notre c\u00e9l\u00e9bration des 100 ans de l\u2019organisation de l\u2019\u00c9glise adventiste \u00e0 Bogota et aussi pour commencer \u00e0 comm\u00e9morer la cr\u00e9ation de la Division Inter Am\u00e9ricaine qui est c\u00e9l\u00e9br\u00e9e cette ann\u00e9e, \u00bb a d\u00e9clar\u00e9 pasteur Alvaro Ni\u00f1o, pr\u00e9sident de l\u2019\u00c9glise adventiste dans le Sud de la Colombie. Pasteur Ni\u00f1o a \u00e9galement particip\u00e9 \u00e0 l\u2019initiative cycliste en tant que membre du club cycliste \u00a0<em>Je Veux Vivre en Bonne Sant\u00e9<\/em>.<\/p>\n<p>\u00ab Nous sommes un groupe qui proclame l\u2019esp\u00e9rance, nous sommes une \u00e9glise d\u2019esp\u00e9rance, et pour cette raison, nous invitons nos membres de toute la r\u00e9gion \u00e0 former \u00e9galement d\u2019autres clubs de cyclistes\u00a0<em>Je Veux Vivre en Bonne Sant\u00e9<\/em>.<\/p>\n<p><div id=\"attachment_82390\" style=\"width: 860px\" class=\"wp-caption aligncenter\"><img decoding=\"async\" aria-describedby=\"caption-attachment-82390\" class=\" wp-image-82390\" src=\"https:\/\/recursing-golick.147-182-135-0.plesk.page\/wp-content\/uploads\/2022\/03\/socu-adventist-cyclists.jpg\" alt=\"\" width=\"850\" height=\"532\" srcset=\"https:\/\/interamerica.org\/wp-content\/uploads\/2022\/03\/socu-adventist-cyclists.jpg 1000w, https:\/\/interamerica.org\/wp-content\/uploads\/2022\/03\/socu-adventist-cyclists-300x188.jpg 300w, https:\/\/interamerica.org\/wp-content\/uploads\/2022\/03\/socu-adventist-cyclists-768x480.jpg 768w\" sizes=\"(max-width: 850px) 100vw, 850px\" \/><p id=\"caption-attachment-82390\" class=\"wp-caption-text\">Un groupe de cyclistes pose pour une photo de groupe apr\u00e8s avoir parcouru le trajet de 40 kilom\u00e8tres \u00e0 travers Bogota, en Colombie, le 27 f\u00e9vrier 2022. [Photo : Juan Alvis]<\/p><\/div>Le programme a commenc\u00e9 \u00e0 8h00 au Parc National Enrique Olaya Herrera dans la partie Est de Bogota avec la pri\u00e8re et des chants de louange avant que les cyclistes ne s\u2019\u00e9lancent.<\/p>\n<p>Diomedes Lucumy, un jeune adulte membre du club cycliste, a \u00e9t\u00e9 impressionn\u00e9 par le message de l\u2019\u00e9glise sur une vie saine. \u00ab Un jour, j\u2019ai eu l\u2019opportunit\u00e9 de parcourir plus de 500 kilom\u00e8tres \u00e0 v\u00e9lo depuis Bogota jusqu\u2019au d\u00e9partement du Cauca et j\u2019avais d\u00e9cid\u00e9 de porter mon uniforme\u00a0<em>Je Veux Vivre en Bonne Sant\u00e9<\/em>\u00a0et je l\u2019ai port\u00e9 fi\u00e8rement parce que je veux encourager les gens \u00e0 faire de l\u2019exercice, \u00bb a-t-il dit.<\/p>\n<p>Pasteur Leonel Preciado, du d\u00e9partement des minist\u00e8res de la jeunesse pour l\u2019\u00c9glise adventiste dans le Sud de la Colombie, a d\u00e9clar\u00e9 que c\u2019\u00e9tait une joie d\u2019avoir Diomedes Lucumy dans le club cycliste de l\u2019\u00e9glise. Depuis que pasteur Preciado a invit\u00e9 Diomedes Lucumy \u00e0 rejoindre le club, son engagement est une source d\u2019inspiration.<\/p>\n<p><div id=\"attachment_82402\" style=\"width: 860px\" class=\"wp-caption aligncenter\"><img loading=\"lazy\" decoding=\"async\" aria-describedby=\"caption-attachment-82402\" class=\" wp-image-82402\" src=\"https:\/\/recursing-golick.147-182-135-0.plesk.page\/wp-content\/uploads\/2022\/03\/diomedes-lucumy-socu-cyclist-1024x640.jpg\" alt=\"\" width=\"850\" height=\"531\" srcset=\"https:\/\/interamerica.org\/wp-content\/uploads\/2022\/03\/diomedes-lucumy-socu-cyclist-1024x640.jpg 1024w, https:\/\/interamerica.org\/wp-content\/uploads\/2022\/03\/diomedes-lucumy-socu-cyclist-300x188.jpg 300w, https:\/\/interamerica.org\/wp-content\/uploads\/2022\/03\/diomedes-lucumy-socu-cyclist-768x480.jpg 768w, https:\/\/interamerica.org\/wp-content\/uploads\/2022\/03\/diomedes-lucumy-socu-cyclist.jpg 1280w\" sizes=\"(max-width: 850px) 100vw, 850px\" \/><p id=\"caption-attachment-82402\" class=\"wp-caption-text\">Diom\u00e8de Lucumy a rejoint le club cycliste \u00ab Je Veux Vivre en Bonne Sant\u00e9 \u00bb de l\u2019\u00e9glise et a particip\u00e9 \u00e0 de nombreuses activit\u00e9s men\u00e9es par le club. Il a r\u00e9cemment parcouru 500 kilom\u00e8tres avec le maillot du club lors d\u2019un voyage \u00e0 travers la Colombie. Les dirigeants de l\u2019\u00e9glise disent que l\u2019initiative vise \u00e0 atteindre d\u2019autres personnes comme Diomedes Lucumy qui ne se sont pas encore joints \u00e0 l\u2019\u00e9glise. [Photo : Juan Alvis]<\/p><\/div>\u00ab Diomedes a \u00e9t\u00e9 le premier membre de notre club \u00e0 acheter le maillot de l\u2019uniforme et le premier \u00e0 parcourir 500 kilom\u00e8tres en le portant, \u00bb a dit pasteur Preciado. \u00ab Il n\u2019est pas un membre d\u2019\u00e9glise mais il s\u2019entra\u00eene, participe \u00e0 toutes les activit\u00e9s d\u2019impact, il est passionn\u00e9 par le style de vie sain et invite les jeunes et ses amis cyclistes \u00e0 vivre sainement. \u00bb<\/p>\n<p>Le plan est d\u2019atteindre davantage de personnes et de les inviter \u00e0 int\u00e9grer le club cycliste organis\u00e9 par l\u2019\u00e9glise, a indiqu\u00e9 pasteur Preciado. Il s\u2019agit de partager le message de <em>Je Veux Vivre en Bonne Sant\u00e9<\/em>\u00a0et l\u2019amour de J\u00e9sus, a-t-il ajout\u00e9.<\/p>\n<p>Pendant que l\u2019activit\u00e9 cycliste se d\u00e9roulait, un groupe de femmes a march\u00e9 le long du trajet des cyclistes dans les rues principales en distribuant de la documentation sur l\u2019initiative promouvant la vie saine.<\/p>\n<p><div id=\"attachment_82407\" style=\"width: 410px\" class=\"wp-caption aligncenter\"><img loading=\"lazy\" decoding=\"async\" aria-describedby=\"caption-attachment-82407\" class=\"size-full wp-image-82407\" src=\"https:\/\/recursing-golick.147-182-135-0.plesk.page\/wp-content\/uploads\/2022\/03\/socu-group-ladies.jpg\" alt=\"\" width=\"400\" height=\"489\" srcset=\"https:\/\/interamerica.org\/wp-content\/uploads\/2022\/03\/socu-group-ladies.jpg 400w, https:\/\/interamerica.org\/wp-content\/uploads\/2022\/03\/socu-group-ladies-245x300.jpg 245w\" sizes=\"(max-width: 400px) 100vw, 400px\" \/><p id=\"caption-attachment-82407\" class=\"wp-caption-text\">Un groupe de membres d\u2019\u00e9glise montre des d\u00e9pliants sur l\u2019initiative promouvant la vie saine [Photo : Juan Alvis]<\/p><\/div>\u00ab De nombreuses personnes se sont rapproch\u00e9s de nous pour en savoir plus sur l\u2019activit\u00e9, \u00bb a dit Zharick Boh\u00f3rquez, une jeune de la r\u00e9gion eccl\u00e9siale du Nord-Ouest. \u00ab Nous avons \u00e9t\u00e9 rassur\u00e9s sur le fait que ce message port\u00e9 par \u00ab Je Veux Vivre en Bonne Sant\u00e9 \u00bb vise \u00e0 amener les jeunes, les pasteurs et les enfants \u00e0 partager et apporter les huit rem\u00e8des naturels et l\u2019esp\u00e9rance \u00e0 la communaut\u00e9, \u00bb a-t-elle dit.<\/p>\n<p>Le club de cyclisme a conclu son voyage au Coliseum Adventiste dans la ville. \u00ab Cela a \u00e9t\u00e9 une action d\u2019impact extraordinaire qui peut amener l\u2019esprit et le c\u0153ur des personnes \u00e0 conna\u00eetre J\u00e9sus comme leur Sauveur personnel, a dit pasteur Ni\u00f1o. Pasteur Ni\u00f1o a encourag\u00e9 les participants \u00e0 prendre part aux prochaines activit\u00e9s de l\u2019initiative\u00a0<em>Je Veux Vivre en Bonne Sant\u00e9\u00a0<\/em>.<\/p>\n<p>Les activit\u00e9s suppl\u00e9mentaires men\u00e9es par l\u2019\u00e9glise comprendront des expos sant\u00e9, des collectes de sang, la plantation d\u2019arbres, des trajets cyclistes et une grande c\u00e9l\u00e9bration de cyclisme o\u00f9 100 cyclistes parcourront 100 kilom\u00e8tres \u00e0 travers Bogota en comm\u00e9moration des c\u00e9l\u00e9brations du centenaire qui se tiendront plus tard cette ann\u00e9e.<\/p>\n<p><div id=\"attachment_82384\" style=\"width: 861px\" class=\"wp-caption aligncenter\"><img loading=\"lazy\" decoding=\"async\" aria-describedby=\"caption-attachment-82384\" class=\" wp-image-82384\" src=\"https:\/\/recursing-golick.147-182-135-0.plesk.page\/wp-content\/uploads\/2022\/03\/socu-cyclist-tshirt.jpg\" alt=\"\" width=\"851\" height=\"479\" srcset=\"https:\/\/interamerica.org\/wp-content\/uploads\/2022\/03\/socu-cyclist-tshirt.jpg 1000w, https:\/\/interamerica.org\/wp-content\/uploads\/2022\/03\/socu-cyclist-tshirt-300x169.jpg 300w, https:\/\/interamerica.org\/wp-content\/uploads\/2022\/03\/socu-cyclist-tshirt-768x432.jpg 768w\" sizes=\"(max-width: 851px) 100vw, 851px\" \/><p id=\"caption-attachment-82384\" class=\"wp-caption-text\">TLe maillot de l\u2019uniforme que les cyclistes adventistes portaient avec le logo Je Veux Vivre en Bonne Sant\u00e9 sur la face et sur les manches et au dos l\u2019inscription imprim\u00e9e de la comm\u00e9moration du centenaire de l\u2019\u00c9glise adventiste \u00e9tablie en Colombie annon\u00e7ant que \u00ab J\u00e9sus revient bient\u00f4t. \u00bb [Photo : Juan Alvis]<\/p><\/div>Pour en savoir plus sur l\u2019\u00c9glise adventiste du septi\u00e8me jour dans le Sud de la Colombie, sur ses initiatives et ses activit\u00e9s cette ann\u00e9e, visitez le site <a href=\"https:\/\/unioncolombianadelsur.org\/\">unioncolombianadelsur.org<\/a><\/p>\n<p>Traduction: Patrick Luciathe<\/p>\n","protected":false},"excerpt":{"rendered":"<p>10 Mars 2022 | Bogota, Colombie | Laura Acosta et Actualit\u00e9s de la Division Inter Am\u00e9ricaine Plus de 200 cyclistes ont parcouru 40 kilom\u00e8tres \u00e0 travers la capitale colombienne pour&#8230;<\/p>\n","protected":false},"author":3,"featured_media":82396,"comment_status":"closed","ping_status":"closed","sticky":false,"template":"","format":"standard","meta":{"_acf_changed":false,"footnotes":""},"categories":[21,19],"tags":[],"class_list":["post-82432","post","type-post","status-publish","format-standard","has-post-thumbnail","hentry","category-nouvelles-du-territoire","category-rss-francais"],"acf":[],"yoast_head":"<!-- This site is optimized with the Yoast SEO plugin v27.3 - https:\/\/yoast.com\/product\/yoast-seo-wordpress\/ -->\n<title>Dans le sud de la Colombie, plus de 200 cyclistes adventistes traversent Bogota - \u00c9glise Adventiste Du Septieme Jour - Inter Am\u00e9rique Division<\/title>\n<meta name=\"robots\" content=\"index, follow, max-snippet:-1, max-image-preview:large, max-video-preview:-1\" \/>\n<link rel=\"canonical\" href=\"https:\/\/interamerica.org\/fr\/2022\/03\/dans-le-sud-de-la-colombie-plus-de-200-cyclistes-adventistes-traversent-bogota\/\" \/>\n<meta property=\"og:locale\" content=\"fr_FR\" \/>\n<meta property=\"og:type\" content=\"article\" \/>\n<meta property=\"og:title\" content=\"Dans le sud de la Colombie, plus de 200 cyclistes adventistes traversent Bogota - \u00c9glise Adventiste Du Septieme Jour - Inter Am\u00e9rique Division\" \/>\n<meta property=\"og:description\" content=\"10 Mars 2022 | Bogota, Colombie | Laura Acosta et Actualit\u00e9s de la Division Inter Am\u00e9ricaine Plus de 200 cyclistes ont parcouru 40 kilom\u00e8tres \u00e0 travers la capitale colombienne pour...\" \/>\n<meta property=\"og:url\" content=\"https:\/\/interamerica.org\/fr\/2022\/03\/dans-le-sud-de-la-colombie-plus-de-200-cyclistes-adventistes-traversent-bogota\/\" \/>\n<meta property=\"og:site_name\" content=\"\u00c9glise Adventiste Du Septieme Jour - Inter Am\u00e9rique Division\" \/>\n<meta property=\"article:published_time\" content=\"2022-03-11T03:50:26+00:00\" \/>\n<meta property=\"article:modified_time\" content=\"2022-03-11T18:47:43+00:00\" \/>\n<meta property=\"og:image\" content=\"https:\/\/interamerica.org\/wp-content\/uploads\/2022\/03\/socu-cyclist-group.jpg\" \/>\n\t<meta property=\"og:image:width\" content=\"1000\" \/>\n\t<meta property=\"og:image:height\" content=\"563\" \/>\n\t<meta property=\"og:image:type\" content=\"image\/jpeg\" \/>\n<meta name=\"author\" content=\"libna\" \/>\n<meta name=\"twitter:card\" content=\"summary_large_image\" \/>\n<meta name=\"twitter:label1\" content=\"\u00c9crit par\" \/>\n\t<meta name=\"twitter:data1\" content=\"libna\" \/>\n\t<meta name=\"twitter:label2\" content=\"Dur\u00e9e de lecture estim\u00e9e\" \/>\n\t<meta name=\"twitter:data2\" content=\"6 minutes\" \/>\n<script type=\"application\/ld+json\" class=\"yoast-schema-graph\">{\"@context\":\"https:\\\/\\\/schema.org\",\"@graph\":[{\"@type\":\"Article\",\"@id\":\"https:\\\/\\\/interamerica.org\\\/fr\\\/2022\\\/03\\\/dans-le-sud-de-la-colombie-plus-de-200-cyclistes-adventistes-traversent-bogota\\\/#article\",\"isPartOf\":{\"@id\":\"https:\\\/\\\/interamerica.org\\\/fr\\\/2022\\\/03\\\/dans-le-sud-de-la-colombie-plus-de-200-cyclistes-adventistes-traversent-bogota\\\/\"},\"author\":{\"name\":\"libna\",\"@id\":\"https:\\\/\\\/interamerica.org\\\/fr\\\/#\\\/schema\\\/person\\\/29998f2bc2d8bd0d38662909289b54f1\"},\"headline\":\"Dans le sud de la Colombie, plus de 200 cyclistes adventistes traversent Bogota\",\"datePublished\":\"2022-03-11T03:50:26+00:00\",\"dateModified\":\"2022-03-11T18:47:43+00:00\",\"mainEntityOfPage\":{\"@id\":\"https:\\\/\\\/interamerica.org\\\/fr\\\/2022\\\/03\\\/dans-le-sud-de-la-colombie-plus-de-200-cyclistes-adventistes-traversent-bogota\\\/\"},\"wordCount\":1259,\"image\":{\"@id\":\"https:\\\/\\\/interamerica.org\\\/fr\\\/2022\\\/03\\\/dans-le-sud-de-la-colombie-plus-de-200-cyclistes-adventistes-traversent-bogota\\\/#primaryimage\"},\"thumbnailUrl\":\"https:\\\/\\\/interamerica.org\\\/wp-content\\\/uploads\\\/2022\\\/03\\\/socu-cyclist-group.jpg\",\"articleSection\":[\"Nouvelles du territoire\",\"RSS Fran\u00e7ais\"],\"inLanguage\":\"fr-FR\"},{\"@type\":\"WebPage\",\"@id\":\"https:\\\/\\\/interamerica.org\\\/fr\\\/2022\\\/03\\\/dans-le-sud-de-la-colombie-plus-de-200-cyclistes-adventistes-traversent-bogota\\\/\",\"url\":\"https:\\\/\\\/interamerica.org\\\/fr\\\/2022\\\/03\\\/dans-le-sud-de-la-colombie-plus-de-200-cyclistes-adventistes-traversent-bogota\\\/\",\"name\":\"Dans le sud de la Colombie, plus de 200 cyclistes adventistes traversent Bogota - \u00c9glise Adventiste Du Septieme Jour - Inter Am\u00e9rique Division\",\"isPartOf\":{\"@id\":\"https:\\\/\\\/interamerica.org\\\/fr\\\/#website\"},\"primaryImageOfPage\":{\"@id\":\"https:\\\/\\\/interamerica.org\\\/fr\\\/2022\\\/03\\\/dans-le-sud-de-la-colombie-plus-de-200-cyclistes-adventistes-traversent-bogota\\\/#primaryimage\"},\"image\":{\"@id\":\"https:\\\/\\\/interamerica.org\\\/fr\\\/2022\\\/03\\\/dans-le-sud-de-la-colombie-plus-de-200-cyclistes-adventistes-traversent-bogota\\\/#primaryimage\"},\"thumbnailUrl\":\"https:\\\/\\\/interamerica.org\\\/wp-content\\\/uploads\\\/2022\\\/03\\\/socu-cyclist-group.jpg\",\"datePublished\":\"2022-03-11T03:50:26+00:00\",\"dateModified\":\"2022-03-11T18:47:43+00:00\",\"author\":{\"@id\":\"https:\\\/\\\/interamerica.org\\\/fr\\\/#\\\/schema\\\/person\\\/29998f2bc2d8bd0d38662909289b54f1\"},\"breadcrumb\":{\"@id\":\"https:\\\/\\\/interamerica.org\\\/fr\\\/2022\\\/03\\\/dans-le-sud-de-la-colombie-plus-de-200-cyclistes-adventistes-traversent-bogota\\\/#breadcrumb\"},\"inLanguage\":\"fr-FR\",\"potentialAction\":[{\"@type\":\"ReadAction\",\"target\":[\"https:\\\/\\\/interamerica.org\\\/fr\\\/2022\\\/03\\\/dans-le-sud-de-la-colombie-plus-de-200-cyclistes-adventistes-traversent-bogota\\\/\"]}]},{\"@type\":\"ImageObject\",\"inLanguage\":\"fr-FR\",\"@id\":\"https:\\\/\\\/interamerica.org\\\/fr\\\/2022\\\/03\\\/dans-le-sud-de-la-colombie-plus-de-200-cyclistes-adventistes-traversent-bogota\\\/#primaryimage\",\"url\":\"https:\\\/\\\/interamerica.org\\\/wp-content\\\/uploads\\\/2022\\\/03\\\/socu-cyclist-group.jpg\",\"contentUrl\":\"https:\\\/\\\/interamerica.org\\\/wp-content\\\/uploads\\\/2022\\\/03\\\/socu-cyclist-group.jpg\",\"width\":1000,\"height\":563,\"caption\":\"[Photo: Union du Sud de la Colombie]\"},{\"@type\":\"BreadcrumbList\",\"@id\":\"https:\\\/\\\/interamerica.org\\\/fr\\\/2022\\\/03\\\/dans-le-sud-de-la-colombie-plus-de-200-cyclistes-adventistes-traversent-bogota\\\/#breadcrumb\",\"itemListElement\":[{\"@type\":\"ListItem\",\"position\":1,\"name\":\"Home\",\"item\":\"https:\\\/\\\/interamerica.org\\\/fr\\\/\"},{\"@type\":\"ListItem\",\"position\":2,\"name\":\"Dans le sud de la Colombie, plus de 200 cyclistes adventistes traversent Bogota\"}]},{\"@type\":\"WebSite\",\"@id\":\"https:\\\/\\\/interamerica.org\\\/fr\\\/#website\",\"url\":\"https:\\\/\\\/interamerica.org\\\/fr\\\/\",\"name\":\"\u00c9glise Adventiste Du Septieme Jour - Inter Am\u00e9rique Division\",\"description\":\"\",\"potentialAction\":[{\"@type\":\"SearchAction\",\"target\":{\"@type\":\"EntryPoint\",\"urlTemplate\":\"https:\\\/\\\/interamerica.org\\\/fr\\\/?s={search_term_string}\"},\"query-input\":{\"@type\":\"PropertyValueSpecification\",\"valueRequired\":true,\"valueName\":\"search_term_string\"}}],\"inLanguage\":\"fr-FR\"},{\"@type\":\"Person\",\"@id\":\"https:\\\/\\\/interamerica.org\\\/fr\\\/#\\\/schema\\\/person\\\/29998f2bc2d8bd0d38662909289b54f1\",\"name\":\"libna\",\"image\":{\"@type\":\"ImageObject\",\"inLanguage\":\"fr-FR\",\"@id\":\"https:\\\/\\\/secure.gravatar.com\\\/avatar\\\/7c5bd30ae4b47a9ba3c856590957fd1d96dc588bf3ac05719d247e126840331f?s=96&d=mm&r=g\",\"url\":\"https:\\\/\\\/secure.gravatar.com\\\/avatar\\\/7c5bd30ae4b47a9ba3c856590957fd1d96dc588bf3ac05719d247e126840331f?s=96&d=mm&r=g\",\"contentUrl\":\"https:\\\/\\\/secure.gravatar.com\\\/avatar\\\/7c5bd30ae4b47a9ba3c856590957fd1d96dc588bf3ac05719d247e126840331f?s=96&d=mm&r=g\",\"caption\":\"libna\"}}]}<\/script>\n<!-- \/ Yoast SEO plugin. -->","yoast_head_json":{"title":"Dans le sud de la Colombie, plus de 200 cyclistes adventistes traversent Bogota - \u00c9glise Adventiste Du Septieme Jour - Inter Am\u00e9rique Division","robots":{"index":"index","follow":"follow","max-snippet":"max-snippet:-1","max-image-preview":"max-image-preview:large","max-video-preview":"max-video-preview:-1"},"canonical":"https:\/\/interamerica.org\/fr\/2022\/03\/dans-le-sud-de-la-colombie-plus-de-200-cyclistes-adventistes-traversent-bogota\/","og_locale":"fr_FR","og_type":"article","og_title":"Dans le sud de la Colombie, plus de 200 cyclistes adventistes traversent Bogota - \u00c9glise Adventiste Du Septieme Jour - Inter Am\u00e9rique Division","og_description":"10 Mars 2022 | Bogota, Colombie | Laura Acosta et Actualit\u00e9s de la Division Inter Am\u00e9ricaine Plus de 200 cyclistes ont parcouru 40 kilom\u00e8tres \u00e0 travers la capitale colombienne pour...","og_url":"https:\/\/interamerica.org\/fr\/2022\/03\/dans-le-sud-de-la-colombie-plus-de-200-cyclistes-adventistes-traversent-bogota\/","og_site_name":"\u00c9glise Adventiste Du Septieme Jour - Inter Am\u00e9rique Division","article_published_time":"2022-03-11T03:50:26+00:00","article_modified_time":"2022-03-11T18:47:43+00:00","og_image":[{"width":1000,"height":563,"url":"https:\/\/interamerica.org\/wp-content\/uploads\/2022\/03\/socu-cyclist-group.jpg","type":"image\/jpeg"}],"author":"libna","twitter_card":"summary_large_image","twitter_misc":{"\u00c9crit par":"libna","Dur\u00e9e de lecture estim\u00e9e":"6 minutes"},"schema":{"@context":"https:\/\/schema.org","@graph":[{"@type":"Article","@id":"https:\/\/interamerica.org\/fr\/2022\/03\/dans-le-sud-de-la-colombie-plus-de-200-cyclistes-adventistes-traversent-bogota\/#article","isPartOf":{"@id":"https:\/\/interamerica.org\/fr\/2022\/03\/dans-le-sud-de-la-colombie-plus-de-200-cyclistes-adventistes-traversent-bogota\/"},"author":{"name":"libna","@id":"https:\/\/interamerica.org\/fr\/#\/schema\/person\/29998f2bc2d8bd0d38662909289b54f1"},"headline":"Dans le sud de la Colombie, plus de 200 cyclistes adventistes traversent Bogota","datePublished":"2022-03-11T03:50:26+00:00","dateModified":"2022-03-11T18:47:43+00:00","mainEntityOfPage":{"@id":"https:\/\/interamerica.org\/fr\/2022\/03\/dans-le-sud-de-la-colombie-plus-de-200-cyclistes-adventistes-traversent-bogota\/"},"wordCount":1259,"image":{"@id":"https:\/\/interamerica.org\/fr\/2022\/03\/dans-le-sud-de-la-colombie-plus-de-200-cyclistes-adventistes-traversent-bogota\/#primaryimage"},"thumbnailUrl":"https:\/\/interamerica.org\/wp-content\/uploads\/2022\/03\/socu-cyclist-group.jpg","articleSection":["Nouvelles du territoire","RSS Fran\u00e7ais"],"inLanguage":"fr-FR"},{"@type":"WebPage","@id":"https:\/\/interamerica.org\/fr\/2022\/03\/dans-le-sud-de-la-colombie-plus-de-200-cyclistes-adventistes-traversent-bogota\/","url":"https:\/\/interamerica.org\/fr\/2022\/03\/dans-le-sud-de-la-colombie-plus-de-200-cyclistes-adventistes-traversent-bogota\/","name":"Dans le sud de la Colombie, plus de 200 cyclistes adventistes traversent Bogota - \u00c9glise Adventiste Du Septieme Jour - Inter Am\u00e9rique Division","isPartOf":{"@id":"https:\/\/interamerica.org\/fr\/#website"},"primaryImageOfPage":{"@id":"https:\/\/interamerica.org\/fr\/2022\/03\/dans-le-sud-de-la-colombie-plus-de-200-cyclistes-adventistes-traversent-bogota\/#primaryimage"},"image":{"@id":"https:\/\/interamerica.org\/fr\/2022\/03\/dans-le-sud-de-la-colombie-plus-de-200-cyclistes-adventistes-traversent-bogota\/#primaryimage"},"thumbnailUrl":"https:\/\/interamerica.org\/wp-content\/uploads\/2022\/03\/socu-cyclist-group.jpg","datePublished":"2022-03-11T03:50:26+00:00","dateModified":"2022-03-11T18:47:43+00:00","author":{"@id":"https:\/\/interamerica.org\/fr\/#\/schema\/person\/29998f2bc2d8bd0d38662909289b54f1"},"breadcrumb":{"@id":"https:\/\/interamerica.org\/fr\/2022\/03\/dans-le-sud-de-la-colombie-plus-de-200-cyclistes-adventistes-traversent-bogota\/#breadcrumb"},"inLanguage":"fr-FR","potentialAction":[{"@type":"ReadAction","target":["https:\/\/interamerica.org\/fr\/2022\/03\/dans-le-sud-de-la-colombie-plus-de-200-cyclistes-adventistes-traversent-bogota\/"]}]},{"@type":"ImageObject","inLanguage":"fr-FR","@id":"https:\/\/interamerica.org\/fr\/2022\/03\/dans-le-sud-de-la-colombie-plus-de-200-cyclistes-adventistes-traversent-bogota\/#primaryimage","url":"https:\/\/interamerica.org\/wp-content\/uploads\/2022\/03\/socu-cyclist-group.jpg","contentUrl":"https:\/\/interamerica.org\/wp-content\/uploads\/2022\/03\/socu-cyclist-group.jpg","width":1000,"height":563,"caption":"[Photo: Union du Sud de la Colombie]"},{"@type":"BreadcrumbList","@id":"https:\/\/interamerica.org\/fr\/2022\/03\/dans-le-sud-de-la-colombie-plus-de-200-cyclistes-adventistes-traversent-bogota\/#breadcrumb","itemListElement":[{"@type":"ListItem","position":1,"name":"Home","item":"https:\/\/interamerica.org\/fr\/"},{"@type":"ListItem","position":2,"name":"Dans le sud de la Colombie, plus de 200 cyclistes adventistes traversent Bogota"}]},{"@type":"WebSite","@id":"https:\/\/interamerica.org\/fr\/#website","url":"https:\/\/interamerica.org\/fr\/","name":"\u00c9glise Adventiste Du Septieme Jour - Inter Am\u00e9rique Division","description":"","potentialAction":[{"@type":"SearchAction","target":{"@type":"EntryPoint","urlTemplate":"https:\/\/interamerica.org\/fr\/?s={search_term_string}"},"query-input":{"@type":"PropertyValueSpecification","valueRequired":true,"valueName":"search_term_string"}}],"inLanguage":"fr-FR"},{"@type":"Person","@id":"https:\/\/interamerica.org\/fr\/#\/schema\/person\/29998f2bc2d8bd0d38662909289b54f1","name":"libna","image":{"@type":"ImageObject","inLanguage":"fr-FR","@id":"https:\/\/secure.gravatar.com\/avatar\/7c5bd30ae4b47a9ba3c856590957fd1d96dc588bf3ac05719d247e126840331f?s=96&d=mm&r=g","url":"https:\/\/secure.gravatar.com\/avatar\/7c5bd30ae4b47a9ba3c856590957fd1d96dc588bf3ac05719d247e126840331f?s=96&d=mm&r=g","contentUrl":"https:\/\/secure.gravatar.com\/avatar\/7c5bd30ae4b47a9ba3c856590957fd1d96dc588bf3ac05719d247e126840331f?s=96&d=mm&r=g","caption":"libna"}}]}},"_links":{"self":[{"href":"https:\/\/interamerica.org\/fr\/wp-json\/wp\/v2\/posts\/82432","targetHints":{"allow":["GET"]}}],"collection":[{"href":"https:\/\/interamerica.org\/fr\/wp-json\/wp\/v2\/posts"}],"about":[{"href":"https:\/\/interamerica.org\/fr\/wp-json\/wp\/v2\/types\/post"}],"author":[{"embeddable":true,"href":"https:\/\/interamerica.org\/fr\/wp-json\/wp\/v2\/users\/3"}],"replies":[{"embeddable":true,"href":"https:\/\/interamerica.org\/fr\/wp-json\/wp\/v2\/comments?post=82432"}],"version-history":[{"count":0,"href":"https:\/\/interamerica.org\/fr\/wp-json\/wp\/v2\/posts\/82432\/revisions"}],"wp:featuredmedia":[{"embeddable":true,"href":"https:\/\/interamerica.org\/fr\/wp-json\/wp\/v2\/media\/82396"}],"wp:attachment":[{"href":"https:\/\/interamerica.org\/fr\/wp-json\/wp\/v2\/media?parent=82432"}],"wp:term":[{"taxonomy":"category","embeddable":true,"href":"https:\/\/interamerica.org\/fr\/wp-json\/wp\/v2\/categories?post=82432"},{"taxonomy":"post_tag","embeddable":true,"href":"https:\/\/interamerica.org\/fr\/wp-json\/wp\/v2\/tags?post=82432"}],"curies":[{"name":"wp","href":"https:\/\/api.w.org\/{rel}","templated":true}]}}